{"id":11751,"date":"2025-11-16T00:50:01","date_gmt":"2025-11-15T23:50:01","guid":{"rendered":"https:\/\/nordnesrepublikken.no\/index.php\/2025\/11\/16\/spania-slar-ned-hunder-uten-munnkurv-star-overfor-forbud-mot-lokalsamfunn\/"},"modified":"2025-11-16T00:50:04","modified_gmt":"2025-11-15T23:50:04","slug":"spania-slar-ned-hunder-uten-munnkurv-star-overfor-forbud-mot-lokalsamfunn","status":"publish","type":"post","link":"https:\/\/nordnesrepublikken.no\/index.php\/2025\/11\/16\/spania-slar-ned-hunder-uten-munnkurv-star-overfor-forbud-mot-lokalsamfunn\/","title":{"rendered":"Spania sl\u00e5r ned: Hunder uten munnkurv st\u00e5r overfor forbud mot lokalsamfunn"},"content":{"rendered":"<p><\/p>\n<div class=\"wordpress-content\">\n                    <!-- Article Start --><\/p>\n<p class=\"p2\"><strong>En nylig b\u00f8lge av offentlig interesse har sentrert seg om hva spansk lov faktisk sier om \u00e5 ta en hund uten munnkurv inn i fellesomr\u00e5der i en boligbygning. Selv om Spania ikke har en nasjonal lov som p\u00e5legger alle hunder \u00e5 ha munnkurv, har det dukket opp en viktig avklaring: fellesskap av eiendomseiere kan motsette seg eller begrense en nabos oppf\u00f8rsel n\u00e5r den anses som farlig, skadelig eller forstyrrende, i henhold til artikkel 7.2 i lov om horisontal eiendom eller Ley de Propiedad Horisontal (LPH).<\/strong><\/p>\n<p class=\"p2\">Denne artikkelen tillater et fellesskap \u00e5 gripe inn n\u00e5r en beboers handlinger \u00abresulterer i irritasjon, fare eller skade\u00bb for andre naboer. I praksis bemerker juridiske eksperter at dette inkluderer situasjoner der en hund, spesielt en hund som anses som potensielt farlig eller engstelig, g\u00e5r inn i heiser, korridorer, garasjer, hager eller andre delte omr\u00e5der uten munnkurv og for\u00e5rsaker frykt eller risiko for andre.<\/p>\n<p class=\"p2\">Mens LPH ikke eksplisitt refererer til hunder eller snuter, har domstoler historisk bekreftet bruken i tvister som involverer dyr i fellesomr\u00e5der. Samfunn kan kreve atferdsendringer, p\u00e5legge interne forskrifter som krever munnkurv, eller i ekstreme tilfeller ta eieren for retten hvis de gjentatte ganger nekter \u00e5 etterkomme.<\/p>\n<div class=\"sra_unit\"><link rel=\"stylesheet\" id=\"block-sra\" href=\"https:\/\/euroweeklynews.com\/wp-content\/plugins\/snack-related-articles\/dist\/css\/snack-related.min.css?250312-193541\" type=\"text\/css\" media=\"all\">\n<\/div>\n<h2 class=\"p3\"><b>Samfunnsmyndighet til \u00e5 regulere kj\u00e6ledyr<\/b><\/h2>\n<h3 class=\"p4\"><b>Interne regler, b\u00f8ter og h\u00e5ndhevingsmekanismer<\/b><\/h3>\n<p class=\"p2\">I henhold til eksisterende spansk lovgivning har eierfellesskap betydelig makt til \u00e5 regulere bruken av delte rom. LPH tillater dem \u00e5 etablere interne regler for kj\u00e6ledyr, inkludert n\u00e5r hunder m\u00e5 v\u00e6re i snor, hvor de kan g\u00e5, og om de krever snute i fellessoner. Disse reglene skal godkjennes av samfunnsforsamlingen og formidles til alle beboere.<\/p>\n<p class=\"p2\">Hvis en nabo ignorerer disse reglene og oppf\u00f8rselen anses som farlig eller forstyrrende, kan fellesskapets president formelt advare beboeren. Hvis oppf\u00f8rselen fortsetter, autoriserer artikkel 7.2 LPH fellesskapet til \u00e5 starte rettslige skritt, som kan eskalere til \u00e5 be domstolene om \u00e5 beordre opph\u00f8r av atferden. I ekstreme og sjeldne tilfeller kan domstolene til og med begrense en nabos bruk av eiendommen deres midlertidig hvis oppf\u00f8rselen er vedvarende og alvorlig.<\/p>\n<h2 class=\"p3\"><b>Praktisk innvirkning for innbyggere i Spania<\/b><\/h2>\n<h3 class=\"p4\"><b>Hva hundeeiere trenger \u00e5 vite fra dag til dag<\/b><\/h3>\n<p class=\"p2\">For de fleste spanske innbyggere betyr denne avklaringen at selv om nasjonal lov ikke p\u00e5legger et universelt krav om munning, kan lokalsamfunnets regler h\u00e5ndheve et lovlig krav. Byg\u00e5rder, urbanisasjoner og inngjerdede komplekser har rett til \u00e5 innf\u00f8re forskrifter basert p\u00e5 sikkerhet og sameksistens.<\/p>\n<p class=\"p2\">Hvis en bygning bestemmer at alle store raser, reaktive hunder eller spesifikke enkeltdyr m\u00e5 bruke munnkurv i fellesrom, har disse reglene juridisk vekt, forutsatt at de er korrekt godkjent og forholdsmessig. Hundeeiere som ikke overholder dette, kan m\u00f8te fellesskapsklager eller rettslige skritt.<\/p>\n<h3 class=\"p3\"><b>N\u00f8kkelpunkter<\/b><\/h3>\n<ul class=\"ul1\">\n<li class=\"li2\">Eierfellesskap kan lovlig h\u00e5ndheve munningskrav i fellesomr\u00e5der hvis det er berettiget i henhold til artikkel 7.2 i LPH.<\/li>\n<li class=\"li2\">En hund uten snute kan betraktes som en &laquo;fare eller irritasjon&raquo;, slik at et fellesskap kan gripe inn.<\/li>\n<li class=\"li2\">Nasjonal lov krever ikke at alle hunder skal ha munnkurv, regulering avhenger av raselover og fellesskapsregler.<\/li>\n<\/ul>\n<h2 class=\"p3\"><b>Implikasjoner for expats og utenlandske eiendomseiere<\/b><\/h2>\n<h3 class=\"p4\"><b>Forst\u00e5 lokale regler og unng\u00e5 juridiske problemer<\/b><\/h3>\n<p class=\"p2\">For expats som bor i Spania, spesielt de som er vant til forskjellige kj\u00e6ledyrforskrifter i Storbritannia eller Nord-Europa, er avklaringen spesielt viktig. Mange utenlandske innbyggere antar at snuteregler er standardisert over hele landet, men i Spania varierer kj\u00e6ledyrforskriftene ofte ikke bare etter autonom region, men etter bygning eller urbanisering.<\/p>\n<p class=\"p2\">Expats som leier eller kj\u00f8per eiendom r\u00e5des til \u00e5 n\u00f8ye gjennomg\u00e5 estatutos og normas internas i samfunnet deres. Disse dokumentene kan inneholde spesifikke kj\u00e6ledyrregler som avviker vesentlig fra lokale r\u00e5dsforskrifter. Manglende overholdelse kan f\u00f8re til spenninger med naboer, offisielle advarsler eller til og med rettslige prosesser hvis tvister eskalerer.<\/p>\n<p class=\"p2\">For de med store eller reaktive hunder er det viktig \u00e5 forst\u00e5 bygningens retningslinjer f\u00f8r de flytter inn. Samfunn som tidligere har opplevd hendelser kan ha strengere regler p\u00e5 plass, inkludert obligatoriske munnkurv, heisrestriksjoner eller utpekte kj\u00e6ledyrruter.<\/p>\n<h2 class=\"p3\"><b>En klarere fremtid for sameksistens<\/b><\/h2>\n<h3 class=\"p4\"><b>Balanserer sikkerhet, rettigheter og fellesskapsharmoni<\/b><\/h3>\n<p class=\"p2\">Selv om LPH ikke oppretter nye forpliktelser for hundeeiere, gir dens avklaring samfunn med fast juridisk grunnlag for \u00e5 regulere atferd som kan sette andre i fare eller forstyrre. Ettersom flere spanjoler bor i delte boligmilj\u00f8er, tar disse tiltakene sikte p\u00e5 \u00e5 balansere ansvarlig kj\u00e6ledyreierskap med sameksistens i nabolandet.<\/p>\n<p class=\"p2\">Hvis det administreres transparent og h\u00e5ndheves rettferdig, gir rammeverket en klarere vei for \u00e5 l\u00f8se tvister, og sikrer sikkerhet uten \u00e5 undergrave rettighetene til beboere eller deres kj\u00e6ledyr.<\/p>\n<p>                    <!-- Originally published at https:\/\/euroweeklynews.com\/2025\/11\/15\/spain-cracks-down-dogs-without-muzzles-face-community-ban\/ on 15 Nov 2025 at 20:29 by Molly Grace --><br \/>\n                    <!-- Article End -->\n                <\/div>\n","protected":false},"excerpt":{"rendered":"<p>En nylig b\u00f8lge av offentlig interesse har sentrert seg om hva spansk lov faktisk sier<\/p>\n","protected":false},"author":1,"featured_media":11752,"comment_status":"closed","ping_status":"open","sticky":false,"template":"","format":"standard","meta":{"footnotes":""},"categories":[105],"tags":[4103,1138,7732,152,7731,324,387,3677,529,386,684],"class_list":["post-11751","post","type-post","status-publish","format-standard","has-post-thumbnail","hentry","category-livsstil","tag-forbud","tag-hunder","tag-lokalsamfunn","tag-mot","tag-munnkurv","tag-ned","tag-overfor","tag-slar","tag-spania","tag-star","tag-uten","generate-columns","tablet-grid-50","mobile-grid-100","grid-parent","grid-33","resize-featured-image"],"yoast_head":"<!-- This site is optimized with the Yoast SEO plugin v24.4 - https:\/\/yoast.com\/wordpress\/plugins\/seo\/ -->\n<title>Spania sl\u00e5r ned: Hunder uten munnkurv st\u00e5r overfor forbud mot lokalsamfunn - Nordnesrepublikken<\/title>\n<meta name=\"robots\" content=\"index, follow, max-snippet:-1, max-image-preview:large, max-video-preview:-1\" \/>\n<link rel=\"canonical\" href=\"https:\/\/nordnesrepublikken.no\/index.php\/2025\/11\/16\/spania-slar-ned-hunder-uten-munnkurv-star-overfor-forbud-mot-lokalsamfunn\/\" \/>\n<meta property=\"og:locale\" content=\"nb_NO\" \/>\n<meta property=\"og:type\" content=\"article\" \/>\n<meta property=\"og:title\" content=\"Spania sl\u00e5r ned: Hunder uten munnkurv st\u00e5r overfor forbud mot lokalsamfunn - Nordnesrepublikken\" \/>\n<meta property=\"og:description\" content=\"En nylig b\u00f8lge av offentlig interesse har sentrert seg om hva spansk lov faktisk sier\" \/>\n<meta property=\"og:url\" content=\"https:\/\/nordnesrepublikken.no\/index.php\/2025\/11\/16\/spania-slar-ned-hunder-uten-munnkurv-star-overfor-forbud-mot-lokalsamfunn\/\" \/>\n<meta property=\"og:site_name\" content=\"Nordnesrepublikken\" \/>\n<meta property=\"article:published_time\" content=\"2025-11-15T23:50:01+00:00\" \/>\n<meta property=\"article:modified_time\" content=\"2025-11-15T23:50:04+00:00\" \/>\n<meta property=\"og:image\" content=\"https:\/\/nordnesrepublikken.no\/wp-content\/uploads\/2025\/11\/1763250602_Spania-slar-ned-Hunder-uten-munnkurv-star-overfor-forbud-mot.jpg\" \/>\n\t<meta property=\"og:image:width\" content=\"1200\" \/>\n\t<meta property=\"og:image:height\" content=\"960\" \/>\n\t<meta property=\"og:image:type\" content=\"image\/jpeg\" \/>\n<meta name=\"author\" content=\"Ole Andersen\" \/>\n<meta name=\"twitter:card\" content=\"summary_large_image\" \/>\n<meta name=\"twitter:label1\" content=\"Skrevet av\" \/>\n\t<meta name=\"twitter:data1\" content=\"Ole Andersen\" \/>\n\t<meta name=\"twitter:label2\" content=\"Ansl. lesetid\" \/>\n\t<meta name=\"twitter:data2\" content=\"4 minutter\" \/>\n<script type=\"application\/ld+json\" class=\"yoast-schema-graph\">{\"@context\":\"https:\/\/schema.org\",\"@graph\":[{\"@type\":\"Article\",\"@id\":\"https:\/\/nordnesrepublikken.no\/index.php\/2025\/11\/16\/spania-slar-ned-hunder-uten-munnkurv-star-overfor-forbud-mot-lokalsamfunn\/#article\",\"isPartOf\":{\"@id\":\"https:\/\/nordnesrepublikken.no\/index.php\/2025\/11\/16\/spania-slar-ned-hunder-uten-munnkurv-star-overfor-forbud-mot-lokalsamfunn\/\"},\"author\":{\"name\":\"Ole Andersen\",\"@id\":\"https:\/\/nordnesrepublikken.no\/#\/schema\/person\/2e7e81935bab77882fffb79296240ff1\"},\"headline\":\"Spania sl\u00e5r ned: Hunder uten munnkurv st\u00e5r overfor forbud mot lokalsamfunn\",\"datePublished\":\"2025-11-15T23:50:01+00:00\",\"dateModified\":\"2025-11-15T23:50:04+00:00\",\"mainEntityOfPage\":{\"@id\":\"https:\/\/nordnesrepublikken.no\/index.php\/2025\/11\/16\/spania-slar-ned-hunder-uten-munnkurv-star-overfor-forbud-mot-lokalsamfunn\/\"},\"wordCount\":752,\"publisher\":{\"@id\":\"https:\/\/nordnesrepublikken.no\/#organization\"},\"image\":{\"@id\":\"https:\/\/nordnesrepublikken.no\/index.php\/2025\/11\/16\/spania-slar-ned-hunder-uten-munnkurv-star-overfor-forbud-mot-lokalsamfunn\/#primaryimage\"},\"thumbnailUrl\":\"https:\/\/nordnesrepublikken.no\/wp-content\/uploads\/2025\/11\/1763250602_Spania-slar-ned-Hunder-uten-munnkurv-star-overfor-forbud-mot.jpg\",\"keywords\":[\"forbud\",\"Hunder\",\"lokalsamfunn\",\"mot\",\"munnkurv\",\"ned\",\"overfor\",\"sl\u00e5r\",\"Spania\",\"st\u00e5r\",\"uten\"],\"articleSection\":[\"Livsstil\"],\"inLanguage\":\"nb-NO\"},{\"@type\":\"WebPage\",\"@id\":\"https:\/\/nordnesrepublikken.no\/index.php\/2025\/11\/16\/spania-slar-ned-hunder-uten-munnkurv-star-overfor-forbud-mot-lokalsamfunn\/\",\"url\":\"https:\/\/nordnesrepublikken.no\/index.php\/2025\/11\/16\/spania-slar-ned-hunder-uten-munnkurv-star-overfor-forbud-mot-lokalsamfunn\/\",\"name\":\"Spania sl\u00e5r ned: Hunder uten munnkurv st\u00e5r overfor forbud mot lokalsamfunn - Nordnesrepublikken\",\"isPartOf\":{\"@id\":\"https:\/\/nordnesrepublikken.no\/#website\"},\"primaryImageOfPage\":{\"@id\":\"https:\/\/nordnesrepublikken.no\/index.php\/2025\/11\/16\/spania-slar-ned-hunder-uten-munnkurv-star-overfor-forbud-mot-lokalsamfunn\/#primaryimage\"},\"image\":{\"@id\":\"https:\/\/nordnesrepublikken.no\/index.php\/2025\/11\/16\/spania-slar-ned-hunder-uten-munnkurv-star-overfor-forbud-mot-lokalsamfunn\/#primaryimage\"},\"thumbnailUrl\":\"https:\/\/nordnesrepublikken.no\/wp-content\/uploads\/2025\/11\/1763250602_Spania-slar-ned-Hunder-uten-munnkurv-star-overfor-forbud-mot.jpg\",\"datePublished\":\"2025-11-15T23:50:01+00:00\",\"dateModified\":\"2025-11-15T23:50:04+00:00\",\"breadcrumb\":{\"@id\":\"https:\/\/nordnesrepublikken.no\/index.php\/2025\/11\/16\/spania-slar-ned-hunder-uten-munnkurv-star-overfor-forbud-mot-lokalsamfunn\/#breadcrumb\"},\"inLanguage\":\"nb-NO\",\"potentialAction\":[{\"@type\":\"ReadAction\",\"target\":[\"https:\/\/nordnesrepublikken.no\/index.php\/2025\/11\/16\/spania-slar-ned-hunder-uten-munnkurv-star-overfor-forbud-mot-lokalsamfunn\/\"]}]},{\"@type\":\"ImageObject\",\"inLanguage\":\"nb-NO\",\"@id\":\"https:\/\/nordnesrepublikken.no\/index.php\/2025\/11\/16\/spania-slar-ned-hunder-uten-munnkurv-star-overfor-forbud-mot-lokalsamfunn\/#primaryimage\",\"url\":\"https:\/\/nordnesrepublikken.no\/wp-content\/uploads\/2025\/11\/1763250602_Spania-slar-ned-Hunder-uten-munnkurv-star-overfor-forbud-mot.jpg\",\"contentUrl\":\"https:\/\/nordnesrepublikken.no\/wp-content\/uploads\/2025\/11\/1763250602_Spania-slar-ned-Hunder-uten-munnkurv-star-overfor-forbud-mot.jpg\",\"width\":1200,\"height\":960,\"caption\":\"Spania sl\u00e5r ned: Hunder uten munnkurv st\u00e5r overfor forbud mot lokalsamfunn\"},{\"@type\":\"BreadcrumbList\",\"@id\":\"https:\/\/nordnesrepublikken.no\/index.php\/2025\/11\/16\/spania-slar-ned-hunder-uten-munnkurv-star-overfor-forbud-mot-lokalsamfunn\/#breadcrumb\",\"itemListElement\":[{\"@type\":\"ListItem\",\"position\":1,\"name\":\"Home\",\"item\":\"https:\/\/nordnesrepublikken.no\/\"},{\"@type\":\"ListItem\",\"position\":2,\"name\":\"Spania sl\u00e5r ned: Hunder uten munnkurv st\u00e5r overfor forbud mot lokalsamfunn\"}]},{\"@type\":\"WebSite\",\"@id\":\"https:\/\/nordnesrepublikken.no\/#website\",\"url\":\"https:\/\/nordnesrepublikken.no\/\",\"name\":\"Nordnesrepublikken\",\"description\":\"Stemmer og Visjoner fra Republikkens Hjerte\",\"publisher\":{\"@id\":\"https:\/\/nordnesrepublikken.no\/#organization\"},\"potentialAction\":[{\"@type\":\"SearchAction\",\"target\":{\"@type\":\"EntryPoint\",\"urlTemplate\":\"https:\/\/nordnesrepublikken.no\/?s={search_term_string}\"},\"query-input\":{\"@type\":\"PropertyValueSpecification\",\"valueRequired\":true,\"valueName\":\"search_term_string\"}}],\"inLanguage\":\"nb-NO\"},{\"@type\":\"Organization\",\"@id\":\"https:\/\/nordnesrepublikken.no\/#organization\",\"name\":\"Nordnesrepublikken\",\"url\":\"https:\/\/nordnesrepublikken.no\/\",\"logo\":{\"@type\":\"ImageObject\",\"inLanguage\":\"nb-NO\",\"@id\":\"https:\/\/nordnesrepublikken.no\/#\/schema\/logo\/image\/\",\"url\":\"https:\/\/nordnesrepublikken.no\/wp-content\/uploads\/2025\/02\/cropped-nordnesrepublikken-2.png\",\"contentUrl\":\"https:\/\/nordnesrepublikken.no\/wp-content\/uploads\/2025\/02\/cropped-nordnesrepublikken-2.png\",\"width\":1248,\"height\":362,\"caption\":\"Nordnesrepublikken\"},\"image\":{\"@id\":\"https:\/\/nordnesrepublikken.no\/#\/schema\/logo\/image\/\"}},{\"@type\":\"Person\",\"@id\":\"https:\/\/nordnesrepublikken.no\/#\/schema\/person\/2e7e81935bab77882fffb79296240ff1\",\"name\":\"Ole Andersen\",\"image\":{\"@type\":\"ImageObject\",\"inLanguage\":\"nb-NO\",\"@id\":\"https:\/\/nordnesrepublikken.no\/#\/schema\/person\/image\/\",\"url\":\"https:\/\/nordnesrepublikken.no\/wp-content\/uploads\/2025\/02\/nordnesrepublikken-2-2-150x150.jpg\",\"contentUrl\":\"https:\/\/nordnesrepublikken.no\/wp-content\/uploads\/2025\/02\/nordnesrepublikken-2-2-150x150.jpg\",\"caption\":\"Ole Andersen\"},\"description\":\"Ettersom jeg vokste opp i Oslo, har jeg alltid v\u00e6rt fascinert av ordenes kraft og deres evne til \u00e5 skape endringer. Etter \u00e5 ha fullf\u00f8rt min utdannelse i kommunikasjon ved Universitetet i Bergen, fikk jeg muligheten til \u00e5 jobbe innen ulike medier, der jeg har s\u00f8kt \u00e5 belyse viktige samfunnssp\u00f8rsm\u00e5l. I dag, som redakt\u00f8r for Nordnesrepublikken, pr\u00f8ver jeg \u00e5 forene min kj\u00e6rlighet for journalistikk med min lidenskap for innovasjon og eventyr.\",\"sameAs\":[\"https:\/\/nordnesrepublikken.no\/\"]}]}<\/script>\n<!-- \/ Yoast SEO plugin. -->","yoast_head_json":{"title":"Spania sl\u00e5r ned: Hunder uten munnkurv st\u00e5r overfor forbud mot lokalsamfunn - Nordnesrepublikken","robots":{"index":"index","follow":"follow","max-snippet":"max-snippet:-1","max-image-preview":"max-image-preview:large","max-video-preview":"max-video-preview:-1"},"canonical":"https:\/\/nordnesrepublikken.no\/index.php\/2025\/11\/16\/spania-slar-ned-hunder-uten-munnkurv-star-overfor-forbud-mot-lokalsamfunn\/","og_locale":"nb_NO","og_type":"article","og_title":"Spania sl\u00e5r ned: Hunder uten munnkurv st\u00e5r overfor forbud mot lokalsamfunn - Nordnesrepublikken","og_description":"En nylig b\u00f8lge av offentlig interesse har sentrert seg om hva spansk lov faktisk sier","og_url":"https:\/\/nordnesrepublikken.no\/index.php\/2025\/11\/16\/spania-slar-ned-hunder-uten-munnkurv-star-overfor-forbud-mot-lokalsamfunn\/","og_site_name":"Nordnesrepublikken","article_published_time":"2025-11-15T23:50:01+00:00","article_modified_time":"2025-11-15T23:50:04+00:00","og_image":[{"width":1200,"height":960,"url":"https:\/\/nordnesrepublikken.no\/wp-content\/uploads\/2025\/11\/1763250602_Spania-slar-ned-Hunder-uten-munnkurv-star-overfor-forbud-mot.jpg","type":"image\/jpeg"}],"author":"Ole Andersen","twitter_card":"summary_large_image","twitter_misc":{"Skrevet av":"Ole Andersen","Ansl. lesetid":"4 minutter"},"schema":{"@context":"https:\/\/schema.org","@graph":[{"@type":"Article","@id":"https:\/\/nordnesrepublikken.no\/index.php\/2025\/11\/16\/spania-slar-ned-hunder-uten-munnkurv-star-overfor-forbud-mot-lokalsamfunn\/#article","isPartOf":{"@id":"https:\/\/nordnesrepublikken.no\/index.php\/2025\/11\/16\/spania-slar-ned-hunder-uten-munnkurv-star-overfor-forbud-mot-lokalsamfunn\/"},"author":{"name":"Ole Andersen","@id":"https:\/\/nordnesrepublikken.no\/#\/schema\/person\/2e7e81935bab77882fffb79296240ff1"},"headline":"Spania sl\u00e5r ned: Hunder uten munnkurv st\u00e5r overfor forbud mot lokalsamfunn","datePublished":"2025-11-15T23:50:01+00:00","dateModified":"2025-11-15T23:50:04+00:00","mainEntityOfPage":{"@id":"https:\/\/nordnesrepublikken.no\/index.php\/2025\/11\/16\/spania-slar-ned-hunder-uten-munnkurv-star-overfor-forbud-mot-lokalsamfunn\/"},"wordCount":752,"publisher":{"@id":"https:\/\/nordnesrepublikken.no\/#organization"},"image":{"@id":"https:\/\/nordnesrepublikken.no\/index.php\/2025\/11\/16\/spania-slar-ned-hunder-uten-munnkurv-star-overfor-forbud-mot-lokalsamfunn\/#primaryimage"},"thumbnailUrl":"https:\/\/nordnesrepublikken.no\/wp-content\/uploads\/2025\/11\/1763250602_Spania-slar-ned-Hunder-uten-munnkurv-star-overfor-forbud-mot.jpg","keywords":["forbud","Hunder","lokalsamfunn","mot","munnkurv","ned","overfor","sl\u00e5r","Spania","st\u00e5r","uten"],"articleSection":["Livsstil"],"inLanguage":"nb-NO"},{"@type":"WebPage","@id":"https:\/\/nordnesrepublikken.no\/index.php\/2025\/11\/16\/spania-slar-ned-hunder-uten-munnkurv-star-overfor-forbud-mot-lokalsamfunn\/","url":"https:\/\/nordnesrepublikken.no\/index.php\/2025\/11\/16\/spania-slar-ned-hunder-uten-munnkurv-star-overfor-forbud-mot-lokalsamfunn\/","name":"Spania sl\u00e5r ned: Hunder uten munnkurv st\u00e5r overfor forbud mot lokalsamfunn - Nordnesrepublikken","isPartOf":{"@id":"https:\/\/nordnesrepublikken.no\/#website"},"primaryImageOfPage":{"@id":"https:\/\/nordnesrepublikken.no\/index.php\/2025\/11\/16\/spania-slar-ned-hunder-uten-munnkurv-star-overfor-forbud-mot-lokalsamfunn\/#primaryimage"},"image":{"@id":"https:\/\/nordnesrepublikken.no\/index.php\/2025\/11\/16\/spania-slar-ned-hunder-uten-munnkurv-star-overfor-forbud-mot-lokalsamfunn\/#primaryimage"},"thumbnailUrl":"https:\/\/nordnesrepublikken.no\/wp-content\/uploads\/2025\/11\/1763250602_Spania-slar-ned-Hunder-uten-munnkurv-star-overfor-forbud-mot.jpg","datePublished":"2025-11-15T23:50:01+00:00","dateModified":"2025-11-15T23:50:04+00:00","breadcrumb":{"@id":"https:\/\/nordnesrepublikken.no\/index.php\/2025\/11\/16\/spania-slar-ned-hunder-uten-munnkurv-star-overfor-forbud-mot-lokalsamfunn\/#breadcrumb"},"inLanguage":"nb-NO","potentialAction":[{"@type":"ReadAction","target":["https:\/\/nordnesrepublikken.no\/index.php\/2025\/11\/16\/spania-slar-ned-hunder-uten-munnkurv-star-overfor-forbud-mot-lokalsamfunn\/"]}]},{"@type":"ImageObject","inLanguage":"nb-NO","@id":"https:\/\/nordnesrepublikken.no\/index.php\/2025\/11\/16\/spania-slar-ned-hunder-uten-munnkurv-star-overfor-forbud-mot-lokalsamfunn\/#primaryimage","url":"https:\/\/nordnesrepublikken.no\/wp-content\/uploads\/2025\/11\/1763250602_Spania-slar-ned-Hunder-uten-munnkurv-star-overfor-forbud-mot.jpg","contentUrl":"https:\/\/nordnesrepublikken.no\/wp-content\/uploads\/2025\/11\/1763250602_Spania-slar-ned-Hunder-uten-munnkurv-star-overfor-forbud-mot.jpg","width":1200,"height":960,"caption":"Spania sl\u00e5r ned: Hunder uten munnkurv st\u00e5r overfor forbud mot lokalsamfunn"},{"@type":"BreadcrumbList","@id":"https:\/\/nordnesrepublikken.no\/index.php\/2025\/11\/16\/spania-slar-ned-hunder-uten-munnkurv-star-overfor-forbud-mot-lokalsamfunn\/#breadcrumb","itemListElement":[{"@type":"ListItem","position":1,"name":"Home","item":"https:\/\/nordnesrepublikken.no\/"},{"@type":"ListItem","position":2,"name":"Spania sl\u00e5r ned: Hunder uten munnkurv st\u00e5r overfor forbud mot lokalsamfunn"}]},{"@type":"WebSite","@id":"https:\/\/nordnesrepublikken.no\/#website","url":"https:\/\/nordnesrepublikken.no\/","name":"Nordnesrepublikken","description":"Stemmer og Visjoner fra Republikkens Hjerte","publisher":{"@id":"https:\/\/nordnesrepublikken.no\/#organization"},"potentialAction":[{"@type":"SearchAction","target":{"@type":"EntryPoint","urlTemplate":"https:\/\/nordnesrepublikken.no\/?s={search_term_string}"},"query-input":{"@type":"PropertyValueSpecification","valueRequired":true,"valueName":"search_term_string"}}],"inLanguage":"nb-NO"},{"@type":"Organization","@id":"https:\/\/nordnesrepublikken.no\/#organization","name":"Nordnesrepublikken","url":"https:\/\/nordnesrepublikken.no\/","logo":{"@type":"ImageObject","inLanguage":"nb-NO","@id":"https:\/\/nordnesrepublikken.no\/#\/schema\/logo\/image\/","url":"https:\/\/nordnesrepublikken.no\/wp-content\/uploads\/2025\/02\/cropped-nordnesrepublikken-2.png","contentUrl":"https:\/\/nordnesrepublikken.no\/wp-content\/uploads\/2025\/02\/cropped-nordnesrepublikken-2.png","width":1248,"height":362,"caption":"Nordnesrepublikken"},"image":{"@id":"https:\/\/nordnesrepublikken.no\/#\/schema\/logo\/image\/"}},{"@type":"Person","@id":"https:\/\/nordnesrepublikken.no\/#\/schema\/person\/2e7e81935bab77882fffb79296240ff1","name":"Ole Andersen","image":{"@type":"ImageObject","inLanguage":"nb-NO","@id":"https:\/\/nordnesrepublikken.no\/#\/schema\/person\/image\/","url":"https:\/\/nordnesrepublikken.no\/wp-content\/uploads\/2025\/02\/nordnesrepublikken-2-2-150x150.jpg","contentUrl":"https:\/\/nordnesrepublikken.no\/wp-content\/uploads\/2025\/02\/nordnesrepublikken-2-2-150x150.jpg","caption":"Ole Andersen"},"description":"Ettersom jeg vokste opp i Oslo, har jeg alltid v\u00e6rt fascinert av ordenes kraft og deres evne til \u00e5 skape endringer. Etter \u00e5 ha fullf\u00f8rt min utdannelse i kommunikasjon ved Universitetet i Bergen, fikk jeg muligheten til \u00e5 jobbe innen ulike medier, der jeg har s\u00f8kt \u00e5 belyse viktige samfunnssp\u00f8rsm\u00e5l. I dag, som redakt\u00f8r for Nordnesrepublikken, pr\u00f8ver jeg \u00e5 forene min kj\u00e6rlighet for journalistikk med min lidenskap for innovasjon og eventyr.","sameAs":["https:\/\/nordnesrepublikken.no\/"]}]}},"_links":{"self":[{"href":"https:\/\/nordnesrepublikken.no\/index.php\/wp-json\/wp\/v2\/posts\/11751","targetHints":{"allow":["GET"]}}],"collection":[{"href":"https:\/\/nordnesrepublikken.no\/index.php\/wp-json\/wp\/v2\/posts"}],"about":[{"href":"https:\/\/nordnesrepublikken.no\/index.php\/wp-json\/wp\/v2\/types\/post"}],"author":[{"embeddable":true,"href":"https:\/\/nordnesrepublikken.no\/index.php\/wp-json\/wp\/v2\/users\/1"}],"replies":[{"embeddable":true,"href":"https:\/\/nordnesrepublikken.no\/index.php\/wp-json\/wp\/v2\/comments?post=11751"}],"version-history":[{"count":1,"href":"https:\/\/nordnesrepublikken.no\/index.php\/wp-json\/wp\/v2\/posts\/11751\/revisions"}],"predecessor-version":[{"id":11753,"href":"https:\/\/nordnesrepublikken.no\/index.php\/wp-json\/wp\/v2\/posts\/11751\/revisions\/11753"}],"wp:featuredmedia":[{"embeddable":true,"href":"https:\/\/nordnesrepublikken.no\/index.php\/wp-json\/wp\/v2\/media\/11752"}],"wp:attachment":[{"href":"https:\/\/nordnesrepublikken.no\/index.php\/wp-json\/wp\/v2\/media?parent=11751"}],"wp:term":[{"taxonomy":"category","embeddable":true,"href":"https:\/\/nordnesrepublikken.no\/index.php\/wp-json\/wp\/v2\/categories?post=11751"},{"taxonomy":"post_tag","embeddable":true,"href":"https:\/\/nordnesrepublikken.no\/index.php\/wp-json\/wp\/v2\/tags?post=11751"}],"curies":[{"name":"wp","href":"https:\/\/api.w.org\/{rel}","templated":true}]}}