{"id":11718,"date":"2025-11-15T03:50:45","date_gmt":"2025-11-15T02:50:45","guid":{"rendered":"https:\/\/nordnesrepublikken.no\/index.php\/2025\/11\/15\/asymptomatiske-h5n1-infeksjoner-bekreftet-i-global-gjennomgang-da-spania-oker-overvakingen\/"},"modified":"2025-11-15T03:50:47","modified_gmt":"2025-11-15T02:50:47","slug":"asymptomatiske-h5n1-infeksjoner-bekreftet-i-global-gjennomgang-da-spania-oker-overvakingen","status":"publish","type":"post","link":"https:\/\/nordnesrepublikken.no\/index.php\/2025\/11\/15\/asymptomatiske-h5n1-infeksjoner-bekreftet-i-global-gjennomgang-da-spania-oker-overvakingen\/","title":{"rendered":"Asymptomatiske H5N1-infeksjoner bekreftet i global gjennomgang da Spania \u00f8ker overv\u00e5kingen"},"content":{"rendered":"<p><\/p>\n<div class=\"wordpress-content\">\n                    <!-- Article Start --><\/p>\n<p>En nylig JAMA Network Open-gjennomgang bekreftet det <strong>asymptomatiske infeksjoner hos mennesker med h\u00f8ypatogen H5N1 (fugleinfluensa) er sjeldne, men mulige<\/strong>identifiserende <strong>18 saker over hele verden<\/strong>.<\/p>\n<p>Spania fortsetter \u00e5 h\u00e5ndtere fj\u00f8rfeutbrudd, inkludert avliving av 450 000 h\u00f8ner i Madrid og p\u00e5g\u00e5ende offentlig bekymring for produktsikkerhet, med veiledning som hvordan man oppdager tegn p\u00e5 fugleinfluensa i egg.<\/p>\n<h2><strong>18 symptomfrie H5N1 fugleinfluensatilfeller identifisert hos mennesker <\/strong><\/h2>\n<p>If\u00f8lge studien screenet forskere 1567 rapporter, og begrenset dem til 10 publikasjoner som til sammen bekreftet 18 asymptomatiske H5N1-infeksjoner.<br \/>\nDisse inkluderte:<\/p>\n<div class=\"sra_unit\"><link rel=\"stylesheet\" id=\"block-sra\" href=\"https:\/\/euroweeklynews.com\/wp-content\/plugins\/snack-related-articles\/dist\/css\/snack-related.min.css?250312-193541\" type=\"text\/css\" media=\"all\">\n<\/div>\n<ul>\n<li>2 tilfeller bekreftet av b\u00e5de molekyl\u00e6r og serologisk testing (MSC)<\/li>\n<li>16 tilfeller bekreftet ved molekyl\u00e6r testing alene (MC)<\/li>\n<\/ul>\n<p>De to MSC-tilfellene skjedde i Pakistan og Vietnam, begge oppdaget under unders\u00f8kelser av husholdninger med bekreftede H5N1-infeksjoner. Forfatterne rapporterer at &laquo;ingen av MSC-pasientene brukte personlig verneutstyr&raquo; mens de ble utsatt for infiserte familiemedlemmer eller fj\u00f8rfe.<\/p>\n<p>De resterende 16 tilfellene (14 voksne, to barn) ble f\u00f8rst og fremst oppdaget gjennom \u00f8kt overv\u00e5king av personer utsatt for infisert fj\u00f8rfe i Bangladesh, Spania og Storbritannia.<\/p>\n<p>Gjennomgangen bemerker at to spanske fj\u00e6rfearbeidere testet positivt med h\u00f8ye syklusterskelverdier, noe som antyder \u2013 if\u00f8lge forfatterne \u2013 at p\u00e5visningene kan reflektere &laquo;mulig milj\u00f8forurensning snarere enn ekte infeksjon.&raquo;<\/p>\n<h2><strong>Hvorfor asymptomatisk H5N1 fortsatt er et folkehelseproblem<\/strong><\/h2>\n<p>Studien understreker at asymptomatiske infeksjoner er &laquo;sjelden rapportert&raquo; og at tilgjengelig bevis er for begrenset til \u00e5 bestemme rollen til symptomfrie b\u00e6rere i overf\u00f8ring.<br \/>\nFor \u00e5 lukke disse hullene ber forfatterne om prospektiv overv\u00e5king med seriell respirasjons- og serumpr\u00f8vetaking blant h\u00f8yrisikogrupper som fj\u00f8rfearbeidere og husholdningskontakter av bekreftede tilfeller.<\/p>\n<p>Slike funn er relevante over hele Europa ettersom myndighetene fortsetter \u00e5 vurdere risikoen ved p\u00e5g\u00e5ende utbrudd, inkludert de som p\u00e5virker fj\u00f8rfefarmer i Spania.<\/p>\n<p>For lokalbefolkningen og expats i Spania som bor i n\u00e6rheten av fj\u00f8rfeproduksjon \u2013 eller de som jobber innen landbruk, matvarehandel eller matforedling \u2013 gir anmeldelsen en viss trygghet ved at asymptomatiske H5N1-infeksjoner er usedvanlig sjeldne. Men det fremhever ogs\u00e5 viktigheten av fortsatt overv\u00e5king og beskyttelsestiltak.<\/p>\n<p>Se alle helsenyheter.<\/p>\n<p>                    <!-- Originally published at https:\/\/euroweeklynews.com\/2025\/11\/14\/asymptomatic-h5n1-infections-confirmed-in-global-review-as-spain-boosts-monitoring\/ on 14 Nov 2025 at 23:08 by Letara Draghia --><br \/>\n                    <!-- Article End -->\n                <\/div>\n","protected":false},"excerpt":{"rendered":"<p>En nylig JAMA Network Open-gjennomgang bekreftet det asymptomatiske infeksjoner hos mennesker med h\u00f8ypatogen H5N1 (fugleinfluensa)<\/p>\n","protected":false},"author":1,"featured_media":11719,"comment_status":"closed","ping_status":"open","sticky":false,"template":"","format":"standard","meta":{"footnotes":""},"categories":[105],"tags":[7720,3234,7722,165,7721,313,7723,529],"class_list":["post-11718","post","type-post","status-publish","format-standard","has-post-thumbnail","hentry","category-livsstil","tag-asymptomatiske","tag-bekreftet","tag-gjennomgang","tag-global","tag-h5n1infeksjoner","tag-oker","tag-overvakingen","tag-spania","generate-columns","tablet-grid-50","mobile-grid-100","grid-parent","grid-33","resize-featured-image"],"yoast_head":"<!-- This site is optimized with the Yoast SEO plugin v24.4 - https:\/\/yoast.com\/wordpress\/plugins\/seo\/ -->\n<title>Asymptomatiske H5N1-infeksjoner bekreftet i global gjennomgang da Spania \u00f8ker overv\u00e5kingen - Nordnesrepublikken<\/title>\n<meta name=\"robots\" content=\"index, follow, max-snippet:-1, max-image-preview:large, max-video-preview:-1\" \/>\n<link rel=\"canonical\" href=\"https:\/\/nordnesrepublikken.no\/index.php\/2025\/11\/15\/asymptomatiske-h5n1-infeksjoner-bekreftet-i-global-gjennomgang-da-spania-oker-overvakingen\/\" \/>\n<meta property=\"og:locale\" content=\"nb_NO\" \/>\n<meta property=\"og:type\" content=\"article\" \/>\n<meta property=\"og:title\" content=\"Asymptomatiske H5N1-infeksjoner bekreftet i global gjennomgang da Spania \u00f8ker overv\u00e5kingen - Nordnesrepublikken\" \/>\n<meta property=\"og:description\" content=\"En nylig JAMA Network Open-gjennomgang bekreftet det asymptomatiske infeksjoner hos mennesker med h\u00f8ypatogen H5N1 (fugleinfluensa)\" \/>\n<meta property=\"og:url\" content=\"https:\/\/nordnesrepublikken.no\/index.php\/2025\/11\/15\/asymptomatiske-h5n1-infeksjoner-bekreftet-i-global-gjennomgang-da-spania-oker-overvakingen\/\" \/>\n<meta property=\"og:site_name\" content=\"Nordnesrepublikken\" \/>\n<meta property=\"article:published_time\" content=\"2025-11-15T02:50:45+00:00\" \/>\n<meta property=\"article:modified_time\" content=\"2025-11-15T02:50:47+00:00\" \/>\n<meta property=\"og:image\" content=\"https:\/\/nordnesrepublikken.no\/wp-content\/uploads\/2025\/11\/1763175046_Asymptomatiske-H5N1-infeksjoner-bekreftet-i-global-gjennomgang-da-Spania-oker-overvakingen.jpg\" \/>\n\t<meta property=\"og:image:width\" content=\"1200\" \/>\n\t<meta property=\"og:image:height\" content=\"775\" \/>\n\t<meta property=\"og:image:type\" content=\"image\/jpeg\" \/>\n<meta name=\"author\" content=\"Ole Andersen\" \/>\n<meta name=\"twitter:card\" content=\"summary_large_image\" \/>\n<meta name=\"twitter:label1\" content=\"Skrevet av\" \/>\n\t<meta name=\"twitter:data1\" content=\"Ole Andersen\" \/>\n\t<meta name=\"twitter:label2\" content=\"Ansl. lesetid\" \/>\n\t<meta name=\"twitter:data2\" content=\"2 minutter\" \/>\n<script type=\"application\/ld+json\" class=\"yoast-schema-graph\">{\"@context\":\"https:\/\/schema.org\",\"@graph\":[{\"@type\":\"Article\",\"@id\":\"https:\/\/nordnesrepublikken.no\/index.php\/2025\/11\/15\/asymptomatiske-h5n1-infeksjoner-bekreftet-i-global-gjennomgang-da-spania-oker-overvakingen\/#article\",\"isPartOf\":{\"@id\":\"https:\/\/nordnesrepublikken.no\/index.php\/2025\/11\/15\/asymptomatiske-h5n1-infeksjoner-bekreftet-i-global-gjennomgang-da-spania-oker-overvakingen\/\"},\"author\":{\"name\":\"Ole Andersen\",\"@id\":\"https:\/\/nordnesrepublikken.no\/#\/schema\/person\/2e7e81935bab77882fffb79296240ff1\"},\"headline\":\"Asymptomatiske H5N1-infeksjoner bekreftet i global gjennomgang da Spania \u00f8ker overv\u00e5kingen\",\"datePublished\":\"2025-11-15T02:50:45+00:00\",\"dateModified\":\"2025-11-15T02:50:47+00:00\",\"mainEntityOfPage\":{\"@id\":\"https:\/\/nordnesrepublikken.no\/index.php\/2025\/11\/15\/asymptomatiske-h5n1-infeksjoner-bekreftet-i-global-gjennomgang-da-spania-oker-overvakingen\/\"},\"wordCount\":352,\"publisher\":{\"@id\":\"https:\/\/nordnesrepublikken.no\/#organization\"},\"image\":{\"@id\":\"https:\/\/nordnesrepublikken.no\/index.php\/2025\/11\/15\/asymptomatiske-h5n1-infeksjoner-bekreftet-i-global-gjennomgang-da-spania-oker-overvakingen\/#primaryimage\"},\"thumbnailUrl\":\"https:\/\/nordnesrepublikken.no\/wp-content\/uploads\/2025\/11\/1763175046_Asymptomatiske-H5N1-infeksjoner-bekreftet-i-global-gjennomgang-da-Spania-oker-overvakingen.jpg\",\"keywords\":[\"Asymptomatiske\",\"bekreftet\",\"gjennomgang\",\"global\",\"H5N1infeksjoner\",\"\u00f8ker\",\"overv\u00e5kingen\",\"Spania\"],\"articleSection\":[\"Livsstil\"],\"inLanguage\":\"nb-NO\"},{\"@type\":\"WebPage\",\"@id\":\"https:\/\/nordnesrepublikken.no\/index.php\/2025\/11\/15\/asymptomatiske-h5n1-infeksjoner-bekreftet-i-global-gjennomgang-da-spania-oker-overvakingen\/\",\"url\":\"https:\/\/nordnesrepublikken.no\/index.php\/2025\/11\/15\/asymptomatiske-h5n1-infeksjoner-bekreftet-i-global-gjennomgang-da-spania-oker-overvakingen\/\",\"name\":\"Asymptomatiske H5N1-infeksjoner bekreftet i global gjennomgang da Spania \u00f8ker overv\u00e5kingen - Nordnesrepublikken\",\"isPartOf\":{\"@id\":\"https:\/\/nordnesrepublikken.no\/#website\"},\"primaryImageOfPage\":{\"@id\":\"https:\/\/nordnesrepublikken.no\/index.php\/2025\/11\/15\/asymptomatiske-h5n1-infeksjoner-bekreftet-i-global-gjennomgang-da-spania-oker-overvakingen\/#primaryimage\"},\"image\":{\"@id\":\"https:\/\/nordnesrepublikken.no\/index.php\/2025\/11\/15\/asymptomatiske-h5n1-infeksjoner-bekreftet-i-global-gjennomgang-da-spania-oker-overvakingen\/#primaryimage\"},\"thumbnailUrl\":\"https:\/\/nordnesrepublikken.no\/wp-content\/uploads\/2025\/11\/1763175046_Asymptomatiske-H5N1-infeksjoner-bekreftet-i-global-gjennomgang-da-Spania-oker-overvakingen.jpg\",\"datePublished\":\"2025-11-15T02:50:45+00:00\",\"dateModified\":\"2025-11-15T02:50:47+00:00\",\"breadcrumb\":{\"@id\":\"https:\/\/nordnesrepublikken.no\/index.php\/2025\/11\/15\/asymptomatiske-h5n1-infeksjoner-bekreftet-i-global-gjennomgang-da-spania-oker-overvakingen\/#breadcrumb\"},\"inLanguage\":\"nb-NO\",\"potentialAction\":[{\"@type\":\"ReadAction\",\"target\":[\"https:\/\/nordnesrepublikken.no\/index.php\/2025\/11\/15\/asymptomatiske-h5n1-infeksjoner-bekreftet-i-global-gjennomgang-da-spania-oker-overvakingen\/\"]}]},{\"@type\":\"ImageObject\",\"inLanguage\":\"nb-NO\",\"@id\":\"https:\/\/nordnesrepublikken.no\/index.php\/2025\/11\/15\/asymptomatiske-h5n1-infeksjoner-bekreftet-i-global-gjennomgang-da-spania-oker-overvakingen\/#primaryimage\",\"url\":\"https:\/\/nordnesrepublikken.no\/wp-content\/uploads\/2025\/11\/1763175046_Asymptomatiske-H5N1-infeksjoner-bekreftet-i-global-gjennomgang-da-Spania-oker-overvakingen.jpg\",\"contentUrl\":\"https:\/\/nordnesrepublikken.no\/wp-content\/uploads\/2025\/11\/1763175046_Asymptomatiske-H5N1-infeksjoner-bekreftet-i-global-gjennomgang-da-Spania-oker-overvakingen.jpg\",\"width\":1200,\"height\":775,\"caption\":\"Asymptomatiske H5N1-infeksjoner bekreftet i global gjennomgang da Spania \u00f8ker overv\u00e5kingen\"},{\"@type\":\"BreadcrumbList\",\"@id\":\"https:\/\/nordnesrepublikken.no\/index.php\/2025\/11\/15\/asymptomatiske-h5n1-infeksjoner-bekreftet-i-global-gjennomgang-da-spania-oker-overvakingen\/#breadcrumb\",\"itemListElement\":[{\"@type\":\"ListItem\",\"position\":1,\"name\":\"Home\",\"item\":\"https:\/\/nordnesrepublikken.no\/\"},{\"@type\":\"ListItem\",\"position\":2,\"name\":\"Asymptomatiske H5N1-infeksjoner bekreftet i global gjennomgang da Spania \u00f8ker overv\u00e5kingen\"}]},{\"@type\":\"WebSite\",\"@id\":\"https:\/\/nordnesrepublikken.no\/#website\",\"url\":\"https:\/\/nordnesrepublikken.no\/\",\"name\":\"Nordnesrepublikken\",\"description\":\"Stemmer og Visjoner fra Republikkens Hjerte\",\"publisher\":{\"@id\":\"https:\/\/nordnesrepublikken.no\/#organization\"},\"potentialAction\":[{\"@type\":\"SearchAction\",\"target\":{\"@type\":\"EntryPoint\",\"urlTemplate\":\"https:\/\/nordnesrepublikken.no\/?s={search_term_string}\"},\"query-input\":{\"@type\":\"PropertyValueSpecification\",\"valueRequired\":true,\"valueName\":\"search_term_string\"}}],\"inLanguage\":\"nb-NO\"},{\"@type\":\"Organization\",\"@id\":\"https:\/\/nordnesrepublikken.no\/#organization\",\"name\":\"Nordnesrepublikken\",\"url\":\"https:\/\/nordnesrepublikken.no\/\",\"logo\":{\"@type\":\"ImageObject\",\"inLanguage\":\"nb-NO\",\"@id\":\"https:\/\/nordnesrepublikken.no\/#\/schema\/logo\/image\/\",\"url\":\"https:\/\/nordnesrepublikken.no\/wp-content\/uploads\/2025\/02\/cropped-nordnesrepublikken-2.png\",\"contentUrl\":\"https:\/\/nordnesrepublikken.no\/wp-content\/uploads\/2025\/02\/cropped-nordnesrepublikken-2.png\",\"width\":1248,\"height\":362,\"caption\":\"Nordnesrepublikken\"},\"image\":{\"@id\":\"https:\/\/nordnesrepublikken.no\/#\/schema\/logo\/image\/\"}},{\"@type\":\"Person\",\"@id\":\"https:\/\/nordnesrepublikken.no\/#\/schema\/person\/2e7e81935bab77882fffb79296240ff1\",\"name\":\"Ole Andersen\",\"image\":{\"@type\":\"ImageObject\",\"inLanguage\":\"nb-NO\",\"@id\":\"https:\/\/nordnesrepublikken.no\/#\/schema\/person\/image\/\",\"url\":\"https:\/\/nordnesrepublikken.no\/wp-content\/uploads\/2025\/02\/nordnesrepublikken-2-2-150x150.jpg\",\"contentUrl\":\"https:\/\/nordnesrepublikken.no\/wp-content\/uploads\/2025\/02\/nordnesrepublikken-2-2-150x150.jpg\",\"caption\":\"Ole Andersen\"},\"description\":\"Ettersom jeg vokste opp i Oslo, har jeg alltid v\u00e6rt fascinert av ordenes kraft og deres evne til \u00e5 skape endringer. Etter \u00e5 ha fullf\u00f8rt min utdannelse i kommunikasjon ved Universitetet i Bergen, fikk jeg muligheten til \u00e5 jobbe innen ulike medier, der jeg har s\u00f8kt \u00e5 belyse viktige samfunnssp\u00f8rsm\u00e5l. I dag, som redakt\u00f8r for Nordnesrepublikken, pr\u00f8ver jeg \u00e5 forene min kj\u00e6rlighet for journalistikk med min lidenskap for innovasjon og eventyr.\",\"sameAs\":[\"https:\/\/nordnesrepublikken.no\/\"]}]}<\/script>\n<!-- \/ Yoast SEO plugin. -->","yoast_head_json":{"title":"Asymptomatiske H5N1-infeksjoner bekreftet i global gjennomgang da Spania \u00f8ker overv\u00e5kingen - Nordnesrepublikken","robots":{"index":"index","follow":"follow","max-snippet":"max-snippet:-1","max-image-preview":"max-image-preview:large","max-video-preview":"max-video-preview:-1"},"canonical":"https:\/\/nordnesrepublikken.no\/index.php\/2025\/11\/15\/asymptomatiske-h5n1-infeksjoner-bekreftet-i-global-gjennomgang-da-spania-oker-overvakingen\/","og_locale":"nb_NO","og_type":"article","og_title":"Asymptomatiske H5N1-infeksjoner bekreftet i global gjennomgang da Spania \u00f8ker overv\u00e5kingen - Nordnesrepublikken","og_description":"En nylig JAMA Network Open-gjennomgang bekreftet det asymptomatiske infeksjoner hos mennesker med h\u00f8ypatogen H5N1 (fugleinfluensa)","og_url":"https:\/\/nordnesrepublikken.no\/index.php\/2025\/11\/15\/asymptomatiske-h5n1-infeksjoner-bekreftet-i-global-gjennomgang-da-spania-oker-overvakingen\/","og_site_name":"Nordnesrepublikken","article_published_time":"2025-11-15T02:50:45+00:00","article_modified_time":"2025-11-15T02:50:47+00:00","og_image":[{"width":1200,"height":775,"url":"https:\/\/nordnesrepublikken.no\/wp-content\/uploads\/2025\/11\/1763175046_Asymptomatiske-H5N1-infeksjoner-bekreftet-i-global-gjennomgang-da-Spania-oker-overvakingen.jpg","type":"image\/jpeg"}],"author":"Ole Andersen","twitter_card":"summary_large_image","twitter_misc":{"Skrevet av":"Ole Andersen","Ansl. lesetid":"2 minutter"},"schema":{"@context":"https:\/\/schema.org","@graph":[{"@type":"Article","@id":"https:\/\/nordnesrepublikken.no\/index.php\/2025\/11\/15\/asymptomatiske-h5n1-infeksjoner-bekreftet-i-global-gjennomgang-da-spania-oker-overvakingen\/#article","isPartOf":{"@id":"https:\/\/nordnesrepublikken.no\/index.php\/2025\/11\/15\/asymptomatiske-h5n1-infeksjoner-bekreftet-i-global-gjennomgang-da-spania-oker-overvakingen\/"},"author":{"name":"Ole Andersen","@id":"https:\/\/nordnesrepublikken.no\/#\/schema\/person\/2e7e81935bab77882fffb79296240ff1"},"headline":"Asymptomatiske H5N1-infeksjoner bekreftet i global gjennomgang da Spania \u00f8ker overv\u00e5kingen","datePublished":"2025-11-15T02:50:45+00:00","dateModified":"2025-11-15T02:50:47+00:00","mainEntityOfPage":{"@id":"https:\/\/nordnesrepublikken.no\/index.php\/2025\/11\/15\/asymptomatiske-h5n1-infeksjoner-bekreftet-i-global-gjennomgang-da-spania-oker-overvakingen\/"},"wordCount":352,"publisher":{"@id":"https:\/\/nordnesrepublikken.no\/#organization"},"image":{"@id":"https:\/\/nordnesrepublikken.no\/index.php\/2025\/11\/15\/asymptomatiske-h5n1-infeksjoner-bekreftet-i-global-gjennomgang-da-spania-oker-overvakingen\/#primaryimage"},"thumbnailUrl":"https:\/\/nordnesrepublikken.no\/wp-content\/uploads\/2025\/11\/1763175046_Asymptomatiske-H5N1-infeksjoner-bekreftet-i-global-gjennomgang-da-Spania-oker-overvakingen.jpg","keywords":["Asymptomatiske","bekreftet","gjennomgang","global","H5N1infeksjoner","\u00f8ker","overv\u00e5kingen","Spania"],"articleSection":["Livsstil"],"inLanguage":"nb-NO"},{"@type":"WebPage","@id":"https:\/\/nordnesrepublikken.no\/index.php\/2025\/11\/15\/asymptomatiske-h5n1-infeksjoner-bekreftet-i-global-gjennomgang-da-spania-oker-overvakingen\/","url":"https:\/\/nordnesrepublikken.no\/index.php\/2025\/11\/15\/asymptomatiske-h5n1-infeksjoner-bekreftet-i-global-gjennomgang-da-spania-oker-overvakingen\/","name":"Asymptomatiske H5N1-infeksjoner bekreftet i global gjennomgang da Spania \u00f8ker overv\u00e5kingen - Nordnesrepublikken","isPartOf":{"@id":"https:\/\/nordnesrepublikken.no\/#website"},"primaryImageOfPage":{"@id":"https:\/\/nordnesrepublikken.no\/index.php\/2025\/11\/15\/asymptomatiske-h5n1-infeksjoner-bekreftet-i-global-gjennomgang-da-spania-oker-overvakingen\/#primaryimage"},"image":{"@id":"https:\/\/nordnesrepublikken.no\/index.php\/2025\/11\/15\/asymptomatiske-h5n1-infeksjoner-bekreftet-i-global-gjennomgang-da-spania-oker-overvakingen\/#primaryimage"},"thumbnailUrl":"https:\/\/nordnesrepublikken.no\/wp-content\/uploads\/2025\/11\/1763175046_Asymptomatiske-H5N1-infeksjoner-bekreftet-i-global-gjennomgang-da-Spania-oker-overvakingen.jpg","datePublished":"2025-11-15T02:50:45+00:00","dateModified":"2025-11-15T02:50:47+00:00","breadcrumb":{"@id":"https:\/\/nordnesrepublikken.no\/index.php\/2025\/11\/15\/asymptomatiske-h5n1-infeksjoner-bekreftet-i-global-gjennomgang-da-spania-oker-overvakingen\/#breadcrumb"},"inLanguage":"nb-NO","potentialAction":[{"@type":"ReadAction","target":["https:\/\/nordnesrepublikken.no\/index.php\/2025\/11\/15\/asymptomatiske-h5n1-infeksjoner-bekreftet-i-global-gjennomgang-da-spania-oker-overvakingen\/"]}]},{"@type":"ImageObject","inLanguage":"nb-NO","@id":"https:\/\/nordnesrepublikken.no\/index.php\/2025\/11\/15\/asymptomatiske-h5n1-infeksjoner-bekreftet-i-global-gjennomgang-da-spania-oker-overvakingen\/#primaryimage","url":"https:\/\/nordnesrepublikken.no\/wp-content\/uploads\/2025\/11\/1763175046_Asymptomatiske-H5N1-infeksjoner-bekreftet-i-global-gjennomgang-da-Spania-oker-overvakingen.jpg","contentUrl":"https:\/\/nordnesrepublikken.no\/wp-content\/uploads\/2025\/11\/1763175046_Asymptomatiske-H5N1-infeksjoner-bekreftet-i-global-gjennomgang-da-Spania-oker-overvakingen.jpg","width":1200,"height":775,"caption":"Asymptomatiske H5N1-infeksjoner bekreftet i global gjennomgang da Spania \u00f8ker overv\u00e5kingen"},{"@type":"BreadcrumbList","@id":"https:\/\/nordnesrepublikken.no\/index.php\/2025\/11\/15\/asymptomatiske-h5n1-infeksjoner-bekreftet-i-global-gjennomgang-da-spania-oker-overvakingen\/#breadcrumb","itemListElement":[{"@type":"ListItem","position":1,"name":"Home","item":"https:\/\/nordnesrepublikken.no\/"},{"@type":"ListItem","position":2,"name":"Asymptomatiske H5N1-infeksjoner bekreftet i global gjennomgang da Spania \u00f8ker overv\u00e5kingen"}]},{"@type":"WebSite","@id":"https:\/\/nordnesrepublikken.no\/#website","url":"https:\/\/nordnesrepublikken.no\/","name":"Nordnesrepublikken","description":"Stemmer og Visjoner fra Republikkens Hjerte","publisher":{"@id":"https:\/\/nordnesrepublikken.no\/#organization"},"potentialAction":[{"@type":"SearchAction","target":{"@type":"EntryPoint","urlTemplate":"https:\/\/nordnesrepublikken.no\/?s={search_term_string}"},"query-input":{"@type":"PropertyValueSpecification","valueRequired":true,"valueName":"search_term_string"}}],"inLanguage":"nb-NO"},{"@type":"Organization","@id":"https:\/\/nordnesrepublikken.no\/#organization","name":"Nordnesrepublikken","url":"https:\/\/nordnesrepublikken.no\/","logo":{"@type":"ImageObject","inLanguage":"nb-NO","@id":"https:\/\/nordnesrepublikken.no\/#\/schema\/logo\/image\/","url":"https:\/\/nordnesrepublikken.no\/wp-content\/uploads\/2025\/02\/cropped-nordnesrepublikken-2.png","contentUrl":"https:\/\/nordnesrepublikken.no\/wp-content\/uploads\/2025\/02\/cropped-nordnesrepublikken-2.png","width":1248,"height":362,"caption":"Nordnesrepublikken"},"image":{"@id":"https:\/\/nordnesrepublikken.no\/#\/schema\/logo\/image\/"}},{"@type":"Person","@id":"https:\/\/nordnesrepublikken.no\/#\/schema\/person\/2e7e81935bab77882fffb79296240ff1","name":"Ole Andersen","image":{"@type":"ImageObject","inLanguage":"nb-NO","@id":"https:\/\/nordnesrepublikken.no\/#\/schema\/person\/image\/","url":"https:\/\/nordnesrepublikken.no\/wp-content\/uploads\/2025\/02\/nordnesrepublikken-2-2-150x150.jpg","contentUrl":"https:\/\/nordnesrepublikken.no\/wp-content\/uploads\/2025\/02\/nordnesrepublikken-2-2-150x150.jpg","caption":"Ole Andersen"},"description":"Ettersom jeg vokste opp i Oslo, har jeg alltid v\u00e6rt fascinert av ordenes kraft og deres evne til \u00e5 skape endringer. Etter \u00e5 ha fullf\u00f8rt min utdannelse i kommunikasjon ved Universitetet i Bergen, fikk jeg muligheten til \u00e5 jobbe innen ulike medier, der jeg har s\u00f8kt \u00e5 belyse viktige samfunnssp\u00f8rsm\u00e5l. I dag, som redakt\u00f8r for Nordnesrepublikken, pr\u00f8ver jeg \u00e5 forene min kj\u00e6rlighet for journalistikk med min lidenskap for innovasjon og eventyr.","sameAs":["https:\/\/nordnesrepublikken.no\/"]}]}},"_links":{"self":[{"href":"https:\/\/nordnesrepublikken.no\/index.php\/wp-json\/wp\/v2\/posts\/11718","targetHints":{"allow":["GET"]}}],"collection":[{"href":"https:\/\/nordnesrepublikken.no\/index.php\/wp-json\/wp\/v2\/posts"}],"about":[{"href":"https:\/\/nordnesrepublikken.no\/index.php\/wp-json\/wp\/v2\/types\/post"}],"author":[{"embeddable":true,"href":"https:\/\/nordnesrepublikken.no\/index.php\/wp-json\/wp\/v2\/users\/1"}],"replies":[{"embeddable":true,"href":"https:\/\/nordnesrepublikken.no\/index.php\/wp-json\/wp\/v2\/comments?post=11718"}],"version-history":[{"count":1,"href":"https:\/\/nordnesrepublikken.no\/index.php\/wp-json\/wp\/v2\/posts\/11718\/revisions"}],"predecessor-version":[{"id":11720,"href":"https:\/\/nordnesrepublikken.no\/index.php\/wp-json\/wp\/v2\/posts\/11718\/revisions\/11720"}],"wp:featuredmedia":[{"embeddable":true,"href":"https:\/\/nordnesrepublikken.no\/index.php\/wp-json\/wp\/v2\/media\/11719"}],"wp:attachment":[{"href":"https:\/\/nordnesrepublikken.no\/index.php\/wp-json\/wp\/v2\/media?parent=11718"}],"wp:term":[{"taxonomy":"category","embeddable":true,"href":"https:\/\/nordnesrepublikken.no\/index.php\/wp-json\/wp\/v2\/categories?post=11718"},{"taxonomy":"post_tag","embeddable":true,"href":"https:\/\/nordnesrepublikken.no\/index.php\/wp-json\/wp\/v2\/tags?post=11718"}],"curies":[{"name":"wp","href":"https:\/\/api.w.org\/{rel}","templated":true}]}}