{"id":11700,"date":"2025-11-14T15:50:26","date_gmt":"2025-11-14T14:50:26","guid":{"rendered":"https:\/\/nordnesrepublikken.no\/index.php\/2025\/11\/14\/hvorfor-kaller-apple-macos-operativsystemer-etter-stedsnavn\/"},"modified":"2025-11-14T15:50:27","modified_gmt":"2025-11-14T14:50:27","slug":"hvorfor-kaller-apple-macos-operativsystemer-etter-stedsnavn","status":"publish","type":"post","link":"https:\/\/nordnesrepublikken.no\/index.php\/2025\/11\/14\/hvorfor-kaller-apple-macos-operativsystemer-etter-stedsnavn\/","title":{"rendered":"Hvorfor kaller Apple macOS-operativsystemer etter stedsnavn?"},"content":{"rendered":"<div>\n<div class=\"cp_wrapper cp_wrapper--fw mb-30 mb-20@tablet\">\n<figure class=\"mm\"><picture class=\"img\" style=\"padding-top:56.25%\"><source  media=\"(min-width: 1024px)\"><source  media=\"(min-width: 768px)\"><\/source><\/source><\/picture><\/figure>\n<\/p><\/div>\n<p>N\u00e5r i <strong>2013<\/strong> der <strong>Eple<\/strong> introduserte han <strong>OS<\/strong>mange ble overrasket: for f\u00f8rste gang, det nye operativsystemet for <strong>Mac<\/strong> den ble ikke oppkalt etter en stor katt. Tradisjon, det \u00e5 bruke navn p\u00e5 store katter, som i l\u00f8pet av over et ti\u00e5r s\u00e5 mange dyr &laquo;parade&raquo;, inkludert <strong>Gepard<\/strong>, <strong>Jaguar<\/strong>, <strong>Tiger<\/strong>til du kommer til <strong>Fjelll\u00f8ve<\/strong>. Han grep raskt (og hyggelig) inn i hvorfor Apple hadde bestemt seg for \u00e5 endre kurs <strong>Craig Federighi<\/strong>leder for Apple-programvare, som med en viss ironi innr\u00f8mmet at \u00e6raen med store katter var over. Med Mavericks innviet Apple en ny fase av sin identitet, og valgte \u00e5 karakterisere hver nye versjon av macOS med navnet p\u00e5 et sted i California.<\/p>\n<p>En avgj\u00f8relse som reagerte p\u00e5 praktiske \u00e5rsaker (kattene \u00e5 navngi fremtidige versjoner av macOS med ville ha sluttet for tidlig) og, if\u00f8lge noen hypoteser, ogs\u00e5 p\u00e5 en slags omprofilering. Nomenklaturen basert p\u00e5 stedsnavn ville ha tjent Apple til \u00e5 styrke sin californiske identitet. Det siste er en hypotese som selskapet aldri offisielt har grepet inn i, i hvert fall for \u00f8yeblikket.<\/p>\n<h2>Apple og navnene p\u00e5 macOS: fra kattedyr til steder i California<\/h2>\n<p>I l\u00f8pet av <strong>WWDC<\/strong> av <strong>10. juni 2013<\/strong>kunngjorde Apple den f\u00f8rste programvareoppdateringen for Mac som ble tilbudt gratis til brukere, og ikke en detalj gikk up\u00e5aktet hen: selskapet hadde bestemt seg for \u00e5 arkivere kattedyrenes \u00e6ra for \u00e5 innvie en ny &laquo;tradisjon&raquo;: \u00e5 tildele navn i koder som tilsvarer steder i California. Det \u00e5ret var det tur <strong>Mavericks<\/strong>et kjent sted blant surfere p\u00e5 nordkysten av California, hvor b\u00f8lger p\u00e5 opptil 7-8 meter setter selv de mest ekspertut\u00f8vere p\u00e5 pr\u00f8ve.<\/p>\n<p>Hvorfor gikk vi fra \u00e5 bruke navn p\u00e5 store katter til navn p\u00e5 steder i California? Apples senior visepresident for programvareutvikling, <strong>Craig Federighi<\/strong>innr\u00f8mmet ironisk nok at selskapet, etter \u00e5 ha brukt navn som Panther, Leopard og Mountain Lion for sine ni oppdateringer, var i fare for \u00e5 g\u00e5 tom for kattenavn. Faktisk sa Federighi i en sp\u00f8kefull tone: \u00ab<em>Vi \u00f8nsker ikke \u00e5 v\u00e6re det f\u00f8rste utviklingsteamet som opplever forsinkelser p\u00e5 grunn av mangel p\u00e5 store katter<\/em>\u00bb. For \u00e5 v\u00e6re \u00e6rlig sa Apple-sjefen ved den anledningen at han vurderte muligheten for \u00e5 ringe den nye versjonen <strong>OS<\/strong>f\u00f8r man konkluderte med at den tiln\u00e6rmingen ogs\u00e5 ville v\u00e6re ganske begrensende.<\/p>\n<h2>Plasseringene som brukes av Apple for macOS<\/h2>\n<p>Nedenfor lister vi alle plasseringer som ble brukt for nomenklaturen til Mac-operativsystemet som blant annet i 2016 endret seg fra \u00e5 hete OS<\/p>\n<ul>\n<li><strong>OS<\/strong> (2013)<\/li>\n<li><strong>OS <\/strong>(2014)<\/li>\n<li><strong>OS <\/strong>(2015)<\/li>\n<li><strong>macOS 10.12 Sierra <\/strong>(2016)<\/li>\n<li><strong>macOS 10.13 High Sierra <\/strong>(2017)<\/li>\n<li><strong>macOS 10.14 Mojave<\/strong> (2018)<\/li>\n<li><strong>macOS 10.15 Catalina<\/strong> (2019)<\/li>\n<li> <strong>macOS 11 Big Sur<\/strong> (2020)<\/li>\n<li><strong>macOS 12 Monterey<\/strong> (2021)<\/li>\n<li><strong>macOS 13 Ventura<\/strong> (2022)<\/li>\n<li><strong>macOS 14 Sonoma<\/strong> (2023)<\/li>\n<li><strong>macOS 15 Sequoia<\/strong> (2024)<\/li>\n<li><strong>macOS 26 Tahoe<\/strong> (2025)<\/li>\n<\/ul>\n<p>Siste liten kuriositet: ang\u00e5ende den siste versjonen av macOS utgitt i 2025 av Apple, kunngjorde Craig Federighi nok en interessant endring, denne gangen ang\u00e5ende nummereringen av operativsystemet. Med utgangspunkt i macOS Tahoe har Apple faktisk forlatt progressiv nummerering for \u00e5 omfavne <strong>nummerering basert p\u00e5 bruken av de to siste sifrene i \u00e5ret etter utgivelsen<\/strong>. Det samme kriteriet brukes ogs\u00e5 for andre OS &laquo;laget i Cupertino&raquo;.<\/p>\n<\/p><\/div>\n","protected":false},"excerpt":{"rendered":"<p>N\u00e5r i 2013 der Eple introduserte han OSmange ble overrasket: for f\u00f8rste gang, det nye<\/p>\n","protected":false},"author":1,"featured_media":11701,"comment_status":"closed","ping_status":"open","sticky":false,"template":"","format":"standard","meta":{"footnotes":""},"categories":[25],"tags":[180,92,101,709,7706,5229],"class_list":["post-11700","post","type-post","status-publish","format-standard","has-post-thumbnail","hentry","category-teknologi","tag-apple","tag-etter","tag-hvorfor","tag-kaller","tag-macosoperativsystemer","tag-stedsnavn","generate-columns","tablet-grid-50","mobile-grid-100","grid-parent","grid-33","resize-featured-image"],"yoast_head":"<!-- This site is optimized with the Yoast SEO plugin v24.4 - https:\/\/yoast.com\/wordpress\/plugins\/seo\/ -->\n<title>Hvorfor kaller Apple macOS-operativsystemer etter stedsnavn? - Nordnesrepublikken<\/title>\n<meta name=\"robots\" content=\"index, follow, max-snippet:-1, max-image-preview:large, max-video-preview:-1\" \/>\n<link rel=\"canonical\" href=\"https:\/\/nordnesrepublikken.no\/index.php\/2025\/11\/14\/hvorfor-kaller-apple-macos-operativsystemer-etter-stedsnavn\/\" \/>\n<meta property=\"og:locale\" content=\"nb_NO\" \/>\n<meta property=\"og:type\" content=\"article\" \/>\n<meta property=\"og:title\" content=\"Hvorfor kaller Apple macOS-operativsystemer etter stedsnavn? - Nordnesrepublikken\" \/>\n<meta property=\"og:description\" content=\"N\u00e5r i 2013 der Eple introduserte han OSmange ble overrasket: for f\u00f8rste gang, det nye\" \/>\n<meta property=\"og:url\" content=\"https:\/\/nordnesrepublikken.no\/index.php\/2025\/11\/14\/hvorfor-kaller-apple-macos-operativsystemer-etter-stedsnavn\/\" \/>\n<meta property=\"og:site_name\" content=\"Nordnesrepublikken\" \/>\n<meta property=\"article:published_time\" content=\"2025-11-14T14:50:26+00:00\" \/>\n<meta property=\"article:modified_time\" content=\"2025-11-14T14:50:27+00:00\" \/>\n<meta property=\"og:image\" content=\"https:\/\/nordnesrepublikken.no\/wp-content\/uploads\/2025\/11\/1763131826_Hvorfor-kaller-Apple-macOS-operativsystemer-etter-stedsnavn.jpg\" \/>\n\t<meta property=\"og:image:width\" content=\"1344\" \/>\n\t<meta property=\"og:image:height\" content=\"768\" \/>\n\t<meta property=\"og:image:type\" content=\"image\/jpeg\" \/>\n<meta name=\"author\" content=\"Ole Andersen\" \/>\n<meta name=\"twitter:card\" content=\"summary_large_image\" \/>\n<meta name=\"twitter:label1\" content=\"Skrevet av\" \/>\n\t<meta name=\"twitter:data1\" content=\"Ole Andersen\" \/>\n\t<meta name=\"twitter:label2\" content=\"Ansl. lesetid\" \/>\n\t<meta name=\"twitter:data2\" content=\"2 minutter\" \/>\n<script type=\"application\/ld+json\" class=\"yoast-schema-graph\">{\"@context\":\"https:\/\/schema.org\",\"@graph\":[{\"@type\":\"Article\",\"@id\":\"https:\/\/nordnesrepublikken.no\/index.php\/2025\/11\/14\/hvorfor-kaller-apple-macos-operativsystemer-etter-stedsnavn\/#article\",\"isPartOf\":{\"@id\":\"https:\/\/nordnesrepublikken.no\/index.php\/2025\/11\/14\/hvorfor-kaller-apple-macos-operativsystemer-etter-stedsnavn\/\"},\"author\":{\"name\":\"Ole Andersen\",\"@id\":\"https:\/\/nordnesrepublikken.no\/#\/schema\/person\/2e7e81935bab77882fffb79296240ff1\"},\"headline\":\"Hvorfor kaller Apple macOS-operativsystemer etter stedsnavn?\",\"datePublished\":\"2025-11-14T14:50:26+00:00\",\"dateModified\":\"2025-11-14T14:50:27+00:00\",\"mainEntityOfPage\":{\"@id\":\"https:\/\/nordnesrepublikken.no\/index.php\/2025\/11\/14\/hvorfor-kaller-apple-macos-operativsystemer-etter-stedsnavn\/\"},\"wordCount\":500,\"publisher\":{\"@id\":\"https:\/\/nordnesrepublikken.no\/#organization\"},\"image\":{\"@id\":\"https:\/\/nordnesrepublikken.no\/index.php\/2025\/11\/14\/hvorfor-kaller-apple-macos-operativsystemer-etter-stedsnavn\/#primaryimage\"},\"thumbnailUrl\":\"https:\/\/nordnesrepublikken.no\/wp-content\/uploads\/2025\/11\/1763131826_Hvorfor-kaller-Apple-macOS-operativsystemer-etter-stedsnavn.jpg\",\"keywords\":[\"Apple\",\"Etter\",\"hvorfor\",\"kaller\",\"macOSoperativsystemer\",\"stedsnavn\"],\"articleSection\":[\"Teknologi\"],\"inLanguage\":\"nb-NO\"},{\"@type\":\"WebPage\",\"@id\":\"https:\/\/nordnesrepublikken.no\/index.php\/2025\/11\/14\/hvorfor-kaller-apple-macos-operativsystemer-etter-stedsnavn\/\",\"url\":\"https:\/\/nordnesrepublikken.no\/index.php\/2025\/11\/14\/hvorfor-kaller-apple-macos-operativsystemer-etter-stedsnavn\/\",\"name\":\"Hvorfor kaller Apple macOS-operativsystemer etter stedsnavn? - Nordnesrepublikken\",\"isPartOf\":{\"@id\":\"https:\/\/nordnesrepublikken.no\/#website\"},\"primaryImageOfPage\":{\"@id\":\"https:\/\/nordnesrepublikken.no\/index.php\/2025\/11\/14\/hvorfor-kaller-apple-macos-operativsystemer-etter-stedsnavn\/#primaryimage\"},\"image\":{\"@id\":\"https:\/\/nordnesrepublikken.no\/index.php\/2025\/11\/14\/hvorfor-kaller-apple-macos-operativsystemer-etter-stedsnavn\/#primaryimage\"},\"thumbnailUrl\":\"https:\/\/nordnesrepublikken.no\/wp-content\/uploads\/2025\/11\/1763131826_Hvorfor-kaller-Apple-macOS-operativsystemer-etter-stedsnavn.jpg\",\"datePublished\":\"2025-11-14T14:50:26+00:00\",\"dateModified\":\"2025-11-14T14:50:27+00:00\",\"breadcrumb\":{\"@id\":\"https:\/\/nordnesrepublikken.no\/index.php\/2025\/11\/14\/hvorfor-kaller-apple-macos-operativsystemer-etter-stedsnavn\/#breadcrumb\"},\"inLanguage\":\"nb-NO\",\"potentialAction\":[{\"@type\":\"ReadAction\",\"target\":[\"https:\/\/nordnesrepublikken.no\/index.php\/2025\/11\/14\/hvorfor-kaller-apple-macos-operativsystemer-etter-stedsnavn\/\"]}]},{\"@type\":\"ImageObject\",\"inLanguage\":\"nb-NO\",\"@id\":\"https:\/\/nordnesrepublikken.no\/index.php\/2025\/11\/14\/hvorfor-kaller-apple-macos-operativsystemer-etter-stedsnavn\/#primaryimage\",\"url\":\"https:\/\/nordnesrepublikken.no\/wp-content\/uploads\/2025\/11\/1763131826_Hvorfor-kaller-Apple-macOS-operativsystemer-etter-stedsnavn.jpg\",\"contentUrl\":\"https:\/\/nordnesrepublikken.no\/wp-content\/uploads\/2025\/11\/1763131826_Hvorfor-kaller-Apple-macOS-operativsystemer-etter-stedsnavn.jpg\",\"width\":1344,\"height\":768,\"caption\":\"Hvorfor kaller Apple macOS-operativsystemer etter stedsnavn?\"},{\"@type\":\"BreadcrumbList\",\"@id\":\"https:\/\/nordnesrepublikken.no\/index.php\/2025\/11\/14\/hvorfor-kaller-apple-macos-operativsystemer-etter-stedsnavn\/#breadcrumb\",\"itemListElement\":[{\"@type\":\"ListItem\",\"position\":1,\"name\":\"Home\",\"item\":\"https:\/\/nordnesrepublikken.no\/\"},{\"@type\":\"ListItem\",\"position\":2,\"name\":\"Hvorfor kaller Apple macOS-operativsystemer etter stedsnavn?\"}]},{\"@type\":\"WebSite\",\"@id\":\"https:\/\/nordnesrepublikken.no\/#website\",\"url\":\"https:\/\/nordnesrepublikken.no\/\",\"name\":\"Nordnesrepublikken\",\"description\":\"Stemmer og Visjoner fra Republikkens Hjerte\",\"publisher\":{\"@id\":\"https:\/\/nordnesrepublikken.no\/#organization\"},\"potentialAction\":[{\"@type\":\"SearchAction\",\"target\":{\"@type\":\"EntryPoint\",\"urlTemplate\":\"https:\/\/nordnesrepublikken.no\/?s={search_term_string}\"},\"query-input\":{\"@type\":\"PropertyValueSpecification\",\"valueRequired\":true,\"valueName\":\"search_term_string\"}}],\"inLanguage\":\"nb-NO\"},{\"@type\":\"Organization\",\"@id\":\"https:\/\/nordnesrepublikken.no\/#organization\",\"name\":\"Nordnesrepublikken\",\"url\":\"https:\/\/nordnesrepublikken.no\/\",\"logo\":{\"@type\":\"ImageObject\",\"inLanguage\":\"nb-NO\",\"@id\":\"https:\/\/nordnesrepublikken.no\/#\/schema\/logo\/image\/\",\"url\":\"https:\/\/nordnesrepublikken.no\/wp-content\/uploads\/2025\/02\/cropped-nordnesrepublikken-2.png\",\"contentUrl\":\"https:\/\/nordnesrepublikken.no\/wp-content\/uploads\/2025\/02\/cropped-nordnesrepublikken-2.png\",\"width\":1248,\"height\":362,\"caption\":\"Nordnesrepublikken\"},\"image\":{\"@id\":\"https:\/\/nordnesrepublikken.no\/#\/schema\/logo\/image\/\"}},{\"@type\":\"Person\",\"@id\":\"https:\/\/nordnesrepublikken.no\/#\/schema\/person\/2e7e81935bab77882fffb79296240ff1\",\"name\":\"Ole Andersen\",\"image\":{\"@type\":\"ImageObject\",\"inLanguage\":\"nb-NO\",\"@id\":\"https:\/\/nordnesrepublikken.no\/#\/schema\/person\/image\/\",\"url\":\"https:\/\/nordnesrepublikken.no\/wp-content\/uploads\/2025\/02\/nordnesrepublikken-2-2-150x150.jpg\",\"contentUrl\":\"https:\/\/nordnesrepublikken.no\/wp-content\/uploads\/2025\/02\/nordnesrepublikken-2-2-150x150.jpg\",\"caption\":\"Ole Andersen\"},\"description\":\"Ettersom jeg vokste opp i Oslo, har jeg alltid v\u00e6rt fascinert av ordenes kraft og deres evne til \u00e5 skape endringer. Etter \u00e5 ha fullf\u00f8rt min utdannelse i kommunikasjon ved Universitetet i Bergen, fikk jeg muligheten til \u00e5 jobbe innen ulike medier, der jeg har s\u00f8kt \u00e5 belyse viktige samfunnssp\u00f8rsm\u00e5l. I dag, som redakt\u00f8r for Nordnesrepublikken, pr\u00f8ver jeg \u00e5 forene min kj\u00e6rlighet for journalistikk med min lidenskap for innovasjon og eventyr.\",\"sameAs\":[\"https:\/\/nordnesrepublikken.no\/\"]}]}<\/script>\n<!-- \/ Yoast SEO plugin. -->","yoast_head_json":{"title":"Hvorfor kaller Apple macOS-operativsystemer etter stedsnavn? - Nordnesrepublikken","robots":{"index":"index","follow":"follow","max-snippet":"max-snippet:-1","max-image-preview":"max-image-preview:large","max-video-preview":"max-video-preview:-1"},"canonical":"https:\/\/nordnesrepublikken.no\/index.php\/2025\/11\/14\/hvorfor-kaller-apple-macos-operativsystemer-etter-stedsnavn\/","og_locale":"nb_NO","og_type":"article","og_title":"Hvorfor kaller Apple macOS-operativsystemer etter stedsnavn? - Nordnesrepublikken","og_description":"N\u00e5r i 2013 der Eple introduserte han OSmange ble overrasket: for f\u00f8rste gang, det nye","og_url":"https:\/\/nordnesrepublikken.no\/index.php\/2025\/11\/14\/hvorfor-kaller-apple-macos-operativsystemer-etter-stedsnavn\/","og_site_name":"Nordnesrepublikken","article_published_time":"2025-11-14T14:50:26+00:00","article_modified_time":"2025-11-14T14:50:27+00:00","og_image":[{"width":1344,"height":768,"url":"https:\/\/nordnesrepublikken.no\/wp-content\/uploads\/2025\/11\/1763131826_Hvorfor-kaller-Apple-macOS-operativsystemer-etter-stedsnavn.jpg","type":"image\/jpeg"}],"author":"Ole Andersen","twitter_card":"summary_large_image","twitter_misc":{"Skrevet av":"Ole Andersen","Ansl. lesetid":"2 minutter"},"schema":{"@context":"https:\/\/schema.org","@graph":[{"@type":"Article","@id":"https:\/\/nordnesrepublikken.no\/index.php\/2025\/11\/14\/hvorfor-kaller-apple-macos-operativsystemer-etter-stedsnavn\/#article","isPartOf":{"@id":"https:\/\/nordnesrepublikken.no\/index.php\/2025\/11\/14\/hvorfor-kaller-apple-macos-operativsystemer-etter-stedsnavn\/"},"author":{"name":"Ole Andersen","@id":"https:\/\/nordnesrepublikken.no\/#\/schema\/person\/2e7e81935bab77882fffb79296240ff1"},"headline":"Hvorfor kaller Apple macOS-operativsystemer etter stedsnavn?","datePublished":"2025-11-14T14:50:26+00:00","dateModified":"2025-11-14T14:50:27+00:00","mainEntityOfPage":{"@id":"https:\/\/nordnesrepublikken.no\/index.php\/2025\/11\/14\/hvorfor-kaller-apple-macos-operativsystemer-etter-stedsnavn\/"},"wordCount":500,"publisher":{"@id":"https:\/\/nordnesrepublikken.no\/#organization"},"image":{"@id":"https:\/\/nordnesrepublikken.no\/index.php\/2025\/11\/14\/hvorfor-kaller-apple-macos-operativsystemer-etter-stedsnavn\/#primaryimage"},"thumbnailUrl":"https:\/\/nordnesrepublikken.no\/wp-content\/uploads\/2025\/11\/1763131826_Hvorfor-kaller-Apple-macOS-operativsystemer-etter-stedsnavn.jpg","keywords":["Apple","Etter","hvorfor","kaller","macOSoperativsystemer","stedsnavn"],"articleSection":["Teknologi"],"inLanguage":"nb-NO"},{"@type":"WebPage","@id":"https:\/\/nordnesrepublikken.no\/index.php\/2025\/11\/14\/hvorfor-kaller-apple-macos-operativsystemer-etter-stedsnavn\/","url":"https:\/\/nordnesrepublikken.no\/index.php\/2025\/11\/14\/hvorfor-kaller-apple-macos-operativsystemer-etter-stedsnavn\/","name":"Hvorfor kaller Apple macOS-operativsystemer etter stedsnavn? - Nordnesrepublikken","isPartOf":{"@id":"https:\/\/nordnesrepublikken.no\/#website"},"primaryImageOfPage":{"@id":"https:\/\/nordnesrepublikken.no\/index.php\/2025\/11\/14\/hvorfor-kaller-apple-macos-operativsystemer-etter-stedsnavn\/#primaryimage"},"image":{"@id":"https:\/\/nordnesrepublikken.no\/index.php\/2025\/11\/14\/hvorfor-kaller-apple-macos-operativsystemer-etter-stedsnavn\/#primaryimage"},"thumbnailUrl":"https:\/\/nordnesrepublikken.no\/wp-content\/uploads\/2025\/11\/1763131826_Hvorfor-kaller-Apple-macOS-operativsystemer-etter-stedsnavn.jpg","datePublished":"2025-11-14T14:50:26+00:00","dateModified":"2025-11-14T14:50:27+00:00","breadcrumb":{"@id":"https:\/\/nordnesrepublikken.no\/index.php\/2025\/11\/14\/hvorfor-kaller-apple-macos-operativsystemer-etter-stedsnavn\/#breadcrumb"},"inLanguage":"nb-NO","potentialAction":[{"@type":"ReadAction","target":["https:\/\/nordnesrepublikken.no\/index.php\/2025\/11\/14\/hvorfor-kaller-apple-macos-operativsystemer-etter-stedsnavn\/"]}]},{"@type":"ImageObject","inLanguage":"nb-NO","@id":"https:\/\/nordnesrepublikken.no\/index.php\/2025\/11\/14\/hvorfor-kaller-apple-macos-operativsystemer-etter-stedsnavn\/#primaryimage","url":"https:\/\/nordnesrepublikken.no\/wp-content\/uploads\/2025\/11\/1763131826_Hvorfor-kaller-Apple-macOS-operativsystemer-etter-stedsnavn.jpg","contentUrl":"https:\/\/nordnesrepublikken.no\/wp-content\/uploads\/2025\/11\/1763131826_Hvorfor-kaller-Apple-macOS-operativsystemer-etter-stedsnavn.jpg","width":1344,"height":768,"caption":"Hvorfor kaller Apple macOS-operativsystemer etter stedsnavn?"},{"@type":"BreadcrumbList","@id":"https:\/\/nordnesrepublikken.no\/index.php\/2025\/11\/14\/hvorfor-kaller-apple-macos-operativsystemer-etter-stedsnavn\/#breadcrumb","itemListElement":[{"@type":"ListItem","position":1,"name":"Home","item":"https:\/\/nordnesrepublikken.no\/"},{"@type":"ListItem","position":2,"name":"Hvorfor kaller Apple macOS-operativsystemer etter stedsnavn?"}]},{"@type":"WebSite","@id":"https:\/\/nordnesrepublikken.no\/#website","url":"https:\/\/nordnesrepublikken.no\/","name":"Nordnesrepublikken","description":"Stemmer og Visjoner fra Republikkens Hjerte","publisher":{"@id":"https:\/\/nordnesrepublikken.no\/#organization"},"potentialAction":[{"@type":"SearchAction","target":{"@type":"EntryPoint","urlTemplate":"https:\/\/nordnesrepublikken.no\/?s={search_term_string}"},"query-input":{"@type":"PropertyValueSpecification","valueRequired":true,"valueName":"search_term_string"}}],"inLanguage":"nb-NO"},{"@type":"Organization","@id":"https:\/\/nordnesrepublikken.no\/#organization","name":"Nordnesrepublikken","url":"https:\/\/nordnesrepublikken.no\/","logo":{"@type":"ImageObject","inLanguage":"nb-NO","@id":"https:\/\/nordnesrepublikken.no\/#\/schema\/logo\/image\/","url":"https:\/\/nordnesrepublikken.no\/wp-content\/uploads\/2025\/02\/cropped-nordnesrepublikken-2.png","contentUrl":"https:\/\/nordnesrepublikken.no\/wp-content\/uploads\/2025\/02\/cropped-nordnesrepublikken-2.png","width":1248,"height":362,"caption":"Nordnesrepublikken"},"image":{"@id":"https:\/\/nordnesrepublikken.no\/#\/schema\/logo\/image\/"}},{"@type":"Person","@id":"https:\/\/nordnesrepublikken.no\/#\/schema\/person\/2e7e81935bab77882fffb79296240ff1","name":"Ole Andersen","image":{"@type":"ImageObject","inLanguage":"nb-NO","@id":"https:\/\/nordnesrepublikken.no\/#\/schema\/person\/image\/","url":"https:\/\/nordnesrepublikken.no\/wp-content\/uploads\/2025\/02\/nordnesrepublikken-2-2-150x150.jpg","contentUrl":"https:\/\/nordnesrepublikken.no\/wp-content\/uploads\/2025\/02\/nordnesrepublikken-2-2-150x150.jpg","caption":"Ole Andersen"},"description":"Ettersom jeg vokste opp i Oslo, har jeg alltid v\u00e6rt fascinert av ordenes kraft og deres evne til \u00e5 skape endringer. Etter \u00e5 ha fullf\u00f8rt min utdannelse i kommunikasjon ved Universitetet i Bergen, fikk jeg muligheten til \u00e5 jobbe innen ulike medier, der jeg har s\u00f8kt \u00e5 belyse viktige samfunnssp\u00f8rsm\u00e5l. I dag, som redakt\u00f8r for Nordnesrepublikken, pr\u00f8ver jeg \u00e5 forene min kj\u00e6rlighet for journalistikk med min lidenskap for innovasjon og eventyr.","sameAs":["https:\/\/nordnesrepublikken.no\/"]}]}},"_links":{"self":[{"href":"https:\/\/nordnesrepublikken.no\/index.php\/wp-json\/wp\/v2\/posts\/11700","targetHints":{"allow":["GET"]}}],"collection":[{"href":"https:\/\/nordnesrepublikken.no\/index.php\/wp-json\/wp\/v2\/posts"}],"about":[{"href":"https:\/\/nordnesrepublikken.no\/index.php\/wp-json\/wp\/v2\/types\/post"}],"author":[{"embeddable":true,"href":"https:\/\/nordnesrepublikken.no\/index.php\/wp-json\/wp\/v2\/users\/1"}],"replies":[{"embeddable":true,"href":"https:\/\/nordnesrepublikken.no\/index.php\/wp-json\/wp\/v2\/comments?post=11700"}],"version-history":[{"count":1,"href":"https:\/\/nordnesrepublikken.no\/index.php\/wp-json\/wp\/v2\/posts\/11700\/revisions"}],"predecessor-version":[{"id":11702,"href":"https:\/\/nordnesrepublikken.no\/index.php\/wp-json\/wp\/v2\/posts\/11700\/revisions\/11702"}],"wp:featuredmedia":[{"embeddable":true,"href":"https:\/\/nordnesrepublikken.no\/index.php\/wp-json\/wp\/v2\/media\/11701"}],"wp:attachment":[{"href":"https:\/\/nordnesrepublikken.no\/index.php\/wp-json\/wp\/v2\/media?parent=11700"}],"wp:term":[{"taxonomy":"category","embeddable":true,"href":"https:\/\/nordnesrepublikken.no\/index.php\/wp-json\/wp\/v2\/categories?post=11700"},{"taxonomy":"post_tag","embeddable":true,"href":"https:\/\/nordnesrepublikken.no\/index.php\/wp-json\/wp\/v2\/tags?post=11700"}],"curies":[{"name":"wp","href":"https:\/\/api.w.org\/{rel}","templated":true}]}}