{"id":11694,"date":"2025-11-14T13:51:01","date_gmt":"2025-11-14T12:51:01","guid":{"rendered":"https:\/\/nordnesrepublikken.no\/index.php\/2025\/11\/14\/tidens-psykologi-hvorfor-det-foles-raskere-etter-pandemien-men-kanskje-litt-tregere-i-spania\/"},"modified":"2025-11-14T13:51:03","modified_gmt":"2025-11-14T12:51:03","slug":"tidens-psykologi-hvorfor-det-foles-raskere-etter-pandemien-men-kanskje-litt-tregere-i-spania","status":"publish","type":"post","link":"https:\/\/nordnesrepublikken.no\/index.php\/2025\/11\/14\/tidens-psykologi-hvorfor-det-foles-raskere-etter-pandemien-men-kanskje-litt-tregere-i-spania\/","title":{"rendered":"Tidens psykologi: Hvorfor det f\u00f8les raskere etter pandemien, men kanskje litt tregere i Spania"},"content":{"rendered":"<p><\/p>\n<div class=\"wordpress-content\">\n                    <!-- Article Start --><\/p>\n<p>\u00c5 \u00f8nske seg \u00abbare \u00e9n time til om dagen\u00bb har blitt en kjent klage over hele verden. Likevel ny forskning p\u00e5 <strong>tids fattigdom<\/strong> antyder at mange av oss har mer fritid enn vi tror \u2013 vi opplever det bare ikke slik. Samtidig mange <strong>expats i Spania<\/strong> beskriv den motsatte f\u00f8lelsen: dager som f\u00f8les langsommere og p\u00e5 en eller annen m\u00e5te romsligere enn f\u00f8r de flyttet.<\/p>\n<h2><strong>Hva ny forskning sier om \u00e5 f\u00f8le seg sulten p\u00e5 tid<\/strong><\/h2>\n<p>Et nylig innslag i Science News rapporterer at folk ofte f\u00f8ler seg \u00absultet etter tid\u00bb selv n\u00e5r de objektivt sett f\u00e5r ekstra timer, fordi kvalitet betyr like mye som kvantitet. Stykket oppsummerer arbeidet til psykolog Xiaomin Sun og kolleger, som argumenterer for at konstante avbrudd, lange gj\u00f8rem\u00e5lslister og mangel p\u00e5 kontroll over timeplanen ens forsterker tidsfattigdom, uavhengig av hvor mye fritid klokken sier du har.<\/p>\n<p>I en syv-dagers dagbokstudie av 347 arbeidere fant Suns team at fem faktorer sp\u00e5dde hvordan tidsfattige mennesker f\u00f8lte seg p\u00e5 en gitt dag:<\/p>\n<div class=\"sra_unit\"><link rel=\"stylesheet\" id=\"block-sra\" href=\"https:\/\/euroweeklynews.com\/wp-content\/plugins\/snack-related-articles\/dist\/css\/snack-related.min.css?250312-193541\" type=\"text\/css\" media=\"all\">\n<\/div>\n<ul>\n<li>mengden skj\u00f8nnsmessig tid<\/li>\n<li>hvor intens dagen deres f\u00f8ltes<\/li>\n<li>hvor fragmentert timeplanen deres var<\/li>\n<li>om de opplevde flyt (dyp involvering)<\/li>\n<li>hvor autonome aktivitetene deres f\u00f8ltes<\/li>\n<\/ul>\n<p>Det avgj\u00f8rende var at subjektiv tidsfattigdom \u2013 f\u00f8lelsen av \u00e5 ikke ha nok tid \u2013 sp\u00e5dde fall i b\u00e5de dag-til-dag lykke og f\u00f8lelse av hensikt sterkere enn bare \u00e5 ha f\u00e6rre ledige timer (Journal of Happiness Studies).<\/p>\n<h2><strong>Hvor mye fritid er nok? Det s\u00f8te stedet er\u2026<\/strong><\/h2>\n<p>Et eget sett med studier ledet av Marissa Sharif, Cassie Mogilner og Hal Hershfield analyserte data fra mer enn 35 000 amerikanere for \u00e5 se hvordan fritid henger sammen med velv\u00e6re. De fant en U-formet kurve:<\/p>\n<ul>\n<li>\u00c5 ha for lite skj\u00f8nnsmessig tid er knyttet til lavere trivsel, i stor grad p\u00e5 grunn av stress \u2013 tenk yrkesaktive foreldre.<\/li>\n<li>Men \u00e5 ha for mye fritid kan ogs\u00e5 redusere trivselen, spesielt n\u00e5r folk ikke bruker den p\u00e5 en meningsfull eller produktiv m\u00e5te \u2013 tenk pensjonister.<\/li>\n<\/ul>\n<p>Velv\u00e6re har en tendens til \u00e5 \u00f8ke etter hvert som fritiden \u00f8ker, men flater ut med omtrent to timer om dagen og begynner \u00e5 avta etter omtrent fem timer (EurekAlert; Psychology Today).<\/p>\n<p>Men n\u00e5r folk bruker ekstra tid til hobbyer eller sosiale aktiviteter av h\u00f8y kvalitet, forsvant ulempen med &laquo;for mye&raquo; fritid nesten, bemerket Hershfield.<\/p>\n<p>Med andre ord, det er ikke bare hvor mange timer vi har \u2013 det er hva vi fyller dem med og hvor fragmenterte de er som f\u00e5r oss til \u00e5 f\u00f8le oss tidsrike eller tidsfattige.<\/p>\n<h2><strong>Har tiden virkelig g\u00e5tt opp siden Covid-pandemien?<\/strong><\/h2>\n<p>Mange lesere vil kjenne igjen f\u00f8lelsen av at selve tiden endret seg etter COVID-19-pandemien.<\/p>\n<p>Forskning fra store internasjonale utvalg har beskrevet utbredt &laquo;temporal desorientering&raquo; \u2013 folk som rapporterer at pandemiperioden f\u00f8les samtidig veldig lang og merkelig komprimert, og som sliter med \u00e5 plassere hendelser i riktig \u00e5r (PLOS One; Nature Human Behaviour).<\/p>\n<p>Legg til det den digitale akselerasjonen av arbeidet \u2013 flere nettm\u00f8ter, meldinger, varsler og konstant tilgjengelighet \u2013 og det er ikke overraskende at mange f\u00f8ler at livet har blitt stadig raskere.<\/p>\n<h2><strong>Hvorfor mange expats i Spania sier at dagene deres f\u00f8les lengre<\/strong><\/h2>\n<p>Flere trekk ved hverdagen her kartlegger pent hva forskerne sier gj\u00f8r at tiden f\u00f8les rikere:<\/p>\n<ul>\n<li><strong>Middagsbremsing og siestakultur<\/strong>\n<p>Selv der den tradisjonelle siestaen utvikler seg, blir mange byer stille etter lunsj. Butikker som stenger om ettermiddagen skaper et naturlig andre &laquo;kapittel&raquo; til dagen. Expats intervjuet av EWN beskriver \u00e5 ta en kort siesta som en av de beste endringene de har gjort for energi- og stressniv\u00e5er.<\/li>\n<li><strong>Lengre sosiale \u00f8yeblikk<\/strong>\n<p>I mange spanske lokalsamfunn er det \u00e5 m\u00f8te en venn for kaffe eller en drink ikke et vindu p\u00e5 15 minutter som er klemt mellom oppgavene, men en uforstyrret innhenting. Den typen dyp, uavbrutt tid er n\u00f8yaktig hva Suns studie kobler til st\u00f8rre \u00abtidsrikdom\u00bb \u2013 f\u00f8lelsen nedsenket i stedet for stresset.<\/li>\n<li><strong>Utend\u00f8rs, gangbare rutiner<\/strong>\n<p>Hverdagen i Spania involverer ofte \u00e5 g\u00e5 til markedet, spasere <em>paseo mar\u00edtimo<\/em>eller dvelende p\u00e5 en <em>terraza<\/em>. Psykologer legger merke til at nye, sanserike opplevelser skaper mer distinkte minner, som kan f\u00e5 dagene til \u00e5 f\u00f8les fyldigere og lengre n\u00e5r vi ser tilbake p\u00e5 dem.<\/li>\n<\/ul>\n<p>Forskere og klinikere har en tendens til \u00e5 forene seg p\u00e5 noen f\u00e5 praktiske trinn som stemmer godt overens med Spanias langsommere livsstil:<\/p>\n<ul>\n<li><strong>Kj\u00f8r en enkel tidsrevisjon<\/strong>\n<p>Hal Hershfield og andre foresl\u00e5r \u00e5 spore noen dager med aktiviteter, hvor lang tid de tar og hvordan du f\u00f8ler deg etterp\u00e5. Dette gj\u00f8r det lettere \u00e5 se hvor tiden g\u00e5r tapt til lavverdi rulling, konstant e-postsjekking eller un\u00f8dvendige \u00e6rend.<\/li>\n<li><strong>Reduser fragmentering der du kan<\/strong>\n<p>\u00c5 samle e-poster eller \u00e6rend, sette grenser rundt meldingsapper og beskytte lengre blokker for dypt arbeid eller skikkelig hvile kan kutte \u00abtidskonfettien\u00bb som Suns dagbokstudie knytter til h\u00f8yere tidsfattigdom.<\/li>\n<li><strong>Prioriter meningsfull fritid<\/strong>\n<p>2\u20135 timers &laquo;sweet spot&raquo; betyr mindre hvis disse timene f\u00f8les tomme. \u00c5 lage mat med venner, bli med p\u00e5 en lokal fiesta eller l\u00e6re spansk i en virkelig verden er eksempler p\u00e5 de oppslukende, sosiale aktivitetene som forskning forbinder med \u00e5 f\u00f8le seg tidsrik.<\/li>\n<li><strong>\u00d8v p\u00e5 ditt eget \u00abtidsarbeid\u00bb<\/strong>\n<p>Ved \u00e5 l\u00e5ne Flahertys term, kan expats eksperimentere med sm\u00e5 endringer i hvordan de strukturerer dagen \u2013 en tregere morgen <em>caf\u00e9 con leche<\/em> i stedet for \u00e5 sjekke e-post i sengen, en kort spasertur etter middagen i stedet for en annen episode p\u00e5 TV.<\/li>\n<\/ul>\n<p>Se alle Spansk Living.<\/p>\n<p>                    <!-- Originally published at https:\/\/euroweeklynews.com\/2025\/11\/14\/the-psychology-of-time-why-it-feels-faster-post-pandemic-but-perhaps-a-little-slower-in-spain\/ on 14 Nov 2025 at 13:45 by Letara Draghia --><br \/>\n                    <!-- Article End -->\n                <\/div>\n","protected":false},"excerpt":{"rendered":"<p>\u00c5 \u00f8nske seg \u00abbare \u00e9n time til om dagen\u00bb har blitt en kjent klage over<\/p>\n","protected":false},"author":1,"featured_media":11695,"comment_status":"closed","ping_status":"open","sticky":false,"template":"","format":"standard","meta":{"footnotes":""},"categories":[105],"tags":[66,92,7599,101,193,2861,355,7700,7091,2956,529,7699,7701],"class_list":["post-11694","post","type-post","status-publish","format-standard","has-post-thumbnail","hentry","category-livsstil","tag-det","tag-etter","tag-foles","tag-hvorfor","tag-kanskje","tag-litt","tag-men","tag-pandemien","tag-psykologi","tag-raskere","tag-spania","tag-tidens","tag-tregere","generate-columns","tablet-grid-50","mobile-grid-100","grid-parent","grid-33","resize-featured-image"],"yoast_head":"<!-- This site is optimized with the Yoast SEO plugin v24.4 - https:\/\/yoast.com\/wordpress\/plugins\/seo\/ -->\n<title>Tidens psykologi: Hvorfor det f\u00f8les raskere etter pandemien, men kanskje litt tregere i Spania - Nordnesrepublikken<\/title>\n<meta name=\"robots\" content=\"index, follow, max-snippet:-1, max-image-preview:large, max-video-preview:-1\" \/>\n<link rel=\"canonical\" href=\"https:\/\/nordnesrepublikken.no\/index.php\/2025\/11\/14\/tidens-psykologi-hvorfor-det-foles-raskere-etter-pandemien-men-kanskje-litt-tregere-i-spania\/\" \/>\n<meta property=\"og:locale\" content=\"nb_NO\" \/>\n<meta property=\"og:type\" content=\"article\" \/>\n<meta property=\"og:title\" content=\"Tidens psykologi: Hvorfor det f\u00f8les raskere etter pandemien, men kanskje litt tregere i Spania - Nordnesrepublikken\" \/>\n<meta property=\"og:description\" content=\"\u00c5 \u00f8nske seg \u00abbare \u00e9n time til om dagen\u00bb har blitt en kjent klage over\" \/>\n<meta property=\"og:url\" content=\"https:\/\/nordnesrepublikken.no\/index.php\/2025\/11\/14\/tidens-psykologi-hvorfor-det-foles-raskere-etter-pandemien-men-kanskje-litt-tregere-i-spania\/\" \/>\n<meta property=\"og:site_name\" content=\"Nordnesrepublikken\" \/>\n<meta property=\"article:published_time\" content=\"2025-11-14T12:51:01+00:00\" \/>\n<meta property=\"article:modified_time\" content=\"2025-11-14T12:51:03+00:00\" \/>\n<meta property=\"og:image\" content=\"https:\/\/nordnesrepublikken.no\/wp-content\/uploads\/2025\/11\/1763124661_Tidens-psykologi-Hvorfor-det-foles-raskere-etter-pandemien-men-kanskje.jpg\" \/>\n\t<meta property=\"og:image:width\" content=\"1200\" \/>\n\t<meta property=\"og:image:height\" content=\"791\" \/>\n\t<meta property=\"og:image:type\" content=\"image\/jpeg\" \/>\n<meta name=\"author\" content=\"Ole Andersen\" \/>\n<meta name=\"twitter:card\" content=\"summary_large_image\" \/>\n<meta name=\"twitter:label1\" content=\"Skrevet av\" \/>\n\t<meta name=\"twitter:data1\" content=\"Ole Andersen\" \/>\n\t<meta name=\"twitter:label2\" content=\"Ansl. lesetid\" \/>\n\t<meta name=\"twitter:data2\" content=\"4 minutter\" \/>\n<script type=\"application\/ld+json\" class=\"yoast-schema-graph\">{\"@context\":\"https:\/\/schema.org\",\"@graph\":[{\"@type\":\"Article\",\"@id\":\"https:\/\/nordnesrepublikken.no\/index.php\/2025\/11\/14\/tidens-psykologi-hvorfor-det-foles-raskere-etter-pandemien-men-kanskje-litt-tregere-i-spania\/#article\",\"isPartOf\":{\"@id\":\"https:\/\/nordnesrepublikken.no\/index.php\/2025\/11\/14\/tidens-psykologi-hvorfor-det-foles-raskere-etter-pandemien-men-kanskje-litt-tregere-i-spania\/\"},\"author\":{\"name\":\"Ole Andersen\",\"@id\":\"https:\/\/nordnesrepublikken.no\/#\/schema\/person\/2e7e81935bab77882fffb79296240ff1\"},\"headline\":\"Tidens psykologi: Hvorfor det f\u00f8les raskere etter pandemien, men kanskje litt tregere i Spania\",\"datePublished\":\"2025-11-14T12:51:01+00:00\",\"dateModified\":\"2025-11-14T12:51:03+00:00\",\"mainEntityOfPage\":{\"@id\":\"https:\/\/nordnesrepublikken.no\/index.php\/2025\/11\/14\/tidens-psykologi-hvorfor-det-foles-raskere-etter-pandemien-men-kanskje-litt-tregere-i-spania\/\"},\"wordCount\":912,\"publisher\":{\"@id\":\"https:\/\/nordnesrepublikken.no\/#organization\"},\"image\":{\"@id\":\"https:\/\/nordnesrepublikken.no\/index.php\/2025\/11\/14\/tidens-psykologi-hvorfor-det-foles-raskere-etter-pandemien-men-kanskje-litt-tregere-i-spania\/#primaryimage\"},\"thumbnailUrl\":\"https:\/\/nordnesrepublikken.no\/wp-content\/uploads\/2025\/11\/1763124661_Tidens-psykologi-Hvorfor-det-foles-raskere-etter-pandemien-men-kanskje.jpg\",\"keywords\":[\"Det\",\"Etter\",\"f\u00f8les\",\"hvorfor\",\"kanskje\",\"litt\",\"men\",\"pandemien\",\"psykologi\",\"raskere\",\"Spania\",\"Tidens\",\"tregere\"],\"articleSection\":[\"Livsstil\"],\"inLanguage\":\"nb-NO\"},{\"@type\":\"WebPage\",\"@id\":\"https:\/\/nordnesrepublikken.no\/index.php\/2025\/11\/14\/tidens-psykologi-hvorfor-det-foles-raskere-etter-pandemien-men-kanskje-litt-tregere-i-spania\/\",\"url\":\"https:\/\/nordnesrepublikken.no\/index.php\/2025\/11\/14\/tidens-psykologi-hvorfor-det-foles-raskere-etter-pandemien-men-kanskje-litt-tregere-i-spania\/\",\"name\":\"Tidens psykologi: Hvorfor det f\u00f8les raskere etter pandemien, men kanskje litt tregere i Spania - Nordnesrepublikken\",\"isPartOf\":{\"@id\":\"https:\/\/nordnesrepublikken.no\/#website\"},\"primaryImageOfPage\":{\"@id\":\"https:\/\/nordnesrepublikken.no\/index.php\/2025\/11\/14\/tidens-psykologi-hvorfor-det-foles-raskere-etter-pandemien-men-kanskje-litt-tregere-i-spania\/#primaryimage\"},\"image\":{\"@id\":\"https:\/\/nordnesrepublikken.no\/index.php\/2025\/11\/14\/tidens-psykologi-hvorfor-det-foles-raskere-etter-pandemien-men-kanskje-litt-tregere-i-spania\/#primaryimage\"},\"thumbnailUrl\":\"https:\/\/nordnesrepublikken.no\/wp-content\/uploads\/2025\/11\/1763124661_Tidens-psykologi-Hvorfor-det-foles-raskere-etter-pandemien-men-kanskje.jpg\",\"datePublished\":\"2025-11-14T12:51:01+00:00\",\"dateModified\":\"2025-11-14T12:51:03+00:00\",\"breadcrumb\":{\"@id\":\"https:\/\/nordnesrepublikken.no\/index.php\/2025\/11\/14\/tidens-psykologi-hvorfor-det-foles-raskere-etter-pandemien-men-kanskje-litt-tregere-i-spania\/#breadcrumb\"},\"inLanguage\":\"nb-NO\",\"potentialAction\":[{\"@type\":\"ReadAction\",\"target\":[\"https:\/\/nordnesrepublikken.no\/index.php\/2025\/11\/14\/tidens-psykologi-hvorfor-det-foles-raskere-etter-pandemien-men-kanskje-litt-tregere-i-spania\/\"]}]},{\"@type\":\"ImageObject\",\"inLanguage\":\"nb-NO\",\"@id\":\"https:\/\/nordnesrepublikken.no\/index.php\/2025\/11\/14\/tidens-psykologi-hvorfor-det-foles-raskere-etter-pandemien-men-kanskje-litt-tregere-i-spania\/#primaryimage\",\"url\":\"https:\/\/nordnesrepublikken.no\/wp-content\/uploads\/2025\/11\/1763124661_Tidens-psykologi-Hvorfor-det-foles-raskere-etter-pandemien-men-kanskje.jpg\",\"contentUrl\":\"https:\/\/nordnesrepublikken.no\/wp-content\/uploads\/2025\/11\/1763124661_Tidens-psykologi-Hvorfor-det-foles-raskere-etter-pandemien-men-kanskje.jpg\",\"width\":1200,\"height\":791,\"caption\":\"Tidens psykologi: Hvorfor det f\u00f8les raskere etter pandemien, men kanskje litt tregere i Spania\"},{\"@type\":\"BreadcrumbList\",\"@id\":\"https:\/\/nordnesrepublikken.no\/index.php\/2025\/11\/14\/tidens-psykologi-hvorfor-det-foles-raskere-etter-pandemien-men-kanskje-litt-tregere-i-spania\/#breadcrumb\",\"itemListElement\":[{\"@type\":\"ListItem\",\"position\":1,\"name\":\"Home\",\"item\":\"https:\/\/nordnesrepublikken.no\/\"},{\"@type\":\"ListItem\",\"position\":2,\"name\":\"Tidens psykologi: Hvorfor det f\u00f8les raskere etter pandemien, men kanskje litt tregere i Spania\"}]},{\"@type\":\"WebSite\",\"@id\":\"https:\/\/nordnesrepublikken.no\/#website\",\"url\":\"https:\/\/nordnesrepublikken.no\/\",\"name\":\"Nordnesrepublikken\",\"description\":\"Stemmer og Visjoner fra Republikkens Hjerte\",\"publisher\":{\"@id\":\"https:\/\/nordnesrepublikken.no\/#organization\"},\"potentialAction\":[{\"@type\":\"SearchAction\",\"target\":{\"@type\":\"EntryPoint\",\"urlTemplate\":\"https:\/\/nordnesrepublikken.no\/?s={search_term_string}\"},\"query-input\":{\"@type\":\"PropertyValueSpecification\",\"valueRequired\":true,\"valueName\":\"search_term_string\"}}],\"inLanguage\":\"nb-NO\"},{\"@type\":\"Organization\",\"@id\":\"https:\/\/nordnesrepublikken.no\/#organization\",\"name\":\"Nordnesrepublikken\",\"url\":\"https:\/\/nordnesrepublikken.no\/\",\"logo\":{\"@type\":\"ImageObject\",\"inLanguage\":\"nb-NO\",\"@id\":\"https:\/\/nordnesrepublikken.no\/#\/schema\/logo\/image\/\",\"url\":\"https:\/\/nordnesrepublikken.no\/wp-content\/uploads\/2025\/02\/cropped-nordnesrepublikken-2.png\",\"contentUrl\":\"https:\/\/nordnesrepublikken.no\/wp-content\/uploads\/2025\/02\/cropped-nordnesrepublikken-2.png\",\"width\":1248,\"height\":362,\"caption\":\"Nordnesrepublikken\"},\"image\":{\"@id\":\"https:\/\/nordnesrepublikken.no\/#\/schema\/logo\/image\/\"}},{\"@type\":\"Person\",\"@id\":\"https:\/\/nordnesrepublikken.no\/#\/schema\/person\/2e7e81935bab77882fffb79296240ff1\",\"name\":\"Ole Andersen\",\"image\":{\"@type\":\"ImageObject\",\"inLanguage\":\"nb-NO\",\"@id\":\"https:\/\/nordnesrepublikken.no\/#\/schema\/person\/image\/\",\"url\":\"https:\/\/nordnesrepublikken.no\/wp-content\/uploads\/2025\/02\/nordnesrepublikken-2-2-150x150.jpg\",\"contentUrl\":\"https:\/\/nordnesrepublikken.no\/wp-content\/uploads\/2025\/02\/nordnesrepublikken-2-2-150x150.jpg\",\"caption\":\"Ole Andersen\"},\"description\":\"Ettersom jeg vokste opp i Oslo, har jeg alltid v\u00e6rt fascinert av ordenes kraft og deres evne til \u00e5 skape endringer. Etter \u00e5 ha fullf\u00f8rt min utdannelse i kommunikasjon ved Universitetet i Bergen, fikk jeg muligheten til \u00e5 jobbe innen ulike medier, der jeg har s\u00f8kt \u00e5 belyse viktige samfunnssp\u00f8rsm\u00e5l. I dag, som redakt\u00f8r for Nordnesrepublikken, pr\u00f8ver jeg \u00e5 forene min kj\u00e6rlighet for journalistikk med min lidenskap for innovasjon og eventyr.\",\"sameAs\":[\"https:\/\/nordnesrepublikken.no\/\"]}]}<\/script>\n<!-- \/ Yoast SEO plugin. -->","yoast_head_json":{"title":"Tidens psykologi: Hvorfor det f\u00f8les raskere etter pandemien, men kanskje litt tregere i Spania - Nordnesrepublikken","robots":{"index":"index","follow":"follow","max-snippet":"max-snippet:-1","max-image-preview":"max-image-preview:large","max-video-preview":"max-video-preview:-1"},"canonical":"https:\/\/nordnesrepublikken.no\/index.php\/2025\/11\/14\/tidens-psykologi-hvorfor-det-foles-raskere-etter-pandemien-men-kanskje-litt-tregere-i-spania\/","og_locale":"nb_NO","og_type":"article","og_title":"Tidens psykologi: Hvorfor det f\u00f8les raskere etter pandemien, men kanskje litt tregere i Spania - Nordnesrepublikken","og_description":"\u00c5 \u00f8nske seg \u00abbare \u00e9n time til om dagen\u00bb har blitt en kjent klage over","og_url":"https:\/\/nordnesrepublikken.no\/index.php\/2025\/11\/14\/tidens-psykologi-hvorfor-det-foles-raskere-etter-pandemien-men-kanskje-litt-tregere-i-spania\/","og_site_name":"Nordnesrepublikken","article_published_time":"2025-11-14T12:51:01+00:00","article_modified_time":"2025-11-14T12:51:03+00:00","og_image":[{"width":1200,"height":791,"url":"https:\/\/nordnesrepublikken.no\/wp-content\/uploads\/2025\/11\/1763124661_Tidens-psykologi-Hvorfor-det-foles-raskere-etter-pandemien-men-kanskje.jpg","type":"image\/jpeg"}],"author":"Ole Andersen","twitter_card":"summary_large_image","twitter_misc":{"Skrevet av":"Ole Andersen","Ansl. lesetid":"4 minutter"},"schema":{"@context":"https:\/\/schema.org","@graph":[{"@type":"Article","@id":"https:\/\/nordnesrepublikken.no\/index.php\/2025\/11\/14\/tidens-psykologi-hvorfor-det-foles-raskere-etter-pandemien-men-kanskje-litt-tregere-i-spania\/#article","isPartOf":{"@id":"https:\/\/nordnesrepublikken.no\/index.php\/2025\/11\/14\/tidens-psykologi-hvorfor-det-foles-raskere-etter-pandemien-men-kanskje-litt-tregere-i-spania\/"},"author":{"name":"Ole Andersen","@id":"https:\/\/nordnesrepublikken.no\/#\/schema\/person\/2e7e81935bab77882fffb79296240ff1"},"headline":"Tidens psykologi: Hvorfor det f\u00f8les raskere etter pandemien, men kanskje litt tregere i Spania","datePublished":"2025-11-14T12:51:01+00:00","dateModified":"2025-11-14T12:51:03+00:00","mainEntityOfPage":{"@id":"https:\/\/nordnesrepublikken.no\/index.php\/2025\/11\/14\/tidens-psykologi-hvorfor-det-foles-raskere-etter-pandemien-men-kanskje-litt-tregere-i-spania\/"},"wordCount":912,"publisher":{"@id":"https:\/\/nordnesrepublikken.no\/#organization"},"image":{"@id":"https:\/\/nordnesrepublikken.no\/index.php\/2025\/11\/14\/tidens-psykologi-hvorfor-det-foles-raskere-etter-pandemien-men-kanskje-litt-tregere-i-spania\/#primaryimage"},"thumbnailUrl":"https:\/\/nordnesrepublikken.no\/wp-content\/uploads\/2025\/11\/1763124661_Tidens-psykologi-Hvorfor-det-foles-raskere-etter-pandemien-men-kanskje.jpg","keywords":["Det","Etter","f\u00f8les","hvorfor","kanskje","litt","men","pandemien","psykologi","raskere","Spania","Tidens","tregere"],"articleSection":["Livsstil"],"inLanguage":"nb-NO"},{"@type":"WebPage","@id":"https:\/\/nordnesrepublikken.no\/index.php\/2025\/11\/14\/tidens-psykologi-hvorfor-det-foles-raskere-etter-pandemien-men-kanskje-litt-tregere-i-spania\/","url":"https:\/\/nordnesrepublikken.no\/index.php\/2025\/11\/14\/tidens-psykologi-hvorfor-det-foles-raskere-etter-pandemien-men-kanskje-litt-tregere-i-spania\/","name":"Tidens psykologi: Hvorfor det f\u00f8les raskere etter pandemien, men kanskje litt tregere i Spania - Nordnesrepublikken","isPartOf":{"@id":"https:\/\/nordnesrepublikken.no\/#website"},"primaryImageOfPage":{"@id":"https:\/\/nordnesrepublikken.no\/index.php\/2025\/11\/14\/tidens-psykologi-hvorfor-det-foles-raskere-etter-pandemien-men-kanskje-litt-tregere-i-spania\/#primaryimage"},"image":{"@id":"https:\/\/nordnesrepublikken.no\/index.php\/2025\/11\/14\/tidens-psykologi-hvorfor-det-foles-raskere-etter-pandemien-men-kanskje-litt-tregere-i-spania\/#primaryimage"},"thumbnailUrl":"https:\/\/nordnesrepublikken.no\/wp-content\/uploads\/2025\/11\/1763124661_Tidens-psykologi-Hvorfor-det-foles-raskere-etter-pandemien-men-kanskje.jpg","datePublished":"2025-11-14T12:51:01+00:00","dateModified":"2025-11-14T12:51:03+00:00","breadcrumb":{"@id":"https:\/\/nordnesrepublikken.no\/index.php\/2025\/11\/14\/tidens-psykologi-hvorfor-det-foles-raskere-etter-pandemien-men-kanskje-litt-tregere-i-spania\/#breadcrumb"},"inLanguage":"nb-NO","potentialAction":[{"@type":"ReadAction","target":["https:\/\/nordnesrepublikken.no\/index.php\/2025\/11\/14\/tidens-psykologi-hvorfor-det-foles-raskere-etter-pandemien-men-kanskje-litt-tregere-i-spania\/"]}]},{"@type":"ImageObject","inLanguage":"nb-NO","@id":"https:\/\/nordnesrepublikken.no\/index.php\/2025\/11\/14\/tidens-psykologi-hvorfor-det-foles-raskere-etter-pandemien-men-kanskje-litt-tregere-i-spania\/#primaryimage","url":"https:\/\/nordnesrepublikken.no\/wp-content\/uploads\/2025\/11\/1763124661_Tidens-psykologi-Hvorfor-det-foles-raskere-etter-pandemien-men-kanskje.jpg","contentUrl":"https:\/\/nordnesrepublikken.no\/wp-content\/uploads\/2025\/11\/1763124661_Tidens-psykologi-Hvorfor-det-foles-raskere-etter-pandemien-men-kanskje.jpg","width":1200,"height":791,"caption":"Tidens psykologi: Hvorfor det f\u00f8les raskere etter pandemien, men kanskje litt tregere i Spania"},{"@type":"BreadcrumbList","@id":"https:\/\/nordnesrepublikken.no\/index.php\/2025\/11\/14\/tidens-psykologi-hvorfor-det-foles-raskere-etter-pandemien-men-kanskje-litt-tregere-i-spania\/#breadcrumb","itemListElement":[{"@type":"ListItem","position":1,"name":"Home","item":"https:\/\/nordnesrepublikken.no\/"},{"@type":"ListItem","position":2,"name":"Tidens psykologi: Hvorfor det f\u00f8les raskere etter pandemien, men kanskje litt tregere i Spania"}]},{"@type":"WebSite","@id":"https:\/\/nordnesrepublikken.no\/#website","url":"https:\/\/nordnesrepublikken.no\/","name":"Nordnesrepublikken","description":"Stemmer og Visjoner fra Republikkens Hjerte","publisher":{"@id":"https:\/\/nordnesrepublikken.no\/#organization"},"potentialAction":[{"@type":"SearchAction","target":{"@type":"EntryPoint","urlTemplate":"https:\/\/nordnesrepublikken.no\/?s={search_term_string}"},"query-input":{"@type":"PropertyValueSpecification","valueRequired":true,"valueName":"search_term_string"}}],"inLanguage":"nb-NO"},{"@type":"Organization","@id":"https:\/\/nordnesrepublikken.no\/#organization","name":"Nordnesrepublikken","url":"https:\/\/nordnesrepublikken.no\/","logo":{"@type":"ImageObject","inLanguage":"nb-NO","@id":"https:\/\/nordnesrepublikken.no\/#\/schema\/logo\/image\/","url":"https:\/\/nordnesrepublikken.no\/wp-content\/uploads\/2025\/02\/cropped-nordnesrepublikken-2.png","contentUrl":"https:\/\/nordnesrepublikken.no\/wp-content\/uploads\/2025\/02\/cropped-nordnesrepublikken-2.png","width":1248,"height":362,"caption":"Nordnesrepublikken"},"image":{"@id":"https:\/\/nordnesrepublikken.no\/#\/schema\/logo\/image\/"}},{"@type":"Person","@id":"https:\/\/nordnesrepublikken.no\/#\/schema\/person\/2e7e81935bab77882fffb79296240ff1","name":"Ole Andersen","image":{"@type":"ImageObject","inLanguage":"nb-NO","@id":"https:\/\/nordnesrepublikken.no\/#\/schema\/person\/image\/","url":"https:\/\/nordnesrepublikken.no\/wp-content\/uploads\/2025\/02\/nordnesrepublikken-2-2-150x150.jpg","contentUrl":"https:\/\/nordnesrepublikken.no\/wp-content\/uploads\/2025\/02\/nordnesrepublikken-2-2-150x150.jpg","caption":"Ole Andersen"},"description":"Ettersom jeg vokste opp i Oslo, har jeg alltid v\u00e6rt fascinert av ordenes kraft og deres evne til \u00e5 skape endringer. Etter \u00e5 ha fullf\u00f8rt min utdannelse i kommunikasjon ved Universitetet i Bergen, fikk jeg muligheten til \u00e5 jobbe innen ulike medier, der jeg har s\u00f8kt \u00e5 belyse viktige samfunnssp\u00f8rsm\u00e5l. I dag, som redakt\u00f8r for Nordnesrepublikken, pr\u00f8ver jeg \u00e5 forene min kj\u00e6rlighet for journalistikk med min lidenskap for innovasjon og eventyr.","sameAs":["https:\/\/nordnesrepublikken.no\/"]}]}},"_links":{"self":[{"href":"https:\/\/nordnesrepublikken.no\/index.php\/wp-json\/wp\/v2\/posts\/11694","targetHints":{"allow":["GET"]}}],"collection":[{"href":"https:\/\/nordnesrepublikken.no\/index.php\/wp-json\/wp\/v2\/posts"}],"about":[{"href":"https:\/\/nordnesrepublikken.no\/index.php\/wp-json\/wp\/v2\/types\/post"}],"author":[{"embeddable":true,"href":"https:\/\/nordnesrepublikken.no\/index.php\/wp-json\/wp\/v2\/users\/1"}],"replies":[{"embeddable":true,"href":"https:\/\/nordnesrepublikken.no\/index.php\/wp-json\/wp\/v2\/comments?post=11694"}],"version-history":[{"count":1,"href":"https:\/\/nordnesrepublikken.no\/index.php\/wp-json\/wp\/v2\/posts\/11694\/revisions"}],"predecessor-version":[{"id":11696,"href":"https:\/\/nordnesrepublikken.no\/index.php\/wp-json\/wp\/v2\/posts\/11694\/revisions\/11696"}],"wp:featuredmedia":[{"embeddable":true,"href":"https:\/\/nordnesrepublikken.no\/index.php\/wp-json\/wp\/v2\/media\/11695"}],"wp:attachment":[{"href":"https:\/\/nordnesrepublikken.no\/index.php\/wp-json\/wp\/v2\/media?parent=11694"}],"wp:term":[{"taxonomy":"category","embeddable":true,"href":"https:\/\/nordnesrepublikken.no\/index.php\/wp-json\/wp\/v2\/categories?post=11694"},{"taxonomy":"post_tag","embeddable":true,"href":"https:\/\/nordnesrepublikken.no\/index.php\/wp-json\/wp\/v2\/tags?post=11694"}],"curies":[{"name":"wp","href":"https:\/\/api.w.org\/{rel}","templated":true}]}}