{"id":11682,"date":"2025-11-14T06:50:57","date_gmt":"2025-11-14T05:50:57","guid":{"rendered":"https:\/\/nordnesrepublikken.no\/index.php\/2025\/11\/14\/verdens-diabetesdag-bevissthet-sparer-millioner-globalt\/"},"modified":"2025-11-14T06:50:59","modified_gmt":"2025-11-14T05:50:59","slug":"verdens-diabetesdag-bevissthet-sparer-millioner-globalt","status":"publish","type":"post","link":"https:\/\/nordnesrepublikken.no\/index.php\/2025\/11\/14\/verdens-diabetesdag-bevissthet-sparer-millioner-globalt\/","title":{"rendered":"Verdens diabetesdag: Bevissthet sparer millioner globalt"},"content":{"rendered":"<p><\/p>\n<div class=\"wordpress-content\">\n                    <!-- Article Start --><\/p>\n<p class=\"p1\"><strong>Denne verden<span class=\"s1\">\u202f <\/span>Diabetes<span class=\"s1\">\u202f <\/span>Dagen st\u00e5r verden overfor en \u00f8kende helseutfordring: Antallet voksne og barn som lever med diabetes har \u00f8kt dramatisk og forventes \u00e5 stige ytterligere de neste ti\u00e5rene. Globalt er det ansl\u00e5tt at omtrent \u00e9n av ni voksne i dag lever med diabetes, og innen 2050 kan tallet stige til \u00e9n av \u00e5tte.<\/strong><\/p>\n<p class=\"p1\">I mellomtiden, over 1<span class=\"s1\">\u202f<\/span>millioner barn under 19 lever med type<span class=\"s1\">\u202f<\/span>1 diabetes over hele verden, og fremhever sykdommens innvirkning p\u00e5 tvers av alle aldre. Denne b\u00f8lgen legger et enormt press p\u00e5 helsesystemer, \u00f8konomier og de ber\u00f8rte individene.<\/p>\n<p class=\"p1\">I Europa som helhet kan \u00e9n av ti voksne leve med diabetes innen 2045, mens de er type<span class=\"s1\">\u202f<\/span>1 forekomsten hos barn fortsetter \u00e5 \u00f8ke noe i flere land. Selv i nasjoner med h\u00f8yere inntekt med sterke helsesystemer er forebygging og kontroll fortsatt skj\u00f8re.<\/p>\n<div class=\"sra_unit\"><link rel=\"stylesheet\" id=\"block-sra\" href=\"https:\/\/euroweeklynews.com\/wp-content\/plugins\/snack-related-articles\/dist\/css\/snack-related.min.css?250312-193541\" type=\"text\/css\" media=\"all\">\n<\/div>\n<h2 class=\"p3\"><b>Spanias diabetesbyrde<\/b><\/h2>\n<h3 class=\"p4\"><b>Voksne og barn<\/b><\/h3>\n<p class=\"p1\">I Spania p\u00e5virker tilstanden omtrent 14,8<span class=\"s1\">\u202f<\/span>% av voksne i alderen 20\u201379, noe som betyr omtrent 5,1<span class=\"s1\">\u202f<\/span>millioner mennesker lever i dag med diabetes. Prevalensen er blant de h\u00f8yeste i EU og fremhever hvordan livsstil, aldring og regionale helseforskjeller former spredningen av sykdommen.<\/p>\n<p class=\"p1\">Blant barn, ca 15<span class=\"s1\">\u202f<\/span>000 under 15 lever med type<span class=\"s1\">\u202f<\/span>1 diabetes. Spanske helsemyndigheter understreker at mens type<span class=\"s1\">\u202f<\/span>2 diabetes hos voksne er i stor grad drevet av fedme, inaktivitet og diett, type<span class=\"s1\">\u202f<\/span>1 kan ikke forhindres. Tidlig oppdagelse og riktig behandling er avgj\u00f8rende for \u00e5 unng\u00e5 komplikasjoner hos barn.<\/p>\n<h2 class=\"p3\"><b>Storbritannias bilde<\/b><\/h2>\n<h3 class=\"p4\"><b>Diagnostiserte, udiagnostiserte og utsatte populasjoner<\/b><\/h3>\n<p class=\"p1\">Storbritannia st\u00e5r overfor sin egen krise: mer enn 5,8<span class=\"s1\">\u202f<\/span>millioner mennesker lever med diabetes, de fleste diagnostisert, men med et betydelig antall fortsatt uoppdaget. Rundt 90<span class=\"s1\">\u202f<\/span>% av diagnostiserte tilfeller er type<span class=\"s1\">\u202f<\/span>2. Ytterligere millioner av voksne ansl\u00e5s \u00e5 ha pre-diabetes, noe som gir dem h\u00f8y risiko for \u00e5 utvikle seg til full tilstand.<\/p>\n<p class=\"p1\">Blant barn, rundt 30<span class=\"s1\">\u202f<\/span>000 under 19 bor med type<span class=\"s1\">\u202f<\/span>1 diabetes. Rettidig diagnose er avgj\u00f8rende for \u00e5 forhindre livstruende komplikasjoner som diabetisk ketoacidose. For England alene viser nyere data type<span class=\"s1\">\u202f<\/span>2 diabetesprevalens blant voksne i alderen 16 \u00e5r og over rundt 7,8<span class=\"s1\">\u202f<\/span>% (2021), som understreker hvor utbredt sykdommen har blitt.<\/p>\n<h2 class=\"p3\"><b>Hvorfor det betyr noe<\/b><\/h2>\n<h3 class=\"p4\"><b>Komplikasjoner, skjulte tilfeller og global byrde<\/b><\/h3>\n<p class=\"p1\">De menneskelige og \u00f8konomiske kostnadene ved diabetes er enorme. Globalt bor fire av fem voksne som lever med diabetes i lav- eller mellominntektsland, og anslagsvis 43<span class=\"s1\">\u202f<\/span>% av personer med sykdommen er udiagnostisert. Disse skjulte tilfellene, sammen med barn med risiko for akutte komplikasjoner, fremhever viktigheten av tidlig oppdagelse.<\/p>\n<p class=\"p1\">I Spania og Storbritannia krever millioner av voksne og tusenvis av barn med diabetes at helsevesenet fokuserer p\u00e5 behandling, forebygging og langtidsoverv\u00e5king. Selv der diagnose oppst\u00e5r, forblir opptaket av strukturert utdanning og tilgang til nyere behandlinger ujevnt.<\/p>\n<h2 class=\"p3\"><b>Gjenkjenne advarselsskiltene<\/b><\/h2>\n<h3 class=\"p4\"><b>Hva enkeltpersoner b\u00f8r se etter<\/b><\/h3>\n<p class=\"p1\">Tidlig oppdagelse er viktig for b\u00e5de voksne og barn. Vanlige symptomer inkluderer \u00f8kt t\u00f8rste og vannlating, vedvarende tretthet, uforklarlig vektendring, t\u00e5kesyn eller saktehelende s\u00e5r. Hos barn kan tilleggstegn inkludere raske symptomer, hyppige infeksjoner og endringer i hum\u00f8r eller appetitt.<\/p>\n<p class=\"p1\">Risikofaktorer inkluderer overvekt, fysisk inaktiv, eldre alder, familiehistorie med diabetes, og i Storbritannia medlemskap av visse etniske minoritetsgrupper. Screeningprogrammer og bevisstgj\u00f8ringskampanjer er fortsatt viktige for b\u00e5de voksne og barn.<\/p>\n<h2 class=\"p3\"><b>Hva kan folk og myndigheter gj\u00f8re?<\/b><\/h2>\n<h3 class=\"p4\"><b>Bevissthet, forebygging og innovasjon<\/b><\/h3>\n<p class=\"p1\">P\u00e5 et individuelt niv\u00e5 reduserer sunt kosthold, regelmessig mosjon, vektkontroll og unng\u00e5else av r\u00f8yking risikoen for type<span class=\"s1\">\u202f<\/span>2 diabetes. For barn og voksne som allerede er diagnostisert, inkluderer ledelsen regelmessig overv\u00e5king, strukturert oppl\u00e6ring og bruk av fremskritt som kontinuerlig glukoseoverv\u00e5king og smart insulintilf\u00f8rsel.<\/p>\n<p class=\"p1\">P\u00e5 politisk niv\u00e5 intensiverer Spanias regionale helsesystemer og Storbritannias helsemyndigheter tidlig oppdagelse, livsstilsintervensjonstjenester og offentlig bevissthetskampanjer for alle aldersgrupper. Utfordringen ligger i \u00e5 skalere disse initiativene og sikre rettferdig tilgang.<\/p>\n<p class=\"p1\">I mellomtiden g\u00e5r medisinsk forskning raskt fremover. Nye teknologier som automatiserte insulinleveringssystemer, immunterapier og behandlinger for regenerering av betaceller lover bedre resultater hos b\u00e5de voksne og barn, selv om forebygging fortsatt er den mest robuste strategien i dag.<\/p>\n<h3 class=\"p3\"><b>N\u00f8kkeluttak<\/b><\/h3>\n<ul class=\"ul1\">\n<li class=\"li1\">Globalt rundt 11<span class=\"s1\">\u202f<\/span>% av voksne lever for tiden med diabetes; over 1<span class=\"s1\">\u202f<\/span>millioner barn er ogs\u00e5 ber\u00f8rt.<\/li>\n<li class=\"li1\">Spania: ca 14.8<span class=\"s1\">\u202f<\/span>% av voksne (\u22485,1<span class=\"s1\">\u202f<\/span>millioner) og 15<span class=\"s1\">\u202f<\/span>000 barn har diabetes.<\/li>\n<li class=\"li1\">Storbritannia: mer enn 5,8<span class=\"s1\">\u202f<\/span>millioner voksne og 30<span class=\"s1\">\u202f<\/span>000 barn diagnostisert; millioner mer i fare eller udiagnostisert.<\/li>\n<li class=\"li1\">Tidlige symptomer inkluderer \u00f8kt t\u00f8rste, hyppig vannlating, tretthet, t\u00e5kesyn, og for barn, raske symptomer, infeksjoner og appetittendringer.<\/li>\n<li class=\"li1\">Forebygging, tidlig oppdagelse, livsstilsendringer og moderne teknologi er avgj\u00f8rende, b\u00e5de for voksne og barn.<\/li>\n<\/ul>\n<h3 class=\"p4\"><b>Gj\u00f8re bevissthet til handling<\/b><\/h3>\n<p class=\"p1\">Som World Diabetes Day fremhever, er diabetes en samfunnsutfordring for alle aldre. Spania og Storbritannia viser hvor dypt sykdommen har spredt seg selv i utviklede land. Tidlig oppdagelse, forebyggingsprogrammer, tilgang til behandling og forskningsinvesteringer er avgj\u00f8rende. Rutinekontroller, sunnere livsstil og \u00e5rv\u00e5kenhet om symptomer kan redde liv. Diabetes kan forebygges, diagnostiseres og h\u00e5ndteres, men bare hvis det iverksettes tiltak for b\u00e5de voksne og barn.<\/p>\n<p>                    <!-- Originally published at https:\/\/euroweeklynews.com\/2025\/11\/14\/world-diabetes-day-awareness-saves-millions-globally\/ on 14 Nov 2025 at 1:10 by Molly Grace --><br \/>\n                    <!-- Article End -->\n                <\/div>\n","protected":false},"excerpt":{"rendered":"<p>Denne verden\u202f Diabetes\u202f Dagen st\u00e5r verden overfor en \u00f8kende helseutfordring: Antallet voksne og barn som<\/p>\n","protected":false},"author":1,"featured_media":11683,"comment_status":"closed","ping_status":"open","sticky":false,"template":"","format":"standard","meta":{"footnotes":""},"categories":[105],"tags":[7689,7688,7098,34,4388,341],"class_list":["post-11682","post","type-post","status-publish","format-standard","has-post-thumbnail","hentry","category-livsstil","tag-bevissthet","tag-diabetesdag","tag-globalt","tag-millioner","tag-sparer","tag-verdens","generate-columns","tablet-grid-50","mobile-grid-100","grid-parent","grid-33","resize-featured-image"],"yoast_head":"<!-- This site is optimized with the Yoast SEO plugin v24.4 - https:\/\/yoast.com\/wordpress\/plugins\/seo\/ -->\n<title>Verdens diabetesdag: Bevissthet sparer millioner globalt - Nordnesrepublikken<\/title>\n<meta name=\"robots\" content=\"index, follow, max-snippet:-1, max-image-preview:large, max-video-preview:-1\" \/>\n<link rel=\"canonical\" href=\"https:\/\/nordnesrepublikken.no\/index.php\/2025\/11\/14\/verdens-diabetesdag-bevissthet-sparer-millioner-globalt\/\" \/>\n<meta property=\"og:locale\" content=\"nb_NO\" \/>\n<meta property=\"og:type\" content=\"article\" \/>\n<meta property=\"og:title\" content=\"Verdens diabetesdag: Bevissthet sparer millioner globalt - Nordnesrepublikken\" \/>\n<meta property=\"og:description\" content=\"Denne verden\u202f Diabetes\u202f Dagen st\u00e5r verden overfor en \u00f8kende helseutfordring: Antallet voksne og barn som\" \/>\n<meta property=\"og:url\" content=\"https:\/\/nordnesrepublikken.no\/index.php\/2025\/11\/14\/verdens-diabetesdag-bevissthet-sparer-millioner-globalt\/\" \/>\n<meta property=\"og:site_name\" content=\"Nordnesrepublikken\" \/>\n<meta property=\"article:published_time\" content=\"2025-11-14T05:50:57+00:00\" \/>\n<meta property=\"article:modified_time\" content=\"2025-11-14T05:50:59+00:00\" \/>\n<meta property=\"og:image\" content=\"https:\/\/nordnesrepublikken.no\/wp-content\/uploads\/2025\/11\/1763099458_Verdens-diabetesdag-Bevissthet-sparer-millioner-globalt.jpg\" \/>\n\t<meta property=\"og:image:width\" content=\"1200\" \/>\n\t<meta property=\"og:image:height\" content=\"800\" \/>\n\t<meta property=\"og:image:type\" content=\"image\/jpeg\" \/>\n<meta name=\"author\" content=\"Ole Andersen\" \/>\n<meta name=\"twitter:card\" content=\"summary_large_image\" \/>\n<meta name=\"twitter:label1\" content=\"Skrevet av\" \/>\n\t<meta name=\"twitter:data1\" content=\"Ole Andersen\" \/>\n\t<meta name=\"twitter:label2\" content=\"Ansl. lesetid\" \/>\n\t<meta name=\"twitter:data2\" content=\"4 minutter\" \/>\n<script type=\"application\/ld+json\" class=\"yoast-schema-graph\">{\"@context\":\"https:\/\/schema.org\",\"@graph\":[{\"@type\":\"Article\",\"@id\":\"https:\/\/nordnesrepublikken.no\/index.php\/2025\/11\/14\/verdens-diabetesdag-bevissthet-sparer-millioner-globalt\/#article\",\"isPartOf\":{\"@id\":\"https:\/\/nordnesrepublikken.no\/index.php\/2025\/11\/14\/verdens-diabetesdag-bevissthet-sparer-millioner-globalt\/\"},\"author\":{\"name\":\"Ole Andersen\",\"@id\":\"https:\/\/nordnesrepublikken.no\/#\/schema\/person\/2e7e81935bab77882fffb79296240ff1\"},\"headline\":\"Verdens diabetesdag: Bevissthet sparer millioner globalt\",\"datePublished\":\"2025-11-14T05:50:57+00:00\",\"dateModified\":\"2025-11-14T05:50:59+00:00\",\"mainEntityOfPage\":{\"@id\":\"https:\/\/nordnesrepublikken.no\/index.php\/2025\/11\/14\/verdens-diabetesdag-bevissthet-sparer-millioner-globalt\/\"},\"wordCount\":787,\"publisher\":{\"@id\":\"https:\/\/nordnesrepublikken.no\/#organization\"},\"image\":{\"@id\":\"https:\/\/nordnesrepublikken.no\/index.php\/2025\/11\/14\/verdens-diabetesdag-bevissthet-sparer-millioner-globalt\/#primaryimage\"},\"thumbnailUrl\":\"https:\/\/nordnesrepublikken.no\/wp-content\/uploads\/2025\/11\/1763099458_Verdens-diabetesdag-Bevissthet-sparer-millioner-globalt.jpg\",\"keywords\":[\"Bevissthet\",\"diabetesdag\",\"globalt\",\"millioner\",\"sparer\",\"Verdens\"],\"articleSection\":[\"Livsstil\"],\"inLanguage\":\"nb-NO\"},{\"@type\":\"WebPage\",\"@id\":\"https:\/\/nordnesrepublikken.no\/index.php\/2025\/11\/14\/verdens-diabetesdag-bevissthet-sparer-millioner-globalt\/\",\"url\":\"https:\/\/nordnesrepublikken.no\/index.php\/2025\/11\/14\/verdens-diabetesdag-bevissthet-sparer-millioner-globalt\/\",\"name\":\"Verdens diabetesdag: Bevissthet sparer millioner globalt - Nordnesrepublikken\",\"isPartOf\":{\"@id\":\"https:\/\/nordnesrepublikken.no\/#website\"},\"primaryImageOfPage\":{\"@id\":\"https:\/\/nordnesrepublikken.no\/index.php\/2025\/11\/14\/verdens-diabetesdag-bevissthet-sparer-millioner-globalt\/#primaryimage\"},\"image\":{\"@id\":\"https:\/\/nordnesrepublikken.no\/index.php\/2025\/11\/14\/verdens-diabetesdag-bevissthet-sparer-millioner-globalt\/#primaryimage\"},\"thumbnailUrl\":\"https:\/\/nordnesrepublikken.no\/wp-content\/uploads\/2025\/11\/1763099458_Verdens-diabetesdag-Bevissthet-sparer-millioner-globalt.jpg\",\"datePublished\":\"2025-11-14T05:50:57+00:00\",\"dateModified\":\"2025-11-14T05:50:59+00:00\",\"breadcrumb\":{\"@id\":\"https:\/\/nordnesrepublikken.no\/index.php\/2025\/11\/14\/verdens-diabetesdag-bevissthet-sparer-millioner-globalt\/#breadcrumb\"},\"inLanguage\":\"nb-NO\",\"potentialAction\":[{\"@type\":\"ReadAction\",\"target\":[\"https:\/\/nordnesrepublikken.no\/index.php\/2025\/11\/14\/verdens-diabetesdag-bevissthet-sparer-millioner-globalt\/\"]}]},{\"@type\":\"ImageObject\",\"inLanguage\":\"nb-NO\",\"@id\":\"https:\/\/nordnesrepublikken.no\/index.php\/2025\/11\/14\/verdens-diabetesdag-bevissthet-sparer-millioner-globalt\/#primaryimage\",\"url\":\"https:\/\/nordnesrepublikken.no\/wp-content\/uploads\/2025\/11\/1763099458_Verdens-diabetesdag-Bevissthet-sparer-millioner-globalt.jpg\",\"contentUrl\":\"https:\/\/nordnesrepublikken.no\/wp-content\/uploads\/2025\/11\/1763099458_Verdens-diabetesdag-Bevissthet-sparer-millioner-globalt.jpg\",\"width\":1200,\"height\":800,\"caption\":\"Verdens diabetesdag: Bevissthet sparer millioner globalt\"},{\"@type\":\"BreadcrumbList\",\"@id\":\"https:\/\/nordnesrepublikken.no\/index.php\/2025\/11\/14\/verdens-diabetesdag-bevissthet-sparer-millioner-globalt\/#breadcrumb\",\"itemListElement\":[{\"@type\":\"ListItem\",\"position\":1,\"name\":\"Home\",\"item\":\"https:\/\/nordnesrepublikken.no\/\"},{\"@type\":\"ListItem\",\"position\":2,\"name\":\"Verdens diabetesdag: Bevissthet sparer millioner globalt\"}]},{\"@type\":\"WebSite\",\"@id\":\"https:\/\/nordnesrepublikken.no\/#website\",\"url\":\"https:\/\/nordnesrepublikken.no\/\",\"name\":\"Nordnesrepublikken\",\"description\":\"Stemmer og Visjoner fra Republikkens Hjerte\",\"publisher\":{\"@id\":\"https:\/\/nordnesrepublikken.no\/#organization\"},\"potentialAction\":[{\"@type\":\"SearchAction\",\"target\":{\"@type\":\"EntryPoint\",\"urlTemplate\":\"https:\/\/nordnesrepublikken.no\/?s={search_term_string}\"},\"query-input\":{\"@type\":\"PropertyValueSpecification\",\"valueRequired\":true,\"valueName\":\"search_term_string\"}}],\"inLanguage\":\"nb-NO\"},{\"@type\":\"Organization\",\"@id\":\"https:\/\/nordnesrepublikken.no\/#organization\",\"name\":\"Nordnesrepublikken\",\"url\":\"https:\/\/nordnesrepublikken.no\/\",\"logo\":{\"@type\":\"ImageObject\",\"inLanguage\":\"nb-NO\",\"@id\":\"https:\/\/nordnesrepublikken.no\/#\/schema\/logo\/image\/\",\"url\":\"https:\/\/nordnesrepublikken.no\/wp-content\/uploads\/2025\/02\/cropped-nordnesrepublikken-2.png\",\"contentUrl\":\"https:\/\/nordnesrepublikken.no\/wp-content\/uploads\/2025\/02\/cropped-nordnesrepublikken-2.png\",\"width\":1248,\"height\":362,\"caption\":\"Nordnesrepublikken\"},\"image\":{\"@id\":\"https:\/\/nordnesrepublikken.no\/#\/schema\/logo\/image\/\"}},{\"@type\":\"Person\",\"@id\":\"https:\/\/nordnesrepublikken.no\/#\/schema\/person\/2e7e81935bab77882fffb79296240ff1\",\"name\":\"Ole Andersen\",\"image\":{\"@type\":\"ImageObject\",\"inLanguage\":\"nb-NO\",\"@id\":\"https:\/\/nordnesrepublikken.no\/#\/schema\/person\/image\/\",\"url\":\"https:\/\/nordnesrepublikken.no\/wp-content\/uploads\/2025\/02\/nordnesrepublikken-2-2-150x150.jpg\",\"contentUrl\":\"https:\/\/nordnesrepublikken.no\/wp-content\/uploads\/2025\/02\/nordnesrepublikken-2-2-150x150.jpg\",\"caption\":\"Ole Andersen\"},\"description\":\"Ettersom jeg vokste opp i Oslo, har jeg alltid v\u00e6rt fascinert av ordenes kraft og deres evne til \u00e5 skape endringer. Etter \u00e5 ha fullf\u00f8rt min utdannelse i kommunikasjon ved Universitetet i Bergen, fikk jeg muligheten til \u00e5 jobbe innen ulike medier, der jeg har s\u00f8kt \u00e5 belyse viktige samfunnssp\u00f8rsm\u00e5l. I dag, som redakt\u00f8r for Nordnesrepublikken, pr\u00f8ver jeg \u00e5 forene min kj\u00e6rlighet for journalistikk med min lidenskap for innovasjon og eventyr.\",\"sameAs\":[\"https:\/\/nordnesrepublikken.no\/\"]}]}<\/script>\n<!-- \/ Yoast SEO plugin. -->","yoast_head_json":{"title":"Verdens diabetesdag: Bevissthet sparer millioner globalt - Nordnesrepublikken","robots":{"index":"index","follow":"follow","max-snippet":"max-snippet:-1","max-image-preview":"max-image-preview:large","max-video-preview":"max-video-preview:-1"},"canonical":"https:\/\/nordnesrepublikken.no\/index.php\/2025\/11\/14\/verdens-diabetesdag-bevissthet-sparer-millioner-globalt\/","og_locale":"nb_NO","og_type":"article","og_title":"Verdens diabetesdag: Bevissthet sparer millioner globalt - Nordnesrepublikken","og_description":"Denne verden\u202f Diabetes\u202f Dagen st\u00e5r verden overfor en \u00f8kende helseutfordring: Antallet voksne og barn som","og_url":"https:\/\/nordnesrepublikken.no\/index.php\/2025\/11\/14\/verdens-diabetesdag-bevissthet-sparer-millioner-globalt\/","og_site_name":"Nordnesrepublikken","article_published_time":"2025-11-14T05:50:57+00:00","article_modified_time":"2025-11-14T05:50:59+00:00","og_image":[{"width":1200,"height":800,"url":"https:\/\/nordnesrepublikken.no\/wp-content\/uploads\/2025\/11\/1763099458_Verdens-diabetesdag-Bevissthet-sparer-millioner-globalt.jpg","type":"image\/jpeg"}],"author":"Ole Andersen","twitter_card":"summary_large_image","twitter_misc":{"Skrevet av":"Ole Andersen","Ansl. lesetid":"4 minutter"},"schema":{"@context":"https:\/\/schema.org","@graph":[{"@type":"Article","@id":"https:\/\/nordnesrepublikken.no\/index.php\/2025\/11\/14\/verdens-diabetesdag-bevissthet-sparer-millioner-globalt\/#article","isPartOf":{"@id":"https:\/\/nordnesrepublikken.no\/index.php\/2025\/11\/14\/verdens-diabetesdag-bevissthet-sparer-millioner-globalt\/"},"author":{"name":"Ole Andersen","@id":"https:\/\/nordnesrepublikken.no\/#\/schema\/person\/2e7e81935bab77882fffb79296240ff1"},"headline":"Verdens diabetesdag: Bevissthet sparer millioner globalt","datePublished":"2025-11-14T05:50:57+00:00","dateModified":"2025-11-14T05:50:59+00:00","mainEntityOfPage":{"@id":"https:\/\/nordnesrepublikken.no\/index.php\/2025\/11\/14\/verdens-diabetesdag-bevissthet-sparer-millioner-globalt\/"},"wordCount":787,"publisher":{"@id":"https:\/\/nordnesrepublikken.no\/#organization"},"image":{"@id":"https:\/\/nordnesrepublikken.no\/index.php\/2025\/11\/14\/verdens-diabetesdag-bevissthet-sparer-millioner-globalt\/#primaryimage"},"thumbnailUrl":"https:\/\/nordnesrepublikken.no\/wp-content\/uploads\/2025\/11\/1763099458_Verdens-diabetesdag-Bevissthet-sparer-millioner-globalt.jpg","keywords":["Bevissthet","diabetesdag","globalt","millioner","sparer","Verdens"],"articleSection":["Livsstil"],"inLanguage":"nb-NO"},{"@type":"WebPage","@id":"https:\/\/nordnesrepublikken.no\/index.php\/2025\/11\/14\/verdens-diabetesdag-bevissthet-sparer-millioner-globalt\/","url":"https:\/\/nordnesrepublikken.no\/index.php\/2025\/11\/14\/verdens-diabetesdag-bevissthet-sparer-millioner-globalt\/","name":"Verdens diabetesdag: Bevissthet sparer millioner globalt - Nordnesrepublikken","isPartOf":{"@id":"https:\/\/nordnesrepublikken.no\/#website"},"primaryImageOfPage":{"@id":"https:\/\/nordnesrepublikken.no\/index.php\/2025\/11\/14\/verdens-diabetesdag-bevissthet-sparer-millioner-globalt\/#primaryimage"},"image":{"@id":"https:\/\/nordnesrepublikken.no\/index.php\/2025\/11\/14\/verdens-diabetesdag-bevissthet-sparer-millioner-globalt\/#primaryimage"},"thumbnailUrl":"https:\/\/nordnesrepublikken.no\/wp-content\/uploads\/2025\/11\/1763099458_Verdens-diabetesdag-Bevissthet-sparer-millioner-globalt.jpg","datePublished":"2025-11-14T05:50:57+00:00","dateModified":"2025-11-14T05:50:59+00:00","breadcrumb":{"@id":"https:\/\/nordnesrepublikken.no\/index.php\/2025\/11\/14\/verdens-diabetesdag-bevissthet-sparer-millioner-globalt\/#breadcrumb"},"inLanguage":"nb-NO","potentialAction":[{"@type":"ReadAction","target":["https:\/\/nordnesrepublikken.no\/index.php\/2025\/11\/14\/verdens-diabetesdag-bevissthet-sparer-millioner-globalt\/"]}]},{"@type":"ImageObject","inLanguage":"nb-NO","@id":"https:\/\/nordnesrepublikken.no\/index.php\/2025\/11\/14\/verdens-diabetesdag-bevissthet-sparer-millioner-globalt\/#primaryimage","url":"https:\/\/nordnesrepublikken.no\/wp-content\/uploads\/2025\/11\/1763099458_Verdens-diabetesdag-Bevissthet-sparer-millioner-globalt.jpg","contentUrl":"https:\/\/nordnesrepublikken.no\/wp-content\/uploads\/2025\/11\/1763099458_Verdens-diabetesdag-Bevissthet-sparer-millioner-globalt.jpg","width":1200,"height":800,"caption":"Verdens diabetesdag: Bevissthet sparer millioner globalt"},{"@type":"BreadcrumbList","@id":"https:\/\/nordnesrepublikken.no\/index.php\/2025\/11\/14\/verdens-diabetesdag-bevissthet-sparer-millioner-globalt\/#breadcrumb","itemListElement":[{"@type":"ListItem","position":1,"name":"Home","item":"https:\/\/nordnesrepublikken.no\/"},{"@type":"ListItem","position":2,"name":"Verdens diabetesdag: Bevissthet sparer millioner globalt"}]},{"@type":"WebSite","@id":"https:\/\/nordnesrepublikken.no\/#website","url":"https:\/\/nordnesrepublikken.no\/","name":"Nordnesrepublikken","description":"Stemmer og Visjoner fra Republikkens Hjerte","publisher":{"@id":"https:\/\/nordnesrepublikken.no\/#organization"},"potentialAction":[{"@type":"SearchAction","target":{"@type":"EntryPoint","urlTemplate":"https:\/\/nordnesrepublikken.no\/?s={search_term_string}"},"query-input":{"@type":"PropertyValueSpecification","valueRequired":true,"valueName":"search_term_string"}}],"inLanguage":"nb-NO"},{"@type":"Organization","@id":"https:\/\/nordnesrepublikken.no\/#organization","name":"Nordnesrepublikken","url":"https:\/\/nordnesrepublikken.no\/","logo":{"@type":"ImageObject","inLanguage":"nb-NO","@id":"https:\/\/nordnesrepublikken.no\/#\/schema\/logo\/image\/","url":"https:\/\/nordnesrepublikken.no\/wp-content\/uploads\/2025\/02\/cropped-nordnesrepublikken-2.png","contentUrl":"https:\/\/nordnesrepublikken.no\/wp-content\/uploads\/2025\/02\/cropped-nordnesrepublikken-2.png","width":1248,"height":362,"caption":"Nordnesrepublikken"},"image":{"@id":"https:\/\/nordnesrepublikken.no\/#\/schema\/logo\/image\/"}},{"@type":"Person","@id":"https:\/\/nordnesrepublikken.no\/#\/schema\/person\/2e7e81935bab77882fffb79296240ff1","name":"Ole Andersen","image":{"@type":"ImageObject","inLanguage":"nb-NO","@id":"https:\/\/nordnesrepublikken.no\/#\/schema\/person\/image\/","url":"https:\/\/nordnesrepublikken.no\/wp-content\/uploads\/2025\/02\/nordnesrepublikken-2-2-150x150.jpg","contentUrl":"https:\/\/nordnesrepublikken.no\/wp-content\/uploads\/2025\/02\/nordnesrepublikken-2-2-150x150.jpg","caption":"Ole Andersen"},"description":"Ettersom jeg vokste opp i Oslo, har jeg alltid v\u00e6rt fascinert av ordenes kraft og deres evne til \u00e5 skape endringer. Etter \u00e5 ha fullf\u00f8rt min utdannelse i kommunikasjon ved Universitetet i Bergen, fikk jeg muligheten til \u00e5 jobbe innen ulike medier, der jeg har s\u00f8kt \u00e5 belyse viktige samfunnssp\u00f8rsm\u00e5l. I dag, som redakt\u00f8r for Nordnesrepublikken, pr\u00f8ver jeg \u00e5 forene min kj\u00e6rlighet for journalistikk med min lidenskap for innovasjon og eventyr.","sameAs":["https:\/\/nordnesrepublikken.no\/"]}]}},"_links":{"self":[{"href":"https:\/\/nordnesrepublikken.no\/index.php\/wp-json\/wp\/v2\/posts\/11682","targetHints":{"allow":["GET"]}}],"collection":[{"href":"https:\/\/nordnesrepublikken.no\/index.php\/wp-json\/wp\/v2\/posts"}],"about":[{"href":"https:\/\/nordnesrepublikken.no\/index.php\/wp-json\/wp\/v2\/types\/post"}],"author":[{"embeddable":true,"href":"https:\/\/nordnesrepublikken.no\/index.php\/wp-json\/wp\/v2\/users\/1"}],"replies":[{"embeddable":true,"href":"https:\/\/nordnesrepublikken.no\/index.php\/wp-json\/wp\/v2\/comments?post=11682"}],"version-history":[{"count":1,"href":"https:\/\/nordnesrepublikken.no\/index.php\/wp-json\/wp\/v2\/posts\/11682\/revisions"}],"predecessor-version":[{"id":11684,"href":"https:\/\/nordnesrepublikken.no\/index.php\/wp-json\/wp\/v2\/posts\/11682\/revisions\/11684"}],"wp:featuredmedia":[{"embeddable":true,"href":"https:\/\/nordnesrepublikken.no\/index.php\/wp-json\/wp\/v2\/media\/11683"}],"wp:attachment":[{"href":"https:\/\/nordnesrepublikken.no\/index.php\/wp-json\/wp\/v2\/media?parent=11682"}],"wp:term":[{"taxonomy":"category","embeddable":true,"href":"https:\/\/nordnesrepublikken.no\/index.php\/wp-json\/wp\/v2\/categories?post=11682"},{"taxonomy":"post_tag","embeddable":true,"href":"https:\/\/nordnesrepublikken.no\/index.php\/wp-json\/wp\/v2\/tags?post=11682"}],"curies":[{"name":"wp","href":"https:\/\/api.w.org\/{rel}","templated":true}]}}