{"id":11670,"date":"2025-11-13T21:51:52","date_gmt":"2025-11-13T20:51:52","guid":{"rendered":"https:\/\/nordnesrepublikken.no\/index.php\/2025\/11\/13\/geomagnetisk-storm-far-vi-se-nordlyset-fra-italia-i-kveld-for-det-er-sa-vanskelig-a-forutsi-dem\/"},"modified":"2025-11-13T21:51:54","modified_gmt":"2025-11-13T20:51:54","slug":"geomagnetisk-storm-far-vi-se-nordlyset-fra-italia-i-kveld-for-det-er-sa-vanskelig-a-forutsi-dem","status":"publish","type":"post","link":"https:\/\/nordnesrepublikken.no\/index.php\/2025\/11\/13\/geomagnetisk-storm-far-vi-se-nordlyset-fra-italia-i-kveld-for-det-er-sa-vanskelig-a-forutsi-dem\/","title":{"rendered":"Geomagnetisk storm, f\u00e5r vi se nordlyset fra Italia i kveld? For det er s\u00e5 vanskelig \u00e5 forutsi dem"},"content":{"rendered":"<div>\n<div class=\"cp_wrapper cp_wrapper--fw mb-30 mb-20@tablet\">\n<figure class=\"mm\"><picture class=\"img\" style=\"padding-top:56.25%\"><source  media=\"(min-width: 1024px)\"><source  media=\"(min-width: 768px)\"><\/source><\/source><\/picture><\/figure>\n<\/p><\/div>\n<p>Etter <strong>G4 kategori geomagnetisk storm<\/strong> (&laquo;alvorlig&raquo;) som det for\u00e5rsaket <strong>Nordlys<\/strong> ogs\u00e5 synlig fra Italia tidlig i g\u00e5r, den geomagnetiske forstyrrelsen p\u00e5 jorden p\u00e5g\u00e5r fortsatt, for tiden som en storm <strong>kategori G1<\/strong> (\u201cmindre\u201d) med NOAA ansl\u00e5r en mulig forverring opp til kategori G3 (\u201csterk\u201d) eller G4 innen i dag. Mange lurer p\u00e5 om det derfor vil v\u00e6re mulig \u00e5 beundre nordlyset igjen denne natten, men det er bare \u00e9n sannhet: <strong>Vi vet ikke og vi kan ikke vite<\/strong>.<\/p>\n<p>I g\u00e5r var det en enorm mengde nettinnhold som kunngjorde ankomsten av nye spektakul\u00e6re nordlys om natten, som imidlertid <strong>de skjedde ikke<\/strong>. Muligheten eksisterte faktisk: den<strong>koronal masseutkast<\/strong> (CME, <em>Coronal masseutkast<\/em>) for\u00e5rsaket av <strong>X5.1 sprengning<\/strong> som forlot solen 11. november og n\u00e5dde planeten v\u00e5r i g\u00e5r kveld, med alt potensialet til \u00e5 produsere nordlysfenomener tydelig synlige i landet v\u00e5rt.<\/p>\n<p>Imidlertid <strong>det skjedde ikke<\/strong>. Ber\u00f8rt av ankomsten av den mektige CME, mange <strong>de utnyttet \u00f8nsket<\/strong> av mennesker \u00e5 ha nye nordlys \u00e5 beundre \u2013 de fra 12. november var synlige t<strong>mellom 3 og 5 om morgenen<\/strong>derfor p\u00e5 et sv\u00e6rt ubeleilig tidspunkt &#8211; men sannheten er at ankomsten av en CME p\u00e5 jorden, selv en stor som g\u00e5rsdagens, ikke p\u00e5 noen m\u00e5te garanterer den faktiske forekomsten av nordlyset, og faktisk <strong>v\u00e5r evne til \u00e5 forutsi nordlyset er ekstremt begrenset,<\/strong> bortsett fra med sv\u00e6rt lite varsel.<\/p>\n<p>\u00c5rsaken ligger i det faktum at mekanismen som genererer nordlys er sv\u00e6rt kompleks og <strong>avhenger av den samtidige forekomsten av forskjellige forhold<\/strong>. Enkelt sagt dannes polare nordlys n\u00e5r en betydelig str\u00f8m av ladede partikler som kommer fra solen klarer \u00e5 n\u00e5 den \u00f8vre atmosf\u00e6ren, hvor den &laquo;kolliderer&raquo; med atmosf\u00e6riske atomer eller molekyler, og overf\u00f8rer energi til dem som atomene sender ut p\u00e5 nytt i form av lys, som nettopp er lyset til nordlyset.<\/p>\n<p>Dette er den enkle konseptuelle forklaringen, men den n\u00f8yaktige dynamikken i det som skjer i den \u00f8vre atmosf\u00e6ren er veldig komplisert og avhenger av et stort antall variabler. Kort sagt, for \u00e5 si det &laquo;ned p\u00e5 jorden&raquo; <strong>det er ikke slik at ting kommer fra solen og vi automatisk har nordlys<\/strong>. Det som (ikke) skjedde i g\u00e5r kveld er den klare demonstrasjonen av nettopp dette.<\/p>\n<p>For det f\u00f8rste m\u00e5 plasmaet som kommer med solvinden v\u00e6re nok, og energisk nok, til \u00e5 forstyrre jordens magnetfelt betydelig. Denne forstyrrelsen m\u00e5les med en parameter kalt <strong>Kp-indeks<\/strong>: Han bestemmer hvor intens en geomagnetisk storm er. Med en Kp p\u00e5 7 har vi en geomagnetisk storm av kategori G3 (derfor &laquo;sterk&raquo;) og mulighet for \u00e5 oppdage nordlys i Nord-Italia.<\/p>\n<p>Men v\u00e6r forsiktig: det er bare en mulighet, for andre ting m\u00e5 skje samtidig. F\u00f8rst m\u00e5 de solladede partiklene n\u00e5 den \u00f8vre atmosf\u00e6ren, og dette <strong>det skjer bare hvis det interplanetariske magnetfeltet er &laquo;tilb\u00f8yelig&raquo; til \u00e5 slippe dem inn<\/strong> i stedet for \u00e5 lede dem bort. Hva er det interplanetariske magnetfeltet? Det er i hovedsak den delen av solens magnetfelt som strekker seg inn i solsystemet &laquo;transportert&raquo; av solvindene. Vi kan tolke dens komponent i nord-s\u00f8r retning, kalt <strong>Bz<\/strong>som en d\u00f8r: hvis Bz er positiv, er d\u00f8ren lukket og CME-ene n\u00e5r ikke atmosf\u00e6ren; hvis den er negativ, og langt nok fra null, er d\u00f8ren \u00e5pen, partikler kommer inn og dannelsen av polare nordlys er mulig.<\/p>\n<p>I store deler av g\u00e5rsdagens kveld og natt, for eksempel, var Bz positiv, d\u00f8ren var lukket: uansett hvor kraftig CME var, siden den ikke kunne komme inn, kunne den ikke engang for\u00e5rsake nordlys synlig fra Italia. Som faktisk ikke var der, bortsett fra svakt da Bz gikk for \u00e5 v\u00e6re litt negativ.<\/p>\n<p>Det er andre parametere som spiller inn og andre forhold, men du forst\u00e5r konseptet: fenomenet med dannelsen av polare nordlys er mer komplekst enn det som vanligvis blir fortalt og <strong>dens sp\u00e5dom er en ekstremt vanskelig kunst<\/strong>. Selvf\u00f8lgelig har vi satellitter pekt mot solen som advarer oss n\u00e5r en CME starter, med hvilken hastighet og lar oss forst\u00e5 om den peker mot jorden. I dette tilfellet liker enhetene det <strong>V\u00e6rmeldingssenter for romfart<\/strong> (SWPC) fra NOAA kan produsere estimater av ankomsttidene for koronale utst\u00f8tinger p\u00e5 planeten v\u00e5r. SWPC er naturligvis ogs\u00e5 utstyrt med komplekse numeriske modeller for \u00e5 simulere hva som vil skje n\u00e5r CME ankommer: Det er p\u00e5 disse den baserer sine prognoser og romv\u00e6rsbulletinene utstedt av NOAA.<\/p>\n<p>Disse modellene er imidlertid avhengige av en stor mengde detaljer som derfor ikke kan kjennes p\u00e5 forh\u00e5nd <strong>modellprediksjoner er iboende usikre<\/strong>. Dette er grunnen til at det er satellitter plassert mellom oss og Solen, i et gravitasjonsstabilt punkt kalt L1 som ligger halvannen million kilometer fra planeten v\u00e5r, som samler s\u00e5 mye data som mulig om CME-er og solvinden og umiddelbart overf\u00f8rer dem til bakken for \u00e5 produsere mer overbevisende sp\u00e5dommer. P\u00e5 dette tidspunktet har vi imidlertid bare <strong>30 minutter<\/strong> omtrent f\u00f8r solplasmaet n\u00e5r planeten og produserer \u2013 muligens \u2013 effektene. Av denne grunn <strong>NOAAs nordlysvarsel er 30-90 minutter<\/strong>. Som du kan forst\u00e5, er det veldig kort tid som gj\u00f8r alle som med sikkerhet uttaler fraser som &laquo;I kveld vil vi ha synlige nordlys fra Italia&raquo; helt utrolige.<\/p>\n<p>S\u00e5, avslutningsvis, vil vi se nordlyset fra Italia igjen i kveld? Etter \u00e5 ha gjentatt alle de ovennevnte premissene, det vil si at ingen kan si noe sikkert, kan vi si at for \u00f8yeblikket ikke kan utelukkes muligheten for \u00e5 ha en Kp p\u00e5 minst 7, og at p\u00e5 det tidspunktet denne artikkelen publiseres <strong>Bz er positivt<\/strong>derfor lover det ikke godt for mulige observasjoner av nordlyset, spesielt i v\u00e5rt land.<\/p>\n<\/p><\/div>\n","protected":false},"excerpt":{"rendered":"<p>Etter G4 kategori geomagnetisk storm (&laquo;alvorlig&raquo;) som det for\u00e5rsaket Nordlys ogs\u00e5 synlig fra Italia tidlig<\/p>\n","protected":false},"author":1,"featured_media":11671,"comment_status":"closed","ping_status":"open","sticky":false,"template":"","format":"standard","meta":{"footnotes":""},"categories":[26],"tags":[150,66,1111,3270,125,7660,437,7244,7659,1472,6760,90],"class_list":["post-11670","post","type-post","status-publish","format-standard","has-post-thumbnail","hentry","category-miljo","tag-dem","tag-det","tag-far","tag-forutsi","tag-fra","tag-geomagnetisk","tag-italia","tag-kveld","tag-nordlyset","tag-sa","tag-storm","tag-vanskelig","generate-columns","tablet-grid-50","mobile-grid-100","grid-parent","grid-33","resize-featured-image"],"yoast_head":"<!-- This site is optimized with the Yoast SEO plugin v24.4 - https:\/\/yoast.com\/wordpress\/plugins\/seo\/ -->\n<title>Geomagnetisk storm, f\u00e5r vi se nordlyset fra Italia i kveld? For det er s\u00e5 vanskelig \u00e5 forutsi dem - Nordnesrepublikken<\/title>\n<meta name=\"robots\" content=\"index, follow, max-snippet:-1, max-image-preview:large, max-video-preview:-1\" \/>\n<link rel=\"canonical\" href=\"https:\/\/nordnesrepublikken.no\/index.php\/2025\/11\/13\/geomagnetisk-storm-far-vi-se-nordlyset-fra-italia-i-kveld-for-det-er-sa-vanskelig-a-forutsi-dem\/\" \/>\n<meta property=\"og:locale\" content=\"nb_NO\" \/>\n<meta property=\"og:type\" content=\"article\" \/>\n<meta property=\"og:title\" content=\"Geomagnetisk storm, f\u00e5r vi se nordlyset fra Italia i kveld? For det er s\u00e5 vanskelig \u00e5 forutsi dem - Nordnesrepublikken\" \/>\n<meta property=\"og:description\" content=\"Etter G4 kategori geomagnetisk storm (&laquo;alvorlig&raquo;) som det for\u00e5rsaket Nordlys ogs\u00e5 synlig fra Italia tidlig\" \/>\n<meta property=\"og:url\" content=\"https:\/\/nordnesrepublikken.no\/index.php\/2025\/11\/13\/geomagnetisk-storm-far-vi-se-nordlyset-fra-italia-i-kveld-for-det-er-sa-vanskelig-a-forutsi-dem\/\" \/>\n<meta property=\"og:site_name\" content=\"Nordnesrepublikken\" \/>\n<meta property=\"article:published_time\" content=\"2025-11-13T20:51:52+00:00\" \/>\n<meta property=\"article:modified_time\" content=\"2025-11-13T20:51:54+00:00\" \/>\n<meta property=\"og:image\" content=\"https:\/\/nordnesrepublikken.no\/wp-content\/uploads\/2025\/11\/1763067112_Geomagnetisk-storm-far-vi-se-nordlyset-fra-Italia-i-kveld.jpg\" \/>\n\t<meta property=\"og:image:width\" content=\"1701\" \/>\n\t<meta property=\"og:image:height\" content=\"1217\" \/>\n\t<meta property=\"og:image:type\" content=\"image\/jpeg\" \/>\n<meta name=\"author\" content=\"Ole Andersen\" \/>\n<meta name=\"twitter:card\" content=\"summary_large_image\" \/>\n<meta name=\"twitter:label1\" content=\"Skrevet av\" \/>\n\t<meta name=\"twitter:data1\" content=\"Ole Andersen\" \/>\n\t<meta name=\"twitter:label2\" content=\"Ansl. lesetid\" \/>\n\t<meta name=\"twitter:data2\" content=\"5 minutter\" \/>\n<script type=\"application\/ld+json\" class=\"yoast-schema-graph\">{\"@context\":\"https:\/\/schema.org\",\"@graph\":[{\"@type\":\"Article\",\"@id\":\"https:\/\/nordnesrepublikken.no\/index.php\/2025\/11\/13\/geomagnetisk-storm-far-vi-se-nordlyset-fra-italia-i-kveld-for-det-er-sa-vanskelig-a-forutsi-dem\/#article\",\"isPartOf\":{\"@id\":\"https:\/\/nordnesrepublikken.no\/index.php\/2025\/11\/13\/geomagnetisk-storm-far-vi-se-nordlyset-fra-italia-i-kveld-for-det-er-sa-vanskelig-a-forutsi-dem\/\"},\"author\":{\"name\":\"Ole Andersen\",\"@id\":\"https:\/\/nordnesrepublikken.no\/#\/schema\/person\/2e7e81935bab77882fffb79296240ff1\"},\"headline\":\"Geomagnetisk storm, f\u00e5r vi se nordlyset fra Italia i kveld? For det er s\u00e5 vanskelig \u00e5 forutsi dem\",\"datePublished\":\"2025-11-13T20:51:52+00:00\",\"dateModified\":\"2025-11-13T20:51:54+00:00\",\"mainEntityOfPage\":{\"@id\":\"https:\/\/nordnesrepublikken.no\/index.php\/2025\/11\/13\/geomagnetisk-storm-far-vi-se-nordlyset-fra-italia-i-kveld-for-det-er-sa-vanskelig-a-forutsi-dem\/\"},\"wordCount\":953,\"publisher\":{\"@id\":\"https:\/\/nordnesrepublikken.no\/#organization\"},\"image\":{\"@id\":\"https:\/\/nordnesrepublikken.no\/index.php\/2025\/11\/13\/geomagnetisk-storm-far-vi-se-nordlyset-fra-italia-i-kveld-for-det-er-sa-vanskelig-a-forutsi-dem\/#primaryimage\"},\"thumbnailUrl\":\"https:\/\/nordnesrepublikken.no\/wp-content\/uploads\/2025\/11\/1763067112_Geomagnetisk-storm-far-vi-se-nordlyset-fra-Italia-i-kveld.jpg\",\"keywords\":[\"dem\",\"Det\",\"f\u00e5r\",\"forutsi\",\"fra\",\"geomagnetisk\",\"Italia\",\"kveld\",\"Nordlyset\",\"s\u00e5\",\"storm\",\"vanskelig\"],\"articleSection\":[\"Milj\u00f8\"],\"inLanguage\":\"nb-NO\"},{\"@type\":\"WebPage\",\"@id\":\"https:\/\/nordnesrepublikken.no\/index.php\/2025\/11\/13\/geomagnetisk-storm-far-vi-se-nordlyset-fra-italia-i-kveld-for-det-er-sa-vanskelig-a-forutsi-dem\/\",\"url\":\"https:\/\/nordnesrepublikken.no\/index.php\/2025\/11\/13\/geomagnetisk-storm-far-vi-se-nordlyset-fra-italia-i-kveld-for-det-er-sa-vanskelig-a-forutsi-dem\/\",\"name\":\"Geomagnetisk storm, f\u00e5r vi se nordlyset fra Italia i kveld? For det er s\u00e5 vanskelig \u00e5 forutsi dem - Nordnesrepublikken\",\"isPartOf\":{\"@id\":\"https:\/\/nordnesrepublikken.no\/#website\"},\"primaryImageOfPage\":{\"@id\":\"https:\/\/nordnesrepublikken.no\/index.php\/2025\/11\/13\/geomagnetisk-storm-far-vi-se-nordlyset-fra-italia-i-kveld-for-det-er-sa-vanskelig-a-forutsi-dem\/#primaryimage\"},\"image\":{\"@id\":\"https:\/\/nordnesrepublikken.no\/index.php\/2025\/11\/13\/geomagnetisk-storm-far-vi-se-nordlyset-fra-italia-i-kveld-for-det-er-sa-vanskelig-a-forutsi-dem\/#primaryimage\"},\"thumbnailUrl\":\"https:\/\/nordnesrepublikken.no\/wp-content\/uploads\/2025\/11\/1763067112_Geomagnetisk-storm-far-vi-se-nordlyset-fra-Italia-i-kveld.jpg\",\"datePublished\":\"2025-11-13T20:51:52+00:00\",\"dateModified\":\"2025-11-13T20:51:54+00:00\",\"breadcrumb\":{\"@id\":\"https:\/\/nordnesrepublikken.no\/index.php\/2025\/11\/13\/geomagnetisk-storm-far-vi-se-nordlyset-fra-italia-i-kveld-for-det-er-sa-vanskelig-a-forutsi-dem\/#breadcrumb\"},\"inLanguage\":\"nb-NO\",\"potentialAction\":[{\"@type\":\"ReadAction\",\"target\":[\"https:\/\/nordnesrepublikken.no\/index.php\/2025\/11\/13\/geomagnetisk-storm-far-vi-se-nordlyset-fra-italia-i-kveld-for-det-er-sa-vanskelig-a-forutsi-dem\/\"]}]},{\"@type\":\"ImageObject\",\"inLanguage\":\"nb-NO\",\"@id\":\"https:\/\/nordnesrepublikken.no\/index.php\/2025\/11\/13\/geomagnetisk-storm-far-vi-se-nordlyset-fra-italia-i-kveld-for-det-er-sa-vanskelig-a-forutsi-dem\/#primaryimage\",\"url\":\"https:\/\/nordnesrepublikken.no\/wp-content\/uploads\/2025\/11\/1763067112_Geomagnetisk-storm-far-vi-se-nordlyset-fra-Italia-i-kveld.jpg\",\"contentUrl\":\"https:\/\/nordnesrepublikken.no\/wp-content\/uploads\/2025\/11\/1763067112_Geomagnetisk-storm-far-vi-se-nordlyset-fra-Italia-i-kveld.jpg\",\"width\":1701,\"height\":1217,\"caption\":\"Geomagnetisk storm, f\u00e5r vi se nordlyset fra Italia i kveld? For det er s\u00e5 vanskelig \u00e5 forutsi dem\"},{\"@type\":\"BreadcrumbList\",\"@id\":\"https:\/\/nordnesrepublikken.no\/index.php\/2025\/11\/13\/geomagnetisk-storm-far-vi-se-nordlyset-fra-italia-i-kveld-for-det-er-sa-vanskelig-a-forutsi-dem\/#breadcrumb\",\"itemListElement\":[{\"@type\":\"ListItem\",\"position\":1,\"name\":\"Home\",\"item\":\"https:\/\/nordnesrepublikken.no\/\"},{\"@type\":\"ListItem\",\"position\":2,\"name\":\"Geomagnetisk storm, f\u00e5r vi se nordlyset fra Italia i kveld? For det er s\u00e5 vanskelig \u00e5 forutsi dem\"}]},{\"@type\":\"WebSite\",\"@id\":\"https:\/\/nordnesrepublikken.no\/#website\",\"url\":\"https:\/\/nordnesrepublikken.no\/\",\"name\":\"Nordnesrepublikken\",\"description\":\"Stemmer og Visjoner fra Republikkens Hjerte\",\"publisher\":{\"@id\":\"https:\/\/nordnesrepublikken.no\/#organization\"},\"potentialAction\":[{\"@type\":\"SearchAction\",\"target\":{\"@type\":\"EntryPoint\",\"urlTemplate\":\"https:\/\/nordnesrepublikken.no\/?s={search_term_string}\"},\"query-input\":{\"@type\":\"PropertyValueSpecification\",\"valueRequired\":true,\"valueName\":\"search_term_string\"}}],\"inLanguage\":\"nb-NO\"},{\"@type\":\"Organization\",\"@id\":\"https:\/\/nordnesrepublikken.no\/#organization\",\"name\":\"Nordnesrepublikken\",\"url\":\"https:\/\/nordnesrepublikken.no\/\",\"logo\":{\"@type\":\"ImageObject\",\"inLanguage\":\"nb-NO\",\"@id\":\"https:\/\/nordnesrepublikken.no\/#\/schema\/logo\/image\/\",\"url\":\"https:\/\/nordnesrepublikken.no\/wp-content\/uploads\/2025\/02\/cropped-nordnesrepublikken-2.png\",\"contentUrl\":\"https:\/\/nordnesrepublikken.no\/wp-content\/uploads\/2025\/02\/cropped-nordnesrepublikken-2.png\",\"width\":1248,\"height\":362,\"caption\":\"Nordnesrepublikken\"},\"image\":{\"@id\":\"https:\/\/nordnesrepublikken.no\/#\/schema\/logo\/image\/\"}},{\"@type\":\"Person\",\"@id\":\"https:\/\/nordnesrepublikken.no\/#\/schema\/person\/2e7e81935bab77882fffb79296240ff1\",\"name\":\"Ole Andersen\",\"image\":{\"@type\":\"ImageObject\",\"inLanguage\":\"nb-NO\",\"@id\":\"https:\/\/nordnesrepublikken.no\/#\/schema\/person\/image\/\",\"url\":\"https:\/\/nordnesrepublikken.no\/wp-content\/uploads\/2025\/02\/nordnesrepublikken-2-2-150x150.jpg\",\"contentUrl\":\"https:\/\/nordnesrepublikken.no\/wp-content\/uploads\/2025\/02\/nordnesrepublikken-2-2-150x150.jpg\",\"caption\":\"Ole Andersen\"},\"description\":\"Ettersom jeg vokste opp i Oslo, har jeg alltid v\u00e6rt fascinert av ordenes kraft og deres evne til \u00e5 skape endringer. Etter \u00e5 ha fullf\u00f8rt min utdannelse i kommunikasjon ved Universitetet i Bergen, fikk jeg muligheten til \u00e5 jobbe innen ulike medier, der jeg har s\u00f8kt \u00e5 belyse viktige samfunnssp\u00f8rsm\u00e5l. I dag, som redakt\u00f8r for Nordnesrepublikken, pr\u00f8ver jeg \u00e5 forene min kj\u00e6rlighet for journalistikk med min lidenskap for innovasjon og eventyr.\",\"sameAs\":[\"https:\/\/nordnesrepublikken.no\/\"]}]}<\/script>\n<!-- \/ Yoast SEO plugin. -->","yoast_head_json":{"title":"Geomagnetisk storm, f\u00e5r vi se nordlyset fra Italia i kveld? For det er s\u00e5 vanskelig \u00e5 forutsi dem - Nordnesrepublikken","robots":{"index":"index","follow":"follow","max-snippet":"max-snippet:-1","max-image-preview":"max-image-preview:large","max-video-preview":"max-video-preview:-1"},"canonical":"https:\/\/nordnesrepublikken.no\/index.php\/2025\/11\/13\/geomagnetisk-storm-far-vi-se-nordlyset-fra-italia-i-kveld-for-det-er-sa-vanskelig-a-forutsi-dem\/","og_locale":"nb_NO","og_type":"article","og_title":"Geomagnetisk storm, f\u00e5r vi se nordlyset fra Italia i kveld? For det er s\u00e5 vanskelig \u00e5 forutsi dem - Nordnesrepublikken","og_description":"Etter G4 kategori geomagnetisk storm (&laquo;alvorlig&raquo;) som det for\u00e5rsaket Nordlys ogs\u00e5 synlig fra Italia tidlig","og_url":"https:\/\/nordnesrepublikken.no\/index.php\/2025\/11\/13\/geomagnetisk-storm-far-vi-se-nordlyset-fra-italia-i-kveld-for-det-er-sa-vanskelig-a-forutsi-dem\/","og_site_name":"Nordnesrepublikken","article_published_time":"2025-11-13T20:51:52+00:00","article_modified_time":"2025-11-13T20:51:54+00:00","og_image":[{"width":1701,"height":1217,"url":"https:\/\/nordnesrepublikken.no\/wp-content\/uploads\/2025\/11\/1763067112_Geomagnetisk-storm-far-vi-se-nordlyset-fra-Italia-i-kveld.jpg","type":"image\/jpeg"}],"author":"Ole Andersen","twitter_card":"summary_large_image","twitter_misc":{"Skrevet av":"Ole Andersen","Ansl. lesetid":"5 minutter"},"schema":{"@context":"https:\/\/schema.org","@graph":[{"@type":"Article","@id":"https:\/\/nordnesrepublikken.no\/index.php\/2025\/11\/13\/geomagnetisk-storm-far-vi-se-nordlyset-fra-italia-i-kveld-for-det-er-sa-vanskelig-a-forutsi-dem\/#article","isPartOf":{"@id":"https:\/\/nordnesrepublikken.no\/index.php\/2025\/11\/13\/geomagnetisk-storm-far-vi-se-nordlyset-fra-italia-i-kveld-for-det-er-sa-vanskelig-a-forutsi-dem\/"},"author":{"name":"Ole Andersen","@id":"https:\/\/nordnesrepublikken.no\/#\/schema\/person\/2e7e81935bab77882fffb79296240ff1"},"headline":"Geomagnetisk storm, f\u00e5r vi se nordlyset fra Italia i kveld? For det er s\u00e5 vanskelig \u00e5 forutsi dem","datePublished":"2025-11-13T20:51:52+00:00","dateModified":"2025-11-13T20:51:54+00:00","mainEntityOfPage":{"@id":"https:\/\/nordnesrepublikken.no\/index.php\/2025\/11\/13\/geomagnetisk-storm-far-vi-se-nordlyset-fra-italia-i-kveld-for-det-er-sa-vanskelig-a-forutsi-dem\/"},"wordCount":953,"publisher":{"@id":"https:\/\/nordnesrepublikken.no\/#organization"},"image":{"@id":"https:\/\/nordnesrepublikken.no\/index.php\/2025\/11\/13\/geomagnetisk-storm-far-vi-se-nordlyset-fra-italia-i-kveld-for-det-er-sa-vanskelig-a-forutsi-dem\/#primaryimage"},"thumbnailUrl":"https:\/\/nordnesrepublikken.no\/wp-content\/uploads\/2025\/11\/1763067112_Geomagnetisk-storm-far-vi-se-nordlyset-fra-Italia-i-kveld.jpg","keywords":["dem","Det","f\u00e5r","forutsi","fra","geomagnetisk","Italia","kveld","Nordlyset","s\u00e5","storm","vanskelig"],"articleSection":["Milj\u00f8"],"inLanguage":"nb-NO"},{"@type":"WebPage","@id":"https:\/\/nordnesrepublikken.no\/index.php\/2025\/11\/13\/geomagnetisk-storm-far-vi-se-nordlyset-fra-italia-i-kveld-for-det-er-sa-vanskelig-a-forutsi-dem\/","url":"https:\/\/nordnesrepublikken.no\/index.php\/2025\/11\/13\/geomagnetisk-storm-far-vi-se-nordlyset-fra-italia-i-kveld-for-det-er-sa-vanskelig-a-forutsi-dem\/","name":"Geomagnetisk storm, f\u00e5r vi se nordlyset fra Italia i kveld? For det er s\u00e5 vanskelig \u00e5 forutsi dem - Nordnesrepublikken","isPartOf":{"@id":"https:\/\/nordnesrepublikken.no\/#website"},"primaryImageOfPage":{"@id":"https:\/\/nordnesrepublikken.no\/index.php\/2025\/11\/13\/geomagnetisk-storm-far-vi-se-nordlyset-fra-italia-i-kveld-for-det-er-sa-vanskelig-a-forutsi-dem\/#primaryimage"},"image":{"@id":"https:\/\/nordnesrepublikken.no\/index.php\/2025\/11\/13\/geomagnetisk-storm-far-vi-se-nordlyset-fra-italia-i-kveld-for-det-er-sa-vanskelig-a-forutsi-dem\/#primaryimage"},"thumbnailUrl":"https:\/\/nordnesrepublikken.no\/wp-content\/uploads\/2025\/11\/1763067112_Geomagnetisk-storm-far-vi-se-nordlyset-fra-Italia-i-kveld.jpg","datePublished":"2025-11-13T20:51:52+00:00","dateModified":"2025-11-13T20:51:54+00:00","breadcrumb":{"@id":"https:\/\/nordnesrepublikken.no\/index.php\/2025\/11\/13\/geomagnetisk-storm-far-vi-se-nordlyset-fra-italia-i-kveld-for-det-er-sa-vanskelig-a-forutsi-dem\/#breadcrumb"},"inLanguage":"nb-NO","potentialAction":[{"@type":"ReadAction","target":["https:\/\/nordnesrepublikken.no\/index.php\/2025\/11\/13\/geomagnetisk-storm-far-vi-se-nordlyset-fra-italia-i-kveld-for-det-er-sa-vanskelig-a-forutsi-dem\/"]}]},{"@type":"ImageObject","inLanguage":"nb-NO","@id":"https:\/\/nordnesrepublikken.no\/index.php\/2025\/11\/13\/geomagnetisk-storm-far-vi-se-nordlyset-fra-italia-i-kveld-for-det-er-sa-vanskelig-a-forutsi-dem\/#primaryimage","url":"https:\/\/nordnesrepublikken.no\/wp-content\/uploads\/2025\/11\/1763067112_Geomagnetisk-storm-far-vi-se-nordlyset-fra-Italia-i-kveld.jpg","contentUrl":"https:\/\/nordnesrepublikken.no\/wp-content\/uploads\/2025\/11\/1763067112_Geomagnetisk-storm-far-vi-se-nordlyset-fra-Italia-i-kveld.jpg","width":1701,"height":1217,"caption":"Geomagnetisk storm, f\u00e5r vi se nordlyset fra Italia i kveld? For det er s\u00e5 vanskelig \u00e5 forutsi dem"},{"@type":"BreadcrumbList","@id":"https:\/\/nordnesrepublikken.no\/index.php\/2025\/11\/13\/geomagnetisk-storm-far-vi-se-nordlyset-fra-italia-i-kveld-for-det-er-sa-vanskelig-a-forutsi-dem\/#breadcrumb","itemListElement":[{"@type":"ListItem","position":1,"name":"Home","item":"https:\/\/nordnesrepublikken.no\/"},{"@type":"ListItem","position":2,"name":"Geomagnetisk storm, f\u00e5r vi se nordlyset fra Italia i kveld? For det er s\u00e5 vanskelig \u00e5 forutsi dem"}]},{"@type":"WebSite","@id":"https:\/\/nordnesrepublikken.no\/#website","url":"https:\/\/nordnesrepublikken.no\/","name":"Nordnesrepublikken","description":"Stemmer og Visjoner fra Republikkens Hjerte","publisher":{"@id":"https:\/\/nordnesrepublikken.no\/#organization"},"potentialAction":[{"@type":"SearchAction","target":{"@type":"EntryPoint","urlTemplate":"https:\/\/nordnesrepublikken.no\/?s={search_term_string}"},"query-input":{"@type":"PropertyValueSpecification","valueRequired":true,"valueName":"search_term_string"}}],"inLanguage":"nb-NO"},{"@type":"Organization","@id":"https:\/\/nordnesrepublikken.no\/#organization","name":"Nordnesrepublikken","url":"https:\/\/nordnesrepublikken.no\/","logo":{"@type":"ImageObject","inLanguage":"nb-NO","@id":"https:\/\/nordnesrepublikken.no\/#\/schema\/logo\/image\/","url":"https:\/\/nordnesrepublikken.no\/wp-content\/uploads\/2025\/02\/cropped-nordnesrepublikken-2.png","contentUrl":"https:\/\/nordnesrepublikken.no\/wp-content\/uploads\/2025\/02\/cropped-nordnesrepublikken-2.png","width":1248,"height":362,"caption":"Nordnesrepublikken"},"image":{"@id":"https:\/\/nordnesrepublikken.no\/#\/schema\/logo\/image\/"}},{"@type":"Person","@id":"https:\/\/nordnesrepublikken.no\/#\/schema\/person\/2e7e81935bab77882fffb79296240ff1","name":"Ole Andersen","image":{"@type":"ImageObject","inLanguage":"nb-NO","@id":"https:\/\/nordnesrepublikken.no\/#\/schema\/person\/image\/","url":"https:\/\/nordnesrepublikken.no\/wp-content\/uploads\/2025\/02\/nordnesrepublikken-2-2-150x150.jpg","contentUrl":"https:\/\/nordnesrepublikken.no\/wp-content\/uploads\/2025\/02\/nordnesrepublikken-2-2-150x150.jpg","caption":"Ole Andersen"},"description":"Ettersom jeg vokste opp i Oslo, har jeg alltid v\u00e6rt fascinert av ordenes kraft og deres evne til \u00e5 skape endringer. Etter \u00e5 ha fullf\u00f8rt min utdannelse i kommunikasjon ved Universitetet i Bergen, fikk jeg muligheten til \u00e5 jobbe innen ulike medier, der jeg har s\u00f8kt \u00e5 belyse viktige samfunnssp\u00f8rsm\u00e5l. I dag, som redakt\u00f8r for Nordnesrepublikken, pr\u00f8ver jeg \u00e5 forene min kj\u00e6rlighet for journalistikk med min lidenskap for innovasjon og eventyr.","sameAs":["https:\/\/nordnesrepublikken.no\/"]}]}},"_links":{"self":[{"href":"https:\/\/nordnesrepublikken.no\/index.php\/wp-json\/wp\/v2\/posts\/11670","targetHints":{"allow":["GET"]}}],"collection":[{"href":"https:\/\/nordnesrepublikken.no\/index.php\/wp-json\/wp\/v2\/posts"}],"about":[{"href":"https:\/\/nordnesrepublikken.no\/index.php\/wp-json\/wp\/v2\/types\/post"}],"author":[{"embeddable":true,"href":"https:\/\/nordnesrepublikken.no\/index.php\/wp-json\/wp\/v2\/users\/1"}],"replies":[{"embeddable":true,"href":"https:\/\/nordnesrepublikken.no\/index.php\/wp-json\/wp\/v2\/comments?post=11670"}],"version-history":[{"count":1,"href":"https:\/\/nordnesrepublikken.no\/index.php\/wp-json\/wp\/v2\/posts\/11670\/revisions"}],"predecessor-version":[{"id":11672,"href":"https:\/\/nordnesrepublikken.no\/index.php\/wp-json\/wp\/v2\/posts\/11670\/revisions\/11672"}],"wp:featuredmedia":[{"embeddable":true,"href":"https:\/\/nordnesrepublikken.no\/index.php\/wp-json\/wp\/v2\/media\/11671"}],"wp:attachment":[{"href":"https:\/\/nordnesrepublikken.no\/index.php\/wp-json\/wp\/v2\/media?parent=11670"}],"wp:term":[{"taxonomy":"category","embeddable":true,"href":"https:\/\/nordnesrepublikken.no\/index.php\/wp-json\/wp\/v2\/categories?post=11670"},{"taxonomy":"post_tag","embeddable":true,"href":"https:\/\/nordnesrepublikken.no\/index.php\/wp-json\/wp\/v2\/tags?post=11670"}],"curies":[{"name":"wp","href":"https:\/\/api.w.org\/{rel}","templated":true}]}}