{"id":11667,"date":"2025-11-13T20:51:49","date_gmt":"2025-11-13T19:51:49","guid":{"rendered":"https:\/\/nordnesrepublikken.no\/index.php\/2025\/11\/13\/nar-den-skal-sta-ferdig-og-hvordan-den-skal-bygges\/"},"modified":"2025-11-13T20:51:53","modified_gmt":"2025-11-13T19:51:53","slug":"nar-den-skal-sta-ferdig-og-hvordan-den-skal-bygges","status":"publish","type":"post","link":"https:\/\/nordnesrepublikken.no\/index.php\/2025\/11\/13\/nar-den-skal-sta-ferdig-og-hvordan-den-skal-bygges\/","title":{"rendered":"n\u00e5r den skal st\u00e5 ferdig og hvordan den skal bygges"},"content":{"rendered":"<div>\n<div class=\"cp_wrapper cp_wrapper--fw mb-30 mb-20@tablet\">\n<figure class=\"mm\"><picture class=\"img\" style=\"padding-top:56.25%\"><source  media=\"(min-width: 1024px)\"><source  media=\"(min-width: 768px)\"><\/source><\/source><\/picture><\/figure>\n<\/p><\/div>\n<p>Der <strong>Jeddah-t\u00e5rnet<\/strong>med sine 1000 meter h\u00f8ye, vil v\u00e6re den h\u00f8yeste skyskraperen i verden, og sl\u00e5 dagens rekord p\u00e5 852 meter <strong>Burji Khalifa<\/strong> av Dubai. Tidligere kjent som <em>Kingdom Tower <\/em>og under bygging i Jeddah, Saudi-Arabia, er det et av de mest ambisi\u00f8se prosjektene i verden, som i likhet med Burji Khalifa b\u00e6rer signaturen til stjernearkitekten <strong>Adrian Smith<\/strong>. Fra et teknisk synspunkt vil det v\u00e6re mange tekniske utfordringer \u00e5 overkomme: Arbeidene, gjenopptatt i 2023, skal v\u00e6re ferdige i 2029-30230.<\/p>\n<h2>De viktigste egenskapene til Jeddah Tower: 1000 meter h\u00f8yt<\/h2>\n<p>Jeddah Tower er en del av det st\u00f8rre urbane fornyelsesprosjektet i byen Jeddah kalt <strong>Jeddah \u00f8konomiske by <\/strong>som vinner terreng, med mange byggeplasser, nord i byen. Jeddah Tower, som det skal bygges luksusleiligheter, hoteller, kontorer og rekreasjonsomr\u00e5der innenfor, representerer nervesenteret i det som p\u00e5 alle m\u00e5ter skal bli et urbant sentrum uavhengig av bykonteksten.<\/p>\n<p>Fra et ingeni\u00f8rmessig synspunkt inneholder t\u00e5rnet virkelig viktige utfordringer for designerne, gitt at det vil v\u00e6re den f\u00f8rste skyskraperen som n\u00e5r 1000 meter i h\u00f8yden. Den skal lages av h\u00f8yytelses armert betong (fiberarmert og selvkomprimerende), st\u00e5l og glass. Startet i 2013, har byggingen av Jeddah-t\u00e5rnet opplevd en fase med d\u00f8dgang og blokade, med den offisielle gjen\u00e5pningen av byggeplassene mellom 2023 og 2025. Til dags dato har kun <strong>63 etasjer<\/strong> av <strong>168 forventet. <\/strong>Ferdigstillelse av anlegget er planlagt til 2029-2030.<\/p>\n<p>Hele strukturen hviler p\u00e5 en <strong>armert betongplate<\/strong>med st\u00f8tte fra <strong>270 stolper<\/strong> <strong>av fundamenter som er omtrent 100 meter lange.<\/strong><\/p>\n<h2>De tekniske utfordringene til den h\u00f8yeste skyskraperen i verden<\/h2>\n<p>Som forventet f\u00f8rer skapelsen av et s\u00e5 imponerende verk med seg et stort antall tekniske utfordringer. La oss kort se p\u00e5 de viktigste.<\/p>\n<p>Den f\u00f8rste ingeni\u00f8rutfordringen er absolutt knyttet til <strong>store belastninger<\/strong> at hele strukturen genererer p\u00e5 bakken, og dette l\u00f8ses ved bruk av fundamenter av imponerende dimensjoner.<\/p>\n<p>En annen utfordring er det knyttet til <strong>horisontale laster<\/strong> generert av <strong>vind.<\/strong> For \u00e5 overvinne problemet, og effektivt gj\u00f8re t\u00e5rnet mer aerodynamisk, ble det valgt \u00e5 gi det den karakteristiske &laquo;&raquo;-formen<strong>Y<\/strong>&laquo;, ogs\u00e5 kalt &laquo;tre kronblad&raquo;. En annen utfordring er \u00e5 transportere <strong>materialer,<\/strong> noe som unng\u00e5s ved bruk av sv\u00e6rt h\u00f8ytrykkspumper som er i stand til \u00e5 bringe betongen til virkelig bemerkelsesverdige h\u00f8yder.<\/p>\n<h2>De mest kritiske aspektene ved prosjektet<\/h2>\n<p>Jeddah Tower, til tross for at det er et banebrytende prosjekt, bringer med seg flere kritiske aspekter. Det f\u00f8rste mest kritiske, og fremfor alt kritiserte, aspektet gjaldt bl.a <strong>forsinkelser i byggefasene<\/strong>spesielt avbruddet som skjedde mellom <strong>2017<\/strong> og den <strong>2023.<\/strong> Denne forsinkelsen og blokkeringen av byggevirksomheten var hovedsakelig for\u00e5rsaket av naturlige problemer <strong>\u00f8konomisk,<\/strong> med problemer knyttet til tilf\u00f8rsel av finansiell kapital for videref\u00f8ring av byggevirksomheten til arbeidet.<\/p>\n<p>Videre krever konstruksjonen av et s\u00e5 imponerende verk bruk av enorme mengder av <strong>betong,<\/strong> med betydelige konsekvenser n\u00e5r det gjelder karbonutslipp. Dette elementet st\u00e5r helt klart i kontrast til hovedm\u00e5lene til Vision 2030, rettet mot modernisering av Saudi-Arabia med sikte p\u00e5 b\u00e6rekraft.<\/p>\n<div class=\"cp_wrapper cp_wrapper--fw mb-50\">\n<figure class=\"mm\"><picture class=\"img\" style=\"padding-top:133.375%\"><source  media=\"(min-width: 1024px)\"><source  media=\"(min-width: 768px)\"><img decoding=\"async\" loading=\"lazy\" src=\"https:\/\/nordnesrepublikken.no\/wp-content\/uploads\/2025\/11\/1763063509_562_nar-den-skal-sta-ferdig-og-hvordan-den-skal-bygges.jpg\" alt=\"Bilde\" width=\"800\" height=\"1067\"\/><\/source><\/source><\/picture><\/figure>\n<\/p><\/div>\n<\/p><\/div>\n","protected":false},"excerpt":{"rendered":"<p>Der Jeddah-t\u00e5rnetmed sine 1000 meter h\u00f8ye, vil v\u00e6re den h\u00f8yeste skyskraperen i verden, og sl\u00e5<\/p>\n","protected":false},"author":1,"featured_media":11668,"comment_status":"closed","ping_status":"open","sticky":false,"template":"","format":"standard","meta":{"footnotes":""},"categories":[24],"tags":[7680,74,4494,112,16,741,1891],"class_list":["post-11667","post","type-post","status-publish","format-standard","has-post-thumbnail","hentry","category-vitenskap","tag-bygges","tag-den","tag-ferdig","tag-hvordan","tag-nar","tag-skal","tag-sta","generate-columns","tablet-grid-50","mobile-grid-100","grid-parent","grid-33","resize-featured-image"],"yoast_head":"<!-- This site is optimized with the Yoast SEO plugin v24.4 - https:\/\/yoast.com\/wordpress\/plugins\/seo\/ -->\n<title>n\u00e5r den skal st\u00e5 ferdig og hvordan den skal bygges - Nordnesrepublikken<\/title>\n<meta name=\"robots\" content=\"index, follow, max-snippet:-1, max-image-preview:large, max-video-preview:-1\" \/>\n<link rel=\"canonical\" href=\"https:\/\/nordnesrepublikken.no\/index.php\/2025\/11\/13\/nar-den-skal-sta-ferdig-og-hvordan-den-skal-bygges\/\" \/>\n<meta property=\"og:locale\" content=\"nb_NO\" \/>\n<meta property=\"og:type\" content=\"article\" \/>\n<meta property=\"og:title\" content=\"n\u00e5r den skal st\u00e5 ferdig og hvordan den skal bygges - Nordnesrepublikken\" \/>\n<meta property=\"og:description\" content=\"Der Jeddah-t\u00e5rnetmed sine 1000 meter h\u00f8ye, vil v\u00e6re den h\u00f8yeste skyskraperen i verden, og sl\u00e5\" \/>\n<meta property=\"og:url\" content=\"https:\/\/nordnesrepublikken.no\/index.php\/2025\/11\/13\/nar-den-skal-sta-ferdig-og-hvordan-den-skal-bygges\/\" \/>\n<meta property=\"og:site_name\" content=\"Nordnesrepublikken\" \/>\n<meta property=\"article:published_time\" content=\"2025-11-13T19:51:49+00:00\" \/>\n<meta property=\"article:modified_time\" content=\"2025-11-13T19:51:53+00:00\" \/>\n<meta property=\"og:image\" content=\"https:\/\/nordnesrepublikken.no\/wp-content\/uploads\/2025\/11\/1763063510_nar-den-skal-sta-ferdig-og-hvordan-den-skal-bygges.jpg\" \/>\n\t<meta property=\"og:image:width\" content=\"2549\" \/>\n\t<meta property=\"og:image:height\" content=\"1491\" \/>\n\t<meta property=\"og:image:type\" content=\"image\/jpeg\" \/>\n<meta name=\"author\" content=\"Ole Andersen\" \/>\n<meta name=\"twitter:card\" content=\"summary_large_image\" \/>\n<meta name=\"twitter:label1\" content=\"Skrevet av\" \/>\n\t<meta name=\"twitter:data1\" content=\"Ole Andersen\" \/>\n\t<meta name=\"twitter:label2\" content=\"Ansl. lesetid\" \/>\n\t<meta name=\"twitter:data2\" content=\"2 minutter\" \/>\n<script type=\"application\/ld+json\" class=\"yoast-schema-graph\">{\"@context\":\"https:\/\/schema.org\",\"@graph\":[{\"@type\":\"Article\",\"@id\":\"https:\/\/nordnesrepublikken.no\/index.php\/2025\/11\/13\/nar-den-skal-sta-ferdig-og-hvordan-den-skal-bygges\/#article\",\"isPartOf\":{\"@id\":\"https:\/\/nordnesrepublikken.no\/index.php\/2025\/11\/13\/nar-den-skal-sta-ferdig-og-hvordan-den-skal-bygges\/\"},\"author\":{\"name\":\"Ole Andersen\",\"@id\":\"https:\/\/nordnesrepublikken.no\/#\/schema\/person\/2e7e81935bab77882fffb79296240ff1\"},\"headline\":\"n\u00e5r den skal st\u00e5 ferdig og hvordan den skal bygges\",\"datePublished\":\"2025-11-13T19:51:49+00:00\",\"dateModified\":\"2025-11-13T19:51:53+00:00\",\"mainEntityOfPage\":{\"@id\":\"https:\/\/nordnesrepublikken.no\/index.php\/2025\/11\/13\/nar-den-skal-sta-ferdig-og-hvordan-den-skal-bygges\/\"},\"wordCount\":507,\"publisher\":{\"@id\":\"https:\/\/nordnesrepublikken.no\/#organization\"},\"image\":{\"@id\":\"https:\/\/nordnesrepublikken.no\/index.php\/2025\/11\/13\/nar-den-skal-sta-ferdig-og-hvordan-den-skal-bygges\/#primaryimage\"},\"thumbnailUrl\":\"https:\/\/nordnesrepublikken.no\/wp-content\/uploads\/2025\/11\/1763063510_nar-den-skal-sta-ferdig-og-hvordan-den-skal-bygges.jpg\",\"keywords\":[\"bygges\",\"den\",\"ferdig\",\"Hvordan\",\"n\u00e5r\",\"skal\",\"st\u00e5\"],\"articleSection\":[\"Vitenskap\"],\"inLanguage\":\"nb-NO\"},{\"@type\":\"WebPage\",\"@id\":\"https:\/\/nordnesrepublikken.no\/index.php\/2025\/11\/13\/nar-den-skal-sta-ferdig-og-hvordan-den-skal-bygges\/\",\"url\":\"https:\/\/nordnesrepublikken.no\/index.php\/2025\/11\/13\/nar-den-skal-sta-ferdig-og-hvordan-den-skal-bygges\/\",\"name\":\"n\u00e5r den skal st\u00e5 ferdig og hvordan den skal bygges - Nordnesrepublikken\",\"isPartOf\":{\"@id\":\"https:\/\/nordnesrepublikken.no\/#website\"},\"primaryImageOfPage\":{\"@id\":\"https:\/\/nordnesrepublikken.no\/index.php\/2025\/11\/13\/nar-den-skal-sta-ferdig-og-hvordan-den-skal-bygges\/#primaryimage\"},\"image\":{\"@id\":\"https:\/\/nordnesrepublikken.no\/index.php\/2025\/11\/13\/nar-den-skal-sta-ferdig-og-hvordan-den-skal-bygges\/#primaryimage\"},\"thumbnailUrl\":\"https:\/\/nordnesrepublikken.no\/wp-content\/uploads\/2025\/11\/1763063510_nar-den-skal-sta-ferdig-og-hvordan-den-skal-bygges.jpg\",\"datePublished\":\"2025-11-13T19:51:49+00:00\",\"dateModified\":\"2025-11-13T19:51:53+00:00\",\"breadcrumb\":{\"@id\":\"https:\/\/nordnesrepublikken.no\/index.php\/2025\/11\/13\/nar-den-skal-sta-ferdig-og-hvordan-den-skal-bygges\/#breadcrumb\"},\"inLanguage\":\"nb-NO\",\"potentialAction\":[{\"@type\":\"ReadAction\",\"target\":[\"https:\/\/nordnesrepublikken.no\/index.php\/2025\/11\/13\/nar-den-skal-sta-ferdig-og-hvordan-den-skal-bygges\/\"]}]},{\"@type\":\"ImageObject\",\"inLanguage\":\"nb-NO\",\"@id\":\"https:\/\/nordnesrepublikken.no\/index.php\/2025\/11\/13\/nar-den-skal-sta-ferdig-og-hvordan-den-skal-bygges\/#primaryimage\",\"url\":\"https:\/\/nordnesrepublikken.no\/wp-content\/uploads\/2025\/11\/1763063510_nar-den-skal-sta-ferdig-og-hvordan-den-skal-bygges.jpg\",\"contentUrl\":\"https:\/\/nordnesrepublikken.no\/wp-content\/uploads\/2025\/11\/1763063510_nar-den-skal-sta-ferdig-og-hvordan-den-skal-bygges.jpg\",\"width\":2549,\"height\":1491,\"caption\":\"n\u00e5r den skal st\u00e5 ferdig og hvordan den skal bygges\"},{\"@type\":\"BreadcrumbList\",\"@id\":\"https:\/\/nordnesrepublikken.no\/index.php\/2025\/11\/13\/nar-den-skal-sta-ferdig-og-hvordan-den-skal-bygges\/#breadcrumb\",\"itemListElement\":[{\"@type\":\"ListItem\",\"position\":1,\"name\":\"Home\",\"item\":\"https:\/\/nordnesrepublikken.no\/\"},{\"@type\":\"ListItem\",\"position\":2,\"name\":\"n\u00e5r den skal st\u00e5 ferdig og hvordan den skal bygges\"}]},{\"@type\":\"WebSite\",\"@id\":\"https:\/\/nordnesrepublikken.no\/#website\",\"url\":\"https:\/\/nordnesrepublikken.no\/\",\"name\":\"Nordnesrepublikken\",\"description\":\"Stemmer og Visjoner fra Republikkens Hjerte\",\"publisher\":{\"@id\":\"https:\/\/nordnesrepublikken.no\/#organization\"},\"potentialAction\":[{\"@type\":\"SearchAction\",\"target\":{\"@type\":\"EntryPoint\",\"urlTemplate\":\"https:\/\/nordnesrepublikken.no\/?s={search_term_string}\"},\"query-input\":{\"@type\":\"PropertyValueSpecification\",\"valueRequired\":true,\"valueName\":\"search_term_string\"}}],\"inLanguage\":\"nb-NO\"},{\"@type\":\"Organization\",\"@id\":\"https:\/\/nordnesrepublikken.no\/#organization\",\"name\":\"Nordnesrepublikken\",\"url\":\"https:\/\/nordnesrepublikken.no\/\",\"logo\":{\"@type\":\"ImageObject\",\"inLanguage\":\"nb-NO\",\"@id\":\"https:\/\/nordnesrepublikken.no\/#\/schema\/logo\/image\/\",\"url\":\"https:\/\/nordnesrepublikken.no\/wp-content\/uploads\/2025\/02\/cropped-nordnesrepublikken-2.png\",\"contentUrl\":\"https:\/\/nordnesrepublikken.no\/wp-content\/uploads\/2025\/02\/cropped-nordnesrepublikken-2.png\",\"width\":1248,\"height\":362,\"caption\":\"Nordnesrepublikken\"},\"image\":{\"@id\":\"https:\/\/nordnesrepublikken.no\/#\/schema\/logo\/image\/\"}},{\"@type\":\"Person\",\"@id\":\"https:\/\/nordnesrepublikken.no\/#\/schema\/person\/2e7e81935bab77882fffb79296240ff1\",\"name\":\"Ole Andersen\",\"image\":{\"@type\":\"ImageObject\",\"inLanguage\":\"nb-NO\",\"@id\":\"https:\/\/nordnesrepublikken.no\/#\/schema\/person\/image\/\",\"url\":\"https:\/\/nordnesrepublikken.no\/wp-content\/uploads\/2025\/02\/nordnesrepublikken-2-2-150x150.jpg\",\"contentUrl\":\"https:\/\/nordnesrepublikken.no\/wp-content\/uploads\/2025\/02\/nordnesrepublikken-2-2-150x150.jpg\",\"caption\":\"Ole Andersen\"},\"description\":\"Ettersom jeg vokste opp i Oslo, har jeg alltid v\u00e6rt fascinert av ordenes kraft og deres evne til \u00e5 skape endringer. Etter \u00e5 ha fullf\u00f8rt min utdannelse i kommunikasjon ved Universitetet i Bergen, fikk jeg muligheten til \u00e5 jobbe innen ulike medier, der jeg har s\u00f8kt \u00e5 belyse viktige samfunnssp\u00f8rsm\u00e5l. I dag, som redakt\u00f8r for Nordnesrepublikken, pr\u00f8ver jeg \u00e5 forene min kj\u00e6rlighet for journalistikk med min lidenskap for innovasjon og eventyr.\",\"sameAs\":[\"https:\/\/nordnesrepublikken.no\/\"]}]}<\/script>\n<!-- \/ Yoast SEO plugin. -->","yoast_head_json":{"title":"n\u00e5r den skal st\u00e5 ferdig og hvordan den skal bygges - Nordnesrepublikken","robots":{"index":"index","follow":"follow","max-snippet":"max-snippet:-1","max-image-preview":"max-image-preview:large","max-video-preview":"max-video-preview:-1"},"canonical":"https:\/\/nordnesrepublikken.no\/index.php\/2025\/11\/13\/nar-den-skal-sta-ferdig-og-hvordan-den-skal-bygges\/","og_locale":"nb_NO","og_type":"article","og_title":"n\u00e5r den skal st\u00e5 ferdig og hvordan den skal bygges - Nordnesrepublikken","og_description":"Der Jeddah-t\u00e5rnetmed sine 1000 meter h\u00f8ye, vil v\u00e6re den h\u00f8yeste skyskraperen i verden, og sl\u00e5","og_url":"https:\/\/nordnesrepublikken.no\/index.php\/2025\/11\/13\/nar-den-skal-sta-ferdig-og-hvordan-den-skal-bygges\/","og_site_name":"Nordnesrepublikken","article_published_time":"2025-11-13T19:51:49+00:00","article_modified_time":"2025-11-13T19:51:53+00:00","og_image":[{"width":2549,"height":1491,"url":"https:\/\/nordnesrepublikken.no\/wp-content\/uploads\/2025\/11\/1763063510_nar-den-skal-sta-ferdig-og-hvordan-den-skal-bygges.jpg","type":"image\/jpeg"}],"author":"Ole Andersen","twitter_card":"summary_large_image","twitter_misc":{"Skrevet av":"Ole Andersen","Ansl. lesetid":"2 minutter"},"schema":{"@context":"https:\/\/schema.org","@graph":[{"@type":"Article","@id":"https:\/\/nordnesrepublikken.no\/index.php\/2025\/11\/13\/nar-den-skal-sta-ferdig-og-hvordan-den-skal-bygges\/#article","isPartOf":{"@id":"https:\/\/nordnesrepublikken.no\/index.php\/2025\/11\/13\/nar-den-skal-sta-ferdig-og-hvordan-den-skal-bygges\/"},"author":{"name":"Ole Andersen","@id":"https:\/\/nordnesrepublikken.no\/#\/schema\/person\/2e7e81935bab77882fffb79296240ff1"},"headline":"n\u00e5r den skal st\u00e5 ferdig og hvordan den skal bygges","datePublished":"2025-11-13T19:51:49+00:00","dateModified":"2025-11-13T19:51:53+00:00","mainEntityOfPage":{"@id":"https:\/\/nordnesrepublikken.no\/index.php\/2025\/11\/13\/nar-den-skal-sta-ferdig-og-hvordan-den-skal-bygges\/"},"wordCount":507,"publisher":{"@id":"https:\/\/nordnesrepublikken.no\/#organization"},"image":{"@id":"https:\/\/nordnesrepublikken.no\/index.php\/2025\/11\/13\/nar-den-skal-sta-ferdig-og-hvordan-den-skal-bygges\/#primaryimage"},"thumbnailUrl":"https:\/\/nordnesrepublikken.no\/wp-content\/uploads\/2025\/11\/1763063510_nar-den-skal-sta-ferdig-og-hvordan-den-skal-bygges.jpg","keywords":["bygges","den","ferdig","Hvordan","n\u00e5r","skal","st\u00e5"],"articleSection":["Vitenskap"],"inLanguage":"nb-NO"},{"@type":"WebPage","@id":"https:\/\/nordnesrepublikken.no\/index.php\/2025\/11\/13\/nar-den-skal-sta-ferdig-og-hvordan-den-skal-bygges\/","url":"https:\/\/nordnesrepublikken.no\/index.php\/2025\/11\/13\/nar-den-skal-sta-ferdig-og-hvordan-den-skal-bygges\/","name":"n\u00e5r den skal st\u00e5 ferdig og hvordan den skal bygges - Nordnesrepublikken","isPartOf":{"@id":"https:\/\/nordnesrepublikken.no\/#website"},"primaryImageOfPage":{"@id":"https:\/\/nordnesrepublikken.no\/index.php\/2025\/11\/13\/nar-den-skal-sta-ferdig-og-hvordan-den-skal-bygges\/#primaryimage"},"image":{"@id":"https:\/\/nordnesrepublikken.no\/index.php\/2025\/11\/13\/nar-den-skal-sta-ferdig-og-hvordan-den-skal-bygges\/#primaryimage"},"thumbnailUrl":"https:\/\/nordnesrepublikken.no\/wp-content\/uploads\/2025\/11\/1763063510_nar-den-skal-sta-ferdig-og-hvordan-den-skal-bygges.jpg","datePublished":"2025-11-13T19:51:49+00:00","dateModified":"2025-11-13T19:51:53+00:00","breadcrumb":{"@id":"https:\/\/nordnesrepublikken.no\/index.php\/2025\/11\/13\/nar-den-skal-sta-ferdig-og-hvordan-den-skal-bygges\/#breadcrumb"},"inLanguage":"nb-NO","potentialAction":[{"@type":"ReadAction","target":["https:\/\/nordnesrepublikken.no\/index.php\/2025\/11\/13\/nar-den-skal-sta-ferdig-og-hvordan-den-skal-bygges\/"]}]},{"@type":"ImageObject","inLanguage":"nb-NO","@id":"https:\/\/nordnesrepublikken.no\/index.php\/2025\/11\/13\/nar-den-skal-sta-ferdig-og-hvordan-den-skal-bygges\/#primaryimage","url":"https:\/\/nordnesrepublikken.no\/wp-content\/uploads\/2025\/11\/1763063510_nar-den-skal-sta-ferdig-og-hvordan-den-skal-bygges.jpg","contentUrl":"https:\/\/nordnesrepublikken.no\/wp-content\/uploads\/2025\/11\/1763063510_nar-den-skal-sta-ferdig-og-hvordan-den-skal-bygges.jpg","width":2549,"height":1491,"caption":"n\u00e5r den skal st\u00e5 ferdig og hvordan den skal bygges"},{"@type":"BreadcrumbList","@id":"https:\/\/nordnesrepublikken.no\/index.php\/2025\/11\/13\/nar-den-skal-sta-ferdig-og-hvordan-den-skal-bygges\/#breadcrumb","itemListElement":[{"@type":"ListItem","position":1,"name":"Home","item":"https:\/\/nordnesrepublikken.no\/"},{"@type":"ListItem","position":2,"name":"n\u00e5r den skal st\u00e5 ferdig og hvordan den skal bygges"}]},{"@type":"WebSite","@id":"https:\/\/nordnesrepublikken.no\/#website","url":"https:\/\/nordnesrepublikken.no\/","name":"Nordnesrepublikken","description":"Stemmer og Visjoner fra Republikkens Hjerte","publisher":{"@id":"https:\/\/nordnesrepublikken.no\/#organization"},"potentialAction":[{"@type":"SearchAction","target":{"@type":"EntryPoint","urlTemplate":"https:\/\/nordnesrepublikken.no\/?s={search_term_string}"},"query-input":{"@type":"PropertyValueSpecification","valueRequired":true,"valueName":"search_term_string"}}],"inLanguage":"nb-NO"},{"@type":"Organization","@id":"https:\/\/nordnesrepublikken.no\/#organization","name":"Nordnesrepublikken","url":"https:\/\/nordnesrepublikken.no\/","logo":{"@type":"ImageObject","inLanguage":"nb-NO","@id":"https:\/\/nordnesrepublikken.no\/#\/schema\/logo\/image\/","url":"https:\/\/nordnesrepublikken.no\/wp-content\/uploads\/2025\/02\/cropped-nordnesrepublikken-2.png","contentUrl":"https:\/\/nordnesrepublikken.no\/wp-content\/uploads\/2025\/02\/cropped-nordnesrepublikken-2.png","width":1248,"height":362,"caption":"Nordnesrepublikken"},"image":{"@id":"https:\/\/nordnesrepublikken.no\/#\/schema\/logo\/image\/"}},{"@type":"Person","@id":"https:\/\/nordnesrepublikken.no\/#\/schema\/person\/2e7e81935bab77882fffb79296240ff1","name":"Ole Andersen","image":{"@type":"ImageObject","inLanguage":"nb-NO","@id":"https:\/\/nordnesrepublikken.no\/#\/schema\/person\/image\/","url":"https:\/\/nordnesrepublikken.no\/wp-content\/uploads\/2025\/02\/nordnesrepublikken-2-2-150x150.jpg","contentUrl":"https:\/\/nordnesrepublikken.no\/wp-content\/uploads\/2025\/02\/nordnesrepublikken-2-2-150x150.jpg","caption":"Ole Andersen"},"description":"Ettersom jeg vokste opp i Oslo, har jeg alltid v\u00e6rt fascinert av ordenes kraft og deres evne til \u00e5 skape endringer. Etter \u00e5 ha fullf\u00f8rt min utdannelse i kommunikasjon ved Universitetet i Bergen, fikk jeg muligheten til \u00e5 jobbe innen ulike medier, der jeg har s\u00f8kt \u00e5 belyse viktige samfunnssp\u00f8rsm\u00e5l. I dag, som redakt\u00f8r for Nordnesrepublikken, pr\u00f8ver jeg \u00e5 forene min kj\u00e6rlighet for journalistikk med min lidenskap for innovasjon og eventyr.","sameAs":["https:\/\/nordnesrepublikken.no\/"]}]}},"_links":{"self":[{"href":"https:\/\/nordnesrepublikken.no\/index.php\/wp-json\/wp\/v2\/posts\/11667","targetHints":{"allow":["GET"]}}],"collection":[{"href":"https:\/\/nordnesrepublikken.no\/index.php\/wp-json\/wp\/v2\/posts"}],"about":[{"href":"https:\/\/nordnesrepublikken.no\/index.php\/wp-json\/wp\/v2\/types\/post"}],"author":[{"embeddable":true,"href":"https:\/\/nordnesrepublikken.no\/index.php\/wp-json\/wp\/v2\/users\/1"}],"replies":[{"embeddable":true,"href":"https:\/\/nordnesrepublikken.no\/index.php\/wp-json\/wp\/v2\/comments?post=11667"}],"version-history":[{"count":1,"href":"https:\/\/nordnesrepublikken.no\/index.php\/wp-json\/wp\/v2\/posts\/11667\/revisions"}],"predecessor-version":[{"id":11669,"href":"https:\/\/nordnesrepublikken.no\/index.php\/wp-json\/wp\/v2\/posts\/11667\/revisions\/11669"}],"wp:featuredmedia":[{"embeddable":true,"href":"https:\/\/nordnesrepublikken.no\/index.php\/wp-json\/wp\/v2\/media\/11668"}],"wp:attachment":[{"href":"https:\/\/nordnesrepublikken.no\/index.php\/wp-json\/wp\/v2\/media?parent=11667"}],"wp:term":[{"taxonomy":"category","embeddable":true,"href":"https:\/\/nordnesrepublikken.no\/index.php\/wp-json\/wp\/v2\/categories?post=11667"},{"taxonomy":"post_tag","embeddable":true,"href":"https:\/\/nordnesrepublikken.no\/index.php\/wp-json\/wp\/v2\/tags?post=11667"}],"curies":[{"name":"wp","href":"https:\/\/api.w.org\/{rel}","templated":true}]}}