{"id":11664,"date":"2025-11-13T17:51:18","date_gmt":"2025-11-13T16:51:18","guid":{"rendered":"https:\/\/nordnesrepublikken.no\/index.php\/2025\/11\/13\/innvirkningen-pa-usa-og-de-okonomiske-effektene\/"},"modified":"2025-11-13T17:51:29","modified_gmt":"2025-11-13T16:51:29","slug":"innvirkningen-pa-usa-og-de-okonomiske-effektene","status":"publish","type":"post","link":"https:\/\/nordnesrepublikken.no\/index.php\/2025\/11\/13\/innvirkningen-pa-usa-og-de-okonomiske-effektene\/","title":{"rendered":"innvirkningen p\u00e5 USA og de \u00f8konomiske effektene"},"content":{"rendered":"<div>\n<div class=\"cp_wrapper cp_wrapper--fw mb-30 mb-20@tablet\">\n<figure class=\"mm\"><picture class=\"img\" style=\"padding-top:56.25%\"><source  media=\"(min-width: 1024px)\"><source  media=\"(min-width: 768px)\"><\/source><\/source><\/picture><\/figure>\n<\/p><\/div>\n<p>Presidenten <b>Donald Trump<\/b> undertegnet en lov onsdag 12. november som setter en stopper for <b>lengre nedleggelse<\/b> i USAs historie, varte <strong>43 dager<\/strong>og erkl\u00e6rte at &laquo;Det b\u00f8r aldri skje igjen.&raquo; Suspensjonen resulterte i midlertidig stenging av f\u00f8derale regjeringsoperasjoner. Noen timer tidligere ble <b>Representantenes hus<\/b>kontrollert av republikanere, hadde godkjent pakken med <b>222 stemmer for og 209 mot<\/b>. Trumps st\u00f8tte har i stor grad holdt partiet samlet i m\u00f8te med opposisjonen <b>Demokrater<\/b>sint over at det lange d\u00f8dsfallet som begynte i Senatet ikke klarte \u00e5 sikre en avtale om \u00e5 forlenge <b>f\u00f8derale subsidier for helseforsikring<\/b>.<\/p>\n<p>Trumps signatur p\u00e5 lovforslaget, vedtatt <b>Senatet<\/b> i begynnelsen av uken, vil tillate <b>f\u00f8derale ansatte<\/b> satt i tvangspermisjon ved nedleggelse av <b>43 dager<\/b> \u00e5 g\u00e5 tilbake til jobb i dag, selv om det er uklart hvor raskt f\u00f8derale tjenester og aktiviteter vil gjenopptas med full kapasitet. &laquo;Vi kan aldri tillate dette igjen <b>for at noe slikt skal skje<\/b>\u201d, erkl\u00e6rte Trump i det ovale kontor under signeringsseremonien: slutten av nedleggelsen gir h\u00e5p om at jeg <b>essensielle tjenester<\/b> har litt tid til \u00e5 komme seg, men ulempene for innbyggerne har v\u00e6rt reelle.<\/p>\n<h2>Den \u00f8konomiske byrden av nedleggelsen: virkningen p\u00e5 USA<\/h2>\n<p>Den lengste <b>nedleggelse <\/b>i USAs historie ser det ut til \u00e5 n\u00e6rme seg slutten, men <b>ikke uten \u00e5 etterlate et merke<\/b> p\u00e5 en allerede vanskelig \u00f8konomi. Om <b>1,25 millioner f\u00f8derale ansatte<\/b> har ikke blitt betalt siden 1. oktober, <b>tusenvis av flyreiser <\/b>har blitt kansellert, tildelingen av <b>offentlige kontrakter<\/b> har bremset opp og noen borgere har m\u00e5ttet forholde seg til avbrudd av <b>matvarehjelp<\/b>.<\/p>\n<p>Noe av den tapte \u00f8konomiske aktiviteten vil bli gjenopprettet med gjen\u00e5pningen, ettersom f\u00f8derale ansatte vil motta tilbakebetaling: p\u00e5 samme tid, men <b>kansellerte flyvninger <\/b>de vil ikke bli omlagt, dvs <b>uspiste m\u00e5ltider<\/b> i restauranter vil ikke bli gjenopprettet og noen <b>utsatte kj\u00f8p<\/b> de vil trolig ikke lenger bli gjennomf\u00f8rt. I f\u00f8lge analytikere etterlater kortsiktige nedleggelser vanligvis ingen spor i \u00f8konomiske data, men denne kunne <b>et varig merke<\/b>b\u00e5de for rekordvarigheten og for de \u00f8kende ulempene. University of Michigans m\u00e5nedlige forbrukertillitsindeks falt til n\u00e6r et rekordlavt niv\u00e5 i november.<\/p>\n<p>Nedleggelsen legger faktisk til <b>eksisterende \u00f8konomiske utfordringer<\/b>inkludert svak jobbvekst, h\u00f8y inflasjon og tariffer p\u00e5lagt av president Donald Trump, som har skapt usikkerhet for mange virksomheter. Effekten ble merket spesielt i hovedstadsomr\u00e5det <b>Washington DC<\/b>allerede i vanskeligheter p\u00e5 grunn av <b>kutt til f\u00f8deralt personale<\/b> utf\u00f8rt av Trump i fjor v\u00e5r.<\/p>\n<p>Suspensjonen av f\u00f8derale aktiviteter p\u00e5virket ogs\u00e5 luftfartssektoren, fordi det sivile luftfartssystemet i stor grad administreres av et f\u00f8deralt byr\u00e5, <b>Federal Aviation Administration (FAA)<\/b>. Flyselskapene m\u00e5tte kansellere <b>tusenvis av flyreiser<\/b> p\u00e5 ordre fra FAA, som pr\u00f8vde \u00e5 lette arbeidsmengden til <b>flykontroll\u00f8rer<\/b>som ikke betales f\u00f8r nedleggelsen avsluttes. Allerede f\u00f8r disse kanselleringene hadde konsulentfirmaet Tourism Economics ansl\u00e5tt at nedleggelsen ville <b>redusert reiseutgifter <\/b>p\u00e5 63 millioner dollar per dag, med et samlet tap p\u00e5 <b>2,6 milliarder dollar<\/b> for hele reiselivssektoren p\u00e5 seks uker; Kansellerte flyreiser betyr ogs\u00e5 mindre virksomhet for hoteller, restauranter og taxisj\u00e5f\u00f8rer.<\/p>\n<p>Endelig har nedleggelsen <b>forsinket<\/b> betaling av 8 milliarder dollar i <b>m\u00e5nedlige mattilskudd<\/b>gitt gjennom Snap-programmet<b>, <\/b>skaper alvorlige \u00f8konomiske vanskeligheter for mange lavinntektsfamilier og reduserer deres forbrukskapasitet. Noen stater har klart det <b>betale full ytelse<\/b> for denne m\u00e5neden, da Trump-administrasjonen fors\u00f8kte \u00e5 suspendere eller redusere Snap-betalinger for mottakere.<\/p>\n<h2>Hvorfor f\u00e5r nedstengningen konsekvenser ogs\u00e5 i utlandet og hva er det?<\/h2>\n<p>Med tanke p\u00e5 USAs sentralitet i globale balanser, kan en nedleggelse av f\u00f8derale aktiviteter f\u00e5 alvorlige konsekvenser <b>mye av verden<\/b>. I f\u00f8rste omgang undergraver nedleggelsen ytterligere USAs posisjon som <b>global leder<\/b> av det frie markedet og internasjonal orden. Ledsaget av Kinas oppgang, svekker denne suspensjonen ytterligere investortilliten til USA som dommer og muliggj\u00f8rer for <b>kommersielle og finansielle system<\/b>. I tillegg, mens mange nasjonale sikkerhetsrelaterte funksjoner er unntatt fra nedleggelsen, dvs <b>Forsvars- og statsdepartementet<\/b> er blant dem som suspenderer flest arbeidstakere.<\/p>\n<p>En fungerende amerikansk regjering er avgj\u00f8rende for de kommersielle og \u00f8konomiske interessene til landet og dets allierte. For eksempel p\u00e5virket nedleggelsen <b>Tyskland<\/b>hvor mange amerikanske milit\u00e6rbaser er lokalisert. Under blokaden m\u00e5tte Berlin <b>betale l\u00f8nnen til omtrent 11 000 lokale arbeidere<\/b>hovedsakelig tyske statsborgere, som st\u00f8tter amerikanske troppeoperasjoner, med l\u00f8ftet om at Washington <b>vil refundere<\/b> deretter summen. Situasjonen har ogs\u00e5 skapt bekymringer p\u00e5 lokalt niv\u00e5, spesielt i regionen <b>Rheinland-Pfalz<\/b>p\u00e5 grunn av mulige leieforsinkelser og p\u00e5virkninger p\u00e5 eiendomsmarkedet og aktiviteter knyttet til milit\u00e6rt personell.<\/p>\n<\/p><\/div>\n","protected":false},"excerpt":{"rendered":"<p>Presidenten Donald Trump undertegnet en lov onsdag 12. november som setter en stopper for lengre<\/p>\n","protected":false},"author":1,"featured_media":11665,"comment_status":"closed","ping_status":"open","sticky":false,"template":"","format":"standard","meta":{"footnotes":""},"categories":[104],"tags":[366,7679,427,81,499],"class_list":["post-11664","post","type-post","status-publish","format-standard","has-post-thumbnail","hentry","category-samfunn","tag-effektene","tag-innvirkningen","tag-okonomiske","tag-pa","tag-usa","generate-columns","tablet-grid-50","mobile-grid-100","grid-parent","grid-33","resize-featured-image"],"yoast_head":"<!-- This site is optimized with the Yoast SEO plugin v24.4 - https:\/\/yoast.com\/wordpress\/plugins\/seo\/ -->\n<title>innvirkningen p\u00e5 USA og de \u00f8konomiske effektene - Nordnesrepublikken<\/title>\n<meta name=\"robots\" content=\"index, follow, max-snippet:-1, max-image-preview:large, max-video-preview:-1\" \/>\n<link rel=\"canonical\" href=\"https:\/\/nordnesrepublikken.no\/index.php\/2025\/11\/13\/innvirkningen-pa-usa-og-de-okonomiske-effektene\/\" \/>\n<meta property=\"og:locale\" content=\"nb_NO\" \/>\n<meta property=\"og:type\" content=\"article\" \/>\n<meta property=\"og:title\" content=\"innvirkningen p\u00e5 USA og de \u00f8konomiske effektene - Nordnesrepublikken\" \/>\n<meta property=\"og:description\" content=\"Presidenten Donald Trump undertegnet en lov onsdag 12. november som setter en stopper for lengre\" \/>\n<meta property=\"og:url\" content=\"https:\/\/nordnesrepublikken.no\/index.php\/2025\/11\/13\/innvirkningen-pa-usa-og-de-okonomiske-effektene\/\" \/>\n<meta property=\"og:site_name\" content=\"Nordnesrepublikken\" \/>\n<meta property=\"article:published_time\" content=\"2025-11-13T16:51:18+00:00\" \/>\n<meta property=\"article:modified_time\" content=\"2025-11-13T16:51:29+00:00\" \/>\n<meta property=\"og:image\" content=\"https:\/\/nordnesrepublikken.no\/wp-content\/uploads\/2025\/11\/1763052679_innvirkningen-pa-USA-og-de-okonomiske-effektene-scaled.jpg\" \/>\n\t<meta property=\"og:image:width\" content=\"2560\" \/>\n\t<meta property=\"og:image:height\" content=\"1566\" \/>\n\t<meta property=\"og:image:type\" content=\"image\/jpeg\" \/>\n<meta name=\"author\" content=\"Ole Andersen\" \/>\n<meta name=\"twitter:card\" content=\"summary_large_image\" \/>\n<meta name=\"twitter:label1\" content=\"Skrevet av\" \/>\n\t<meta name=\"twitter:data1\" content=\"Ole Andersen\" \/>\n\t<meta name=\"twitter:label2\" content=\"Ansl. lesetid\" \/>\n\t<meta name=\"twitter:data2\" content=\"4 minutter\" \/>\n<script type=\"application\/ld+json\" class=\"yoast-schema-graph\">{\"@context\":\"https:\/\/schema.org\",\"@graph\":[{\"@type\":\"Article\",\"@id\":\"https:\/\/nordnesrepublikken.no\/index.php\/2025\/11\/13\/innvirkningen-pa-usa-og-de-okonomiske-effektene\/#article\",\"isPartOf\":{\"@id\":\"https:\/\/nordnesrepublikken.no\/index.php\/2025\/11\/13\/innvirkningen-pa-usa-og-de-okonomiske-effektene\/\"},\"author\":{\"name\":\"Ole Andersen\",\"@id\":\"https:\/\/nordnesrepublikken.no\/#\/schema\/person\/2e7e81935bab77882fffb79296240ff1\"},\"headline\":\"innvirkningen p\u00e5 USA og de \u00f8konomiske effektene\",\"datePublished\":\"2025-11-13T16:51:18+00:00\",\"dateModified\":\"2025-11-13T16:51:29+00:00\",\"mainEntityOfPage\":{\"@id\":\"https:\/\/nordnesrepublikken.no\/index.php\/2025\/11\/13\/innvirkningen-pa-usa-og-de-okonomiske-effektene\/\"},\"wordCount\":735,\"publisher\":{\"@id\":\"https:\/\/nordnesrepublikken.no\/#organization\"},\"image\":{\"@id\":\"https:\/\/nordnesrepublikken.no\/index.php\/2025\/11\/13\/innvirkningen-pa-usa-og-de-okonomiske-effektene\/#primaryimage\"},\"thumbnailUrl\":\"https:\/\/nordnesrepublikken.no\/wp-content\/uploads\/2025\/11\/1763052679_innvirkningen-pa-USA-og-de-okonomiske-effektene-scaled.jpg\",\"keywords\":[\"Effektene\",\"innvirkningen\",\"\u00f8konomiske\",\"p\u00e5\",\"USA\"],\"articleSection\":[\"Samfunn\"],\"inLanguage\":\"nb-NO\"},{\"@type\":\"WebPage\",\"@id\":\"https:\/\/nordnesrepublikken.no\/index.php\/2025\/11\/13\/innvirkningen-pa-usa-og-de-okonomiske-effektene\/\",\"url\":\"https:\/\/nordnesrepublikken.no\/index.php\/2025\/11\/13\/innvirkningen-pa-usa-og-de-okonomiske-effektene\/\",\"name\":\"innvirkningen p\u00e5 USA og de \u00f8konomiske effektene - Nordnesrepublikken\",\"isPartOf\":{\"@id\":\"https:\/\/nordnesrepublikken.no\/#website\"},\"primaryImageOfPage\":{\"@id\":\"https:\/\/nordnesrepublikken.no\/index.php\/2025\/11\/13\/innvirkningen-pa-usa-og-de-okonomiske-effektene\/#primaryimage\"},\"image\":{\"@id\":\"https:\/\/nordnesrepublikken.no\/index.php\/2025\/11\/13\/innvirkningen-pa-usa-og-de-okonomiske-effektene\/#primaryimage\"},\"thumbnailUrl\":\"https:\/\/nordnesrepublikken.no\/wp-content\/uploads\/2025\/11\/1763052679_innvirkningen-pa-USA-og-de-okonomiske-effektene-scaled.jpg\",\"datePublished\":\"2025-11-13T16:51:18+00:00\",\"dateModified\":\"2025-11-13T16:51:29+00:00\",\"breadcrumb\":{\"@id\":\"https:\/\/nordnesrepublikken.no\/index.php\/2025\/11\/13\/innvirkningen-pa-usa-og-de-okonomiske-effektene\/#breadcrumb\"},\"inLanguage\":\"nb-NO\",\"potentialAction\":[{\"@type\":\"ReadAction\",\"target\":[\"https:\/\/nordnesrepublikken.no\/index.php\/2025\/11\/13\/innvirkningen-pa-usa-og-de-okonomiske-effektene\/\"]}]},{\"@type\":\"ImageObject\",\"inLanguage\":\"nb-NO\",\"@id\":\"https:\/\/nordnesrepublikken.no\/index.php\/2025\/11\/13\/innvirkningen-pa-usa-og-de-okonomiske-effektene\/#primaryimage\",\"url\":\"https:\/\/nordnesrepublikken.no\/wp-content\/uploads\/2025\/11\/1763052679_innvirkningen-pa-USA-og-de-okonomiske-effektene-scaled.jpg\",\"contentUrl\":\"https:\/\/nordnesrepublikken.no\/wp-content\/uploads\/2025\/11\/1763052679_innvirkningen-pa-USA-og-de-okonomiske-effektene-scaled.jpg\",\"width\":2560,\"height\":1566,\"caption\":\"innvirkningen p\u00e5 USA og de \u00f8konomiske effektene\"},{\"@type\":\"BreadcrumbList\",\"@id\":\"https:\/\/nordnesrepublikken.no\/index.php\/2025\/11\/13\/innvirkningen-pa-usa-og-de-okonomiske-effektene\/#breadcrumb\",\"itemListElement\":[{\"@type\":\"ListItem\",\"position\":1,\"name\":\"Home\",\"item\":\"https:\/\/nordnesrepublikken.no\/\"},{\"@type\":\"ListItem\",\"position\":2,\"name\":\"innvirkningen p\u00e5 USA og de \u00f8konomiske effektene\"}]},{\"@type\":\"WebSite\",\"@id\":\"https:\/\/nordnesrepublikken.no\/#website\",\"url\":\"https:\/\/nordnesrepublikken.no\/\",\"name\":\"Nordnesrepublikken\",\"description\":\"Stemmer og Visjoner fra Republikkens Hjerte\",\"publisher\":{\"@id\":\"https:\/\/nordnesrepublikken.no\/#organization\"},\"potentialAction\":[{\"@type\":\"SearchAction\",\"target\":{\"@type\":\"EntryPoint\",\"urlTemplate\":\"https:\/\/nordnesrepublikken.no\/?s={search_term_string}\"},\"query-input\":{\"@type\":\"PropertyValueSpecification\",\"valueRequired\":true,\"valueName\":\"search_term_string\"}}],\"inLanguage\":\"nb-NO\"},{\"@type\":\"Organization\",\"@id\":\"https:\/\/nordnesrepublikken.no\/#organization\",\"name\":\"Nordnesrepublikken\",\"url\":\"https:\/\/nordnesrepublikken.no\/\",\"logo\":{\"@type\":\"ImageObject\",\"inLanguage\":\"nb-NO\",\"@id\":\"https:\/\/nordnesrepublikken.no\/#\/schema\/logo\/image\/\",\"url\":\"https:\/\/nordnesrepublikken.no\/wp-content\/uploads\/2025\/02\/cropped-nordnesrepublikken-2.png\",\"contentUrl\":\"https:\/\/nordnesrepublikken.no\/wp-content\/uploads\/2025\/02\/cropped-nordnesrepublikken-2.png\",\"width\":1248,\"height\":362,\"caption\":\"Nordnesrepublikken\"},\"image\":{\"@id\":\"https:\/\/nordnesrepublikken.no\/#\/schema\/logo\/image\/\"}},{\"@type\":\"Person\",\"@id\":\"https:\/\/nordnesrepublikken.no\/#\/schema\/person\/2e7e81935bab77882fffb79296240ff1\",\"name\":\"Ole Andersen\",\"image\":{\"@type\":\"ImageObject\",\"inLanguage\":\"nb-NO\",\"@id\":\"https:\/\/nordnesrepublikken.no\/#\/schema\/person\/image\/\",\"url\":\"https:\/\/nordnesrepublikken.no\/wp-content\/uploads\/2025\/02\/nordnesrepublikken-2-2-150x150.jpg\",\"contentUrl\":\"https:\/\/nordnesrepublikken.no\/wp-content\/uploads\/2025\/02\/nordnesrepublikken-2-2-150x150.jpg\",\"caption\":\"Ole Andersen\"},\"description\":\"Ettersom jeg vokste opp i Oslo, har jeg alltid v\u00e6rt fascinert av ordenes kraft og deres evne til \u00e5 skape endringer. Etter \u00e5 ha fullf\u00f8rt min utdannelse i kommunikasjon ved Universitetet i Bergen, fikk jeg muligheten til \u00e5 jobbe innen ulike medier, der jeg har s\u00f8kt \u00e5 belyse viktige samfunnssp\u00f8rsm\u00e5l. I dag, som redakt\u00f8r for Nordnesrepublikken, pr\u00f8ver jeg \u00e5 forene min kj\u00e6rlighet for journalistikk med min lidenskap for innovasjon og eventyr.\",\"sameAs\":[\"https:\/\/nordnesrepublikken.no\/\"]}]}<\/script>\n<!-- \/ Yoast SEO plugin. -->","yoast_head_json":{"title":"innvirkningen p\u00e5 USA og de \u00f8konomiske effektene - Nordnesrepublikken","robots":{"index":"index","follow":"follow","max-snippet":"max-snippet:-1","max-image-preview":"max-image-preview:large","max-video-preview":"max-video-preview:-1"},"canonical":"https:\/\/nordnesrepublikken.no\/index.php\/2025\/11\/13\/innvirkningen-pa-usa-og-de-okonomiske-effektene\/","og_locale":"nb_NO","og_type":"article","og_title":"innvirkningen p\u00e5 USA og de \u00f8konomiske effektene - Nordnesrepublikken","og_description":"Presidenten Donald Trump undertegnet en lov onsdag 12. november som setter en stopper for lengre","og_url":"https:\/\/nordnesrepublikken.no\/index.php\/2025\/11\/13\/innvirkningen-pa-usa-og-de-okonomiske-effektene\/","og_site_name":"Nordnesrepublikken","article_published_time":"2025-11-13T16:51:18+00:00","article_modified_time":"2025-11-13T16:51:29+00:00","og_image":[{"width":2560,"height":1566,"url":"https:\/\/nordnesrepublikken.no\/wp-content\/uploads\/2025\/11\/1763052679_innvirkningen-pa-USA-og-de-okonomiske-effektene-scaled.jpg","type":"image\/jpeg"}],"author":"Ole Andersen","twitter_card":"summary_large_image","twitter_misc":{"Skrevet av":"Ole Andersen","Ansl. lesetid":"4 minutter"},"schema":{"@context":"https:\/\/schema.org","@graph":[{"@type":"Article","@id":"https:\/\/nordnesrepublikken.no\/index.php\/2025\/11\/13\/innvirkningen-pa-usa-og-de-okonomiske-effektene\/#article","isPartOf":{"@id":"https:\/\/nordnesrepublikken.no\/index.php\/2025\/11\/13\/innvirkningen-pa-usa-og-de-okonomiske-effektene\/"},"author":{"name":"Ole Andersen","@id":"https:\/\/nordnesrepublikken.no\/#\/schema\/person\/2e7e81935bab77882fffb79296240ff1"},"headline":"innvirkningen p\u00e5 USA og de \u00f8konomiske effektene","datePublished":"2025-11-13T16:51:18+00:00","dateModified":"2025-11-13T16:51:29+00:00","mainEntityOfPage":{"@id":"https:\/\/nordnesrepublikken.no\/index.php\/2025\/11\/13\/innvirkningen-pa-usa-og-de-okonomiske-effektene\/"},"wordCount":735,"publisher":{"@id":"https:\/\/nordnesrepublikken.no\/#organization"},"image":{"@id":"https:\/\/nordnesrepublikken.no\/index.php\/2025\/11\/13\/innvirkningen-pa-usa-og-de-okonomiske-effektene\/#primaryimage"},"thumbnailUrl":"https:\/\/nordnesrepublikken.no\/wp-content\/uploads\/2025\/11\/1763052679_innvirkningen-pa-USA-og-de-okonomiske-effektene-scaled.jpg","keywords":["Effektene","innvirkningen","\u00f8konomiske","p\u00e5","USA"],"articleSection":["Samfunn"],"inLanguage":"nb-NO"},{"@type":"WebPage","@id":"https:\/\/nordnesrepublikken.no\/index.php\/2025\/11\/13\/innvirkningen-pa-usa-og-de-okonomiske-effektene\/","url":"https:\/\/nordnesrepublikken.no\/index.php\/2025\/11\/13\/innvirkningen-pa-usa-og-de-okonomiske-effektene\/","name":"innvirkningen p\u00e5 USA og de \u00f8konomiske effektene - Nordnesrepublikken","isPartOf":{"@id":"https:\/\/nordnesrepublikken.no\/#website"},"primaryImageOfPage":{"@id":"https:\/\/nordnesrepublikken.no\/index.php\/2025\/11\/13\/innvirkningen-pa-usa-og-de-okonomiske-effektene\/#primaryimage"},"image":{"@id":"https:\/\/nordnesrepublikken.no\/index.php\/2025\/11\/13\/innvirkningen-pa-usa-og-de-okonomiske-effektene\/#primaryimage"},"thumbnailUrl":"https:\/\/nordnesrepublikken.no\/wp-content\/uploads\/2025\/11\/1763052679_innvirkningen-pa-USA-og-de-okonomiske-effektene-scaled.jpg","datePublished":"2025-11-13T16:51:18+00:00","dateModified":"2025-11-13T16:51:29+00:00","breadcrumb":{"@id":"https:\/\/nordnesrepublikken.no\/index.php\/2025\/11\/13\/innvirkningen-pa-usa-og-de-okonomiske-effektene\/#breadcrumb"},"inLanguage":"nb-NO","potentialAction":[{"@type":"ReadAction","target":["https:\/\/nordnesrepublikken.no\/index.php\/2025\/11\/13\/innvirkningen-pa-usa-og-de-okonomiske-effektene\/"]}]},{"@type":"ImageObject","inLanguage":"nb-NO","@id":"https:\/\/nordnesrepublikken.no\/index.php\/2025\/11\/13\/innvirkningen-pa-usa-og-de-okonomiske-effektene\/#primaryimage","url":"https:\/\/nordnesrepublikken.no\/wp-content\/uploads\/2025\/11\/1763052679_innvirkningen-pa-USA-og-de-okonomiske-effektene-scaled.jpg","contentUrl":"https:\/\/nordnesrepublikken.no\/wp-content\/uploads\/2025\/11\/1763052679_innvirkningen-pa-USA-og-de-okonomiske-effektene-scaled.jpg","width":2560,"height":1566,"caption":"innvirkningen p\u00e5 USA og de \u00f8konomiske effektene"},{"@type":"BreadcrumbList","@id":"https:\/\/nordnesrepublikken.no\/index.php\/2025\/11\/13\/innvirkningen-pa-usa-og-de-okonomiske-effektene\/#breadcrumb","itemListElement":[{"@type":"ListItem","position":1,"name":"Home","item":"https:\/\/nordnesrepublikken.no\/"},{"@type":"ListItem","position":2,"name":"innvirkningen p\u00e5 USA og de \u00f8konomiske effektene"}]},{"@type":"WebSite","@id":"https:\/\/nordnesrepublikken.no\/#website","url":"https:\/\/nordnesrepublikken.no\/","name":"Nordnesrepublikken","description":"Stemmer og Visjoner fra Republikkens Hjerte","publisher":{"@id":"https:\/\/nordnesrepublikken.no\/#organization"},"potentialAction":[{"@type":"SearchAction","target":{"@type":"EntryPoint","urlTemplate":"https:\/\/nordnesrepublikken.no\/?s={search_term_string}"},"query-input":{"@type":"PropertyValueSpecification","valueRequired":true,"valueName":"search_term_string"}}],"inLanguage":"nb-NO"},{"@type":"Organization","@id":"https:\/\/nordnesrepublikken.no\/#organization","name":"Nordnesrepublikken","url":"https:\/\/nordnesrepublikken.no\/","logo":{"@type":"ImageObject","inLanguage":"nb-NO","@id":"https:\/\/nordnesrepublikken.no\/#\/schema\/logo\/image\/","url":"https:\/\/nordnesrepublikken.no\/wp-content\/uploads\/2025\/02\/cropped-nordnesrepublikken-2.png","contentUrl":"https:\/\/nordnesrepublikken.no\/wp-content\/uploads\/2025\/02\/cropped-nordnesrepublikken-2.png","width":1248,"height":362,"caption":"Nordnesrepublikken"},"image":{"@id":"https:\/\/nordnesrepublikken.no\/#\/schema\/logo\/image\/"}},{"@type":"Person","@id":"https:\/\/nordnesrepublikken.no\/#\/schema\/person\/2e7e81935bab77882fffb79296240ff1","name":"Ole Andersen","image":{"@type":"ImageObject","inLanguage":"nb-NO","@id":"https:\/\/nordnesrepublikken.no\/#\/schema\/person\/image\/","url":"https:\/\/nordnesrepublikken.no\/wp-content\/uploads\/2025\/02\/nordnesrepublikken-2-2-150x150.jpg","contentUrl":"https:\/\/nordnesrepublikken.no\/wp-content\/uploads\/2025\/02\/nordnesrepublikken-2-2-150x150.jpg","caption":"Ole Andersen"},"description":"Ettersom jeg vokste opp i Oslo, har jeg alltid v\u00e6rt fascinert av ordenes kraft og deres evne til \u00e5 skape endringer. Etter \u00e5 ha fullf\u00f8rt min utdannelse i kommunikasjon ved Universitetet i Bergen, fikk jeg muligheten til \u00e5 jobbe innen ulike medier, der jeg har s\u00f8kt \u00e5 belyse viktige samfunnssp\u00f8rsm\u00e5l. I dag, som redakt\u00f8r for Nordnesrepublikken, pr\u00f8ver jeg \u00e5 forene min kj\u00e6rlighet for journalistikk med min lidenskap for innovasjon og eventyr.","sameAs":["https:\/\/nordnesrepublikken.no\/"]}]}},"_links":{"self":[{"href":"https:\/\/nordnesrepublikken.no\/index.php\/wp-json\/wp\/v2\/posts\/11664","targetHints":{"allow":["GET"]}}],"collection":[{"href":"https:\/\/nordnesrepublikken.no\/index.php\/wp-json\/wp\/v2\/posts"}],"about":[{"href":"https:\/\/nordnesrepublikken.no\/index.php\/wp-json\/wp\/v2\/types\/post"}],"author":[{"embeddable":true,"href":"https:\/\/nordnesrepublikken.no\/index.php\/wp-json\/wp\/v2\/users\/1"}],"replies":[{"embeddable":true,"href":"https:\/\/nordnesrepublikken.no\/index.php\/wp-json\/wp\/v2\/comments?post=11664"}],"version-history":[{"count":1,"href":"https:\/\/nordnesrepublikken.no\/index.php\/wp-json\/wp\/v2\/posts\/11664\/revisions"}],"predecessor-version":[{"id":11666,"href":"https:\/\/nordnesrepublikken.no\/index.php\/wp-json\/wp\/v2\/posts\/11664\/revisions\/11666"}],"wp:featuredmedia":[{"embeddable":true,"href":"https:\/\/nordnesrepublikken.no\/index.php\/wp-json\/wp\/v2\/media\/11665"}],"wp:attachment":[{"href":"https:\/\/nordnesrepublikken.no\/index.php\/wp-json\/wp\/v2\/media?parent=11664"}],"wp:term":[{"taxonomy":"category","embeddable":true,"href":"https:\/\/nordnesrepublikken.no\/index.php\/wp-json\/wp\/v2\/categories?post=11664"},{"taxonomy":"post_tag","embeddable":true,"href":"https:\/\/nordnesrepublikken.no\/index.php\/wp-json\/wp\/v2\/tags?post=11664"}],"curies":[{"name":"wp","href":"https:\/\/api.w.org\/{rel}","templated":true}]}}