{"id":11652,"date":"2025-11-13T10:49:44","date_gmt":"2025-11-13T09:49:44","guid":{"rendered":"https:\/\/nordnesrepublikken.no\/index.php\/2025\/11\/13\/alle-nyhetene-om-dokumenter-og-pass-fra-2026\/"},"modified":"2025-11-13T10:49:52","modified_gmt":"2025-11-13T09:49:52","slug":"alle-nyhetene-om-dokumenter-og-pass-fra-2026","status":"publish","type":"post","link":"https:\/\/nordnesrepublikken.no\/index.php\/2025\/11\/13\/alle-nyhetene-om-dokumenter-og-pass-fra-2026\/","title":{"rendered":"alle nyhetene om dokumenter og pass fra 2026"},"content":{"rendered":"<div>\n<div class=\"cp_wrapper cp_wrapper--fw mb-30 mb-20@tablet\">\n<figure class=\"mm\"><picture class=\"img\" style=\"padding-top:56.25%\"><source  media=\"(min-width: 1024px)\"><source  media=\"(min-width: 768px)\"><\/source><\/source><\/picture><\/figure>\n<\/p><\/div>\n<p>DE <strong>borgere over 70 \u00e5r<\/strong> de trenger ikke lenger <strong>fornye<\/strong> der <strong>identitetskort<\/strong>: dette er det som ble annonsert av ministeren for offentlig administrasjon, <strong>Paolo Zangrillo<\/strong>som foruts\u00e5 innholdet i det nye \u00abForenklingsdekretet\u00bb, som vil bli behandlet i Stortinget i l\u00f8pet av de neste dagene. Kort sagt, fra og med 2026 vil det komme noen viktige nyheter mht <strong>identitetskort og pass, <\/strong>inkludert avskjed med papiridentitetskortet for utsendelse og ankomsten av CIE (elektronisk identitetskort) p\u00e5 IT-Wallet.<\/p>\n<p>De <strong>m\u00e5l<\/strong> av alle disse endringene er hovedsakelig <strong>to<\/strong>: den f\u00f8rste er \u00e5 implementere <strong>Europeisk forordning 1157\/2019<\/strong>som har som m\u00e5l \u00e5 styrke sikkerheten innenfor EU ved \u00e5 digitalisere identitetsdokumenter utstedt til europeiske borgere. Det andre er \u00e5 redusere <strong>byr\u00e5kratiske tider<\/strong> \u2013 som alltid har v\u00e6rt et problem i v\u00e5rt land \u2013 selv om for \u00f8yeblikket registerkontorene til de viktigste italienske byene allerede er overbelastet.<\/p>\n<p>S\u00e5 la oss gj\u00f8re status <strong>alle de store endringene<\/strong> kommer i l\u00f8pet av de neste m\u00e5nedene.<\/p>\n<h2>Hva endres for identitetskort fra 2026<\/h2>\n<p>Generelt vil det v\u00e6re mellom slutten av 2025 og begynnelsen av 2026<strong> tre store nyheter<\/strong> ang\u00e5ende identitetskort.<\/p>\n<p>Den siste er den som ble annonsert i g\u00e5r og gjelder nettopp den<strong>avskaffelse av fornyelse av identitetskort<\/strong> for de over 70 \u00e5r: M\u00e5let med dekretet er \u00e5 forenkle byr\u00e5kratiske prosedyrer, spesielt for eldre borgere. I dag, faktisk, for <strong>voksne<\/strong> identitetskortet er <strong>gyldig i 10 \u00e5r<\/strong> etter utstedelse, mens med det nye dekretet, n\u00e5r du fyller 70 \u00e5r, b\u00f8r det ikke lenger utl\u00f8pe. I f\u00f8lge de nyeste ISTAT-dataene er det faktisk fra 1. januar 2025 i Italia ca. <strong>14,5 millioner<\/strong> av eldre mennesker <strong>65 \u00e5r gammel<\/strong>tilsvarende 24,7 % av den fastboende befolkningen.<\/p>\n<p>Den viktigste endringen gjelder <strong>papir identitetskort<\/strong>som starter fra <strong>3. august 2026<\/strong> det vil det ikke lenger v\u00e6re<strong> gyldig for utland<\/strong>som det i stedet vil v\u00e6re obligatorisk \u00e5 ha en<strong> elektronisk identitetskort. <\/strong>Med andre ord, fra neste \u00e5r vil alle som fortsatt har papiridentitetskort ikke lenger kunne bruke det til \u00e5 forlate de italienske grensene, men m\u00e5 n\u00f8dvendigvis fornye det f\u00f8r det utl\u00f8per.<\/p>\n<p>Den samme europeiske reguleringen, blant annet, bestemmer at ved <strong>2031<\/strong> i hele EU vil overgangen til ai m\u00e5tte fullf\u00f8res <strong>elektroniske dokumenter<\/strong>: landet v\u00e5rt er blant de f\u00f8rste i Europa som har beveget seg i denne retningen, med aktiveringen av IT-Wallet, hvor helsekort, f\u00f8rerkort og funksjonshemmingskort n\u00e5 er tilgjengelige.<\/p>\n<p>S\u00e5 her er siste nytt for de neste m\u00e5nedene: mellom slutten av 2025 og begynnelsen av 2026 b\u00f8r det elektroniske identitetskortet (CIE) ogs\u00e5 komme p\u00e5 IT-Wallet, som derfor vil v\u00e6re tilgjengelig for alle innbyggere ogs\u00e5 i en digital versjon.<\/p>\n<h2>Hva vil endres for pass<\/h2>\n<p>Sett fra pass, men med utgangspunkt i<b> 1. desember 2025,<\/b> det vil endre <b>betalingsprosedyre <\/b>for utstedelse av dokumentet. Spesielt mengden av<b> 42,70 euro<\/b> det vil ikke lenger m\u00e5tte betales via den klassiske postbetalingsslippen, men det vil i stedet v\u00e6re n\u00f8dvendig \u00e5 foreta betalingen via i <b>digitale og fysiske kanaler<\/b> (nettplattformer og postkontorer) gjort tilgjengelig av <b>italiensk postkontor<\/b> eller, alternativt, gjennom plattformen <b>PagoPA<\/b>.<\/p>\n<p>Ogs\u00e5 i dette tilfellet er m\u00e5let med innovasjonen \u00e5 forenkle prosedyren for innbyggerne, som derfor vil kunne foreta betalingen til og med eksternt. I alle fall, p\u00e5 betalingstidspunktet, vil det v\u00e6re obligatorisk \u00e5 angi <strong>nominativ<\/strong> og skattekoden til personen som det s\u00f8kes om pass for, ogs\u00e5 i tilfeller der personen er mindre\u00e5rig.<\/p>\n<\/p><\/div>\n","protected":false},"excerpt":{"rendered":"<p>DE borgere over 70 \u00e5r de trenger ikke lenger fornye der identitetskort: dette er det<\/p>\n","protected":false},"author":1,"featured_media":11653,"comment_status":"closed","ping_status":"open","sticky":false,"template":"","format":"standard","meta":{"footnotes":""},"categories":[104],"tags":[1515,4807,125,4171,615],"class_list":["post-11652","post","type-post","status-publish","format-standard","has-post-thumbnail","hentry","category-samfunn","tag-alle","tag-dokumenter","tag-fra","tag-nyhetene","tag-pass","generate-columns","tablet-grid-50","mobile-grid-100","grid-parent","grid-33","resize-featured-image"],"yoast_head":"<!-- This site is optimized with the Yoast SEO plugin v24.4 - https:\/\/yoast.com\/wordpress\/plugins\/seo\/ -->\n<title>alle nyhetene om dokumenter og pass fra 2026 - Nordnesrepublikken<\/title>\n<meta name=\"robots\" content=\"index, follow, max-snippet:-1, max-image-preview:large, max-video-preview:-1\" \/>\n<link rel=\"canonical\" href=\"https:\/\/nordnesrepublikken.no\/index.php\/2025\/11\/13\/alle-nyhetene-om-dokumenter-og-pass-fra-2026\/\" \/>\n<meta property=\"og:locale\" content=\"nb_NO\" \/>\n<meta property=\"og:type\" content=\"article\" \/>\n<meta property=\"og:title\" content=\"alle nyhetene om dokumenter og pass fra 2026 - Nordnesrepublikken\" \/>\n<meta property=\"og:description\" content=\"DE borgere over 70 \u00e5r de trenger ikke lenger fornye der identitetskort: dette er det\" \/>\n<meta property=\"og:url\" content=\"https:\/\/nordnesrepublikken.no\/index.php\/2025\/11\/13\/alle-nyhetene-om-dokumenter-og-pass-fra-2026\/\" \/>\n<meta property=\"og:site_name\" content=\"Nordnesrepublikken\" \/>\n<meta property=\"article:published_time\" content=\"2025-11-13T09:49:44+00:00\" \/>\n<meta property=\"article:modified_time\" content=\"2025-11-13T09:49:52+00:00\" \/>\n<meta property=\"og:image\" content=\"https:\/\/nordnesrepublikken.no\/wp-content\/uploads\/2025\/11\/1763027385_alle-nyhetene-om-dokumenter-og-pass-fra-2026.jpg\" \/>\n\t<meta property=\"og:image:width\" content=\"2121\" \/>\n\t<meta property=\"og:image:height\" content=\"1414\" \/>\n\t<meta property=\"og:image:type\" content=\"image\/jpeg\" \/>\n<meta name=\"author\" content=\"Ole Andersen\" \/>\n<meta name=\"twitter:card\" content=\"summary_large_image\" \/>\n<meta name=\"twitter:label1\" content=\"Skrevet av\" \/>\n\t<meta name=\"twitter:data1\" content=\"Ole Andersen\" \/>\n\t<meta name=\"twitter:label2\" content=\"Ansl. lesetid\" \/>\n\t<meta name=\"twitter:data2\" content=\"3 minutter\" \/>\n<script type=\"application\/ld+json\" class=\"yoast-schema-graph\">{\"@context\":\"https:\/\/schema.org\",\"@graph\":[{\"@type\":\"Article\",\"@id\":\"https:\/\/nordnesrepublikken.no\/index.php\/2025\/11\/13\/alle-nyhetene-om-dokumenter-og-pass-fra-2026\/#article\",\"isPartOf\":{\"@id\":\"https:\/\/nordnesrepublikken.no\/index.php\/2025\/11\/13\/alle-nyhetene-om-dokumenter-og-pass-fra-2026\/\"},\"author\":{\"name\":\"Ole Andersen\",\"@id\":\"https:\/\/nordnesrepublikken.no\/#\/schema\/person\/2e7e81935bab77882fffb79296240ff1\"},\"headline\":\"alle nyhetene om dokumenter og pass fra 2026\",\"datePublished\":\"2025-11-13T09:49:44+00:00\",\"dateModified\":\"2025-11-13T09:49:52+00:00\",\"mainEntityOfPage\":{\"@id\":\"https:\/\/nordnesrepublikken.no\/index.php\/2025\/11\/13\/alle-nyhetene-om-dokumenter-og-pass-fra-2026\/\"},\"wordCount\":547,\"publisher\":{\"@id\":\"https:\/\/nordnesrepublikken.no\/#organization\"},\"image\":{\"@id\":\"https:\/\/nordnesrepublikken.no\/index.php\/2025\/11\/13\/alle-nyhetene-om-dokumenter-og-pass-fra-2026\/#primaryimage\"},\"thumbnailUrl\":\"https:\/\/nordnesrepublikken.no\/wp-content\/uploads\/2025\/11\/1763027385_alle-nyhetene-om-dokumenter-og-pass-fra-2026.jpg\",\"keywords\":[\"alle\",\"dokumenter\",\"fra\",\"nyhetene\",\"pass\"],\"articleSection\":[\"Samfunn\"],\"inLanguage\":\"nb-NO\"},{\"@type\":\"WebPage\",\"@id\":\"https:\/\/nordnesrepublikken.no\/index.php\/2025\/11\/13\/alle-nyhetene-om-dokumenter-og-pass-fra-2026\/\",\"url\":\"https:\/\/nordnesrepublikken.no\/index.php\/2025\/11\/13\/alle-nyhetene-om-dokumenter-og-pass-fra-2026\/\",\"name\":\"alle nyhetene om dokumenter og pass fra 2026 - Nordnesrepublikken\",\"isPartOf\":{\"@id\":\"https:\/\/nordnesrepublikken.no\/#website\"},\"primaryImageOfPage\":{\"@id\":\"https:\/\/nordnesrepublikken.no\/index.php\/2025\/11\/13\/alle-nyhetene-om-dokumenter-og-pass-fra-2026\/#primaryimage\"},\"image\":{\"@id\":\"https:\/\/nordnesrepublikken.no\/index.php\/2025\/11\/13\/alle-nyhetene-om-dokumenter-og-pass-fra-2026\/#primaryimage\"},\"thumbnailUrl\":\"https:\/\/nordnesrepublikken.no\/wp-content\/uploads\/2025\/11\/1763027385_alle-nyhetene-om-dokumenter-og-pass-fra-2026.jpg\",\"datePublished\":\"2025-11-13T09:49:44+00:00\",\"dateModified\":\"2025-11-13T09:49:52+00:00\",\"breadcrumb\":{\"@id\":\"https:\/\/nordnesrepublikken.no\/index.php\/2025\/11\/13\/alle-nyhetene-om-dokumenter-og-pass-fra-2026\/#breadcrumb\"},\"inLanguage\":\"nb-NO\",\"potentialAction\":[{\"@type\":\"ReadAction\",\"target\":[\"https:\/\/nordnesrepublikken.no\/index.php\/2025\/11\/13\/alle-nyhetene-om-dokumenter-og-pass-fra-2026\/\"]}]},{\"@type\":\"ImageObject\",\"inLanguage\":\"nb-NO\",\"@id\":\"https:\/\/nordnesrepublikken.no\/index.php\/2025\/11\/13\/alle-nyhetene-om-dokumenter-og-pass-fra-2026\/#primaryimage\",\"url\":\"https:\/\/nordnesrepublikken.no\/wp-content\/uploads\/2025\/11\/1763027385_alle-nyhetene-om-dokumenter-og-pass-fra-2026.jpg\",\"contentUrl\":\"https:\/\/nordnesrepublikken.no\/wp-content\/uploads\/2025\/11\/1763027385_alle-nyhetene-om-dokumenter-og-pass-fra-2026.jpg\",\"width\":2121,\"height\":1414,\"caption\":\"alle nyhetene om dokumenter og pass fra 2026\"},{\"@type\":\"BreadcrumbList\",\"@id\":\"https:\/\/nordnesrepublikken.no\/index.php\/2025\/11\/13\/alle-nyhetene-om-dokumenter-og-pass-fra-2026\/#breadcrumb\",\"itemListElement\":[{\"@type\":\"ListItem\",\"position\":1,\"name\":\"Home\",\"item\":\"https:\/\/nordnesrepublikken.no\/\"},{\"@type\":\"ListItem\",\"position\":2,\"name\":\"alle nyhetene om dokumenter og pass fra 2026\"}]},{\"@type\":\"WebSite\",\"@id\":\"https:\/\/nordnesrepublikken.no\/#website\",\"url\":\"https:\/\/nordnesrepublikken.no\/\",\"name\":\"Nordnesrepublikken\",\"description\":\"Stemmer og Visjoner fra Republikkens Hjerte\",\"publisher\":{\"@id\":\"https:\/\/nordnesrepublikken.no\/#organization\"},\"potentialAction\":[{\"@type\":\"SearchAction\",\"target\":{\"@type\":\"EntryPoint\",\"urlTemplate\":\"https:\/\/nordnesrepublikken.no\/?s={search_term_string}\"},\"query-input\":{\"@type\":\"PropertyValueSpecification\",\"valueRequired\":true,\"valueName\":\"search_term_string\"}}],\"inLanguage\":\"nb-NO\"},{\"@type\":\"Organization\",\"@id\":\"https:\/\/nordnesrepublikken.no\/#organization\",\"name\":\"Nordnesrepublikken\",\"url\":\"https:\/\/nordnesrepublikken.no\/\",\"logo\":{\"@type\":\"ImageObject\",\"inLanguage\":\"nb-NO\",\"@id\":\"https:\/\/nordnesrepublikken.no\/#\/schema\/logo\/image\/\",\"url\":\"https:\/\/nordnesrepublikken.no\/wp-content\/uploads\/2025\/02\/cropped-nordnesrepublikken-2.png\",\"contentUrl\":\"https:\/\/nordnesrepublikken.no\/wp-content\/uploads\/2025\/02\/cropped-nordnesrepublikken-2.png\",\"width\":1248,\"height\":362,\"caption\":\"Nordnesrepublikken\"},\"image\":{\"@id\":\"https:\/\/nordnesrepublikken.no\/#\/schema\/logo\/image\/\"}},{\"@type\":\"Person\",\"@id\":\"https:\/\/nordnesrepublikken.no\/#\/schema\/person\/2e7e81935bab77882fffb79296240ff1\",\"name\":\"Ole Andersen\",\"image\":{\"@type\":\"ImageObject\",\"inLanguage\":\"nb-NO\",\"@id\":\"https:\/\/nordnesrepublikken.no\/#\/schema\/person\/image\/\",\"url\":\"https:\/\/nordnesrepublikken.no\/wp-content\/uploads\/2025\/02\/nordnesrepublikken-2-2-150x150.jpg\",\"contentUrl\":\"https:\/\/nordnesrepublikken.no\/wp-content\/uploads\/2025\/02\/nordnesrepublikken-2-2-150x150.jpg\",\"caption\":\"Ole Andersen\"},\"description\":\"Ettersom jeg vokste opp i Oslo, har jeg alltid v\u00e6rt fascinert av ordenes kraft og deres evne til \u00e5 skape endringer. Etter \u00e5 ha fullf\u00f8rt min utdannelse i kommunikasjon ved Universitetet i Bergen, fikk jeg muligheten til \u00e5 jobbe innen ulike medier, der jeg har s\u00f8kt \u00e5 belyse viktige samfunnssp\u00f8rsm\u00e5l. I dag, som redakt\u00f8r for Nordnesrepublikken, pr\u00f8ver jeg \u00e5 forene min kj\u00e6rlighet for journalistikk med min lidenskap for innovasjon og eventyr.\",\"sameAs\":[\"https:\/\/nordnesrepublikken.no\/\"]}]}<\/script>\n<!-- \/ Yoast SEO plugin. -->","yoast_head_json":{"title":"alle nyhetene om dokumenter og pass fra 2026 - Nordnesrepublikken","robots":{"index":"index","follow":"follow","max-snippet":"max-snippet:-1","max-image-preview":"max-image-preview:large","max-video-preview":"max-video-preview:-1"},"canonical":"https:\/\/nordnesrepublikken.no\/index.php\/2025\/11\/13\/alle-nyhetene-om-dokumenter-og-pass-fra-2026\/","og_locale":"nb_NO","og_type":"article","og_title":"alle nyhetene om dokumenter og pass fra 2026 - Nordnesrepublikken","og_description":"DE borgere over 70 \u00e5r de trenger ikke lenger fornye der identitetskort: dette er det","og_url":"https:\/\/nordnesrepublikken.no\/index.php\/2025\/11\/13\/alle-nyhetene-om-dokumenter-og-pass-fra-2026\/","og_site_name":"Nordnesrepublikken","article_published_time":"2025-11-13T09:49:44+00:00","article_modified_time":"2025-11-13T09:49:52+00:00","og_image":[{"width":2121,"height":1414,"url":"https:\/\/nordnesrepublikken.no\/wp-content\/uploads\/2025\/11\/1763027385_alle-nyhetene-om-dokumenter-og-pass-fra-2026.jpg","type":"image\/jpeg"}],"author":"Ole Andersen","twitter_card":"summary_large_image","twitter_misc":{"Skrevet av":"Ole Andersen","Ansl. lesetid":"3 minutter"},"schema":{"@context":"https:\/\/schema.org","@graph":[{"@type":"Article","@id":"https:\/\/nordnesrepublikken.no\/index.php\/2025\/11\/13\/alle-nyhetene-om-dokumenter-og-pass-fra-2026\/#article","isPartOf":{"@id":"https:\/\/nordnesrepublikken.no\/index.php\/2025\/11\/13\/alle-nyhetene-om-dokumenter-og-pass-fra-2026\/"},"author":{"name":"Ole Andersen","@id":"https:\/\/nordnesrepublikken.no\/#\/schema\/person\/2e7e81935bab77882fffb79296240ff1"},"headline":"alle nyhetene om dokumenter og pass fra 2026","datePublished":"2025-11-13T09:49:44+00:00","dateModified":"2025-11-13T09:49:52+00:00","mainEntityOfPage":{"@id":"https:\/\/nordnesrepublikken.no\/index.php\/2025\/11\/13\/alle-nyhetene-om-dokumenter-og-pass-fra-2026\/"},"wordCount":547,"publisher":{"@id":"https:\/\/nordnesrepublikken.no\/#organization"},"image":{"@id":"https:\/\/nordnesrepublikken.no\/index.php\/2025\/11\/13\/alle-nyhetene-om-dokumenter-og-pass-fra-2026\/#primaryimage"},"thumbnailUrl":"https:\/\/nordnesrepublikken.no\/wp-content\/uploads\/2025\/11\/1763027385_alle-nyhetene-om-dokumenter-og-pass-fra-2026.jpg","keywords":["alle","dokumenter","fra","nyhetene","pass"],"articleSection":["Samfunn"],"inLanguage":"nb-NO"},{"@type":"WebPage","@id":"https:\/\/nordnesrepublikken.no\/index.php\/2025\/11\/13\/alle-nyhetene-om-dokumenter-og-pass-fra-2026\/","url":"https:\/\/nordnesrepublikken.no\/index.php\/2025\/11\/13\/alle-nyhetene-om-dokumenter-og-pass-fra-2026\/","name":"alle nyhetene om dokumenter og pass fra 2026 - Nordnesrepublikken","isPartOf":{"@id":"https:\/\/nordnesrepublikken.no\/#website"},"primaryImageOfPage":{"@id":"https:\/\/nordnesrepublikken.no\/index.php\/2025\/11\/13\/alle-nyhetene-om-dokumenter-og-pass-fra-2026\/#primaryimage"},"image":{"@id":"https:\/\/nordnesrepublikken.no\/index.php\/2025\/11\/13\/alle-nyhetene-om-dokumenter-og-pass-fra-2026\/#primaryimage"},"thumbnailUrl":"https:\/\/nordnesrepublikken.no\/wp-content\/uploads\/2025\/11\/1763027385_alle-nyhetene-om-dokumenter-og-pass-fra-2026.jpg","datePublished":"2025-11-13T09:49:44+00:00","dateModified":"2025-11-13T09:49:52+00:00","breadcrumb":{"@id":"https:\/\/nordnesrepublikken.no\/index.php\/2025\/11\/13\/alle-nyhetene-om-dokumenter-og-pass-fra-2026\/#breadcrumb"},"inLanguage":"nb-NO","potentialAction":[{"@type":"ReadAction","target":["https:\/\/nordnesrepublikken.no\/index.php\/2025\/11\/13\/alle-nyhetene-om-dokumenter-og-pass-fra-2026\/"]}]},{"@type":"ImageObject","inLanguage":"nb-NO","@id":"https:\/\/nordnesrepublikken.no\/index.php\/2025\/11\/13\/alle-nyhetene-om-dokumenter-og-pass-fra-2026\/#primaryimage","url":"https:\/\/nordnesrepublikken.no\/wp-content\/uploads\/2025\/11\/1763027385_alle-nyhetene-om-dokumenter-og-pass-fra-2026.jpg","contentUrl":"https:\/\/nordnesrepublikken.no\/wp-content\/uploads\/2025\/11\/1763027385_alle-nyhetene-om-dokumenter-og-pass-fra-2026.jpg","width":2121,"height":1414,"caption":"alle nyhetene om dokumenter og pass fra 2026"},{"@type":"BreadcrumbList","@id":"https:\/\/nordnesrepublikken.no\/index.php\/2025\/11\/13\/alle-nyhetene-om-dokumenter-og-pass-fra-2026\/#breadcrumb","itemListElement":[{"@type":"ListItem","position":1,"name":"Home","item":"https:\/\/nordnesrepublikken.no\/"},{"@type":"ListItem","position":2,"name":"alle nyhetene om dokumenter og pass fra 2026"}]},{"@type":"WebSite","@id":"https:\/\/nordnesrepublikken.no\/#website","url":"https:\/\/nordnesrepublikken.no\/","name":"Nordnesrepublikken","description":"Stemmer og Visjoner fra Republikkens Hjerte","publisher":{"@id":"https:\/\/nordnesrepublikken.no\/#organization"},"potentialAction":[{"@type":"SearchAction","target":{"@type":"EntryPoint","urlTemplate":"https:\/\/nordnesrepublikken.no\/?s={search_term_string}"},"query-input":{"@type":"PropertyValueSpecification","valueRequired":true,"valueName":"search_term_string"}}],"inLanguage":"nb-NO"},{"@type":"Organization","@id":"https:\/\/nordnesrepublikken.no\/#organization","name":"Nordnesrepublikken","url":"https:\/\/nordnesrepublikken.no\/","logo":{"@type":"ImageObject","inLanguage":"nb-NO","@id":"https:\/\/nordnesrepublikken.no\/#\/schema\/logo\/image\/","url":"https:\/\/nordnesrepublikken.no\/wp-content\/uploads\/2025\/02\/cropped-nordnesrepublikken-2.png","contentUrl":"https:\/\/nordnesrepublikken.no\/wp-content\/uploads\/2025\/02\/cropped-nordnesrepublikken-2.png","width":1248,"height":362,"caption":"Nordnesrepublikken"},"image":{"@id":"https:\/\/nordnesrepublikken.no\/#\/schema\/logo\/image\/"}},{"@type":"Person","@id":"https:\/\/nordnesrepublikken.no\/#\/schema\/person\/2e7e81935bab77882fffb79296240ff1","name":"Ole Andersen","image":{"@type":"ImageObject","inLanguage":"nb-NO","@id":"https:\/\/nordnesrepublikken.no\/#\/schema\/person\/image\/","url":"https:\/\/nordnesrepublikken.no\/wp-content\/uploads\/2025\/02\/nordnesrepublikken-2-2-150x150.jpg","contentUrl":"https:\/\/nordnesrepublikken.no\/wp-content\/uploads\/2025\/02\/nordnesrepublikken-2-2-150x150.jpg","caption":"Ole Andersen"},"description":"Ettersom jeg vokste opp i Oslo, har jeg alltid v\u00e6rt fascinert av ordenes kraft og deres evne til \u00e5 skape endringer. Etter \u00e5 ha fullf\u00f8rt min utdannelse i kommunikasjon ved Universitetet i Bergen, fikk jeg muligheten til \u00e5 jobbe innen ulike medier, der jeg har s\u00f8kt \u00e5 belyse viktige samfunnssp\u00f8rsm\u00e5l. I dag, som redakt\u00f8r for Nordnesrepublikken, pr\u00f8ver jeg \u00e5 forene min kj\u00e6rlighet for journalistikk med min lidenskap for innovasjon og eventyr.","sameAs":["https:\/\/nordnesrepublikken.no\/"]}]}},"_links":{"self":[{"href":"https:\/\/nordnesrepublikken.no\/index.php\/wp-json\/wp\/v2\/posts\/11652","targetHints":{"allow":["GET"]}}],"collection":[{"href":"https:\/\/nordnesrepublikken.no\/index.php\/wp-json\/wp\/v2\/posts"}],"about":[{"href":"https:\/\/nordnesrepublikken.no\/index.php\/wp-json\/wp\/v2\/types\/post"}],"author":[{"embeddable":true,"href":"https:\/\/nordnesrepublikken.no\/index.php\/wp-json\/wp\/v2\/users\/1"}],"replies":[{"embeddable":true,"href":"https:\/\/nordnesrepublikken.no\/index.php\/wp-json\/wp\/v2\/comments?post=11652"}],"version-history":[{"count":1,"href":"https:\/\/nordnesrepublikken.no\/index.php\/wp-json\/wp\/v2\/posts\/11652\/revisions"}],"predecessor-version":[{"id":11654,"href":"https:\/\/nordnesrepublikken.no\/index.php\/wp-json\/wp\/v2\/posts\/11652\/revisions\/11654"}],"wp:featuredmedia":[{"embeddable":true,"href":"https:\/\/nordnesrepublikken.no\/index.php\/wp-json\/wp\/v2\/media\/11653"}],"wp:attachment":[{"href":"https:\/\/nordnesrepublikken.no\/index.php\/wp-json\/wp\/v2\/media?parent=11652"}],"wp:term":[{"taxonomy":"category","embeddable":true,"href":"https:\/\/nordnesrepublikken.no\/index.php\/wp-json\/wp\/v2\/categories?post=11652"},{"taxonomy":"post_tag","embeddable":true,"href":"https:\/\/nordnesrepublikken.no\/index.php\/wp-json\/wp\/v2\/tags?post=11652"}],"curies":[{"name":"wp","href":"https:\/\/api.w.org\/{rel}","templated":true}]}}