{"id":11646,"date":"2025-11-13T03:50:43","date_gmt":"2025-11-13T02:50:43","guid":{"rendered":"https:\/\/nordnesrepublikken.no\/index.php\/2025\/11\/13\/det-storste-og-eldste-maya-monumentet-i-historien-representerte-kanskje-et-kart-over-universet\/"},"modified":"2025-11-13T03:50:44","modified_gmt":"2025-11-13T02:50:44","slug":"det-storste-og-eldste-maya-monumentet-i-historien-representerte-kanskje-et-kart-over-universet","status":"publish","type":"post","link":"https:\/\/nordnesrepublikken.no\/index.php\/2025\/11\/13\/det-storste-og-eldste-maya-monumentet-i-historien-representerte-kanskje-et-kart-over-universet\/","title":{"rendered":"Det st\u00f8rste og eldste Maya-monumentet i historien representerte kanskje et kart over universet"},"content":{"rendered":"<div>\n<div class=\"cp_wrapper cp_wrapper--fw mb-30 mb-20@tablet\">\n<figure class=\"mm\"><picture class=\"img\" style=\"padding-top:56.25%\"><source  media=\"(min-width: 1024px)\"><source  media=\"(min-width: 768px)\"><\/source><\/source><\/picture><\/figure>\n<\/p><\/div>\n<p>Maya-monumentet av <strong>Aguada F\u00e9nix<\/strong>bygget for omtrent 3 tusen \u00e5r siden i det s\u00f8r\u00f8stlige Mexico, er i sentrum for ny forskning fra University of Arizona: <strong>det kan v\u00e6re den eldste monumentale strukturen kjent s\u00e5 langt av Maya-sivilisasjonen<\/strong> (og derfor det eldste monumentale stedet i Mellom-Amerika), <strong>datert mellom 1050 og 700 f.Kr<\/strong><\/p>\n<p>Oppdagelsen, publisert i Science Advances, er av den amerikanske forskningsgruppen ledet av Takeshi Inomata, som sammen med sine arkeologiske samarbeidspartnere brukte LiDAR (Light Detection and Ranging) unders\u00f8kelser og stratigrafiske utgravninger for \u00e5 rekonstruere formen p\u00e5 stedet, identifisere plattformer, hevede firkanter, kanaler og rituelle forekomster arrangert i henhold til en n\u00f8yaktig astronomisk justering. Settet med hovedstrukturer trekker en <strong>kryss<\/strong>der hver arm legemliggj\u00f8r en <strong>retning av kosmos<\/strong> og oversetter et ekte symbolsk kart over universet til arkitektur.<\/p>\n<div class=\"cp_wrapper cp_wrapper--fw mb-50\">\n<figure class=\"mm\"><picture class=\"img\" style=\"padding-top:70.671296296296%\"><source  media=\"(min-width: 1024px)\"><source  media=\"(min-width: 768px)\"><img decoding=\"async\" loading=\"lazy\" src=\"https:\/\/nordnesrepublikken.no\/wp-content\/uploads\/2025\/11\/Det-storste-og-eldste-Maya-monumentet-i-historien-representerte-kanskje-et.jpg\" alt=\"Bilde\" width=\"4320\" height=\"3053\"\/><\/source><\/source><\/picture><\/figure>\n<\/p><\/div>\n<p>Aguada F\u00e9nix ligger i den f\u00f8derale staten <strong>Tabasco<\/strong>i det s\u00f8r\u00f8stlige Mexico, p\u00e5 grensen til Guatemala. Dette er et omr\u00e5de kjent som &laquo;<strong>Maya-slettene<\/strong>&laquo;, et av de viktigste episentrene for utviklingen av denne eldgamle mesoamerikanske kulturen. Omr\u00e5det ble okkupert <strong>fra 1200 f.Kr. C. omtrentlig<\/strong>med byggingen av de viktigste monumentene som fant sted<strong> mellom 1050 og 700 f.Kr. C.<\/strong>i perioden som arkeologer definerer som &laquo;<strong>Preklassisk<\/strong>&raquo; (2000 f.Kr. \u2013 omtrent 250 e.Kr.), et n\u00f8kkel\u00f8yeblikk i <strong>utvikling<\/strong> av Maya-sivilisasjonen.<\/p>\n<p>Komplekset, <strong>en av de st\u00f8rste kjent til dags dato<\/strong>best\u00e5r av et sett med motorveier og nedsunkede veier, kanaler, demninger og strukturer med en stiv orientering omtrent nord-s\u00f8r og \u00f8st-vest, som konvergerer p\u00e5 ett punkt og gir opphav til en struktur <strong>korsformet<\/strong>hvis sentrum skulle v\u00e6re <strong>katalysatorpunktet for det kultiske livet<\/strong> fra Aguada F\u00e9nix. Faktisk var det mest sannsynlig en <strong>helligdom<\/strong>brukt av innbyggerne i omr\u00e5det til<strong> fellesskapets religi\u00f8se funksjoner<\/strong>.<\/p>\n<div class=\"cp_wrapper cp_wrapper--fw mb-50\">\n<figure class=\"mm\"><picture class=\"img\" style=\"padding-top:82.861111111111%\"><source  media=\"(min-width: 1024px)\"><source  media=\"(min-width: 768px)\"><img decoding=\"async\" loading=\"lazy\" src=\"https:\/\/nordnesrepublikken.no\/wp-content\/uploads\/2025\/11\/1763002243_659_Det-storste-og-eldste-Maya-monumentet-i-historien-representerte-kanskje-et.jpg\" alt=\"Bilde\" width=\"3600\" height=\"2983\" class=\"js-seedtag-img\"\/><\/source><\/source><\/picture><\/figure>\n<\/p><\/div>\n<p>Det som virkelig er forbl\u00f8ffende med komplekset er ikke bare m\u00e5ten strukturene er arrangert p\u00e5, men ogs\u00e5 det faktum at et s\u00e5 stort kompleks ble bygget i en periode med mayahistorien der sannsynligvis <strong>det var fortsatt ingen rigide hierarkiske skillelinjer i samfunnet<\/strong>. En antakelse som n\u00e5 er allment akseptert <strong>spurte<\/strong> i verdensarkeologi, eller det faktum at et samfunn bare kunne utf\u00f8re et stort arbeid hvis det ble ledet av en<strong>elite<\/strong>fikk deretter en ytterligere fornektelse.<\/p>\n<p>Den arkeologiske forskningskampanjen ble gjennomf\u00f8rt <strong>mellom 2020 og 2024<\/strong>og brukte flere teknikker. Utover det normale <strong>arkeologisk utgraving<\/strong> med en stratigrafisk metode, utf\u00f8rt i det sentrale punktet av helligdommen, brukte de l\u00e6rde ogs\u00e5 <strong>LIDAR<\/strong> (Light Detection and Ranging) for \u00e5 lokalisere strukturer og komplekser som er svelget av jungelen eller begravd under jorden.<\/p>\n<p>Utgravingen ble konsentrert i <strong>sentralt punkt<\/strong> av det korsformede implantatet. Faktisk bygget utbyggerne av komplekset et her <strong>korsformet grop<\/strong>hvor de to hovedaksene til helligdommen konvergerte, med en nord-s\u00f8r og \u00f8st-vest orientering. Denne siste aksen ser ut til \u00e5 v\u00e6re p\u00e5 linje med <strong>sol oppgang<\/strong> 24. februar og 17. oktober, med et tidsrom p\u00e5 <strong>130 dager<\/strong>n\u00f8yaktig halvparten av <strong>260 dager av den mesoamerikanske rituelle kalenderen<\/strong>. Enda mer overraskende er det arkeologer fant p\u00e5 bunnen av den sentrale gropen.<\/p>\n<div class=\"cp_wrapper cp_wrapper--fw mb-50\">\n<figure class=\"mm\"><picture class=\"img\" style=\"padding-top:93.435897435897%\"><source  media=\"(min-width: 1024px)\"><source  media=\"(min-width: 768px)\"><img decoding=\"async\" loading=\"lazy\" src=\"https:\/\/nordnesrepublikken.no\/wp-content\/uploads\/2025\/11\/1763002243_727_Det-storste-og-eldste-Maya-monumentet-i-historien-representerte-kanskje-et.jpg\" alt=\"Bilde\" width=\"3900\" height=\"3644\"\/><\/source><\/source><\/picture><\/figure>\n<\/p><\/div>\n<p>I den nordlige delen var det en <strong>bl\u00e5tt pigment<\/strong> basert p\u00e5 azuritt, i den \u00f8stlige delen a <strong>gr\u00f8nt pigment<\/strong> basert p\u00e5 malakitt og i den s\u00f8rlige delen en <strong>gul<\/strong> basert p\u00e5 goethitt. I f\u00f8lge forskergruppen vil dette v\u00e6re den eldste kjente attestasjonen av <strong>Amerikanske retningsfarger<\/strong>en fargesymbolikk som deles av mange andre indianerkulturer, der en farge er assosiert med hver <strong>kardinalpunkt<\/strong>. Den manglende fargen, i den vestlige sektoren, ble sannsynligvis laget med noe lett bedervelig stoff, produsert av <strong>skjell<\/strong> som <em>Makrostrombus-kostatus<\/em> og av sjangeren <em>Spondylus<\/em>og det ville kanskje v\u00e6re <strong>r\u00f8d<\/strong>. Ved \u00e5 bruke farger for \u00e5 fremheve forskjellige retninger, skapte de eldgamle byggerne av Aguada F\u00e9nix en p\u00e5 jorden <strong>representasjon av universet<\/strong> slik de kjente og oppfattet ham. I tillegg til pigmenter har arkeologer funnet flere materialer, som keramikk og jadepynt, knyttet til <strong>funksjoner<\/strong> som fant sted i sentrum av helligdommen.<\/p>\n<div class=\"cp_wrapper cp_wrapper--fw mb-50\">\n<figure class=\"mm\"><picture class=\"img\" style=\"padding-top:107.25%\"><source  media=\"(min-width: 1024px)\"><source  media=\"(min-width: 768px)\"><img decoding=\"async\" loading=\"lazy\" src=\"https:\/\/nordnesrepublikken.no\/wp-content\/uploads\/2025\/11\/1763002243_179_Det-storste-og-eldste-Maya-monumentet-i-historien-representerte-kanskje-et.jpg\" alt=\"Bilde\" width=\"3600\" height=\"3861\" class=\"js-seedtag-img\"\/><\/source><\/source><\/picture><\/figure>\n<\/p><\/div>\n<p>If\u00f8lge Inomata, byggerne av Aguada F\u00e9nix <strong>de hadde ikke en kompleks hierarkisk sosial organisasjon<\/strong> sammenlignbar med den i olmekernes samtidige byer, et annet mesoamerikansk folk som p\u00e5 den tiden hadde n\u00e5dd et avansert utviklingsniv\u00e5, men til tross for dette skapte de et enormt monumentalt kompleks. Tatt i betraktning den astronomiske og kosmologiske symbolikken til helligdommen, er det sannsynlig at komplekset ble bygget under ledelse av <strong>respekterte religi\u00f8se skikkelser<\/strong>imidlertid uten autoriteten som senere skulle prege elitene i de p\u00e5f\u00f8lgende Maya-byene.<\/p>\n<\/p><\/div>\n","protected":false},"excerpt":{"rendered":"<p>Maya-monumentet av Aguada F\u00e9nixbygget for omtrent 3 tusen \u00e5r siden i det s\u00f8r\u00f8stlige Mexico, er<\/p>\n","protected":false},"author":1,"featured_media":11647,"comment_status":"closed","ping_status":"open","sticky":false,"template":"","format":"standard","meta":{"footnotes":""},"categories":[104],"tags":[66,1189,521,193,1247,7671,7672,349,7673],"class_list":["post-11646","post","type-post","status-publish","format-standard","has-post-thumbnail","hentry","category-samfunn","tag-det","tag-eldste","tag-historien","tag-kanskje","tag-kart","tag-mayamonumentet","tag-representerte","tag-storste","tag-universet","generate-columns","tablet-grid-50","mobile-grid-100","grid-parent","grid-33","resize-featured-image"],"yoast_head":"<!-- This site is optimized with the Yoast SEO plugin v24.4 - https:\/\/yoast.com\/wordpress\/plugins\/seo\/ -->\n<title>Det st\u00f8rste og eldste Maya-monumentet i historien representerte kanskje et kart over universet - Nordnesrepublikken<\/title>\n<meta name=\"robots\" content=\"index, follow, max-snippet:-1, max-image-preview:large, max-video-preview:-1\" \/>\n<link rel=\"canonical\" href=\"https:\/\/nordnesrepublikken.no\/index.php\/2025\/11\/13\/det-storste-og-eldste-maya-monumentet-i-historien-representerte-kanskje-et-kart-over-universet\/\" \/>\n<meta property=\"og:locale\" content=\"nb_NO\" \/>\n<meta property=\"og:type\" content=\"article\" \/>\n<meta property=\"og:title\" content=\"Det st\u00f8rste og eldste Maya-monumentet i historien representerte kanskje et kart over universet - Nordnesrepublikken\" \/>\n<meta property=\"og:description\" content=\"Maya-monumentet av Aguada F\u00e9nixbygget for omtrent 3 tusen \u00e5r siden i det s\u00f8r\u00f8stlige Mexico, er\" \/>\n<meta property=\"og:url\" content=\"https:\/\/nordnesrepublikken.no\/index.php\/2025\/11\/13\/det-storste-og-eldste-maya-monumentet-i-historien-representerte-kanskje-et-kart-over-universet\/\" \/>\n<meta property=\"og:site_name\" content=\"Nordnesrepublikken\" \/>\n<meta property=\"article:published_time\" content=\"2025-11-13T02:50:43+00:00\" \/>\n<meta property=\"article:modified_time\" content=\"2025-11-13T02:50:44+00:00\" \/>\n<meta property=\"og:image\" content=\"https:\/\/nordnesrepublikken.no\/wp-content\/uploads\/2025\/11\/1763002244_Det-storste-og-eldste-Maya-monumentet-i-historien-representerte-kanskje-et.ourexcavationnr3aisinthecenter.jpeg\" \/>\n\t<meta property=\"og:image:width\" content=\"800\" \/>\n\t<meta property=\"og:image:height\" content=\"450\" \/>\n\t<meta property=\"og:image:type\" content=\"image\/jpeg\" \/>\n<meta name=\"author\" content=\"Ole Andersen\" \/>\n<meta name=\"twitter:card\" content=\"summary_large_image\" \/>\n<meta name=\"twitter:label1\" content=\"Skrevet av\" \/>\n\t<meta name=\"twitter:data1\" content=\"Ole Andersen\" \/>\n\t<meta name=\"twitter:label2\" content=\"Ansl. lesetid\" \/>\n\t<meta name=\"twitter:data2\" content=\"4 minutter\" \/>\n<script type=\"application\/ld+json\" class=\"yoast-schema-graph\">{\"@context\":\"https:\/\/schema.org\",\"@graph\":[{\"@type\":\"Article\",\"@id\":\"https:\/\/nordnesrepublikken.no\/index.php\/2025\/11\/13\/det-storste-og-eldste-maya-monumentet-i-historien-representerte-kanskje-et-kart-over-universet\/#article\",\"isPartOf\":{\"@id\":\"https:\/\/nordnesrepublikken.no\/index.php\/2025\/11\/13\/det-storste-og-eldste-maya-monumentet-i-historien-representerte-kanskje-et-kart-over-universet\/\"},\"author\":{\"name\":\"Ole Andersen\",\"@id\":\"https:\/\/nordnesrepublikken.no\/#\/schema\/person\/2e7e81935bab77882fffb79296240ff1\"},\"headline\":\"Det st\u00f8rste og eldste Maya-monumentet i historien representerte kanskje et kart over universet\",\"datePublished\":\"2025-11-13T02:50:43+00:00\",\"dateModified\":\"2025-11-13T02:50:44+00:00\",\"mainEntityOfPage\":{\"@id\":\"https:\/\/nordnesrepublikken.no\/index.php\/2025\/11\/13\/det-storste-og-eldste-maya-monumentet-i-historien-representerte-kanskje-et-kart-over-universet\/\"},\"wordCount\":734,\"publisher\":{\"@id\":\"https:\/\/nordnesrepublikken.no\/#organization\"},\"image\":{\"@id\":\"https:\/\/nordnesrepublikken.no\/index.php\/2025\/11\/13\/det-storste-og-eldste-maya-monumentet-i-historien-representerte-kanskje-et-kart-over-universet\/#primaryimage\"},\"thumbnailUrl\":\"https:\/\/nordnesrepublikken.no\/wp-content\/uploads\/2025\/11\/1763002244_Det-storste-og-eldste-Maya-monumentet-i-historien-representerte-kanskje-et.ourexcavationnr3aisinthecenter.jpeg\",\"keywords\":[\"Det\",\"eldste\",\"Historien\",\"kanskje\",\"Kart\",\"Mayamonumentet\",\"representerte\",\"st\u00f8rste\",\"universet\"],\"articleSection\":[\"Samfunn\"],\"inLanguage\":\"nb-NO\"},{\"@type\":\"WebPage\",\"@id\":\"https:\/\/nordnesrepublikken.no\/index.php\/2025\/11\/13\/det-storste-og-eldste-maya-monumentet-i-historien-representerte-kanskje-et-kart-over-universet\/\",\"url\":\"https:\/\/nordnesrepublikken.no\/index.php\/2025\/11\/13\/det-storste-og-eldste-maya-monumentet-i-historien-representerte-kanskje-et-kart-over-universet\/\",\"name\":\"Det st\u00f8rste og eldste Maya-monumentet i historien representerte kanskje et kart over universet - Nordnesrepublikken\",\"isPartOf\":{\"@id\":\"https:\/\/nordnesrepublikken.no\/#website\"},\"primaryImageOfPage\":{\"@id\":\"https:\/\/nordnesrepublikken.no\/index.php\/2025\/11\/13\/det-storste-og-eldste-maya-monumentet-i-historien-representerte-kanskje-et-kart-over-universet\/#primaryimage\"},\"image\":{\"@id\":\"https:\/\/nordnesrepublikken.no\/index.php\/2025\/11\/13\/det-storste-og-eldste-maya-monumentet-i-historien-representerte-kanskje-et-kart-over-universet\/#primaryimage\"},\"thumbnailUrl\":\"https:\/\/nordnesrepublikken.no\/wp-content\/uploads\/2025\/11\/1763002244_Det-storste-og-eldste-Maya-monumentet-i-historien-representerte-kanskje-et.ourexcavationnr3aisinthecenter.jpeg\",\"datePublished\":\"2025-11-13T02:50:43+00:00\",\"dateModified\":\"2025-11-13T02:50:44+00:00\",\"breadcrumb\":{\"@id\":\"https:\/\/nordnesrepublikken.no\/index.php\/2025\/11\/13\/det-storste-og-eldste-maya-monumentet-i-historien-representerte-kanskje-et-kart-over-universet\/#breadcrumb\"},\"inLanguage\":\"nb-NO\",\"potentialAction\":[{\"@type\":\"ReadAction\",\"target\":[\"https:\/\/nordnesrepublikken.no\/index.php\/2025\/11\/13\/det-storste-og-eldste-maya-monumentet-i-historien-representerte-kanskje-et-kart-over-universet\/\"]}]},{\"@type\":\"ImageObject\",\"inLanguage\":\"nb-NO\",\"@id\":\"https:\/\/nordnesrepublikken.no\/index.php\/2025\/11\/13\/det-storste-og-eldste-maya-monumentet-i-historien-representerte-kanskje-et-kart-over-universet\/#primaryimage\",\"url\":\"https:\/\/nordnesrepublikken.no\/wp-content\/uploads\/2025\/11\/1763002244_Det-storste-og-eldste-Maya-monumentet-i-historien-representerte-kanskje-et.ourexcavationnr3aisinthecenter.jpeg\",\"contentUrl\":\"https:\/\/nordnesrepublikken.no\/wp-content\/uploads\/2025\/11\/1763002244_Det-storste-og-eldste-Maya-monumentet-i-historien-representerte-kanskje-et.ourexcavationnr3aisinthecenter.jpeg\",\"width\":800,\"height\":450,\"caption\":\"Det st\u00f8rste og eldste Maya-monumentet i historien representerte kanskje et kart over universet\"},{\"@type\":\"BreadcrumbList\",\"@id\":\"https:\/\/nordnesrepublikken.no\/index.php\/2025\/11\/13\/det-storste-og-eldste-maya-monumentet-i-historien-representerte-kanskje-et-kart-over-universet\/#breadcrumb\",\"itemListElement\":[{\"@type\":\"ListItem\",\"position\":1,\"name\":\"Home\",\"item\":\"https:\/\/nordnesrepublikken.no\/\"},{\"@type\":\"ListItem\",\"position\":2,\"name\":\"Det st\u00f8rste og eldste Maya-monumentet i historien representerte kanskje et kart over universet\"}]},{\"@type\":\"WebSite\",\"@id\":\"https:\/\/nordnesrepublikken.no\/#website\",\"url\":\"https:\/\/nordnesrepublikken.no\/\",\"name\":\"Nordnesrepublikken\",\"description\":\"Stemmer og Visjoner fra Republikkens Hjerte\",\"publisher\":{\"@id\":\"https:\/\/nordnesrepublikken.no\/#organization\"},\"potentialAction\":[{\"@type\":\"SearchAction\",\"target\":{\"@type\":\"EntryPoint\",\"urlTemplate\":\"https:\/\/nordnesrepublikken.no\/?s={search_term_string}\"},\"query-input\":{\"@type\":\"PropertyValueSpecification\",\"valueRequired\":true,\"valueName\":\"search_term_string\"}}],\"inLanguage\":\"nb-NO\"},{\"@type\":\"Organization\",\"@id\":\"https:\/\/nordnesrepublikken.no\/#organization\",\"name\":\"Nordnesrepublikken\",\"url\":\"https:\/\/nordnesrepublikken.no\/\",\"logo\":{\"@type\":\"ImageObject\",\"inLanguage\":\"nb-NO\",\"@id\":\"https:\/\/nordnesrepublikken.no\/#\/schema\/logo\/image\/\",\"url\":\"https:\/\/nordnesrepublikken.no\/wp-content\/uploads\/2025\/02\/cropped-nordnesrepublikken-2.png\",\"contentUrl\":\"https:\/\/nordnesrepublikken.no\/wp-content\/uploads\/2025\/02\/cropped-nordnesrepublikken-2.png\",\"width\":1248,\"height\":362,\"caption\":\"Nordnesrepublikken\"},\"image\":{\"@id\":\"https:\/\/nordnesrepublikken.no\/#\/schema\/logo\/image\/\"}},{\"@type\":\"Person\",\"@id\":\"https:\/\/nordnesrepublikken.no\/#\/schema\/person\/2e7e81935bab77882fffb79296240ff1\",\"name\":\"Ole Andersen\",\"image\":{\"@type\":\"ImageObject\",\"inLanguage\":\"nb-NO\",\"@id\":\"https:\/\/nordnesrepublikken.no\/#\/schema\/person\/image\/\",\"url\":\"https:\/\/nordnesrepublikken.no\/wp-content\/uploads\/2025\/02\/nordnesrepublikken-2-2-150x150.jpg\",\"contentUrl\":\"https:\/\/nordnesrepublikken.no\/wp-content\/uploads\/2025\/02\/nordnesrepublikken-2-2-150x150.jpg\",\"caption\":\"Ole Andersen\"},\"description\":\"Ettersom jeg vokste opp i Oslo, har jeg alltid v\u00e6rt fascinert av ordenes kraft og deres evne til \u00e5 skape endringer. Etter \u00e5 ha fullf\u00f8rt min utdannelse i kommunikasjon ved Universitetet i Bergen, fikk jeg muligheten til \u00e5 jobbe innen ulike medier, der jeg har s\u00f8kt \u00e5 belyse viktige samfunnssp\u00f8rsm\u00e5l. I dag, som redakt\u00f8r for Nordnesrepublikken, pr\u00f8ver jeg \u00e5 forene min kj\u00e6rlighet for journalistikk med min lidenskap for innovasjon og eventyr.\",\"sameAs\":[\"https:\/\/nordnesrepublikken.no\/\"]}]}<\/script>\n<!-- \/ Yoast SEO plugin. -->","yoast_head_json":{"title":"Det st\u00f8rste og eldste Maya-monumentet i historien representerte kanskje et kart over universet - Nordnesrepublikken","robots":{"index":"index","follow":"follow","max-snippet":"max-snippet:-1","max-image-preview":"max-image-preview:large","max-video-preview":"max-video-preview:-1"},"canonical":"https:\/\/nordnesrepublikken.no\/index.php\/2025\/11\/13\/det-storste-og-eldste-maya-monumentet-i-historien-representerte-kanskje-et-kart-over-universet\/","og_locale":"nb_NO","og_type":"article","og_title":"Det st\u00f8rste og eldste Maya-monumentet i historien representerte kanskje et kart over universet - Nordnesrepublikken","og_description":"Maya-monumentet av Aguada F\u00e9nixbygget for omtrent 3 tusen \u00e5r siden i det s\u00f8r\u00f8stlige Mexico, er","og_url":"https:\/\/nordnesrepublikken.no\/index.php\/2025\/11\/13\/det-storste-og-eldste-maya-monumentet-i-historien-representerte-kanskje-et-kart-over-universet\/","og_site_name":"Nordnesrepublikken","article_published_time":"2025-11-13T02:50:43+00:00","article_modified_time":"2025-11-13T02:50:44+00:00","og_image":[{"width":800,"height":450,"url":"https:\/\/nordnesrepublikken.no\/wp-content\/uploads\/2025\/11\/1763002244_Det-storste-og-eldste-Maya-monumentet-i-historien-representerte-kanskje-et.ourexcavationnr3aisinthecenter.jpeg","type":"image\/jpeg"}],"author":"Ole Andersen","twitter_card":"summary_large_image","twitter_misc":{"Skrevet av":"Ole Andersen","Ansl. lesetid":"4 minutter"},"schema":{"@context":"https:\/\/schema.org","@graph":[{"@type":"Article","@id":"https:\/\/nordnesrepublikken.no\/index.php\/2025\/11\/13\/det-storste-og-eldste-maya-monumentet-i-historien-representerte-kanskje-et-kart-over-universet\/#article","isPartOf":{"@id":"https:\/\/nordnesrepublikken.no\/index.php\/2025\/11\/13\/det-storste-og-eldste-maya-monumentet-i-historien-representerte-kanskje-et-kart-over-universet\/"},"author":{"name":"Ole Andersen","@id":"https:\/\/nordnesrepublikken.no\/#\/schema\/person\/2e7e81935bab77882fffb79296240ff1"},"headline":"Det st\u00f8rste og eldste Maya-monumentet i historien representerte kanskje et kart over universet","datePublished":"2025-11-13T02:50:43+00:00","dateModified":"2025-11-13T02:50:44+00:00","mainEntityOfPage":{"@id":"https:\/\/nordnesrepublikken.no\/index.php\/2025\/11\/13\/det-storste-og-eldste-maya-monumentet-i-historien-representerte-kanskje-et-kart-over-universet\/"},"wordCount":734,"publisher":{"@id":"https:\/\/nordnesrepublikken.no\/#organization"},"image":{"@id":"https:\/\/nordnesrepublikken.no\/index.php\/2025\/11\/13\/det-storste-og-eldste-maya-monumentet-i-historien-representerte-kanskje-et-kart-over-universet\/#primaryimage"},"thumbnailUrl":"https:\/\/nordnesrepublikken.no\/wp-content\/uploads\/2025\/11\/1763002244_Det-storste-og-eldste-Maya-monumentet-i-historien-representerte-kanskje-et.ourexcavationnr3aisinthecenter.jpeg","keywords":["Det","eldste","Historien","kanskje","Kart","Mayamonumentet","representerte","st\u00f8rste","universet"],"articleSection":["Samfunn"],"inLanguage":"nb-NO"},{"@type":"WebPage","@id":"https:\/\/nordnesrepublikken.no\/index.php\/2025\/11\/13\/det-storste-og-eldste-maya-monumentet-i-historien-representerte-kanskje-et-kart-over-universet\/","url":"https:\/\/nordnesrepublikken.no\/index.php\/2025\/11\/13\/det-storste-og-eldste-maya-monumentet-i-historien-representerte-kanskje-et-kart-over-universet\/","name":"Det st\u00f8rste og eldste Maya-monumentet i historien representerte kanskje et kart over universet - Nordnesrepublikken","isPartOf":{"@id":"https:\/\/nordnesrepublikken.no\/#website"},"primaryImageOfPage":{"@id":"https:\/\/nordnesrepublikken.no\/index.php\/2025\/11\/13\/det-storste-og-eldste-maya-monumentet-i-historien-representerte-kanskje-et-kart-over-universet\/#primaryimage"},"image":{"@id":"https:\/\/nordnesrepublikken.no\/index.php\/2025\/11\/13\/det-storste-og-eldste-maya-monumentet-i-historien-representerte-kanskje-et-kart-over-universet\/#primaryimage"},"thumbnailUrl":"https:\/\/nordnesrepublikken.no\/wp-content\/uploads\/2025\/11\/1763002244_Det-storste-og-eldste-Maya-monumentet-i-historien-representerte-kanskje-et.ourexcavationnr3aisinthecenter.jpeg","datePublished":"2025-11-13T02:50:43+00:00","dateModified":"2025-11-13T02:50:44+00:00","breadcrumb":{"@id":"https:\/\/nordnesrepublikken.no\/index.php\/2025\/11\/13\/det-storste-og-eldste-maya-monumentet-i-historien-representerte-kanskje-et-kart-over-universet\/#breadcrumb"},"inLanguage":"nb-NO","potentialAction":[{"@type":"ReadAction","target":["https:\/\/nordnesrepublikken.no\/index.php\/2025\/11\/13\/det-storste-og-eldste-maya-monumentet-i-historien-representerte-kanskje-et-kart-over-universet\/"]}]},{"@type":"ImageObject","inLanguage":"nb-NO","@id":"https:\/\/nordnesrepublikken.no\/index.php\/2025\/11\/13\/det-storste-og-eldste-maya-monumentet-i-historien-representerte-kanskje-et-kart-over-universet\/#primaryimage","url":"https:\/\/nordnesrepublikken.no\/wp-content\/uploads\/2025\/11\/1763002244_Det-storste-og-eldste-Maya-monumentet-i-historien-representerte-kanskje-et.ourexcavationnr3aisinthecenter.jpeg","contentUrl":"https:\/\/nordnesrepublikken.no\/wp-content\/uploads\/2025\/11\/1763002244_Det-storste-og-eldste-Maya-monumentet-i-historien-representerte-kanskje-et.ourexcavationnr3aisinthecenter.jpeg","width":800,"height":450,"caption":"Det st\u00f8rste og eldste Maya-monumentet i historien representerte kanskje et kart over universet"},{"@type":"BreadcrumbList","@id":"https:\/\/nordnesrepublikken.no\/index.php\/2025\/11\/13\/det-storste-og-eldste-maya-monumentet-i-historien-representerte-kanskje-et-kart-over-universet\/#breadcrumb","itemListElement":[{"@type":"ListItem","position":1,"name":"Home","item":"https:\/\/nordnesrepublikken.no\/"},{"@type":"ListItem","position":2,"name":"Det st\u00f8rste og eldste Maya-monumentet i historien representerte kanskje et kart over universet"}]},{"@type":"WebSite","@id":"https:\/\/nordnesrepublikken.no\/#website","url":"https:\/\/nordnesrepublikken.no\/","name":"Nordnesrepublikken","description":"Stemmer og Visjoner fra Republikkens Hjerte","publisher":{"@id":"https:\/\/nordnesrepublikken.no\/#organization"},"potentialAction":[{"@type":"SearchAction","target":{"@type":"EntryPoint","urlTemplate":"https:\/\/nordnesrepublikken.no\/?s={search_term_string}"},"query-input":{"@type":"PropertyValueSpecification","valueRequired":true,"valueName":"search_term_string"}}],"inLanguage":"nb-NO"},{"@type":"Organization","@id":"https:\/\/nordnesrepublikken.no\/#organization","name":"Nordnesrepublikken","url":"https:\/\/nordnesrepublikken.no\/","logo":{"@type":"ImageObject","inLanguage":"nb-NO","@id":"https:\/\/nordnesrepublikken.no\/#\/schema\/logo\/image\/","url":"https:\/\/nordnesrepublikken.no\/wp-content\/uploads\/2025\/02\/cropped-nordnesrepublikken-2.png","contentUrl":"https:\/\/nordnesrepublikken.no\/wp-content\/uploads\/2025\/02\/cropped-nordnesrepublikken-2.png","width":1248,"height":362,"caption":"Nordnesrepublikken"},"image":{"@id":"https:\/\/nordnesrepublikken.no\/#\/schema\/logo\/image\/"}},{"@type":"Person","@id":"https:\/\/nordnesrepublikken.no\/#\/schema\/person\/2e7e81935bab77882fffb79296240ff1","name":"Ole Andersen","image":{"@type":"ImageObject","inLanguage":"nb-NO","@id":"https:\/\/nordnesrepublikken.no\/#\/schema\/person\/image\/","url":"https:\/\/nordnesrepublikken.no\/wp-content\/uploads\/2025\/02\/nordnesrepublikken-2-2-150x150.jpg","contentUrl":"https:\/\/nordnesrepublikken.no\/wp-content\/uploads\/2025\/02\/nordnesrepublikken-2-2-150x150.jpg","caption":"Ole Andersen"},"description":"Ettersom jeg vokste opp i Oslo, har jeg alltid v\u00e6rt fascinert av ordenes kraft og deres evne til \u00e5 skape endringer. Etter \u00e5 ha fullf\u00f8rt min utdannelse i kommunikasjon ved Universitetet i Bergen, fikk jeg muligheten til \u00e5 jobbe innen ulike medier, der jeg har s\u00f8kt \u00e5 belyse viktige samfunnssp\u00f8rsm\u00e5l. I dag, som redakt\u00f8r for Nordnesrepublikken, pr\u00f8ver jeg \u00e5 forene min kj\u00e6rlighet for journalistikk med min lidenskap for innovasjon og eventyr.","sameAs":["https:\/\/nordnesrepublikken.no\/"]}]}},"_links":{"self":[{"href":"https:\/\/nordnesrepublikken.no\/index.php\/wp-json\/wp\/v2\/posts\/11646","targetHints":{"allow":["GET"]}}],"collection":[{"href":"https:\/\/nordnesrepublikken.no\/index.php\/wp-json\/wp\/v2\/posts"}],"about":[{"href":"https:\/\/nordnesrepublikken.no\/index.php\/wp-json\/wp\/v2\/types\/post"}],"author":[{"embeddable":true,"href":"https:\/\/nordnesrepublikken.no\/index.php\/wp-json\/wp\/v2\/users\/1"}],"replies":[{"embeddable":true,"href":"https:\/\/nordnesrepublikken.no\/index.php\/wp-json\/wp\/v2\/comments?post=11646"}],"version-history":[{"count":1,"href":"https:\/\/nordnesrepublikken.no\/index.php\/wp-json\/wp\/v2\/posts\/11646\/revisions"}],"predecessor-version":[{"id":11648,"href":"https:\/\/nordnesrepublikken.no\/index.php\/wp-json\/wp\/v2\/posts\/11646\/revisions\/11648"}],"wp:featuredmedia":[{"embeddable":true,"href":"https:\/\/nordnesrepublikken.no\/index.php\/wp-json\/wp\/v2\/media\/11647"}],"wp:attachment":[{"href":"https:\/\/nordnesrepublikken.no\/index.php\/wp-json\/wp\/v2\/media?parent=11646"}],"wp:term":[{"taxonomy":"category","embeddable":true,"href":"https:\/\/nordnesrepublikken.no\/index.php\/wp-json\/wp\/v2\/categories?post=11646"},{"taxonomy":"post_tag","embeddable":true,"href":"https:\/\/nordnesrepublikken.no\/index.php\/wp-json\/wp\/v2\/tags?post=11646"}],"curies":[{"name":"wp","href":"https:\/\/api.w.org\/{rel}","templated":true}]}}