{"id":11640,"date":"2025-11-12T22:53:04","date_gmt":"2025-11-12T21:53:04","guid":{"rendered":"https:\/\/nordnesrepublikken.no\/index.php\/2025\/11\/12\/hva-var-dodssafari-i-bosnia\/"},"modified":"2025-11-12T22:53:29","modified_gmt":"2025-11-12T21:53:29","slug":"hva-var-dodssafari-i-bosnia","status":"publish","type":"post","link":"https:\/\/nordnesrepublikken.no\/index.php\/2025\/11\/12\/hva-var-dodssafari-i-bosnia\/","title":{"rendered":"hva var d\u00f8dssafari i Bosnia"},"content":{"rendered":"<div>\n<div class=\"cp_wrapper cp_wrapper--fw mb-30 mb-20@tablet\">\n<figure class=\"mm\"><picture class=\"img\" style=\"padding-top:56.25%\"><source  media=\"(min-width: 1024px)\"><source  media=\"(min-width: 768px)\"><\/source><\/source><\/picture><\/figure>\n<\/p><\/div>\n<p>Der <b>Milanos p\u00e5talemyndighet<\/b> har \u00e5pnet en etterforskning av en skremmende sak som bringer tankene til den beryktede &laquo;Sniper Avenue&raquo; i Sarajevo, byen som ble beleiret fra 1992 til 1996 av de bosnisk-serbiske militsene etter <b>Bosnia<\/b> erkl\u00e6rte uavhengighet fra Jugoslavia<b>.<\/b> Det var en lang aveny som gikk gjennom sentrum av hovedstaden, og forbinder flyplassen og den vestlige delen av byen med det historiske sentrum. Fra de omkringliggende \u00e5sene, snikskytterne <b>de skj\u00f8t forbipasserende<\/b> som ikke hadde noe annet valg enn \u00e5 krysse den veien for \u00e5 f\u00e5 vann, mat eller bare for \u00e5 bevege seg, og utsette seg selv for risikoen for \u00e5 bli drept. Det er ansl\u00e5tt at over 11 000 sivile ble myrdet p\u00e5 denne m\u00e5ten.<\/p>\n<p>Alle som gikk forbi risikerte \u00e5 bli truffet: Omr\u00e5det ble dermed et av de mest tragiske symbolene p\u00e5 beleiringen av Sarajevo. Etterforskningen gjelder en p\u00e5st\u00e5tt forbrytelse av <b>frivillig drap forverret av grusomhet og d\u00e5rlige motiver<\/b>. Den sentrale tesen er at noen italienere betalte store pengesummer til soldater som tilh\u00f8rer h\u00e6ren <b>Radovan Karad\u017ei\u0107<\/b>den tidligere bosnisk-serbiske lederen d\u00f8mt for folkemord<b> og andre forbrytelser mot menneskeheten<\/b>for \u00e5 reise til Sarajevo i helgen og skyte p\u00e5 sivile.<\/p>\n<p>En FN-rapport bekreftet at jeg <b>snikskyttere opererte i tropper<\/b> rundt i byen og m\u00e5lrettet bevisst<b> de sivile<\/b>jeg <b>ikke-stridende<\/b> hei <b>redningsmenn<\/b> som fors\u00f8kte \u00e5 hjelpe ofrene, samt personell og fasiliteter til FNs beskyttelsesstyrke og andre FN-organer. Enkle borgere, knyttet til h\u00f8yreekstreme sirkler og v\u00e5penentusiaster, ville ha kj\u00f8pt denne \u00abtjenesten\u00bb som en slags <b>menneskelig safari<\/b> i den beleirede byen. If\u00f8lge klagen skulle de ha forlatt Trieste med fly fra det serbiske selskapet Aviogenex, som p\u00e5 det tidspunktet opererte fra den italienske flyplassen. For \u00e5 bli &laquo;helgsnikskyttere&raquo; ville de ha betalt tilsvarende <b>80 000-100 000 euro<\/b>if\u00f8lge de f\u00f8rste etterforskningshypotesene. <b>\u00c5 skyte barn koster mer.<\/b><\/p>\n<p>Blant vitnene vil v\u00e6re en agent fra den bosniske hemmelige tjenesten, som ville ha v\u00e6rt klar over fakta og p\u00e5stander om at jeg <b>italienske hemmelige tjenester<\/b> (tilstede i Sarajevo) hadde blitt informert allerede i <b>1993<\/b>og som kan eksistere om dette emnet <b>konfidensielle filer<\/b>. Videre en tjenestemann fra den slovenske hemmelige tjenesten, noen ofre og en skadet brannmann som under rettssaken mot den tidligere serbiske lederen ogs\u00e5 ville v\u00e6re klar over fakta. <b>Slobodan Milosevic<\/b> i Haag, snakket om <b>&laquo;turistsnikskyttere&raquo;<\/b> gjenkjennelig p\u00e5 kl\u00e6r og v\u00e5pen som er forskjellige fra de serbiske soldatene.<\/p>\n<h2>Sarajevo-safarien og &laquo;helgsnikskytterne&raquo;: historien om forbrytelsene<\/h2>\n<p>&laquo;<b>Sarajevo Safari&raquo;, <\/b>en dokumentar fra 2022 regissert av den slovenske regiss\u00f8ren <b>Miran Zupani\u010d,<\/b> tar opp sjokkerende p\u00e5stander om de grusomme helgeturene, som begynte ved starten av krigen i 1992 og varte i flere m\u00e5neder mellom 1993 og 1994. Dokumentaren rapporterte <b>vitnesbyrd fra en tidligere agent for hemmelig tjeneste<\/b>som forble anonym, som jobbet for &laquo;et viktig amerikansk byr\u00e5&raquo; p\u00e5 den tiden. P\u00e5 betingelse av anonymitet, snakket den tidligere agenten om <b>rike utlendinger<\/b> at de ville betale for \u00e5 bes\u00f8ke den bosnisk-serbiske h\u00e6rens snikskyttere og <b>skyte p\u00e5 befolkningen<\/b> i hovedstaden Sarajevo.<\/p>\n<p>En annen mann,<b> Edin Suba\u0161i\u0107<\/b>en tidligere analytiker for den bosniske h\u00e6ren, forteller i dokumentaren informasjonen innhentet fra de milit\u00e6re sikkerhetstjenestene, som hadde fanget en <b>frivillig kjemper <\/b>fra Para\u0107in, Serbia. Under avh\u00f8r ville fangen <b>bekreftet tilstedev\u00e6relsen av utlendinger <\/b>p\u00e5 slagmarken, if\u00f8lge det Suba\u0161i\u0107 rapporterer. Suba\u0161i\u0107 beskriver avh\u00f8ret av fangen, som snakket om italienere som ble fraktet sammen med serbiske frivillige fra Beograd til byen Pale, n\u00e6r Sarajevo, en h\u00f8yborg for de bosniske serberne. Suba\u0161i\u0107 rapporterer i detalj samtalen mellom fangen og italienerne, som angivelig sa om <b>ikke f\u00e5 betalt for \u00e5 kjempe<\/b>men at de selv ville betale for \u00e5 g\u00e5 til fronten.<\/p>\n<h2>Krigen i Bosnia: r\u00f8ttene til konflikten som f\u00f8rte til turistsnikskyting<\/h2>\n<p>Der <b>Den sosialistiske f\u00f8derale republikken Jugoslavia<\/b>grunnlagt i <b>1943<\/b> under andre verdenskrig var det en f\u00f8derasjon sammensatt av <b>seks republikker<\/b>: Slovenia, Kroatia, Bosnia-Hercegovina, Serbia, Montenegro og Makedonia. Etter krigens slutt ble det styrt av <b>Marskalk Josip Tito<\/b>. Etter hans d\u00f8d i <b>1980<\/b>en ideologi basert p\u00e5 en <b>etnisk nasjonalisme <\/b>begynte \u00e5 vokse og inn <b>1991<\/b> landet begynte \u00e5 g\u00e5 i oppl\u00f8sning.<\/p>\n<p>De <b>f\u00f8derale republikker<\/b> de begynte \u00e5 fremme stadig mer nasjonalistisk politikk, favoriserte sine egne etniske grupper og provoserte <b>oppl\u00f8sningen av Jugoslavia<\/b>med Slovenia og Kroatia som erkl\u00e6rte uavhengighet i 1991, etterfulgt av <b>Bosnia-Hercegovina<\/b> I <b>1992<\/b>. Kort tid etter uavhengigheten, den <b>serbiske styrker<\/b> okkuperte byen Sarajevo, hovedstaden i Bosnia, og startet en tre\u00e5rig kampanje med terror og forf\u00f8lgelse, med planlagte og systematiske drap p\u00e5 ikke-serbere, hovedsakelig <b>bosniske muslimer<\/b>. Siden mai 1992 har bosnisk-serbiske styrker under kommando av <b>General Ratko Mladi\u0107<\/b> de brukte artilleri og snikskyttere for \u00e5 treffe sivile omr\u00e5der av byen og sentrale institusjoner, og for\u00e5rsaket d\u00f8dsfall, skader og terror blant befolkningen.<\/p>\n<p>DE&#8217;<b>beleiring av Sarajevo<\/b> provosert ytterligere <b>11 000 d\u00f8dsfall<\/b>inkludert 1600 barn. Mellom 1992 og 1995 ble innbyggerne utsatt for daglige bombeangrep og snikskytterangrep, fullstendig isolert fra resten av verden. Krigen i Bosnia og folkemordet for\u00e5rsaket nesten <b>100 000 sivile d\u00f8dsfall<\/b> og utover <b>2 millioner mennesker <\/b>tvunget til \u00e5 forlate hjemmene sine. Konflikten endte offisielt med <b>Dayton-avtalen<\/b>p\u00e5meldt <b>21. november 1995<\/b> i Dayton, Ohio, USA, og etablerer blant annet <b>tilbakef\u00f8ring av grensene til Bosnia-Hercegovina<\/b> som en suveren republikk innenfor det oppl\u00f8ste Jugoslavia.<\/p>\n<\/p><\/div>\n","protected":false},"excerpt":{"rendered":"<p>Der Milanos p\u00e5talemyndighet har \u00e5pnet en etterforskning av en skremmende sak som bringer tankene til<\/p>\n","protected":false},"author":1,"featured_media":11641,"comment_status":"closed","ping_status":"open","sticky":false,"template":"","format":"standard","meta":{"footnotes":""},"categories":[23],"tags":[7667,7666,144,100],"class_list":["post-11640","post","type-post","status-publish","format-standard","has-post-thumbnail","hentry","category-politikk","tag-bosnia","tag-dodssafari","tag-hva","tag-var","generate-columns","tablet-grid-50","mobile-grid-100","grid-parent","grid-33","resize-featured-image"],"yoast_head":"<!-- This site is optimized with the Yoast SEO plugin v24.4 - https:\/\/yoast.com\/wordpress\/plugins\/seo\/ -->\n<title>hva var d\u00f8dssafari i Bosnia - Nordnesrepublikken<\/title>\n<meta name=\"robots\" content=\"index, follow, max-snippet:-1, max-image-preview:large, max-video-preview:-1\" \/>\n<link rel=\"canonical\" href=\"https:\/\/nordnesrepublikken.no\/index.php\/2025\/11\/12\/hva-var-dodssafari-i-bosnia\/\" \/>\n<meta property=\"og:locale\" content=\"nb_NO\" \/>\n<meta property=\"og:type\" content=\"article\" \/>\n<meta property=\"og:title\" content=\"hva var d\u00f8dssafari i Bosnia - Nordnesrepublikken\" \/>\n<meta property=\"og:description\" content=\"Der Milanos p\u00e5talemyndighet har \u00e5pnet en etterforskning av en skremmende sak som bringer tankene til\" \/>\n<meta property=\"og:url\" content=\"https:\/\/nordnesrepublikken.no\/index.php\/2025\/11\/12\/hva-var-dodssafari-i-bosnia\/\" \/>\n<meta property=\"og:site_name\" content=\"Nordnesrepublikken\" \/>\n<meta property=\"article:published_time\" content=\"2025-11-12T21:53:04+00:00\" \/>\n<meta property=\"article:modified_time\" content=\"2025-11-12T21:53:29+00:00\" \/>\n<meta property=\"og:image\" content=\"https:\/\/nordnesrepublikken.no\/wp-content\/uploads\/2025\/11\/1762984385_hva-var-dodssafari-i-Bosnia-scaled.jpg\" \/>\n\t<meta property=\"og:image:width\" content=\"2560\" \/>\n\t<meta property=\"og:image:height\" content=\"1734\" \/>\n\t<meta property=\"og:image:type\" content=\"image\/jpeg\" \/>\n<meta name=\"author\" content=\"Ole Andersen\" \/>\n<meta name=\"twitter:card\" content=\"summary_large_image\" \/>\n<meta name=\"twitter:label1\" content=\"Skrevet av\" \/>\n\t<meta name=\"twitter:data1\" content=\"Ole Andersen\" \/>\n\t<meta name=\"twitter:label2\" content=\"Ansl. lesetid\" \/>\n\t<meta name=\"twitter:data2\" content=\"4 minutter\" \/>\n<script type=\"application\/ld+json\" class=\"yoast-schema-graph\">{\"@context\":\"https:\/\/schema.org\",\"@graph\":[{\"@type\":\"Article\",\"@id\":\"https:\/\/nordnesrepublikken.no\/index.php\/2025\/11\/12\/hva-var-dodssafari-i-bosnia\/#article\",\"isPartOf\":{\"@id\":\"https:\/\/nordnesrepublikken.no\/index.php\/2025\/11\/12\/hva-var-dodssafari-i-bosnia\/\"},\"author\":{\"name\":\"Ole Andersen\",\"@id\":\"https:\/\/nordnesrepublikken.no\/#\/schema\/person\/2e7e81935bab77882fffb79296240ff1\"},\"headline\":\"hva var d\u00f8dssafari i Bosnia\",\"datePublished\":\"2025-11-12T21:53:04+00:00\",\"dateModified\":\"2025-11-12T21:53:29+00:00\",\"mainEntityOfPage\":{\"@id\":\"https:\/\/nordnesrepublikken.no\/index.php\/2025\/11\/12\/hva-var-dodssafari-i-bosnia\/\"},\"wordCount\":857,\"publisher\":{\"@id\":\"https:\/\/nordnesrepublikken.no\/#organization\"},\"image\":{\"@id\":\"https:\/\/nordnesrepublikken.no\/index.php\/2025\/11\/12\/hva-var-dodssafari-i-bosnia\/#primaryimage\"},\"thumbnailUrl\":\"https:\/\/nordnesrepublikken.no\/wp-content\/uploads\/2025\/11\/1762984385_hva-var-dodssafari-i-Bosnia-scaled.jpg\",\"keywords\":[\"Bosnia\",\"d\u00f8dssafari\",\"Hva\",\"var\"],\"articleSection\":[\"Politikk\"],\"inLanguage\":\"nb-NO\"},{\"@type\":\"WebPage\",\"@id\":\"https:\/\/nordnesrepublikken.no\/index.php\/2025\/11\/12\/hva-var-dodssafari-i-bosnia\/\",\"url\":\"https:\/\/nordnesrepublikken.no\/index.php\/2025\/11\/12\/hva-var-dodssafari-i-bosnia\/\",\"name\":\"hva var d\u00f8dssafari i Bosnia - Nordnesrepublikken\",\"isPartOf\":{\"@id\":\"https:\/\/nordnesrepublikken.no\/#website\"},\"primaryImageOfPage\":{\"@id\":\"https:\/\/nordnesrepublikken.no\/index.php\/2025\/11\/12\/hva-var-dodssafari-i-bosnia\/#primaryimage\"},\"image\":{\"@id\":\"https:\/\/nordnesrepublikken.no\/index.php\/2025\/11\/12\/hva-var-dodssafari-i-bosnia\/#primaryimage\"},\"thumbnailUrl\":\"https:\/\/nordnesrepublikken.no\/wp-content\/uploads\/2025\/11\/1762984385_hva-var-dodssafari-i-Bosnia-scaled.jpg\",\"datePublished\":\"2025-11-12T21:53:04+00:00\",\"dateModified\":\"2025-11-12T21:53:29+00:00\",\"breadcrumb\":{\"@id\":\"https:\/\/nordnesrepublikken.no\/index.php\/2025\/11\/12\/hva-var-dodssafari-i-bosnia\/#breadcrumb\"},\"inLanguage\":\"nb-NO\",\"potentialAction\":[{\"@type\":\"ReadAction\",\"target\":[\"https:\/\/nordnesrepublikken.no\/index.php\/2025\/11\/12\/hva-var-dodssafari-i-bosnia\/\"]}]},{\"@type\":\"ImageObject\",\"inLanguage\":\"nb-NO\",\"@id\":\"https:\/\/nordnesrepublikken.no\/index.php\/2025\/11\/12\/hva-var-dodssafari-i-bosnia\/#primaryimage\",\"url\":\"https:\/\/nordnesrepublikken.no\/wp-content\/uploads\/2025\/11\/1762984385_hva-var-dodssafari-i-Bosnia-scaled.jpg\",\"contentUrl\":\"https:\/\/nordnesrepublikken.no\/wp-content\/uploads\/2025\/11\/1762984385_hva-var-dodssafari-i-Bosnia-scaled.jpg\",\"width\":2560,\"height\":1734,\"caption\":\"hva var d\u00f8dssafari i Bosnia\"},{\"@type\":\"BreadcrumbList\",\"@id\":\"https:\/\/nordnesrepublikken.no\/index.php\/2025\/11\/12\/hva-var-dodssafari-i-bosnia\/#breadcrumb\",\"itemListElement\":[{\"@type\":\"ListItem\",\"position\":1,\"name\":\"Home\",\"item\":\"https:\/\/nordnesrepublikken.no\/\"},{\"@type\":\"ListItem\",\"position\":2,\"name\":\"hva var d\u00f8dssafari i Bosnia\"}]},{\"@type\":\"WebSite\",\"@id\":\"https:\/\/nordnesrepublikken.no\/#website\",\"url\":\"https:\/\/nordnesrepublikken.no\/\",\"name\":\"Nordnesrepublikken\",\"description\":\"Stemmer og Visjoner fra Republikkens Hjerte\",\"publisher\":{\"@id\":\"https:\/\/nordnesrepublikken.no\/#organization\"},\"potentialAction\":[{\"@type\":\"SearchAction\",\"target\":{\"@type\":\"EntryPoint\",\"urlTemplate\":\"https:\/\/nordnesrepublikken.no\/?s={search_term_string}\"},\"query-input\":{\"@type\":\"PropertyValueSpecification\",\"valueRequired\":true,\"valueName\":\"search_term_string\"}}],\"inLanguage\":\"nb-NO\"},{\"@type\":\"Organization\",\"@id\":\"https:\/\/nordnesrepublikken.no\/#organization\",\"name\":\"Nordnesrepublikken\",\"url\":\"https:\/\/nordnesrepublikken.no\/\",\"logo\":{\"@type\":\"ImageObject\",\"inLanguage\":\"nb-NO\",\"@id\":\"https:\/\/nordnesrepublikken.no\/#\/schema\/logo\/image\/\",\"url\":\"https:\/\/nordnesrepublikken.no\/wp-content\/uploads\/2025\/02\/cropped-nordnesrepublikken-2.png\",\"contentUrl\":\"https:\/\/nordnesrepublikken.no\/wp-content\/uploads\/2025\/02\/cropped-nordnesrepublikken-2.png\",\"width\":1248,\"height\":362,\"caption\":\"Nordnesrepublikken\"},\"image\":{\"@id\":\"https:\/\/nordnesrepublikken.no\/#\/schema\/logo\/image\/\"}},{\"@type\":\"Person\",\"@id\":\"https:\/\/nordnesrepublikken.no\/#\/schema\/person\/2e7e81935bab77882fffb79296240ff1\",\"name\":\"Ole Andersen\",\"image\":{\"@type\":\"ImageObject\",\"inLanguage\":\"nb-NO\",\"@id\":\"https:\/\/nordnesrepublikken.no\/#\/schema\/person\/image\/\",\"url\":\"https:\/\/nordnesrepublikken.no\/wp-content\/uploads\/2025\/02\/nordnesrepublikken-2-2-150x150.jpg\",\"contentUrl\":\"https:\/\/nordnesrepublikken.no\/wp-content\/uploads\/2025\/02\/nordnesrepublikken-2-2-150x150.jpg\",\"caption\":\"Ole Andersen\"},\"description\":\"Ettersom jeg vokste opp i Oslo, har jeg alltid v\u00e6rt fascinert av ordenes kraft og deres evne til \u00e5 skape endringer. Etter \u00e5 ha fullf\u00f8rt min utdannelse i kommunikasjon ved Universitetet i Bergen, fikk jeg muligheten til \u00e5 jobbe innen ulike medier, der jeg har s\u00f8kt \u00e5 belyse viktige samfunnssp\u00f8rsm\u00e5l. I dag, som redakt\u00f8r for Nordnesrepublikken, pr\u00f8ver jeg \u00e5 forene min kj\u00e6rlighet for journalistikk med min lidenskap for innovasjon og eventyr.\",\"sameAs\":[\"https:\/\/nordnesrepublikken.no\/\"]}]}<\/script>\n<!-- \/ Yoast SEO plugin. -->","yoast_head_json":{"title":"hva var d\u00f8dssafari i Bosnia - Nordnesrepublikken","robots":{"index":"index","follow":"follow","max-snippet":"max-snippet:-1","max-image-preview":"max-image-preview:large","max-video-preview":"max-video-preview:-1"},"canonical":"https:\/\/nordnesrepublikken.no\/index.php\/2025\/11\/12\/hva-var-dodssafari-i-bosnia\/","og_locale":"nb_NO","og_type":"article","og_title":"hva var d\u00f8dssafari i Bosnia - Nordnesrepublikken","og_description":"Der Milanos p\u00e5talemyndighet har \u00e5pnet en etterforskning av en skremmende sak som bringer tankene til","og_url":"https:\/\/nordnesrepublikken.no\/index.php\/2025\/11\/12\/hva-var-dodssafari-i-bosnia\/","og_site_name":"Nordnesrepublikken","article_published_time":"2025-11-12T21:53:04+00:00","article_modified_time":"2025-11-12T21:53:29+00:00","og_image":[{"width":2560,"height":1734,"url":"https:\/\/nordnesrepublikken.no\/wp-content\/uploads\/2025\/11\/1762984385_hva-var-dodssafari-i-Bosnia-scaled.jpg","type":"image\/jpeg"}],"author":"Ole Andersen","twitter_card":"summary_large_image","twitter_misc":{"Skrevet av":"Ole Andersen","Ansl. lesetid":"4 minutter"},"schema":{"@context":"https:\/\/schema.org","@graph":[{"@type":"Article","@id":"https:\/\/nordnesrepublikken.no\/index.php\/2025\/11\/12\/hva-var-dodssafari-i-bosnia\/#article","isPartOf":{"@id":"https:\/\/nordnesrepublikken.no\/index.php\/2025\/11\/12\/hva-var-dodssafari-i-bosnia\/"},"author":{"name":"Ole Andersen","@id":"https:\/\/nordnesrepublikken.no\/#\/schema\/person\/2e7e81935bab77882fffb79296240ff1"},"headline":"hva var d\u00f8dssafari i Bosnia","datePublished":"2025-11-12T21:53:04+00:00","dateModified":"2025-11-12T21:53:29+00:00","mainEntityOfPage":{"@id":"https:\/\/nordnesrepublikken.no\/index.php\/2025\/11\/12\/hva-var-dodssafari-i-bosnia\/"},"wordCount":857,"publisher":{"@id":"https:\/\/nordnesrepublikken.no\/#organization"},"image":{"@id":"https:\/\/nordnesrepublikken.no\/index.php\/2025\/11\/12\/hva-var-dodssafari-i-bosnia\/#primaryimage"},"thumbnailUrl":"https:\/\/nordnesrepublikken.no\/wp-content\/uploads\/2025\/11\/1762984385_hva-var-dodssafari-i-Bosnia-scaled.jpg","keywords":["Bosnia","d\u00f8dssafari","Hva","var"],"articleSection":["Politikk"],"inLanguage":"nb-NO"},{"@type":"WebPage","@id":"https:\/\/nordnesrepublikken.no\/index.php\/2025\/11\/12\/hva-var-dodssafari-i-bosnia\/","url":"https:\/\/nordnesrepublikken.no\/index.php\/2025\/11\/12\/hva-var-dodssafari-i-bosnia\/","name":"hva var d\u00f8dssafari i Bosnia - Nordnesrepublikken","isPartOf":{"@id":"https:\/\/nordnesrepublikken.no\/#website"},"primaryImageOfPage":{"@id":"https:\/\/nordnesrepublikken.no\/index.php\/2025\/11\/12\/hva-var-dodssafari-i-bosnia\/#primaryimage"},"image":{"@id":"https:\/\/nordnesrepublikken.no\/index.php\/2025\/11\/12\/hva-var-dodssafari-i-bosnia\/#primaryimage"},"thumbnailUrl":"https:\/\/nordnesrepublikken.no\/wp-content\/uploads\/2025\/11\/1762984385_hva-var-dodssafari-i-Bosnia-scaled.jpg","datePublished":"2025-11-12T21:53:04+00:00","dateModified":"2025-11-12T21:53:29+00:00","breadcrumb":{"@id":"https:\/\/nordnesrepublikken.no\/index.php\/2025\/11\/12\/hva-var-dodssafari-i-bosnia\/#breadcrumb"},"inLanguage":"nb-NO","potentialAction":[{"@type":"ReadAction","target":["https:\/\/nordnesrepublikken.no\/index.php\/2025\/11\/12\/hva-var-dodssafari-i-bosnia\/"]}]},{"@type":"ImageObject","inLanguage":"nb-NO","@id":"https:\/\/nordnesrepublikken.no\/index.php\/2025\/11\/12\/hva-var-dodssafari-i-bosnia\/#primaryimage","url":"https:\/\/nordnesrepublikken.no\/wp-content\/uploads\/2025\/11\/1762984385_hva-var-dodssafari-i-Bosnia-scaled.jpg","contentUrl":"https:\/\/nordnesrepublikken.no\/wp-content\/uploads\/2025\/11\/1762984385_hva-var-dodssafari-i-Bosnia-scaled.jpg","width":2560,"height":1734,"caption":"hva var d\u00f8dssafari i Bosnia"},{"@type":"BreadcrumbList","@id":"https:\/\/nordnesrepublikken.no\/index.php\/2025\/11\/12\/hva-var-dodssafari-i-bosnia\/#breadcrumb","itemListElement":[{"@type":"ListItem","position":1,"name":"Home","item":"https:\/\/nordnesrepublikken.no\/"},{"@type":"ListItem","position":2,"name":"hva var d\u00f8dssafari i Bosnia"}]},{"@type":"WebSite","@id":"https:\/\/nordnesrepublikken.no\/#website","url":"https:\/\/nordnesrepublikken.no\/","name":"Nordnesrepublikken","description":"Stemmer og Visjoner fra Republikkens Hjerte","publisher":{"@id":"https:\/\/nordnesrepublikken.no\/#organization"},"potentialAction":[{"@type":"SearchAction","target":{"@type":"EntryPoint","urlTemplate":"https:\/\/nordnesrepublikken.no\/?s={search_term_string}"},"query-input":{"@type":"PropertyValueSpecification","valueRequired":true,"valueName":"search_term_string"}}],"inLanguage":"nb-NO"},{"@type":"Organization","@id":"https:\/\/nordnesrepublikken.no\/#organization","name":"Nordnesrepublikken","url":"https:\/\/nordnesrepublikken.no\/","logo":{"@type":"ImageObject","inLanguage":"nb-NO","@id":"https:\/\/nordnesrepublikken.no\/#\/schema\/logo\/image\/","url":"https:\/\/nordnesrepublikken.no\/wp-content\/uploads\/2025\/02\/cropped-nordnesrepublikken-2.png","contentUrl":"https:\/\/nordnesrepublikken.no\/wp-content\/uploads\/2025\/02\/cropped-nordnesrepublikken-2.png","width":1248,"height":362,"caption":"Nordnesrepublikken"},"image":{"@id":"https:\/\/nordnesrepublikken.no\/#\/schema\/logo\/image\/"}},{"@type":"Person","@id":"https:\/\/nordnesrepublikken.no\/#\/schema\/person\/2e7e81935bab77882fffb79296240ff1","name":"Ole Andersen","image":{"@type":"ImageObject","inLanguage":"nb-NO","@id":"https:\/\/nordnesrepublikken.no\/#\/schema\/person\/image\/","url":"https:\/\/nordnesrepublikken.no\/wp-content\/uploads\/2025\/02\/nordnesrepublikken-2-2-150x150.jpg","contentUrl":"https:\/\/nordnesrepublikken.no\/wp-content\/uploads\/2025\/02\/nordnesrepublikken-2-2-150x150.jpg","caption":"Ole Andersen"},"description":"Ettersom jeg vokste opp i Oslo, har jeg alltid v\u00e6rt fascinert av ordenes kraft og deres evne til \u00e5 skape endringer. Etter \u00e5 ha fullf\u00f8rt min utdannelse i kommunikasjon ved Universitetet i Bergen, fikk jeg muligheten til \u00e5 jobbe innen ulike medier, der jeg har s\u00f8kt \u00e5 belyse viktige samfunnssp\u00f8rsm\u00e5l. I dag, som redakt\u00f8r for Nordnesrepublikken, pr\u00f8ver jeg \u00e5 forene min kj\u00e6rlighet for journalistikk med min lidenskap for innovasjon og eventyr.","sameAs":["https:\/\/nordnesrepublikken.no\/"]}]}},"_links":{"self":[{"href":"https:\/\/nordnesrepublikken.no\/index.php\/wp-json\/wp\/v2\/posts\/11640","targetHints":{"allow":["GET"]}}],"collection":[{"href":"https:\/\/nordnesrepublikken.no\/index.php\/wp-json\/wp\/v2\/posts"}],"about":[{"href":"https:\/\/nordnesrepublikken.no\/index.php\/wp-json\/wp\/v2\/types\/post"}],"author":[{"embeddable":true,"href":"https:\/\/nordnesrepublikken.no\/index.php\/wp-json\/wp\/v2\/users\/1"}],"replies":[{"embeddable":true,"href":"https:\/\/nordnesrepublikken.no\/index.php\/wp-json\/wp\/v2\/comments?post=11640"}],"version-history":[{"count":1,"href":"https:\/\/nordnesrepublikken.no\/index.php\/wp-json\/wp\/v2\/posts\/11640\/revisions"}],"predecessor-version":[{"id":11642,"href":"https:\/\/nordnesrepublikken.no\/index.php\/wp-json\/wp\/v2\/posts\/11640\/revisions\/11642"}],"wp:featuredmedia":[{"embeddable":true,"href":"https:\/\/nordnesrepublikken.no\/index.php\/wp-json\/wp\/v2\/media\/11641"}],"wp:attachment":[{"href":"https:\/\/nordnesrepublikken.no\/index.php\/wp-json\/wp\/v2\/media?parent=11640"}],"wp:term":[{"taxonomy":"category","embeddable":true,"href":"https:\/\/nordnesrepublikken.no\/index.php\/wp-json\/wp\/v2\/categories?post=11640"},{"taxonomy":"post_tag","embeddable":true,"href":"https:\/\/nordnesrepublikken.no\/index.php\/wp-json\/wp\/v2\/tags?post=11640"}],"curies":[{"name":"wp","href":"https:\/\/api.w.org\/{rel}","templated":true}]}}