{"id":11637,"date":"2025-11-12T20:51:13","date_gmt":"2025-11-12T19:51:13","guid":{"rendered":"https:\/\/nordnesrepublikken.no\/index.php\/2025\/11\/12\/fordi-vi-snakker-om-sabotasje\/"},"modified":"2025-11-12T20:51:15","modified_gmt":"2025-11-12T19:51:15","slug":"fordi-vi-snakker-om-sabotasje","status":"publish","type":"post","link":"https:\/\/nordnesrepublikken.no\/index.php\/2025\/11\/12\/fordi-vi-snakker-om-sabotasje\/","title":{"rendered":"fordi vi snakker om sabotasje"},"content":{"rendered":"<div>\n<div class=\"cp_wrapper cp_wrapper--fw mb-30 mb-20@tablet\">\n<figure class=\"mm\"><picture class=\"img\" style=\"padding-top:56.25%\"><source  media=\"(min-width: 1024px)\"><source  media=\"(min-width: 768px)\"><\/source><\/source><\/picture><\/figure>\n<\/p><\/div>\n<p>Et tyrkisk milit\u00e6rt lastefly <strong>Lockheed<\/strong> <strong>C-130 Hercules<\/strong> krasjet p\u00e5 grensen mellom Georgia og Aserbajdsjan mens de var p\u00e5 vei til Tyrkia med 20 personer om bord: dynamikken i ulykken, som skjedde i g\u00e5r 11. november, er enn\u00e5 ikke avklart av tyrkiske myndigheter, som har startet en etterforskning av katastrofen og i morges bekreftet d\u00f8den til alle de 20 soldatene om bord i flyet, i det tyrkiske luftv\u00e5penet siden 2 i det tyrkiske luftv\u00e5penet og det arabiske luftv\u00e5penet siden 2. Flyulykken utl\u00f8ste imidlertid umiddelbart en rekke<b> spekulasjoner<\/b> p\u00e5 mulig <b>fiendens handlinger eller sabotasje<\/b>gitt den strategiske plasseringen til stedet hvor krasjet skjedde, et omr\u00e5de av spesiell interesse for ulike regionale makter, fra Russland til Iran.<\/p>\n<p>De f\u00f8rste inspeksjonene \u2013 rapportert av tyrkiske medier \u2013 utelukket tilstedev\u00e6relsen av ammunisjon om bord, <strong>fordrive hypotesen om en eksplosjon<\/strong> skjedde inne i flyet, som ville ha v\u00e6rt synlig allerede ved \u00e5 analysere restene av flyet som falt i den georgiske byen <strong>Sighnaghi<\/strong>ca 5 km fra grensen til Aserbajdsjan. I mellomtiden oppdaget <strong>svart boks<\/strong>.<\/p>\n<p>For \u00f8yeblikket vil det derfor v\u00e6re n\u00f8dvendig \u00e5 vente p\u00e5 utfallet av de offisielle unders\u00f8kelsene utf\u00f8rt av tyrkiske myndigheter for \u00e5 f\u00e5 et mer fullstendig bilde.<\/p>\n<h2>Rekonstruksjonen av flyet operert av den tyrkiske C-130<\/h2>\n<p>I f\u00f8lge data sporet av <em>Flightradar24<\/em>tok det tyrkiske milit\u00e6rflyet \u2013 C-130 Hercules modell \u2013 av fra den internasjonale flyplassen i <strong>Ganja<\/strong>i Aserbajdsjan, kl <strong>14.19 lokal tid<\/strong> (11:19 i Italia). Flyet var p\u00e5 vei til T\u00fcrkiye: etter omtrent 22 minutter, klokken 14.41, n\u00e5dde C-130 en marsjfyde p\u00e5 omtrent 24 000 fot (ca. <strong>7.315 meter<\/strong>).<\/p>\n<p>Etter \u00e5 ha kommet inn i georgisk luftrom, kl <strong>14.49<\/strong> (30 minutter etter start), milit\u00e6rflyet som reiser ca <strong>519 km\/t<\/strong> den forsvant fra radaren, uten \u00e5 sende noen n\u00f8dsignaler. I f\u00f8lge rekonstruksjoner rapporterte derfor ikke fart\u00f8ysjefene om noen spesielle farlige situasjoner om bord og sendte heller ikke n\u00f8dmeldinger f\u00f8r de styrtet.<\/p>\n<p>Dataene som er tilgjengelige s\u00e5 langt tyder p\u00e5 en rask nedstigning i l\u00f8pet av de siste sekundene av flyturen, med en vertikal hastighet st\u00f8rre enn <strong>19 000 fot per minutt<\/strong>.<\/p>\n<h2>Fordi det har oppst\u00e5tt hypoteser om sabotasje bak ulykken<\/h2>\n<p>Umiddelbart etter ulykken begynte tyrkiske og internasjonale medier \u00e5 snakke om <strong>mulig sabotasje og fiendtlige angrep<\/strong> mot det tyrkiske milit\u00e6rflyet. Faktisk er omr\u00e5det der C-130 Hercules styrtet, p\u00e5 grensen mellom Georgia og Aserbajdsjan, et rom der flere regionale makter &#8211; inkludert Russland og Iran samt Georgia og Aserbajdsjan &#8211; opprettholder en sterk geopolitisk interesse.<\/p>\n<div class=\"cp_wrapper cp_wrapper--fw mb-50\">\n<figure class=\"mm\"><picture class=\"img\" style=\"padding-top:74.973544973545%\"><source  media=\"(min-width: 1024px)\"><source  media=\"(min-width: 768px)\"><img decoding=\"async\" loading=\"lazy\" src=\"https:\/\/nordnesrepublikken.no\/wp-content\/uploads\/2025\/11\/1762977073_480_fordi-vi-snakker-om-sabotasje.jpg\" alt=\"flyulykke kart\" width=\"1890\" height=\"1417\"\/><\/source><\/source><\/picture><\/figure>\n<\/p><\/div>\n<p>For \u00e5 forsterke sabotasjehypotesen er det faktum at C-130 Hercules milit\u00e6rflymodell er spesielt kjent for sin <strong>motstand mot spesielt ugunstige forhold<\/strong> \u2013 inkludert meteorologiske \u2013 og har sjelden lidd fatale feil, med unntak av noen f\u00e5 d\u00f8dsulykker for\u00e5rsaket hovedsakelig av menneskelige feil.<\/p>\n<p>Men konspirasjoner om et mulig &laquo;eksternt angrep&raquo; spredte seg videre etter den tyrkiske akademikeren <strong>Deniz Ulke Kaynak<\/strong>i et innlegg p\u00e5<\/p>\n<blockquote>\n<p>Fly g\u00e5r ikke i oppl\u00f8sning under flyging uten intern eller ekstern intervensjon. Enten eksploderte noe inne i dem (kanskje en transportert ammunisjonslast), eller s\u00e5 ble de truffet. Hvis det er et angrep eller sabotasje, m\u00e5 blodet til v\u00e5re barn ikke forbli ustraffet.<\/p>\n<\/blockquote>\n<p>I et andre innlegg trakk Kaynak seg delvis tilbake p\u00e5 sabotasjesp\u00f8rsm\u00e5let, og spesifiserte at:<\/p>\n<blockquote>\n<p>Det er ikke riktig \u00e5 umiddelbart spekulere i Russland, Israel, Ukraina eller Iran, bare fordi det er mulighet for sabotasje. Flyet kan ogs\u00e5 ha blitt \u00f8delagt av en eksplosjon av internt materiale. La oss heller ikke glemme at en vennlig brann kan ha oppst\u00e5tt, og at regionen er en arena for droner. En kollisjon kan ogs\u00e5 v\u00e6re mulig.<\/p>\n<\/blockquote>\n<p>I virkeligheten har flere tyrkiske medier, som siterer kilder innen departementet, bekreftet at milit\u00e6rflyet <strong>den transporterte utelukkende reservedeler<\/strong> for et tyrkisk F-16 jagerfly, engasjert i milit\u00e6rparaden i Baku 8. november hvorfra soldatene returnerte: derfor var det ingen ammunisjon eller eksplosiver om bord.<\/p>\n<p>Videre de f\u00f8rste inspeksjonene <strong>de ville ikke ha avsl\u00f8rt tegn til ytre p\u00e5virkning eller noen eksplosjoner p\u00e5 flyets skrog<\/strong>: som mange eksperter har fremhevet, hvis C-130 hadde blitt truffet av en eksplosiv innretning, ville dette ha satt tydelige spor p\u00e5 flyets kropp.<\/p>\n<p>Umiddelbart etter hendelsen, den tyrkiske presidenten <strong>Erdogan<\/strong> uttrykte sin kondolans for &laquo;martyrene&raquo; (p\u00e5 tyrkisk <em>\u015fehidin<\/em>) som mistet livet under ulykken: denne oversettelsen f\u00f8rte umiddelbart til rykter om sabotasje og eksternt angrep. Egentlig begrepet <em>\u015fehidin <\/em><strong>den brukes alltid av den tyrkiske regjeringen for \u00e5 indikere soldater som d\u00f8de i tjeneste<\/strong>akkurat som i tilfellet med flyulykken 11. november.<\/p>\n<p>For \u00f8yeblikket forblir derfor hypotesen om at flyulykken var for\u00e5rsaket av en intern eksplosjon eller et fiendtlig angrep en ren konspirasjon: vi vil f\u00f8rst kunne vite mer om dynamikken i ulykken etter at de offisielle unders\u00f8kelsene er avsluttet.<\/p>\n<\/p><\/div>\n","protected":false},"excerpt":{"rendered":"<p>Et tyrkisk milit\u00e6rt lastefly Lockheed C-130 Hercules krasjet p\u00e5 grensen mellom Georgia og Aserbajdsjan mens<\/p>\n","protected":false},"author":1,"featured_media":11638,"comment_status":"closed","ping_status":"open","sticky":false,"template":"","format":"standard","meta":{"footnotes":""},"categories":[104],"tags":[83,483,3564],"class_list":["post-11637","post","type-post","status-publish","format-standard","has-post-thumbnail","hentry","category-samfunn","tag-fordi","tag-sabotasje","tag-snakker","generate-columns","tablet-grid-50","mobile-grid-100","grid-parent","grid-33","resize-featured-image"],"yoast_head":"<!-- This site is optimized with the Yoast SEO plugin v24.4 - https:\/\/yoast.com\/wordpress\/plugins\/seo\/ -->\n<title>fordi vi snakker om sabotasje - Nordnesrepublikken<\/title>\n<meta name=\"robots\" content=\"index, follow, max-snippet:-1, max-image-preview:large, max-video-preview:-1\" \/>\n<link rel=\"canonical\" href=\"https:\/\/nordnesrepublikken.no\/index.php\/2025\/11\/12\/fordi-vi-snakker-om-sabotasje\/\" \/>\n<meta property=\"og:locale\" content=\"nb_NO\" \/>\n<meta property=\"og:type\" content=\"article\" \/>\n<meta property=\"og:title\" content=\"fordi vi snakker om sabotasje - Nordnesrepublikken\" \/>\n<meta property=\"og:description\" content=\"Et tyrkisk milit\u00e6rt lastefly Lockheed C-130 Hercules krasjet p\u00e5 grensen mellom Georgia og Aserbajdsjan mens\" \/>\n<meta property=\"og:url\" content=\"https:\/\/nordnesrepublikken.no\/index.php\/2025\/11\/12\/fordi-vi-snakker-om-sabotasje\/\" \/>\n<meta property=\"og:site_name\" content=\"Nordnesrepublikken\" \/>\n<meta property=\"article:published_time\" content=\"2025-11-12T19:51:13+00:00\" \/>\n<meta property=\"article:modified_time\" content=\"2025-11-12T19:51:15+00:00\" \/>\n<meta property=\"og:image\" content=\"https:\/\/nordnesrepublikken.no\/wp-content\/uploads\/2025\/11\/1762977074_fordi-vi-snakker-om-sabotasje.jpg\" \/>\n\t<meta property=\"og:image:width\" content=\"1280\" \/>\n\t<meta property=\"og:image:height\" content=\"720\" \/>\n\t<meta property=\"og:image:type\" content=\"image\/jpeg\" \/>\n<meta name=\"author\" content=\"Ole Andersen\" \/>\n<meta name=\"twitter:card\" content=\"summary_large_image\" \/>\n<meta name=\"twitter:label1\" content=\"Skrevet av\" \/>\n\t<meta name=\"twitter:data1\" content=\"Ole Andersen\" \/>\n\t<meta name=\"twitter:label2\" content=\"Ansl. lesetid\" \/>\n\t<meta name=\"twitter:data2\" content=\"4 minutter\" \/>\n<script type=\"application\/ld+json\" class=\"yoast-schema-graph\">{\"@context\":\"https:\/\/schema.org\",\"@graph\":[{\"@type\":\"Article\",\"@id\":\"https:\/\/nordnesrepublikken.no\/index.php\/2025\/11\/12\/fordi-vi-snakker-om-sabotasje\/#article\",\"isPartOf\":{\"@id\":\"https:\/\/nordnesrepublikken.no\/index.php\/2025\/11\/12\/fordi-vi-snakker-om-sabotasje\/\"},\"author\":{\"name\":\"Ole Andersen\",\"@id\":\"https:\/\/nordnesrepublikken.no\/#\/schema\/person\/2e7e81935bab77882fffb79296240ff1\"},\"headline\":\"fordi vi snakker om sabotasje\",\"datePublished\":\"2025-11-12T19:51:13+00:00\",\"dateModified\":\"2025-11-12T19:51:15+00:00\",\"mainEntityOfPage\":{\"@id\":\"https:\/\/nordnesrepublikken.no\/index.php\/2025\/11\/12\/fordi-vi-snakker-om-sabotasje\/\"},\"wordCount\":774,\"publisher\":{\"@id\":\"https:\/\/nordnesrepublikken.no\/#organization\"},\"image\":{\"@id\":\"https:\/\/nordnesrepublikken.no\/index.php\/2025\/11\/12\/fordi-vi-snakker-om-sabotasje\/#primaryimage\"},\"thumbnailUrl\":\"https:\/\/nordnesrepublikken.no\/wp-content\/uploads\/2025\/11\/1762977074_fordi-vi-snakker-om-sabotasje.jpg\",\"keywords\":[\"Fordi\",\"Sabotasje\",\"snakker\"],\"articleSection\":[\"Samfunn\"],\"inLanguage\":\"nb-NO\"},{\"@type\":\"WebPage\",\"@id\":\"https:\/\/nordnesrepublikken.no\/index.php\/2025\/11\/12\/fordi-vi-snakker-om-sabotasje\/\",\"url\":\"https:\/\/nordnesrepublikken.no\/index.php\/2025\/11\/12\/fordi-vi-snakker-om-sabotasje\/\",\"name\":\"fordi vi snakker om sabotasje - Nordnesrepublikken\",\"isPartOf\":{\"@id\":\"https:\/\/nordnesrepublikken.no\/#website\"},\"primaryImageOfPage\":{\"@id\":\"https:\/\/nordnesrepublikken.no\/index.php\/2025\/11\/12\/fordi-vi-snakker-om-sabotasje\/#primaryimage\"},\"image\":{\"@id\":\"https:\/\/nordnesrepublikken.no\/index.php\/2025\/11\/12\/fordi-vi-snakker-om-sabotasje\/#primaryimage\"},\"thumbnailUrl\":\"https:\/\/nordnesrepublikken.no\/wp-content\/uploads\/2025\/11\/1762977074_fordi-vi-snakker-om-sabotasje.jpg\",\"datePublished\":\"2025-11-12T19:51:13+00:00\",\"dateModified\":\"2025-11-12T19:51:15+00:00\",\"breadcrumb\":{\"@id\":\"https:\/\/nordnesrepublikken.no\/index.php\/2025\/11\/12\/fordi-vi-snakker-om-sabotasje\/#breadcrumb\"},\"inLanguage\":\"nb-NO\",\"potentialAction\":[{\"@type\":\"ReadAction\",\"target\":[\"https:\/\/nordnesrepublikken.no\/index.php\/2025\/11\/12\/fordi-vi-snakker-om-sabotasje\/\"]}]},{\"@type\":\"ImageObject\",\"inLanguage\":\"nb-NO\",\"@id\":\"https:\/\/nordnesrepublikken.no\/index.php\/2025\/11\/12\/fordi-vi-snakker-om-sabotasje\/#primaryimage\",\"url\":\"https:\/\/nordnesrepublikken.no\/wp-content\/uploads\/2025\/11\/1762977074_fordi-vi-snakker-om-sabotasje.jpg\",\"contentUrl\":\"https:\/\/nordnesrepublikken.no\/wp-content\/uploads\/2025\/11\/1762977074_fordi-vi-snakker-om-sabotasje.jpg\",\"width\":1280,\"height\":720,\"caption\":\"fordi vi snakker om sabotasje\"},{\"@type\":\"BreadcrumbList\",\"@id\":\"https:\/\/nordnesrepublikken.no\/index.php\/2025\/11\/12\/fordi-vi-snakker-om-sabotasje\/#breadcrumb\",\"itemListElement\":[{\"@type\":\"ListItem\",\"position\":1,\"name\":\"Home\",\"item\":\"https:\/\/nordnesrepublikken.no\/\"},{\"@type\":\"ListItem\",\"position\":2,\"name\":\"fordi vi snakker om sabotasje\"}]},{\"@type\":\"WebSite\",\"@id\":\"https:\/\/nordnesrepublikken.no\/#website\",\"url\":\"https:\/\/nordnesrepublikken.no\/\",\"name\":\"Nordnesrepublikken\",\"description\":\"Stemmer og Visjoner fra Republikkens Hjerte\",\"publisher\":{\"@id\":\"https:\/\/nordnesrepublikken.no\/#organization\"},\"potentialAction\":[{\"@type\":\"SearchAction\",\"target\":{\"@type\":\"EntryPoint\",\"urlTemplate\":\"https:\/\/nordnesrepublikken.no\/?s={search_term_string}\"},\"query-input\":{\"@type\":\"PropertyValueSpecification\",\"valueRequired\":true,\"valueName\":\"search_term_string\"}}],\"inLanguage\":\"nb-NO\"},{\"@type\":\"Organization\",\"@id\":\"https:\/\/nordnesrepublikken.no\/#organization\",\"name\":\"Nordnesrepublikken\",\"url\":\"https:\/\/nordnesrepublikken.no\/\",\"logo\":{\"@type\":\"ImageObject\",\"inLanguage\":\"nb-NO\",\"@id\":\"https:\/\/nordnesrepublikken.no\/#\/schema\/logo\/image\/\",\"url\":\"https:\/\/nordnesrepublikken.no\/wp-content\/uploads\/2025\/02\/cropped-nordnesrepublikken-2.png\",\"contentUrl\":\"https:\/\/nordnesrepublikken.no\/wp-content\/uploads\/2025\/02\/cropped-nordnesrepublikken-2.png\",\"width\":1248,\"height\":362,\"caption\":\"Nordnesrepublikken\"},\"image\":{\"@id\":\"https:\/\/nordnesrepublikken.no\/#\/schema\/logo\/image\/\"}},{\"@type\":\"Person\",\"@id\":\"https:\/\/nordnesrepublikken.no\/#\/schema\/person\/2e7e81935bab77882fffb79296240ff1\",\"name\":\"Ole Andersen\",\"image\":{\"@type\":\"ImageObject\",\"inLanguage\":\"nb-NO\",\"@id\":\"https:\/\/nordnesrepublikken.no\/#\/schema\/person\/image\/\",\"url\":\"https:\/\/nordnesrepublikken.no\/wp-content\/uploads\/2025\/02\/nordnesrepublikken-2-2-150x150.jpg\",\"contentUrl\":\"https:\/\/nordnesrepublikken.no\/wp-content\/uploads\/2025\/02\/nordnesrepublikken-2-2-150x150.jpg\",\"caption\":\"Ole Andersen\"},\"description\":\"Ettersom jeg vokste opp i Oslo, har jeg alltid v\u00e6rt fascinert av ordenes kraft og deres evne til \u00e5 skape endringer. Etter \u00e5 ha fullf\u00f8rt min utdannelse i kommunikasjon ved Universitetet i Bergen, fikk jeg muligheten til \u00e5 jobbe innen ulike medier, der jeg har s\u00f8kt \u00e5 belyse viktige samfunnssp\u00f8rsm\u00e5l. I dag, som redakt\u00f8r for Nordnesrepublikken, pr\u00f8ver jeg \u00e5 forene min kj\u00e6rlighet for journalistikk med min lidenskap for innovasjon og eventyr.\",\"sameAs\":[\"https:\/\/nordnesrepublikken.no\/\"]}]}<\/script>\n<!-- \/ Yoast SEO plugin. -->","yoast_head_json":{"title":"fordi vi snakker om sabotasje - Nordnesrepublikken","robots":{"index":"index","follow":"follow","max-snippet":"max-snippet:-1","max-image-preview":"max-image-preview:large","max-video-preview":"max-video-preview:-1"},"canonical":"https:\/\/nordnesrepublikken.no\/index.php\/2025\/11\/12\/fordi-vi-snakker-om-sabotasje\/","og_locale":"nb_NO","og_type":"article","og_title":"fordi vi snakker om sabotasje - Nordnesrepublikken","og_description":"Et tyrkisk milit\u00e6rt lastefly Lockheed C-130 Hercules krasjet p\u00e5 grensen mellom Georgia og Aserbajdsjan mens","og_url":"https:\/\/nordnesrepublikken.no\/index.php\/2025\/11\/12\/fordi-vi-snakker-om-sabotasje\/","og_site_name":"Nordnesrepublikken","article_published_time":"2025-11-12T19:51:13+00:00","article_modified_time":"2025-11-12T19:51:15+00:00","og_image":[{"width":1280,"height":720,"url":"https:\/\/nordnesrepublikken.no\/wp-content\/uploads\/2025\/11\/1762977074_fordi-vi-snakker-om-sabotasje.jpg","type":"image\/jpeg"}],"author":"Ole Andersen","twitter_card":"summary_large_image","twitter_misc":{"Skrevet av":"Ole Andersen","Ansl. lesetid":"4 minutter"},"schema":{"@context":"https:\/\/schema.org","@graph":[{"@type":"Article","@id":"https:\/\/nordnesrepublikken.no\/index.php\/2025\/11\/12\/fordi-vi-snakker-om-sabotasje\/#article","isPartOf":{"@id":"https:\/\/nordnesrepublikken.no\/index.php\/2025\/11\/12\/fordi-vi-snakker-om-sabotasje\/"},"author":{"name":"Ole Andersen","@id":"https:\/\/nordnesrepublikken.no\/#\/schema\/person\/2e7e81935bab77882fffb79296240ff1"},"headline":"fordi vi snakker om sabotasje","datePublished":"2025-11-12T19:51:13+00:00","dateModified":"2025-11-12T19:51:15+00:00","mainEntityOfPage":{"@id":"https:\/\/nordnesrepublikken.no\/index.php\/2025\/11\/12\/fordi-vi-snakker-om-sabotasje\/"},"wordCount":774,"publisher":{"@id":"https:\/\/nordnesrepublikken.no\/#organization"},"image":{"@id":"https:\/\/nordnesrepublikken.no\/index.php\/2025\/11\/12\/fordi-vi-snakker-om-sabotasje\/#primaryimage"},"thumbnailUrl":"https:\/\/nordnesrepublikken.no\/wp-content\/uploads\/2025\/11\/1762977074_fordi-vi-snakker-om-sabotasje.jpg","keywords":["Fordi","Sabotasje","snakker"],"articleSection":["Samfunn"],"inLanguage":"nb-NO"},{"@type":"WebPage","@id":"https:\/\/nordnesrepublikken.no\/index.php\/2025\/11\/12\/fordi-vi-snakker-om-sabotasje\/","url":"https:\/\/nordnesrepublikken.no\/index.php\/2025\/11\/12\/fordi-vi-snakker-om-sabotasje\/","name":"fordi vi snakker om sabotasje - Nordnesrepublikken","isPartOf":{"@id":"https:\/\/nordnesrepublikken.no\/#website"},"primaryImageOfPage":{"@id":"https:\/\/nordnesrepublikken.no\/index.php\/2025\/11\/12\/fordi-vi-snakker-om-sabotasje\/#primaryimage"},"image":{"@id":"https:\/\/nordnesrepublikken.no\/index.php\/2025\/11\/12\/fordi-vi-snakker-om-sabotasje\/#primaryimage"},"thumbnailUrl":"https:\/\/nordnesrepublikken.no\/wp-content\/uploads\/2025\/11\/1762977074_fordi-vi-snakker-om-sabotasje.jpg","datePublished":"2025-11-12T19:51:13+00:00","dateModified":"2025-11-12T19:51:15+00:00","breadcrumb":{"@id":"https:\/\/nordnesrepublikken.no\/index.php\/2025\/11\/12\/fordi-vi-snakker-om-sabotasje\/#breadcrumb"},"inLanguage":"nb-NO","potentialAction":[{"@type":"ReadAction","target":["https:\/\/nordnesrepublikken.no\/index.php\/2025\/11\/12\/fordi-vi-snakker-om-sabotasje\/"]}]},{"@type":"ImageObject","inLanguage":"nb-NO","@id":"https:\/\/nordnesrepublikken.no\/index.php\/2025\/11\/12\/fordi-vi-snakker-om-sabotasje\/#primaryimage","url":"https:\/\/nordnesrepublikken.no\/wp-content\/uploads\/2025\/11\/1762977074_fordi-vi-snakker-om-sabotasje.jpg","contentUrl":"https:\/\/nordnesrepublikken.no\/wp-content\/uploads\/2025\/11\/1762977074_fordi-vi-snakker-om-sabotasje.jpg","width":1280,"height":720,"caption":"fordi vi snakker om sabotasje"},{"@type":"BreadcrumbList","@id":"https:\/\/nordnesrepublikken.no\/index.php\/2025\/11\/12\/fordi-vi-snakker-om-sabotasje\/#breadcrumb","itemListElement":[{"@type":"ListItem","position":1,"name":"Home","item":"https:\/\/nordnesrepublikken.no\/"},{"@type":"ListItem","position":2,"name":"fordi vi snakker om sabotasje"}]},{"@type":"WebSite","@id":"https:\/\/nordnesrepublikken.no\/#website","url":"https:\/\/nordnesrepublikken.no\/","name":"Nordnesrepublikken","description":"Stemmer og Visjoner fra Republikkens Hjerte","publisher":{"@id":"https:\/\/nordnesrepublikken.no\/#organization"},"potentialAction":[{"@type":"SearchAction","target":{"@type":"EntryPoint","urlTemplate":"https:\/\/nordnesrepublikken.no\/?s={search_term_string}"},"query-input":{"@type":"PropertyValueSpecification","valueRequired":true,"valueName":"search_term_string"}}],"inLanguage":"nb-NO"},{"@type":"Organization","@id":"https:\/\/nordnesrepublikken.no\/#organization","name":"Nordnesrepublikken","url":"https:\/\/nordnesrepublikken.no\/","logo":{"@type":"ImageObject","inLanguage":"nb-NO","@id":"https:\/\/nordnesrepublikken.no\/#\/schema\/logo\/image\/","url":"https:\/\/nordnesrepublikken.no\/wp-content\/uploads\/2025\/02\/cropped-nordnesrepublikken-2.png","contentUrl":"https:\/\/nordnesrepublikken.no\/wp-content\/uploads\/2025\/02\/cropped-nordnesrepublikken-2.png","width":1248,"height":362,"caption":"Nordnesrepublikken"},"image":{"@id":"https:\/\/nordnesrepublikken.no\/#\/schema\/logo\/image\/"}},{"@type":"Person","@id":"https:\/\/nordnesrepublikken.no\/#\/schema\/person\/2e7e81935bab77882fffb79296240ff1","name":"Ole Andersen","image":{"@type":"ImageObject","inLanguage":"nb-NO","@id":"https:\/\/nordnesrepublikken.no\/#\/schema\/person\/image\/","url":"https:\/\/nordnesrepublikken.no\/wp-content\/uploads\/2025\/02\/nordnesrepublikken-2-2-150x150.jpg","contentUrl":"https:\/\/nordnesrepublikken.no\/wp-content\/uploads\/2025\/02\/nordnesrepublikken-2-2-150x150.jpg","caption":"Ole Andersen"},"description":"Ettersom jeg vokste opp i Oslo, har jeg alltid v\u00e6rt fascinert av ordenes kraft og deres evne til \u00e5 skape endringer. Etter \u00e5 ha fullf\u00f8rt min utdannelse i kommunikasjon ved Universitetet i Bergen, fikk jeg muligheten til \u00e5 jobbe innen ulike medier, der jeg har s\u00f8kt \u00e5 belyse viktige samfunnssp\u00f8rsm\u00e5l. I dag, som redakt\u00f8r for Nordnesrepublikken, pr\u00f8ver jeg \u00e5 forene min kj\u00e6rlighet for journalistikk med min lidenskap for innovasjon og eventyr.","sameAs":["https:\/\/nordnesrepublikken.no\/"]}]}},"_links":{"self":[{"href":"https:\/\/nordnesrepublikken.no\/index.php\/wp-json\/wp\/v2\/posts\/11637","targetHints":{"allow":["GET"]}}],"collection":[{"href":"https:\/\/nordnesrepublikken.no\/index.php\/wp-json\/wp\/v2\/posts"}],"about":[{"href":"https:\/\/nordnesrepublikken.no\/index.php\/wp-json\/wp\/v2\/types\/post"}],"author":[{"embeddable":true,"href":"https:\/\/nordnesrepublikken.no\/index.php\/wp-json\/wp\/v2\/users\/1"}],"replies":[{"embeddable":true,"href":"https:\/\/nordnesrepublikken.no\/index.php\/wp-json\/wp\/v2\/comments?post=11637"}],"version-history":[{"count":1,"href":"https:\/\/nordnesrepublikken.no\/index.php\/wp-json\/wp\/v2\/posts\/11637\/revisions"}],"predecessor-version":[{"id":11639,"href":"https:\/\/nordnesrepublikken.no\/index.php\/wp-json\/wp\/v2\/posts\/11637\/revisions\/11639"}],"wp:featuredmedia":[{"embeddable":true,"href":"https:\/\/nordnesrepublikken.no\/index.php\/wp-json\/wp\/v2\/media\/11638"}],"wp:attachment":[{"href":"https:\/\/nordnesrepublikken.no\/index.php\/wp-json\/wp\/v2\/media?parent=11637"}],"wp:term":[{"taxonomy":"category","embeddable":true,"href":"https:\/\/nordnesrepublikken.no\/index.php\/wp-json\/wp\/v2\/categories?post=11637"},{"taxonomy":"post_tag","embeddable":true,"href":"https:\/\/nordnesrepublikken.no\/index.php\/wp-json\/wp\/v2\/tags?post=11637"}],"curies":[{"name":"wp","href":"https:\/\/api.w.org\/{rel}","templated":true}]}}