{"id":11631,"date":"2025-11-12T17:50:37","date_gmt":"2025-11-12T16:50:37","guid":{"rendered":"https:\/\/nordnesrepublikken.no\/index.php\/2025\/11\/12\/nordlyset-vender-tilbake-til-italias-himmel-pa-grunn-av-en-alvorlig-geomagnetisk-storm-g4\/"},"modified":"2025-11-12T17:50:42","modified_gmt":"2025-11-12T16:50:42","slug":"nordlyset-vender-tilbake-til-italias-himmel-pa-grunn-av-en-alvorlig-geomagnetisk-storm-g4","status":"publish","type":"post","link":"https:\/\/nordnesrepublikken.no\/index.php\/2025\/11\/12\/nordlyset-vender-tilbake-til-italias-himmel-pa-grunn-av-en-alvorlig-geomagnetisk-storm-g4\/","title":{"rendered":"Nordlyset vender tilbake til Italias himmel p\u00e5 grunn av en &laquo;alvorlig&raquo; geomagnetisk storm G4"},"content":{"rendered":"<div>\n<div class=\"cp_wrapper cp_wrapper--fw mb-30 mb-20@tablet\">\n<figure class=\"mm\"><picture class=\"img\" style=\"padding-top:56.25%\"><source  media=\"(min-width: 1024px)\"><source  media=\"(min-width: 768px)\"><\/source><\/source><\/picture><\/figure>\n<\/p><\/div>\n<p>Showet av <strong>Nordlys<\/strong> den kom tilbake for \u00e5 lyse opp den italienske himmelen natt til 12. november 2025 med mange observasjoner mellom 4 og 5 om morgenen, spesielt <strong>langs alpebuen<\/strong>fra Piemonte til Trentino-Alto Adige. Webkameraer og entusiaster har tatt spektakul\u00e6re bilder av nordlysfenomener med de karakteristiske r\u00f8dlige og lilla fargene som er typiske for breddegradene i Nord-Italia. Auroral-fenomener har blitt oppdaget i mange andre deler av verden, for eksempel i Canada og USA ogs\u00e5 i s\u00f8rlige stater som Texas, Florida og Arizona.<\/p>\n<p>Det som for\u00e5rsaket dette suggestive atmosf\u00e6riske fenomenet &#8211; som best\u00e5r i samspillet mellom ladede partikler som kommer fra solen og atomene i jordens atmosf\u00e6re &#8211; var en <strong>&laquo;alvorlig&raquo; geomagnetisk storm i kategori G4<\/strong> (i den offisielle skalaen som n\u00e5r opp til G5). Den intense forstyrrelsen av jordens magnetfelt fulgte ankomsten av et voldelig felt <strong>koronal masseutkast<\/strong>en rask, tett str\u00f8m av h\u00f8yenergiladede partikler fra solen som sendes ut av en <strong>X5.1 klasse fakkel<\/strong>en av de mest intense registrert i denne solsyklusen, med opprinnelse i g\u00e5r morges rundt 11 fra den aktive regionen <strong>AR 4274<\/strong>.<\/p>\n<div class=\"cp_wrapper cp_wrapper--fw mb-50\">\n<figure class=\"mm\"><picture class=\"img\" style=\"padding-top:72.329246935201%\"><source  media=\"(min-width: 1024px)\"><source  media=\"(min-width: 768px)\"><img decoding=\"async\" loading=\"lazy\" src=\"https:\/\/nordnesrepublikken.no\/wp-content\/uploads\/2025\/11\/1762966237_536_Nordlyset-vender-tilbake-til-Italias-himmel-pa-grunn-av-en.jpg\" alt=\"nordlys-Italia\" width=\"1713\" height=\"1239\"\/><\/source><\/source><\/picture><\/figure>\n<\/p><\/div>\n<p>Den geomagnetiske stormen er ikke over enn\u00e5: effekten av g\u00e5rsdagens koronale utst\u00f8ting ble lagt til effekten av utkastene de siste dagene, og for \u00f8yeblikket, etter en delvis nedgang de siste timene, er vi igjen i forhold til en ganske intens geomagnetisk storm. Intensiteten til denne hendelsen var viktig &#8211; det var til og med en str\u00f8m av solprotoner til bakken &#8211; nettopp p\u00e5 grunn av den samlede effekten av alle koronale utst\u00f8tinger som n\u00e5dde atmosf\u00e6ren v\u00e5r.<\/p>\n<p>I f\u00f8lge prognosene til <strong>V\u00e6rmeldingssenter for romfart<\/strong> av NOAA, er ikke situasjonen bestemt til \u00e5 bli bedre i l\u00f8pet av de neste timene: a <strong>ny intensivering av geomagnetisk forstyrrelse<\/strong> med mulighet for en <strong>g\u00e5 tilbake til G4-kategorien <\/strong>i dag, mens m\u00e5loppn\u00e5elsen forventes forel\u00f8pig i morgen <strong>kategori G3<\/strong>. Dette er geomagnetiske stormer som kan f\u00f8re til uregelmessigheter og funksjonsfeil i GPS-systemer, avbrudd i h\u00f8yfrekvent radiokommunikasjon, navigasjonsproblemer for kunstige satellitter og faktisk polare nordlys synlige selv p\u00e5 breddegrader p\u00e5 45\u00b0, de i Nord-Italia.<\/p>\n<div class=\"cp_wrapper cp_wrapper--fw mb-50\">\n<figure class=\"mm\"><picture class=\"img\" style=\"padding-top:54.958294717331%\"><source  media=\"(min-width: 1024px)\"><source  media=\"(min-width: 768px)\"><img decoding=\"async\" loading=\"lazy\" src=\"https:\/\/nordnesrepublikken.no\/wp-content\/uploads\/2025\/11\/1762966237_687_Nordlyset-vender-tilbake-til-Italias-himmel-pa-grunn-av-en.jpg\" alt=\"Nordlys Italia\" width=\"2158\" height=\"1186\" class=\"js-seedtag-img\"\/><\/source><\/source><\/picture><\/figure>\n<\/p><\/div>\n<p>DE&#8217;<strong>Kp-indeks<\/strong>som m\u00e5ler omfanget av geomagnetisk forstyrrelse, n\u00e5dde en verdi p\u00e5 <strong>8,67<\/strong>som er spesielt h\u00f8y. For \u00e5 v\u00e6re tydelig er en Kp p\u00e5 7 tilstrekkelig for \u00e5 oppdage nordlysfenomener i Nord-Italia. Dette forklarer overfloden av observasjoner som skjedde om natten i de alpine regionene.<\/p>\n<\/p><\/div>\n","protected":false},"excerpt":{"rendered":"<p>Showet av Nordlys den kom tilbake for \u00e5 lyse opp den italienske himmelen natt til<\/p>\n","protected":false},"author":1,"featured_media":11632,"comment_status":"closed","ping_status":"open","sticky":false,"template":"","format":"standard","meta":{"footnotes":""},"categories":[26],"tags":[7501,7660,576,5883,2235,7659,81,6760,117,825,3521],"class_list":["post-11631","post","type-post","status-publish","format-standard","has-post-thumbnail","hentry","category-miljo","tag-alvorlig","tag-geomagnetisk","tag-grunn","tag-himmel","tag-italias","tag-nordlyset","tag-pa","tag-storm","tag-til","tag-tilbake","tag-vender","generate-columns","tablet-grid-50","mobile-grid-100","grid-parent","grid-33","resize-featured-image"],"yoast_head":"<!-- This site is optimized with the Yoast SEO plugin v24.4 - https:\/\/yoast.com\/wordpress\/plugins\/seo\/ -->\n<title>Nordlyset vender tilbake til Italias himmel p\u00e5 grunn av en &quot;alvorlig&quot; geomagnetisk storm G4 - Nordnesrepublikken<\/title>\n<meta name=\"robots\" content=\"index, follow, max-snippet:-1, max-image-preview:large, max-video-preview:-1\" \/>\n<link rel=\"canonical\" href=\"https:\/\/nordnesrepublikken.no\/index.php\/2025\/11\/12\/nordlyset-vender-tilbake-til-italias-himmel-pa-grunn-av-en-alvorlig-geomagnetisk-storm-g4\/\" \/>\n<meta property=\"og:locale\" content=\"nb_NO\" \/>\n<meta property=\"og:type\" content=\"article\" \/>\n<meta property=\"og:title\" content=\"Nordlyset vender tilbake til Italias himmel p\u00e5 grunn av en &quot;alvorlig&quot; geomagnetisk storm G4 - Nordnesrepublikken\" \/>\n<meta property=\"og:description\" content=\"Showet av Nordlys den kom tilbake for \u00e5 lyse opp den italienske himmelen natt til\" \/>\n<meta property=\"og:url\" content=\"https:\/\/nordnesrepublikken.no\/index.php\/2025\/11\/12\/nordlyset-vender-tilbake-til-italias-himmel-pa-grunn-av-en-alvorlig-geomagnetisk-storm-g4\/\" \/>\n<meta property=\"og:site_name\" content=\"Nordnesrepublikken\" \/>\n<meta property=\"article:published_time\" content=\"2025-11-12T16:50:37+00:00\" \/>\n<meta property=\"article:modified_time\" content=\"2025-11-12T16:50:42+00:00\" \/>\n<meta property=\"og:image\" content=\"https:\/\/nordnesrepublikken.no\/wp-content\/uploads\/2025\/11\/1762966238_Nordlyset-vender-tilbake-til-Italias-himmel-pa-grunn-av-en.jpg\" \/>\n\t<meta property=\"og:image:width\" content=\"1644\" \/>\n\t<meta property=\"og:image:height\" content=\"949\" \/>\n\t<meta property=\"og:image:type\" content=\"image\/jpeg\" \/>\n<meta name=\"author\" content=\"Ole Andersen\" \/>\n<meta name=\"twitter:card\" content=\"summary_large_image\" \/>\n<meta name=\"twitter:label1\" content=\"Skrevet av\" \/>\n\t<meta name=\"twitter:data1\" content=\"Ole Andersen\" \/>\n\t<meta name=\"twitter:label2\" content=\"Ansl. lesetid\" \/>\n\t<meta name=\"twitter:data2\" content=\"2 minutter\" \/>\n<script type=\"application\/ld+json\" class=\"yoast-schema-graph\">{\"@context\":\"https:\/\/schema.org\",\"@graph\":[{\"@type\":\"Article\",\"@id\":\"https:\/\/nordnesrepublikken.no\/index.php\/2025\/11\/12\/nordlyset-vender-tilbake-til-italias-himmel-pa-grunn-av-en-alvorlig-geomagnetisk-storm-g4\/#article\",\"isPartOf\":{\"@id\":\"https:\/\/nordnesrepublikken.no\/index.php\/2025\/11\/12\/nordlyset-vender-tilbake-til-italias-himmel-pa-grunn-av-en-alvorlig-geomagnetisk-storm-g4\/\"},\"author\":{\"name\":\"Ole Andersen\",\"@id\":\"https:\/\/nordnesrepublikken.no\/#\/schema\/person\/2e7e81935bab77882fffb79296240ff1\"},\"headline\":\"Nordlyset vender tilbake til Italias himmel p\u00e5 grunn av en &laquo;alvorlig&raquo; geomagnetisk storm G4\",\"datePublished\":\"2025-11-12T16:50:37+00:00\",\"dateModified\":\"2025-11-12T16:50:42+00:00\",\"mainEntityOfPage\":{\"@id\":\"https:\/\/nordnesrepublikken.no\/index.php\/2025\/11\/12\/nordlyset-vender-tilbake-til-italias-himmel-pa-grunn-av-en-alvorlig-geomagnetisk-storm-g4\/\"},\"wordCount\":409,\"publisher\":{\"@id\":\"https:\/\/nordnesrepublikken.no\/#organization\"},\"image\":{\"@id\":\"https:\/\/nordnesrepublikken.no\/index.php\/2025\/11\/12\/nordlyset-vender-tilbake-til-italias-himmel-pa-grunn-av-en-alvorlig-geomagnetisk-storm-g4\/#primaryimage\"},\"thumbnailUrl\":\"https:\/\/nordnesrepublikken.no\/wp-content\/uploads\/2025\/11\/1762966238_Nordlyset-vender-tilbake-til-Italias-himmel-pa-grunn-av-en.jpg\",\"keywords\":[\"alvorlig\",\"geomagnetisk\",\"grunn\",\"himmel\",\"Italias\",\"Nordlyset\",\"p\u00e5\",\"storm\",\"til\",\"tilbake\",\"vender\"],\"articleSection\":[\"Milj\u00f8\"],\"inLanguage\":\"nb-NO\"},{\"@type\":\"WebPage\",\"@id\":\"https:\/\/nordnesrepublikken.no\/index.php\/2025\/11\/12\/nordlyset-vender-tilbake-til-italias-himmel-pa-grunn-av-en-alvorlig-geomagnetisk-storm-g4\/\",\"url\":\"https:\/\/nordnesrepublikken.no\/index.php\/2025\/11\/12\/nordlyset-vender-tilbake-til-italias-himmel-pa-grunn-av-en-alvorlig-geomagnetisk-storm-g4\/\",\"name\":\"Nordlyset vender tilbake til Italias himmel p\u00e5 grunn av en \\\"alvorlig\\\" geomagnetisk storm G4 - Nordnesrepublikken\",\"isPartOf\":{\"@id\":\"https:\/\/nordnesrepublikken.no\/#website\"},\"primaryImageOfPage\":{\"@id\":\"https:\/\/nordnesrepublikken.no\/index.php\/2025\/11\/12\/nordlyset-vender-tilbake-til-italias-himmel-pa-grunn-av-en-alvorlig-geomagnetisk-storm-g4\/#primaryimage\"},\"image\":{\"@id\":\"https:\/\/nordnesrepublikken.no\/index.php\/2025\/11\/12\/nordlyset-vender-tilbake-til-italias-himmel-pa-grunn-av-en-alvorlig-geomagnetisk-storm-g4\/#primaryimage\"},\"thumbnailUrl\":\"https:\/\/nordnesrepublikken.no\/wp-content\/uploads\/2025\/11\/1762966238_Nordlyset-vender-tilbake-til-Italias-himmel-pa-grunn-av-en.jpg\",\"datePublished\":\"2025-11-12T16:50:37+00:00\",\"dateModified\":\"2025-11-12T16:50:42+00:00\",\"breadcrumb\":{\"@id\":\"https:\/\/nordnesrepublikken.no\/index.php\/2025\/11\/12\/nordlyset-vender-tilbake-til-italias-himmel-pa-grunn-av-en-alvorlig-geomagnetisk-storm-g4\/#breadcrumb\"},\"inLanguage\":\"nb-NO\",\"potentialAction\":[{\"@type\":\"ReadAction\",\"target\":[\"https:\/\/nordnesrepublikken.no\/index.php\/2025\/11\/12\/nordlyset-vender-tilbake-til-italias-himmel-pa-grunn-av-en-alvorlig-geomagnetisk-storm-g4\/\"]}]},{\"@type\":\"ImageObject\",\"inLanguage\":\"nb-NO\",\"@id\":\"https:\/\/nordnesrepublikken.no\/index.php\/2025\/11\/12\/nordlyset-vender-tilbake-til-italias-himmel-pa-grunn-av-en-alvorlig-geomagnetisk-storm-g4\/#primaryimage\",\"url\":\"https:\/\/nordnesrepublikken.no\/wp-content\/uploads\/2025\/11\/1762966238_Nordlyset-vender-tilbake-til-Italias-himmel-pa-grunn-av-en.jpg\",\"contentUrl\":\"https:\/\/nordnesrepublikken.no\/wp-content\/uploads\/2025\/11\/1762966238_Nordlyset-vender-tilbake-til-Italias-himmel-pa-grunn-av-en.jpg\",\"width\":1644,\"height\":949,\"caption\":\"Nordlyset vender tilbake til Italias himmel p\u00e5 grunn av en \\\"alvorlig\\\" geomagnetisk storm G4\"},{\"@type\":\"BreadcrumbList\",\"@id\":\"https:\/\/nordnesrepublikken.no\/index.php\/2025\/11\/12\/nordlyset-vender-tilbake-til-italias-himmel-pa-grunn-av-en-alvorlig-geomagnetisk-storm-g4\/#breadcrumb\",\"itemListElement\":[{\"@type\":\"ListItem\",\"position\":1,\"name\":\"Home\",\"item\":\"https:\/\/nordnesrepublikken.no\/\"},{\"@type\":\"ListItem\",\"position\":2,\"name\":\"Nordlyset vender tilbake til Italias himmel p\u00e5 grunn av en &laquo;alvorlig&raquo; geomagnetisk storm G4\"}]},{\"@type\":\"WebSite\",\"@id\":\"https:\/\/nordnesrepublikken.no\/#website\",\"url\":\"https:\/\/nordnesrepublikken.no\/\",\"name\":\"Nordnesrepublikken\",\"description\":\"Stemmer og Visjoner fra Republikkens Hjerte\",\"publisher\":{\"@id\":\"https:\/\/nordnesrepublikken.no\/#organization\"},\"potentialAction\":[{\"@type\":\"SearchAction\",\"target\":{\"@type\":\"EntryPoint\",\"urlTemplate\":\"https:\/\/nordnesrepublikken.no\/?s={search_term_string}\"},\"query-input\":{\"@type\":\"PropertyValueSpecification\",\"valueRequired\":true,\"valueName\":\"search_term_string\"}}],\"inLanguage\":\"nb-NO\"},{\"@type\":\"Organization\",\"@id\":\"https:\/\/nordnesrepublikken.no\/#organization\",\"name\":\"Nordnesrepublikken\",\"url\":\"https:\/\/nordnesrepublikken.no\/\",\"logo\":{\"@type\":\"ImageObject\",\"inLanguage\":\"nb-NO\",\"@id\":\"https:\/\/nordnesrepublikken.no\/#\/schema\/logo\/image\/\",\"url\":\"https:\/\/nordnesrepublikken.no\/wp-content\/uploads\/2025\/02\/cropped-nordnesrepublikken-2.png\",\"contentUrl\":\"https:\/\/nordnesrepublikken.no\/wp-content\/uploads\/2025\/02\/cropped-nordnesrepublikken-2.png\",\"width\":1248,\"height\":362,\"caption\":\"Nordnesrepublikken\"},\"image\":{\"@id\":\"https:\/\/nordnesrepublikken.no\/#\/schema\/logo\/image\/\"}},{\"@type\":\"Person\",\"@id\":\"https:\/\/nordnesrepublikken.no\/#\/schema\/person\/2e7e81935bab77882fffb79296240ff1\",\"name\":\"Ole Andersen\",\"image\":{\"@type\":\"ImageObject\",\"inLanguage\":\"nb-NO\",\"@id\":\"https:\/\/nordnesrepublikken.no\/#\/schema\/person\/image\/\",\"url\":\"https:\/\/nordnesrepublikken.no\/wp-content\/uploads\/2025\/02\/nordnesrepublikken-2-2-150x150.jpg\",\"contentUrl\":\"https:\/\/nordnesrepublikken.no\/wp-content\/uploads\/2025\/02\/nordnesrepublikken-2-2-150x150.jpg\",\"caption\":\"Ole Andersen\"},\"description\":\"Ettersom jeg vokste opp i Oslo, har jeg alltid v\u00e6rt fascinert av ordenes kraft og deres evne til \u00e5 skape endringer. Etter \u00e5 ha fullf\u00f8rt min utdannelse i kommunikasjon ved Universitetet i Bergen, fikk jeg muligheten til \u00e5 jobbe innen ulike medier, der jeg har s\u00f8kt \u00e5 belyse viktige samfunnssp\u00f8rsm\u00e5l. I dag, som redakt\u00f8r for Nordnesrepublikken, pr\u00f8ver jeg \u00e5 forene min kj\u00e6rlighet for journalistikk med min lidenskap for innovasjon og eventyr.\",\"sameAs\":[\"https:\/\/nordnesrepublikken.no\/\"]}]}<\/script>\n<!-- \/ Yoast SEO plugin. -->","yoast_head_json":{"title":"Nordlyset vender tilbake til Italias himmel p\u00e5 grunn av en \"alvorlig\" geomagnetisk storm G4 - Nordnesrepublikken","robots":{"index":"index","follow":"follow","max-snippet":"max-snippet:-1","max-image-preview":"max-image-preview:large","max-video-preview":"max-video-preview:-1"},"canonical":"https:\/\/nordnesrepublikken.no\/index.php\/2025\/11\/12\/nordlyset-vender-tilbake-til-italias-himmel-pa-grunn-av-en-alvorlig-geomagnetisk-storm-g4\/","og_locale":"nb_NO","og_type":"article","og_title":"Nordlyset vender tilbake til Italias himmel p\u00e5 grunn av en \"alvorlig\" geomagnetisk storm G4 - Nordnesrepublikken","og_description":"Showet av Nordlys den kom tilbake for \u00e5 lyse opp den italienske himmelen natt til","og_url":"https:\/\/nordnesrepublikken.no\/index.php\/2025\/11\/12\/nordlyset-vender-tilbake-til-italias-himmel-pa-grunn-av-en-alvorlig-geomagnetisk-storm-g4\/","og_site_name":"Nordnesrepublikken","article_published_time":"2025-11-12T16:50:37+00:00","article_modified_time":"2025-11-12T16:50:42+00:00","og_image":[{"width":1644,"height":949,"url":"https:\/\/nordnesrepublikken.no\/wp-content\/uploads\/2025\/11\/1762966238_Nordlyset-vender-tilbake-til-Italias-himmel-pa-grunn-av-en.jpg","type":"image\/jpeg"}],"author":"Ole Andersen","twitter_card":"summary_large_image","twitter_misc":{"Skrevet av":"Ole Andersen","Ansl. lesetid":"2 minutter"},"schema":{"@context":"https:\/\/schema.org","@graph":[{"@type":"Article","@id":"https:\/\/nordnesrepublikken.no\/index.php\/2025\/11\/12\/nordlyset-vender-tilbake-til-italias-himmel-pa-grunn-av-en-alvorlig-geomagnetisk-storm-g4\/#article","isPartOf":{"@id":"https:\/\/nordnesrepublikken.no\/index.php\/2025\/11\/12\/nordlyset-vender-tilbake-til-italias-himmel-pa-grunn-av-en-alvorlig-geomagnetisk-storm-g4\/"},"author":{"name":"Ole Andersen","@id":"https:\/\/nordnesrepublikken.no\/#\/schema\/person\/2e7e81935bab77882fffb79296240ff1"},"headline":"Nordlyset vender tilbake til Italias himmel p\u00e5 grunn av en &laquo;alvorlig&raquo; geomagnetisk storm G4","datePublished":"2025-11-12T16:50:37+00:00","dateModified":"2025-11-12T16:50:42+00:00","mainEntityOfPage":{"@id":"https:\/\/nordnesrepublikken.no\/index.php\/2025\/11\/12\/nordlyset-vender-tilbake-til-italias-himmel-pa-grunn-av-en-alvorlig-geomagnetisk-storm-g4\/"},"wordCount":409,"publisher":{"@id":"https:\/\/nordnesrepublikken.no\/#organization"},"image":{"@id":"https:\/\/nordnesrepublikken.no\/index.php\/2025\/11\/12\/nordlyset-vender-tilbake-til-italias-himmel-pa-grunn-av-en-alvorlig-geomagnetisk-storm-g4\/#primaryimage"},"thumbnailUrl":"https:\/\/nordnesrepublikken.no\/wp-content\/uploads\/2025\/11\/1762966238_Nordlyset-vender-tilbake-til-Italias-himmel-pa-grunn-av-en.jpg","keywords":["alvorlig","geomagnetisk","grunn","himmel","Italias","Nordlyset","p\u00e5","storm","til","tilbake","vender"],"articleSection":["Milj\u00f8"],"inLanguage":"nb-NO"},{"@type":"WebPage","@id":"https:\/\/nordnesrepublikken.no\/index.php\/2025\/11\/12\/nordlyset-vender-tilbake-til-italias-himmel-pa-grunn-av-en-alvorlig-geomagnetisk-storm-g4\/","url":"https:\/\/nordnesrepublikken.no\/index.php\/2025\/11\/12\/nordlyset-vender-tilbake-til-italias-himmel-pa-grunn-av-en-alvorlig-geomagnetisk-storm-g4\/","name":"Nordlyset vender tilbake til Italias himmel p\u00e5 grunn av en \"alvorlig\" geomagnetisk storm G4 - Nordnesrepublikken","isPartOf":{"@id":"https:\/\/nordnesrepublikken.no\/#website"},"primaryImageOfPage":{"@id":"https:\/\/nordnesrepublikken.no\/index.php\/2025\/11\/12\/nordlyset-vender-tilbake-til-italias-himmel-pa-grunn-av-en-alvorlig-geomagnetisk-storm-g4\/#primaryimage"},"image":{"@id":"https:\/\/nordnesrepublikken.no\/index.php\/2025\/11\/12\/nordlyset-vender-tilbake-til-italias-himmel-pa-grunn-av-en-alvorlig-geomagnetisk-storm-g4\/#primaryimage"},"thumbnailUrl":"https:\/\/nordnesrepublikken.no\/wp-content\/uploads\/2025\/11\/1762966238_Nordlyset-vender-tilbake-til-Italias-himmel-pa-grunn-av-en.jpg","datePublished":"2025-11-12T16:50:37+00:00","dateModified":"2025-11-12T16:50:42+00:00","breadcrumb":{"@id":"https:\/\/nordnesrepublikken.no\/index.php\/2025\/11\/12\/nordlyset-vender-tilbake-til-italias-himmel-pa-grunn-av-en-alvorlig-geomagnetisk-storm-g4\/#breadcrumb"},"inLanguage":"nb-NO","potentialAction":[{"@type":"ReadAction","target":["https:\/\/nordnesrepublikken.no\/index.php\/2025\/11\/12\/nordlyset-vender-tilbake-til-italias-himmel-pa-grunn-av-en-alvorlig-geomagnetisk-storm-g4\/"]}]},{"@type":"ImageObject","inLanguage":"nb-NO","@id":"https:\/\/nordnesrepublikken.no\/index.php\/2025\/11\/12\/nordlyset-vender-tilbake-til-italias-himmel-pa-grunn-av-en-alvorlig-geomagnetisk-storm-g4\/#primaryimage","url":"https:\/\/nordnesrepublikken.no\/wp-content\/uploads\/2025\/11\/1762966238_Nordlyset-vender-tilbake-til-Italias-himmel-pa-grunn-av-en.jpg","contentUrl":"https:\/\/nordnesrepublikken.no\/wp-content\/uploads\/2025\/11\/1762966238_Nordlyset-vender-tilbake-til-Italias-himmel-pa-grunn-av-en.jpg","width":1644,"height":949,"caption":"Nordlyset vender tilbake til Italias himmel p\u00e5 grunn av en \"alvorlig\" geomagnetisk storm G4"},{"@type":"BreadcrumbList","@id":"https:\/\/nordnesrepublikken.no\/index.php\/2025\/11\/12\/nordlyset-vender-tilbake-til-italias-himmel-pa-grunn-av-en-alvorlig-geomagnetisk-storm-g4\/#breadcrumb","itemListElement":[{"@type":"ListItem","position":1,"name":"Home","item":"https:\/\/nordnesrepublikken.no\/"},{"@type":"ListItem","position":2,"name":"Nordlyset vender tilbake til Italias himmel p\u00e5 grunn av en &laquo;alvorlig&raquo; geomagnetisk storm G4"}]},{"@type":"WebSite","@id":"https:\/\/nordnesrepublikken.no\/#website","url":"https:\/\/nordnesrepublikken.no\/","name":"Nordnesrepublikken","description":"Stemmer og Visjoner fra Republikkens Hjerte","publisher":{"@id":"https:\/\/nordnesrepublikken.no\/#organization"},"potentialAction":[{"@type":"SearchAction","target":{"@type":"EntryPoint","urlTemplate":"https:\/\/nordnesrepublikken.no\/?s={search_term_string}"},"query-input":{"@type":"PropertyValueSpecification","valueRequired":true,"valueName":"search_term_string"}}],"inLanguage":"nb-NO"},{"@type":"Organization","@id":"https:\/\/nordnesrepublikken.no\/#organization","name":"Nordnesrepublikken","url":"https:\/\/nordnesrepublikken.no\/","logo":{"@type":"ImageObject","inLanguage":"nb-NO","@id":"https:\/\/nordnesrepublikken.no\/#\/schema\/logo\/image\/","url":"https:\/\/nordnesrepublikken.no\/wp-content\/uploads\/2025\/02\/cropped-nordnesrepublikken-2.png","contentUrl":"https:\/\/nordnesrepublikken.no\/wp-content\/uploads\/2025\/02\/cropped-nordnesrepublikken-2.png","width":1248,"height":362,"caption":"Nordnesrepublikken"},"image":{"@id":"https:\/\/nordnesrepublikken.no\/#\/schema\/logo\/image\/"}},{"@type":"Person","@id":"https:\/\/nordnesrepublikken.no\/#\/schema\/person\/2e7e81935bab77882fffb79296240ff1","name":"Ole Andersen","image":{"@type":"ImageObject","inLanguage":"nb-NO","@id":"https:\/\/nordnesrepublikken.no\/#\/schema\/person\/image\/","url":"https:\/\/nordnesrepublikken.no\/wp-content\/uploads\/2025\/02\/nordnesrepublikken-2-2-150x150.jpg","contentUrl":"https:\/\/nordnesrepublikken.no\/wp-content\/uploads\/2025\/02\/nordnesrepublikken-2-2-150x150.jpg","caption":"Ole Andersen"},"description":"Ettersom jeg vokste opp i Oslo, har jeg alltid v\u00e6rt fascinert av ordenes kraft og deres evne til \u00e5 skape endringer. Etter \u00e5 ha fullf\u00f8rt min utdannelse i kommunikasjon ved Universitetet i Bergen, fikk jeg muligheten til \u00e5 jobbe innen ulike medier, der jeg har s\u00f8kt \u00e5 belyse viktige samfunnssp\u00f8rsm\u00e5l. I dag, som redakt\u00f8r for Nordnesrepublikken, pr\u00f8ver jeg \u00e5 forene min kj\u00e6rlighet for journalistikk med min lidenskap for innovasjon og eventyr.","sameAs":["https:\/\/nordnesrepublikken.no\/"]}]}},"_links":{"self":[{"href":"https:\/\/nordnesrepublikken.no\/index.php\/wp-json\/wp\/v2\/posts\/11631","targetHints":{"allow":["GET"]}}],"collection":[{"href":"https:\/\/nordnesrepublikken.no\/index.php\/wp-json\/wp\/v2\/posts"}],"about":[{"href":"https:\/\/nordnesrepublikken.no\/index.php\/wp-json\/wp\/v2\/types\/post"}],"author":[{"embeddable":true,"href":"https:\/\/nordnesrepublikken.no\/index.php\/wp-json\/wp\/v2\/users\/1"}],"replies":[{"embeddable":true,"href":"https:\/\/nordnesrepublikken.no\/index.php\/wp-json\/wp\/v2\/comments?post=11631"}],"version-history":[{"count":1,"href":"https:\/\/nordnesrepublikken.no\/index.php\/wp-json\/wp\/v2\/posts\/11631\/revisions"}],"predecessor-version":[{"id":11633,"href":"https:\/\/nordnesrepublikken.no\/index.php\/wp-json\/wp\/v2\/posts\/11631\/revisions\/11633"}],"wp:featuredmedia":[{"embeddable":true,"href":"https:\/\/nordnesrepublikken.no\/index.php\/wp-json\/wp\/v2\/media\/11632"}],"wp:attachment":[{"href":"https:\/\/nordnesrepublikken.no\/index.php\/wp-json\/wp\/v2\/media?parent=11631"}],"wp:term":[{"taxonomy":"category","embeddable":true,"href":"https:\/\/nordnesrepublikken.no\/index.php\/wp-json\/wp\/v2\/categories?post=11631"},{"taxonomy":"post_tag","embeddable":true,"href":"https:\/\/nordnesrepublikken.no\/index.php\/wp-json\/wp\/v2\/tags?post=11631"}],"curies":[{"name":"wp","href":"https:\/\/api.w.org\/{rel}","templated":true}]}}