{"id":11625,"date":"2025-11-12T13:51:18","date_gmt":"2025-11-12T12:51:18","guid":{"rendered":"https:\/\/nordnesrepublikken.no\/index.php\/2025\/11\/12\/opprinnelsen-til-den-uvanlige-fargen-ble-oppdaget-etter-nesten-40-ar\/"},"modified":"2025-11-12T13:51:20","modified_gmt":"2025-11-12T12:51:20","slug":"opprinnelsen-til-den-uvanlige-fargen-ble-oppdaget-etter-nesten-40-ar","status":"publish","type":"post","link":"https:\/\/nordnesrepublikken.no\/index.php\/2025\/11\/12\/opprinnelsen-til-den-uvanlige-fargen-ble-oppdaget-etter-nesten-40-ar\/","title":{"rendered":"opprinnelsen til den uvanlige fargen ble oppdaget etter nesten 40 \u00e5r"},"content":{"rendered":"<div>\n<div class=\"cp_wrapper cp_wrapper--fw mb-30 mb-20@tablet\">\n<figure class=\"mm\"><picture class=\"img\" style=\"padding-top:56.25%\"><source  media=\"(min-width: 1024px)\"><source  media=\"(min-width: 768px)\"><\/source><\/source><\/picture><\/figure>\n<\/p><\/div>\n<p>For f\u00f8rti \u00e5r siden, i <strong>1987<\/strong>inne i <strong>under jorden<\/strong> av en villa av <strong>Bologna<\/strong>ble en oppdaget <strong>kobber begravelseskiste<\/strong>som inneholder guder <strong>delvis mumifiserte menneskelige levninger, gr\u00f8nn i fargen<\/strong>. Den spesielle fargen p\u00e5 kroppen skyldes kobberet som inneholdt den: <strong>kobberioner<\/strong>produsert av metallkorrosjon, <strong>de samhandlet med bein og vev<\/strong>og det fuktige, oksygenfattige milj\u00f8et favoriserte fors\u00e5pning og bremset nedbrytningen. Restene, analysert av<strong>Institutt for rettsmedisin ved universitetet i Bologna<\/strong>viste de seg \u00e5 tilh\u00f8re en <strong>ungt mannlig individ<\/strong> (d\u00f8de trolig mellom 12 og 14 \u00e5r), i fosterstilling. Metoden til <strong>radiokarbon<\/strong> han datet mumien til en periode <strong>mellom 1617 og 1814<\/strong>. Det som imidlertid overrasket forskerne var <strong>fargelegging<\/strong> av mumien: bortsett fra h\u00f8yre ben, er bein og bl\u00f8tvev faktisk mumifisert <strong>gr\u00f8nn<\/strong>.<\/p>\n<p>For \u00e5 forst\u00e5 hvorfor restene av den unge mannen tok p\u00e5 denne spesielle fargen, noen <strong>pr\u00f8ver<\/strong> av bein og bl\u00f8tvev var <strong>analysert<\/strong> av en forskergruppe fra<strong>Tor Vergata Universitetet i Roma<\/strong>koordinert av <strong>Dr. Annamaria Alabiso<\/strong>. De l\u00e6rde tok <strong>7 pr\u00f8ver<\/strong>hvorav <strong>4 bein<\/strong> (det tolvte ribben, en falanx, en scapula og fibula p\u00e5 benet er ikke farget gr\u00f8nn) og <strong>3 fra mumifisert bl\u00f8tvev<\/strong> (to fra brystet og en fra venstre ben).<\/p>\n<div class=\"cp_wrapper cp_wrapper--fw mb-50\">\n<figure class=\"mm\"><picture class=\"img\" style=\"padding-top:56.722151088348%\"><source  media=\"(min-width: 1024px)\"><source  media=\"(min-width: 768px)\"><img decoding=\"async\" loading=\"lazy\" src=\"https:\/\/nordnesrepublikken.no\/wp-content\/uploads\/2025\/11\/1762951878_765_opprinnelsen-til-den-uvanlige-fargen-ble-oppdaget-etter-nesten-40.jpg\" alt=\"Bilde\" width=\"1562\" height=\"886\"\/><\/source><\/source><\/picture><\/figure>\n<\/p><\/div>\n<p>Pr\u00f8vene ble utsatt for <strong>infrar\u00f8d spektroskopi<\/strong>, <strong>Raman-spektroskopi<\/strong> og analyse med <strong>skanningselektronmikroskop<\/strong>. Dataene innhentet fra disse analysene gjorde det mulig for Tor Vergata-forskerne \u00e5 forst\u00e5 hvordan guttens levninger klarte \u00e5 <strong>bli bevart<\/strong> s\u00e5 godt og fremfor alt hvorfor de ansatt denne <strong>spesiell gr\u00f8nn farge<\/strong>.<\/p>\n<p>En sterk konsentrasjon av ble notert i de gr\u00f8nnfargede beinene <strong>pseudomalakitt<\/strong> (produkt av<strong>oksidasjon av kobber<\/strong>), erstattet <strong>fotball<\/strong>. Proteinene til <strong>kollagen<\/strong> de var sterkt <strong>degradert<\/strong>b\u00e5de i bein- og hudpr\u00f8ver. P\u00e5 sistnevnte tilstedev\u00e6relse av <strong>malakitt<\/strong> (et annet produkt av kobberoksidasjon) og <strong>adipocere<\/strong>stoff produsert i prosessen med fors\u00e5pning av et lik, n\u00e5r nedbrytningsprosesser skjer i et milj\u00f8 <strong>fuktig, men uten oksygen<\/strong>. Stoffene som produseres av<strong>oksidasjon av kobber<\/strong> de for\u00e5rsaket<strong> gr\u00f8nn farge<\/strong> av bein og bl\u00f8tvev.<\/p>\n<p>Restene av den unge mannen fra Bologna gikk mot<strong> mer unike enn sjeldne nedbrytningsprosesser<\/strong>en slags &laquo;<strong>naturlig kjemisk mumifisering<\/strong>&laquo;. Liket, etter \u00e5 ha blitt satt inn i kobberbegravelseskisten, begynte \u00e5 r\u00e5tne. Den normale nedbrytningsprosessen var <strong>bremset ned<\/strong> begge fra <strong>lav underjordisk temperatur<\/strong>begge fra <strong>lite tilstedev\u00e6relse av oksygen inne i cysten<\/strong>b\u00e5de ved at dette, ved \u00e5 ha f\u00e5tt et brudd p\u00e5 bunnen (som sannsynligvis for\u00e5rsaket tap av rester av f\u00f8ttene, frav\u00e6rende), tillot kadaverv\u00e6skene \u00e5 <strong>renne gradvis<\/strong>. Sistnevnte, i kontakt med kobberet i cisten, for\u00e5rsaket <strong>korrosjon<\/strong>med <strong>frigj\u00f8ring av kobberioner<\/strong> som samhandlet med bein og bl\u00f8tvev. Disse har <strong>ber\u00f8rt<\/strong> sterkt kollagenproteiner, men takket v\u00e6re <strong>biocidegenskaper<\/strong> av kobber har de ogs\u00e5 <strong>bremset forr\u00e5tningsprosessen ytterligere<\/strong>. Kort sagt, den &laquo;gr\u00f8nne mumien&raquo; i Bologna er det spesielle resultatet av en <strong>kombinasjon av milj\u00f8faktorer<\/strong>: lave temperaturer, lave oksygenniv\u00e5er og biocid virkning av kobberioner.<\/p>\n<\/p><\/div>\n","protected":false},"excerpt":{"rendered":"<p>For f\u00f8rti \u00e5r siden, i 1987inne i under jorden av en villa av Bolognable en<\/p>\n","protected":false},"author":1,"featured_media":11626,"comment_status":"closed","ping_status":"open","sticky":false,"template":"","format":"standard","meta":{"footnotes":""},"categories":[104],"tags":[595,373,74,92,1563,2629,78,2162,117,235],"class_list":["post-11625","post","type-post","status-publish","format-standard","has-post-thumbnail","hentry","category-samfunn","tag-ar","tag-ble","tag-den","tag-etter","tag-fargen","tag-nesten","tag-oppdaget","tag-opprinnelsen","tag-til","tag-uvanlige","generate-columns","tablet-grid-50","mobile-grid-100","grid-parent","grid-33","resize-featured-image"],"yoast_head":"<!-- This site is optimized with the Yoast SEO plugin v24.4 - https:\/\/yoast.com\/wordpress\/plugins\/seo\/ -->\n<title>opprinnelsen til den uvanlige fargen ble oppdaget etter nesten 40 \u00e5r - Nordnesrepublikken<\/title>\n<meta name=\"robots\" content=\"index, follow, max-snippet:-1, max-image-preview:large, max-video-preview:-1\" \/>\n<link rel=\"canonical\" href=\"https:\/\/nordnesrepublikken.no\/index.php\/2025\/11\/12\/opprinnelsen-til-den-uvanlige-fargen-ble-oppdaget-etter-nesten-40-ar\/\" \/>\n<meta property=\"og:locale\" content=\"nb_NO\" \/>\n<meta property=\"og:type\" content=\"article\" \/>\n<meta property=\"og:title\" content=\"opprinnelsen til den uvanlige fargen ble oppdaget etter nesten 40 \u00e5r - Nordnesrepublikken\" \/>\n<meta property=\"og:description\" content=\"For f\u00f8rti \u00e5r siden, i 1987inne i under jorden av en villa av Bolognable en\" \/>\n<meta property=\"og:url\" content=\"https:\/\/nordnesrepublikken.no\/index.php\/2025\/11\/12\/opprinnelsen-til-den-uvanlige-fargen-ble-oppdaget-etter-nesten-40-ar\/\" \/>\n<meta property=\"og:site_name\" content=\"Nordnesrepublikken\" \/>\n<meta property=\"article:published_time\" content=\"2025-11-12T12:51:18+00:00\" \/>\n<meta property=\"article:modified_time\" content=\"2025-11-12T12:51:20+00:00\" \/>\n<meta property=\"og:image\" content=\"https:\/\/nordnesrepublikken.no\/wp-content\/uploads\/2025\/11\/1762951879_opprinnelsen-til-den-uvanlige-fargen-ble-oppdaget-etter-nesten-40.jpg\" \/>\n\t<meta property=\"og:image:width\" content=\"1344\" \/>\n\t<meta property=\"og:image:height\" content=\"768\" \/>\n\t<meta property=\"og:image:type\" content=\"image\/jpeg\" \/>\n<meta name=\"author\" content=\"Ole Andersen\" \/>\n<meta name=\"twitter:card\" content=\"summary_large_image\" \/>\n<meta name=\"twitter:label1\" content=\"Skrevet av\" \/>\n\t<meta name=\"twitter:data1\" content=\"Ole Andersen\" \/>\n\t<meta name=\"twitter:label2\" content=\"Ansl. lesetid\" \/>\n\t<meta name=\"twitter:data2\" content=\"2 minutter\" \/>\n<script type=\"application\/ld+json\" class=\"yoast-schema-graph\">{\"@context\":\"https:\/\/schema.org\",\"@graph\":[{\"@type\":\"Article\",\"@id\":\"https:\/\/nordnesrepublikken.no\/index.php\/2025\/11\/12\/opprinnelsen-til-den-uvanlige-fargen-ble-oppdaget-etter-nesten-40-ar\/#article\",\"isPartOf\":{\"@id\":\"https:\/\/nordnesrepublikken.no\/index.php\/2025\/11\/12\/opprinnelsen-til-den-uvanlige-fargen-ble-oppdaget-etter-nesten-40-ar\/\"},\"author\":{\"name\":\"Ole Andersen\",\"@id\":\"https:\/\/nordnesrepublikken.no\/#\/schema\/person\/2e7e81935bab77882fffb79296240ff1\"},\"headline\":\"opprinnelsen til den uvanlige fargen ble oppdaget etter nesten 40 \u00e5r\",\"datePublished\":\"2025-11-12T12:51:18+00:00\",\"dateModified\":\"2025-11-12T12:51:20+00:00\",\"mainEntityOfPage\":{\"@id\":\"https:\/\/nordnesrepublikken.no\/index.php\/2025\/11\/12\/opprinnelsen-til-den-uvanlige-fargen-ble-oppdaget-etter-nesten-40-ar\/\"},\"wordCount\":471,\"publisher\":{\"@id\":\"https:\/\/nordnesrepublikken.no\/#organization\"},\"image\":{\"@id\":\"https:\/\/nordnesrepublikken.no\/index.php\/2025\/11\/12\/opprinnelsen-til-den-uvanlige-fargen-ble-oppdaget-etter-nesten-40-ar\/#primaryimage\"},\"thumbnailUrl\":\"https:\/\/nordnesrepublikken.no\/wp-content\/uploads\/2025\/11\/1762951879_opprinnelsen-til-den-uvanlige-fargen-ble-oppdaget-etter-nesten-40.jpg\",\"keywords\":[\"\u00e5r\",\"ble\",\"den\",\"Etter\",\"fargen\",\"nesten\",\"oppdaget\",\"Opprinnelsen\",\"til\",\"Uvanlige\"],\"articleSection\":[\"Samfunn\"],\"inLanguage\":\"nb-NO\"},{\"@type\":\"WebPage\",\"@id\":\"https:\/\/nordnesrepublikken.no\/index.php\/2025\/11\/12\/opprinnelsen-til-den-uvanlige-fargen-ble-oppdaget-etter-nesten-40-ar\/\",\"url\":\"https:\/\/nordnesrepublikken.no\/index.php\/2025\/11\/12\/opprinnelsen-til-den-uvanlige-fargen-ble-oppdaget-etter-nesten-40-ar\/\",\"name\":\"opprinnelsen til den uvanlige fargen ble oppdaget etter nesten 40 \u00e5r - Nordnesrepublikken\",\"isPartOf\":{\"@id\":\"https:\/\/nordnesrepublikken.no\/#website\"},\"primaryImageOfPage\":{\"@id\":\"https:\/\/nordnesrepublikken.no\/index.php\/2025\/11\/12\/opprinnelsen-til-den-uvanlige-fargen-ble-oppdaget-etter-nesten-40-ar\/#primaryimage\"},\"image\":{\"@id\":\"https:\/\/nordnesrepublikken.no\/index.php\/2025\/11\/12\/opprinnelsen-til-den-uvanlige-fargen-ble-oppdaget-etter-nesten-40-ar\/#primaryimage\"},\"thumbnailUrl\":\"https:\/\/nordnesrepublikken.no\/wp-content\/uploads\/2025\/11\/1762951879_opprinnelsen-til-den-uvanlige-fargen-ble-oppdaget-etter-nesten-40.jpg\",\"datePublished\":\"2025-11-12T12:51:18+00:00\",\"dateModified\":\"2025-11-12T12:51:20+00:00\",\"breadcrumb\":{\"@id\":\"https:\/\/nordnesrepublikken.no\/index.php\/2025\/11\/12\/opprinnelsen-til-den-uvanlige-fargen-ble-oppdaget-etter-nesten-40-ar\/#breadcrumb\"},\"inLanguage\":\"nb-NO\",\"potentialAction\":[{\"@type\":\"ReadAction\",\"target\":[\"https:\/\/nordnesrepublikken.no\/index.php\/2025\/11\/12\/opprinnelsen-til-den-uvanlige-fargen-ble-oppdaget-etter-nesten-40-ar\/\"]}]},{\"@type\":\"ImageObject\",\"inLanguage\":\"nb-NO\",\"@id\":\"https:\/\/nordnesrepublikken.no\/index.php\/2025\/11\/12\/opprinnelsen-til-den-uvanlige-fargen-ble-oppdaget-etter-nesten-40-ar\/#primaryimage\",\"url\":\"https:\/\/nordnesrepublikken.no\/wp-content\/uploads\/2025\/11\/1762951879_opprinnelsen-til-den-uvanlige-fargen-ble-oppdaget-etter-nesten-40.jpg\",\"contentUrl\":\"https:\/\/nordnesrepublikken.no\/wp-content\/uploads\/2025\/11\/1762951879_opprinnelsen-til-den-uvanlige-fargen-ble-oppdaget-etter-nesten-40.jpg\",\"width\":1344,\"height\":768,\"caption\":\"opprinnelsen til den uvanlige fargen ble oppdaget etter nesten 40 \u00e5r\"},{\"@type\":\"BreadcrumbList\",\"@id\":\"https:\/\/nordnesrepublikken.no\/index.php\/2025\/11\/12\/opprinnelsen-til-den-uvanlige-fargen-ble-oppdaget-etter-nesten-40-ar\/#breadcrumb\",\"itemListElement\":[{\"@type\":\"ListItem\",\"position\":1,\"name\":\"Home\",\"item\":\"https:\/\/nordnesrepublikken.no\/\"},{\"@type\":\"ListItem\",\"position\":2,\"name\":\"opprinnelsen til den uvanlige fargen ble oppdaget etter nesten 40 \u00e5r\"}]},{\"@type\":\"WebSite\",\"@id\":\"https:\/\/nordnesrepublikken.no\/#website\",\"url\":\"https:\/\/nordnesrepublikken.no\/\",\"name\":\"Nordnesrepublikken\",\"description\":\"Stemmer og Visjoner fra Republikkens Hjerte\",\"publisher\":{\"@id\":\"https:\/\/nordnesrepublikken.no\/#organization\"},\"potentialAction\":[{\"@type\":\"SearchAction\",\"target\":{\"@type\":\"EntryPoint\",\"urlTemplate\":\"https:\/\/nordnesrepublikken.no\/?s={search_term_string}\"},\"query-input\":{\"@type\":\"PropertyValueSpecification\",\"valueRequired\":true,\"valueName\":\"search_term_string\"}}],\"inLanguage\":\"nb-NO\"},{\"@type\":\"Organization\",\"@id\":\"https:\/\/nordnesrepublikken.no\/#organization\",\"name\":\"Nordnesrepublikken\",\"url\":\"https:\/\/nordnesrepublikken.no\/\",\"logo\":{\"@type\":\"ImageObject\",\"inLanguage\":\"nb-NO\",\"@id\":\"https:\/\/nordnesrepublikken.no\/#\/schema\/logo\/image\/\",\"url\":\"https:\/\/nordnesrepublikken.no\/wp-content\/uploads\/2025\/02\/cropped-nordnesrepublikken-2.png\",\"contentUrl\":\"https:\/\/nordnesrepublikken.no\/wp-content\/uploads\/2025\/02\/cropped-nordnesrepublikken-2.png\",\"width\":1248,\"height\":362,\"caption\":\"Nordnesrepublikken\"},\"image\":{\"@id\":\"https:\/\/nordnesrepublikken.no\/#\/schema\/logo\/image\/\"}},{\"@type\":\"Person\",\"@id\":\"https:\/\/nordnesrepublikken.no\/#\/schema\/person\/2e7e81935bab77882fffb79296240ff1\",\"name\":\"Ole Andersen\",\"image\":{\"@type\":\"ImageObject\",\"inLanguage\":\"nb-NO\",\"@id\":\"https:\/\/nordnesrepublikken.no\/#\/schema\/person\/image\/\",\"url\":\"https:\/\/nordnesrepublikken.no\/wp-content\/uploads\/2025\/02\/nordnesrepublikken-2-2-150x150.jpg\",\"contentUrl\":\"https:\/\/nordnesrepublikken.no\/wp-content\/uploads\/2025\/02\/nordnesrepublikken-2-2-150x150.jpg\",\"caption\":\"Ole Andersen\"},\"description\":\"Ettersom jeg vokste opp i Oslo, har jeg alltid v\u00e6rt fascinert av ordenes kraft og deres evne til \u00e5 skape endringer. Etter \u00e5 ha fullf\u00f8rt min utdannelse i kommunikasjon ved Universitetet i Bergen, fikk jeg muligheten til \u00e5 jobbe innen ulike medier, der jeg har s\u00f8kt \u00e5 belyse viktige samfunnssp\u00f8rsm\u00e5l. I dag, som redakt\u00f8r for Nordnesrepublikken, pr\u00f8ver jeg \u00e5 forene min kj\u00e6rlighet for journalistikk med min lidenskap for innovasjon og eventyr.\",\"sameAs\":[\"https:\/\/nordnesrepublikken.no\/\"]}]}<\/script>\n<!-- \/ Yoast SEO plugin. -->","yoast_head_json":{"title":"opprinnelsen til den uvanlige fargen ble oppdaget etter nesten 40 \u00e5r - Nordnesrepublikken","robots":{"index":"index","follow":"follow","max-snippet":"max-snippet:-1","max-image-preview":"max-image-preview:large","max-video-preview":"max-video-preview:-1"},"canonical":"https:\/\/nordnesrepublikken.no\/index.php\/2025\/11\/12\/opprinnelsen-til-den-uvanlige-fargen-ble-oppdaget-etter-nesten-40-ar\/","og_locale":"nb_NO","og_type":"article","og_title":"opprinnelsen til den uvanlige fargen ble oppdaget etter nesten 40 \u00e5r - Nordnesrepublikken","og_description":"For f\u00f8rti \u00e5r siden, i 1987inne i under jorden av en villa av Bolognable en","og_url":"https:\/\/nordnesrepublikken.no\/index.php\/2025\/11\/12\/opprinnelsen-til-den-uvanlige-fargen-ble-oppdaget-etter-nesten-40-ar\/","og_site_name":"Nordnesrepublikken","article_published_time":"2025-11-12T12:51:18+00:00","article_modified_time":"2025-11-12T12:51:20+00:00","og_image":[{"width":1344,"height":768,"url":"https:\/\/nordnesrepublikken.no\/wp-content\/uploads\/2025\/11\/1762951879_opprinnelsen-til-den-uvanlige-fargen-ble-oppdaget-etter-nesten-40.jpg","type":"image\/jpeg"}],"author":"Ole Andersen","twitter_card":"summary_large_image","twitter_misc":{"Skrevet av":"Ole Andersen","Ansl. lesetid":"2 minutter"},"schema":{"@context":"https:\/\/schema.org","@graph":[{"@type":"Article","@id":"https:\/\/nordnesrepublikken.no\/index.php\/2025\/11\/12\/opprinnelsen-til-den-uvanlige-fargen-ble-oppdaget-etter-nesten-40-ar\/#article","isPartOf":{"@id":"https:\/\/nordnesrepublikken.no\/index.php\/2025\/11\/12\/opprinnelsen-til-den-uvanlige-fargen-ble-oppdaget-etter-nesten-40-ar\/"},"author":{"name":"Ole Andersen","@id":"https:\/\/nordnesrepublikken.no\/#\/schema\/person\/2e7e81935bab77882fffb79296240ff1"},"headline":"opprinnelsen til den uvanlige fargen ble oppdaget etter nesten 40 \u00e5r","datePublished":"2025-11-12T12:51:18+00:00","dateModified":"2025-11-12T12:51:20+00:00","mainEntityOfPage":{"@id":"https:\/\/nordnesrepublikken.no\/index.php\/2025\/11\/12\/opprinnelsen-til-den-uvanlige-fargen-ble-oppdaget-etter-nesten-40-ar\/"},"wordCount":471,"publisher":{"@id":"https:\/\/nordnesrepublikken.no\/#organization"},"image":{"@id":"https:\/\/nordnesrepublikken.no\/index.php\/2025\/11\/12\/opprinnelsen-til-den-uvanlige-fargen-ble-oppdaget-etter-nesten-40-ar\/#primaryimage"},"thumbnailUrl":"https:\/\/nordnesrepublikken.no\/wp-content\/uploads\/2025\/11\/1762951879_opprinnelsen-til-den-uvanlige-fargen-ble-oppdaget-etter-nesten-40.jpg","keywords":["\u00e5r","ble","den","Etter","fargen","nesten","oppdaget","Opprinnelsen","til","Uvanlige"],"articleSection":["Samfunn"],"inLanguage":"nb-NO"},{"@type":"WebPage","@id":"https:\/\/nordnesrepublikken.no\/index.php\/2025\/11\/12\/opprinnelsen-til-den-uvanlige-fargen-ble-oppdaget-etter-nesten-40-ar\/","url":"https:\/\/nordnesrepublikken.no\/index.php\/2025\/11\/12\/opprinnelsen-til-den-uvanlige-fargen-ble-oppdaget-etter-nesten-40-ar\/","name":"opprinnelsen til den uvanlige fargen ble oppdaget etter nesten 40 \u00e5r - Nordnesrepublikken","isPartOf":{"@id":"https:\/\/nordnesrepublikken.no\/#website"},"primaryImageOfPage":{"@id":"https:\/\/nordnesrepublikken.no\/index.php\/2025\/11\/12\/opprinnelsen-til-den-uvanlige-fargen-ble-oppdaget-etter-nesten-40-ar\/#primaryimage"},"image":{"@id":"https:\/\/nordnesrepublikken.no\/index.php\/2025\/11\/12\/opprinnelsen-til-den-uvanlige-fargen-ble-oppdaget-etter-nesten-40-ar\/#primaryimage"},"thumbnailUrl":"https:\/\/nordnesrepublikken.no\/wp-content\/uploads\/2025\/11\/1762951879_opprinnelsen-til-den-uvanlige-fargen-ble-oppdaget-etter-nesten-40.jpg","datePublished":"2025-11-12T12:51:18+00:00","dateModified":"2025-11-12T12:51:20+00:00","breadcrumb":{"@id":"https:\/\/nordnesrepublikken.no\/index.php\/2025\/11\/12\/opprinnelsen-til-den-uvanlige-fargen-ble-oppdaget-etter-nesten-40-ar\/#breadcrumb"},"inLanguage":"nb-NO","potentialAction":[{"@type":"ReadAction","target":["https:\/\/nordnesrepublikken.no\/index.php\/2025\/11\/12\/opprinnelsen-til-den-uvanlige-fargen-ble-oppdaget-etter-nesten-40-ar\/"]}]},{"@type":"ImageObject","inLanguage":"nb-NO","@id":"https:\/\/nordnesrepublikken.no\/index.php\/2025\/11\/12\/opprinnelsen-til-den-uvanlige-fargen-ble-oppdaget-etter-nesten-40-ar\/#primaryimage","url":"https:\/\/nordnesrepublikken.no\/wp-content\/uploads\/2025\/11\/1762951879_opprinnelsen-til-den-uvanlige-fargen-ble-oppdaget-etter-nesten-40.jpg","contentUrl":"https:\/\/nordnesrepublikken.no\/wp-content\/uploads\/2025\/11\/1762951879_opprinnelsen-til-den-uvanlige-fargen-ble-oppdaget-etter-nesten-40.jpg","width":1344,"height":768,"caption":"opprinnelsen til den uvanlige fargen ble oppdaget etter nesten 40 \u00e5r"},{"@type":"BreadcrumbList","@id":"https:\/\/nordnesrepublikken.no\/index.php\/2025\/11\/12\/opprinnelsen-til-den-uvanlige-fargen-ble-oppdaget-etter-nesten-40-ar\/#breadcrumb","itemListElement":[{"@type":"ListItem","position":1,"name":"Home","item":"https:\/\/nordnesrepublikken.no\/"},{"@type":"ListItem","position":2,"name":"opprinnelsen til den uvanlige fargen ble oppdaget etter nesten 40 \u00e5r"}]},{"@type":"WebSite","@id":"https:\/\/nordnesrepublikken.no\/#website","url":"https:\/\/nordnesrepublikken.no\/","name":"Nordnesrepublikken","description":"Stemmer og Visjoner fra Republikkens Hjerte","publisher":{"@id":"https:\/\/nordnesrepublikken.no\/#organization"},"potentialAction":[{"@type":"SearchAction","target":{"@type":"EntryPoint","urlTemplate":"https:\/\/nordnesrepublikken.no\/?s={search_term_string}"},"query-input":{"@type":"PropertyValueSpecification","valueRequired":true,"valueName":"search_term_string"}}],"inLanguage":"nb-NO"},{"@type":"Organization","@id":"https:\/\/nordnesrepublikken.no\/#organization","name":"Nordnesrepublikken","url":"https:\/\/nordnesrepublikken.no\/","logo":{"@type":"ImageObject","inLanguage":"nb-NO","@id":"https:\/\/nordnesrepublikken.no\/#\/schema\/logo\/image\/","url":"https:\/\/nordnesrepublikken.no\/wp-content\/uploads\/2025\/02\/cropped-nordnesrepublikken-2.png","contentUrl":"https:\/\/nordnesrepublikken.no\/wp-content\/uploads\/2025\/02\/cropped-nordnesrepublikken-2.png","width":1248,"height":362,"caption":"Nordnesrepublikken"},"image":{"@id":"https:\/\/nordnesrepublikken.no\/#\/schema\/logo\/image\/"}},{"@type":"Person","@id":"https:\/\/nordnesrepublikken.no\/#\/schema\/person\/2e7e81935bab77882fffb79296240ff1","name":"Ole Andersen","image":{"@type":"ImageObject","inLanguage":"nb-NO","@id":"https:\/\/nordnesrepublikken.no\/#\/schema\/person\/image\/","url":"https:\/\/nordnesrepublikken.no\/wp-content\/uploads\/2025\/02\/nordnesrepublikken-2-2-150x150.jpg","contentUrl":"https:\/\/nordnesrepublikken.no\/wp-content\/uploads\/2025\/02\/nordnesrepublikken-2-2-150x150.jpg","caption":"Ole Andersen"},"description":"Ettersom jeg vokste opp i Oslo, har jeg alltid v\u00e6rt fascinert av ordenes kraft og deres evne til \u00e5 skape endringer. Etter \u00e5 ha fullf\u00f8rt min utdannelse i kommunikasjon ved Universitetet i Bergen, fikk jeg muligheten til \u00e5 jobbe innen ulike medier, der jeg har s\u00f8kt \u00e5 belyse viktige samfunnssp\u00f8rsm\u00e5l. I dag, som redakt\u00f8r for Nordnesrepublikken, pr\u00f8ver jeg \u00e5 forene min kj\u00e6rlighet for journalistikk med min lidenskap for innovasjon og eventyr.","sameAs":["https:\/\/nordnesrepublikken.no\/"]}]}},"_links":{"self":[{"href":"https:\/\/nordnesrepublikken.no\/index.php\/wp-json\/wp\/v2\/posts\/11625","targetHints":{"allow":["GET"]}}],"collection":[{"href":"https:\/\/nordnesrepublikken.no\/index.php\/wp-json\/wp\/v2\/posts"}],"about":[{"href":"https:\/\/nordnesrepublikken.no\/index.php\/wp-json\/wp\/v2\/types\/post"}],"author":[{"embeddable":true,"href":"https:\/\/nordnesrepublikken.no\/index.php\/wp-json\/wp\/v2\/users\/1"}],"replies":[{"embeddable":true,"href":"https:\/\/nordnesrepublikken.no\/index.php\/wp-json\/wp\/v2\/comments?post=11625"}],"version-history":[{"count":1,"href":"https:\/\/nordnesrepublikken.no\/index.php\/wp-json\/wp\/v2\/posts\/11625\/revisions"}],"predecessor-version":[{"id":11627,"href":"https:\/\/nordnesrepublikken.no\/index.php\/wp-json\/wp\/v2\/posts\/11625\/revisions\/11627"}],"wp:featuredmedia":[{"embeddable":true,"href":"https:\/\/nordnesrepublikken.no\/index.php\/wp-json\/wp\/v2\/media\/11626"}],"wp:attachment":[{"href":"https:\/\/nordnesrepublikken.no\/index.php\/wp-json\/wp\/v2\/media?parent=11625"}],"wp:term":[{"taxonomy":"category","embeddable":true,"href":"https:\/\/nordnesrepublikken.no\/index.php\/wp-json\/wp\/v2\/categories?post=11625"},{"taxonomy":"post_tag","embeddable":true,"href":"https:\/\/nordnesrepublikken.no\/index.php\/wp-json\/wp\/v2\/tags?post=11625"}],"curies":[{"name":"wp","href":"https:\/\/api.w.org\/{rel}","templated":true}]}}