{"id":11619,"date":"2025-11-12T09:50:36","date_gmt":"2025-11-12T08:50:36","guid":{"rendered":"https:\/\/nordnesrepublikken.no\/index.php\/2025\/11\/12\/studerer-rollen-til-astenosfaeren-ved-opprinnelsen-til-jordskjelv-og-magma-i-vulkaner-ingv-sakura-prosjektet\/"},"modified":"2025-11-12T09:50:40","modified_gmt":"2025-11-12T08:50:40","slug":"studerer-rollen-til-astenosfaeren-ved-opprinnelsen-til-jordskjelv-og-magma-i-vulkaner-ingv-sakura-prosjektet","status":"publish","type":"post","link":"https:\/\/nordnesrepublikken.no\/index.php\/2025\/11\/12\/studerer-rollen-til-astenosfaeren-ved-opprinnelsen-til-jordskjelv-og-magma-i-vulkaner-ingv-sakura-prosjektet\/","title":{"rendered":"Studerer rollen til astenosf\u00e6ren ved opprinnelsen til jordskjelv og magma i vulkaner: INGV SAKURA-prosjektet"},"content":{"rendered":"<div>\n<div class=\"cp_wrapper cp_wrapper--fw mb-30 mb-20@tablet\">\n<figure class=\"mm\"><picture class=\"img\" style=\"padding-top:56.25%\"><source  media=\"(min-width: 1024px)\"><source  media=\"(min-width: 768px)\"><\/source><\/source><\/picture><\/figure>\n<\/p><\/div>\n<p>Et nytt forskningsprosjekt, den <strong>SAKURA-prosjektet <\/strong>(<em>\u00c5 studere astenosf\u00e6ren som en n\u00f8kkel til \u00e5 forst\u00e5 dynamikken til plater og magmas opprinnelse<\/em>), ble startet for \u00e5 studere i mer dybde laget av jordkappen kalt <strong>astenosf\u00e6ren<\/strong> og ligger <strong>Mellom <\/strong>ca 100 og ca 400 km dyp. M\u00e5let med prosjektet finansiert av<strong>INGV<\/strong> (Nasjonalt institutt for geofysikk og vulkanologi) og koordinert sammen med<strong>Universitetet i Bologna<\/strong> er \u00e5 bedre forst\u00e5 hvordan dette laget p\u00e5virker dynamikken til <strong>tektoniske plater<\/strong>utviklingen av <strong>jordskjelv<\/strong> og den<strong> magmadannelse <\/strong>i vulkaner. Forskningen vil fokusere spesielt p\u00e5 omr\u00e5det <strong>Middelhavet<\/strong>inkludert omr\u00e5det til <strong>Phlegraean Fields<\/strong>. Innhenting av ny informasjon om astenosf\u00e6ren kan bidra betydelig til en <strong>bedre risikostyring<\/strong> knyttet til jordskjelv og vulkanutbrudd.<\/p>\n<h2>Hva inneb\u00e6rer SAKURA-prosjektet som studerer astenosf\u00e6ren<\/h2>\n<p>SAKURA-prosjektet er en del av prosjektet <strong>ROSE <\/strong>(<em>Forsterkning av jordens observasjonssystemer<\/em>), finansiert av Bygge- og forskningsinfrastrukturfondet av <strong>Universitets- og forskningsdepartementet (MUR)<\/strong>. ROSE-prosjektet, takket v\u00e6re en tverrfaglig tiln\u00e6rming, har som m\u00e5l \u00e5 bedre forst\u00e5 <strong>indre dynamikk av planeten Jorden <\/strong>og hvordan det er korrelert med fenomenene som oppst\u00e5r p\u00e5 jordens overflate, som involverer det italienske og internasjonale vitenskapsmilj\u00f8et. Innen SAKURA skal forskere gjennomf\u00f8re ulike typer unders\u00f8kelser vha <strong>avanserte teknologier<\/strong> og integrere <strong>ulike disipliner<\/strong>: geologi, geofysikk, vulkanologi, fysikk og matematikk. Spesielt i <strong>Middelhavet<\/strong> (inkludert omr\u00e5der av <strong>Phlegraean Fields<\/strong> og Ischia), kommer <strong>forbedret overv\u00e5king<\/strong> <strong>geofysiske<\/strong>for eksempel med installasjon av nye seismiske stasjoner i omr\u00e5der som i dag har f\u00e5 seismiske stasjoner, bygging av innovative instrumenter for \u00e5 m\u00e5le gravitasjon og magnetotelluriske unders\u00f8kelser som bruker magnetiske felt for \u00e5 rekonstruere undergrunnsgeologien. Disse verkt\u00f8yene lar deg samle inn og analysere en <strong>store mengder data<\/strong>som vil bli integrert med de som kommer fra<strong>mineralogisk og geokjemisk analyse av bergarter <\/strong>magmatisk tatt fra jordoverflaten. Det vil deretter bli utviklet modeller for \u00e5 simulere hvordan astenosf\u00e6ren samhandler med den overliggende <strong>litosf\u00e6ren<\/strong>det \u00f8verste laget av jorden.<\/p>\n<div class=\"cp_wrapper cp_wrapper--fw mb-50\">\n<figure class=\"mm\"><picture class=\"img\" style=\"padding-top:69.060052219321%\"><source  media=\"(min-width: 1024px)\"><source  media=\"(min-width: 768px)\"><img decoding=\"async\" loading=\"lazy\" src=\"https:\/\/nordnesrepublikken.no\/wp-content\/uploads\/2025\/11\/1762937436_818_Studerer-rollen-til-astenosfaeren-ved-opprinnelsen-til-jordskjelv-og-magma.jpg\" alt=\"astenosf\u00e6ren\" width=\"766\" height=\"529\"\/><\/source><\/source><\/picture><\/figure>\n<\/p><\/div>\n<h2><strong>Hva er vitsen med \u00e5 studere astenosf\u00e6ren: opprinnelsen til magma og jordskjelv<\/strong><\/h2>\n<p>Selv om vi over tid har f\u00e5tt mye informasjon om strukturen og sammensetningen av jordens indre ved \u00e5 studere <strong>hastigheten som seismiske b\u00f8lger generert av jordskjelv forplanter seg med<\/strong> p\u00e5 planeten v\u00e5r er det fortsatt mye \u00e5 oppdage om egenskapene og oppf\u00f8rselen til astenosf\u00e6ren. Dette laget ligger <strong>mellom ca. 100 og ca. 400 km dybde<\/strong>er en del av <strong>Jordens mantel<\/strong> og den har en veldig viktig rolle. Dens bergarter har karakteristikken av <strong>deformeres lett<\/strong>i motsetning til de stive i den overliggende litosf\u00e6ren (som best\u00e5r av jordskorpen og den litosf\u00e6riske mantelen). Takket v\u00e6re denne egenskapen kan de blandes ved kontinuerlige sirkul\u00e6re bevegelser drevet av temperaturforskjeller inne i jorden, den s\u00e5kalte <strong>konvektive bevegelser<\/strong>. P\u00e5 denne m\u00e5ten fungerer de som en <strong>&laquo;transportb\u00e5nd&raquo; som drar de litosf\u00e6riske platene<\/strong> over. Bevegelsene til litosf\u00e6riske plater er i sin tur assosiert med <strong>jordskjelv<\/strong> og til <strong>magma unnslippe<\/strong> p\u00e5 overflaten. Dette betyr at \u00e5 vite mer om astenosf\u00e6ren vil tillate deg det <strong>foredle forst\u00e5elsen av vulkanske og seismiske fenomener<\/strong> som kan f\u00e5 alvorlige konsekvenser for befolkningen og <strong>h\u00e5ndtere risiko bedre<\/strong> knyttet til dem. Spesielt understreker koordinatoren for prosjektet Luca De Siena at SAKURA-prosjektet vil tillate &laquo;<em>klargj\u00f8re rollen til astenosf\u00e6ren i varmeoverf\u00f8ring i jordmantelen, i plateinteraksjoner og i generering og migrasjon av magma<\/em>&laquo;.<\/p>\n<\/p><\/div>\n","protected":false},"excerpt":{"rendered":"<p>Et nytt forskningsprosjekt, den SAKURA-prosjektet (\u00c5 studere astenosf\u00e6ren som en n\u00f8kkel til \u00e5 forst\u00e5 dynamikken<\/p>\n","protected":false},"author":1,"featured_media":11620,"comment_status":"closed","ping_status":"open","sticky":false,"template":"","format":"standard","meta":{"footnotes":""},"categories":[24],"tags":[7652,261,137,2181,2162,1872,7654,5735,117,231,7653],"class_list":["post-11619","post","type-post","status-publish","format-standard","has-post-thumbnail","hentry","category-vitenskap","tag-astenosfaeren","tag-ingv","tag-jordskjelv","tag-magma","tag-opprinnelsen","tag-rollen","tag-sakuraprosjektet","tag-studerer","tag-til","tag-ved","tag-vulkaner","generate-columns","tablet-grid-50","mobile-grid-100","grid-parent","grid-33","resize-featured-image"],"yoast_head":"<!-- This site is optimized with the Yoast SEO plugin v24.4 - https:\/\/yoast.com\/wordpress\/plugins\/seo\/ -->\n<title>Studerer rollen til astenosf\u00e6ren ved opprinnelsen til jordskjelv og magma i vulkaner: INGV SAKURA-prosjektet - Nordnesrepublikken<\/title>\n<meta name=\"robots\" content=\"index, follow, max-snippet:-1, max-image-preview:large, max-video-preview:-1\" \/>\n<link rel=\"canonical\" href=\"https:\/\/nordnesrepublikken.no\/index.php\/2025\/11\/12\/studerer-rollen-til-astenosfaeren-ved-opprinnelsen-til-jordskjelv-og-magma-i-vulkaner-ingv-sakura-prosjektet\/\" \/>\n<meta property=\"og:locale\" content=\"nb_NO\" \/>\n<meta property=\"og:type\" content=\"article\" \/>\n<meta property=\"og:title\" content=\"Studerer rollen til astenosf\u00e6ren ved opprinnelsen til jordskjelv og magma i vulkaner: INGV SAKURA-prosjektet - Nordnesrepublikken\" \/>\n<meta property=\"og:description\" content=\"Et nytt forskningsprosjekt, den SAKURA-prosjektet (\u00c5 studere astenosf\u00e6ren som en n\u00f8kkel til \u00e5 forst\u00e5 dynamikken\" \/>\n<meta property=\"og:url\" content=\"https:\/\/nordnesrepublikken.no\/index.php\/2025\/11\/12\/studerer-rollen-til-astenosfaeren-ved-opprinnelsen-til-jordskjelv-og-magma-i-vulkaner-ingv-sakura-prosjektet\/\" \/>\n<meta property=\"og:site_name\" content=\"Nordnesrepublikken\" \/>\n<meta property=\"article:published_time\" content=\"2025-11-12T08:50:36+00:00\" \/>\n<meta property=\"article:modified_time\" content=\"2025-11-12T08:50:40+00:00\" \/>\n<meta property=\"og:image\" content=\"https:\/\/nordnesrepublikken.no\/wp-content\/uploads\/2025\/11\/1762937437_Studerer-rollen-til-astenosfaeren-ved-opprinnelsen-til-jordskjelv-og-magma.jpg\" \/>\n\t<meta property=\"og:image:width\" content=\"2549\" \/>\n\t<meta property=\"og:image:height\" content=\"1491\" \/>\n\t<meta property=\"og:image:type\" content=\"image\/jpeg\" \/>\n<meta name=\"author\" content=\"Ole Andersen\" \/>\n<meta name=\"twitter:card\" content=\"summary_large_image\" \/>\n<meta name=\"twitter:label1\" content=\"Skrevet av\" \/>\n\t<meta name=\"twitter:data1\" content=\"Ole Andersen\" \/>\n\t<meta name=\"twitter:label2\" content=\"Ansl. lesetid\" \/>\n\t<meta name=\"twitter:data2\" content=\"3 minutter\" \/>\n<script type=\"application\/ld+json\" class=\"yoast-schema-graph\">{\"@context\":\"https:\/\/schema.org\",\"@graph\":[{\"@type\":\"Article\",\"@id\":\"https:\/\/nordnesrepublikken.no\/index.php\/2025\/11\/12\/studerer-rollen-til-astenosfaeren-ved-opprinnelsen-til-jordskjelv-og-magma-i-vulkaner-ingv-sakura-prosjektet\/#article\",\"isPartOf\":{\"@id\":\"https:\/\/nordnesrepublikken.no\/index.php\/2025\/11\/12\/studerer-rollen-til-astenosfaeren-ved-opprinnelsen-til-jordskjelv-og-magma-i-vulkaner-ingv-sakura-prosjektet\/\"},\"author\":{\"name\":\"Ole Andersen\",\"@id\":\"https:\/\/nordnesrepublikken.no\/#\/schema\/person\/2e7e81935bab77882fffb79296240ff1\"},\"headline\":\"Studerer rollen til astenosf\u00e6ren ved opprinnelsen til jordskjelv og magma i vulkaner: INGV SAKURA-prosjektet\",\"datePublished\":\"2025-11-12T08:50:36+00:00\",\"dateModified\":\"2025-11-12T08:50:40+00:00\",\"mainEntityOfPage\":{\"@id\":\"https:\/\/nordnesrepublikken.no\/index.php\/2025\/11\/12\/studerer-rollen-til-astenosfaeren-ved-opprinnelsen-til-jordskjelv-og-magma-i-vulkaner-ingv-sakura-prosjektet\/\"},\"wordCount\":552,\"publisher\":{\"@id\":\"https:\/\/nordnesrepublikken.no\/#organization\"},\"image\":{\"@id\":\"https:\/\/nordnesrepublikken.no\/index.php\/2025\/11\/12\/studerer-rollen-til-astenosfaeren-ved-opprinnelsen-til-jordskjelv-og-magma-i-vulkaner-ingv-sakura-prosjektet\/#primaryimage\"},\"thumbnailUrl\":\"https:\/\/nordnesrepublikken.no\/wp-content\/uploads\/2025\/11\/1762937437_Studerer-rollen-til-astenosfaeren-ved-opprinnelsen-til-jordskjelv-og-magma.jpg\",\"keywords\":[\"astenosf\u00e6ren\",\"INGV\",\"Jordskjelv\",\"magma\",\"Opprinnelsen\",\"rollen\",\"SAKURAprosjektet\",\"studerer\",\"til\",\"ved\",\"vulkaner\"],\"articleSection\":[\"Vitenskap\"],\"inLanguage\":\"nb-NO\"},{\"@type\":\"WebPage\",\"@id\":\"https:\/\/nordnesrepublikken.no\/index.php\/2025\/11\/12\/studerer-rollen-til-astenosfaeren-ved-opprinnelsen-til-jordskjelv-og-magma-i-vulkaner-ingv-sakura-prosjektet\/\",\"url\":\"https:\/\/nordnesrepublikken.no\/index.php\/2025\/11\/12\/studerer-rollen-til-astenosfaeren-ved-opprinnelsen-til-jordskjelv-og-magma-i-vulkaner-ingv-sakura-prosjektet\/\",\"name\":\"Studerer rollen til astenosf\u00e6ren ved opprinnelsen til jordskjelv og magma i vulkaner: INGV SAKURA-prosjektet - Nordnesrepublikken\",\"isPartOf\":{\"@id\":\"https:\/\/nordnesrepublikken.no\/#website\"},\"primaryImageOfPage\":{\"@id\":\"https:\/\/nordnesrepublikken.no\/index.php\/2025\/11\/12\/studerer-rollen-til-astenosfaeren-ved-opprinnelsen-til-jordskjelv-og-magma-i-vulkaner-ingv-sakura-prosjektet\/#primaryimage\"},\"image\":{\"@id\":\"https:\/\/nordnesrepublikken.no\/index.php\/2025\/11\/12\/studerer-rollen-til-astenosfaeren-ved-opprinnelsen-til-jordskjelv-og-magma-i-vulkaner-ingv-sakura-prosjektet\/#primaryimage\"},\"thumbnailUrl\":\"https:\/\/nordnesrepublikken.no\/wp-content\/uploads\/2025\/11\/1762937437_Studerer-rollen-til-astenosfaeren-ved-opprinnelsen-til-jordskjelv-og-magma.jpg\",\"datePublished\":\"2025-11-12T08:50:36+00:00\",\"dateModified\":\"2025-11-12T08:50:40+00:00\",\"breadcrumb\":{\"@id\":\"https:\/\/nordnesrepublikken.no\/index.php\/2025\/11\/12\/studerer-rollen-til-astenosfaeren-ved-opprinnelsen-til-jordskjelv-og-magma-i-vulkaner-ingv-sakura-prosjektet\/#breadcrumb\"},\"inLanguage\":\"nb-NO\",\"potentialAction\":[{\"@type\":\"ReadAction\",\"target\":[\"https:\/\/nordnesrepublikken.no\/index.php\/2025\/11\/12\/studerer-rollen-til-astenosfaeren-ved-opprinnelsen-til-jordskjelv-og-magma-i-vulkaner-ingv-sakura-prosjektet\/\"]}]},{\"@type\":\"ImageObject\",\"inLanguage\":\"nb-NO\",\"@id\":\"https:\/\/nordnesrepublikken.no\/index.php\/2025\/11\/12\/studerer-rollen-til-astenosfaeren-ved-opprinnelsen-til-jordskjelv-og-magma-i-vulkaner-ingv-sakura-prosjektet\/#primaryimage\",\"url\":\"https:\/\/nordnesrepublikken.no\/wp-content\/uploads\/2025\/11\/1762937437_Studerer-rollen-til-astenosfaeren-ved-opprinnelsen-til-jordskjelv-og-magma.jpg\",\"contentUrl\":\"https:\/\/nordnesrepublikken.no\/wp-content\/uploads\/2025\/11\/1762937437_Studerer-rollen-til-astenosfaeren-ved-opprinnelsen-til-jordskjelv-og-magma.jpg\",\"width\":2549,\"height\":1491,\"caption\":\"Studerer rollen til astenosf\u00e6ren ved opprinnelsen til jordskjelv og magma i vulkaner: INGV SAKURA-prosjektet\"},{\"@type\":\"BreadcrumbList\",\"@id\":\"https:\/\/nordnesrepublikken.no\/index.php\/2025\/11\/12\/studerer-rollen-til-astenosfaeren-ved-opprinnelsen-til-jordskjelv-og-magma-i-vulkaner-ingv-sakura-prosjektet\/#breadcrumb\",\"itemListElement\":[{\"@type\":\"ListItem\",\"position\":1,\"name\":\"Home\",\"item\":\"https:\/\/nordnesrepublikken.no\/\"},{\"@type\":\"ListItem\",\"position\":2,\"name\":\"Studerer rollen til astenosf\u00e6ren ved opprinnelsen til jordskjelv og magma i vulkaner: INGV SAKURA-prosjektet\"}]},{\"@type\":\"WebSite\",\"@id\":\"https:\/\/nordnesrepublikken.no\/#website\",\"url\":\"https:\/\/nordnesrepublikken.no\/\",\"name\":\"Nordnesrepublikken\",\"description\":\"Stemmer og Visjoner fra Republikkens Hjerte\",\"publisher\":{\"@id\":\"https:\/\/nordnesrepublikken.no\/#organization\"},\"potentialAction\":[{\"@type\":\"SearchAction\",\"target\":{\"@type\":\"EntryPoint\",\"urlTemplate\":\"https:\/\/nordnesrepublikken.no\/?s={search_term_string}\"},\"query-input\":{\"@type\":\"PropertyValueSpecification\",\"valueRequired\":true,\"valueName\":\"search_term_string\"}}],\"inLanguage\":\"nb-NO\"},{\"@type\":\"Organization\",\"@id\":\"https:\/\/nordnesrepublikken.no\/#organization\",\"name\":\"Nordnesrepublikken\",\"url\":\"https:\/\/nordnesrepublikken.no\/\",\"logo\":{\"@type\":\"ImageObject\",\"inLanguage\":\"nb-NO\",\"@id\":\"https:\/\/nordnesrepublikken.no\/#\/schema\/logo\/image\/\",\"url\":\"https:\/\/nordnesrepublikken.no\/wp-content\/uploads\/2025\/02\/cropped-nordnesrepublikken-2.png\",\"contentUrl\":\"https:\/\/nordnesrepublikken.no\/wp-content\/uploads\/2025\/02\/cropped-nordnesrepublikken-2.png\",\"width\":1248,\"height\":362,\"caption\":\"Nordnesrepublikken\"},\"image\":{\"@id\":\"https:\/\/nordnesrepublikken.no\/#\/schema\/logo\/image\/\"}},{\"@type\":\"Person\",\"@id\":\"https:\/\/nordnesrepublikken.no\/#\/schema\/person\/2e7e81935bab77882fffb79296240ff1\",\"name\":\"Ole Andersen\",\"image\":{\"@type\":\"ImageObject\",\"inLanguage\":\"nb-NO\",\"@id\":\"https:\/\/nordnesrepublikken.no\/#\/schema\/person\/image\/\",\"url\":\"https:\/\/nordnesrepublikken.no\/wp-content\/uploads\/2025\/02\/nordnesrepublikken-2-2-150x150.jpg\",\"contentUrl\":\"https:\/\/nordnesrepublikken.no\/wp-content\/uploads\/2025\/02\/nordnesrepublikken-2-2-150x150.jpg\",\"caption\":\"Ole Andersen\"},\"description\":\"Ettersom jeg vokste opp i Oslo, har jeg alltid v\u00e6rt fascinert av ordenes kraft og deres evne til \u00e5 skape endringer. Etter \u00e5 ha fullf\u00f8rt min utdannelse i kommunikasjon ved Universitetet i Bergen, fikk jeg muligheten til \u00e5 jobbe innen ulike medier, der jeg har s\u00f8kt \u00e5 belyse viktige samfunnssp\u00f8rsm\u00e5l. I dag, som redakt\u00f8r for Nordnesrepublikken, pr\u00f8ver jeg \u00e5 forene min kj\u00e6rlighet for journalistikk med min lidenskap for innovasjon og eventyr.\",\"sameAs\":[\"https:\/\/nordnesrepublikken.no\/\"]}]}<\/script>\n<!-- \/ Yoast SEO plugin. -->","yoast_head_json":{"title":"Studerer rollen til astenosf\u00e6ren ved opprinnelsen til jordskjelv og magma i vulkaner: INGV SAKURA-prosjektet - Nordnesrepublikken","robots":{"index":"index","follow":"follow","max-snippet":"max-snippet:-1","max-image-preview":"max-image-preview:large","max-video-preview":"max-video-preview:-1"},"canonical":"https:\/\/nordnesrepublikken.no\/index.php\/2025\/11\/12\/studerer-rollen-til-astenosfaeren-ved-opprinnelsen-til-jordskjelv-og-magma-i-vulkaner-ingv-sakura-prosjektet\/","og_locale":"nb_NO","og_type":"article","og_title":"Studerer rollen til astenosf\u00e6ren ved opprinnelsen til jordskjelv og magma i vulkaner: INGV SAKURA-prosjektet - Nordnesrepublikken","og_description":"Et nytt forskningsprosjekt, den SAKURA-prosjektet (\u00c5 studere astenosf\u00e6ren som en n\u00f8kkel til \u00e5 forst\u00e5 dynamikken","og_url":"https:\/\/nordnesrepublikken.no\/index.php\/2025\/11\/12\/studerer-rollen-til-astenosfaeren-ved-opprinnelsen-til-jordskjelv-og-magma-i-vulkaner-ingv-sakura-prosjektet\/","og_site_name":"Nordnesrepublikken","article_published_time":"2025-11-12T08:50:36+00:00","article_modified_time":"2025-11-12T08:50:40+00:00","og_image":[{"width":2549,"height":1491,"url":"https:\/\/nordnesrepublikken.no\/wp-content\/uploads\/2025\/11\/1762937437_Studerer-rollen-til-astenosfaeren-ved-opprinnelsen-til-jordskjelv-og-magma.jpg","type":"image\/jpeg"}],"author":"Ole Andersen","twitter_card":"summary_large_image","twitter_misc":{"Skrevet av":"Ole Andersen","Ansl. lesetid":"3 minutter"},"schema":{"@context":"https:\/\/schema.org","@graph":[{"@type":"Article","@id":"https:\/\/nordnesrepublikken.no\/index.php\/2025\/11\/12\/studerer-rollen-til-astenosfaeren-ved-opprinnelsen-til-jordskjelv-og-magma-i-vulkaner-ingv-sakura-prosjektet\/#article","isPartOf":{"@id":"https:\/\/nordnesrepublikken.no\/index.php\/2025\/11\/12\/studerer-rollen-til-astenosfaeren-ved-opprinnelsen-til-jordskjelv-og-magma-i-vulkaner-ingv-sakura-prosjektet\/"},"author":{"name":"Ole Andersen","@id":"https:\/\/nordnesrepublikken.no\/#\/schema\/person\/2e7e81935bab77882fffb79296240ff1"},"headline":"Studerer rollen til astenosf\u00e6ren ved opprinnelsen til jordskjelv og magma i vulkaner: INGV SAKURA-prosjektet","datePublished":"2025-11-12T08:50:36+00:00","dateModified":"2025-11-12T08:50:40+00:00","mainEntityOfPage":{"@id":"https:\/\/nordnesrepublikken.no\/index.php\/2025\/11\/12\/studerer-rollen-til-astenosfaeren-ved-opprinnelsen-til-jordskjelv-og-magma-i-vulkaner-ingv-sakura-prosjektet\/"},"wordCount":552,"publisher":{"@id":"https:\/\/nordnesrepublikken.no\/#organization"},"image":{"@id":"https:\/\/nordnesrepublikken.no\/index.php\/2025\/11\/12\/studerer-rollen-til-astenosfaeren-ved-opprinnelsen-til-jordskjelv-og-magma-i-vulkaner-ingv-sakura-prosjektet\/#primaryimage"},"thumbnailUrl":"https:\/\/nordnesrepublikken.no\/wp-content\/uploads\/2025\/11\/1762937437_Studerer-rollen-til-astenosfaeren-ved-opprinnelsen-til-jordskjelv-og-magma.jpg","keywords":["astenosf\u00e6ren","INGV","Jordskjelv","magma","Opprinnelsen","rollen","SAKURAprosjektet","studerer","til","ved","vulkaner"],"articleSection":["Vitenskap"],"inLanguage":"nb-NO"},{"@type":"WebPage","@id":"https:\/\/nordnesrepublikken.no\/index.php\/2025\/11\/12\/studerer-rollen-til-astenosfaeren-ved-opprinnelsen-til-jordskjelv-og-magma-i-vulkaner-ingv-sakura-prosjektet\/","url":"https:\/\/nordnesrepublikken.no\/index.php\/2025\/11\/12\/studerer-rollen-til-astenosfaeren-ved-opprinnelsen-til-jordskjelv-og-magma-i-vulkaner-ingv-sakura-prosjektet\/","name":"Studerer rollen til astenosf\u00e6ren ved opprinnelsen til jordskjelv og magma i vulkaner: INGV SAKURA-prosjektet - Nordnesrepublikken","isPartOf":{"@id":"https:\/\/nordnesrepublikken.no\/#website"},"primaryImageOfPage":{"@id":"https:\/\/nordnesrepublikken.no\/index.php\/2025\/11\/12\/studerer-rollen-til-astenosfaeren-ved-opprinnelsen-til-jordskjelv-og-magma-i-vulkaner-ingv-sakura-prosjektet\/#primaryimage"},"image":{"@id":"https:\/\/nordnesrepublikken.no\/index.php\/2025\/11\/12\/studerer-rollen-til-astenosfaeren-ved-opprinnelsen-til-jordskjelv-og-magma-i-vulkaner-ingv-sakura-prosjektet\/#primaryimage"},"thumbnailUrl":"https:\/\/nordnesrepublikken.no\/wp-content\/uploads\/2025\/11\/1762937437_Studerer-rollen-til-astenosfaeren-ved-opprinnelsen-til-jordskjelv-og-magma.jpg","datePublished":"2025-11-12T08:50:36+00:00","dateModified":"2025-11-12T08:50:40+00:00","breadcrumb":{"@id":"https:\/\/nordnesrepublikken.no\/index.php\/2025\/11\/12\/studerer-rollen-til-astenosfaeren-ved-opprinnelsen-til-jordskjelv-og-magma-i-vulkaner-ingv-sakura-prosjektet\/#breadcrumb"},"inLanguage":"nb-NO","potentialAction":[{"@type":"ReadAction","target":["https:\/\/nordnesrepublikken.no\/index.php\/2025\/11\/12\/studerer-rollen-til-astenosfaeren-ved-opprinnelsen-til-jordskjelv-og-magma-i-vulkaner-ingv-sakura-prosjektet\/"]}]},{"@type":"ImageObject","inLanguage":"nb-NO","@id":"https:\/\/nordnesrepublikken.no\/index.php\/2025\/11\/12\/studerer-rollen-til-astenosfaeren-ved-opprinnelsen-til-jordskjelv-og-magma-i-vulkaner-ingv-sakura-prosjektet\/#primaryimage","url":"https:\/\/nordnesrepublikken.no\/wp-content\/uploads\/2025\/11\/1762937437_Studerer-rollen-til-astenosfaeren-ved-opprinnelsen-til-jordskjelv-og-magma.jpg","contentUrl":"https:\/\/nordnesrepublikken.no\/wp-content\/uploads\/2025\/11\/1762937437_Studerer-rollen-til-astenosfaeren-ved-opprinnelsen-til-jordskjelv-og-magma.jpg","width":2549,"height":1491,"caption":"Studerer rollen til astenosf\u00e6ren ved opprinnelsen til jordskjelv og magma i vulkaner: INGV SAKURA-prosjektet"},{"@type":"BreadcrumbList","@id":"https:\/\/nordnesrepublikken.no\/index.php\/2025\/11\/12\/studerer-rollen-til-astenosfaeren-ved-opprinnelsen-til-jordskjelv-og-magma-i-vulkaner-ingv-sakura-prosjektet\/#breadcrumb","itemListElement":[{"@type":"ListItem","position":1,"name":"Home","item":"https:\/\/nordnesrepublikken.no\/"},{"@type":"ListItem","position":2,"name":"Studerer rollen til astenosf\u00e6ren ved opprinnelsen til jordskjelv og magma i vulkaner: INGV SAKURA-prosjektet"}]},{"@type":"WebSite","@id":"https:\/\/nordnesrepublikken.no\/#website","url":"https:\/\/nordnesrepublikken.no\/","name":"Nordnesrepublikken","description":"Stemmer og Visjoner fra Republikkens Hjerte","publisher":{"@id":"https:\/\/nordnesrepublikken.no\/#organization"},"potentialAction":[{"@type":"SearchAction","target":{"@type":"EntryPoint","urlTemplate":"https:\/\/nordnesrepublikken.no\/?s={search_term_string}"},"query-input":{"@type":"PropertyValueSpecification","valueRequired":true,"valueName":"search_term_string"}}],"inLanguage":"nb-NO"},{"@type":"Organization","@id":"https:\/\/nordnesrepublikken.no\/#organization","name":"Nordnesrepublikken","url":"https:\/\/nordnesrepublikken.no\/","logo":{"@type":"ImageObject","inLanguage":"nb-NO","@id":"https:\/\/nordnesrepublikken.no\/#\/schema\/logo\/image\/","url":"https:\/\/nordnesrepublikken.no\/wp-content\/uploads\/2025\/02\/cropped-nordnesrepublikken-2.png","contentUrl":"https:\/\/nordnesrepublikken.no\/wp-content\/uploads\/2025\/02\/cropped-nordnesrepublikken-2.png","width":1248,"height":362,"caption":"Nordnesrepublikken"},"image":{"@id":"https:\/\/nordnesrepublikken.no\/#\/schema\/logo\/image\/"}},{"@type":"Person","@id":"https:\/\/nordnesrepublikken.no\/#\/schema\/person\/2e7e81935bab77882fffb79296240ff1","name":"Ole Andersen","image":{"@type":"ImageObject","inLanguage":"nb-NO","@id":"https:\/\/nordnesrepublikken.no\/#\/schema\/person\/image\/","url":"https:\/\/nordnesrepublikken.no\/wp-content\/uploads\/2025\/02\/nordnesrepublikken-2-2-150x150.jpg","contentUrl":"https:\/\/nordnesrepublikken.no\/wp-content\/uploads\/2025\/02\/nordnesrepublikken-2-2-150x150.jpg","caption":"Ole Andersen"},"description":"Ettersom jeg vokste opp i Oslo, har jeg alltid v\u00e6rt fascinert av ordenes kraft og deres evne til \u00e5 skape endringer. Etter \u00e5 ha fullf\u00f8rt min utdannelse i kommunikasjon ved Universitetet i Bergen, fikk jeg muligheten til \u00e5 jobbe innen ulike medier, der jeg har s\u00f8kt \u00e5 belyse viktige samfunnssp\u00f8rsm\u00e5l. I dag, som redakt\u00f8r for Nordnesrepublikken, pr\u00f8ver jeg \u00e5 forene min kj\u00e6rlighet for journalistikk med min lidenskap for innovasjon og eventyr.","sameAs":["https:\/\/nordnesrepublikken.no\/"]}]}},"_links":{"self":[{"href":"https:\/\/nordnesrepublikken.no\/index.php\/wp-json\/wp\/v2\/posts\/11619","targetHints":{"allow":["GET"]}}],"collection":[{"href":"https:\/\/nordnesrepublikken.no\/index.php\/wp-json\/wp\/v2\/posts"}],"about":[{"href":"https:\/\/nordnesrepublikken.no\/index.php\/wp-json\/wp\/v2\/types\/post"}],"author":[{"embeddable":true,"href":"https:\/\/nordnesrepublikken.no\/index.php\/wp-json\/wp\/v2\/users\/1"}],"replies":[{"embeddable":true,"href":"https:\/\/nordnesrepublikken.no\/index.php\/wp-json\/wp\/v2\/comments?post=11619"}],"version-history":[{"count":1,"href":"https:\/\/nordnesrepublikken.no\/index.php\/wp-json\/wp\/v2\/posts\/11619\/revisions"}],"predecessor-version":[{"id":11621,"href":"https:\/\/nordnesrepublikken.no\/index.php\/wp-json\/wp\/v2\/posts\/11619\/revisions\/11621"}],"wp:featuredmedia":[{"embeddable":true,"href":"https:\/\/nordnesrepublikken.no\/index.php\/wp-json\/wp\/v2\/media\/11620"}],"wp:attachment":[{"href":"https:\/\/nordnesrepublikken.no\/index.php\/wp-json\/wp\/v2\/media?parent=11619"}],"wp:term":[{"taxonomy":"category","embeddable":true,"href":"https:\/\/nordnesrepublikken.no\/index.php\/wp-json\/wp\/v2\/categories?post=11619"},{"taxonomy":"post_tag","embeddable":true,"href":"https:\/\/nordnesrepublikken.no\/index.php\/wp-json\/wp\/v2\/tags?post=11619"}],"curies":[{"name":"wp","href":"https:\/\/api.w.org\/{rel}","templated":true}]}}