{"id":11613,"date":"2025-11-12T06:50:11","date_gmt":"2025-11-12T05:50:11","guid":{"rendered":"https:\/\/nordnesrepublikken.no\/index.php\/2025\/11\/12\/et-tyrkisk-militaerfly-styrtet-mellom-georgia-og-aserbajdsjan-med-20-personer-om-bord-det-vi-vet\/"},"modified":"2025-11-12T06:50:18","modified_gmt":"2025-11-12T05:50:18","slug":"et-tyrkisk-militaerfly-styrtet-mellom-georgia-og-aserbajdsjan-med-20-personer-om-bord-det-vi-vet","status":"publish","type":"post","link":"https:\/\/nordnesrepublikken.no\/index.php\/2025\/11\/12\/et-tyrkisk-militaerfly-styrtet-mellom-georgia-og-aserbajdsjan-med-20-personer-om-bord-det-vi-vet\/","title":{"rendered":"Et tyrkisk milit\u00e6rfly styrtet mellom Georgia og Aserbajdsjan med 20 personer om bord: det vi vet"},"content":{"rendered":"<div>\n<div class=\"cp_wrapper cp_wrapper--fw mb-30 mb-20@tablet\">\n<figure class=\"mm\"><picture class=\"img\" style=\"padding-top:56.25%\"><source  media=\"(min-width: 1024px)\"><source  media=\"(min-width: 768px)\"><\/source><\/source><\/picture><\/figure>\n<\/p><\/div>\n<p>EN <strong>Tyrkisk C-130 milit\u00e6rfly<\/strong> styrtet i dag 11. november p\u00e5 grensen mellom <strong>Georgia<\/strong> Og <strong>Aserbajdsjan<\/strong> med ombord <strong>20 personer<\/strong>inkludert mannskapet, mens de var p\u00e5 vei til Tyrkia. DE&#8217;<strong>lastefly<\/strong> hadde tatt av fra Ganja internasjonale lufthavn, Aserbajdsjan, kl <strong>14.19 lokal tid<\/strong> (11:19 italiensk tid): som rapportert av <em>Reuters<\/em>skal flyet ha styrtet i den georgiske byen <strong>Sighnaghi<\/strong>i Kakheti-regionen, omtrent 5 km fra grensen til Aserbajdsjan.<\/p>\n<p>I f\u00f8lge data sporet av <em>Flightradar24<\/em>14.41 n\u00e5dde C-130 <b>en marsjh\u00f8yde p\u00e5 24 000 fot <\/b>(ca. 7.315 meter), mens siste signal ble sendt rundt klokken 14.49, da flyet reiste i rundt 519 km\/t.<\/p>\n<p>Hendelsen ble bekreftet av forsvarsdepartementet i Ankara, som rapporterte at <strong>s\u00f8keoperasjoner<\/strong> Det er jeg fortsatt <strong>p\u00e5g\u00e5r<\/strong>uten \u00e5 spesifisere antall ofre.<\/p>\n<p>De f\u00f8rste bildene tatt fra \u00e5stedet, publisert p\u00e5 sosiale medier, viser metallbiter som faller ned fra himmelen sammen med deler av <strong>flykropp<\/strong> fortsatt i brann, noe som ga klart synlig m\u00f8rk r\u00f8yk.<\/p>\n<p>Flyet var en <strong>C-130 Hercules<\/strong>produsert av det amerikanske selskapet Lockheed Martin, mye brukt av luftstyrker over hele verden og brukt til transport av varer, tropper og utstyr. N\u00e6rmere bestemt er C-130 Hercules en <strong>fire-motors turboprop milit\u00e6r transport:<\/strong> takket v\u00e6re allsidigheten har den i noen tilfeller ogs\u00e5 blitt brukt som kamphelikopter eller som fly for angrepsoperasjoner. I dag regnes det derfor som et av de viktigste taktiske transportflyene for <strong>v\u00e6pnede styrker<\/strong> av en rekke land, inkludert det italienske luftforsvaret.<\/p>\n<p>Umiddelbart etter hendelsen, den tyrkiske presidenten <strong>Erdogan<\/strong> uttrykte kondolanser for passasjerene om bord og deres familier, og bekreftet \u00e5pningen av en etterforskning: <strong>dynamikken i ulykken<\/strong>er imidlertid enn\u00e5 ikke avklart, og artikkelen er fortsatt under oppdatering.<\/p>\n<\/p><\/div>\n","protected":false},"excerpt":{"rendered":"<p>EN Tyrkisk C-130 milit\u00e6rfly styrtet i dag 11. november p\u00e5 grensen mellom Georgia Og Aserbajdsjan<\/p>\n","protected":false},"author":1,"featured_media":11614,"comment_status":"closed","ping_status":"open","sticky":false,"template":"","format":"standard","meta":{"footnotes":""},"categories":[104],"tags":[5340,3472,66,7649,79,212,7647,4201,7648,1127,73],"class_list":["post-11613","post","type-post","status-publish","format-standard","has-post-thumbnail","hentry","category-samfunn","tag-aserbajdsjan","tag-bord","tag-det","tag-georgia","tag-med","tag-mellom","tag-militaerfly","tag-personer","tag-styrtet","tag-tyrkisk","tag-vet","generate-columns","tablet-grid-50","mobile-grid-100","grid-parent","grid-33","resize-featured-image"],"yoast_head":"<!-- This site is optimized with the Yoast SEO plugin v24.4 - https:\/\/yoast.com\/wordpress\/plugins\/seo\/ -->\n<title>Et tyrkisk milit\u00e6rfly styrtet mellom Georgia og Aserbajdsjan med 20 personer om bord: det vi vet - Nordnesrepublikken<\/title>\n<meta name=\"robots\" content=\"index, follow, max-snippet:-1, max-image-preview:large, max-video-preview:-1\" \/>\n<link rel=\"canonical\" href=\"https:\/\/nordnesrepublikken.no\/index.php\/2025\/11\/12\/et-tyrkisk-militaerfly-styrtet-mellom-georgia-og-aserbajdsjan-med-20-personer-om-bord-det-vi-vet\/\" \/>\n<meta property=\"og:locale\" content=\"nb_NO\" \/>\n<meta property=\"og:type\" content=\"article\" \/>\n<meta property=\"og:title\" content=\"Et tyrkisk milit\u00e6rfly styrtet mellom Georgia og Aserbajdsjan med 20 personer om bord: det vi vet - Nordnesrepublikken\" \/>\n<meta property=\"og:description\" content=\"EN Tyrkisk C-130 milit\u00e6rfly styrtet i dag 11. november p\u00e5 grensen mellom Georgia Og Aserbajdsjan\" \/>\n<meta property=\"og:url\" content=\"https:\/\/nordnesrepublikken.no\/index.php\/2025\/11\/12\/et-tyrkisk-militaerfly-styrtet-mellom-georgia-og-aserbajdsjan-med-20-personer-om-bord-det-vi-vet\/\" \/>\n<meta property=\"og:site_name\" content=\"Nordnesrepublikken\" \/>\n<meta property=\"article:published_time\" content=\"2025-11-12T05:50:11+00:00\" \/>\n<meta property=\"article:modified_time\" content=\"2025-11-12T05:50:18+00:00\" \/>\n<meta property=\"og:image\" content=\"https:\/\/nordnesrepublikken.no\/wp-content\/uploads\/2025\/11\/1762926612_Et-tyrkisk-militaerfly-styrtet-mellom-Georgia-og-Aserbajdsjan-med-20.jpg\" \/>\n\t<meta property=\"og:image:width\" content=\"2376\" \/>\n\t<meta property=\"og:image:height\" content=\"1316\" \/>\n\t<meta property=\"og:image:type\" content=\"image\/jpeg\" \/>\n<meta name=\"author\" content=\"Ole Andersen\" \/>\n<meta name=\"twitter:card\" content=\"summary_large_image\" \/>\n<meta name=\"twitter:label1\" content=\"Skrevet av\" \/>\n\t<meta name=\"twitter:data1\" content=\"Ole Andersen\" \/>\n\t<meta name=\"twitter:label2\" content=\"Ansl. lesetid\" \/>\n\t<meta name=\"twitter:data2\" content=\"1 minutt\" \/>\n<script type=\"application\/ld+json\" class=\"yoast-schema-graph\">{\"@context\":\"https:\/\/schema.org\",\"@graph\":[{\"@type\":\"Article\",\"@id\":\"https:\/\/nordnesrepublikken.no\/index.php\/2025\/11\/12\/et-tyrkisk-militaerfly-styrtet-mellom-georgia-og-aserbajdsjan-med-20-personer-om-bord-det-vi-vet\/#article\",\"isPartOf\":{\"@id\":\"https:\/\/nordnesrepublikken.no\/index.php\/2025\/11\/12\/et-tyrkisk-militaerfly-styrtet-mellom-georgia-og-aserbajdsjan-med-20-personer-om-bord-det-vi-vet\/\"},\"author\":{\"name\":\"Ole Andersen\",\"@id\":\"https:\/\/nordnesrepublikken.no\/#\/schema\/person\/2e7e81935bab77882fffb79296240ff1\"},\"headline\":\"Et tyrkisk milit\u00e6rfly styrtet mellom Georgia og Aserbajdsjan med 20 personer om bord: det vi vet\",\"datePublished\":\"2025-11-12T05:50:11+00:00\",\"dateModified\":\"2025-11-12T05:50:18+00:00\",\"mainEntityOfPage\":{\"@id\":\"https:\/\/nordnesrepublikken.no\/index.php\/2025\/11\/12\/et-tyrkisk-militaerfly-styrtet-mellom-georgia-og-aserbajdsjan-med-20-personer-om-bord-det-vi-vet\/\"},\"wordCount\":281,\"publisher\":{\"@id\":\"https:\/\/nordnesrepublikken.no\/#organization\"},\"image\":{\"@id\":\"https:\/\/nordnesrepublikken.no\/index.php\/2025\/11\/12\/et-tyrkisk-militaerfly-styrtet-mellom-georgia-og-aserbajdsjan-med-20-personer-om-bord-det-vi-vet\/#primaryimage\"},\"thumbnailUrl\":\"https:\/\/nordnesrepublikken.no\/wp-content\/uploads\/2025\/11\/1762926612_Et-tyrkisk-militaerfly-styrtet-mellom-Georgia-og-Aserbajdsjan-med-20.jpg\",\"keywords\":[\"Aserbajdsjan\",\"bord\",\"Det\",\"Georgia\",\"med\",\"mellom\",\"milit\u00e6rfly\",\"personer\",\"styrtet\",\"tyrkisk\",\"vet\"],\"articleSection\":[\"Samfunn\"],\"inLanguage\":\"nb-NO\"},{\"@type\":\"WebPage\",\"@id\":\"https:\/\/nordnesrepublikken.no\/index.php\/2025\/11\/12\/et-tyrkisk-militaerfly-styrtet-mellom-georgia-og-aserbajdsjan-med-20-personer-om-bord-det-vi-vet\/\",\"url\":\"https:\/\/nordnesrepublikken.no\/index.php\/2025\/11\/12\/et-tyrkisk-militaerfly-styrtet-mellom-georgia-og-aserbajdsjan-med-20-personer-om-bord-det-vi-vet\/\",\"name\":\"Et tyrkisk milit\u00e6rfly styrtet mellom Georgia og Aserbajdsjan med 20 personer om bord: det vi vet - Nordnesrepublikken\",\"isPartOf\":{\"@id\":\"https:\/\/nordnesrepublikken.no\/#website\"},\"primaryImageOfPage\":{\"@id\":\"https:\/\/nordnesrepublikken.no\/index.php\/2025\/11\/12\/et-tyrkisk-militaerfly-styrtet-mellom-georgia-og-aserbajdsjan-med-20-personer-om-bord-det-vi-vet\/#primaryimage\"},\"image\":{\"@id\":\"https:\/\/nordnesrepublikken.no\/index.php\/2025\/11\/12\/et-tyrkisk-militaerfly-styrtet-mellom-georgia-og-aserbajdsjan-med-20-personer-om-bord-det-vi-vet\/#primaryimage\"},\"thumbnailUrl\":\"https:\/\/nordnesrepublikken.no\/wp-content\/uploads\/2025\/11\/1762926612_Et-tyrkisk-militaerfly-styrtet-mellom-Georgia-og-Aserbajdsjan-med-20.jpg\",\"datePublished\":\"2025-11-12T05:50:11+00:00\",\"dateModified\":\"2025-11-12T05:50:18+00:00\",\"breadcrumb\":{\"@id\":\"https:\/\/nordnesrepublikken.no\/index.php\/2025\/11\/12\/et-tyrkisk-militaerfly-styrtet-mellom-georgia-og-aserbajdsjan-med-20-personer-om-bord-det-vi-vet\/#breadcrumb\"},\"inLanguage\":\"nb-NO\",\"potentialAction\":[{\"@type\":\"ReadAction\",\"target\":[\"https:\/\/nordnesrepublikken.no\/index.php\/2025\/11\/12\/et-tyrkisk-militaerfly-styrtet-mellom-georgia-og-aserbajdsjan-med-20-personer-om-bord-det-vi-vet\/\"]}]},{\"@type\":\"ImageObject\",\"inLanguage\":\"nb-NO\",\"@id\":\"https:\/\/nordnesrepublikken.no\/index.php\/2025\/11\/12\/et-tyrkisk-militaerfly-styrtet-mellom-georgia-og-aserbajdsjan-med-20-personer-om-bord-det-vi-vet\/#primaryimage\",\"url\":\"https:\/\/nordnesrepublikken.no\/wp-content\/uploads\/2025\/11\/1762926612_Et-tyrkisk-militaerfly-styrtet-mellom-Georgia-og-Aserbajdsjan-med-20.jpg\",\"contentUrl\":\"https:\/\/nordnesrepublikken.no\/wp-content\/uploads\/2025\/11\/1762926612_Et-tyrkisk-militaerfly-styrtet-mellom-Georgia-og-Aserbajdsjan-med-20.jpg\",\"width\":2376,\"height\":1316,\"caption\":\"Et tyrkisk milit\u00e6rfly styrtet mellom Georgia og Aserbajdsjan med 20 personer om bord: det vi vet\"},{\"@type\":\"BreadcrumbList\",\"@id\":\"https:\/\/nordnesrepublikken.no\/index.php\/2025\/11\/12\/et-tyrkisk-militaerfly-styrtet-mellom-georgia-og-aserbajdsjan-med-20-personer-om-bord-det-vi-vet\/#breadcrumb\",\"itemListElement\":[{\"@type\":\"ListItem\",\"position\":1,\"name\":\"Home\",\"item\":\"https:\/\/nordnesrepublikken.no\/\"},{\"@type\":\"ListItem\",\"position\":2,\"name\":\"Et tyrkisk milit\u00e6rfly styrtet mellom Georgia og Aserbajdsjan med 20 personer om bord: det vi vet\"}]},{\"@type\":\"WebSite\",\"@id\":\"https:\/\/nordnesrepublikken.no\/#website\",\"url\":\"https:\/\/nordnesrepublikken.no\/\",\"name\":\"Nordnesrepublikken\",\"description\":\"Stemmer og Visjoner fra Republikkens Hjerte\",\"publisher\":{\"@id\":\"https:\/\/nordnesrepublikken.no\/#organization\"},\"potentialAction\":[{\"@type\":\"SearchAction\",\"target\":{\"@type\":\"EntryPoint\",\"urlTemplate\":\"https:\/\/nordnesrepublikken.no\/?s={search_term_string}\"},\"query-input\":{\"@type\":\"PropertyValueSpecification\",\"valueRequired\":true,\"valueName\":\"search_term_string\"}}],\"inLanguage\":\"nb-NO\"},{\"@type\":\"Organization\",\"@id\":\"https:\/\/nordnesrepublikken.no\/#organization\",\"name\":\"Nordnesrepublikken\",\"url\":\"https:\/\/nordnesrepublikken.no\/\",\"logo\":{\"@type\":\"ImageObject\",\"inLanguage\":\"nb-NO\",\"@id\":\"https:\/\/nordnesrepublikken.no\/#\/schema\/logo\/image\/\",\"url\":\"https:\/\/nordnesrepublikken.no\/wp-content\/uploads\/2025\/02\/cropped-nordnesrepublikken-2.png\",\"contentUrl\":\"https:\/\/nordnesrepublikken.no\/wp-content\/uploads\/2025\/02\/cropped-nordnesrepublikken-2.png\",\"width\":1248,\"height\":362,\"caption\":\"Nordnesrepublikken\"},\"image\":{\"@id\":\"https:\/\/nordnesrepublikken.no\/#\/schema\/logo\/image\/\"}},{\"@type\":\"Person\",\"@id\":\"https:\/\/nordnesrepublikken.no\/#\/schema\/person\/2e7e81935bab77882fffb79296240ff1\",\"name\":\"Ole Andersen\",\"image\":{\"@type\":\"ImageObject\",\"inLanguage\":\"nb-NO\",\"@id\":\"https:\/\/nordnesrepublikken.no\/#\/schema\/person\/image\/\",\"url\":\"https:\/\/nordnesrepublikken.no\/wp-content\/uploads\/2025\/02\/nordnesrepublikken-2-2-150x150.jpg\",\"contentUrl\":\"https:\/\/nordnesrepublikken.no\/wp-content\/uploads\/2025\/02\/nordnesrepublikken-2-2-150x150.jpg\",\"caption\":\"Ole Andersen\"},\"description\":\"Ettersom jeg vokste opp i Oslo, har jeg alltid v\u00e6rt fascinert av ordenes kraft og deres evne til \u00e5 skape endringer. Etter \u00e5 ha fullf\u00f8rt min utdannelse i kommunikasjon ved Universitetet i Bergen, fikk jeg muligheten til \u00e5 jobbe innen ulike medier, der jeg har s\u00f8kt \u00e5 belyse viktige samfunnssp\u00f8rsm\u00e5l. I dag, som redakt\u00f8r for Nordnesrepublikken, pr\u00f8ver jeg \u00e5 forene min kj\u00e6rlighet for journalistikk med min lidenskap for innovasjon og eventyr.\",\"sameAs\":[\"https:\/\/nordnesrepublikken.no\/\"]}]}<\/script>\n<!-- \/ Yoast SEO plugin. -->","yoast_head_json":{"title":"Et tyrkisk milit\u00e6rfly styrtet mellom Georgia og Aserbajdsjan med 20 personer om bord: det vi vet - Nordnesrepublikken","robots":{"index":"index","follow":"follow","max-snippet":"max-snippet:-1","max-image-preview":"max-image-preview:large","max-video-preview":"max-video-preview:-1"},"canonical":"https:\/\/nordnesrepublikken.no\/index.php\/2025\/11\/12\/et-tyrkisk-militaerfly-styrtet-mellom-georgia-og-aserbajdsjan-med-20-personer-om-bord-det-vi-vet\/","og_locale":"nb_NO","og_type":"article","og_title":"Et tyrkisk milit\u00e6rfly styrtet mellom Georgia og Aserbajdsjan med 20 personer om bord: det vi vet - Nordnesrepublikken","og_description":"EN Tyrkisk C-130 milit\u00e6rfly styrtet i dag 11. november p\u00e5 grensen mellom Georgia Og Aserbajdsjan","og_url":"https:\/\/nordnesrepublikken.no\/index.php\/2025\/11\/12\/et-tyrkisk-militaerfly-styrtet-mellom-georgia-og-aserbajdsjan-med-20-personer-om-bord-det-vi-vet\/","og_site_name":"Nordnesrepublikken","article_published_time":"2025-11-12T05:50:11+00:00","article_modified_time":"2025-11-12T05:50:18+00:00","og_image":[{"width":2376,"height":1316,"url":"https:\/\/nordnesrepublikken.no\/wp-content\/uploads\/2025\/11\/1762926612_Et-tyrkisk-militaerfly-styrtet-mellom-Georgia-og-Aserbajdsjan-med-20.jpg","type":"image\/jpeg"}],"author":"Ole Andersen","twitter_card":"summary_large_image","twitter_misc":{"Skrevet av":"Ole Andersen","Ansl. lesetid":"1 minutt"},"schema":{"@context":"https:\/\/schema.org","@graph":[{"@type":"Article","@id":"https:\/\/nordnesrepublikken.no\/index.php\/2025\/11\/12\/et-tyrkisk-militaerfly-styrtet-mellom-georgia-og-aserbajdsjan-med-20-personer-om-bord-det-vi-vet\/#article","isPartOf":{"@id":"https:\/\/nordnesrepublikken.no\/index.php\/2025\/11\/12\/et-tyrkisk-militaerfly-styrtet-mellom-georgia-og-aserbajdsjan-med-20-personer-om-bord-det-vi-vet\/"},"author":{"name":"Ole Andersen","@id":"https:\/\/nordnesrepublikken.no\/#\/schema\/person\/2e7e81935bab77882fffb79296240ff1"},"headline":"Et tyrkisk milit\u00e6rfly styrtet mellom Georgia og Aserbajdsjan med 20 personer om bord: det vi vet","datePublished":"2025-11-12T05:50:11+00:00","dateModified":"2025-11-12T05:50:18+00:00","mainEntityOfPage":{"@id":"https:\/\/nordnesrepublikken.no\/index.php\/2025\/11\/12\/et-tyrkisk-militaerfly-styrtet-mellom-georgia-og-aserbajdsjan-med-20-personer-om-bord-det-vi-vet\/"},"wordCount":281,"publisher":{"@id":"https:\/\/nordnesrepublikken.no\/#organization"},"image":{"@id":"https:\/\/nordnesrepublikken.no\/index.php\/2025\/11\/12\/et-tyrkisk-militaerfly-styrtet-mellom-georgia-og-aserbajdsjan-med-20-personer-om-bord-det-vi-vet\/#primaryimage"},"thumbnailUrl":"https:\/\/nordnesrepublikken.no\/wp-content\/uploads\/2025\/11\/1762926612_Et-tyrkisk-militaerfly-styrtet-mellom-Georgia-og-Aserbajdsjan-med-20.jpg","keywords":["Aserbajdsjan","bord","Det","Georgia","med","mellom","milit\u00e6rfly","personer","styrtet","tyrkisk","vet"],"articleSection":["Samfunn"],"inLanguage":"nb-NO"},{"@type":"WebPage","@id":"https:\/\/nordnesrepublikken.no\/index.php\/2025\/11\/12\/et-tyrkisk-militaerfly-styrtet-mellom-georgia-og-aserbajdsjan-med-20-personer-om-bord-det-vi-vet\/","url":"https:\/\/nordnesrepublikken.no\/index.php\/2025\/11\/12\/et-tyrkisk-militaerfly-styrtet-mellom-georgia-og-aserbajdsjan-med-20-personer-om-bord-det-vi-vet\/","name":"Et tyrkisk milit\u00e6rfly styrtet mellom Georgia og Aserbajdsjan med 20 personer om bord: det vi vet - Nordnesrepublikken","isPartOf":{"@id":"https:\/\/nordnesrepublikken.no\/#website"},"primaryImageOfPage":{"@id":"https:\/\/nordnesrepublikken.no\/index.php\/2025\/11\/12\/et-tyrkisk-militaerfly-styrtet-mellom-georgia-og-aserbajdsjan-med-20-personer-om-bord-det-vi-vet\/#primaryimage"},"image":{"@id":"https:\/\/nordnesrepublikken.no\/index.php\/2025\/11\/12\/et-tyrkisk-militaerfly-styrtet-mellom-georgia-og-aserbajdsjan-med-20-personer-om-bord-det-vi-vet\/#primaryimage"},"thumbnailUrl":"https:\/\/nordnesrepublikken.no\/wp-content\/uploads\/2025\/11\/1762926612_Et-tyrkisk-militaerfly-styrtet-mellom-Georgia-og-Aserbajdsjan-med-20.jpg","datePublished":"2025-11-12T05:50:11+00:00","dateModified":"2025-11-12T05:50:18+00:00","breadcrumb":{"@id":"https:\/\/nordnesrepublikken.no\/index.php\/2025\/11\/12\/et-tyrkisk-militaerfly-styrtet-mellom-georgia-og-aserbajdsjan-med-20-personer-om-bord-det-vi-vet\/#breadcrumb"},"inLanguage":"nb-NO","potentialAction":[{"@type":"ReadAction","target":["https:\/\/nordnesrepublikken.no\/index.php\/2025\/11\/12\/et-tyrkisk-militaerfly-styrtet-mellom-georgia-og-aserbajdsjan-med-20-personer-om-bord-det-vi-vet\/"]}]},{"@type":"ImageObject","inLanguage":"nb-NO","@id":"https:\/\/nordnesrepublikken.no\/index.php\/2025\/11\/12\/et-tyrkisk-militaerfly-styrtet-mellom-georgia-og-aserbajdsjan-med-20-personer-om-bord-det-vi-vet\/#primaryimage","url":"https:\/\/nordnesrepublikken.no\/wp-content\/uploads\/2025\/11\/1762926612_Et-tyrkisk-militaerfly-styrtet-mellom-Georgia-og-Aserbajdsjan-med-20.jpg","contentUrl":"https:\/\/nordnesrepublikken.no\/wp-content\/uploads\/2025\/11\/1762926612_Et-tyrkisk-militaerfly-styrtet-mellom-Georgia-og-Aserbajdsjan-med-20.jpg","width":2376,"height":1316,"caption":"Et tyrkisk milit\u00e6rfly styrtet mellom Georgia og Aserbajdsjan med 20 personer om bord: det vi vet"},{"@type":"BreadcrumbList","@id":"https:\/\/nordnesrepublikken.no\/index.php\/2025\/11\/12\/et-tyrkisk-militaerfly-styrtet-mellom-georgia-og-aserbajdsjan-med-20-personer-om-bord-det-vi-vet\/#breadcrumb","itemListElement":[{"@type":"ListItem","position":1,"name":"Home","item":"https:\/\/nordnesrepublikken.no\/"},{"@type":"ListItem","position":2,"name":"Et tyrkisk milit\u00e6rfly styrtet mellom Georgia og Aserbajdsjan med 20 personer om bord: det vi vet"}]},{"@type":"WebSite","@id":"https:\/\/nordnesrepublikken.no\/#website","url":"https:\/\/nordnesrepublikken.no\/","name":"Nordnesrepublikken","description":"Stemmer og Visjoner fra Republikkens Hjerte","publisher":{"@id":"https:\/\/nordnesrepublikken.no\/#organization"},"potentialAction":[{"@type":"SearchAction","target":{"@type":"EntryPoint","urlTemplate":"https:\/\/nordnesrepublikken.no\/?s={search_term_string}"},"query-input":{"@type":"PropertyValueSpecification","valueRequired":true,"valueName":"search_term_string"}}],"inLanguage":"nb-NO"},{"@type":"Organization","@id":"https:\/\/nordnesrepublikken.no\/#organization","name":"Nordnesrepublikken","url":"https:\/\/nordnesrepublikken.no\/","logo":{"@type":"ImageObject","inLanguage":"nb-NO","@id":"https:\/\/nordnesrepublikken.no\/#\/schema\/logo\/image\/","url":"https:\/\/nordnesrepublikken.no\/wp-content\/uploads\/2025\/02\/cropped-nordnesrepublikken-2.png","contentUrl":"https:\/\/nordnesrepublikken.no\/wp-content\/uploads\/2025\/02\/cropped-nordnesrepublikken-2.png","width":1248,"height":362,"caption":"Nordnesrepublikken"},"image":{"@id":"https:\/\/nordnesrepublikken.no\/#\/schema\/logo\/image\/"}},{"@type":"Person","@id":"https:\/\/nordnesrepublikken.no\/#\/schema\/person\/2e7e81935bab77882fffb79296240ff1","name":"Ole Andersen","image":{"@type":"ImageObject","inLanguage":"nb-NO","@id":"https:\/\/nordnesrepublikken.no\/#\/schema\/person\/image\/","url":"https:\/\/nordnesrepublikken.no\/wp-content\/uploads\/2025\/02\/nordnesrepublikken-2-2-150x150.jpg","contentUrl":"https:\/\/nordnesrepublikken.no\/wp-content\/uploads\/2025\/02\/nordnesrepublikken-2-2-150x150.jpg","caption":"Ole Andersen"},"description":"Ettersom jeg vokste opp i Oslo, har jeg alltid v\u00e6rt fascinert av ordenes kraft og deres evne til \u00e5 skape endringer. Etter \u00e5 ha fullf\u00f8rt min utdannelse i kommunikasjon ved Universitetet i Bergen, fikk jeg muligheten til \u00e5 jobbe innen ulike medier, der jeg har s\u00f8kt \u00e5 belyse viktige samfunnssp\u00f8rsm\u00e5l. I dag, som redakt\u00f8r for Nordnesrepublikken, pr\u00f8ver jeg \u00e5 forene min kj\u00e6rlighet for journalistikk med min lidenskap for innovasjon og eventyr.","sameAs":["https:\/\/nordnesrepublikken.no\/"]}]}},"_links":{"self":[{"href":"https:\/\/nordnesrepublikken.no\/index.php\/wp-json\/wp\/v2\/posts\/11613","targetHints":{"allow":["GET"]}}],"collection":[{"href":"https:\/\/nordnesrepublikken.no\/index.php\/wp-json\/wp\/v2\/posts"}],"about":[{"href":"https:\/\/nordnesrepublikken.no\/index.php\/wp-json\/wp\/v2\/types\/post"}],"author":[{"embeddable":true,"href":"https:\/\/nordnesrepublikken.no\/index.php\/wp-json\/wp\/v2\/users\/1"}],"replies":[{"embeddable":true,"href":"https:\/\/nordnesrepublikken.no\/index.php\/wp-json\/wp\/v2\/comments?post=11613"}],"version-history":[{"count":1,"href":"https:\/\/nordnesrepublikken.no\/index.php\/wp-json\/wp\/v2\/posts\/11613\/revisions"}],"predecessor-version":[{"id":11615,"href":"https:\/\/nordnesrepublikken.no\/index.php\/wp-json\/wp\/v2\/posts\/11613\/revisions\/11615"}],"wp:featuredmedia":[{"embeddable":true,"href":"https:\/\/nordnesrepublikken.no\/index.php\/wp-json\/wp\/v2\/media\/11614"}],"wp:attachment":[{"href":"https:\/\/nordnesrepublikken.no\/index.php\/wp-json\/wp\/v2\/media?parent=11613"}],"wp:term":[{"taxonomy":"category","embeddable":true,"href":"https:\/\/nordnesrepublikken.no\/index.php\/wp-json\/wp\/v2\/categories?post=11613"},{"taxonomy":"post_tag","embeddable":true,"href":"https:\/\/nordnesrepublikken.no\/index.php\/wp-json\/wp\/v2\/tags?post=11613"}],"curies":[{"name":"wp","href":"https:\/\/api.w.org\/{rel}","templated":true}]}}