{"id":11610,"date":"2025-11-12T05:52:16","date_gmt":"2025-11-12T04:52:16","guid":{"rendered":"https:\/\/nordnesrepublikken.no\/index.php\/2025\/11\/12\/spansk-kvinne-gar-viralt-over-pastander-om-at-amerikansk-mat-gjor-henne-syk-helsefordelene-som-utvandrere-i-spania-ikke-bor-ta-for-gitt\/"},"modified":"2025-11-12T05:52:18","modified_gmt":"2025-11-12T04:52:18","slug":"spansk-kvinne-gar-viralt-over-pastander-om-at-amerikansk-mat-gjor-henne-syk-helsefordelene-som-utvandrere-i-spania-ikke-bor-ta-for-gitt","status":"publish","type":"post","link":"https:\/\/nordnesrepublikken.no\/index.php\/2025\/11\/12\/spansk-kvinne-gar-viralt-over-pastander-om-at-amerikansk-mat-gjor-henne-syk-helsefordelene-som-utvandrere-i-spania-ikke-bor-ta-for-gitt\/","title":{"rendered":"Spansk kvinne g\u00e5r viralt over p\u00e5stander om at amerikansk mat gj\u00f8r henne syk \u2013 helsefordelene som utvandrere i Spania ikke b\u00f8r ta for gitt"},"content":{"rendered":"<p><\/p>\n<div class=\"wordpress-content\">\n                    <!-- Article Start --><\/p>\n<p class=\"p1\"><strong>En spansk kvinne som bor i USA har blitt viralt etter \u00e5 ha hevdet at maten der \u00abgj\u00f8r henne syk\u00bb, og beskylder tilsetningsstoffer, hormoner og ultrabehandlede ingredienser for at hun f\u00f8ler seg konstant uvel.<\/strong> I en video som har f\u00e5tt over 3 millioner visninger, forklarer hun at til tross for at hun spiser det hun anser som &laquo;normale m\u00e5ltider&raquo;, f\u00f8les immunforsvaret hennes svakere, energiniv\u00e5et har sunket, og hun tror at alt kommer ned til hva som er p\u00e5 tallerkenen hennes.<\/p>\n<p class=\"p3\"><b>Et land som spiser godt \u2013 uten \u00e5 pr\u00f8ve<\/b><\/p>\n<div class=\"sra_unit\"><link rel=\"stylesheet\" id=\"block-sra\" href=\"https:\/\/euroweeklynews.com\/wp-content\/plugins\/snack-related-articles\/dist\/css\/snack-related.min.css?250312-193541\" type=\"text\/css\" media=\"all\">\n<\/div>\n<p class=\"p1\">Spania rangerer jevnlig blant verdens sunneste nasjoner, og det er ikke vanskelig \u00e5 se hvorfor. Den tradisjonelle middelhavsdietten \u2013 rik p\u00e5 olivenolje, ferske gr\u00f8nnsaker, belgfrukter, sj\u00f8mat og moderate porsjoner kj\u00f8tt og meieri \u2013 er ikke en trend her. Det er rett og slett hvordan folk spiser.<\/p>\n<p class=\"p1\">Fra det daglige markedet til lange, sene familiem\u00e5ltider, er det spanske forholdet til mat dypt sosialt og forankret i ferske, lokale r\u00e5varer. Selv et raskt tapasstopp involverer ekte olivenolje, nysk\u00e5ret jam\u00f3n og tomater som smaker som de ble plukket i g\u00e5r.<\/p>\n<p class=\"p1\">Sammenlignet med land som USA, hvor bekvemmelighet og bearbeidet mat dominerer, er Spanias standardm\u00e5te \u00e5 spise naturlig balansert og hjertesunn.<\/p>\n<p class=\"p3\"><b>Det ultrabearbeidede skillet<\/b><\/p>\n<p class=\"p1\">Det viser seg at den spanske TikTokers bekymringer ikke er ubegrunnede. I f\u00f8lge US Centers for Disease Control and Prevention kommer over halvparten av amerikanske voksnes daglige kalorier (53 %) fra ultrabearbeidet mat, og for barn og ten\u00e5ringer hopper dette tallet til svimlende 61,9 %. Ultrabearbeidet mat (UPF) inkluderer pakket snacks, s\u00f8te frokostblandinger, rekonstituert kj\u00f8tt og brus \u2013 alt kraftig modifisert gjennom industriell prosessering.<\/p>\n<p class=\"p1\">Nyere forskning publisert i <i>The Lancet<\/i> og <i>Folkehelse ern\u00e6ring<\/i> har koblet dietter med h\u00f8yt UPF-innhold til \u00f8kt risiko for fedme, hjertesykdom og til og med tidlig d\u00f8d \u2013 selv n\u00e5r totalt kaloriinntak og trening tas i betraktning.<\/p>\n<p class=\"p1\">I Europa ser bildet ganske annerledes ut. I 22 europeiske land varierer andelen daglige kalorier fra UPF-er mellom 14 % og 44 %, avhengig av land. I Spania har studier vist at ultrabearbeidet mat utgj\u00f8r rundt 24-31 % av den totale energien i kosten \u2013 langt lavere enn i USA. Mens dette tallet har kr\u00f8pet oppover siden 1990-tallet, opprettholder Spania fortsatt et av de laveste niv\u00e5ene av UPF-forbruk i Europa.<\/p>\n<p class=\"p1\">Det er en p\u00e5minnelse om at Spanias tradisjonelle matkultur \u2013 mindre emballasje, mer r\u00e5varer \u2013 ikke bare er sjarmerende. Det er bokstavelig talt sunnere.<\/p>\n<p class=\"p3\"><b>Strengere standarder, ferskere mat<\/b><\/p>\n<p class=\"p1\">En del av Spanias fordel ligger i regulering. Den europeiske union har langt strammere matsikkerhets- og merkelover enn USA, og forbyr visse hormoner, antibiotika og tilsetningsstoffer som vanligvis finnes i amerikansk kj\u00f8tt og meieriprodukter.<\/p>\n<p class=\"p1\">I Spania er det lettere \u00e5 spore hvor maten kommer fra \u2013 enten det er galisisk biff, menorkansk ost eller andalusisk olivenolje. Bondemarkeder og sm\u00e5 gr\u00f8nnsakshandlere trives fortsatt, og tilbyr sesongbaserte r\u00e5varer som ikke har reist halvveis rundt i verden.<\/p>\n<p class=\"p1\">For expats som er vant til tungt emballerte supermarkedsvarer, kan det f\u00f8les nesten gammeldags i begynnelsen \u2013 men det er sjarmen. \u00c5 spise n\u00e6rmere kilden betyr ofte bedre ern\u00e6ring, f\u00e6rre konserveringsmidler og mindre prosessering totalt sett.<\/p>\n<p class=\"p1\">Det er ikke bare maten i seg selv som gj\u00f8r Spania sunnere \u2013 det er den <i>vei<\/i> folk spiser. M\u00e5ltider her er tregere, mer sosiale og mindre forhastede. Lunsj er ofte dagens st\u00f8rste m\u00e5ltid, spist sittende (ikke ved et skrivebord), etterfulgt av en skikkelig pause.<\/p>\n<p class=\"p1\">Kveldene strekker seg til langt ut p\u00e5 natten, med felles tallerkener og samtaler. Det er en rytme som naturlig oppmuntrer til oppmerksomhet og moderasjon \u2013 langt unna grab-and-go-kulturen mange expats etterlater seg.<\/p>\n<p class=\"p1\">Legg til solskinnet \u00e5ret rundt, friluftsliv og turbare byer, og det er ikke rart at Spania konsekvent scorer n\u00e6r toppen av den globale helserangeringen.<\/p>\n<p class=\"p1\">Den virale historien om den spanske kvinnen som f\u00f8ler seg &laquo;syk&raquo; i utlandet handler mindre om \u00e5 skylde p\u00e5 et lands mat og mer om \u00e5 minne oss p\u00e5 hva som er verdt \u00e5 beskytte. Spanias tilknytning til ekte mat \u2013 dyrket lokalt, spist sakte og delt sosialt \u2013 er noe spesielt, og expats er heldige som f\u00e5r oppleve det p\u00e5 egen h\u00e5nd.<\/p>\n<p class=\"p1\">Selvf\u00f8lgelig er ikke Spania perfekt. Supermarkeder her har fortsatt rikelig med bearbeidet snacks og sukkerholdige drikker, og det moderne tempoet i livet betyr at mange mennesker lager mindre enn de pleide. Men alt i alt er det et av de enkleste stedene i verden \u00e5 spise godt uten \u00e5 tenke over det.<\/p>\n<p class=\"p1\">En europeisk unders\u00f8kelse fra EIT Food fant at 65 % av forbrukerne mener ultrabearbeidet mat er usunn og 67 % sier at de bidrar til fedme og diabetes. Det er tydelig at folk v\u00e5kner opp til farene \u2013 og i Spania lever mange allerede alternativet.<\/p>\n<p class=\"p3\"><b>Fem helsefordeler som utvandrere i Spania ikke b\u00f8r ta for gitt<\/b><\/p>\n<ol class=\"ol1\">\n<li class=\"li1\"><b>Middelhavsdietten.<\/b> Vitenskapelig bevist \u00e5 redusere risikoen for hjertesykdom og \u00f8ke levetiden.<\/li>\n<li class=\"li1\"><b>Sterkere matstandarder.<\/b> F\u00e6rre hormoner og tilsetningsstoffer takket v\u00e6re EUs regelverk.<\/li>\n<li class=\"li1\"><b>Ferske, sesongbaserte r\u00e5varer.<\/b> Lokale markeder gj\u00f8r spise godt rimelig og tilgjengelig.<\/li>\n<li class=\"li1\"><b>Friluftslivsstil.<\/b> Solskinn, turg\u00e5ing og en aktiv kultur \u00f8ker mental og fysisk helse.<\/li>\n<li class=\"li1\"><b>Oppmerksomme matvaner.<\/b> M\u00e5ltider er sosiale begivenheter, ikke bare drivstoff \u2013 og det er en stor del av hvorfor spanjolene lever lenger.<\/li>\n<\/ol>\n<p class=\"p1\">S\u00e5 neste gang du handler p\u00e5 ditt lokale marked eller dveler over tapas med venner, husk \u2013 det er mer enn bare et deilig m\u00e5ltid. Det er en av de sunneste m\u00e5tene \u00e5 leve p\u00e5, og en p\u00e5minnelse om hvor godt livet i Spania egentlig smaker.<\/p>\n<p>                    <!-- Originally published at https:\/\/euroweeklynews.com\/2025\/11\/11\/spanish-woman-goes-viral-over-claims-us-food-is-making-her-sick-the-health-perks-expats-in-spain-shouldnt-take-for-granted\/ on 11 Nov 2025 at 13:39 by Lottie Verrier --><br \/>\n                    <!-- Article End -->\n                <\/div>\n<p><script async src=\"\/\/www.tiktok.com\/embed.js\"><\/script><\/p>\n","protected":false},"excerpt":{"rendered":"<p>En spansk kvinne som bor i USA har blitt viralt etter \u00e5 ha hevdet at<\/p>\n","protected":false},"author":1,"featured_media":11611,"comment_status":"closed","ping_status":"open","sticky":false,"template":"","format":"standard","meta":{"footnotes":""},"categories":[105],"tags":[820,1629,300,458,1238,7646,3619,187,2144,2285,6045,31,529,995,7645,2300,2025],"class_list":["post-11610","post","type-post","status-publish","format-standard","has-post-thumbnail","hentry","category-livsstil","tag-amerikansk","tag-bor","tag-gar","tag-gitt","tag-gjor","tag-helsefordelene","tag-henne","tag-ikke","tag-kvinne","tag-mat","tag-pastander","tag-som","tag-spania","tag-spansk","tag-syk","tag-utvandrere","tag-viralt","generate-columns","tablet-grid-50","mobile-grid-100","grid-parent","grid-33","resize-featured-image"],"yoast_head":"<!-- This site is optimized with the Yoast SEO plugin v24.4 - https:\/\/yoast.com\/wordpress\/plugins\/seo\/ -->\n<title>Spansk kvinne g\u00e5r viralt over p\u00e5stander om at amerikansk mat gj\u00f8r henne syk \u2013 helsefordelene som utvandrere i Spania ikke b\u00f8r ta for gitt - Nordnesrepublikken<\/title>\n<meta name=\"robots\" content=\"index, follow, max-snippet:-1, max-image-preview:large, max-video-preview:-1\" \/>\n<link rel=\"canonical\" href=\"https:\/\/nordnesrepublikken.no\/index.php\/2025\/11\/12\/spansk-kvinne-gar-viralt-over-pastander-om-at-amerikansk-mat-gjor-henne-syk-helsefordelene-som-utvandrere-i-spania-ikke-bor-ta-for-gitt\/\" \/>\n<meta property=\"og:locale\" content=\"nb_NO\" \/>\n<meta property=\"og:type\" content=\"article\" \/>\n<meta property=\"og:title\" content=\"Spansk kvinne g\u00e5r viralt over p\u00e5stander om at amerikansk mat gj\u00f8r henne syk \u2013 helsefordelene som utvandrere i Spania ikke b\u00f8r ta for gitt - Nordnesrepublikken\" \/>\n<meta property=\"og:description\" content=\"En spansk kvinne som bor i USA har blitt viralt etter \u00e5 ha hevdet at\" \/>\n<meta property=\"og:url\" content=\"https:\/\/nordnesrepublikken.no\/index.php\/2025\/11\/12\/spansk-kvinne-gar-viralt-over-pastander-om-at-amerikansk-mat-gjor-henne-syk-helsefordelene-som-utvandrere-i-spania-ikke-bor-ta-for-gitt\/\" \/>\n<meta property=\"og:site_name\" content=\"Nordnesrepublikken\" \/>\n<meta property=\"article:published_time\" content=\"2025-11-12T04:52:16+00:00\" \/>\n<meta property=\"article:modified_time\" content=\"2025-11-12T04:52:18+00:00\" \/>\n<meta property=\"og:image\" content=\"https:\/\/nordnesrepublikken.no\/wp-content\/uploads\/2025\/11\/1762923137_Spansk-kvinne-gar-viralt-over-pastander-om-at-amerikansk-mat.jpg\" \/>\n\t<meta property=\"og:image:width\" content=\"1200\" \/>\n\t<meta property=\"og:image:height\" content=\"675\" \/>\n\t<meta property=\"og:image:type\" content=\"image\/jpeg\" \/>\n<meta name=\"author\" content=\"Ole Andersen\" \/>\n<meta name=\"twitter:card\" content=\"summary_large_image\" \/>\n<meta name=\"twitter:label1\" content=\"Skrevet av\" \/>\n\t<meta name=\"twitter:data1\" content=\"Ole Andersen\" \/>\n\t<meta name=\"twitter:label2\" content=\"Ansl. lesetid\" \/>\n\t<meta name=\"twitter:data2\" content=\"5 minutter\" \/>\n<script type=\"application\/ld+json\" class=\"yoast-schema-graph\">{\"@context\":\"https:\/\/schema.org\",\"@graph\":[{\"@type\":\"Article\",\"@id\":\"https:\/\/nordnesrepublikken.no\/index.php\/2025\/11\/12\/spansk-kvinne-gar-viralt-over-pastander-om-at-amerikansk-mat-gjor-henne-syk-helsefordelene-som-utvandrere-i-spania-ikke-bor-ta-for-gitt\/#article\",\"isPartOf\":{\"@id\":\"https:\/\/nordnesrepublikken.no\/index.php\/2025\/11\/12\/spansk-kvinne-gar-viralt-over-pastander-om-at-amerikansk-mat-gjor-henne-syk-helsefordelene-som-utvandrere-i-spania-ikke-bor-ta-for-gitt\/\"},\"author\":{\"name\":\"Ole Andersen\",\"@id\":\"https:\/\/nordnesrepublikken.no\/#\/schema\/person\/2e7e81935bab77882fffb79296240ff1\"},\"headline\":\"Spansk kvinne g\u00e5r viralt over p\u00e5stander om at amerikansk mat gj\u00f8r henne syk \u2013 helsefordelene som utvandrere i Spania ikke b\u00f8r ta for gitt\",\"datePublished\":\"2025-11-12T04:52:16+00:00\",\"dateModified\":\"2025-11-12T04:52:18+00:00\",\"mainEntityOfPage\":{\"@id\":\"https:\/\/nordnesrepublikken.no\/index.php\/2025\/11\/12\/spansk-kvinne-gar-viralt-over-pastander-om-at-amerikansk-mat-gjor-henne-syk-helsefordelene-som-utvandrere-i-spania-ikke-bor-ta-for-gitt\/\"},\"wordCount\":930,\"publisher\":{\"@id\":\"https:\/\/nordnesrepublikken.no\/#organization\"},\"image\":{\"@id\":\"https:\/\/nordnesrepublikken.no\/index.php\/2025\/11\/12\/spansk-kvinne-gar-viralt-over-pastander-om-at-amerikansk-mat-gjor-henne-syk-helsefordelene-som-utvandrere-i-spania-ikke-bor-ta-for-gitt\/#primaryimage\"},\"thumbnailUrl\":\"https:\/\/nordnesrepublikken.no\/wp-content\/uploads\/2025\/11\/1762923137_Spansk-kvinne-gar-viralt-over-pastander-om-at-amerikansk-mat.jpg\",\"keywords\":[\"amerikansk\",\"b\u00f8r\",\"g\u00e5r\",\"gitt\",\"gj\u00f8r\",\"helsefordelene\",\"henne\",\"ikke\",\"kvinne\",\"mat\",\"p\u00e5stander\",\"som\",\"Spania\",\"Spansk\",\"syk\",\"utvandrere\",\"viralt\"],\"articleSection\":[\"Livsstil\"],\"inLanguage\":\"nb-NO\"},{\"@type\":\"WebPage\",\"@id\":\"https:\/\/nordnesrepublikken.no\/index.php\/2025\/11\/12\/spansk-kvinne-gar-viralt-over-pastander-om-at-amerikansk-mat-gjor-henne-syk-helsefordelene-som-utvandrere-i-spania-ikke-bor-ta-for-gitt\/\",\"url\":\"https:\/\/nordnesrepublikken.no\/index.php\/2025\/11\/12\/spansk-kvinne-gar-viralt-over-pastander-om-at-amerikansk-mat-gjor-henne-syk-helsefordelene-som-utvandrere-i-spania-ikke-bor-ta-for-gitt\/\",\"name\":\"Spansk kvinne g\u00e5r viralt over p\u00e5stander om at amerikansk mat gj\u00f8r henne syk \u2013 helsefordelene som utvandrere i Spania ikke b\u00f8r ta for gitt - Nordnesrepublikken\",\"isPartOf\":{\"@id\":\"https:\/\/nordnesrepublikken.no\/#website\"},\"primaryImageOfPage\":{\"@id\":\"https:\/\/nordnesrepublikken.no\/index.php\/2025\/11\/12\/spansk-kvinne-gar-viralt-over-pastander-om-at-amerikansk-mat-gjor-henne-syk-helsefordelene-som-utvandrere-i-spania-ikke-bor-ta-for-gitt\/#primaryimage\"},\"image\":{\"@id\":\"https:\/\/nordnesrepublikken.no\/index.php\/2025\/11\/12\/spansk-kvinne-gar-viralt-over-pastander-om-at-amerikansk-mat-gjor-henne-syk-helsefordelene-som-utvandrere-i-spania-ikke-bor-ta-for-gitt\/#primaryimage\"},\"thumbnailUrl\":\"https:\/\/nordnesrepublikken.no\/wp-content\/uploads\/2025\/11\/1762923137_Spansk-kvinne-gar-viralt-over-pastander-om-at-amerikansk-mat.jpg\",\"datePublished\":\"2025-11-12T04:52:16+00:00\",\"dateModified\":\"2025-11-12T04:52:18+00:00\",\"breadcrumb\":{\"@id\":\"https:\/\/nordnesrepublikken.no\/index.php\/2025\/11\/12\/spansk-kvinne-gar-viralt-over-pastander-om-at-amerikansk-mat-gjor-henne-syk-helsefordelene-som-utvandrere-i-spania-ikke-bor-ta-for-gitt\/#breadcrumb\"},\"inLanguage\":\"nb-NO\",\"potentialAction\":[{\"@type\":\"ReadAction\",\"target\":[\"https:\/\/nordnesrepublikken.no\/index.php\/2025\/11\/12\/spansk-kvinne-gar-viralt-over-pastander-om-at-amerikansk-mat-gjor-henne-syk-helsefordelene-som-utvandrere-i-spania-ikke-bor-ta-for-gitt\/\"]}]},{\"@type\":\"ImageObject\",\"inLanguage\":\"nb-NO\",\"@id\":\"https:\/\/nordnesrepublikken.no\/index.php\/2025\/11\/12\/spansk-kvinne-gar-viralt-over-pastander-om-at-amerikansk-mat-gjor-henne-syk-helsefordelene-som-utvandrere-i-spania-ikke-bor-ta-for-gitt\/#primaryimage\",\"url\":\"https:\/\/nordnesrepublikken.no\/wp-content\/uploads\/2025\/11\/1762923137_Spansk-kvinne-gar-viralt-over-pastander-om-at-amerikansk-mat.jpg\",\"contentUrl\":\"https:\/\/nordnesrepublikken.no\/wp-content\/uploads\/2025\/11\/1762923137_Spansk-kvinne-gar-viralt-over-pastander-om-at-amerikansk-mat.jpg\",\"width\":1200,\"height\":675,\"caption\":\"Spansk kvinne g\u00e5r viralt over p\u00e5stander om at amerikansk mat gj\u00f8r henne syk \u2013 helsefordelene som utvandrere i Spania ikke b\u00f8r ta for gitt\"},{\"@type\":\"BreadcrumbList\",\"@id\":\"https:\/\/nordnesrepublikken.no\/index.php\/2025\/11\/12\/spansk-kvinne-gar-viralt-over-pastander-om-at-amerikansk-mat-gjor-henne-syk-helsefordelene-som-utvandrere-i-spania-ikke-bor-ta-for-gitt\/#breadcrumb\",\"itemListElement\":[{\"@type\":\"ListItem\",\"position\":1,\"name\":\"Home\",\"item\":\"https:\/\/nordnesrepublikken.no\/\"},{\"@type\":\"ListItem\",\"position\":2,\"name\":\"Spansk kvinne g\u00e5r viralt over p\u00e5stander om at amerikansk mat gj\u00f8r henne syk \u2013 helsefordelene som utvandrere i Spania ikke b\u00f8r ta for gitt\"}]},{\"@type\":\"WebSite\",\"@id\":\"https:\/\/nordnesrepublikken.no\/#website\",\"url\":\"https:\/\/nordnesrepublikken.no\/\",\"name\":\"Nordnesrepublikken\",\"description\":\"Stemmer og Visjoner fra Republikkens Hjerte\",\"publisher\":{\"@id\":\"https:\/\/nordnesrepublikken.no\/#organization\"},\"potentialAction\":[{\"@type\":\"SearchAction\",\"target\":{\"@type\":\"EntryPoint\",\"urlTemplate\":\"https:\/\/nordnesrepublikken.no\/?s={search_term_string}\"},\"query-input\":{\"@type\":\"PropertyValueSpecification\",\"valueRequired\":true,\"valueName\":\"search_term_string\"}}],\"inLanguage\":\"nb-NO\"},{\"@type\":\"Organization\",\"@id\":\"https:\/\/nordnesrepublikken.no\/#organization\",\"name\":\"Nordnesrepublikken\",\"url\":\"https:\/\/nordnesrepublikken.no\/\",\"logo\":{\"@type\":\"ImageObject\",\"inLanguage\":\"nb-NO\",\"@id\":\"https:\/\/nordnesrepublikken.no\/#\/schema\/logo\/image\/\",\"url\":\"https:\/\/nordnesrepublikken.no\/wp-content\/uploads\/2025\/02\/cropped-nordnesrepublikken-2.png\",\"contentUrl\":\"https:\/\/nordnesrepublikken.no\/wp-content\/uploads\/2025\/02\/cropped-nordnesrepublikken-2.png\",\"width\":1248,\"height\":362,\"caption\":\"Nordnesrepublikken\"},\"image\":{\"@id\":\"https:\/\/nordnesrepublikken.no\/#\/schema\/logo\/image\/\"}},{\"@type\":\"Person\",\"@id\":\"https:\/\/nordnesrepublikken.no\/#\/schema\/person\/2e7e81935bab77882fffb79296240ff1\",\"name\":\"Ole Andersen\",\"image\":{\"@type\":\"ImageObject\",\"inLanguage\":\"nb-NO\",\"@id\":\"https:\/\/nordnesrepublikken.no\/#\/schema\/person\/image\/\",\"url\":\"https:\/\/nordnesrepublikken.no\/wp-content\/uploads\/2025\/02\/nordnesrepublikken-2-2-150x150.jpg\",\"contentUrl\":\"https:\/\/nordnesrepublikken.no\/wp-content\/uploads\/2025\/02\/nordnesrepublikken-2-2-150x150.jpg\",\"caption\":\"Ole Andersen\"},\"description\":\"Ettersom jeg vokste opp i Oslo, har jeg alltid v\u00e6rt fascinert av ordenes kraft og deres evne til \u00e5 skape endringer. Etter \u00e5 ha fullf\u00f8rt min utdannelse i kommunikasjon ved Universitetet i Bergen, fikk jeg muligheten til \u00e5 jobbe innen ulike medier, der jeg har s\u00f8kt \u00e5 belyse viktige samfunnssp\u00f8rsm\u00e5l. I dag, som redakt\u00f8r for Nordnesrepublikken, pr\u00f8ver jeg \u00e5 forene min kj\u00e6rlighet for journalistikk med min lidenskap for innovasjon og eventyr.\",\"sameAs\":[\"https:\/\/nordnesrepublikken.no\/\"]}]}<\/script>\n<!-- \/ Yoast SEO plugin. -->","yoast_head_json":{"title":"Spansk kvinne g\u00e5r viralt over p\u00e5stander om at amerikansk mat gj\u00f8r henne syk \u2013 helsefordelene som utvandrere i Spania ikke b\u00f8r ta for gitt - Nordnesrepublikken","robots":{"index":"index","follow":"follow","max-snippet":"max-snippet:-1","max-image-preview":"max-image-preview:large","max-video-preview":"max-video-preview:-1"},"canonical":"https:\/\/nordnesrepublikken.no\/index.php\/2025\/11\/12\/spansk-kvinne-gar-viralt-over-pastander-om-at-amerikansk-mat-gjor-henne-syk-helsefordelene-som-utvandrere-i-spania-ikke-bor-ta-for-gitt\/","og_locale":"nb_NO","og_type":"article","og_title":"Spansk kvinne g\u00e5r viralt over p\u00e5stander om at amerikansk mat gj\u00f8r henne syk \u2013 helsefordelene som utvandrere i Spania ikke b\u00f8r ta for gitt - Nordnesrepublikken","og_description":"En spansk kvinne som bor i USA har blitt viralt etter \u00e5 ha hevdet at","og_url":"https:\/\/nordnesrepublikken.no\/index.php\/2025\/11\/12\/spansk-kvinne-gar-viralt-over-pastander-om-at-amerikansk-mat-gjor-henne-syk-helsefordelene-som-utvandrere-i-spania-ikke-bor-ta-for-gitt\/","og_site_name":"Nordnesrepublikken","article_published_time":"2025-11-12T04:52:16+00:00","article_modified_time":"2025-11-12T04:52:18+00:00","og_image":[{"width":1200,"height":675,"url":"https:\/\/nordnesrepublikken.no\/wp-content\/uploads\/2025\/11\/1762923137_Spansk-kvinne-gar-viralt-over-pastander-om-at-amerikansk-mat.jpg","type":"image\/jpeg"}],"author":"Ole Andersen","twitter_card":"summary_large_image","twitter_misc":{"Skrevet av":"Ole Andersen","Ansl. lesetid":"5 minutter"},"schema":{"@context":"https:\/\/schema.org","@graph":[{"@type":"Article","@id":"https:\/\/nordnesrepublikken.no\/index.php\/2025\/11\/12\/spansk-kvinne-gar-viralt-over-pastander-om-at-amerikansk-mat-gjor-henne-syk-helsefordelene-som-utvandrere-i-spania-ikke-bor-ta-for-gitt\/#article","isPartOf":{"@id":"https:\/\/nordnesrepublikken.no\/index.php\/2025\/11\/12\/spansk-kvinne-gar-viralt-over-pastander-om-at-amerikansk-mat-gjor-henne-syk-helsefordelene-som-utvandrere-i-spania-ikke-bor-ta-for-gitt\/"},"author":{"name":"Ole Andersen","@id":"https:\/\/nordnesrepublikken.no\/#\/schema\/person\/2e7e81935bab77882fffb79296240ff1"},"headline":"Spansk kvinne g\u00e5r viralt over p\u00e5stander om at amerikansk mat gj\u00f8r henne syk \u2013 helsefordelene som utvandrere i Spania ikke b\u00f8r ta for gitt","datePublished":"2025-11-12T04:52:16+00:00","dateModified":"2025-11-12T04:52:18+00:00","mainEntityOfPage":{"@id":"https:\/\/nordnesrepublikken.no\/index.php\/2025\/11\/12\/spansk-kvinne-gar-viralt-over-pastander-om-at-amerikansk-mat-gjor-henne-syk-helsefordelene-som-utvandrere-i-spania-ikke-bor-ta-for-gitt\/"},"wordCount":930,"publisher":{"@id":"https:\/\/nordnesrepublikken.no\/#organization"},"image":{"@id":"https:\/\/nordnesrepublikken.no\/index.php\/2025\/11\/12\/spansk-kvinne-gar-viralt-over-pastander-om-at-amerikansk-mat-gjor-henne-syk-helsefordelene-som-utvandrere-i-spania-ikke-bor-ta-for-gitt\/#primaryimage"},"thumbnailUrl":"https:\/\/nordnesrepublikken.no\/wp-content\/uploads\/2025\/11\/1762923137_Spansk-kvinne-gar-viralt-over-pastander-om-at-amerikansk-mat.jpg","keywords":["amerikansk","b\u00f8r","g\u00e5r","gitt","gj\u00f8r","helsefordelene","henne","ikke","kvinne","mat","p\u00e5stander","som","Spania","Spansk","syk","utvandrere","viralt"],"articleSection":["Livsstil"],"inLanguage":"nb-NO"},{"@type":"WebPage","@id":"https:\/\/nordnesrepublikken.no\/index.php\/2025\/11\/12\/spansk-kvinne-gar-viralt-over-pastander-om-at-amerikansk-mat-gjor-henne-syk-helsefordelene-som-utvandrere-i-spania-ikke-bor-ta-for-gitt\/","url":"https:\/\/nordnesrepublikken.no\/index.php\/2025\/11\/12\/spansk-kvinne-gar-viralt-over-pastander-om-at-amerikansk-mat-gjor-henne-syk-helsefordelene-som-utvandrere-i-spania-ikke-bor-ta-for-gitt\/","name":"Spansk kvinne g\u00e5r viralt over p\u00e5stander om at amerikansk mat gj\u00f8r henne syk \u2013 helsefordelene som utvandrere i Spania ikke b\u00f8r ta for gitt - Nordnesrepublikken","isPartOf":{"@id":"https:\/\/nordnesrepublikken.no\/#website"},"primaryImageOfPage":{"@id":"https:\/\/nordnesrepublikken.no\/index.php\/2025\/11\/12\/spansk-kvinne-gar-viralt-over-pastander-om-at-amerikansk-mat-gjor-henne-syk-helsefordelene-som-utvandrere-i-spania-ikke-bor-ta-for-gitt\/#primaryimage"},"image":{"@id":"https:\/\/nordnesrepublikken.no\/index.php\/2025\/11\/12\/spansk-kvinne-gar-viralt-over-pastander-om-at-amerikansk-mat-gjor-henne-syk-helsefordelene-som-utvandrere-i-spania-ikke-bor-ta-for-gitt\/#primaryimage"},"thumbnailUrl":"https:\/\/nordnesrepublikken.no\/wp-content\/uploads\/2025\/11\/1762923137_Spansk-kvinne-gar-viralt-over-pastander-om-at-amerikansk-mat.jpg","datePublished":"2025-11-12T04:52:16+00:00","dateModified":"2025-11-12T04:52:18+00:00","breadcrumb":{"@id":"https:\/\/nordnesrepublikken.no\/index.php\/2025\/11\/12\/spansk-kvinne-gar-viralt-over-pastander-om-at-amerikansk-mat-gjor-henne-syk-helsefordelene-som-utvandrere-i-spania-ikke-bor-ta-for-gitt\/#breadcrumb"},"inLanguage":"nb-NO","potentialAction":[{"@type":"ReadAction","target":["https:\/\/nordnesrepublikken.no\/index.php\/2025\/11\/12\/spansk-kvinne-gar-viralt-over-pastander-om-at-amerikansk-mat-gjor-henne-syk-helsefordelene-som-utvandrere-i-spania-ikke-bor-ta-for-gitt\/"]}]},{"@type":"ImageObject","inLanguage":"nb-NO","@id":"https:\/\/nordnesrepublikken.no\/index.php\/2025\/11\/12\/spansk-kvinne-gar-viralt-over-pastander-om-at-amerikansk-mat-gjor-henne-syk-helsefordelene-som-utvandrere-i-spania-ikke-bor-ta-for-gitt\/#primaryimage","url":"https:\/\/nordnesrepublikken.no\/wp-content\/uploads\/2025\/11\/1762923137_Spansk-kvinne-gar-viralt-over-pastander-om-at-amerikansk-mat.jpg","contentUrl":"https:\/\/nordnesrepublikken.no\/wp-content\/uploads\/2025\/11\/1762923137_Spansk-kvinne-gar-viralt-over-pastander-om-at-amerikansk-mat.jpg","width":1200,"height":675,"caption":"Spansk kvinne g\u00e5r viralt over p\u00e5stander om at amerikansk mat gj\u00f8r henne syk \u2013 helsefordelene som utvandrere i Spania ikke b\u00f8r ta for gitt"},{"@type":"BreadcrumbList","@id":"https:\/\/nordnesrepublikken.no\/index.php\/2025\/11\/12\/spansk-kvinne-gar-viralt-over-pastander-om-at-amerikansk-mat-gjor-henne-syk-helsefordelene-som-utvandrere-i-spania-ikke-bor-ta-for-gitt\/#breadcrumb","itemListElement":[{"@type":"ListItem","position":1,"name":"Home","item":"https:\/\/nordnesrepublikken.no\/"},{"@type":"ListItem","position":2,"name":"Spansk kvinne g\u00e5r viralt over p\u00e5stander om at amerikansk mat gj\u00f8r henne syk \u2013 helsefordelene som utvandrere i Spania ikke b\u00f8r ta for gitt"}]},{"@type":"WebSite","@id":"https:\/\/nordnesrepublikken.no\/#website","url":"https:\/\/nordnesrepublikken.no\/","name":"Nordnesrepublikken","description":"Stemmer og Visjoner fra Republikkens Hjerte","publisher":{"@id":"https:\/\/nordnesrepublikken.no\/#organization"},"potentialAction":[{"@type":"SearchAction","target":{"@type":"EntryPoint","urlTemplate":"https:\/\/nordnesrepublikken.no\/?s={search_term_string}"},"query-input":{"@type":"PropertyValueSpecification","valueRequired":true,"valueName":"search_term_string"}}],"inLanguage":"nb-NO"},{"@type":"Organization","@id":"https:\/\/nordnesrepublikken.no\/#organization","name":"Nordnesrepublikken","url":"https:\/\/nordnesrepublikken.no\/","logo":{"@type":"ImageObject","inLanguage":"nb-NO","@id":"https:\/\/nordnesrepublikken.no\/#\/schema\/logo\/image\/","url":"https:\/\/nordnesrepublikken.no\/wp-content\/uploads\/2025\/02\/cropped-nordnesrepublikken-2.png","contentUrl":"https:\/\/nordnesrepublikken.no\/wp-content\/uploads\/2025\/02\/cropped-nordnesrepublikken-2.png","width":1248,"height":362,"caption":"Nordnesrepublikken"},"image":{"@id":"https:\/\/nordnesrepublikken.no\/#\/schema\/logo\/image\/"}},{"@type":"Person","@id":"https:\/\/nordnesrepublikken.no\/#\/schema\/person\/2e7e81935bab77882fffb79296240ff1","name":"Ole Andersen","image":{"@type":"ImageObject","inLanguage":"nb-NO","@id":"https:\/\/nordnesrepublikken.no\/#\/schema\/person\/image\/","url":"https:\/\/nordnesrepublikken.no\/wp-content\/uploads\/2025\/02\/nordnesrepublikken-2-2-150x150.jpg","contentUrl":"https:\/\/nordnesrepublikken.no\/wp-content\/uploads\/2025\/02\/nordnesrepublikken-2-2-150x150.jpg","caption":"Ole Andersen"},"description":"Ettersom jeg vokste opp i Oslo, har jeg alltid v\u00e6rt fascinert av ordenes kraft og deres evne til \u00e5 skape endringer. Etter \u00e5 ha fullf\u00f8rt min utdannelse i kommunikasjon ved Universitetet i Bergen, fikk jeg muligheten til \u00e5 jobbe innen ulike medier, der jeg har s\u00f8kt \u00e5 belyse viktige samfunnssp\u00f8rsm\u00e5l. I dag, som redakt\u00f8r for Nordnesrepublikken, pr\u00f8ver jeg \u00e5 forene min kj\u00e6rlighet for journalistikk med min lidenskap for innovasjon og eventyr.","sameAs":["https:\/\/nordnesrepublikken.no\/"]}]}},"_links":{"self":[{"href":"https:\/\/nordnesrepublikken.no\/index.php\/wp-json\/wp\/v2\/posts\/11610","targetHints":{"allow":["GET"]}}],"collection":[{"href":"https:\/\/nordnesrepublikken.no\/index.php\/wp-json\/wp\/v2\/posts"}],"about":[{"href":"https:\/\/nordnesrepublikken.no\/index.php\/wp-json\/wp\/v2\/types\/post"}],"author":[{"embeddable":true,"href":"https:\/\/nordnesrepublikken.no\/index.php\/wp-json\/wp\/v2\/users\/1"}],"replies":[{"embeddable":true,"href":"https:\/\/nordnesrepublikken.no\/index.php\/wp-json\/wp\/v2\/comments?post=11610"}],"version-history":[{"count":1,"href":"https:\/\/nordnesrepublikken.no\/index.php\/wp-json\/wp\/v2\/posts\/11610\/revisions"}],"predecessor-version":[{"id":11612,"href":"https:\/\/nordnesrepublikken.no\/index.php\/wp-json\/wp\/v2\/posts\/11610\/revisions\/11612"}],"wp:featuredmedia":[{"embeddable":true,"href":"https:\/\/nordnesrepublikken.no\/index.php\/wp-json\/wp\/v2\/media\/11611"}],"wp:attachment":[{"href":"https:\/\/nordnesrepublikken.no\/index.php\/wp-json\/wp\/v2\/media?parent=11610"}],"wp:term":[{"taxonomy":"category","embeddable":true,"href":"https:\/\/nordnesrepublikken.no\/index.php\/wp-json\/wp\/v2\/categories?post=11610"},{"taxonomy":"post_tag","embeddable":true,"href":"https:\/\/nordnesrepublikken.no\/index.php\/wp-json\/wp\/v2\/tags?post=11610"}],"curies":[{"name":"wp","href":"https:\/\/api.w.org\/{rel}","templated":true}]}}