{"id":11601,"date":"2025-11-11T22:50:51","date_gmt":"2025-11-11T21:50:51","guid":{"rendered":"https:\/\/nordnesrepublikken.no\/index.php\/2025\/11\/11\/elektrisk-sparkesykkel-kraser-inn-i-bilen-og-kjorer-bare-av-garde-ja-dette-kan-skje-deg\/"},"modified":"2025-11-11T22:50:53","modified_gmt":"2025-11-11T21:50:53","slug":"elektrisk-sparkesykkel-kraser-inn-i-bilen-og-kjorer-bare-av-garde-ja-dette-kan-skje-deg","status":"publish","type":"post","link":"https:\/\/nordnesrepublikken.no\/index.php\/2025\/11\/11\/elektrisk-sparkesykkel-kraser-inn-i-bilen-og-kjorer-bare-av-garde-ja-dette-kan-skje-deg\/","title":{"rendered":"Elektrisk sparkesykkel KRASER inn i bilen og kj\u00f8rer bare av g\u00e5rde. Ja \u2013 dette kan skje deg"},"content":{"rendered":"<p><\/p>\n<div class=\"wordpress-content\">\n                    <!-- Article Start --><\/p>\n<p><!--StartFragment --><strong><span class=\"cf0\">\u00c5 komme tilbake fra Calpe til Moraira p\u00e5 en rolig ettermiddag burde v\u00e6rt begivenhetsl\u00f8st. I stedet ble det et \u00f8yeblikk av vantro for en lokal innbygger. Da han sakte ned n\u00e6r en rundkj\u00f8ring, krasjet en ung rytter p\u00e5 en elektrisk scooter rett inn i siden av bilen hans. Forskrekket stoppet han og forventet at rytteren skulle stoppe og vurdere situasjonen sammen med ham. Men f\u00f8r han i det hele tatt rakk \u00e5 komme seg ut ordentlig, var gutten allerede i full fart av g\u00e5rde nedover veien.<\/span><\/strong><!--EndFragment --><\/p>\n<p>Ingen unnskyldning.<br \/>\nIngen utveksling av detaljer.<br \/>\nOg avgj\u00f8rende: ingen m\u00e5te \u00e5 identifisere ham p\u00e5.<\/p>\n<p>&laquo;Hvorfor ingen nummerskilt?&raquo; spurte han i frustrasjon. &laquo;Hvorfor ingen hjelm? Og hvor er politiet n\u00e5r du trenger dem?&raquo;<\/p>\n<div class=\"sra_unit\"><link rel=\"stylesheet\" id=\"block-sra\" href=\"https:\/\/euroweeklynews.com\/wp-content\/plugins\/snack-related-articles\/dist\/css\/snack-related.min.css?250312-193541\" type=\"text\/css\" media=\"all\">\n<\/div>\n<p>Historien hans er dessverre langt fra sjelden.<\/p>\n<h2>Et \u00f8kende problem p\u00e5 Costa Blanca-veier<\/h2>\n<p>Elektriske scootere &#8211; kjent som <em>patinetes el\u00e9ctricos<\/em> \u2013 har eksplodert i popularitet de siste \u00e5rene over hele Spania, spesielt i kystbyer som Calpe, Moraira, Benidorm og Torrevieja hvor de brukes av b\u00e5de ten\u00e5ringer, turister og arbeidere. De er billige, lydl\u00f8se og enkle \u00e5 kj\u00f8re. Men reguleringen har ikke holdt tritt.<\/p>\n<p>Akkurat n\u00e5 har ikke elektriske scootere nummerskilt, er ikke klassifisert som motorsykler, og var inntil nylig ikke p\u00e5lagt \u00e5 ha forsikring. S\u00e5 n\u00e5r en ulykke skjer, er det nesten umulig \u00e5 spore en rytter med mindre de stopper frivillig.<\/p>\n<p>Og, som sett i Moraira \u2013 det gj\u00f8r de ofte ikke.<\/p>\n<p><!--StartFragment --><\/p>\n<h2 class=\"pf0\"><span class=\"cf0\">Hvorfor det ikke er nummerskilt \u2013<\/span><span class=\"cf1\">  og hvorfor det er viktig<\/span><\/h2>\n<p class=\"pf0\"><span class=\"cf1\">En av de st\u00f8rste frustrasjonene for innbyggerne er at elektriske scootere ikke har noen form for synlig identifikasjon. I motsetning til biler, motorsykler eller til og med mopeder, er ikke elektriske scootere registrert som motorkj\u00f8ret\u00f8yer i henhold til nasjonal lovgivning. De faller inn i en egen kategori kalt &laquo;personlige mobilitetskj\u00f8ret\u00f8yer&raquo;, som betyr:<\/span><\/p>\n<p class=\"pf0\"><span class=\"cf1\">Ingen nummerskilt<\/span><\/p>\n<p class=\"pf0\"><span class=\"cf1\">Ingen registrering<\/span><\/p>\n<p class=\"pf0\"><span class=\"cf1\">Ingen m\u00e5te \u00e5 spore rytteren hvis de flykter<\/span><\/p>\n<p><!--EndFragment --><\/p>\n<h2>S\u00e5 hvem er ansvarlig i disse krasjene?<\/h2>\n<p>Juridisk avhenger ansvaret av hvem som for\u00e5rsaket kollisjonen, akkurat som med biler eller sykler.<br \/>\nMen her er problemet: uten identifikasjon har loven ingen \u00e5 holde ansvarlig.<\/p>\n<p>Lokalt politi innr\u00f8mmer at situasjonen etterlater ofrene frustrerte. Selv n\u00e5r betjenter er vitne til farlig oppf\u00f8rsel, kan de bare handle hvis f\u00f8reren blir stoppet, og scooterf\u00f8rere kan forsvinne raskt gjennom fotgjengerfelt, sidegater og promenader.<\/p>\n<h2>Hjelmregler? De er avhengige av byen<\/h2>\n<p>Mange innbyggere antar at hjelmer er obligatoriske over hele landet &#8211; men det er de ikke.<br \/>\nHver by eller kommune setter sine egne regler:<\/p>\n<ul>\n<li>Barcelona: Hjelm <em>er<\/em> p\u00e5budt.<\/li>\n<li>Valencia: Hjelm er ogs\u00e5 obligatorisk, if\u00f8lge ulike kilder<\/li>\n<li>Byer i provinsen Benidorm og Alicante: Reglene varierer gate til gate, ofte d\u00e5rlig kommunisert.<\/li>\n<\/ul>\n<p>I Moraira og Calpe kj\u00f8rer lokalt politi sporadiske bevissthetskampanjer, men ingen konsekvent h\u00e5ndheving betyr at mange ryttere rett og slett ignorerer reglene.<\/p>\n<h2>Endring kommer \u2013 men sakte<\/h2>\n<p>Spania har endelig godkjent en lov som vil kreve at elscooterf\u00f8rere har obligatorisk forsikring \u2013 men den trer ikke i kraft f\u00f8r i januar 2026.<\/p>\n<p>Fra den datoen:<\/p>\n<ul>\n<li>Ryttere trenger forsikring, akkurat som en bil eller motorsykkel.<\/li>\n<li>Byer vil kunne gi b\u00f8ter for uforsikrede scootere.<\/li>\n<li>Krasj vil bli <em>lovlig sporbar<\/em>.<\/li>\n<\/ul>\n<p>I tillegg, fra 2027, vil bare sertifiserte scootere med riktige bremse-, lys- og sikkerhetsstandarder f\u00e5 lov til \u00e5 sirkulere.<\/p>\n<p>Men for innbyggere i dag p\u00e5 steder som Moraira f\u00f8les det langt unna.<\/p>\n<h2>I mellomtiden, hva kan sj\u00e5f\u00f8rer gj\u00f8re?<\/h2>\n<p>Hvis en scooter treffer bilen din og flykter, anbefaler politiet:<\/p>\n<ol>\n<li>Legg merke til stedet, tidspunktet og r\u00f8mningsretningen.<\/li>\n<li>Se etter CCTV (butikker, urbanisasjoner, offentlige gatekameraer).<\/li>\n<li>Rapporter hendelsen \u2013 selv om det ikke er synlige skader.<br \/>\nRapporter hjelper myndighetene med \u00e5 spore problemomr\u00e5der og gjengangere.<\/li>\n<li>Ring lokalt politi umiddelbart hvis rytteren fortsatt er i sikte &#8211; de <em>vilje<\/em> sende en patrulje.<\/li>\n<\/ol>\n<p>Mer enn noe annet krever innbyggerne grunnleggende ansvar: hjelmer, respekt for veiprioritering og en m\u00e5te \u00e5 identifisere ryttere som for\u00e5rsaker skade.<\/p>\n<p>Fram til 2026 avhenger ansvarlighet i stor grad av utdanning, bevissthet og lokal h\u00e5ndhevelse \u2013 og mange f\u00f8ler at det ikke er nok.<\/p>\n<p>Som leseren v\u00e5r sa det: &laquo;Han traff bilen min, og det var rett og slett ingenting jeg kunne gj\u00f8re. Det f\u00f8les ikke riktig.&raquo;<\/p>\n<p>For mange i Moraira, Calpe og utover er ikke sp\u00f8rsm\u00e5let n\u00e5 <em>om<\/em> Spania vil regulere strengere \u2013 men hvorfor det tar s\u00e5 lang tid.<\/p>\n<p>                    <!-- Originally published at https:\/\/euroweeklynews.com\/2025\/11\/11\/electric-scooter-crashes-into-car-and-just-speeds-off-yes-this-can-happen-to-you\/ on 11 Nov 2025 at 21:14 by Farah Mokrani --><br \/>\n                    <!-- Article End -->\n                <\/div>\n","protected":false},"excerpt":{"rendered":"<p>\u00c5 komme tilbake fra Calpe til Moraira p\u00e5 en rolig ettermiddag burde v\u00e6rt begivenhetsl\u00f8st. I<\/p>\n","protected":false},"author":1,"featured_media":11602,"comment_status":"closed","ping_status":"open","sticky":false,"template":"","format":"standard","meta":{"footnotes":""},"categories":[105],"tags":[1930,1942,586,185,1320,7642,681,339,764,7641,2151,7640],"class_list":["post-11601","post","type-post","status-publish","format-standard","has-post-thumbnail","hentry","category-livsstil","tag-bare","tag-bilen","tag-deg","tag-dette","tag-elektrisk","tag-garde","tag-inn","tag-kan","tag-kjorer","tag-kraser","tag-skje","tag-sparkesykkel","generate-columns","tablet-grid-50","mobile-grid-100","grid-parent","grid-33","resize-featured-image"],"yoast_head":"<!-- This site is optimized with the Yoast SEO plugin v24.4 - https:\/\/yoast.com\/wordpress\/plugins\/seo\/ -->\n<title>Elektrisk sparkesykkel KRASER inn i bilen og kj\u00f8rer bare av g\u00e5rde. Ja \u2013 dette kan skje deg - Nordnesrepublikken<\/title>\n<meta name=\"robots\" content=\"index, follow, max-snippet:-1, max-image-preview:large, max-video-preview:-1\" \/>\n<link rel=\"canonical\" href=\"https:\/\/nordnesrepublikken.no\/index.php\/2025\/11\/11\/elektrisk-sparkesykkel-kraser-inn-i-bilen-og-kjorer-bare-av-garde-ja-dette-kan-skje-deg\/\" \/>\n<meta property=\"og:locale\" content=\"nb_NO\" \/>\n<meta property=\"og:type\" content=\"article\" \/>\n<meta property=\"og:title\" content=\"Elektrisk sparkesykkel KRASER inn i bilen og kj\u00f8rer bare av g\u00e5rde. Ja \u2013 dette kan skje deg - Nordnesrepublikken\" \/>\n<meta property=\"og:description\" content=\"\u00c5 komme tilbake fra Calpe til Moraira p\u00e5 en rolig ettermiddag burde v\u00e6rt begivenhetsl\u00f8st. I\" \/>\n<meta property=\"og:url\" content=\"https:\/\/nordnesrepublikken.no\/index.php\/2025\/11\/11\/elektrisk-sparkesykkel-kraser-inn-i-bilen-og-kjorer-bare-av-garde-ja-dette-kan-skje-deg\/\" \/>\n<meta property=\"og:site_name\" content=\"Nordnesrepublikken\" \/>\n<meta property=\"article:published_time\" content=\"2025-11-11T21:50:51+00:00\" \/>\n<meta property=\"article:modified_time\" content=\"2025-11-11T21:50:53+00:00\" \/>\n<meta property=\"og:image\" content=\"https:\/\/nordnesrepublikken.no\/wp-content\/uploads\/2025\/11\/1762897852_Elektrisk-sparkesykkel-KRASER-inn-i-bilen-og-kjorer-bare-av.jpg\" \/>\n\t<meta property=\"og:image:width\" content=\"1200\" \/>\n\t<meta property=\"og:image:height\" content=\"800\" \/>\n\t<meta property=\"og:image:type\" content=\"image\/jpeg\" \/>\n<meta name=\"author\" content=\"Ole Andersen\" \/>\n<meta name=\"twitter:card\" content=\"summary_large_image\" \/>\n<meta name=\"twitter:label1\" content=\"Skrevet av\" \/>\n\t<meta name=\"twitter:data1\" content=\"Ole Andersen\" \/>\n\t<meta name=\"twitter:label2\" content=\"Ansl. lesetid\" \/>\n\t<meta name=\"twitter:data2\" content=\"4 minutter\" \/>\n<script type=\"application\/ld+json\" class=\"yoast-schema-graph\">{\"@context\":\"https:\/\/schema.org\",\"@graph\":[{\"@type\":\"Article\",\"@id\":\"https:\/\/nordnesrepublikken.no\/index.php\/2025\/11\/11\/elektrisk-sparkesykkel-kraser-inn-i-bilen-og-kjorer-bare-av-garde-ja-dette-kan-skje-deg\/#article\",\"isPartOf\":{\"@id\":\"https:\/\/nordnesrepublikken.no\/index.php\/2025\/11\/11\/elektrisk-sparkesykkel-kraser-inn-i-bilen-og-kjorer-bare-av-garde-ja-dette-kan-skje-deg\/\"},\"author\":{\"name\":\"Ole Andersen\",\"@id\":\"https:\/\/nordnesrepublikken.no\/#\/schema\/person\/2e7e81935bab77882fffb79296240ff1\"},\"headline\":\"Elektrisk sparkesykkel KRASER inn i bilen og kj\u00f8rer bare av g\u00e5rde. Ja \u2013 dette kan skje deg\",\"datePublished\":\"2025-11-11T21:50:51+00:00\",\"dateModified\":\"2025-11-11T21:50:53+00:00\",\"mainEntityOfPage\":{\"@id\":\"https:\/\/nordnesrepublikken.no\/index.php\/2025\/11\/11\/elektrisk-sparkesykkel-kraser-inn-i-bilen-og-kjorer-bare-av-garde-ja-dette-kan-skje-deg\/\"},\"wordCount\":742,\"publisher\":{\"@id\":\"https:\/\/nordnesrepublikken.no\/#organization\"},\"image\":{\"@id\":\"https:\/\/nordnesrepublikken.no\/index.php\/2025\/11\/11\/elektrisk-sparkesykkel-kraser-inn-i-bilen-og-kjorer-bare-av-garde-ja-dette-kan-skje-deg\/#primaryimage\"},\"thumbnailUrl\":\"https:\/\/nordnesrepublikken.no\/wp-content\/uploads\/2025\/11\/1762897852_Elektrisk-sparkesykkel-KRASER-inn-i-bilen-og-kjorer-bare-av.jpg\",\"keywords\":[\"bare\",\"bilen\",\"deg\",\"dette\",\"elektrisk\",\"g\u00e5rde\",\"inn\",\"kan\",\"kj\u00f8rer\",\"KRASER\",\"skje\",\"sparkesykkel\"],\"articleSection\":[\"Livsstil\"],\"inLanguage\":\"nb-NO\"},{\"@type\":\"WebPage\",\"@id\":\"https:\/\/nordnesrepublikken.no\/index.php\/2025\/11\/11\/elektrisk-sparkesykkel-kraser-inn-i-bilen-og-kjorer-bare-av-garde-ja-dette-kan-skje-deg\/\",\"url\":\"https:\/\/nordnesrepublikken.no\/index.php\/2025\/11\/11\/elektrisk-sparkesykkel-kraser-inn-i-bilen-og-kjorer-bare-av-garde-ja-dette-kan-skje-deg\/\",\"name\":\"Elektrisk sparkesykkel KRASER inn i bilen og kj\u00f8rer bare av g\u00e5rde. Ja \u2013 dette kan skje deg - Nordnesrepublikken\",\"isPartOf\":{\"@id\":\"https:\/\/nordnesrepublikken.no\/#website\"},\"primaryImageOfPage\":{\"@id\":\"https:\/\/nordnesrepublikken.no\/index.php\/2025\/11\/11\/elektrisk-sparkesykkel-kraser-inn-i-bilen-og-kjorer-bare-av-garde-ja-dette-kan-skje-deg\/#primaryimage\"},\"image\":{\"@id\":\"https:\/\/nordnesrepublikken.no\/index.php\/2025\/11\/11\/elektrisk-sparkesykkel-kraser-inn-i-bilen-og-kjorer-bare-av-garde-ja-dette-kan-skje-deg\/#primaryimage\"},\"thumbnailUrl\":\"https:\/\/nordnesrepublikken.no\/wp-content\/uploads\/2025\/11\/1762897852_Elektrisk-sparkesykkel-KRASER-inn-i-bilen-og-kjorer-bare-av.jpg\",\"datePublished\":\"2025-11-11T21:50:51+00:00\",\"dateModified\":\"2025-11-11T21:50:53+00:00\",\"breadcrumb\":{\"@id\":\"https:\/\/nordnesrepublikken.no\/index.php\/2025\/11\/11\/elektrisk-sparkesykkel-kraser-inn-i-bilen-og-kjorer-bare-av-garde-ja-dette-kan-skje-deg\/#breadcrumb\"},\"inLanguage\":\"nb-NO\",\"potentialAction\":[{\"@type\":\"ReadAction\",\"target\":[\"https:\/\/nordnesrepublikken.no\/index.php\/2025\/11\/11\/elektrisk-sparkesykkel-kraser-inn-i-bilen-og-kjorer-bare-av-garde-ja-dette-kan-skje-deg\/\"]}]},{\"@type\":\"ImageObject\",\"inLanguage\":\"nb-NO\",\"@id\":\"https:\/\/nordnesrepublikken.no\/index.php\/2025\/11\/11\/elektrisk-sparkesykkel-kraser-inn-i-bilen-og-kjorer-bare-av-garde-ja-dette-kan-skje-deg\/#primaryimage\",\"url\":\"https:\/\/nordnesrepublikken.no\/wp-content\/uploads\/2025\/11\/1762897852_Elektrisk-sparkesykkel-KRASER-inn-i-bilen-og-kjorer-bare-av.jpg\",\"contentUrl\":\"https:\/\/nordnesrepublikken.no\/wp-content\/uploads\/2025\/11\/1762897852_Elektrisk-sparkesykkel-KRASER-inn-i-bilen-og-kjorer-bare-av.jpg\",\"width\":1200,\"height\":800,\"caption\":\"Elektrisk sparkesykkel KRASER inn i bilen og kj\u00f8rer bare av g\u00e5rde. Ja \u2013 dette kan skje deg\"},{\"@type\":\"BreadcrumbList\",\"@id\":\"https:\/\/nordnesrepublikken.no\/index.php\/2025\/11\/11\/elektrisk-sparkesykkel-kraser-inn-i-bilen-og-kjorer-bare-av-garde-ja-dette-kan-skje-deg\/#breadcrumb\",\"itemListElement\":[{\"@type\":\"ListItem\",\"position\":1,\"name\":\"Home\",\"item\":\"https:\/\/nordnesrepublikken.no\/\"},{\"@type\":\"ListItem\",\"position\":2,\"name\":\"Elektrisk sparkesykkel KRASER inn i bilen og kj\u00f8rer bare av g\u00e5rde. Ja \u2013 dette kan skje deg\"}]},{\"@type\":\"WebSite\",\"@id\":\"https:\/\/nordnesrepublikken.no\/#website\",\"url\":\"https:\/\/nordnesrepublikken.no\/\",\"name\":\"Nordnesrepublikken\",\"description\":\"Stemmer og Visjoner fra Republikkens Hjerte\",\"publisher\":{\"@id\":\"https:\/\/nordnesrepublikken.no\/#organization\"},\"potentialAction\":[{\"@type\":\"SearchAction\",\"target\":{\"@type\":\"EntryPoint\",\"urlTemplate\":\"https:\/\/nordnesrepublikken.no\/?s={search_term_string}\"},\"query-input\":{\"@type\":\"PropertyValueSpecification\",\"valueRequired\":true,\"valueName\":\"search_term_string\"}}],\"inLanguage\":\"nb-NO\"},{\"@type\":\"Organization\",\"@id\":\"https:\/\/nordnesrepublikken.no\/#organization\",\"name\":\"Nordnesrepublikken\",\"url\":\"https:\/\/nordnesrepublikken.no\/\",\"logo\":{\"@type\":\"ImageObject\",\"inLanguage\":\"nb-NO\",\"@id\":\"https:\/\/nordnesrepublikken.no\/#\/schema\/logo\/image\/\",\"url\":\"https:\/\/nordnesrepublikken.no\/wp-content\/uploads\/2025\/02\/cropped-nordnesrepublikken-2.png\",\"contentUrl\":\"https:\/\/nordnesrepublikken.no\/wp-content\/uploads\/2025\/02\/cropped-nordnesrepublikken-2.png\",\"width\":1248,\"height\":362,\"caption\":\"Nordnesrepublikken\"},\"image\":{\"@id\":\"https:\/\/nordnesrepublikken.no\/#\/schema\/logo\/image\/\"}},{\"@type\":\"Person\",\"@id\":\"https:\/\/nordnesrepublikken.no\/#\/schema\/person\/2e7e81935bab77882fffb79296240ff1\",\"name\":\"Ole Andersen\",\"image\":{\"@type\":\"ImageObject\",\"inLanguage\":\"nb-NO\",\"@id\":\"https:\/\/nordnesrepublikken.no\/#\/schema\/person\/image\/\",\"url\":\"https:\/\/nordnesrepublikken.no\/wp-content\/uploads\/2025\/02\/nordnesrepublikken-2-2-150x150.jpg\",\"contentUrl\":\"https:\/\/nordnesrepublikken.no\/wp-content\/uploads\/2025\/02\/nordnesrepublikken-2-2-150x150.jpg\",\"caption\":\"Ole Andersen\"},\"description\":\"Ettersom jeg vokste opp i Oslo, har jeg alltid v\u00e6rt fascinert av ordenes kraft og deres evne til \u00e5 skape endringer. Etter \u00e5 ha fullf\u00f8rt min utdannelse i kommunikasjon ved Universitetet i Bergen, fikk jeg muligheten til \u00e5 jobbe innen ulike medier, der jeg har s\u00f8kt \u00e5 belyse viktige samfunnssp\u00f8rsm\u00e5l. I dag, som redakt\u00f8r for Nordnesrepublikken, pr\u00f8ver jeg \u00e5 forene min kj\u00e6rlighet for journalistikk med min lidenskap for innovasjon og eventyr.\",\"sameAs\":[\"https:\/\/nordnesrepublikken.no\/\"]}]}<\/script>\n<!-- \/ Yoast SEO plugin. -->","yoast_head_json":{"title":"Elektrisk sparkesykkel KRASER inn i bilen og kj\u00f8rer bare av g\u00e5rde. Ja \u2013 dette kan skje deg - Nordnesrepublikken","robots":{"index":"index","follow":"follow","max-snippet":"max-snippet:-1","max-image-preview":"max-image-preview:large","max-video-preview":"max-video-preview:-1"},"canonical":"https:\/\/nordnesrepublikken.no\/index.php\/2025\/11\/11\/elektrisk-sparkesykkel-kraser-inn-i-bilen-og-kjorer-bare-av-garde-ja-dette-kan-skje-deg\/","og_locale":"nb_NO","og_type":"article","og_title":"Elektrisk sparkesykkel KRASER inn i bilen og kj\u00f8rer bare av g\u00e5rde. Ja \u2013 dette kan skje deg - Nordnesrepublikken","og_description":"\u00c5 komme tilbake fra Calpe til Moraira p\u00e5 en rolig ettermiddag burde v\u00e6rt begivenhetsl\u00f8st. I","og_url":"https:\/\/nordnesrepublikken.no\/index.php\/2025\/11\/11\/elektrisk-sparkesykkel-kraser-inn-i-bilen-og-kjorer-bare-av-garde-ja-dette-kan-skje-deg\/","og_site_name":"Nordnesrepublikken","article_published_time":"2025-11-11T21:50:51+00:00","article_modified_time":"2025-11-11T21:50:53+00:00","og_image":[{"width":1200,"height":800,"url":"https:\/\/nordnesrepublikken.no\/wp-content\/uploads\/2025\/11\/1762897852_Elektrisk-sparkesykkel-KRASER-inn-i-bilen-og-kjorer-bare-av.jpg","type":"image\/jpeg"}],"author":"Ole Andersen","twitter_card":"summary_large_image","twitter_misc":{"Skrevet av":"Ole Andersen","Ansl. lesetid":"4 minutter"},"schema":{"@context":"https:\/\/schema.org","@graph":[{"@type":"Article","@id":"https:\/\/nordnesrepublikken.no\/index.php\/2025\/11\/11\/elektrisk-sparkesykkel-kraser-inn-i-bilen-og-kjorer-bare-av-garde-ja-dette-kan-skje-deg\/#article","isPartOf":{"@id":"https:\/\/nordnesrepublikken.no\/index.php\/2025\/11\/11\/elektrisk-sparkesykkel-kraser-inn-i-bilen-og-kjorer-bare-av-garde-ja-dette-kan-skje-deg\/"},"author":{"name":"Ole Andersen","@id":"https:\/\/nordnesrepublikken.no\/#\/schema\/person\/2e7e81935bab77882fffb79296240ff1"},"headline":"Elektrisk sparkesykkel KRASER inn i bilen og kj\u00f8rer bare av g\u00e5rde. Ja \u2013 dette kan skje deg","datePublished":"2025-11-11T21:50:51+00:00","dateModified":"2025-11-11T21:50:53+00:00","mainEntityOfPage":{"@id":"https:\/\/nordnesrepublikken.no\/index.php\/2025\/11\/11\/elektrisk-sparkesykkel-kraser-inn-i-bilen-og-kjorer-bare-av-garde-ja-dette-kan-skje-deg\/"},"wordCount":742,"publisher":{"@id":"https:\/\/nordnesrepublikken.no\/#organization"},"image":{"@id":"https:\/\/nordnesrepublikken.no\/index.php\/2025\/11\/11\/elektrisk-sparkesykkel-kraser-inn-i-bilen-og-kjorer-bare-av-garde-ja-dette-kan-skje-deg\/#primaryimage"},"thumbnailUrl":"https:\/\/nordnesrepublikken.no\/wp-content\/uploads\/2025\/11\/1762897852_Elektrisk-sparkesykkel-KRASER-inn-i-bilen-og-kjorer-bare-av.jpg","keywords":["bare","bilen","deg","dette","elektrisk","g\u00e5rde","inn","kan","kj\u00f8rer","KRASER","skje","sparkesykkel"],"articleSection":["Livsstil"],"inLanguage":"nb-NO"},{"@type":"WebPage","@id":"https:\/\/nordnesrepublikken.no\/index.php\/2025\/11\/11\/elektrisk-sparkesykkel-kraser-inn-i-bilen-og-kjorer-bare-av-garde-ja-dette-kan-skje-deg\/","url":"https:\/\/nordnesrepublikken.no\/index.php\/2025\/11\/11\/elektrisk-sparkesykkel-kraser-inn-i-bilen-og-kjorer-bare-av-garde-ja-dette-kan-skje-deg\/","name":"Elektrisk sparkesykkel KRASER inn i bilen og kj\u00f8rer bare av g\u00e5rde. Ja \u2013 dette kan skje deg - Nordnesrepublikken","isPartOf":{"@id":"https:\/\/nordnesrepublikken.no\/#website"},"primaryImageOfPage":{"@id":"https:\/\/nordnesrepublikken.no\/index.php\/2025\/11\/11\/elektrisk-sparkesykkel-kraser-inn-i-bilen-og-kjorer-bare-av-garde-ja-dette-kan-skje-deg\/#primaryimage"},"image":{"@id":"https:\/\/nordnesrepublikken.no\/index.php\/2025\/11\/11\/elektrisk-sparkesykkel-kraser-inn-i-bilen-og-kjorer-bare-av-garde-ja-dette-kan-skje-deg\/#primaryimage"},"thumbnailUrl":"https:\/\/nordnesrepublikken.no\/wp-content\/uploads\/2025\/11\/1762897852_Elektrisk-sparkesykkel-KRASER-inn-i-bilen-og-kjorer-bare-av.jpg","datePublished":"2025-11-11T21:50:51+00:00","dateModified":"2025-11-11T21:50:53+00:00","breadcrumb":{"@id":"https:\/\/nordnesrepublikken.no\/index.php\/2025\/11\/11\/elektrisk-sparkesykkel-kraser-inn-i-bilen-og-kjorer-bare-av-garde-ja-dette-kan-skje-deg\/#breadcrumb"},"inLanguage":"nb-NO","potentialAction":[{"@type":"ReadAction","target":["https:\/\/nordnesrepublikken.no\/index.php\/2025\/11\/11\/elektrisk-sparkesykkel-kraser-inn-i-bilen-og-kjorer-bare-av-garde-ja-dette-kan-skje-deg\/"]}]},{"@type":"ImageObject","inLanguage":"nb-NO","@id":"https:\/\/nordnesrepublikken.no\/index.php\/2025\/11\/11\/elektrisk-sparkesykkel-kraser-inn-i-bilen-og-kjorer-bare-av-garde-ja-dette-kan-skje-deg\/#primaryimage","url":"https:\/\/nordnesrepublikken.no\/wp-content\/uploads\/2025\/11\/1762897852_Elektrisk-sparkesykkel-KRASER-inn-i-bilen-og-kjorer-bare-av.jpg","contentUrl":"https:\/\/nordnesrepublikken.no\/wp-content\/uploads\/2025\/11\/1762897852_Elektrisk-sparkesykkel-KRASER-inn-i-bilen-og-kjorer-bare-av.jpg","width":1200,"height":800,"caption":"Elektrisk sparkesykkel KRASER inn i bilen og kj\u00f8rer bare av g\u00e5rde. Ja \u2013 dette kan skje deg"},{"@type":"BreadcrumbList","@id":"https:\/\/nordnesrepublikken.no\/index.php\/2025\/11\/11\/elektrisk-sparkesykkel-kraser-inn-i-bilen-og-kjorer-bare-av-garde-ja-dette-kan-skje-deg\/#breadcrumb","itemListElement":[{"@type":"ListItem","position":1,"name":"Home","item":"https:\/\/nordnesrepublikken.no\/"},{"@type":"ListItem","position":2,"name":"Elektrisk sparkesykkel KRASER inn i bilen og kj\u00f8rer bare av g\u00e5rde. Ja \u2013 dette kan skje deg"}]},{"@type":"WebSite","@id":"https:\/\/nordnesrepublikken.no\/#website","url":"https:\/\/nordnesrepublikken.no\/","name":"Nordnesrepublikken","description":"Stemmer og Visjoner fra Republikkens Hjerte","publisher":{"@id":"https:\/\/nordnesrepublikken.no\/#organization"},"potentialAction":[{"@type":"SearchAction","target":{"@type":"EntryPoint","urlTemplate":"https:\/\/nordnesrepublikken.no\/?s={search_term_string}"},"query-input":{"@type":"PropertyValueSpecification","valueRequired":true,"valueName":"search_term_string"}}],"inLanguage":"nb-NO"},{"@type":"Organization","@id":"https:\/\/nordnesrepublikken.no\/#organization","name":"Nordnesrepublikken","url":"https:\/\/nordnesrepublikken.no\/","logo":{"@type":"ImageObject","inLanguage":"nb-NO","@id":"https:\/\/nordnesrepublikken.no\/#\/schema\/logo\/image\/","url":"https:\/\/nordnesrepublikken.no\/wp-content\/uploads\/2025\/02\/cropped-nordnesrepublikken-2.png","contentUrl":"https:\/\/nordnesrepublikken.no\/wp-content\/uploads\/2025\/02\/cropped-nordnesrepublikken-2.png","width":1248,"height":362,"caption":"Nordnesrepublikken"},"image":{"@id":"https:\/\/nordnesrepublikken.no\/#\/schema\/logo\/image\/"}},{"@type":"Person","@id":"https:\/\/nordnesrepublikken.no\/#\/schema\/person\/2e7e81935bab77882fffb79296240ff1","name":"Ole Andersen","image":{"@type":"ImageObject","inLanguage":"nb-NO","@id":"https:\/\/nordnesrepublikken.no\/#\/schema\/person\/image\/","url":"https:\/\/nordnesrepublikken.no\/wp-content\/uploads\/2025\/02\/nordnesrepublikken-2-2-150x150.jpg","contentUrl":"https:\/\/nordnesrepublikken.no\/wp-content\/uploads\/2025\/02\/nordnesrepublikken-2-2-150x150.jpg","caption":"Ole Andersen"},"description":"Ettersom jeg vokste opp i Oslo, har jeg alltid v\u00e6rt fascinert av ordenes kraft og deres evne til \u00e5 skape endringer. Etter \u00e5 ha fullf\u00f8rt min utdannelse i kommunikasjon ved Universitetet i Bergen, fikk jeg muligheten til \u00e5 jobbe innen ulike medier, der jeg har s\u00f8kt \u00e5 belyse viktige samfunnssp\u00f8rsm\u00e5l. I dag, som redakt\u00f8r for Nordnesrepublikken, pr\u00f8ver jeg \u00e5 forene min kj\u00e6rlighet for journalistikk med min lidenskap for innovasjon og eventyr.","sameAs":["https:\/\/nordnesrepublikken.no\/"]}]}},"_links":{"self":[{"href":"https:\/\/nordnesrepublikken.no\/index.php\/wp-json\/wp\/v2\/posts\/11601","targetHints":{"allow":["GET"]}}],"collection":[{"href":"https:\/\/nordnesrepublikken.no\/index.php\/wp-json\/wp\/v2\/posts"}],"about":[{"href":"https:\/\/nordnesrepublikken.no\/index.php\/wp-json\/wp\/v2\/types\/post"}],"author":[{"embeddable":true,"href":"https:\/\/nordnesrepublikken.no\/index.php\/wp-json\/wp\/v2\/users\/1"}],"replies":[{"embeddable":true,"href":"https:\/\/nordnesrepublikken.no\/index.php\/wp-json\/wp\/v2\/comments?post=11601"}],"version-history":[{"count":1,"href":"https:\/\/nordnesrepublikken.no\/index.php\/wp-json\/wp\/v2\/posts\/11601\/revisions"}],"predecessor-version":[{"id":11603,"href":"https:\/\/nordnesrepublikken.no\/index.php\/wp-json\/wp\/v2\/posts\/11601\/revisions\/11603"}],"wp:featuredmedia":[{"embeddable":true,"href":"https:\/\/nordnesrepublikken.no\/index.php\/wp-json\/wp\/v2\/media\/11602"}],"wp:attachment":[{"href":"https:\/\/nordnesrepublikken.no\/index.php\/wp-json\/wp\/v2\/media?parent=11601"}],"wp:term":[{"taxonomy":"category","embeddable":true,"href":"https:\/\/nordnesrepublikken.no\/index.php\/wp-json\/wp\/v2\/categories?post=11601"},{"taxonomy":"post_tag","embeddable":true,"href":"https:\/\/nordnesrepublikken.no\/index.php\/wp-json\/wp\/v2\/tags?post=11601"}],"curies":[{"name":"wp","href":"https:\/\/api.w.org\/{rel}","templated":true}]}}