{"id":11565,"date":"2025-11-11T02:51:18","date_gmt":"2025-11-11T01:51:18","guid":{"rendered":"https:\/\/nordnesrepublikken.no\/index.php\/2025\/11\/11\/historie-og-endringer-av-en-halvoy-omstridt-i-arhundrer\/"},"modified":"2025-11-11T02:51:20","modified_gmt":"2025-11-11T01:51:20","slug":"historie-og-endringer-av-en-halvoy-omstridt-i-arhundrer","status":"publish","type":"post","link":"https:\/\/nordnesrepublikken.no\/index.php\/2025\/11\/11\/historie-og-endringer-av-en-halvoy-omstridt-i-arhundrer\/","title":{"rendered":"historie og endringer av en halv\u00f8y omstridt i \u00e5rhundrer"},"content":{"rendered":"<div>\n<div class=\"cp_wrapper cp_wrapper--fw mb-30 mb-20@tablet\">\n<figure class=\"mm\"><picture class=\"img\" style=\"padding-top:56.25%\"><source  media=\"(min-width: 1024px)\"><source  media=\"(min-width: 768px)\"><\/source><\/source><\/picture><\/figure>\n<\/p><\/div>\n<p>Istria tilh\u00f8rer ikke Italia fordi det etter andre verdenskrig ble tildelt Jugoslavia av <strong>fredsavtale<\/strong>undertegnet i Paris 10. februar 1947. Tidligere var en del av befolkningen italiensktalende og etnisk, men allerede f\u00f8r undertegnelsen av traktaten hadde den begynt \u00e5 <strong>forlate territoriet<\/strong> og \u00e5 s\u00f8ke tilflukt i Italia. De endelige grensene mellom Italia og Jugoslavia ble etablert av <strong>Osimo-traktaten fra 1975<\/strong>som l\u00f8ste Trieste-sp\u00f8rsm\u00e5let, og har ikke endret seg siden oppl\u00f8sningen av Jugoslavia p\u00e5 1990-tallet. I dag h\u00f8rer Istria til <strong>nesten utelukkende til Kroatia<\/strong>.<\/p>\n<h2>Hvor er Istria: kartet<\/h2>\n<p>Istria er ett <strong>halv\u00f8ya i Adriaterhavet<\/strong>som ligger mellom Triestebukta og Kvarnerbukta. Fra et politisk synspunkt tilh\u00f8rer det nesten utelukkende Kroatia, med unntak av en del av territoriet som er en del av Slovenia og to kommuner, Muggia og San Dorligo della Valle, som tilh\u00f8rer Italia. Den mest folkerike byen er <strong>Pula<\/strong>som tilh\u00f8rer Kroatia.<\/p>\n<div class=\"cp_wrapper cp_wrapper--fw mb-50\">\n<figure class=\"mm\"><picture class=\"img\" style=\"padding-top:96.796875%\"><source  media=\"(min-width: 1024px)\"><source  media=\"(min-width: 768px)\"><img decoding=\"async\" loading=\"lazy\" src=\"https:\/\/nordnesrepublikken.no\/wp-content\/uploads\/2025\/11\/historie-og-endringer-av-en-halvoy-omstridt-i-arhundrer.jpeg\" alt=\"Istria, i m\u00f8rkegr\u00f8nt, innenfor Kroatia. Den slovenske siden er lysegr\u00f8nn (Wikimedia Commons)\" width=\"1280\" height=\"1239\"\/><\/source><\/source><\/picture><\/figure>\n<\/p><\/div>\n<h2><strong>Istrias historie<\/strong><\/h2>\n<p>Istria har v\u00e6rt et omstridt territorium i \u00e5rhundrer. I middelalderen tilh\u00f8rte en del av halv\u00f8ya herred\u00f8mmene til <strong>Republikken Venezia<\/strong> og en annen kl <strong>Det hellige romerske rike<\/strong>. Grensene mellom de to delene av territoriet varierte gjennom \u00e5rhundrene, men generelt kontrollerte Venezia den vestlige og s\u00f8rlige delen, med byene Pula, Koper og Rovinj (i dag Pula, Koper og Rovinj), mens imperiet administrerte den nord-\u00f8stlige delen, med byen Opatija (Opatija). I 1797 etter <strong>Campo Formio-traktaten<\/strong>ble Venezias territorium annektert av Habsburgriket, som dermed fikk kontroll over hele Istria.<\/p>\n<div class=\"cp_wrapper cp_wrapper--fw mb-50\">\n<figure class=\"mm\"><picture class=\"img\" style=\"padding-top:57.76%\"><source  media=\"(min-width: 1024px)\"><source  media=\"(min-width: 768px)\"><img decoding=\"async\" loading=\"lazy\" src=\"https:\/\/nordnesrepublikken.no\/wp-content\/uploads\/2025\/11\/1762825877_533_historie-og-endringer-av-en-halvoy-omstridt-i-arhundrer.jpg\" alt=\"Venezias innflytelsesomr\u00e5de rundt 1000\" width=\"625\" height=\"361\" class=\"js-seedtag-img\"\/><\/source><\/source><\/picture><\/figure>\n<\/p><\/div>\n<p>En del av den istriske befolkningen, konsentrert i byene og i den vestlige delen av halv\u00f8ya, var fra <strong>etnisitet og italiensk spr\u00e5k<\/strong>. Den n\u00f8yaktige prosentandelen er oppe til debatt. I f\u00f8lge folketellingen fra 1910 var den spr\u00e5klige sammensetningen av Istria som f\u00f8lger:<\/p>\n<ul>\n<li>41,6 % av befolkningen snakket <strong>Serbokroatisk<\/strong>konsentrert i den \u00f8stlige delen av halv\u00f8ya<\/li>\n<li>36,5 % av befolkningen snakket <strong>italiensk<\/strong>konsentrert i den vestlige delen og i bysentre<\/li>\n<li>13,7 % av befolkningen snakket <strong>slovensk<\/strong><\/li>\n<li>3,3 % av befolkningen snakket <strong>tysk<\/strong><\/li>\n<\/ul>\n<p>Mindre minoriteter snakket rumensk og andre spr\u00e5k. Folketellingen, utf\u00f8rt av \u00f8sterrikske myndigheter, ble ansett som feil av italienerne.<\/p>\n<p>P\u00e5 slutten av f\u00f8rste verdenskrig ble det \u00f8sterrikske riket oppl\u00f8st og kongeriket Italia var i stand <strong>annekterer hele Istria<\/strong>inkludert den \u00f8stlige delen, bebodd av slaviske befolkninger. I f\u00f8lge en folketelling utf\u00f8rt i 1921 snakket 58 % av den totale befolkningen det italienske spr\u00e5ket.<\/p>\n<p>I l\u00f8pet av de tjue \u00e5rene med fascisme ble Istria utsatt for en <strong>Italiensk prosess<\/strong>som blant annet innebar forbud mot bruk av andre spr\u00e5k enn italiensk og diskriminering av den etniske slaviske befolkningen.<\/p>\n<div class=\"cp_wrapper cp_wrapper--fw mb-50\">\n<figure class=\"mm\"><picture class=\"img\" style=\"padding-top:139.95327102804%\"><source  media=\"(min-width: 1024px)\"><source  media=\"(min-width: 768px)\"><img decoding=\"async\" loading=\"lazy\" src=\"https:\/\/nordnesrepublikken.no\/wp-content\/uploads\/2025\/11\/1762825878_572_historie-og-endringer-av-en-halvoy-omstridt-i-arhundrer.jpg\" alt=\"Fascistisk manifest (Wikimedia Commons)\" width=\"428\" height=\"599\"\/><\/source><\/source><\/picture><\/figure>\n<\/p><\/div>\n<h2><strong>Istria etter andre verdenskrig: annekteringen til Jugoslavia og utvandringen<\/strong><\/h2>\n<p>Den andre verdenskrigen i Istria viste all sin tragedie. I 1941, ved \u00e5 utnytte suksessene til Nazi-Tyskland, var kongeriket Italia i stand til <strong>annekterer andre adriatiske territorier og hele Slovenia<\/strong>skyldig i alvorlige forbrytelser mot den slaviske befolkningen. Den italienske okkupasjonen varte imidlertid ikke lenge: etter <strong>v\u00e5penhvilen 8. september<\/strong> <strong>1943<\/strong>ble hele omr\u00e5det, inkludert Istria, okkupert av tyskerne, som to \u00e5r senere ble tvunget til \u00e5 trekke seg tilbake fra <strong>Jugoslaviske partisaner ledet av marskalk Tito<\/strong>.<\/p>\n<p>P\u00e5 slutten av krigen dukket sp\u00f8rsm\u00e5let om grensen mellom Italia og Jugoslavia opp. De fire vinnerlandene (Sovjetunionen, USA, Storbritannia og Frankrike) fremmet fire ulike forslag. Det var det <strong>den franske godtok<\/strong>som sporet grensen langs linjen som fortsatt avgrenser den i dag og som, unntatt den sovjetiske, var den mest ugunstige for Italia, fordi <strong>overlot hele Istria til Jugoslavia<\/strong>. Fredsavtalen som sanksjonerte den nye grensen var <strong>undertegnet i Paris 10. februar 1947<\/strong>.<\/p>\n<p>En stor del av den italiensktalende og etniske befolkningen <strong>forlot det istriske territoriet<\/strong> \u00e5 s\u00f8ke tilflukt i Italia: <strong>det var den juliansk-dalmatiske utvandringen<\/strong>som begynte f\u00f8r undertegningen av traktaten, ogs\u00e5 involverte andre territorier som gikk over til Jugoslavia, for totalt 250 000-300 000 mennesker. Aff\u00e6ren, som er en del av befolkningsoverf\u00f8ringene som skjedde ved slutten av andre verdenskrig, er gjenstand for kontroverser mht. <strong>rolle til de jugoslaviske militsene<\/strong>som var skyldige i forbrytelser mot den italienske befolkningen, og presset dem til \u00e5 forlate territoriet.<\/p>\n<div class=\"cp_wrapper cp_wrapper--fw mb-50\">\n<figure class=\"mm\"><picture class=\"img\" style=\"padding-top:89.393939393939%\"><source  media=\"(min-width: 1024px)\"><source  media=\"(min-width: 768px)\"><img decoding=\"async\" loading=\"lazy\" src=\"https:\/\/nordnesrepublikken.no\/wp-content\/uploads\/2025\/11\/1762825878_991_historie-og-endringer-av-en-halvoy-omstridt-i-arhundrer.jpg\" alt=\"Utvandringen fra Pula (Wikimedia Commons)\" width=\"1452\" height=\"1298\" class=\"js-seedtag-img\"\/><\/source><\/source><\/picture><\/figure>\n<\/p><\/div>\n<h2><strong>Trieste-sp\u00f8rsm\u00e5let<\/strong><\/h2>\n<p>1947-traktaten <strong>det l\u00f8ste ikke Trieste-sp\u00f8rsm\u00e5let<\/strong> (tilh\u00f8rer ikke Istria, men n\u00e6r det), hevdet av b\u00e5de Italia og Jugoslavia. Traktaten s\u00f8rget faktisk for opprettelsen av en egen stat, den <strong>Triestes frie territorium<\/strong> (TLT), delt inn i to sektorer: sektor A, administrert av de allierte og inkludert byen Trieste; sektor B, administrert av Jugoslavia, inkludert den s\u00f8rlige delen av territoriet.<\/p>\n<div class=\"cp_wrapper cp_wrapper--fw mb-50\">\n<figure class=\"mm\"><picture class=\"img\" style=\"padding-top:157.3385518591%\"><source  media=\"(min-width: 1024px)\"><source  media=\"(min-width: 768px)\"><img decoding=\"async\" loading=\"lazy\" src=\"https:\/\/nordnesrepublikken.no\/wp-content\/uploads\/2025\/11\/1762825878_773_historie-og-endringer-av-en-halvoy-omstridt-i-arhundrer.jpg\" alt=\"Det frie territoriet Trieste\" width=\"511\" height=\"804\"\/><\/source><\/source><\/picture><\/figure>\n<\/p><\/div>\n<p>I 1954, etter <strong>London Memorandum<\/strong>sektor A kom under Italias kontroll og sektor B under Jugoslavia. Faktisk <strong>linje som delte sektor A og B ble grensen mellom Italia og Jugoslavia<\/strong>. P\u00e5 et juridisk niv\u00e5 ble sp\u00f8rsm\u00e5let definert f\u00f8rst i 1975 med Osimo-traktaten, signert av de to utenriksministrene: Mariano Rumor for Italia og Milo\u0161 Mini\u0107 for Jugoslavia. I henhold til traktaten, som tr\u00e5dte i kraft i 1977 etter ratifisering av de to parlamentene, <strong>grenser etablert i 1954 ble endelige<\/strong>. Trieste ble derfor i Italia.<\/p>\n<p>Oppl\u00f8sningen av Jugoslavia, som skjedde p\u00e5 1990-tallet, endret ikke grensene og Istria ble, som vi har sett, nesten fullstendig en del av den kroatiske republikken.<\/p>\n<div class=\"cp_wrapper  mb-50   \">\n<div class=\"cbx\">\n<div class=\"cbx__collection\">\n<p>Kilder<\/p>\n<div class=\"cbx__sources\">\n<p>                                                            Darko Darovec, A Brief History of Istra, ALA Publications, 1998,<\/p>\n<p>Raoul Pupo, Den lange utvandringen. Istria: forf\u00f8lgelsene, foibe, eksilet, Rizzoli 2005.<\/p>\n<p>Marina Cattaruzza, Italia og den \u00f8stlige grensen 1866-2006, Il Mulino 2007<\/p>\n<\/p><\/div>\n<\/p><\/div>\n<\/p><\/div>\n<\/div><\/div>\n","protected":false},"excerpt":{"rendered":"<p>Istria tilh\u00f8rer ikke Italia fordi det etter andre verdenskrig ble tildelt Jugoslavia av fredsavtaleundertegnet i<\/p>\n","protected":false},"author":1,"featured_media":11566,"comment_status":"closed","ping_status":"open","sticky":false,"template":"","format":"standard","meta":{"footnotes":""},"categories":[104],"tags":[7617,785,7616,331,704],"class_list":["post-11565","post","type-post","status-publish","format-standard","has-post-thumbnail","hentry","category-samfunn","tag-arhundrer","tag-endringer","tag-halvoy","tag-historie","tag-omstridt","generate-columns","tablet-grid-50","mobile-grid-100","grid-parent","grid-33","resize-featured-image"],"yoast_head":"<!-- This site is optimized with the Yoast SEO plugin v24.4 - https:\/\/yoast.com\/wordpress\/plugins\/seo\/ -->\n<title>historie og endringer av en halv\u00f8y omstridt i \u00e5rhundrer - Nordnesrepublikken<\/title>\n<meta name=\"robots\" content=\"index, follow, max-snippet:-1, max-image-preview:large, max-video-preview:-1\" \/>\n<link rel=\"canonical\" href=\"https:\/\/nordnesrepublikken.no\/index.php\/2025\/11\/11\/historie-og-endringer-av-en-halvoy-omstridt-i-arhundrer\/\" \/>\n<meta property=\"og:locale\" content=\"nb_NO\" \/>\n<meta property=\"og:type\" content=\"article\" \/>\n<meta property=\"og:title\" content=\"historie og endringer av en halv\u00f8y omstridt i \u00e5rhundrer - Nordnesrepublikken\" \/>\n<meta property=\"og:description\" content=\"Istria tilh\u00f8rer ikke Italia fordi det etter andre verdenskrig ble tildelt Jugoslavia av fredsavtaleundertegnet i\" \/>\n<meta property=\"og:url\" content=\"https:\/\/nordnesrepublikken.no\/index.php\/2025\/11\/11\/historie-og-endringer-av-en-halvoy-omstridt-i-arhundrer\/\" \/>\n<meta property=\"og:site_name\" content=\"Nordnesrepublikken\" \/>\n<meta property=\"article:published_time\" content=\"2025-11-11T01:51:18+00:00\" \/>\n<meta property=\"article:modified_time\" content=\"2025-11-11T01:51:20+00:00\" \/>\n<meta property=\"og:image\" content=\"https:\/\/nordnesrepublikken.no\/wp-content\/uploads\/2025\/11\/1762825879_historie-og-endringer-av-en-halvoy-omstridt-i-arhundrer.jpg\" \/>\n\t<meta property=\"og:image:width\" content=\"1254\" \/>\n\t<meta property=\"og:image:height\" content=\"705\" \/>\n\t<meta property=\"og:image:type\" content=\"image\/jpeg\" \/>\n<meta name=\"author\" content=\"Ole Andersen\" \/>\n<meta name=\"twitter:card\" content=\"summary_large_image\" \/>\n<meta name=\"twitter:label1\" content=\"Skrevet av\" \/>\n\t<meta name=\"twitter:data1\" content=\"Ole Andersen\" \/>\n\t<meta name=\"twitter:label2\" content=\"Ansl. lesetid\" \/>\n\t<meta name=\"twitter:data2\" content=\"4 minutter\" \/>\n<script type=\"application\/ld+json\" class=\"yoast-schema-graph\">{\"@context\":\"https:\/\/schema.org\",\"@graph\":[{\"@type\":\"Article\",\"@id\":\"https:\/\/nordnesrepublikken.no\/index.php\/2025\/11\/11\/historie-og-endringer-av-en-halvoy-omstridt-i-arhundrer\/#article\",\"isPartOf\":{\"@id\":\"https:\/\/nordnesrepublikken.no\/index.php\/2025\/11\/11\/historie-og-endringer-av-en-halvoy-omstridt-i-arhundrer\/\"},\"author\":{\"name\":\"Ole Andersen\",\"@id\":\"https:\/\/nordnesrepublikken.no\/#\/schema\/person\/2e7e81935bab77882fffb79296240ff1\"},\"headline\":\"historie og endringer av en halv\u00f8y omstridt i \u00e5rhundrer\",\"datePublished\":\"2025-11-11T01:51:18+00:00\",\"dateModified\":\"2025-11-11T01:51:20+00:00\",\"mainEntityOfPage\":{\"@id\":\"https:\/\/nordnesrepublikken.no\/index.php\/2025\/11\/11\/historie-og-endringer-av-en-halvoy-omstridt-i-arhundrer\/\"},\"wordCount\":866,\"publisher\":{\"@id\":\"https:\/\/nordnesrepublikken.no\/#organization\"},\"image\":{\"@id\":\"https:\/\/nordnesrepublikken.no\/index.php\/2025\/11\/11\/historie-og-endringer-av-en-halvoy-omstridt-i-arhundrer\/#primaryimage\"},\"thumbnailUrl\":\"https:\/\/nordnesrepublikken.no\/wp-content\/uploads\/2025\/11\/1762825879_historie-og-endringer-av-en-halvoy-omstridt-i-arhundrer.jpg\",\"keywords\":[\"\u00e5rhundrer\",\"endringer\",\"halv\u00f8y\",\"historie\",\"omstridt\"],\"articleSection\":[\"Samfunn\"],\"inLanguage\":\"nb-NO\"},{\"@type\":\"WebPage\",\"@id\":\"https:\/\/nordnesrepublikken.no\/index.php\/2025\/11\/11\/historie-og-endringer-av-en-halvoy-omstridt-i-arhundrer\/\",\"url\":\"https:\/\/nordnesrepublikken.no\/index.php\/2025\/11\/11\/historie-og-endringer-av-en-halvoy-omstridt-i-arhundrer\/\",\"name\":\"historie og endringer av en halv\u00f8y omstridt i \u00e5rhundrer - Nordnesrepublikken\",\"isPartOf\":{\"@id\":\"https:\/\/nordnesrepublikken.no\/#website\"},\"primaryImageOfPage\":{\"@id\":\"https:\/\/nordnesrepublikken.no\/index.php\/2025\/11\/11\/historie-og-endringer-av-en-halvoy-omstridt-i-arhundrer\/#primaryimage\"},\"image\":{\"@id\":\"https:\/\/nordnesrepublikken.no\/index.php\/2025\/11\/11\/historie-og-endringer-av-en-halvoy-omstridt-i-arhundrer\/#primaryimage\"},\"thumbnailUrl\":\"https:\/\/nordnesrepublikken.no\/wp-content\/uploads\/2025\/11\/1762825879_historie-og-endringer-av-en-halvoy-omstridt-i-arhundrer.jpg\",\"datePublished\":\"2025-11-11T01:51:18+00:00\",\"dateModified\":\"2025-11-11T01:51:20+00:00\",\"breadcrumb\":{\"@id\":\"https:\/\/nordnesrepublikken.no\/index.php\/2025\/11\/11\/historie-og-endringer-av-en-halvoy-omstridt-i-arhundrer\/#breadcrumb\"},\"inLanguage\":\"nb-NO\",\"potentialAction\":[{\"@type\":\"ReadAction\",\"target\":[\"https:\/\/nordnesrepublikken.no\/index.php\/2025\/11\/11\/historie-og-endringer-av-en-halvoy-omstridt-i-arhundrer\/\"]}]},{\"@type\":\"ImageObject\",\"inLanguage\":\"nb-NO\",\"@id\":\"https:\/\/nordnesrepublikken.no\/index.php\/2025\/11\/11\/historie-og-endringer-av-en-halvoy-omstridt-i-arhundrer\/#primaryimage\",\"url\":\"https:\/\/nordnesrepublikken.no\/wp-content\/uploads\/2025\/11\/1762825879_historie-og-endringer-av-en-halvoy-omstridt-i-arhundrer.jpg\",\"contentUrl\":\"https:\/\/nordnesrepublikken.no\/wp-content\/uploads\/2025\/11\/1762825879_historie-og-endringer-av-en-halvoy-omstridt-i-arhundrer.jpg\",\"width\":1254,\"height\":705,\"caption\":\"historie og endringer av en halv\u00f8y omstridt i \u00e5rhundrer\"},{\"@type\":\"BreadcrumbList\",\"@id\":\"https:\/\/nordnesrepublikken.no\/index.php\/2025\/11\/11\/historie-og-endringer-av-en-halvoy-omstridt-i-arhundrer\/#breadcrumb\",\"itemListElement\":[{\"@type\":\"ListItem\",\"position\":1,\"name\":\"Home\",\"item\":\"https:\/\/nordnesrepublikken.no\/\"},{\"@type\":\"ListItem\",\"position\":2,\"name\":\"historie og endringer av en halv\u00f8y omstridt i \u00e5rhundrer\"}]},{\"@type\":\"WebSite\",\"@id\":\"https:\/\/nordnesrepublikken.no\/#website\",\"url\":\"https:\/\/nordnesrepublikken.no\/\",\"name\":\"Nordnesrepublikken\",\"description\":\"Stemmer og Visjoner fra Republikkens Hjerte\",\"publisher\":{\"@id\":\"https:\/\/nordnesrepublikken.no\/#organization\"},\"potentialAction\":[{\"@type\":\"SearchAction\",\"target\":{\"@type\":\"EntryPoint\",\"urlTemplate\":\"https:\/\/nordnesrepublikken.no\/?s={search_term_string}\"},\"query-input\":{\"@type\":\"PropertyValueSpecification\",\"valueRequired\":true,\"valueName\":\"search_term_string\"}}],\"inLanguage\":\"nb-NO\"},{\"@type\":\"Organization\",\"@id\":\"https:\/\/nordnesrepublikken.no\/#organization\",\"name\":\"Nordnesrepublikken\",\"url\":\"https:\/\/nordnesrepublikken.no\/\",\"logo\":{\"@type\":\"ImageObject\",\"inLanguage\":\"nb-NO\",\"@id\":\"https:\/\/nordnesrepublikken.no\/#\/schema\/logo\/image\/\",\"url\":\"https:\/\/nordnesrepublikken.no\/wp-content\/uploads\/2025\/02\/cropped-nordnesrepublikken-2.png\",\"contentUrl\":\"https:\/\/nordnesrepublikken.no\/wp-content\/uploads\/2025\/02\/cropped-nordnesrepublikken-2.png\",\"width\":1248,\"height\":362,\"caption\":\"Nordnesrepublikken\"},\"image\":{\"@id\":\"https:\/\/nordnesrepublikken.no\/#\/schema\/logo\/image\/\"}},{\"@type\":\"Person\",\"@id\":\"https:\/\/nordnesrepublikken.no\/#\/schema\/person\/2e7e81935bab77882fffb79296240ff1\",\"name\":\"Ole Andersen\",\"image\":{\"@type\":\"ImageObject\",\"inLanguage\":\"nb-NO\",\"@id\":\"https:\/\/nordnesrepublikken.no\/#\/schema\/person\/image\/\",\"url\":\"https:\/\/nordnesrepublikken.no\/wp-content\/uploads\/2025\/02\/nordnesrepublikken-2-2-150x150.jpg\",\"contentUrl\":\"https:\/\/nordnesrepublikken.no\/wp-content\/uploads\/2025\/02\/nordnesrepublikken-2-2-150x150.jpg\",\"caption\":\"Ole Andersen\"},\"description\":\"Ettersom jeg vokste opp i Oslo, har jeg alltid v\u00e6rt fascinert av ordenes kraft og deres evne til \u00e5 skape endringer. Etter \u00e5 ha fullf\u00f8rt min utdannelse i kommunikasjon ved Universitetet i Bergen, fikk jeg muligheten til \u00e5 jobbe innen ulike medier, der jeg har s\u00f8kt \u00e5 belyse viktige samfunnssp\u00f8rsm\u00e5l. I dag, som redakt\u00f8r for Nordnesrepublikken, pr\u00f8ver jeg \u00e5 forene min kj\u00e6rlighet for journalistikk med min lidenskap for innovasjon og eventyr.\",\"sameAs\":[\"https:\/\/nordnesrepublikken.no\/\"]}]}<\/script>\n<!-- \/ Yoast SEO plugin. -->","yoast_head_json":{"title":"historie og endringer av en halv\u00f8y omstridt i \u00e5rhundrer - Nordnesrepublikken","robots":{"index":"index","follow":"follow","max-snippet":"max-snippet:-1","max-image-preview":"max-image-preview:large","max-video-preview":"max-video-preview:-1"},"canonical":"https:\/\/nordnesrepublikken.no\/index.php\/2025\/11\/11\/historie-og-endringer-av-en-halvoy-omstridt-i-arhundrer\/","og_locale":"nb_NO","og_type":"article","og_title":"historie og endringer av en halv\u00f8y omstridt i \u00e5rhundrer - Nordnesrepublikken","og_description":"Istria tilh\u00f8rer ikke Italia fordi det etter andre verdenskrig ble tildelt Jugoslavia av fredsavtaleundertegnet i","og_url":"https:\/\/nordnesrepublikken.no\/index.php\/2025\/11\/11\/historie-og-endringer-av-en-halvoy-omstridt-i-arhundrer\/","og_site_name":"Nordnesrepublikken","article_published_time":"2025-11-11T01:51:18+00:00","article_modified_time":"2025-11-11T01:51:20+00:00","og_image":[{"width":1254,"height":705,"url":"https:\/\/nordnesrepublikken.no\/wp-content\/uploads\/2025\/11\/1762825879_historie-og-endringer-av-en-halvoy-omstridt-i-arhundrer.jpg","type":"image\/jpeg"}],"author":"Ole Andersen","twitter_card":"summary_large_image","twitter_misc":{"Skrevet av":"Ole Andersen","Ansl. lesetid":"4 minutter"},"schema":{"@context":"https:\/\/schema.org","@graph":[{"@type":"Article","@id":"https:\/\/nordnesrepublikken.no\/index.php\/2025\/11\/11\/historie-og-endringer-av-en-halvoy-omstridt-i-arhundrer\/#article","isPartOf":{"@id":"https:\/\/nordnesrepublikken.no\/index.php\/2025\/11\/11\/historie-og-endringer-av-en-halvoy-omstridt-i-arhundrer\/"},"author":{"name":"Ole Andersen","@id":"https:\/\/nordnesrepublikken.no\/#\/schema\/person\/2e7e81935bab77882fffb79296240ff1"},"headline":"historie og endringer av en halv\u00f8y omstridt i \u00e5rhundrer","datePublished":"2025-11-11T01:51:18+00:00","dateModified":"2025-11-11T01:51:20+00:00","mainEntityOfPage":{"@id":"https:\/\/nordnesrepublikken.no\/index.php\/2025\/11\/11\/historie-og-endringer-av-en-halvoy-omstridt-i-arhundrer\/"},"wordCount":866,"publisher":{"@id":"https:\/\/nordnesrepublikken.no\/#organization"},"image":{"@id":"https:\/\/nordnesrepublikken.no\/index.php\/2025\/11\/11\/historie-og-endringer-av-en-halvoy-omstridt-i-arhundrer\/#primaryimage"},"thumbnailUrl":"https:\/\/nordnesrepublikken.no\/wp-content\/uploads\/2025\/11\/1762825879_historie-og-endringer-av-en-halvoy-omstridt-i-arhundrer.jpg","keywords":["\u00e5rhundrer","endringer","halv\u00f8y","historie","omstridt"],"articleSection":["Samfunn"],"inLanguage":"nb-NO"},{"@type":"WebPage","@id":"https:\/\/nordnesrepublikken.no\/index.php\/2025\/11\/11\/historie-og-endringer-av-en-halvoy-omstridt-i-arhundrer\/","url":"https:\/\/nordnesrepublikken.no\/index.php\/2025\/11\/11\/historie-og-endringer-av-en-halvoy-omstridt-i-arhundrer\/","name":"historie og endringer av en halv\u00f8y omstridt i \u00e5rhundrer - Nordnesrepublikken","isPartOf":{"@id":"https:\/\/nordnesrepublikken.no\/#website"},"primaryImageOfPage":{"@id":"https:\/\/nordnesrepublikken.no\/index.php\/2025\/11\/11\/historie-og-endringer-av-en-halvoy-omstridt-i-arhundrer\/#primaryimage"},"image":{"@id":"https:\/\/nordnesrepublikken.no\/index.php\/2025\/11\/11\/historie-og-endringer-av-en-halvoy-omstridt-i-arhundrer\/#primaryimage"},"thumbnailUrl":"https:\/\/nordnesrepublikken.no\/wp-content\/uploads\/2025\/11\/1762825879_historie-og-endringer-av-en-halvoy-omstridt-i-arhundrer.jpg","datePublished":"2025-11-11T01:51:18+00:00","dateModified":"2025-11-11T01:51:20+00:00","breadcrumb":{"@id":"https:\/\/nordnesrepublikken.no\/index.php\/2025\/11\/11\/historie-og-endringer-av-en-halvoy-omstridt-i-arhundrer\/#breadcrumb"},"inLanguage":"nb-NO","potentialAction":[{"@type":"ReadAction","target":["https:\/\/nordnesrepublikken.no\/index.php\/2025\/11\/11\/historie-og-endringer-av-en-halvoy-omstridt-i-arhundrer\/"]}]},{"@type":"ImageObject","inLanguage":"nb-NO","@id":"https:\/\/nordnesrepublikken.no\/index.php\/2025\/11\/11\/historie-og-endringer-av-en-halvoy-omstridt-i-arhundrer\/#primaryimage","url":"https:\/\/nordnesrepublikken.no\/wp-content\/uploads\/2025\/11\/1762825879_historie-og-endringer-av-en-halvoy-omstridt-i-arhundrer.jpg","contentUrl":"https:\/\/nordnesrepublikken.no\/wp-content\/uploads\/2025\/11\/1762825879_historie-og-endringer-av-en-halvoy-omstridt-i-arhundrer.jpg","width":1254,"height":705,"caption":"historie og endringer av en halv\u00f8y omstridt i \u00e5rhundrer"},{"@type":"BreadcrumbList","@id":"https:\/\/nordnesrepublikken.no\/index.php\/2025\/11\/11\/historie-og-endringer-av-en-halvoy-omstridt-i-arhundrer\/#breadcrumb","itemListElement":[{"@type":"ListItem","position":1,"name":"Home","item":"https:\/\/nordnesrepublikken.no\/"},{"@type":"ListItem","position":2,"name":"historie og endringer av en halv\u00f8y omstridt i \u00e5rhundrer"}]},{"@type":"WebSite","@id":"https:\/\/nordnesrepublikken.no\/#website","url":"https:\/\/nordnesrepublikken.no\/","name":"Nordnesrepublikken","description":"Stemmer og Visjoner fra Republikkens Hjerte","publisher":{"@id":"https:\/\/nordnesrepublikken.no\/#organization"},"potentialAction":[{"@type":"SearchAction","target":{"@type":"EntryPoint","urlTemplate":"https:\/\/nordnesrepublikken.no\/?s={search_term_string}"},"query-input":{"@type":"PropertyValueSpecification","valueRequired":true,"valueName":"search_term_string"}}],"inLanguage":"nb-NO"},{"@type":"Organization","@id":"https:\/\/nordnesrepublikken.no\/#organization","name":"Nordnesrepublikken","url":"https:\/\/nordnesrepublikken.no\/","logo":{"@type":"ImageObject","inLanguage":"nb-NO","@id":"https:\/\/nordnesrepublikken.no\/#\/schema\/logo\/image\/","url":"https:\/\/nordnesrepublikken.no\/wp-content\/uploads\/2025\/02\/cropped-nordnesrepublikken-2.png","contentUrl":"https:\/\/nordnesrepublikken.no\/wp-content\/uploads\/2025\/02\/cropped-nordnesrepublikken-2.png","width":1248,"height":362,"caption":"Nordnesrepublikken"},"image":{"@id":"https:\/\/nordnesrepublikken.no\/#\/schema\/logo\/image\/"}},{"@type":"Person","@id":"https:\/\/nordnesrepublikken.no\/#\/schema\/person\/2e7e81935bab77882fffb79296240ff1","name":"Ole Andersen","image":{"@type":"ImageObject","inLanguage":"nb-NO","@id":"https:\/\/nordnesrepublikken.no\/#\/schema\/person\/image\/","url":"https:\/\/nordnesrepublikken.no\/wp-content\/uploads\/2025\/02\/nordnesrepublikken-2-2-150x150.jpg","contentUrl":"https:\/\/nordnesrepublikken.no\/wp-content\/uploads\/2025\/02\/nordnesrepublikken-2-2-150x150.jpg","caption":"Ole Andersen"},"description":"Ettersom jeg vokste opp i Oslo, har jeg alltid v\u00e6rt fascinert av ordenes kraft og deres evne til \u00e5 skape endringer. Etter \u00e5 ha fullf\u00f8rt min utdannelse i kommunikasjon ved Universitetet i Bergen, fikk jeg muligheten til \u00e5 jobbe innen ulike medier, der jeg har s\u00f8kt \u00e5 belyse viktige samfunnssp\u00f8rsm\u00e5l. I dag, som redakt\u00f8r for Nordnesrepublikken, pr\u00f8ver jeg \u00e5 forene min kj\u00e6rlighet for journalistikk med min lidenskap for innovasjon og eventyr.","sameAs":["https:\/\/nordnesrepublikken.no\/"]}]}},"_links":{"self":[{"href":"https:\/\/nordnesrepublikken.no\/index.php\/wp-json\/wp\/v2\/posts\/11565","targetHints":{"allow":["GET"]}}],"collection":[{"href":"https:\/\/nordnesrepublikken.no\/index.php\/wp-json\/wp\/v2\/posts"}],"about":[{"href":"https:\/\/nordnesrepublikken.no\/index.php\/wp-json\/wp\/v2\/types\/post"}],"author":[{"embeddable":true,"href":"https:\/\/nordnesrepublikken.no\/index.php\/wp-json\/wp\/v2\/users\/1"}],"replies":[{"embeddable":true,"href":"https:\/\/nordnesrepublikken.no\/index.php\/wp-json\/wp\/v2\/comments?post=11565"}],"version-history":[{"count":1,"href":"https:\/\/nordnesrepublikken.no\/index.php\/wp-json\/wp\/v2\/posts\/11565\/revisions"}],"predecessor-version":[{"id":11567,"href":"https:\/\/nordnesrepublikken.no\/index.php\/wp-json\/wp\/v2\/posts\/11565\/revisions\/11567"}],"wp:featuredmedia":[{"embeddable":true,"href":"https:\/\/nordnesrepublikken.no\/index.php\/wp-json\/wp\/v2\/media\/11566"}],"wp:attachment":[{"href":"https:\/\/nordnesrepublikken.no\/index.php\/wp-json\/wp\/v2\/media?parent=11565"}],"wp:term":[{"taxonomy":"category","embeddable":true,"href":"https:\/\/nordnesrepublikken.no\/index.php\/wp-json\/wp\/v2\/categories?post=11565"},{"taxonomy":"post_tag","embeddable":true,"href":"https:\/\/nordnesrepublikken.no\/index.php\/wp-json\/wp\/v2\/tags?post=11565"}],"curies":[{"name":"wp","href":"https:\/\/api.w.org\/{rel}","templated":true}]}}