{"id":11547,"date":"2025-11-10T15:51:05","date_gmt":"2025-11-10T14:51:05","guid":{"rendered":"https:\/\/nordnesrepublikken.no\/index.php\/2025\/11\/10\/er-samarbeidet-mellom-to-arter-av-edderkopper\/"},"modified":"2025-11-10T15:51:07","modified_gmt":"2025-11-10T14:51:07","slug":"er-samarbeidet-mellom-to-arter-av-edderkopper","status":"publish","type":"post","link":"https:\/\/nordnesrepublikken.no\/index.php\/2025\/11\/10\/er-samarbeidet-mellom-to-arter-av-edderkopper\/","title":{"rendered":"er samarbeidet mellom to arter av edderkopper"},"content":{"rendered":"<div>\n<div class=\"cp_wrapper cp_wrapper--fw mb-30 mb-20@tablet\">\n<figure class=\"mm\"><picture class=\"img\" style=\"padding-top:56.25%\"><source  media=\"(min-width: 1024px)\"><source  media=\"(min-width: 768px)\"><\/source><\/source><\/picture><\/figure>\n<\/p><\/div>\n<p>Man trodde de ikke kunne samarbeide, men i stedet bygde de en kolossal struktur som strekker seg p\u00e5 tvers <strong>106 m<sup>2<\/sup><\/strong>  inn i jordens dyp p\u00e5 hesteryggen<strong> mellom Albania og Hellas<\/strong>: forskere tror det er<strong> det st\u00f8rste edderkoppnettet i verden<\/strong>. Her avsl\u00f8res et nytt naturlig laboratorium som inviterer oss til \u00e5 vurdere v\u00e5re ideer om lysfrie habitater, den underjordiske \u00f8kologien til <strong>huler<\/strong> og dyreadferd under &laquo;ekstreme&raquo; forhold. I en studie nylig publisert p\u00e5 <em>Underjordisk biologi<\/em> med tittelen &laquo;Et ekstraordin\u00e6rt kolonialt edderkoppsamfunn i Sulphur Cave (Albania\/Hellas) opprettholdt av kjemoautotrofi&raquo;, oppdagelsen av en <strong>gigantisk edderkoppnett<\/strong> i <strong>underjordisk milj\u00f8<\/strong> p\u00e5 grensen <strong>mellom Hellas og Albania <\/strong>og skapt av samarbeid mellom to arter <em>Tegenaria domestica <\/em>Og <em>Prinerigone vagans<\/em>. Forfatterne, ledet av professor Istv\u00e1n Ur\u00e1k, analyserer ikke bare strukturen til edderkoppnettet, men ogs\u00e5 sammensetningen av <strong>edderkoppsamfunn<\/strong>opprinnelsen til n\u00e6ringsnettet som st\u00f8tter det, genetikken til populasjonene og m\u00e5ten \u00e5 tilpasse seg dette ekstreme habitatet p\u00e5, noe som gj\u00f8r at vi kan utvide v\u00e5r kunnskap om<strong>\u00f8kologi i underjordiske milj\u00f8er<\/strong>.<\/p>\n<h2><b>En enorm hule for et gigantisk edderkoppnett<\/b><\/h2>\n<p>Oppdagelsen av edderkoppnettet g\u00e5r tilbake til <strong>2022<\/strong>n\u00e5r et team av <strong>Tsjekkisk speleologisk forening<\/strong> gjennomf\u00f8rte en dyrelivsunders\u00f8kelse i regionens grotter og oppdaget denne eksepsjonelle strukturen.<\/p>\n<p>Vi er inne i<strong> Svovelhulen<\/strong>et svovelrikt underjordisk milj\u00f8 som ligger p\u00e5 grensen mellom Albania og Hellas. Dens hulrom er kjent for den typiske skarpe lukten av <strong>svovel<\/strong> produsert av virkningen av akviferene med bergartene som er typiske for det omr\u00e5det. Vann fra kilder og en svovelrik bekk renner gjennom hulekomplekset og renner ut i elven <strong>Sarandaporo<\/strong>og n\u00e5r temperaturer inne i hulen p\u00e5 ca <strong>25\u00b0C hele \u00e5ret<\/strong>.<\/p>\n<p>I 2022 unders\u00f8kte speleologer et gigantisk edderkoppnett som ble analysert og tatt h\u00e5nd om av et team av ekspertforskere. Det rekordstore edderkoppnettet \u2013 som best\u00e5r av tusenvis av nett \u2013 <strong>den dekker et omr\u00e5de p\u00e5 omtrent 106 m\u00b2<\/strong> if\u00f8lge forfatternes anslag, og rommer ca <b>111 000<\/b><strong>  edderkopper. <\/strong><\/p>\n<h2><b>Et enormt underjordisk samfunn av edderkopper<\/b><\/h2>\n<p>Ved f\u00f8rste \u00f8yekast kan det se ut som \u00e9n ting, men det gigantiske edderkoppnettet som ble oppdaget i <strong>Svovelhulen<\/strong> det er et sett med <strong>to arter edderkopper<\/strong> som samarbeider og skaper et megasamfunn: <em>Tegenaria domestica<\/em>en velkjent art \u2013 ofte kalt hustraktedderkoppen (med ca <b>69 000 <\/b>aktede individer i kolonien) e <em>Prinerigone vagans<\/em>en mindre kjent art av familien Linyphiidae (med mer enn <b>42 000<\/b> aktede individer).<\/p>\n<div class=\"cp_wrapper cp_wrapper--fw mb-50\">\n<figure class=\"mm\"><picture class=\"img\" style=\"padding-top:66.417910447761%\"><source  media=\"(min-width: 1024px)\"><source  media=\"(min-width: 768px)\"><img decoding=\"async\" loading=\"lazy\" src=\"https:\/\/nordnesrepublikken.no\/wp-content\/uploads\/2025\/11\/1762786265_903_er-samarbeidet-mellom-to-arter-av-edderkopper.jpg\" alt=\"domestiserte tegenaria\" width=\"4288\" height=\"2848\"\/><\/source><\/source><\/picture><\/figure>\n<\/p><\/div>\n<p>Begge artene, normalt <b>ensom<\/b>vis en <strong>&laquo;kolonial&raquo; oppf\u00f8rsel<\/strong> i denne hypogeiske, dvs. underjordiske, konteksten: de lever i et felles lerret som dekker den ene veggen av hulen som et enormt billedvev. Nok et tilfelle der vi romantisk kan sitere at &laquo;enhet er styrke&raquo;&#8230; selv i zoologi. Selv om det ser ut til at traktedderkoppene gj\u00f8r det meste, mens de andre artene bare lever inne.<\/p>\n<p>Fra et fysiologisk og genetisk synspunkt avsl\u00f8rer studien at <strong>befolkning p\u00e5 <em>T. domestica<\/em> i hulen er det tydelig<\/strong> <strong>genetisk<\/strong> fra overflatepopulasjoner: dette antyder en isolasjon og en mulig tilpasning til det underjordiske milj\u00f8et, en spesialisering til dets milj\u00f8forhold som vi kan intuere fra DNA-analyser. Men det er ikke det eneste enest\u00e5ende aspektet som skiller huleindivider fra &laquo;vanlige&raquo;. Faktisk divergerer de ogs\u00e5 i mikrobiomet: en er registrert <strong>spesifikt intestinalt mikrobielt samfunn<\/strong> for disse dyrene, noe som tyder p\u00e5 en ytterligere s\u00e6regen tilpasning til det underjordiske habitatet.<\/p>\n<p>Det er et stort antall<strong> mygg i hulen<\/strong> (chironomider av arten <em>Tanytarsus albisutus<\/em>), antyder forskere at mattilgjengelighet kan ha v\u00e6rt en avgj\u00f8rende faktor for samarbeid og redusert interspesifikk predasjon blant edderkopper. Av en eller annen grunn trenger de ikke \u00e5 spise hverandre, noe som gj\u00f8r dem enda mer forskjellige fra individer som bor i eksterne habitater.<\/p>\n<p>&laquo;Koloniseringen av Sulphur Cave av<em> T. domestica<\/em> ble mest sannsynlig bestemt av <strong>rikelig med matressurser<\/strong> representert av den tette svermen av chironomider som trivdes i hulen.&raquo; Dette er ordene til forfatterne, rapportert i magasinet <em>Underjordisk biologi<\/em>. Ved basen av matnettverket ville det v\u00e6re den enorme mengden av <strong>biofilm<\/strong> som dekker veggene i hulen og som danner en slimete og n\u00e6ringsrik overflate.<\/p>\n<div class=\"cp_wrapper cp_wrapper--fw mb-50\">\n<figure class=\"mm\"><picture class=\"img\" style=\"padding-top:69.064748201439%\"><source  media=\"(min-width: 1024px)\"><source  media=\"(min-width: 768px)\"><img decoding=\"async\" loading=\"lazy\" src=\"https:\/\/nordnesrepublikken.no\/wp-content\/uploads\/2025\/11\/1762786265_292_er-samarbeidet-mellom-to-arter-av-edderkopper.jpg\" alt=\"underjordisk edderkoppnett oppdaget\" width=\"1251\" height=\"864\" class=\"js-seedtag-img\"\/><\/source><\/source><\/picture><\/figure>\n<\/p><\/div>\n<h2>Hvorfor oppdagelse er s\u00e5 viktig<\/h2>\n<p>Funnet er viktig p\u00e5 flere fronter. F\u00f8rst av alt, som vi allerede har nevnt, er det sannsynligvis <b>st\u00f8rste edderkoppnett som noen gang er dokumentert<\/b> <strong>i en underjordisk sammenheng<\/strong>b\u00e5de n\u00e5r det gjelder overflateareal og antall individer som er vert.<\/p>\n<p>Videre representerer det et uvanlig tilfelle av <strong>kolonialitet hos normalt solit\u00e6re arter<\/strong>som reiser nye sp\u00f8rsm\u00e5l om utviklingen av sosial atferd hos edderkopper. Hulens \u00f8kosystem drives ikke av sollys, men av svoveloksiderende bakterier, noe som gj\u00f8r funnet til et sjeldent eksempel p\u00e5 <strong>uavhengig n\u00e6ringsnett<\/strong> fra fotosyntesen. Til slutt kan den gi innsikt i hvordan overflatearter kan kolonisere ekstreme underjordiske milj\u00f8er, som deres egne <strong>adaptive mekanismer<\/strong> og hvordan samfunn er strukturert i isolerte forhold.<\/p>\n<div class=\"cp_wrapper  mb-50   \">\n<div class=\"cbx\">\n<div class=\"cbx__collection\">\n<p>Kilder<\/p>\n<div class=\"cbx__sources\">\n<p>                                                            Ur\u00e1k, I., Vrenozi, B., G\u0142\u0105biak, Z., Lecoquierre, N., Eiberger, C., Maraun, M., \u015etefan, A., Flot, J.-F., Brad, T., Dainelli, L., Sarbu, S.M., &#038; B\u0103ncil\u0103, R. .. (202.5). Et ekstraordin\u00e6rt kolonialt edderkoppsamfunn i Sulphur Cave (Albania\/Hellas) opprettholdt av kjemoautotrofi. Subterranean Biology, 53, 155-177. Kuta, S. (2025, 6. november). Dette massive nettet \u2013 hjem til mer enn 100 000 edderkopper \u2013 funnet i en hule i Europa kan v\u00e6re verdens st\u00f8rste. Smithsonian Magazine. Smithsonian magazine\n                                                <\/p><\/div>\n<\/p><\/div>\n<\/p><\/div>\n<\/div><\/div>\n","protected":false},"excerpt":{"rendered":"<p>Man trodde de ikke kunne samarbeide, men i stedet bygde de en kolossal struktur som<\/p>\n","protected":false},"author":1,"featured_media":11548,"comment_status":"closed","ping_status":"open","sticky":false,"template":"","format":"standard","meta":{"footnotes":""},"categories":[24],"tags":[3581,4926,212,7606],"class_list":["post-11547","post","type-post","status-publish","format-standard","has-post-thumbnail","hentry","category-vitenskap","tag-arter","tag-edderkopper","tag-mellom","tag-samarbeidet","generate-columns","tablet-grid-50","mobile-grid-100","grid-parent","grid-33","resize-featured-image"],"yoast_head":"<!-- This site is optimized with the Yoast SEO plugin v24.4 - https:\/\/yoast.com\/wordpress\/plugins\/seo\/ -->\n<title>er samarbeidet mellom to arter av edderkopper - Nordnesrepublikken<\/title>\n<meta name=\"robots\" content=\"index, follow, max-snippet:-1, max-image-preview:large, max-video-preview:-1\" \/>\n<link rel=\"canonical\" href=\"https:\/\/nordnesrepublikken.no\/index.php\/2025\/11\/10\/er-samarbeidet-mellom-to-arter-av-edderkopper\/\" \/>\n<meta property=\"og:locale\" content=\"nb_NO\" \/>\n<meta property=\"og:type\" content=\"article\" \/>\n<meta property=\"og:title\" content=\"er samarbeidet mellom to arter av edderkopper - Nordnesrepublikken\" \/>\n<meta property=\"og:description\" content=\"Man trodde de ikke kunne samarbeide, men i stedet bygde de en kolossal struktur som\" \/>\n<meta property=\"og:url\" content=\"https:\/\/nordnesrepublikken.no\/index.php\/2025\/11\/10\/er-samarbeidet-mellom-to-arter-av-edderkopper\/\" \/>\n<meta property=\"og:site_name\" content=\"Nordnesrepublikken\" \/>\n<meta property=\"article:published_time\" content=\"2025-11-10T14:51:05+00:00\" \/>\n<meta property=\"article:modified_time\" content=\"2025-11-10T14:51:07+00:00\" \/>\n<meta property=\"og:image\" content=\"https:\/\/nordnesrepublikken.no\/wp-content\/uploads\/2025\/11\/1762786266_er-samarbeidet-mellom-to-arter-av-edderkopper.jpg\" \/>\n\t<meta property=\"og:image:width\" content=\"1250\" \/>\n\t<meta property=\"og:image:height\" content=\"872\" \/>\n\t<meta property=\"og:image:type\" content=\"image\/jpeg\" \/>\n<meta name=\"author\" content=\"Ole Andersen\" \/>\n<meta name=\"twitter:card\" content=\"summary_large_image\" \/>\n<meta name=\"twitter:label1\" content=\"Skrevet av\" \/>\n\t<meta name=\"twitter:data1\" content=\"Ole Andersen\" \/>\n\t<meta name=\"twitter:label2\" content=\"Ansl. lesetid\" \/>\n\t<meta name=\"twitter:data2\" content=\"4 minutter\" \/>\n<script type=\"application\/ld+json\" class=\"yoast-schema-graph\">{\"@context\":\"https:\/\/schema.org\",\"@graph\":[{\"@type\":\"Article\",\"@id\":\"https:\/\/nordnesrepublikken.no\/index.php\/2025\/11\/10\/er-samarbeidet-mellom-to-arter-av-edderkopper\/#article\",\"isPartOf\":{\"@id\":\"https:\/\/nordnesrepublikken.no\/index.php\/2025\/11\/10\/er-samarbeidet-mellom-to-arter-av-edderkopper\/\"},\"author\":{\"name\":\"Ole Andersen\",\"@id\":\"https:\/\/nordnesrepublikken.no\/#\/schema\/person\/2e7e81935bab77882fffb79296240ff1\"},\"headline\":\"er samarbeidet mellom to arter av edderkopper\",\"datePublished\":\"2025-11-10T14:51:05+00:00\",\"dateModified\":\"2025-11-10T14:51:07+00:00\",\"mainEntityOfPage\":{\"@id\":\"https:\/\/nordnesrepublikken.no\/index.php\/2025\/11\/10\/er-samarbeidet-mellom-to-arter-av-edderkopper\/\"},\"wordCount\":869,\"publisher\":{\"@id\":\"https:\/\/nordnesrepublikken.no\/#organization\"},\"image\":{\"@id\":\"https:\/\/nordnesrepublikken.no\/index.php\/2025\/11\/10\/er-samarbeidet-mellom-to-arter-av-edderkopper\/#primaryimage\"},\"thumbnailUrl\":\"https:\/\/nordnesrepublikken.no\/wp-content\/uploads\/2025\/11\/1762786266_er-samarbeidet-mellom-to-arter-av-edderkopper.jpg\",\"keywords\":[\"arter\",\"edderkopper\",\"mellom\",\"samarbeidet\"],\"articleSection\":[\"Vitenskap\"],\"inLanguage\":\"nb-NO\"},{\"@type\":\"WebPage\",\"@id\":\"https:\/\/nordnesrepublikken.no\/index.php\/2025\/11\/10\/er-samarbeidet-mellom-to-arter-av-edderkopper\/\",\"url\":\"https:\/\/nordnesrepublikken.no\/index.php\/2025\/11\/10\/er-samarbeidet-mellom-to-arter-av-edderkopper\/\",\"name\":\"er samarbeidet mellom to arter av edderkopper - Nordnesrepublikken\",\"isPartOf\":{\"@id\":\"https:\/\/nordnesrepublikken.no\/#website\"},\"primaryImageOfPage\":{\"@id\":\"https:\/\/nordnesrepublikken.no\/index.php\/2025\/11\/10\/er-samarbeidet-mellom-to-arter-av-edderkopper\/#primaryimage\"},\"image\":{\"@id\":\"https:\/\/nordnesrepublikken.no\/index.php\/2025\/11\/10\/er-samarbeidet-mellom-to-arter-av-edderkopper\/#primaryimage\"},\"thumbnailUrl\":\"https:\/\/nordnesrepublikken.no\/wp-content\/uploads\/2025\/11\/1762786266_er-samarbeidet-mellom-to-arter-av-edderkopper.jpg\",\"datePublished\":\"2025-11-10T14:51:05+00:00\",\"dateModified\":\"2025-11-10T14:51:07+00:00\",\"breadcrumb\":{\"@id\":\"https:\/\/nordnesrepublikken.no\/index.php\/2025\/11\/10\/er-samarbeidet-mellom-to-arter-av-edderkopper\/#breadcrumb\"},\"inLanguage\":\"nb-NO\",\"potentialAction\":[{\"@type\":\"ReadAction\",\"target\":[\"https:\/\/nordnesrepublikken.no\/index.php\/2025\/11\/10\/er-samarbeidet-mellom-to-arter-av-edderkopper\/\"]}]},{\"@type\":\"ImageObject\",\"inLanguage\":\"nb-NO\",\"@id\":\"https:\/\/nordnesrepublikken.no\/index.php\/2025\/11\/10\/er-samarbeidet-mellom-to-arter-av-edderkopper\/#primaryimage\",\"url\":\"https:\/\/nordnesrepublikken.no\/wp-content\/uploads\/2025\/11\/1762786266_er-samarbeidet-mellom-to-arter-av-edderkopper.jpg\",\"contentUrl\":\"https:\/\/nordnesrepublikken.no\/wp-content\/uploads\/2025\/11\/1762786266_er-samarbeidet-mellom-to-arter-av-edderkopper.jpg\",\"width\":1250,\"height\":872,\"caption\":\"er samarbeidet mellom to arter av edderkopper\"},{\"@type\":\"BreadcrumbList\",\"@id\":\"https:\/\/nordnesrepublikken.no\/index.php\/2025\/11\/10\/er-samarbeidet-mellom-to-arter-av-edderkopper\/#breadcrumb\",\"itemListElement\":[{\"@type\":\"ListItem\",\"position\":1,\"name\":\"Home\",\"item\":\"https:\/\/nordnesrepublikken.no\/\"},{\"@type\":\"ListItem\",\"position\":2,\"name\":\"er samarbeidet mellom to arter av edderkopper\"}]},{\"@type\":\"WebSite\",\"@id\":\"https:\/\/nordnesrepublikken.no\/#website\",\"url\":\"https:\/\/nordnesrepublikken.no\/\",\"name\":\"Nordnesrepublikken\",\"description\":\"Stemmer og Visjoner fra Republikkens Hjerte\",\"publisher\":{\"@id\":\"https:\/\/nordnesrepublikken.no\/#organization\"},\"potentialAction\":[{\"@type\":\"SearchAction\",\"target\":{\"@type\":\"EntryPoint\",\"urlTemplate\":\"https:\/\/nordnesrepublikken.no\/?s={search_term_string}\"},\"query-input\":{\"@type\":\"PropertyValueSpecification\",\"valueRequired\":true,\"valueName\":\"search_term_string\"}}],\"inLanguage\":\"nb-NO\"},{\"@type\":\"Organization\",\"@id\":\"https:\/\/nordnesrepublikken.no\/#organization\",\"name\":\"Nordnesrepublikken\",\"url\":\"https:\/\/nordnesrepublikken.no\/\",\"logo\":{\"@type\":\"ImageObject\",\"inLanguage\":\"nb-NO\",\"@id\":\"https:\/\/nordnesrepublikken.no\/#\/schema\/logo\/image\/\",\"url\":\"https:\/\/nordnesrepublikken.no\/wp-content\/uploads\/2025\/02\/cropped-nordnesrepublikken-2.png\",\"contentUrl\":\"https:\/\/nordnesrepublikken.no\/wp-content\/uploads\/2025\/02\/cropped-nordnesrepublikken-2.png\",\"width\":1248,\"height\":362,\"caption\":\"Nordnesrepublikken\"},\"image\":{\"@id\":\"https:\/\/nordnesrepublikken.no\/#\/schema\/logo\/image\/\"}},{\"@type\":\"Person\",\"@id\":\"https:\/\/nordnesrepublikken.no\/#\/schema\/person\/2e7e81935bab77882fffb79296240ff1\",\"name\":\"Ole Andersen\",\"image\":{\"@type\":\"ImageObject\",\"inLanguage\":\"nb-NO\",\"@id\":\"https:\/\/nordnesrepublikken.no\/#\/schema\/person\/image\/\",\"url\":\"https:\/\/nordnesrepublikken.no\/wp-content\/uploads\/2025\/02\/nordnesrepublikken-2-2-150x150.jpg\",\"contentUrl\":\"https:\/\/nordnesrepublikken.no\/wp-content\/uploads\/2025\/02\/nordnesrepublikken-2-2-150x150.jpg\",\"caption\":\"Ole Andersen\"},\"description\":\"Ettersom jeg vokste opp i Oslo, har jeg alltid v\u00e6rt fascinert av ordenes kraft og deres evne til \u00e5 skape endringer. Etter \u00e5 ha fullf\u00f8rt min utdannelse i kommunikasjon ved Universitetet i Bergen, fikk jeg muligheten til \u00e5 jobbe innen ulike medier, der jeg har s\u00f8kt \u00e5 belyse viktige samfunnssp\u00f8rsm\u00e5l. I dag, som redakt\u00f8r for Nordnesrepublikken, pr\u00f8ver jeg \u00e5 forene min kj\u00e6rlighet for journalistikk med min lidenskap for innovasjon og eventyr.\",\"sameAs\":[\"https:\/\/nordnesrepublikken.no\/\"]}]}<\/script>\n<!-- \/ Yoast SEO plugin. -->","yoast_head_json":{"title":"er samarbeidet mellom to arter av edderkopper - Nordnesrepublikken","robots":{"index":"index","follow":"follow","max-snippet":"max-snippet:-1","max-image-preview":"max-image-preview:large","max-video-preview":"max-video-preview:-1"},"canonical":"https:\/\/nordnesrepublikken.no\/index.php\/2025\/11\/10\/er-samarbeidet-mellom-to-arter-av-edderkopper\/","og_locale":"nb_NO","og_type":"article","og_title":"er samarbeidet mellom to arter av edderkopper - Nordnesrepublikken","og_description":"Man trodde de ikke kunne samarbeide, men i stedet bygde de en kolossal struktur som","og_url":"https:\/\/nordnesrepublikken.no\/index.php\/2025\/11\/10\/er-samarbeidet-mellom-to-arter-av-edderkopper\/","og_site_name":"Nordnesrepublikken","article_published_time":"2025-11-10T14:51:05+00:00","article_modified_time":"2025-11-10T14:51:07+00:00","og_image":[{"width":1250,"height":872,"url":"https:\/\/nordnesrepublikken.no\/wp-content\/uploads\/2025\/11\/1762786266_er-samarbeidet-mellom-to-arter-av-edderkopper.jpg","type":"image\/jpeg"}],"author":"Ole Andersen","twitter_card":"summary_large_image","twitter_misc":{"Skrevet av":"Ole Andersen","Ansl. lesetid":"4 minutter"},"schema":{"@context":"https:\/\/schema.org","@graph":[{"@type":"Article","@id":"https:\/\/nordnesrepublikken.no\/index.php\/2025\/11\/10\/er-samarbeidet-mellom-to-arter-av-edderkopper\/#article","isPartOf":{"@id":"https:\/\/nordnesrepublikken.no\/index.php\/2025\/11\/10\/er-samarbeidet-mellom-to-arter-av-edderkopper\/"},"author":{"name":"Ole Andersen","@id":"https:\/\/nordnesrepublikken.no\/#\/schema\/person\/2e7e81935bab77882fffb79296240ff1"},"headline":"er samarbeidet mellom to arter av edderkopper","datePublished":"2025-11-10T14:51:05+00:00","dateModified":"2025-11-10T14:51:07+00:00","mainEntityOfPage":{"@id":"https:\/\/nordnesrepublikken.no\/index.php\/2025\/11\/10\/er-samarbeidet-mellom-to-arter-av-edderkopper\/"},"wordCount":869,"publisher":{"@id":"https:\/\/nordnesrepublikken.no\/#organization"},"image":{"@id":"https:\/\/nordnesrepublikken.no\/index.php\/2025\/11\/10\/er-samarbeidet-mellom-to-arter-av-edderkopper\/#primaryimage"},"thumbnailUrl":"https:\/\/nordnesrepublikken.no\/wp-content\/uploads\/2025\/11\/1762786266_er-samarbeidet-mellom-to-arter-av-edderkopper.jpg","keywords":["arter","edderkopper","mellom","samarbeidet"],"articleSection":["Vitenskap"],"inLanguage":"nb-NO"},{"@type":"WebPage","@id":"https:\/\/nordnesrepublikken.no\/index.php\/2025\/11\/10\/er-samarbeidet-mellom-to-arter-av-edderkopper\/","url":"https:\/\/nordnesrepublikken.no\/index.php\/2025\/11\/10\/er-samarbeidet-mellom-to-arter-av-edderkopper\/","name":"er samarbeidet mellom to arter av edderkopper - Nordnesrepublikken","isPartOf":{"@id":"https:\/\/nordnesrepublikken.no\/#website"},"primaryImageOfPage":{"@id":"https:\/\/nordnesrepublikken.no\/index.php\/2025\/11\/10\/er-samarbeidet-mellom-to-arter-av-edderkopper\/#primaryimage"},"image":{"@id":"https:\/\/nordnesrepublikken.no\/index.php\/2025\/11\/10\/er-samarbeidet-mellom-to-arter-av-edderkopper\/#primaryimage"},"thumbnailUrl":"https:\/\/nordnesrepublikken.no\/wp-content\/uploads\/2025\/11\/1762786266_er-samarbeidet-mellom-to-arter-av-edderkopper.jpg","datePublished":"2025-11-10T14:51:05+00:00","dateModified":"2025-11-10T14:51:07+00:00","breadcrumb":{"@id":"https:\/\/nordnesrepublikken.no\/index.php\/2025\/11\/10\/er-samarbeidet-mellom-to-arter-av-edderkopper\/#breadcrumb"},"inLanguage":"nb-NO","potentialAction":[{"@type":"ReadAction","target":["https:\/\/nordnesrepublikken.no\/index.php\/2025\/11\/10\/er-samarbeidet-mellom-to-arter-av-edderkopper\/"]}]},{"@type":"ImageObject","inLanguage":"nb-NO","@id":"https:\/\/nordnesrepublikken.no\/index.php\/2025\/11\/10\/er-samarbeidet-mellom-to-arter-av-edderkopper\/#primaryimage","url":"https:\/\/nordnesrepublikken.no\/wp-content\/uploads\/2025\/11\/1762786266_er-samarbeidet-mellom-to-arter-av-edderkopper.jpg","contentUrl":"https:\/\/nordnesrepublikken.no\/wp-content\/uploads\/2025\/11\/1762786266_er-samarbeidet-mellom-to-arter-av-edderkopper.jpg","width":1250,"height":872,"caption":"er samarbeidet mellom to arter av edderkopper"},{"@type":"BreadcrumbList","@id":"https:\/\/nordnesrepublikken.no\/index.php\/2025\/11\/10\/er-samarbeidet-mellom-to-arter-av-edderkopper\/#breadcrumb","itemListElement":[{"@type":"ListItem","position":1,"name":"Home","item":"https:\/\/nordnesrepublikken.no\/"},{"@type":"ListItem","position":2,"name":"er samarbeidet mellom to arter av edderkopper"}]},{"@type":"WebSite","@id":"https:\/\/nordnesrepublikken.no\/#website","url":"https:\/\/nordnesrepublikken.no\/","name":"Nordnesrepublikken","description":"Stemmer og Visjoner fra Republikkens Hjerte","publisher":{"@id":"https:\/\/nordnesrepublikken.no\/#organization"},"potentialAction":[{"@type":"SearchAction","target":{"@type":"EntryPoint","urlTemplate":"https:\/\/nordnesrepublikken.no\/?s={search_term_string}"},"query-input":{"@type":"PropertyValueSpecification","valueRequired":true,"valueName":"search_term_string"}}],"inLanguage":"nb-NO"},{"@type":"Organization","@id":"https:\/\/nordnesrepublikken.no\/#organization","name":"Nordnesrepublikken","url":"https:\/\/nordnesrepublikken.no\/","logo":{"@type":"ImageObject","inLanguage":"nb-NO","@id":"https:\/\/nordnesrepublikken.no\/#\/schema\/logo\/image\/","url":"https:\/\/nordnesrepublikken.no\/wp-content\/uploads\/2025\/02\/cropped-nordnesrepublikken-2.png","contentUrl":"https:\/\/nordnesrepublikken.no\/wp-content\/uploads\/2025\/02\/cropped-nordnesrepublikken-2.png","width":1248,"height":362,"caption":"Nordnesrepublikken"},"image":{"@id":"https:\/\/nordnesrepublikken.no\/#\/schema\/logo\/image\/"}},{"@type":"Person","@id":"https:\/\/nordnesrepublikken.no\/#\/schema\/person\/2e7e81935bab77882fffb79296240ff1","name":"Ole Andersen","image":{"@type":"ImageObject","inLanguage":"nb-NO","@id":"https:\/\/nordnesrepublikken.no\/#\/schema\/person\/image\/","url":"https:\/\/nordnesrepublikken.no\/wp-content\/uploads\/2025\/02\/nordnesrepublikken-2-2-150x150.jpg","contentUrl":"https:\/\/nordnesrepublikken.no\/wp-content\/uploads\/2025\/02\/nordnesrepublikken-2-2-150x150.jpg","caption":"Ole Andersen"},"description":"Ettersom jeg vokste opp i Oslo, har jeg alltid v\u00e6rt fascinert av ordenes kraft og deres evne til \u00e5 skape endringer. Etter \u00e5 ha fullf\u00f8rt min utdannelse i kommunikasjon ved Universitetet i Bergen, fikk jeg muligheten til \u00e5 jobbe innen ulike medier, der jeg har s\u00f8kt \u00e5 belyse viktige samfunnssp\u00f8rsm\u00e5l. I dag, som redakt\u00f8r for Nordnesrepublikken, pr\u00f8ver jeg \u00e5 forene min kj\u00e6rlighet for journalistikk med min lidenskap for innovasjon og eventyr.","sameAs":["https:\/\/nordnesrepublikken.no\/"]}]}},"_links":{"self":[{"href":"https:\/\/nordnesrepublikken.no\/index.php\/wp-json\/wp\/v2\/posts\/11547","targetHints":{"allow":["GET"]}}],"collection":[{"href":"https:\/\/nordnesrepublikken.no\/index.php\/wp-json\/wp\/v2\/posts"}],"about":[{"href":"https:\/\/nordnesrepublikken.no\/index.php\/wp-json\/wp\/v2\/types\/post"}],"author":[{"embeddable":true,"href":"https:\/\/nordnesrepublikken.no\/index.php\/wp-json\/wp\/v2\/users\/1"}],"replies":[{"embeddable":true,"href":"https:\/\/nordnesrepublikken.no\/index.php\/wp-json\/wp\/v2\/comments?post=11547"}],"version-history":[{"count":1,"href":"https:\/\/nordnesrepublikken.no\/index.php\/wp-json\/wp\/v2\/posts\/11547\/revisions"}],"predecessor-version":[{"id":11549,"href":"https:\/\/nordnesrepublikken.no\/index.php\/wp-json\/wp\/v2\/posts\/11547\/revisions\/11549"}],"wp:featuredmedia":[{"embeddable":true,"href":"https:\/\/nordnesrepublikken.no\/index.php\/wp-json\/wp\/v2\/media\/11548"}],"wp:attachment":[{"href":"https:\/\/nordnesrepublikken.no\/index.php\/wp-json\/wp\/v2\/media?parent=11547"}],"wp:term":[{"taxonomy":"category","embeddable":true,"href":"https:\/\/nordnesrepublikken.no\/index.php\/wp-json\/wp\/v2\/categories?post=11547"},{"taxonomy":"post_tag","embeddable":true,"href":"https:\/\/nordnesrepublikken.no\/index.php\/wp-json\/wp\/v2\/tags?post=11547"}],"curies":[{"name":"wp","href":"https:\/\/api.w.org\/{rel}","templated":true}]}}