{"id":11541,"date":"2025-11-10T12:51:37","date_gmt":"2025-11-10T11:51:37","guid":{"rendered":"https:\/\/nordnesrepublikken.no\/index.php\/2025\/11\/10\/klimamalene-10-ar-etter-parisavtalen\/"},"modified":"2025-11-10T12:51:58","modified_gmt":"2025-11-10T11:51:58","slug":"klimamalene-10-ar-etter-parisavtalen","status":"publish","type":"post","link":"https:\/\/nordnesrepublikken.no\/index.php\/2025\/11\/10\/klimamalene-10-ar-etter-parisavtalen\/","title":{"rendered":"klimam\u00e5lene 10 \u00e5r etter Parisavtalen"},"content":{"rendered":"<div>\n<div class=\"cp_wrapper cp_wrapper--fw mb-30 mb-20@tablet\">\n<figure class=\"mm\"><picture class=\"img\" style=\"padding-top:56.25%\"><source  media=\"(min-width: 1024px)\"><source  media=\"(min-width: 768px)\"><\/source><\/source><\/picture><\/figure>\n<\/p><\/div>\n<p>TIL <strong>Bel\u00e9m<\/strong>i Brasil, har offisielt \u00e5pnet <strong>COP30,<\/strong> der<strong> 30. partskonferanse <\/strong>av FN om forvaltning av <strong>klimakrise<\/strong> og global oppvarming: for f\u00f8rste gang i historien vil toppm\u00f8tet finne sted i utkanten av Amazonasskogen. I \u00e5r er det to hovedm\u00e5l: \u00e5 etablere en plan for mobilisering innen 2035, <strong>1300 milliarder dollar i \u00e5ret <\/strong>for utviklingsland &#8211; som besluttet p\u00e5 slutten av COP29 &#8211; og styrke den \u00f8kologiske overgangen som f\u00f8rer til at <strong>fossilt brensel <\/strong>\u2013 endelig m\u00e5l for COP28.<\/p>\n<p>Dette er en viktig begivenhet, gitt at den finner sted i \u00e5r <strong>10 \u00e5r siden Parisavtalen ble vedtatt<\/strong> og 20 \u00e5r fra ikrafttredelsen av <strong>Kyoto-protokollen<\/strong>to av de viktigste internasjonale avtalene for \u00e5 bekjempe klimaendringer.<\/p>\n<p>I virkeligheten, som allerede skjedde i COP29 i Baku, <strong>finne en avtale<\/strong> som bringer alle landene til enighet vil v\u00e6re spesielt <strong>vanskelig<\/strong>ogs\u00e5 p\u00e5 grunn av frav\u00e6ret av store personligheter \u2013 inkludert <strong>Donald Trump<\/strong> Og <strong>Xi Jinping \u2013<\/strong> p\u00e5 toppm\u00f8tet for politiske ledere som ble holdt 7. november.<\/p>\n<p>I mellomtiden bekreftet en fersk studie at 2024 var det varmeste \u00e5ret registrert s\u00e5 langt i historien: if\u00f8lge FNs sekret\u00e6r Antonio Guterres er det n\u00e5 uoppn\u00e5elig <strong>begrenser global oppvarming til +1,5 \u00b0C<\/strong> h\u00f8yere enn f\u00f8rindustrielt niv\u00e5.<\/p>\n<h2>Hva er COP30 i Bel\u00e9m i Brasil og hva er m\u00e5lene<\/h2>\n<p>Akronymet COP st\u00e5r for <em>Partskonferanse,<\/em> bokstavelig talt &laquo;Conference of the Parties&raquo; og indikerer FN-konferansen, som arrangeres \u00e5rlig for \u00e5 samle<strong> rundt 200 representanter<\/strong>mellom land og internasjonale organisasjoner (som EU), som har signert<strong>FNs klimaavtale<\/strong> av 1992.<\/p>\n<p>Den store prioriteringen av COP30, som vil fortsette til 21. november, er \u00e5<strong> sette &laquo;New Collective Quantified Goal&raquo; ut i livet<\/strong> avtalt p\u00e5 COP29. N\u00e6rmere bestemt vil landene m\u00e5tte skissere en strategisk plan for \u00e5 tildele, i det minste innen 2035 <strong>1300 milliarder dollar i \u00e5ret<\/strong> for utviklingsland. Disse midlene, som vil tjene som <strong>klimahjelp<\/strong>vil m\u00e5tte tildeles av de mer utviklede landene, men private investeringer eller fremvoksende land som i dag ikke er givere kan ogs\u00e5 bidra.<\/p>\n<p>Men innsatsen i \u00e5r er ganske h\u00f8y: COP30 er den f\u00f8rste partskonferansen til <strong>anerkjenne svikten i m\u00e5let om \u00e5 begrense global oppvarming til +1,5 \u00b0C<\/strong> sammenlignet med f\u00f8rindustrielt niv\u00e5. Blant annet if\u00f8lge en fersk FN-rapport &#8211; den<em>Emissions Gap Report 2025<\/em> \u2013 Hvis dagens energipolitikk ikke endres, er det mulig at ved slutten av det 21. \u00e5rhundre vil den globale gjennomsnittstemperaturen \u00f8ke med 2,8 \u00b0C sammenlignet med den f\u00f8rindustrielle tiden.<\/p>\n<div class=\"cp_wrapper cp_wrapper--fw mb-50\">\n<figure class=\"mm\"><picture class=\"img\" style=\"padding-top:70.588235294118%\"><source  media=\"(min-width: 1024px)\"><source  media=\"(min-width: 768px)\"><img decoding=\"async\" loading=\"lazy\" src=\"https:\/\/nordnesrepublikken.no\/wp-content\/uploads\/2025\/11\/1762775497_447_klimamalene-10-ar-etter-Parisavtalen.jpg\" alt=\"temperatur-anomali\" width=\"3400\" height=\"2400\"\/><\/source><\/source><\/picture><\/figure>\n<\/p><\/div>\n<p>Blant de nye funksjonene er det alts\u00e5 mulig lansering av en &laquo;<em><strong>Tropical Forests Forever Facility<\/strong><\/em>\u201d, det vil si en multilateral finansieringsmekanisme foresl\u00e5tt av Brasil for \u00e5 \u201cst\u00f8tte bevaring av <strong>skoger i fare<\/strong> og befolkningen som bor der&raquo; og definisjonen av metodene for tilgang til <strong>Avsetning for tap og skader<\/strong> (FRLD), instrumentet som er opprettet for \u00e5 hjelpe landene som er mest ber\u00f8rt av virkningene av klimaendringer og administrert med st\u00f8tte fra Verdensbanken.<\/p>\n<p>Mer generelt er COP30-programmet delt inn i <strong>seks ulike pilarer etablert av Brasil<\/strong>som har presidentskapet for FNs klimakonferanse, som vertsland:<\/p>\n<ul>\n<li>Der <strong>overgang av energikilder<\/strong>industri og transport.<\/li>\n<li>Der <strong>skogforvaltning<\/strong>hav og biologisk mangfold.<\/li>\n<li>Der <strong>landbruksomforming<\/strong> og matsystemer.<\/li>\n<li>De <strong>styrking<\/strong> av byers motstandskraft, av <strong>infrastruktur<\/strong> og vannressurser.<\/li>\n<li>Der<strong> fremme menneskelig utvikling<\/strong> og sosialt.<\/li>\n<li>Frigj\u00f8ringen av <strong>muliggj\u00f8rende faktorer og akseleratorer<\/strong>inkludert innen \u00f8konomi, teknologi og kapasitetsbygging.<\/li>\n<\/ul>\n<h2>For det blir vanskelig \u00e5 f\u00e5 til en forhandling under FNs klimakonferanse<\/h2>\n<p>Som skjedde for COP29 i Baku, og for den forrige COP28 i Dubai, vil det \u00e5 oppn\u00e5 en endelig avtale v\u00e6re spesielt <strong>komplisert<\/strong>av flere grunner.<\/p>\n<p>F\u00f8rst av alt, frav\u00e6ret av lederne for de fire mest forurensende landene i verden p\u00e5 COP30<strong>: USA, Kina, India og Russland<\/strong>. Og bl.a. <strong>etter Washingtons tilbaketrekning fra Parisavtalen<\/strong> \u2013 et av de f\u00f8rste tiltakene som ble signert av Trump i begynnelsen av sin andre periode \u2013 presidenten <strong>Donald Trump<\/strong> han gjorde det kjent at USA ikke vil delta i konferansen med representanter p\u00e5 h\u00f8yt niv\u00e5.<\/p>\n<p>Kort sagt, halvparten s\u00e5 mange statsoverhoder ankom Bel\u00e9m som i fjor: med \u00e9n <strong>deltakelse<\/strong> Som dette <strong>redusert<\/strong>er det sv\u00e6rt lite sannsynlig at en avtale som deles av hele det internasjonale samfunnet vil bli oppn\u00e5dd. I tillegg til alt dette er de mange <strong>internasjonale geopolitiske spenninger,<\/strong> som vil gj\u00f8re forhandlingene for \u00e5 komme frem til et kompromiss for \u00e5 h\u00e5ndtere klimakrisen enda vanskeligere.<\/p>\n<p>Generelt har imidlertid beslutninger tatt ved COPer ingen karakter <strong>bindende<\/strong> (og derfor obligatorisk for stater), men de kan legge grunnlaget for fremtidige traktater, slik det skjedde med Parisavtalene.<\/p>\n<\/p><\/div>\n","protected":false},"excerpt":{"rendered":"<p>TIL Bel\u00e9mi Brasil, har offisielt \u00e5pnet COP30, der 30. partskonferanse av FN om forvaltning av<\/p>\n","protected":false},"author":1,"featured_media":11542,"comment_status":"closed","ping_status":"open","sticky":false,"template":"","format":"standard","meta":{"footnotes":""},"categories":[104],"tags":[595,92,7602,7603],"class_list":["post-11541","post","type-post","status-publish","format-standard","has-post-thumbnail","hentry","category-samfunn","tag-ar","tag-etter","tag-klimamalene","tag-parisavtalen","generate-columns","tablet-grid-50","mobile-grid-100","grid-parent","grid-33","resize-featured-image"],"yoast_head":"<!-- This site is optimized with the Yoast SEO plugin v24.4 - https:\/\/yoast.com\/wordpress\/plugins\/seo\/ -->\n<title>klimam\u00e5lene 10 \u00e5r etter Parisavtalen - Nordnesrepublikken<\/title>\n<meta name=\"robots\" content=\"index, follow, max-snippet:-1, max-image-preview:large, max-video-preview:-1\" \/>\n<link rel=\"canonical\" href=\"https:\/\/nordnesrepublikken.no\/index.php\/2025\/11\/10\/klimamalene-10-ar-etter-parisavtalen\/\" \/>\n<meta property=\"og:locale\" content=\"nb_NO\" \/>\n<meta property=\"og:type\" content=\"article\" \/>\n<meta property=\"og:title\" content=\"klimam\u00e5lene 10 \u00e5r etter Parisavtalen - Nordnesrepublikken\" \/>\n<meta property=\"og:description\" content=\"TIL Bel\u00e9mi Brasil, har offisielt \u00e5pnet COP30, der 30. partskonferanse av FN om forvaltning av\" \/>\n<meta property=\"og:url\" content=\"https:\/\/nordnesrepublikken.no\/index.php\/2025\/11\/10\/klimamalene-10-ar-etter-parisavtalen\/\" \/>\n<meta property=\"og:site_name\" content=\"Nordnesrepublikken\" \/>\n<meta property=\"article:published_time\" content=\"2025-11-10T11:51:37+00:00\" \/>\n<meta property=\"article:modified_time\" content=\"2025-11-10T11:51:58+00:00\" \/>\n<meta property=\"og:image\" content=\"https:\/\/nordnesrepublikken.no\/wp-content\/uploads\/2025\/11\/1762775498_klimamalene-10-ar-etter-Parisavtalen-scaled.jpg\" \/>\n\t<meta property=\"og:image:width\" content=\"2560\" \/>\n\t<meta property=\"og:image:height\" content=\"1707\" \/>\n\t<meta property=\"og:image:type\" content=\"image\/jpeg\" \/>\n<meta name=\"author\" content=\"Ole Andersen\" \/>\n<meta name=\"twitter:card\" content=\"summary_large_image\" \/>\n<meta name=\"twitter:label1\" content=\"Skrevet av\" \/>\n\t<meta name=\"twitter:data1\" content=\"Ole Andersen\" \/>\n\t<meta name=\"twitter:label2\" content=\"Ansl. lesetid\" \/>\n\t<meta name=\"twitter:data2\" content=\"4 minutter\" \/>\n<script type=\"application\/ld+json\" class=\"yoast-schema-graph\">{\"@context\":\"https:\/\/schema.org\",\"@graph\":[{\"@type\":\"Article\",\"@id\":\"https:\/\/nordnesrepublikken.no\/index.php\/2025\/11\/10\/klimamalene-10-ar-etter-parisavtalen\/#article\",\"isPartOf\":{\"@id\":\"https:\/\/nordnesrepublikken.no\/index.php\/2025\/11\/10\/klimamalene-10-ar-etter-parisavtalen\/\"},\"author\":{\"name\":\"Ole Andersen\",\"@id\":\"https:\/\/nordnesrepublikken.no\/#\/schema\/person\/2e7e81935bab77882fffb79296240ff1\"},\"headline\":\"klimam\u00e5lene 10 \u00e5r etter Parisavtalen\",\"datePublished\":\"2025-11-10T11:51:37+00:00\",\"dateModified\":\"2025-11-10T11:51:58+00:00\",\"mainEntityOfPage\":{\"@id\":\"https:\/\/nordnesrepublikken.no\/index.php\/2025\/11\/10\/klimamalene-10-ar-etter-parisavtalen\/\"},\"wordCount\":725,\"publisher\":{\"@id\":\"https:\/\/nordnesrepublikken.no\/#organization\"},\"image\":{\"@id\":\"https:\/\/nordnesrepublikken.no\/index.php\/2025\/11\/10\/klimamalene-10-ar-etter-parisavtalen\/#primaryimage\"},\"thumbnailUrl\":\"https:\/\/nordnesrepublikken.no\/wp-content\/uploads\/2025\/11\/1762775498_klimamalene-10-ar-etter-Parisavtalen-scaled.jpg\",\"keywords\":[\"\u00e5r\",\"Etter\",\"klimam\u00e5lene\",\"Parisavtalen\"],\"articleSection\":[\"Samfunn\"],\"inLanguage\":\"nb-NO\"},{\"@type\":\"WebPage\",\"@id\":\"https:\/\/nordnesrepublikken.no\/index.php\/2025\/11\/10\/klimamalene-10-ar-etter-parisavtalen\/\",\"url\":\"https:\/\/nordnesrepublikken.no\/index.php\/2025\/11\/10\/klimamalene-10-ar-etter-parisavtalen\/\",\"name\":\"klimam\u00e5lene 10 \u00e5r etter Parisavtalen - Nordnesrepublikken\",\"isPartOf\":{\"@id\":\"https:\/\/nordnesrepublikken.no\/#website\"},\"primaryImageOfPage\":{\"@id\":\"https:\/\/nordnesrepublikken.no\/index.php\/2025\/11\/10\/klimamalene-10-ar-etter-parisavtalen\/#primaryimage\"},\"image\":{\"@id\":\"https:\/\/nordnesrepublikken.no\/index.php\/2025\/11\/10\/klimamalene-10-ar-etter-parisavtalen\/#primaryimage\"},\"thumbnailUrl\":\"https:\/\/nordnesrepublikken.no\/wp-content\/uploads\/2025\/11\/1762775498_klimamalene-10-ar-etter-Parisavtalen-scaled.jpg\",\"datePublished\":\"2025-11-10T11:51:37+00:00\",\"dateModified\":\"2025-11-10T11:51:58+00:00\",\"breadcrumb\":{\"@id\":\"https:\/\/nordnesrepublikken.no\/index.php\/2025\/11\/10\/klimamalene-10-ar-etter-parisavtalen\/#breadcrumb\"},\"inLanguage\":\"nb-NO\",\"potentialAction\":[{\"@type\":\"ReadAction\",\"target\":[\"https:\/\/nordnesrepublikken.no\/index.php\/2025\/11\/10\/klimamalene-10-ar-etter-parisavtalen\/\"]}]},{\"@type\":\"ImageObject\",\"inLanguage\":\"nb-NO\",\"@id\":\"https:\/\/nordnesrepublikken.no\/index.php\/2025\/11\/10\/klimamalene-10-ar-etter-parisavtalen\/#primaryimage\",\"url\":\"https:\/\/nordnesrepublikken.no\/wp-content\/uploads\/2025\/11\/1762775498_klimamalene-10-ar-etter-Parisavtalen-scaled.jpg\",\"contentUrl\":\"https:\/\/nordnesrepublikken.no\/wp-content\/uploads\/2025\/11\/1762775498_klimamalene-10-ar-etter-Parisavtalen-scaled.jpg\",\"width\":2560,\"height\":1707,\"caption\":\"klimam\u00e5lene 10 \u00e5r etter Parisavtalen\"},{\"@type\":\"BreadcrumbList\",\"@id\":\"https:\/\/nordnesrepublikken.no\/index.php\/2025\/11\/10\/klimamalene-10-ar-etter-parisavtalen\/#breadcrumb\",\"itemListElement\":[{\"@type\":\"ListItem\",\"position\":1,\"name\":\"Home\",\"item\":\"https:\/\/nordnesrepublikken.no\/\"},{\"@type\":\"ListItem\",\"position\":2,\"name\":\"klimam\u00e5lene 10 \u00e5r etter Parisavtalen\"}]},{\"@type\":\"WebSite\",\"@id\":\"https:\/\/nordnesrepublikken.no\/#website\",\"url\":\"https:\/\/nordnesrepublikken.no\/\",\"name\":\"Nordnesrepublikken\",\"description\":\"Stemmer og Visjoner fra Republikkens Hjerte\",\"publisher\":{\"@id\":\"https:\/\/nordnesrepublikken.no\/#organization\"},\"potentialAction\":[{\"@type\":\"SearchAction\",\"target\":{\"@type\":\"EntryPoint\",\"urlTemplate\":\"https:\/\/nordnesrepublikken.no\/?s={search_term_string}\"},\"query-input\":{\"@type\":\"PropertyValueSpecification\",\"valueRequired\":true,\"valueName\":\"search_term_string\"}}],\"inLanguage\":\"nb-NO\"},{\"@type\":\"Organization\",\"@id\":\"https:\/\/nordnesrepublikken.no\/#organization\",\"name\":\"Nordnesrepublikken\",\"url\":\"https:\/\/nordnesrepublikken.no\/\",\"logo\":{\"@type\":\"ImageObject\",\"inLanguage\":\"nb-NO\",\"@id\":\"https:\/\/nordnesrepublikken.no\/#\/schema\/logo\/image\/\",\"url\":\"https:\/\/nordnesrepublikken.no\/wp-content\/uploads\/2025\/02\/cropped-nordnesrepublikken-2.png\",\"contentUrl\":\"https:\/\/nordnesrepublikken.no\/wp-content\/uploads\/2025\/02\/cropped-nordnesrepublikken-2.png\",\"width\":1248,\"height\":362,\"caption\":\"Nordnesrepublikken\"},\"image\":{\"@id\":\"https:\/\/nordnesrepublikken.no\/#\/schema\/logo\/image\/\"}},{\"@type\":\"Person\",\"@id\":\"https:\/\/nordnesrepublikken.no\/#\/schema\/person\/2e7e81935bab77882fffb79296240ff1\",\"name\":\"Ole Andersen\",\"image\":{\"@type\":\"ImageObject\",\"inLanguage\":\"nb-NO\",\"@id\":\"https:\/\/nordnesrepublikken.no\/#\/schema\/person\/image\/\",\"url\":\"https:\/\/nordnesrepublikken.no\/wp-content\/uploads\/2025\/02\/nordnesrepublikken-2-2-150x150.jpg\",\"contentUrl\":\"https:\/\/nordnesrepublikken.no\/wp-content\/uploads\/2025\/02\/nordnesrepublikken-2-2-150x150.jpg\",\"caption\":\"Ole Andersen\"},\"description\":\"Ettersom jeg vokste opp i Oslo, har jeg alltid v\u00e6rt fascinert av ordenes kraft og deres evne til \u00e5 skape endringer. Etter \u00e5 ha fullf\u00f8rt min utdannelse i kommunikasjon ved Universitetet i Bergen, fikk jeg muligheten til \u00e5 jobbe innen ulike medier, der jeg har s\u00f8kt \u00e5 belyse viktige samfunnssp\u00f8rsm\u00e5l. I dag, som redakt\u00f8r for Nordnesrepublikken, pr\u00f8ver jeg \u00e5 forene min kj\u00e6rlighet for journalistikk med min lidenskap for innovasjon og eventyr.\",\"sameAs\":[\"https:\/\/nordnesrepublikken.no\/\"]}]}<\/script>\n<!-- \/ Yoast SEO plugin. -->","yoast_head_json":{"title":"klimam\u00e5lene 10 \u00e5r etter Parisavtalen - Nordnesrepublikken","robots":{"index":"index","follow":"follow","max-snippet":"max-snippet:-1","max-image-preview":"max-image-preview:large","max-video-preview":"max-video-preview:-1"},"canonical":"https:\/\/nordnesrepublikken.no\/index.php\/2025\/11\/10\/klimamalene-10-ar-etter-parisavtalen\/","og_locale":"nb_NO","og_type":"article","og_title":"klimam\u00e5lene 10 \u00e5r etter Parisavtalen - Nordnesrepublikken","og_description":"TIL Bel\u00e9mi Brasil, har offisielt \u00e5pnet COP30, der 30. partskonferanse av FN om forvaltning av","og_url":"https:\/\/nordnesrepublikken.no\/index.php\/2025\/11\/10\/klimamalene-10-ar-etter-parisavtalen\/","og_site_name":"Nordnesrepublikken","article_published_time":"2025-11-10T11:51:37+00:00","article_modified_time":"2025-11-10T11:51:58+00:00","og_image":[{"width":2560,"height":1707,"url":"https:\/\/nordnesrepublikken.no\/wp-content\/uploads\/2025\/11\/1762775498_klimamalene-10-ar-etter-Parisavtalen-scaled.jpg","type":"image\/jpeg"}],"author":"Ole Andersen","twitter_card":"summary_large_image","twitter_misc":{"Skrevet av":"Ole Andersen","Ansl. lesetid":"4 minutter"},"schema":{"@context":"https:\/\/schema.org","@graph":[{"@type":"Article","@id":"https:\/\/nordnesrepublikken.no\/index.php\/2025\/11\/10\/klimamalene-10-ar-etter-parisavtalen\/#article","isPartOf":{"@id":"https:\/\/nordnesrepublikken.no\/index.php\/2025\/11\/10\/klimamalene-10-ar-etter-parisavtalen\/"},"author":{"name":"Ole Andersen","@id":"https:\/\/nordnesrepublikken.no\/#\/schema\/person\/2e7e81935bab77882fffb79296240ff1"},"headline":"klimam\u00e5lene 10 \u00e5r etter Parisavtalen","datePublished":"2025-11-10T11:51:37+00:00","dateModified":"2025-11-10T11:51:58+00:00","mainEntityOfPage":{"@id":"https:\/\/nordnesrepublikken.no\/index.php\/2025\/11\/10\/klimamalene-10-ar-etter-parisavtalen\/"},"wordCount":725,"publisher":{"@id":"https:\/\/nordnesrepublikken.no\/#organization"},"image":{"@id":"https:\/\/nordnesrepublikken.no\/index.php\/2025\/11\/10\/klimamalene-10-ar-etter-parisavtalen\/#primaryimage"},"thumbnailUrl":"https:\/\/nordnesrepublikken.no\/wp-content\/uploads\/2025\/11\/1762775498_klimamalene-10-ar-etter-Parisavtalen-scaled.jpg","keywords":["\u00e5r","Etter","klimam\u00e5lene","Parisavtalen"],"articleSection":["Samfunn"],"inLanguage":"nb-NO"},{"@type":"WebPage","@id":"https:\/\/nordnesrepublikken.no\/index.php\/2025\/11\/10\/klimamalene-10-ar-etter-parisavtalen\/","url":"https:\/\/nordnesrepublikken.no\/index.php\/2025\/11\/10\/klimamalene-10-ar-etter-parisavtalen\/","name":"klimam\u00e5lene 10 \u00e5r etter Parisavtalen - Nordnesrepublikken","isPartOf":{"@id":"https:\/\/nordnesrepublikken.no\/#website"},"primaryImageOfPage":{"@id":"https:\/\/nordnesrepublikken.no\/index.php\/2025\/11\/10\/klimamalene-10-ar-etter-parisavtalen\/#primaryimage"},"image":{"@id":"https:\/\/nordnesrepublikken.no\/index.php\/2025\/11\/10\/klimamalene-10-ar-etter-parisavtalen\/#primaryimage"},"thumbnailUrl":"https:\/\/nordnesrepublikken.no\/wp-content\/uploads\/2025\/11\/1762775498_klimamalene-10-ar-etter-Parisavtalen-scaled.jpg","datePublished":"2025-11-10T11:51:37+00:00","dateModified":"2025-11-10T11:51:58+00:00","breadcrumb":{"@id":"https:\/\/nordnesrepublikken.no\/index.php\/2025\/11\/10\/klimamalene-10-ar-etter-parisavtalen\/#breadcrumb"},"inLanguage":"nb-NO","potentialAction":[{"@type":"ReadAction","target":["https:\/\/nordnesrepublikken.no\/index.php\/2025\/11\/10\/klimamalene-10-ar-etter-parisavtalen\/"]}]},{"@type":"ImageObject","inLanguage":"nb-NO","@id":"https:\/\/nordnesrepublikken.no\/index.php\/2025\/11\/10\/klimamalene-10-ar-etter-parisavtalen\/#primaryimage","url":"https:\/\/nordnesrepublikken.no\/wp-content\/uploads\/2025\/11\/1762775498_klimamalene-10-ar-etter-Parisavtalen-scaled.jpg","contentUrl":"https:\/\/nordnesrepublikken.no\/wp-content\/uploads\/2025\/11\/1762775498_klimamalene-10-ar-etter-Parisavtalen-scaled.jpg","width":2560,"height":1707,"caption":"klimam\u00e5lene 10 \u00e5r etter Parisavtalen"},{"@type":"BreadcrumbList","@id":"https:\/\/nordnesrepublikken.no\/index.php\/2025\/11\/10\/klimamalene-10-ar-etter-parisavtalen\/#breadcrumb","itemListElement":[{"@type":"ListItem","position":1,"name":"Home","item":"https:\/\/nordnesrepublikken.no\/"},{"@type":"ListItem","position":2,"name":"klimam\u00e5lene 10 \u00e5r etter Parisavtalen"}]},{"@type":"WebSite","@id":"https:\/\/nordnesrepublikken.no\/#website","url":"https:\/\/nordnesrepublikken.no\/","name":"Nordnesrepublikken","description":"Stemmer og Visjoner fra Republikkens Hjerte","publisher":{"@id":"https:\/\/nordnesrepublikken.no\/#organization"},"potentialAction":[{"@type":"SearchAction","target":{"@type":"EntryPoint","urlTemplate":"https:\/\/nordnesrepublikken.no\/?s={search_term_string}"},"query-input":{"@type":"PropertyValueSpecification","valueRequired":true,"valueName":"search_term_string"}}],"inLanguage":"nb-NO"},{"@type":"Organization","@id":"https:\/\/nordnesrepublikken.no\/#organization","name":"Nordnesrepublikken","url":"https:\/\/nordnesrepublikken.no\/","logo":{"@type":"ImageObject","inLanguage":"nb-NO","@id":"https:\/\/nordnesrepublikken.no\/#\/schema\/logo\/image\/","url":"https:\/\/nordnesrepublikken.no\/wp-content\/uploads\/2025\/02\/cropped-nordnesrepublikken-2.png","contentUrl":"https:\/\/nordnesrepublikken.no\/wp-content\/uploads\/2025\/02\/cropped-nordnesrepublikken-2.png","width":1248,"height":362,"caption":"Nordnesrepublikken"},"image":{"@id":"https:\/\/nordnesrepublikken.no\/#\/schema\/logo\/image\/"}},{"@type":"Person","@id":"https:\/\/nordnesrepublikken.no\/#\/schema\/person\/2e7e81935bab77882fffb79296240ff1","name":"Ole Andersen","image":{"@type":"ImageObject","inLanguage":"nb-NO","@id":"https:\/\/nordnesrepublikken.no\/#\/schema\/person\/image\/","url":"https:\/\/nordnesrepublikken.no\/wp-content\/uploads\/2025\/02\/nordnesrepublikken-2-2-150x150.jpg","contentUrl":"https:\/\/nordnesrepublikken.no\/wp-content\/uploads\/2025\/02\/nordnesrepublikken-2-2-150x150.jpg","caption":"Ole Andersen"},"description":"Ettersom jeg vokste opp i Oslo, har jeg alltid v\u00e6rt fascinert av ordenes kraft og deres evne til \u00e5 skape endringer. Etter \u00e5 ha fullf\u00f8rt min utdannelse i kommunikasjon ved Universitetet i Bergen, fikk jeg muligheten til \u00e5 jobbe innen ulike medier, der jeg har s\u00f8kt \u00e5 belyse viktige samfunnssp\u00f8rsm\u00e5l. I dag, som redakt\u00f8r for Nordnesrepublikken, pr\u00f8ver jeg \u00e5 forene min kj\u00e6rlighet for journalistikk med min lidenskap for innovasjon og eventyr.","sameAs":["https:\/\/nordnesrepublikken.no\/"]}]}},"_links":{"self":[{"href":"https:\/\/nordnesrepublikken.no\/index.php\/wp-json\/wp\/v2\/posts\/11541","targetHints":{"allow":["GET"]}}],"collection":[{"href":"https:\/\/nordnesrepublikken.no\/index.php\/wp-json\/wp\/v2\/posts"}],"about":[{"href":"https:\/\/nordnesrepublikken.no\/index.php\/wp-json\/wp\/v2\/types\/post"}],"author":[{"embeddable":true,"href":"https:\/\/nordnesrepublikken.no\/index.php\/wp-json\/wp\/v2\/users\/1"}],"replies":[{"embeddable":true,"href":"https:\/\/nordnesrepublikken.no\/index.php\/wp-json\/wp\/v2\/comments?post=11541"}],"version-history":[{"count":1,"href":"https:\/\/nordnesrepublikken.no\/index.php\/wp-json\/wp\/v2\/posts\/11541\/revisions"}],"predecessor-version":[{"id":11543,"href":"https:\/\/nordnesrepublikken.no\/index.php\/wp-json\/wp\/v2\/posts\/11541\/revisions\/11543"}],"wp:featuredmedia":[{"embeddable":true,"href":"https:\/\/nordnesrepublikken.no\/index.php\/wp-json\/wp\/v2\/media\/11542"}],"wp:attachment":[{"href":"https:\/\/nordnesrepublikken.no\/index.php\/wp-json\/wp\/v2\/media?parent=11541"}],"wp:term":[{"taxonomy":"category","embeddable":true,"href":"https:\/\/nordnesrepublikken.no\/index.php\/wp-json\/wp\/v2\/categories?post=11541"},{"taxonomy":"post_tag","embeddable":true,"href":"https:\/\/nordnesrepublikken.no\/index.php\/wp-json\/wp\/v2\/tags?post=11541"}],"curies":[{"name":"wp","href":"https:\/\/api.w.org\/{rel}","templated":true}]}}