{"id":11538,"date":"2025-11-10T11:50:12","date_gmt":"2025-11-10T10:50:12","guid":{"rendered":"https:\/\/nordnesrepublikken.no\/index.php\/2025\/11\/10\/spania-er-varmt-til-vinteren-hvorfor-hjem-kan-foles-kaldere-inne-enn-ute\/"},"modified":"2025-11-10T11:50:14","modified_gmt":"2025-11-10T10:50:14","slug":"spania-er-varmt-til-vinteren-hvorfor-hjem-kan-foles-kaldere-inne-enn-ute","status":"publish","type":"post","link":"https:\/\/nordnesrepublikken.no\/index.php\/2025\/11\/10\/spania-er-varmt-til-vinteren-hvorfor-hjem-kan-foles-kaldere-inne-enn-ute\/","title":{"rendered":"Spania er varmt &#8230; til vinteren: Hvorfor hjem kan f\u00f8les kaldere inne enn ute"},"content":{"rendered":"<p><\/p>\n<div class=\"wordpress-content\">\n                    <!-- Article Start --><\/p>\n<p><strong>Jeg var absolutt ikke forberedt p\u00e5 min f\u00f8rste spanske vinter. Tre \u00e5r senere tar jeg meg fortsatt i \u00e5 skjelve p\u00e5 sofaen, for s\u00e5 \u00e5 g\u00e5 ut i 18\u00b0C \u200b\u200bsol med den ullene genseren p\u00e5 og svette.<\/strong><\/p>\n<p>Hvis du nettopp har flyttet \u2013 eller ser p\u00e5 en flytting \u2013 til Spania, vil du sannsynligvis stille det samme sp\u00f8rsm\u00e5let som jeg gjorde: &#8216;Hvordan kan et solfylt land f\u00f8les s\u00e5 kaldt innend\u00f8rs sammenlignet med utenfor?&#8217;<br \/>\nOppdag hvorfor spanske hjem er bygget som de er, hva regntiden i Spania egentlig betyr, og hvordan du holder deg varm, t\u00f8rr og sunn uten en skyh\u00f8y str\u00f8mregning.<\/p>\n<h2><strong>Spanske boliger er bygget for sommeren, ikke for vinteren<\/strong><\/h2>\n<p>Mye av Spanias boliger, spesielt ved kysten, ble designet for \u00e5 slippe sommervarmen: flislagte gulv, betongvegger og store \u00e5pninger for kryssbris. Fantastisk i august; veldig utilgivelig i november til januar.<br \/>\nDe harde, kalde overflatene trekker ned det ingeni\u00f8rer kaller &laquo;gjennomsnittlig str\u00e5lingstemperatur&raquo;, s\u00e5 18\u201319\u00b0C luft kan fortsatt f\u00f8les kj\u00f8lig n\u00e5r vegger og gulv er kalde \u00e5 ta p\u00e5.<\/p>\n<div class=\"sra_unit\"><link rel=\"stylesheet\" id=\"block-sra\" href=\"https:\/\/euroweeklynews.com\/wp-content\/plugins\/snack-related-articles\/dist\/css\/snack-related.min.css?250312-193541\" type=\"text\/css\" media=\"all\">\n<\/div>\n<p>Nyere boliger blir bedre under Spanias <em>C\u00f3digo T\u00e9cnico de la Edificaci\u00f3n (CTE)<\/em>som n\u00e5 h\u00e5ndhever strengere energi- og isolasjonsstandarder. Men mange kystn\u00e6re eiendommer stammer fortsatt fra pre-kode dager da isolasjon rett og slett ikke var n\u00f8dvendig. I f\u00f8lge nyere data har omtrent 30 prosent av spanske hjem ikke fast oppvarming.<\/p>\n<h2><strong>Vanlige oppvarmingstyper i Spania<\/strong><\/h2>\n<ul>\n<li>Olje\/gass kjeler med radiatorer<\/li>\n<li>B\u00e6rbare butan- eller elektriske varmeovner<\/li>\n<li>Vedbrennere<\/li>\n<\/ul>\n<h2><strong>Regntid i Spania: Fuktighet og mugg<\/strong><\/h2>\n<p>Spanias s\u00e5kalte &laquo;regntid&raquo; varierer hvert \u00e5r, men varer vanligvis fra oktober til april, avhengig av regionen. Nord-Spania er den v\u00e5teste delen av landet \u00e5ret rundt. S\u00f8r-Spania, spesielt Costa del Sol, opplever mye mindre nedb\u00f8r.<\/p>\n<p>Fuktighet i regntiden er den skjulte synderen: fuktig luft pluss kalde overflater gj\u00f8r at rommene f\u00f8les klame selv n\u00e5r termometeret sier 19\u00b0C.<\/p>\n<h2><strong>Hvordan kontrollere fuktigheten i Spanias regntid<\/strong><\/h2>\n<ul>\n<li>Hold inneluftfuktigheten p\u00e5 rundt 50 prosent med en avfukter<\/li>\n<li>\u00c5pne skodder for sol p\u00e5 dagtid, lukk dem i skumringen<\/li>\n<li>Unng\u00e5 \u00e5 t\u00f8rke v\u00e5te kl\u00e6r innend\u00f8rs uten avfukter. Invester i en t\u00f8rketrommel for \u00e5 bruke et vaskeri.<\/li>\n<\/ul>\n<p>Kalde, fuktige rom er muggmagneter. Mugg er ikke bare skjemmende \u2013 det er knyttet til luftveisproblemer og kan forverre allergier.<br \/>\nHold oppholdsrom over 18\u00b0C, ventiler badene og t\u00f8rk av kondens fra vindusrammer.<\/p>\n<p>For fullstendige forebyggings- og oppryddingstrinn, les v\u00e5r guide for fjerning av fukt og mugg i hjemmet ditt.<\/p>\n<p>Og hvis du varmer opp med et klimaanlegg, s\u00f8rg for \u00e5 holde filtrene rene og sjekk rapporten om de 1,7 millioner klimaanleggene som ble tilbakekalt i Spania p\u00e5 grunn av skjulte muggrisikoer.<\/p>\n<h2><strong>Raske spanske leiefikser i den kalde og v\u00e5te \u00e5rstiden<\/strong><\/h2>\n<ul>\n<li>Trekksikre vinduer og d\u00f8rer (klebende tetninger gj\u00f8r underverker). Du kan ogs\u00e5 lage trekkblokkere for d\u00f8rer med sammenrullede h\u00e5ndkl\u00e6r inne i en str\u00f8mpebukse.<\/li>\n<li>Legg tepper over fliser.<\/li>\n<li>Lukk innvendige d\u00f8rer for kun \u00e5 varme opp rom som er i bruk.<\/li>\n<li>Bruk tykke gardiner eller termiske persienner.<\/li>\n<li>Sett oppvarmingen til 18\u201320 \u00b0C og vedlikehold den, i stedet for \u00e5 sette den p\u00e5 full guffe og deretter sl\u00e5 den av og la den bli kald igjen.<\/li>\n<\/ul>\n<h2><strong>Den spanske m\u00e5ten \u00e5 ha det koselig p\u00e5<\/strong><\/h2>\n<p>Til tross for kulden er det skj\u00f8nnhet i hvordan spanjoler gj\u00f8r vinter til hygge. De <em>chimenea<\/em> er fortsatt hjertet i mange hjem \u2013 et gl\u00f8dende senter for lange kvelder med vino tinto og hvitl\u00f8ksristet br\u00f8d.<br \/>\nMyke tepper gir farge og varme, mens tett lukkede skodder hindrer varmen i \u00e5 slippe ut.<\/p>\n<p>Spania skjemmer deg generelt bort med varmt solskinn i ni m\u00e5neder av \u00e5ret; de tre andre krever bare litt strategi. Kjenn hjemmets svake punkter, administrer fuktighet og oppretthold komfortomr\u00e5det p\u00e5 18\u201320 \u00b0C. Det blir v\u00e5r igjen f\u00f8r du vet ordet av det <em>chiringuitos <\/em>\u00e5pner igjen &#8211; hurra!<\/p>\n<p>Se alle Spansk Living.<\/p>\n<p>                    <!-- Originally published at https:\/\/euroweeklynews.com\/2025\/11\/10\/spain-is-warm-until-winter-why-homes-can-feel-colder-inside-than-out\/ on 10 Nov 2025 at 11:07 by Letara Draghia --><br \/>\n                    <!-- Article End -->\n                <\/div>\n","protected":false},"excerpt":{"rendered":"<p>Jeg var absolutt ikke forberedt p\u00e5 min f\u00f8rste spanske vinter. Tre \u00e5r senere tar jeg<\/p>\n","protected":false},"author":1,"featured_media":11539,"comment_status":"closed","ping_status":"open","sticky":false,"template":"","format":"standard","meta":{"footnotes":""},"categories":[105],"tags":[380,7599,1334,101,4612,7600,339,529,117,7601,3155,6997],"class_list":["post-11538","post","type-post","status-publish","format-standard","has-post-thumbnail","hentry","category-livsstil","tag-enn","tag-foles","tag-hjem","tag-hvorfor","tag-inne","tag-kaldere","tag-kan","tag-spania","tag-til","tag-ute","tag-varmt","tag-vinteren","generate-columns","tablet-grid-50","mobile-grid-100","grid-parent","grid-33","resize-featured-image"],"yoast_head":"<!-- This site is optimized with the Yoast SEO plugin v24.4 - https:\/\/yoast.com\/wordpress\/plugins\/seo\/ -->\n<title>Spania er varmt ... til vinteren: Hvorfor hjem kan f\u00f8les kaldere inne enn ute - Nordnesrepublikken<\/title>\n<meta name=\"robots\" content=\"index, follow, max-snippet:-1, max-image-preview:large, max-video-preview:-1\" \/>\n<link rel=\"canonical\" href=\"https:\/\/nordnesrepublikken.no\/index.php\/2025\/11\/10\/spania-er-varmt-til-vinteren-hvorfor-hjem-kan-foles-kaldere-inne-enn-ute\/\" \/>\n<meta property=\"og:locale\" content=\"nb_NO\" \/>\n<meta property=\"og:type\" content=\"article\" \/>\n<meta property=\"og:title\" content=\"Spania er varmt ... til vinteren: Hvorfor hjem kan f\u00f8les kaldere inne enn ute - Nordnesrepublikken\" \/>\n<meta property=\"og:description\" content=\"Jeg var absolutt ikke forberedt p\u00e5 min f\u00f8rste spanske vinter. Tre \u00e5r senere tar jeg\" \/>\n<meta property=\"og:url\" content=\"https:\/\/nordnesrepublikken.no\/index.php\/2025\/11\/10\/spania-er-varmt-til-vinteren-hvorfor-hjem-kan-foles-kaldere-inne-enn-ute\/\" \/>\n<meta property=\"og:site_name\" content=\"Nordnesrepublikken\" \/>\n<meta property=\"article:published_time\" content=\"2025-11-10T10:50:12+00:00\" \/>\n<meta property=\"article:modified_time\" content=\"2025-11-10T10:50:14+00:00\" \/>\n<meta property=\"og:image\" content=\"https:\/\/nordnesrepublikken.no\/wp-content\/uploads\/2025\/11\/1762771813_Spania-er-varmt-til-vinteren-Hvorfor-hjem-kan-foles-kaldere.jpg\" \/>\n\t<meta property=\"og:image:width\" content=\"1200\" \/>\n\t<meta property=\"og:image:height\" content=\"796\" \/>\n\t<meta property=\"og:image:type\" content=\"image\/jpeg\" \/>\n<meta name=\"author\" content=\"Ole Andersen\" \/>\n<meta name=\"twitter:card\" content=\"summary_large_image\" \/>\n<meta name=\"twitter:label1\" content=\"Skrevet av\" \/>\n\t<meta name=\"twitter:data1\" content=\"Ole Andersen\" \/>\n\t<meta name=\"twitter:label2\" content=\"Ansl. lesetid\" \/>\n\t<meta name=\"twitter:data2\" content=\"3 minutter\" \/>\n<script type=\"application\/ld+json\" class=\"yoast-schema-graph\">{\"@context\":\"https:\/\/schema.org\",\"@graph\":[{\"@type\":\"Article\",\"@id\":\"https:\/\/nordnesrepublikken.no\/index.php\/2025\/11\/10\/spania-er-varmt-til-vinteren-hvorfor-hjem-kan-foles-kaldere-inne-enn-ute\/#article\",\"isPartOf\":{\"@id\":\"https:\/\/nordnesrepublikken.no\/index.php\/2025\/11\/10\/spania-er-varmt-til-vinteren-hvorfor-hjem-kan-foles-kaldere-inne-enn-ute\/\"},\"author\":{\"name\":\"Ole Andersen\",\"@id\":\"https:\/\/nordnesrepublikken.no\/#\/schema\/person\/2e7e81935bab77882fffb79296240ff1\"},\"headline\":\"Spania er varmt &#8230; til vinteren: Hvorfor hjem kan f\u00f8les kaldere inne enn ute\",\"datePublished\":\"2025-11-10T10:50:12+00:00\",\"dateModified\":\"2025-11-10T10:50:14+00:00\",\"mainEntityOfPage\":{\"@id\":\"https:\/\/nordnesrepublikken.no\/index.php\/2025\/11\/10\/spania-er-varmt-til-vinteren-hvorfor-hjem-kan-foles-kaldere-inne-enn-ute\/\"},\"wordCount\":657,\"publisher\":{\"@id\":\"https:\/\/nordnesrepublikken.no\/#organization\"},\"image\":{\"@id\":\"https:\/\/nordnesrepublikken.no\/index.php\/2025\/11\/10\/spania-er-varmt-til-vinteren-hvorfor-hjem-kan-foles-kaldere-inne-enn-ute\/#primaryimage\"},\"thumbnailUrl\":\"https:\/\/nordnesrepublikken.no\/wp-content\/uploads\/2025\/11\/1762771813_Spania-er-varmt-til-vinteren-Hvorfor-hjem-kan-foles-kaldere.jpg\",\"keywords\":[\"enn\",\"f\u00f8les\",\"hjem\",\"hvorfor\",\"inne\",\"kaldere\",\"kan\",\"Spania\",\"til\",\"ute\",\"varmt\",\"vinteren\"],\"articleSection\":[\"Livsstil\"],\"inLanguage\":\"nb-NO\"},{\"@type\":\"WebPage\",\"@id\":\"https:\/\/nordnesrepublikken.no\/index.php\/2025\/11\/10\/spania-er-varmt-til-vinteren-hvorfor-hjem-kan-foles-kaldere-inne-enn-ute\/\",\"url\":\"https:\/\/nordnesrepublikken.no\/index.php\/2025\/11\/10\/spania-er-varmt-til-vinteren-hvorfor-hjem-kan-foles-kaldere-inne-enn-ute\/\",\"name\":\"Spania er varmt ... til vinteren: Hvorfor hjem kan f\u00f8les kaldere inne enn ute - Nordnesrepublikken\",\"isPartOf\":{\"@id\":\"https:\/\/nordnesrepublikken.no\/#website\"},\"primaryImageOfPage\":{\"@id\":\"https:\/\/nordnesrepublikken.no\/index.php\/2025\/11\/10\/spania-er-varmt-til-vinteren-hvorfor-hjem-kan-foles-kaldere-inne-enn-ute\/#primaryimage\"},\"image\":{\"@id\":\"https:\/\/nordnesrepublikken.no\/index.php\/2025\/11\/10\/spania-er-varmt-til-vinteren-hvorfor-hjem-kan-foles-kaldere-inne-enn-ute\/#primaryimage\"},\"thumbnailUrl\":\"https:\/\/nordnesrepublikken.no\/wp-content\/uploads\/2025\/11\/1762771813_Spania-er-varmt-til-vinteren-Hvorfor-hjem-kan-foles-kaldere.jpg\",\"datePublished\":\"2025-11-10T10:50:12+00:00\",\"dateModified\":\"2025-11-10T10:50:14+00:00\",\"breadcrumb\":{\"@id\":\"https:\/\/nordnesrepublikken.no\/index.php\/2025\/11\/10\/spania-er-varmt-til-vinteren-hvorfor-hjem-kan-foles-kaldere-inne-enn-ute\/#breadcrumb\"},\"inLanguage\":\"nb-NO\",\"potentialAction\":[{\"@type\":\"ReadAction\",\"target\":[\"https:\/\/nordnesrepublikken.no\/index.php\/2025\/11\/10\/spania-er-varmt-til-vinteren-hvorfor-hjem-kan-foles-kaldere-inne-enn-ute\/\"]}]},{\"@type\":\"ImageObject\",\"inLanguage\":\"nb-NO\",\"@id\":\"https:\/\/nordnesrepublikken.no\/index.php\/2025\/11\/10\/spania-er-varmt-til-vinteren-hvorfor-hjem-kan-foles-kaldere-inne-enn-ute\/#primaryimage\",\"url\":\"https:\/\/nordnesrepublikken.no\/wp-content\/uploads\/2025\/11\/1762771813_Spania-er-varmt-til-vinteren-Hvorfor-hjem-kan-foles-kaldere.jpg\",\"contentUrl\":\"https:\/\/nordnesrepublikken.no\/wp-content\/uploads\/2025\/11\/1762771813_Spania-er-varmt-til-vinteren-Hvorfor-hjem-kan-foles-kaldere.jpg\",\"width\":1200,\"height\":796,\"caption\":\"Spania er varmt ... til vinteren: Hvorfor hjem kan f\u00f8les kaldere inne enn ute\"},{\"@type\":\"BreadcrumbList\",\"@id\":\"https:\/\/nordnesrepublikken.no\/index.php\/2025\/11\/10\/spania-er-varmt-til-vinteren-hvorfor-hjem-kan-foles-kaldere-inne-enn-ute\/#breadcrumb\",\"itemListElement\":[{\"@type\":\"ListItem\",\"position\":1,\"name\":\"Home\",\"item\":\"https:\/\/nordnesrepublikken.no\/\"},{\"@type\":\"ListItem\",\"position\":2,\"name\":\"Spania er varmt &#8230; til vinteren: Hvorfor hjem kan f\u00f8les kaldere inne enn ute\"}]},{\"@type\":\"WebSite\",\"@id\":\"https:\/\/nordnesrepublikken.no\/#website\",\"url\":\"https:\/\/nordnesrepublikken.no\/\",\"name\":\"Nordnesrepublikken\",\"description\":\"Stemmer og Visjoner fra Republikkens Hjerte\",\"publisher\":{\"@id\":\"https:\/\/nordnesrepublikken.no\/#organization\"},\"potentialAction\":[{\"@type\":\"SearchAction\",\"target\":{\"@type\":\"EntryPoint\",\"urlTemplate\":\"https:\/\/nordnesrepublikken.no\/?s={search_term_string}\"},\"query-input\":{\"@type\":\"PropertyValueSpecification\",\"valueRequired\":true,\"valueName\":\"search_term_string\"}}],\"inLanguage\":\"nb-NO\"},{\"@type\":\"Organization\",\"@id\":\"https:\/\/nordnesrepublikken.no\/#organization\",\"name\":\"Nordnesrepublikken\",\"url\":\"https:\/\/nordnesrepublikken.no\/\",\"logo\":{\"@type\":\"ImageObject\",\"inLanguage\":\"nb-NO\",\"@id\":\"https:\/\/nordnesrepublikken.no\/#\/schema\/logo\/image\/\",\"url\":\"https:\/\/nordnesrepublikken.no\/wp-content\/uploads\/2025\/02\/cropped-nordnesrepublikken-2.png\",\"contentUrl\":\"https:\/\/nordnesrepublikken.no\/wp-content\/uploads\/2025\/02\/cropped-nordnesrepublikken-2.png\",\"width\":1248,\"height\":362,\"caption\":\"Nordnesrepublikken\"},\"image\":{\"@id\":\"https:\/\/nordnesrepublikken.no\/#\/schema\/logo\/image\/\"}},{\"@type\":\"Person\",\"@id\":\"https:\/\/nordnesrepublikken.no\/#\/schema\/person\/2e7e81935bab77882fffb79296240ff1\",\"name\":\"Ole Andersen\",\"image\":{\"@type\":\"ImageObject\",\"inLanguage\":\"nb-NO\",\"@id\":\"https:\/\/nordnesrepublikken.no\/#\/schema\/person\/image\/\",\"url\":\"https:\/\/nordnesrepublikken.no\/wp-content\/uploads\/2025\/02\/nordnesrepublikken-2-2-150x150.jpg\",\"contentUrl\":\"https:\/\/nordnesrepublikken.no\/wp-content\/uploads\/2025\/02\/nordnesrepublikken-2-2-150x150.jpg\",\"caption\":\"Ole Andersen\"},\"description\":\"Ettersom jeg vokste opp i Oslo, har jeg alltid v\u00e6rt fascinert av ordenes kraft og deres evne til \u00e5 skape endringer. Etter \u00e5 ha fullf\u00f8rt min utdannelse i kommunikasjon ved Universitetet i Bergen, fikk jeg muligheten til \u00e5 jobbe innen ulike medier, der jeg har s\u00f8kt \u00e5 belyse viktige samfunnssp\u00f8rsm\u00e5l. I dag, som redakt\u00f8r for Nordnesrepublikken, pr\u00f8ver jeg \u00e5 forene min kj\u00e6rlighet for journalistikk med min lidenskap for innovasjon og eventyr.\",\"sameAs\":[\"https:\/\/nordnesrepublikken.no\/\"]}]}<\/script>\n<!-- \/ Yoast SEO plugin. -->","yoast_head_json":{"title":"Spania er varmt ... til vinteren: Hvorfor hjem kan f\u00f8les kaldere inne enn ute - Nordnesrepublikken","robots":{"index":"index","follow":"follow","max-snippet":"max-snippet:-1","max-image-preview":"max-image-preview:large","max-video-preview":"max-video-preview:-1"},"canonical":"https:\/\/nordnesrepublikken.no\/index.php\/2025\/11\/10\/spania-er-varmt-til-vinteren-hvorfor-hjem-kan-foles-kaldere-inne-enn-ute\/","og_locale":"nb_NO","og_type":"article","og_title":"Spania er varmt ... til vinteren: Hvorfor hjem kan f\u00f8les kaldere inne enn ute - Nordnesrepublikken","og_description":"Jeg var absolutt ikke forberedt p\u00e5 min f\u00f8rste spanske vinter. Tre \u00e5r senere tar jeg","og_url":"https:\/\/nordnesrepublikken.no\/index.php\/2025\/11\/10\/spania-er-varmt-til-vinteren-hvorfor-hjem-kan-foles-kaldere-inne-enn-ute\/","og_site_name":"Nordnesrepublikken","article_published_time":"2025-11-10T10:50:12+00:00","article_modified_time":"2025-11-10T10:50:14+00:00","og_image":[{"width":1200,"height":796,"url":"https:\/\/nordnesrepublikken.no\/wp-content\/uploads\/2025\/11\/1762771813_Spania-er-varmt-til-vinteren-Hvorfor-hjem-kan-foles-kaldere.jpg","type":"image\/jpeg"}],"author":"Ole Andersen","twitter_card":"summary_large_image","twitter_misc":{"Skrevet av":"Ole Andersen","Ansl. lesetid":"3 minutter"},"schema":{"@context":"https:\/\/schema.org","@graph":[{"@type":"Article","@id":"https:\/\/nordnesrepublikken.no\/index.php\/2025\/11\/10\/spania-er-varmt-til-vinteren-hvorfor-hjem-kan-foles-kaldere-inne-enn-ute\/#article","isPartOf":{"@id":"https:\/\/nordnesrepublikken.no\/index.php\/2025\/11\/10\/spania-er-varmt-til-vinteren-hvorfor-hjem-kan-foles-kaldere-inne-enn-ute\/"},"author":{"name":"Ole Andersen","@id":"https:\/\/nordnesrepublikken.no\/#\/schema\/person\/2e7e81935bab77882fffb79296240ff1"},"headline":"Spania er varmt &#8230; til vinteren: Hvorfor hjem kan f\u00f8les kaldere inne enn ute","datePublished":"2025-11-10T10:50:12+00:00","dateModified":"2025-11-10T10:50:14+00:00","mainEntityOfPage":{"@id":"https:\/\/nordnesrepublikken.no\/index.php\/2025\/11\/10\/spania-er-varmt-til-vinteren-hvorfor-hjem-kan-foles-kaldere-inne-enn-ute\/"},"wordCount":657,"publisher":{"@id":"https:\/\/nordnesrepublikken.no\/#organization"},"image":{"@id":"https:\/\/nordnesrepublikken.no\/index.php\/2025\/11\/10\/spania-er-varmt-til-vinteren-hvorfor-hjem-kan-foles-kaldere-inne-enn-ute\/#primaryimage"},"thumbnailUrl":"https:\/\/nordnesrepublikken.no\/wp-content\/uploads\/2025\/11\/1762771813_Spania-er-varmt-til-vinteren-Hvorfor-hjem-kan-foles-kaldere.jpg","keywords":["enn","f\u00f8les","hjem","hvorfor","inne","kaldere","kan","Spania","til","ute","varmt","vinteren"],"articleSection":["Livsstil"],"inLanguage":"nb-NO"},{"@type":"WebPage","@id":"https:\/\/nordnesrepublikken.no\/index.php\/2025\/11\/10\/spania-er-varmt-til-vinteren-hvorfor-hjem-kan-foles-kaldere-inne-enn-ute\/","url":"https:\/\/nordnesrepublikken.no\/index.php\/2025\/11\/10\/spania-er-varmt-til-vinteren-hvorfor-hjem-kan-foles-kaldere-inne-enn-ute\/","name":"Spania er varmt ... til vinteren: Hvorfor hjem kan f\u00f8les kaldere inne enn ute - Nordnesrepublikken","isPartOf":{"@id":"https:\/\/nordnesrepublikken.no\/#website"},"primaryImageOfPage":{"@id":"https:\/\/nordnesrepublikken.no\/index.php\/2025\/11\/10\/spania-er-varmt-til-vinteren-hvorfor-hjem-kan-foles-kaldere-inne-enn-ute\/#primaryimage"},"image":{"@id":"https:\/\/nordnesrepublikken.no\/index.php\/2025\/11\/10\/spania-er-varmt-til-vinteren-hvorfor-hjem-kan-foles-kaldere-inne-enn-ute\/#primaryimage"},"thumbnailUrl":"https:\/\/nordnesrepublikken.no\/wp-content\/uploads\/2025\/11\/1762771813_Spania-er-varmt-til-vinteren-Hvorfor-hjem-kan-foles-kaldere.jpg","datePublished":"2025-11-10T10:50:12+00:00","dateModified":"2025-11-10T10:50:14+00:00","breadcrumb":{"@id":"https:\/\/nordnesrepublikken.no\/index.php\/2025\/11\/10\/spania-er-varmt-til-vinteren-hvorfor-hjem-kan-foles-kaldere-inne-enn-ute\/#breadcrumb"},"inLanguage":"nb-NO","potentialAction":[{"@type":"ReadAction","target":["https:\/\/nordnesrepublikken.no\/index.php\/2025\/11\/10\/spania-er-varmt-til-vinteren-hvorfor-hjem-kan-foles-kaldere-inne-enn-ute\/"]}]},{"@type":"ImageObject","inLanguage":"nb-NO","@id":"https:\/\/nordnesrepublikken.no\/index.php\/2025\/11\/10\/spania-er-varmt-til-vinteren-hvorfor-hjem-kan-foles-kaldere-inne-enn-ute\/#primaryimage","url":"https:\/\/nordnesrepublikken.no\/wp-content\/uploads\/2025\/11\/1762771813_Spania-er-varmt-til-vinteren-Hvorfor-hjem-kan-foles-kaldere.jpg","contentUrl":"https:\/\/nordnesrepublikken.no\/wp-content\/uploads\/2025\/11\/1762771813_Spania-er-varmt-til-vinteren-Hvorfor-hjem-kan-foles-kaldere.jpg","width":1200,"height":796,"caption":"Spania er varmt ... til vinteren: Hvorfor hjem kan f\u00f8les kaldere inne enn ute"},{"@type":"BreadcrumbList","@id":"https:\/\/nordnesrepublikken.no\/index.php\/2025\/11\/10\/spania-er-varmt-til-vinteren-hvorfor-hjem-kan-foles-kaldere-inne-enn-ute\/#breadcrumb","itemListElement":[{"@type":"ListItem","position":1,"name":"Home","item":"https:\/\/nordnesrepublikken.no\/"},{"@type":"ListItem","position":2,"name":"Spania er varmt &#8230; til vinteren: Hvorfor hjem kan f\u00f8les kaldere inne enn ute"}]},{"@type":"WebSite","@id":"https:\/\/nordnesrepublikken.no\/#website","url":"https:\/\/nordnesrepublikken.no\/","name":"Nordnesrepublikken","description":"Stemmer og Visjoner fra Republikkens Hjerte","publisher":{"@id":"https:\/\/nordnesrepublikken.no\/#organization"},"potentialAction":[{"@type":"SearchAction","target":{"@type":"EntryPoint","urlTemplate":"https:\/\/nordnesrepublikken.no\/?s={search_term_string}"},"query-input":{"@type":"PropertyValueSpecification","valueRequired":true,"valueName":"search_term_string"}}],"inLanguage":"nb-NO"},{"@type":"Organization","@id":"https:\/\/nordnesrepublikken.no\/#organization","name":"Nordnesrepublikken","url":"https:\/\/nordnesrepublikken.no\/","logo":{"@type":"ImageObject","inLanguage":"nb-NO","@id":"https:\/\/nordnesrepublikken.no\/#\/schema\/logo\/image\/","url":"https:\/\/nordnesrepublikken.no\/wp-content\/uploads\/2025\/02\/cropped-nordnesrepublikken-2.png","contentUrl":"https:\/\/nordnesrepublikken.no\/wp-content\/uploads\/2025\/02\/cropped-nordnesrepublikken-2.png","width":1248,"height":362,"caption":"Nordnesrepublikken"},"image":{"@id":"https:\/\/nordnesrepublikken.no\/#\/schema\/logo\/image\/"}},{"@type":"Person","@id":"https:\/\/nordnesrepublikken.no\/#\/schema\/person\/2e7e81935bab77882fffb79296240ff1","name":"Ole Andersen","image":{"@type":"ImageObject","inLanguage":"nb-NO","@id":"https:\/\/nordnesrepublikken.no\/#\/schema\/person\/image\/","url":"https:\/\/nordnesrepublikken.no\/wp-content\/uploads\/2025\/02\/nordnesrepublikken-2-2-150x150.jpg","contentUrl":"https:\/\/nordnesrepublikken.no\/wp-content\/uploads\/2025\/02\/nordnesrepublikken-2-2-150x150.jpg","caption":"Ole Andersen"},"description":"Ettersom jeg vokste opp i Oslo, har jeg alltid v\u00e6rt fascinert av ordenes kraft og deres evne til \u00e5 skape endringer. Etter \u00e5 ha fullf\u00f8rt min utdannelse i kommunikasjon ved Universitetet i Bergen, fikk jeg muligheten til \u00e5 jobbe innen ulike medier, der jeg har s\u00f8kt \u00e5 belyse viktige samfunnssp\u00f8rsm\u00e5l. I dag, som redakt\u00f8r for Nordnesrepublikken, pr\u00f8ver jeg \u00e5 forene min kj\u00e6rlighet for journalistikk med min lidenskap for innovasjon og eventyr.","sameAs":["https:\/\/nordnesrepublikken.no\/"]}]}},"_links":{"self":[{"href":"https:\/\/nordnesrepublikken.no\/index.php\/wp-json\/wp\/v2\/posts\/11538","targetHints":{"allow":["GET"]}}],"collection":[{"href":"https:\/\/nordnesrepublikken.no\/index.php\/wp-json\/wp\/v2\/posts"}],"about":[{"href":"https:\/\/nordnesrepublikken.no\/index.php\/wp-json\/wp\/v2\/types\/post"}],"author":[{"embeddable":true,"href":"https:\/\/nordnesrepublikken.no\/index.php\/wp-json\/wp\/v2\/users\/1"}],"replies":[{"embeddable":true,"href":"https:\/\/nordnesrepublikken.no\/index.php\/wp-json\/wp\/v2\/comments?post=11538"}],"version-history":[{"count":1,"href":"https:\/\/nordnesrepublikken.no\/index.php\/wp-json\/wp\/v2\/posts\/11538\/revisions"}],"predecessor-version":[{"id":11540,"href":"https:\/\/nordnesrepublikken.no\/index.php\/wp-json\/wp\/v2\/posts\/11538\/revisions\/11540"}],"wp:featuredmedia":[{"embeddable":true,"href":"https:\/\/nordnesrepublikken.no\/index.php\/wp-json\/wp\/v2\/media\/11539"}],"wp:attachment":[{"href":"https:\/\/nordnesrepublikken.no\/index.php\/wp-json\/wp\/v2\/media?parent=11538"}],"wp:term":[{"taxonomy":"category","embeddable":true,"href":"https:\/\/nordnesrepublikken.no\/index.php\/wp-json\/wp\/v2\/categories?post=11538"},{"taxonomy":"post_tag","embeddable":true,"href":"https:\/\/nordnesrepublikken.no\/index.php\/wp-json\/wp\/v2\/tags?post=11538"}],"curies":[{"name":"wp","href":"https:\/\/api.w.org\/{rel}","templated":true}]}}