{"id":11520,"date":"2025-11-09T21:51:21","date_gmt":"2025-11-09T20:51:21","guid":{"rendered":"https:\/\/nordnesrepublikken.no\/index.php\/2025\/11\/09\/ryanair-tar-bort-boardingkort-i-papir-denne-onsdagen\/"},"modified":"2025-11-09T21:51:33","modified_gmt":"2025-11-09T20:51:33","slug":"ryanair-tar-bort-boardingkort-i-papir-denne-onsdagen","status":"publish","type":"post","link":"https:\/\/nordnesrepublikken.no\/index.php\/2025\/11\/09\/ryanair-tar-bort-boardingkort-i-papir-denne-onsdagen\/","title":{"rendered":"Ryanair tar bort boardingkort i papir denne onsdagen"},"content":{"rendered":"<p><\/p>\n<div class=\"wordpress-content\">\n                    <!-- Article Start --><\/p>\n<p class=\"p1\"><strong>Ryanair har bekreftet at fra onsdag 12. november vil alle passasjerer som reiser med flyselskapet bli p\u00e5lagt \u00e5 bruke digitale boardingkort utstedt av tjenestemannen. <i>myRyanair<\/i> mobilapplikasjon. Flyttingen markerer et betydelig driftsskifte for flyselskapet, som transporterer flere passasjerer over hele Europa enn noe annet flyselskap. Ombordstigningskort i papir vil ikke lenger v\u00e6re tilgjengelig for nedlasting eller utskrift etter overgangsdatoen.<\/strong><\/p>\n<p class=\"p1\">Selskapet opplyser at endringen er en del av en p\u00e5g\u00e5ende strategi for \u00e5 effektivisere flyplassprosesser, redusere papiravfall, og oppmuntre passasjerer til \u00e5 bruke flyselskapets app for flystyring. Ryanair ansl\u00e5r at fjerning av utskrivbare boardingkort vil redusere papirforbruket med flere hundre tonn per \u00e5r p\u00e5 tvers av nettverket.<\/p>\n<p class=\"p1\">De <i>myRyanair<\/i> app vil bli det sentrale verkt\u00f8yet for \u00e5 administrere bestillinger, vise boardingkort, spore flyoppdateringer, lagre reisedokumentasjon og kommunisere med kundest\u00f8tte. If\u00f8lge flyselskapet vil passasjerer som allerede bruker appen ikke merke noen endring i innsjekkings- eller ombordstigningsprosessen, ettersom digitale boardingkort allerede er standard p\u00e5 de fleste Ryanair-ruter.<\/p>\n<div class=\"sra_unit\"><link rel=\"stylesheet\" id=\"block-sra\" href=\"https:\/\/euroweeklynews.com\/wp-content\/plugins\/snack-related-articles\/dist\/css\/snack-related.min.css?250312-193541\" type=\"text\/css\" media=\"all\">\n<\/div>\n<h2 class=\"p2\"><b>Passasjerp\u00e5virkning og godtgj\u00f8relser<\/b><\/h2>\n<h3 class=\"p3\"><b>Unntak fra retningslinjer og veiledning for reisende<\/b><\/h3>\n<p class=\"p1\">Mens retningslinjene tar sikte p\u00e5 \u00e5 forenkle reise, erkjenner Ryanair at passasjerer kan m\u00f8te omstendigheter der en mobilenhet er utilgjengelig. Flyselskapet har bekreftet at hvis en passasjer har sjekket inn, men ikke er i stand til \u00e5 presentere sitt digitale boardingkort p\u00e5 grunn av en mistet telefon, \u00f8delagt enhet eller et uladet batteri, vil flyplasspersonalet gi et nytt boardingkort gratis ved flyplassens serviceskranke.<\/p>\n<p class=\"p1\">Denne godtgj\u00f8relsen gjelder imidlertid kun n\u00e5r digital innsjekking allerede er gjennomf\u00f8rt. Hvis en passasjer ankommer flyplassen uten \u00e5 sjekke inn, vil standardavgifter for innsjekking p\u00e5 flyplassen fortsatt gjelde.<\/p>\n<p class=\"p1\">Denne endringen vil kreve at alle reisende har en fungerende smarttelefon eller nettbrett som kan kj\u00f8re <i>myRyanair<\/i> app. Flyselskapet har foresl\u00e5tt at passasjerer b\u00f8r s\u00f8rge for at enhetene deres er fulladet f\u00f8r de ankommer flyplassen og vurdere \u00e5 ha med seg b\u00e6rbart ladeutstyr under reisen. Appen lagrer boardingkort offline n\u00e5r den er lastet ned, noe som betyr at en aktiv internettforbindelse ikke er n\u00f8dvendig ved selve ombordstigningsporten.<\/p>\n<h2 class=\"p2\"><b>Flyplasser og operasjonelle hensyn<\/b><\/h2>\n<h3 class=\"p3\"><b>Infrastruktur og samsvar<\/b><\/h3>\n<p class=\"p1\">Ryanair opererer p\u00e5 mer enn 230 flyplasser over hele Europa, Nord-Afrika og Midt\u00f8sten. Selskapet har evaluert den digitale overgangen p\u00e5 tvers av nettverket og opplyser at de n\u00f8dvendige flyplassskanningssystemene allerede er p\u00e5 plass ved alle avgangspunktene. For flyplasser der lokale forskrifter krever trykte dokumenter av grense- eller sikkerhetsgrunner, bemerker Ryanair at boardingkort fortsatt kan skrives ut av personalet n\u00e5r det er n\u00f8dvendig, selv om disse tilfellene forventes \u00e5 v\u00e6re uvanlige.<\/p>\n<p class=\"p1\">Flyplasspartnere har blitt informert om policyendringen f\u00f8r implementering. Flyselskapet har opplyst at skiftet blir kommunisert i god tid for \u00e5 unng\u00e5 forvirring i h\u00f8ysesongene.<\/p>\n<h2 class=\"p2\"><b>Innvirkning p\u00e5 britiske og europeiske expat-samfunn i Spania<\/b><\/h2>\n<h3 class=\"p3\"><b>Hyppige reisende m\u00e5 tilpasse seg kun digital boarding<\/b><\/h3>\n<p class=\"p1\">Endringen forventes spesielt \u00e5 p\u00e5virke de store britiske og europeiske utvandrermilj\u00f8ene som bor i Spania, hvorav mange flyr med Ryanair flere ganger i \u00e5ret for \u00e5 bes\u00f8ke familie, administrere eiendom eller pendle mellom sesongbaserte boliger. Spania er fortsatt et av Ryanairs travleste markeder, med store knutepunkter i Alicante, Sevilla, M\u00e1laga, Palma de Mallorca, Barcelona og Tenerife, hvor utenlandspassasjerer utgj\u00f8r en betydelig andel av trafikken.<\/p>\n<p class=\"p1\">For expats som allerede er komfortable med \u00e5 bruke smarttelefoner og flyselskapsappen, vil overgangen sannsynligvis v\u00e6re enkel. Noen langtidsboende, spesielt eldre pensjonister, kan imidlertid m\u00f8te utfordringer hvis de ikke er vant til \u00e5 h\u00e5ndtere ombordstigningsdokumenter digitalt. Fellesskapsst\u00f8ttegrupper, expat-fora og reisebyr\u00e5er i Spania har allerede notert at de forventer en \u00f8kning i foresp\u00f8rsler om veiledning om hvordan du laster ned, sjekker inn og lagrer digitale boardingkort i god tid f\u00f8r reisen.<\/p>\n<p class=\"p1\">Venner, familiemedlemmer eller reisef\u00f8lge kan trenge \u00e5 hjelpe de som er ukomfortable med teknologien. Ryanair har informert om at n\u00e5r et boardingkort er lastet ned i appen, krever det ikke internettilgang for \u00e5 vises, noe som kan lette bekymringene om tilkobling n\u00e5r du reiser mellom Storbritannia og Spania.<\/p>\n<h3 class=\"p1\"><b>Sammendrag:<\/b><\/h3>\n<ul class=\"ul1\">\n<li class=\"li1\">Ryanair vil kreve at alle passasjerer bruker digitale boardingkort via <i>myRyanair<\/i> app fra 12. november.<\/li>\n<li class=\"li1\">Papir boardingkort vil ikke lenger tilbys for nedlasting eller utskrift av passasjerer, selv om n\u00f8derstatninger vil v\u00e6re tilgjengelig p\u00e5 flyplasser hvis en enhet svikter etter innsjekking.<\/li>\n<li class=\"li1\">Policyen tar sikte p\u00e5 \u00e5 forenkle reiser, redusere papiravfall og konsolidere bestillings- og reiseinformasjon i \u00e9n enkelt digital plattform.<\/li>\n<\/ul>\n<h2 class=\"p2\"><b>Forbereder p\u00e5 endringen<\/b><\/h2>\n<h3 class=\"p3\"><b>Hva passasjerene b\u00f8r gj\u00f8re n\u00e5<\/b><\/h3>\n<p class=\"p1\">Passasjerer som planlegger \u00e5 fly med Ryanair etter onsdag 12. november, overgangsdato, oppfordres til \u00e5 laste ned <i>myRyanair<\/i> app og gj\u00f8re seg kjent med funksjonene. Reisende som for \u00f8yeblikket ikke bruker smarttelefoner kan m\u00e5tte justere ordningene sine p\u00e5 forh\u00e5nd eller reise med ledsagere som kan administrere digital dokumentasjon p\u00e5 deres vegne.<\/p>\n<p class=\"p1\">Ryanair uttaler at overgangen til et heldigitalt boardingsystem er ment \u00e5 skape en mer konsistent reiseopplevelse p\u00e5 tvers av nettverket. Flyselskapet hevder at selv om endringen representerer en bemerkelsesverdig justering for noen passasjerer, reflekterer den den bredere retningen til moderne flyreiser.<\/p>\n<p>                    <!-- Originally published at https:\/\/euroweeklynews.com\/2025\/11\/09\/ryanair-to-axe-paper-boarding-passes-this-wednesday\/ on 09 Nov 2025 at 20:50 by Molly Grace --><br \/>\n                    <!-- Article End -->\n                <\/div>\n","protected":false},"excerpt":{"rendered":"<p>Ryanair har bekreftet at fra onsdag 12. november vil alle passasjerer som reiser med flyselskapet<\/p>\n","protected":false},"author":1,"featured_media":11521,"comment_status":"closed","ping_status":"open","sticky":false,"template":"","format":"standard","meta":{"footnotes":""},"categories":[105],"tags":[7584,2598,1717,7586,7585,1079,114],"class_list":["post-11520","post","type-post","status-publish","format-standard","has-post-thumbnail","hentry","category-livsstil","tag-boardingkort","tag-bort","tag-denne","tag-onsdagen","tag-papir","tag-ryanair","tag-tar","generate-columns","tablet-grid-50","mobile-grid-100","grid-parent","grid-33","resize-featured-image"],"yoast_head":"<!-- This site is optimized with the Yoast SEO plugin v24.4 - https:\/\/yoast.com\/wordpress\/plugins\/seo\/ -->\n<title>Ryanair tar bort boardingkort i papir denne onsdagen - Nordnesrepublikken<\/title>\n<meta name=\"robots\" content=\"index, follow, max-snippet:-1, max-image-preview:large, max-video-preview:-1\" \/>\n<link rel=\"canonical\" href=\"https:\/\/nordnesrepublikken.no\/index.php\/2025\/11\/09\/ryanair-tar-bort-boardingkort-i-papir-denne-onsdagen\/\" \/>\n<meta property=\"og:locale\" content=\"nb_NO\" \/>\n<meta property=\"og:type\" content=\"article\" \/>\n<meta property=\"og:title\" content=\"Ryanair tar bort boardingkort i papir denne onsdagen - Nordnesrepublikken\" \/>\n<meta property=\"og:description\" content=\"Ryanair har bekreftet at fra onsdag 12. november vil alle passasjerer som reiser med flyselskapet\" \/>\n<meta property=\"og:url\" content=\"https:\/\/nordnesrepublikken.no\/index.php\/2025\/11\/09\/ryanair-tar-bort-boardingkort-i-papir-denne-onsdagen\/\" \/>\n<meta property=\"og:site_name\" content=\"Nordnesrepublikken\" \/>\n<meta property=\"article:published_time\" content=\"2025-11-09T20:51:21+00:00\" \/>\n<meta property=\"article:modified_time\" content=\"2025-11-09T20:51:33+00:00\" \/>\n<meta property=\"og:image\" content=\"https:\/\/nordnesrepublikken.no\/wp-content\/uploads\/2025\/11\/1762721481_Ryanair-tar-bort-boardingkort-i-papir-denne-onsdagen.png\" \/>\n\t<meta property=\"og:image:width\" content=\"1200\" \/>\n\t<meta property=\"og:image:height\" content=\"801\" \/>\n\t<meta property=\"og:image:type\" content=\"image\/png\" \/>\n<meta name=\"author\" content=\"Ole Andersen\" \/>\n<meta name=\"twitter:card\" content=\"summary_large_image\" \/>\n<meta name=\"twitter:label1\" content=\"Skrevet av\" \/>\n\t<meta name=\"twitter:data1\" content=\"Ole Andersen\" \/>\n\t<meta name=\"twitter:label2\" content=\"Ansl. lesetid\" \/>\n\t<meta name=\"twitter:data2\" content=\"4 minutter\" \/>\n<script type=\"application\/ld+json\" class=\"yoast-schema-graph\">{\"@context\":\"https:\/\/schema.org\",\"@graph\":[{\"@type\":\"Article\",\"@id\":\"https:\/\/nordnesrepublikken.no\/index.php\/2025\/11\/09\/ryanair-tar-bort-boardingkort-i-papir-denne-onsdagen\/#article\",\"isPartOf\":{\"@id\":\"https:\/\/nordnesrepublikken.no\/index.php\/2025\/11\/09\/ryanair-tar-bort-boardingkort-i-papir-denne-onsdagen\/\"},\"author\":{\"name\":\"Ole Andersen\",\"@id\":\"https:\/\/nordnesrepublikken.no\/#\/schema\/person\/2e7e81935bab77882fffb79296240ff1\"},\"headline\":\"Ryanair tar bort boardingkort i papir denne onsdagen\",\"datePublished\":\"2025-11-09T20:51:21+00:00\",\"dateModified\":\"2025-11-09T20:51:33+00:00\",\"mainEntityOfPage\":{\"@id\":\"https:\/\/nordnesrepublikken.no\/index.php\/2025\/11\/09\/ryanair-tar-bort-boardingkort-i-papir-denne-onsdagen\/\"},\"wordCount\":816,\"publisher\":{\"@id\":\"https:\/\/nordnesrepublikken.no\/#organization\"},\"image\":{\"@id\":\"https:\/\/nordnesrepublikken.no\/index.php\/2025\/11\/09\/ryanair-tar-bort-boardingkort-i-papir-denne-onsdagen\/#primaryimage\"},\"thumbnailUrl\":\"https:\/\/nordnesrepublikken.no\/wp-content\/uploads\/2025\/11\/1762721481_Ryanair-tar-bort-boardingkort-i-papir-denne-onsdagen.png\",\"keywords\":[\"boardingkort\",\"bort\",\"denne\",\"onsdagen\",\"papir\",\"Ryanair\",\"tar\"],\"articleSection\":[\"Livsstil\"],\"inLanguage\":\"nb-NO\"},{\"@type\":\"WebPage\",\"@id\":\"https:\/\/nordnesrepublikken.no\/index.php\/2025\/11\/09\/ryanair-tar-bort-boardingkort-i-papir-denne-onsdagen\/\",\"url\":\"https:\/\/nordnesrepublikken.no\/index.php\/2025\/11\/09\/ryanair-tar-bort-boardingkort-i-papir-denne-onsdagen\/\",\"name\":\"Ryanair tar bort boardingkort i papir denne onsdagen - Nordnesrepublikken\",\"isPartOf\":{\"@id\":\"https:\/\/nordnesrepublikken.no\/#website\"},\"primaryImageOfPage\":{\"@id\":\"https:\/\/nordnesrepublikken.no\/index.php\/2025\/11\/09\/ryanair-tar-bort-boardingkort-i-papir-denne-onsdagen\/#primaryimage\"},\"image\":{\"@id\":\"https:\/\/nordnesrepublikken.no\/index.php\/2025\/11\/09\/ryanair-tar-bort-boardingkort-i-papir-denne-onsdagen\/#primaryimage\"},\"thumbnailUrl\":\"https:\/\/nordnesrepublikken.no\/wp-content\/uploads\/2025\/11\/1762721481_Ryanair-tar-bort-boardingkort-i-papir-denne-onsdagen.png\",\"datePublished\":\"2025-11-09T20:51:21+00:00\",\"dateModified\":\"2025-11-09T20:51:33+00:00\",\"breadcrumb\":{\"@id\":\"https:\/\/nordnesrepublikken.no\/index.php\/2025\/11\/09\/ryanair-tar-bort-boardingkort-i-papir-denne-onsdagen\/#breadcrumb\"},\"inLanguage\":\"nb-NO\",\"potentialAction\":[{\"@type\":\"ReadAction\",\"target\":[\"https:\/\/nordnesrepublikken.no\/index.php\/2025\/11\/09\/ryanair-tar-bort-boardingkort-i-papir-denne-onsdagen\/\"]}]},{\"@type\":\"ImageObject\",\"inLanguage\":\"nb-NO\",\"@id\":\"https:\/\/nordnesrepublikken.no\/index.php\/2025\/11\/09\/ryanair-tar-bort-boardingkort-i-papir-denne-onsdagen\/#primaryimage\",\"url\":\"https:\/\/nordnesrepublikken.no\/wp-content\/uploads\/2025\/11\/1762721481_Ryanair-tar-bort-boardingkort-i-papir-denne-onsdagen.png\",\"contentUrl\":\"https:\/\/nordnesrepublikken.no\/wp-content\/uploads\/2025\/11\/1762721481_Ryanair-tar-bort-boardingkort-i-papir-denne-onsdagen.png\",\"width\":1200,\"height\":801,\"caption\":\"Ryanair tar bort boardingkort i papir denne onsdagen\"},{\"@type\":\"BreadcrumbList\",\"@id\":\"https:\/\/nordnesrepublikken.no\/index.php\/2025\/11\/09\/ryanair-tar-bort-boardingkort-i-papir-denne-onsdagen\/#breadcrumb\",\"itemListElement\":[{\"@type\":\"ListItem\",\"position\":1,\"name\":\"Home\",\"item\":\"https:\/\/nordnesrepublikken.no\/\"},{\"@type\":\"ListItem\",\"position\":2,\"name\":\"Ryanair tar bort boardingkort i papir denne onsdagen\"}]},{\"@type\":\"WebSite\",\"@id\":\"https:\/\/nordnesrepublikken.no\/#website\",\"url\":\"https:\/\/nordnesrepublikken.no\/\",\"name\":\"Nordnesrepublikken\",\"description\":\"Stemmer og Visjoner fra Republikkens Hjerte\",\"publisher\":{\"@id\":\"https:\/\/nordnesrepublikken.no\/#organization\"},\"potentialAction\":[{\"@type\":\"SearchAction\",\"target\":{\"@type\":\"EntryPoint\",\"urlTemplate\":\"https:\/\/nordnesrepublikken.no\/?s={search_term_string}\"},\"query-input\":{\"@type\":\"PropertyValueSpecification\",\"valueRequired\":true,\"valueName\":\"search_term_string\"}}],\"inLanguage\":\"nb-NO\"},{\"@type\":\"Organization\",\"@id\":\"https:\/\/nordnesrepublikken.no\/#organization\",\"name\":\"Nordnesrepublikken\",\"url\":\"https:\/\/nordnesrepublikken.no\/\",\"logo\":{\"@type\":\"ImageObject\",\"inLanguage\":\"nb-NO\",\"@id\":\"https:\/\/nordnesrepublikken.no\/#\/schema\/logo\/image\/\",\"url\":\"https:\/\/nordnesrepublikken.no\/wp-content\/uploads\/2025\/02\/cropped-nordnesrepublikken-2.png\",\"contentUrl\":\"https:\/\/nordnesrepublikken.no\/wp-content\/uploads\/2025\/02\/cropped-nordnesrepublikken-2.png\",\"width\":1248,\"height\":362,\"caption\":\"Nordnesrepublikken\"},\"image\":{\"@id\":\"https:\/\/nordnesrepublikken.no\/#\/schema\/logo\/image\/\"}},{\"@type\":\"Person\",\"@id\":\"https:\/\/nordnesrepublikken.no\/#\/schema\/person\/2e7e81935bab77882fffb79296240ff1\",\"name\":\"Ole Andersen\",\"image\":{\"@type\":\"ImageObject\",\"inLanguage\":\"nb-NO\",\"@id\":\"https:\/\/nordnesrepublikken.no\/#\/schema\/person\/image\/\",\"url\":\"https:\/\/nordnesrepublikken.no\/wp-content\/uploads\/2025\/02\/nordnesrepublikken-2-2-150x150.jpg\",\"contentUrl\":\"https:\/\/nordnesrepublikken.no\/wp-content\/uploads\/2025\/02\/nordnesrepublikken-2-2-150x150.jpg\",\"caption\":\"Ole Andersen\"},\"description\":\"Ettersom jeg vokste opp i Oslo, har jeg alltid v\u00e6rt fascinert av ordenes kraft og deres evne til \u00e5 skape endringer. Etter \u00e5 ha fullf\u00f8rt min utdannelse i kommunikasjon ved Universitetet i Bergen, fikk jeg muligheten til \u00e5 jobbe innen ulike medier, der jeg har s\u00f8kt \u00e5 belyse viktige samfunnssp\u00f8rsm\u00e5l. I dag, som redakt\u00f8r for Nordnesrepublikken, pr\u00f8ver jeg \u00e5 forene min kj\u00e6rlighet for journalistikk med min lidenskap for innovasjon og eventyr.\",\"sameAs\":[\"https:\/\/nordnesrepublikken.no\/\"]}]}<\/script>\n<!-- \/ Yoast SEO plugin. -->","yoast_head_json":{"title":"Ryanair tar bort boardingkort i papir denne onsdagen - Nordnesrepublikken","robots":{"index":"index","follow":"follow","max-snippet":"max-snippet:-1","max-image-preview":"max-image-preview:large","max-video-preview":"max-video-preview:-1"},"canonical":"https:\/\/nordnesrepublikken.no\/index.php\/2025\/11\/09\/ryanair-tar-bort-boardingkort-i-papir-denne-onsdagen\/","og_locale":"nb_NO","og_type":"article","og_title":"Ryanair tar bort boardingkort i papir denne onsdagen - Nordnesrepublikken","og_description":"Ryanair har bekreftet at fra onsdag 12. november vil alle passasjerer som reiser med flyselskapet","og_url":"https:\/\/nordnesrepublikken.no\/index.php\/2025\/11\/09\/ryanair-tar-bort-boardingkort-i-papir-denne-onsdagen\/","og_site_name":"Nordnesrepublikken","article_published_time":"2025-11-09T20:51:21+00:00","article_modified_time":"2025-11-09T20:51:33+00:00","og_image":[{"width":1200,"height":801,"url":"https:\/\/nordnesrepublikken.no\/wp-content\/uploads\/2025\/11\/1762721481_Ryanair-tar-bort-boardingkort-i-papir-denne-onsdagen.png","type":"image\/png"}],"author":"Ole Andersen","twitter_card":"summary_large_image","twitter_misc":{"Skrevet av":"Ole Andersen","Ansl. lesetid":"4 minutter"},"schema":{"@context":"https:\/\/schema.org","@graph":[{"@type":"Article","@id":"https:\/\/nordnesrepublikken.no\/index.php\/2025\/11\/09\/ryanair-tar-bort-boardingkort-i-papir-denne-onsdagen\/#article","isPartOf":{"@id":"https:\/\/nordnesrepublikken.no\/index.php\/2025\/11\/09\/ryanair-tar-bort-boardingkort-i-papir-denne-onsdagen\/"},"author":{"name":"Ole Andersen","@id":"https:\/\/nordnesrepublikken.no\/#\/schema\/person\/2e7e81935bab77882fffb79296240ff1"},"headline":"Ryanair tar bort boardingkort i papir denne onsdagen","datePublished":"2025-11-09T20:51:21+00:00","dateModified":"2025-11-09T20:51:33+00:00","mainEntityOfPage":{"@id":"https:\/\/nordnesrepublikken.no\/index.php\/2025\/11\/09\/ryanair-tar-bort-boardingkort-i-papir-denne-onsdagen\/"},"wordCount":816,"publisher":{"@id":"https:\/\/nordnesrepublikken.no\/#organization"},"image":{"@id":"https:\/\/nordnesrepublikken.no\/index.php\/2025\/11\/09\/ryanair-tar-bort-boardingkort-i-papir-denne-onsdagen\/#primaryimage"},"thumbnailUrl":"https:\/\/nordnesrepublikken.no\/wp-content\/uploads\/2025\/11\/1762721481_Ryanair-tar-bort-boardingkort-i-papir-denne-onsdagen.png","keywords":["boardingkort","bort","denne","onsdagen","papir","Ryanair","tar"],"articleSection":["Livsstil"],"inLanguage":"nb-NO"},{"@type":"WebPage","@id":"https:\/\/nordnesrepublikken.no\/index.php\/2025\/11\/09\/ryanair-tar-bort-boardingkort-i-papir-denne-onsdagen\/","url":"https:\/\/nordnesrepublikken.no\/index.php\/2025\/11\/09\/ryanair-tar-bort-boardingkort-i-papir-denne-onsdagen\/","name":"Ryanair tar bort boardingkort i papir denne onsdagen - Nordnesrepublikken","isPartOf":{"@id":"https:\/\/nordnesrepublikken.no\/#website"},"primaryImageOfPage":{"@id":"https:\/\/nordnesrepublikken.no\/index.php\/2025\/11\/09\/ryanair-tar-bort-boardingkort-i-papir-denne-onsdagen\/#primaryimage"},"image":{"@id":"https:\/\/nordnesrepublikken.no\/index.php\/2025\/11\/09\/ryanair-tar-bort-boardingkort-i-papir-denne-onsdagen\/#primaryimage"},"thumbnailUrl":"https:\/\/nordnesrepublikken.no\/wp-content\/uploads\/2025\/11\/1762721481_Ryanair-tar-bort-boardingkort-i-papir-denne-onsdagen.png","datePublished":"2025-11-09T20:51:21+00:00","dateModified":"2025-11-09T20:51:33+00:00","breadcrumb":{"@id":"https:\/\/nordnesrepublikken.no\/index.php\/2025\/11\/09\/ryanair-tar-bort-boardingkort-i-papir-denne-onsdagen\/#breadcrumb"},"inLanguage":"nb-NO","potentialAction":[{"@type":"ReadAction","target":["https:\/\/nordnesrepublikken.no\/index.php\/2025\/11\/09\/ryanair-tar-bort-boardingkort-i-papir-denne-onsdagen\/"]}]},{"@type":"ImageObject","inLanguage":"nb-NO","@id":"https:\/\/nordnesrepublikken.no\/index.php\/2025\/11\/09\/ryanair-tar-bort-boardingkort-i-papir-denne-onsdagen\/#primaryimage","url":"https:\/\/nordnesrepublikken.no\/wp-content\/uploads\/2025\/11\/1762721481_Ryanair-tar-bort-boardingkort-i-papir-denne-onsdagen.png","contentUrl":"https:\/\/nordnesrepublikken.no\/wp-content\/uploads\/2025\/11\/1762721481_Ryanair-tar-bort-boardingkort-i-papir-denne-onsdagen.png","width":1200,"height":801,"caption":"Ryanair tar bort boardingkort i papir denne onsdagen"},{"@type":"BreadcrumbList","@id":"https:\/\/nordnesrepublikken.no\/index.php\/2025\/11\/09\/ryanair-tar-bort-boardingkort-i-papir-denne-onsdagen\/#breadcrumb","itemListElement":[{"@type":"ListItem","position":1,"name":"Home","item":"https:\/\/nordnesrepublikken.no\/"},{"@type":"ListItem","position":2,"name":"Ryanair tar bort boardingkort i papir denne onsdagen"}]},{"@type":"WebSite","@id":"https:\/\/nordnesrepublikken.no\/#website","url":"https:\/\/nordnesrepublikken.no\/","name":"Nordnesrepublikken","description":"Stemmer og Visjoner fra Republikkens Hjerte","publisher":{"@id":"https:\/\/nordnesrepublikken.no\/#organization"},"potentialAction":[{"@type":"SearchAction","target":{"@type":"EntryPoint","urlTemplate":"https:\/\/nordnesrepublikken.no\/?s={search_term_string}"},"query-input":{"@type":"PropertyValueSpecification","valueRequired":true,"valueName":"search_term_string"}}],"inLanguage":"nb-NO"},{"@type":"Organization","@id":"https:\/\/nordnesrepublikken.no\/#organization","name":"Nordnesrepublikken","url":"https:\/\/nordnesrepublikken.no\/","logo":{"@type":"ImageObject","inLanguage":"nb-NO","@id":"https:\/\/nordnesrepublikken.no\/#\/schema\/logo\/image\/","url":"https:\/\/nordnesrepublikken.no\/wp-content\/uploads\/2025\/02\/cropped-nordnesrepublikken-2.png","contentUrl":"https:\/\/nordnesrepublikken.no\/wp-content\/uploads\/2025\/02\/cropped-nordnesrepublikken-2.png","width":1248,"height":362,"caption":"Nordnesrepublikken"},"image":{"@id":"https:\/\/nordnesrepublikken.no\/#\/schema\/logo\/image\/"}},{"@type":"Person","@id":"https:\/\/nordnesrepublikken.no\/#\/schema\/person\/2e7e81935bab77882fffb79296240ff1","name":"Ole Andersen","image":{"@type":"ImageObject","inLanguage":"nb-NO","@id":"https:\/\/nordnesrepublikken.no\/#\/schema\/person\/image\/","url":"https:\/\/nordnesrepublikken.no\/wp-content\/uploads\/2025\/02\/nordnesrepublikken-2-2-150x150.jpg","contentUrl":"https:\/\/nordnesrepublikken.no\/wp-content\/uploads\/2025\/02\/nordnesrepublikken-2-2-150x150.jpg","caption":"Ole Andersen"},"description":"Ettersom jeg vokste opp i Oslo, har jeg alltid v\u00e6rt fascinert av ordenes kraft og deres evne til \u00e5 skape endringer. Etter \u00e5 ha fullf\u00f8rt min utdannelse i kommunikasjon ved Universitetet i Bergen, fikk jeg muligheten til \u00e5 jobbe innen ulike medier, der jeg har s\u00f8kt \u00e5 belyse viktige samfunnssp\u00f8rsm\u00e5l. I dag, som redakt\u00f8r for Nordnesrepublikken, pr\u00f8ver jeg \u00e5 forene min kj\u00e6rlighet for journalistikk med min lidenskap for innovasjon og eventyr.","sameAs":["https:\/\/nordnesrepublikken.no\/"]}]}},"_links":{"self":[{"href":"https:\/\/nordnesrepublikken.no\/index.php\/wp-json\/wp\/v2\/posts\/11520","targetHints":{"allow":["GET"]}}],"collection":[{"href":"https:\/\/nordnesrepublikken.no\/index.php\/wp-json\/wp\/v2\/posts"}],"about":[{"href":"https:\/\/nordnesrepublikken.no\/index.php\/wp-json\/wp\/v2\/types\/post"}],"author":[{"embeddable":true,"href":"https:\/\/nordnesrepublikken.no\/index.php\/wp-json\/wp\/v2\/users\/1"}],"replies":[{"embeddable":true,"href":"https:\/\/nordnesrepublikken.no\/index.php\/wp-json\/wp\/v2\/comments?post=11520"}],"version-history":[{"count":1,"href":"https:\/\/nordnesrepublikken.no\/index.php\/wp-json\/wp\/v2\/posts\/11520\/revisions"}],"predecessor-version":[{"id":11522,"href":"https:\/\/nordnesrepublikken.no\/index.php\/wp-json\/wp\/v2\/posts\/11520\/revisions\/11522"}],"wp:featuredmedia":[{"embeddable":true,"href":"https:\/\/nordnesrepublikken.no\/index.php\/wp-json\/wp\/v2\/media\/11521"}],"wp:attachment":[{"href":"https:\/\/nordnesrepublikken.no\/index.php\/wp-json\/wp\/v2\/media?parent=11520"}],"wp:term":[{"taxonomy":"category","embeddable":true,"href":"https:\/\/nordnesrepublikken.no\/index.php\/wp-json\/wp\/v2\/categories?post=11520"},{"taxonomy":"post_tag","embeddable":true,"href":"https:\/\/nordnesrepublikken.no\/index.php\/wp-json\/wp\/v2\/tags?post=11520"}],"curies":[{"name":"wp","href":"https:\/\/api.w.org\/{rel}","templated":true}]}}