{"id":11505,"date":"2025-11-09T10:51:41","date_gmt":"2025-11-09T09:51:41","guid":{"rendered":"https:\/\/nordnesrepublikken.no\/index.php\/2025\/11\/09\/hvilke-og-hvor-de-er-rundt-om-i-verden\/"},"modified":"2025-11-09T10:51:42","modified_gmt":"2025-11-09T09:51:42","slug":"hvilke-og-hvor-de-er-rundt-om-i-verden","status":"publish","type":"post","link":"https:\/\/nordnesrepublikken.no\/index.php\/2025\/11\/09\/hvilke-og-hvor-de-er-rundt-om-i-verden\/","title":{"rendered":"hvilke og hvor de er rundt om i verden"},"content":{"rendered":"<div>\n<div class=\"cp_wrapper cp_wrapper--fw mb-30 mb-20@tablet\">\n<figure class=\"mm\"><picture class=\"img\" style=\"padding-top:56.25%\"><source  media=\"(min-width: 1024px)\"><source  media=\"(min-width: 768px)\"><\/source><\/source><\/picture><\/figure>\n<\/p><\/div>\n<p>De er tilstede i verden <strong>dusinvis av barrierer<\/strong>best\u00e5ende av betongvegger eller gjerder. Vanligvis brukes de til <strong>stoppe innvandringen<\/strong> eller for \u00e5 hindre passasje av <strong>potensielt fiendtlige mennesker<\/strong> Og <strong>ulovlige varer<\/strong>som narkotika. Noen murer, inkludert den mellom USA og Mexico, er reist langs grensene mellom statene; andre er til stede p\u00e5 territoriet til land for \u00e5 skille spesifikke samfunn, som i<strong> Nord-Irland<\/strong>; Atter andre murer ble bygget i omstridte eller ulovlig okkuperte territorier, for eksempel <strong>Kashmir<\/strong> og den <strong>Vestbredden<\/strong>. En vegg eksisterte ogs\u00e5 i Italia inntil for noen \u00e5r siden: den <strong>barriere inn via Anelli<\/strong> i Padua.<\/p>\n<p> <!-- SUMMARY --><\/p>\n<div class=\"cp_wrapper mb-20 mb-40@desktop\">\n<div class=\"smy\" data-sticky-btn-text=\"\">\n<p>De mest kjente veggene i verden<\/p>\n<\/div>\n<\/div>\n<h2 id=\"la-barriera-israeliana-di-separazione-in-cisgiordania\"><strong>Den israelske separasjonsbarrieren p\u00e5 Vestbredden<\/strong><\/h2>\n<p>Den israelske separasjonsbarrieren skiller staten Israel fra Vestbredden (eller Vestbredden), ett av de palestinske omr\u00e5dene (det andre er Gazastripen), som igjen er okkupert av den israelske h\u00e6ren. Barrieren ble bygget med start i 2002, under den andre intifadaen, over en lengde p\u00e5 <strong>730 kilometer<\/strong>. Den best\u00e5r dels av en betongvegg, dels av et gjerde, og er utstyrt med sensorer og teknologiske systemer for \u00e5 hindre kryssing. Det ligger ikke langs grenser anerkjent av internasjonal lov og heller ikke lenge <strong>den gr\u00f8nne linjen<\/strong> (\u00abgrensen\u00bb mellom Israel og Jordan som f\u00f8lge av krigen i 1948), men den ble bygget p\u00e5 en rute <strong>etablert ensidig av israelske myndigheter<\/strong> \u00e5 inkludere en del av de j\u00f8diske bosetningene p\u00e5 Vestbredden.<\/p>\n<div class=\"cp_wrapper cp_wrapper--fw mb-50\">\n<figure class=\"mm\"><picture class=\"img\" style=\"padding-top:189.4%\"><source  media=\"(min-width: 1024px)\"><source  media=\"(min-width: 768px)\"><img decoding=\"async\" loading=\"lazy\" src=\"https:\/\/nordnesrepublikken.no\/wp-content\/uploads\/2025\/11\/1762681901_16_hvilke-og-hvor-de-er-rundt-om-i-verden.jpg\" alt=\"Den israelske barrieren (Wikimedia Commons)\" width=\"500\" height=\"947\"\/><\/source><\/source><\/picture><\/figure>\n<\/p><\/div>\n<p>Muren provoserte <strong>mye skade p\u00e5 palestinerne<\/strong>: for eksempel har det skilt noen samfunn fra markene de dyrker og fra arbeidsstedene deres; har fullstendig omringet en by, <strong>Qalqilya<\/strong>; Det hadde katastrofale \u00f8konomiske konsekvenser. Israel hevder barrieren er n\u00f8dvendig for \u00e5 stoppe militsens angrep; palestinerne hevder det er et overgrep og kaller det <strong>apartheidmuren<\/strong> eller <strong>mur av skam<\/strong>. FN har ogs\u00e5 fremhevet skaden for\u00e5rsaket av deres tilstedev\u00e6relse.<\/p>\n<p>Likevel er ikke barrieren p\u00e5 Vestbredden den eneste muren Israel har reist. Siden 1990-tallet har den j\u00f8diske staten omringet Gazastripen med en barriere. I 2013 reiste det ogs\u00e5 en <strong>barriere langs den 240 km lange grensen til Egypt<\/strong>med sikte p\u00e5 \u00e5 blokkere ulovlig innvandring.<\/p>\n<h2 id=\"la-barriera-al-confine-tra-stati-uniti-e-messico\"><strong>Barrieren p\u00e5 grensen mellom USA og Mexico<\/strong><\/h2>\n<p>Grensen mellom Mexico og USA er <strong>mest krysset grense i verden<\/strong>spesielt p\u00e5 punktet som skiller San Diego, California, fra Tijuana. Delvis faller grensen sammen med forl\u00f8pet til Rio Bravo. Separasjonsbarrieren, som best\u00e5r av metallplater og gjerder av ulike slag, strekker seg <strong>bare p\u00e5 en del av grensen<\/strong>.<\/p>\n<div class=\"cp_wrapper cp_wrapper--fw mb-50\">\n<figure class=\"mm\"><picture class=\"img\" style=\"padding-top:47.8125%\"><source  media=\"(min-width: 1024px)\"><source  media=\"(min-width: 768px)\"><img decoding=\"async\" loading=\"lazy\" src=\"https:\/\/nordnesrepublikken.no\/wp-content\/uploads\/2025\/11\/1762681901_910_hvilke-og-hvor-de-er-rundt-om-i-verden.jpg\" alt=\"Barriere mellom USA og Mexico (Wikimedia Commons)\" width=\"960\" height=\"459\" class=\"js-seedtag-img\"\/><\/source><\/source><\/picture><\/figure>\n<\/p><\/div>\n<p>Byggingen av bommen startet i 1993 med m\u00e5l om \u00e5 stoppe <strong>ulovlig innvandring<\/strong> av meksikanere og borgere fra andre latinamerikanske land, samt for \u00e5 forhindre <strong>narkotikasmugling<\/strong>. Byggingen fortsatte under alle p\u00e5f\u00f8lgende presidentperioder. Bare Joe Biden har erkl\u00e6rt at han \u00f8nsker \u00e5 stanse byggingen, men i l\u00f8pet av sin periode har han likevel fylt eksisterende hull enkelte steder.<\/p>\n<p>Donald Trump har tvert imot gjort veggen til et flagg i valgkampen sin siden sin f\u00f8rste periode, <strong>lover velgerne \u00e5 fullf\u00f8re den<\/strong>. I virkeligheten forlenget han fra 2017 til 2021 bare muren noen hundre kilometer, mindre enn andre presidenter har gjort. I begynnelsen av sin andre periode kunngjorde han igjen at han \u00f8nsket \u00e5 fullf\u00f8re barrieren og bevilget enorme midler til dette form\u00e5let. Det er imidlertid ikke kjent om prosjektet vil fullf\u00f8res<\/p>\n<h2 id=\"un-muro-tra-india-e-pakistan-la-linea-di-controllo-in-kashmir\"><strong>En mur mellom India og Pakistan: Kontrolllinjen i Kashmir<\/strong><\/h2>\n<p>India og Pakistan er i konflikt om sp\u00f8rsm\u00e5let om Kashmir, et Himalaya-territorium som begge land gj\u00f8r krav p\u00e5. Omr\u00e5det er i dag okkupert delvis av India og delvis av Pakistan (ikke medregnet en sektor kontrollert av Kina); de to omr\u00e5dene er atskilt med <strong>Kontrolllinje<\/strong>etablert i 1971 p\u00e5 slutten av en krig.<\/p>\n<div class=\"cp_wrapper cp_wrapper--fw mb-50\">\n<figure class=\"mm\"><picture class=\"img\" style=\"padding-top:99.140625%\"><source  media=\"(min-width: 1024px)\"><source  media=\"(min-width: 768px)\"><img decoding=\"async\" loading=\"lazy\" src=\"https:\/\/nordnesrepublikken.no\/wp-content\/uploads\/2025\/11\/1762681901_463_hvilke-og-hvor-de-er-rundt-om-i-verden.jpg\" alt=\"Divided Kashmir (Wikimedia Commons)\" width=\"1280\" height=\"1269\"\/><\/source><\/source><\/picture><\/figure>\n<\/p><\/div>\n<p>I 1990 besluttet den indiske regjeringen \u00e5 bygge en barriere, ferdigstilt i 2004, p\u00e5<strong> 550 av Linjens 740 kilometer<\/strong>. Barrieren er sammensatt av <strong>to parallelle gjerder<\/strong>mellom hvilke det er en stripe med utvunnet territorium. Pakistan anser barrieren som ulovlig og har ford\u00f8mt konstruksjonen ved flere anledninger, men indiske myndigheter har ingen intensjon om \u00e5 fjerne den.<\/p>\n<h2 id=\"le-peace-lines-in-irlanda-del-nord\"><strong>Fredslinjene i Nord-Irland<\/strong><\/h2>\n<p>Nord-Irland \u2013 som tilh\u00f8rer Storbritannia p\u00e5 politisk niv\u00e5, men geografisk en del av \u00f8ya Irland \u2013 er et land bebodd av rivaliserende politisk-religi\u00f8se grupper: <strong>nasjonalistiske katolikker<\/strong>som anser seg som irske og \u00f8nsker \u00e5 bli annektert til Irland, dvs <strong>&laquo;unionistiske&raquo; protestanter<\/strong>tilhengere av \u00e5 forbli i Storbritannia. Tidligere har de to milj\u00f8ene v\u00e6rt sammenst\u00f8t flere ganger. For \u00e5 forhindre konflikter er det bygget barrierer, kjent som fredslinjer, noen steder for \u00e5 skille katolske nabolag fra protestantiske nabolag.<\/p>\n<div class=\"cp_wrapper cp_wrapper--fw mb-50\">\n<figure class=\"mm\"><picture class=\"img\" style=\"padding-top:79.60372960373%\"><source  media=\"(min-width: 1024px)\"><source  media=\"(min-width: 768px)\"><img decoding=\"async\" loading=\"lazy\" src=\"https:\/\/nordnesrepublikken.no\/wp-content\/uploads\/2025\/11\/1762681901_979_hvilke-og-hvor-de-er-rundt-om-i-verden.jpg\" alt=\"En fredslinje i Belfast\" width=\"858\" height=\"683\" class=\"js-seedtag-img\"\/><\/source><\/source><\/picture><\/figure>\n<\/p><\/div>\n<p>De f\u00f8rste bommene ble bygget etter <strong>sammenst\u00f8t som rammet landet i 1969<\/strong>. I dag eksisterer de som en helhet <strong>59 Fredslinjer<\/strong>. Lengden deres varierer: fra noen f\u00e5 titalls meter til 5 kilometer; totalt sett, linjene <strong>de tilbakelegger 34 kilometer<\/strong>. De fleste av barrierene er plassert i Belfast, men noen har blitt reist andre steder. Takket v\u00e6re deeskaleringen av konflikten, siden 2010-tallet har nordirske myndigheter gjentatte ganger <strong>fremme ideen om \u00e5 fjerne linjene<\/strong>som imidlertid fortsatt st\u00e5r for \u00f8yeblikket.<\/p>\n<h2 id=\"il-muro-di-via-anelli-a-padova\"><strong>Veggen til via Anelli i Padua<\/strong><\/h2>\n<p>Selv i Italia eksisterte det i noen \u00e5r en mur for \u00e5 skille innbyggerne. I 2006 ble den reist i Padua <strong>en st\u00e5lbarriere, omtrent 80 meter lang<\/strong>for \u00e5 hindre passasjen mellom via Anelli og via De Besi. I via Anelli var det noen bygninger best\u00e5ende av sm\u00e5 leiligheter, bygget p\u00e5 1970-tallet for \u00e5 innkvartere studenter utenfor stedet, men som senere ble boliger for migranter. Barrieren ble reist etter vedtak fra ordf\u00f8rer Flavio Zanonato, som tilh\u00f8rer Sentrum-Venstre, fordi narkotikahandlere og prostituerte var til stede i omr\u00e5det, men det for\u00e5rsaket <strong>mange protester<\/strong>ogs\u00e5 av borgere i Padua, fordi det ble ansett som et symbol p\u00e5 rasisme og et instrument <strong>ubrukelig for \u00e5 redusere kriminalitet<\/strong>.<\/p>\n<div class=\"cp_wrapper cp_wrapper--fw mb-50\">\n<figure class=\"mm\"><picture class=\"img\" style=\"padding-top:74.84375%\"><source  media=\"(min-width: 1024px)\"><source  media=\"(min-width: 768px)\"><img decoding=\"async\" loading=\"lazy\" src=\"https:\/\/nordnesrepublikken.no\/wp-content\/uploads\/2025\/11\/1762681901_254_hvilke-og-hvor-de-er-rundt-om-i-verden.jpg\" alt=\"Paduas mur\" width=\"1920\" height=\"1437\"\/><\/source><\/source><\/picture><\/figure>\n<\/p><\/div>\n<p>De siste \u00e5rene har omr\u00e5det via Anelli blitt ombygd, sameiene har blitt revet og <strong>i 2020 ble ogs\u00e5 veggen fjernet<\/strong>.<\/p>\n<\/p><\/div>\n","protected":false},"excerpt":{"rendered":"<p>De er tilstede i verden dusinvis av barriererbest\u00e5ende av betongvegger eller gjerder. Vanligvis brukes de<\/p>\n","protected":false},"author":1,"featured_media":11506,"comment_status":"closed","ping_status":"open","sticky":false,"template":"","format":"standard","meta":{"footnotes":""},"categories":[23],"tags":[784,449,2693,598],"class_list":["post-11505","post","type-post","status-publish","format-standard","has-post-thumbnail","hentry","category-politikk","tag-hvilke","tag-hvor","tag-rundt","tag-verden","generate-columns","tablet-grid-50","mobile-grid-100","grid-parent","grid-33","resize-featured-image"],"yoast_head":"<!-- This site is optimized with the Yoast SEO plugin v24.4 - https:\/\/yoast.com\/wordpress\/plugins\/seo\/ -->\n<title>hvilke og hvor de er rundt om i verden - Nordnesrepublikken<\/title>\n<meta name=\"robots\" content=\"index, follow, max-snippet:-1, max-image-preview:large, max-video-preview:-1\" \/>\n<link rel=\"canonical\" href=\"https:\/\/nordnesrepublikken.no\/index.php\/2025\/11\/09\/hvilke-og-hvor-de-er-rundt-om-i-verden\/\" \/>\n<meta property=\"og:locale\" content=\"nb_NO\" \/>\n<meta property=\"og:type\" content=\"article\" \/>\n<meta property=\"og:title\" content=\"hvilke og hvor de er rundt om i verden - Nordnesrepublikken\" \/>\n<meta property=\"og:description\" content=\"De er tilstede i verden dusinvis av barriererbest\u00e5ende av betongvegger eller gjerder. Vanligvis brukes de\" \/>\n<meta property=\"og:url\" content=\"https:\/\/nordnesrepublikken.no\/index.php\/2025\/11\/09\/hvilke-og-hvor-de-er-rundt-om-i-verden\/\" \/>\n<meta property=\"og:site_name\" content=\"Nordnesrepublikken\" \/>\n<meta property=\"article:published_time\" content=\"2025-11-09T09:51:41+00:00\" \/>\n<meta property=\"article:modified_time\" content=\"2025-11-09T09:51:42+00:00\" \/>\n<meta property=\"og:image\" content=\"https:\/\/nordnesrepublikken.no\/wp-content\/uploads\/2025\/11\/1762681902_hvilke-og-hvor-de-er-rundt-om-i-verden.jpg\" \/>\n\t<meta property=\"og:image:width\" content=\"767\" \/>\n\t<meta property=\"og:image:height\" content=\"487\" \/>\n\t<meta property=\"og:image:type\" content=\"image\/jpeg\" \/>\n<meta name=\"author\" content=\"Ole Andersen\" \/>\n<meta name=\"twitter:card\" content=\"summary_large_image\" \/>\n<meta name=\"twitter:label1\" content=\"Skrevet av\" \/>\n\t<meta name=\"twitter:data1\" content=\"Ole Andersen\" \/>\n\t<meta name=\"twitter:label2\" content=\"Ansl. lesetid\" \/>\n\t<meta name=\"twitter:data2\" content=\"5 minutter\" \/>\n<script type=\"application\/ld+json\" class=\"yoast-schema-graph\">{\"@context\":\"https:\/\/schema.org\",\"@graph\":[{\"@type\":\"Article\",\"@id\":\"https:\/\/nordnesrepublikken.no\/index.php\/2025\/11\/09\/hvilke-og-hvor-de-er-rundt-om-i-verden\/#article\",\"isPartOf\":{\"@id\":\"https:\/\/nordnesrepublikken.no\/index.php\/2025\/11\/09\/hvilke-og-hvor-de-er-rundt-om-i-verden\/\"},\"author\":{\"name\":\"Ole Andersen\",\"@id\":\"https:\/\/nordnesrepublikken.no\/#\/schema\/person\/2e7e81935bab77882fffb79296240ff1\"},\"headline\":\"hvilke og hvor de er rundt om i verden\",\"datePublished\":\"2025-11-09T09:51:41+00:00\",\"dateModified\":\"2025-11-09T09:51:42+00:00\",\"mainEntityOfPage\":{\"@id\":\"https:\/\/nordnesrepublikken.no\/index.php\/2025\/11\/09\/hvilke-og-hvor-de-er-rundt-om-i-verden\/\"},\"wordCount\":932,\"publisher\":{\"@id\":\"https:\/\/nordnesrepublikken.no\/#organization\"},\"image\":{\"@id\":\"https:\/\/nordnesrepublikken.no\/index.php\/2025\/11\/09\/hvilke-og-hvor-de-er-rundt-om-i-verden\/#primaryimage\"},\"thumbnailUrl\":\"https:\/\/nordnesrepublikken.no\/wp-content\/uploads\/2025\/11\/1762681902_hvilke-og-hvor-de-er-rundt-om-i-verden.jpg\",\"keywords\":[\"hvilke\",\"hvor\",\"rundt\",\"verden\"],\"articleSection\":[\"Politikk\"],\"inLanguage\":\"nb-NO\"},{\"@type\":\"WebPage\",\"@id\":\"https:\/\/nordnesrepublikken.no\/index.php\/2025\/11\/09\/hvilke-og-hvor-de-er-rundt-om-i-verden\/\",\"url\":\"https:\/\/nordnesrepublikken.no\/index.php\/2025\/11\/09\/hvilke-og-hvor-de-er-rundt-om-i-verden\/\",\"name\":\"hvilke og hvor de er rundt om i verden - Nordnesrepublikken\",\"isPartOf\":{\"@id\":\"https:\/\/nordnesrepublikken.no\/#website\"},\"primaryImageOfPage\":{\"@id\":\"https:\/\/nordnesrepublikken.no\/index.php\/2025\/11\/09\/hvilke-og-hvor-de-er-rundt-om-i-verden\/#primaryimage\"},\"image\":{\"@id\":\"https:\/\/nordnesrepublikken.no\/index.php\/2025\/11\/09\/hvilke-og-hvor-de-er-rundt-om-i-verden\/#primaryimage\"},\"thumbnailUrl\":\"https:\/\/nordnesrepublikken.no\/wp-content\/uploads\/2025\/11\/1762681902_hvilke-og-hvor-de-er-rundt-om-i-verden.jpg\",\"datePublished\":\"2025-11-09T09:51:41+00:00\",\"dateModified\":\"2025-11-09T09:51:42+00:00\",\"breadcrumb\":{\"@id\":\"https:\/\/nordnesrepublikken.no\/index.php\/2025\/11\/09\/hvilke-og-hvor-de-er-rundt-om-i-verden\/#breadcrumb\"},\"inLanguage\":\"nb-NO\",\"potentialAction\":[{\"@type\":\"ReadAction\",\"target\":[\"https:\/\/nordnesrepublikken.no\/index.php\/2025\/11\/09\/hvilke-og-hvor-de-er-rundt-om-i-verden\/\"]}]},{\"@type\":\"ImageObject\",\"inLanguage\":\"nb-NO\",\"@id\":\"https:\/\/nordnesrepublikken.no\/index.php\/2025\/11\/09\/hvilke-og-hvor-de-er-rundt-om-i-verden\/#primaryimage\",\"url\":\"https:\/\/nordnesrepublikken.no\/wp-content\/uploads\/2025\/11\/1762681902_hvilke-og-hvor-de-er-rundt-om-i-verden.jpg\",\"contentUrl\":\"https:\/\/nordnesrepublikken.no\/wp-content\/uploads\/2025\/11\/1762681902_hvilke-og-hvor-de-er-rundt-om-i-verden.jpg\",\"width\":767,\"height\":487,\"caption\":\"hvilke og hvor de er rundt om i verden\"},{\"@type\":\"BreadcrumbList\",\"@id\":\"https:\/\/nordnesrepublikken.no\/index.php\/2025\/11\/09\/hvilke-og-hvor-de-er-rundt-om-i-verden\/#breadcrumb\",\"itemListElement\":[{\"@type\":\"ListItem\",\"position\":1,\"name\":\"Home\",\"item\":\"https:\/\/nordnesrepublikken.no\/\"},{\"@type\":\"ListItem\",\"position\":2,\"name\":\"hvilke og hvor de er rundt om i verden\"}]},{\"@type\":\"WebSite\",\"@id\":\"https:\/\/nordnesrepublikken.no\/#website\",\"url\":\"https:\/\/nordnesrepublikken.no\/\",\"name\":\"Nordnesrepublikken\",\"description\":\"Stemmer og Visjoner fra Republikkens Hjerte\",\"publisher\":{\"@id\":\"https:\/\/nordnesrepublikken.no\/#organization\"},\"potentialAction\":[{\"@type\":\"SearchAction\",\"target\":{\"@type\":\"EntryPoint\",\"urlTemplate\":\"https:\/\/nordnesrepublikken.no\/?s={search_term_string}\"},\"query-input\":{\"@type\":\"PropertyValueSpecification\",\"valueRequired\":true,\"valueName\":\"search_term_string\"}}],\"inLanguage\":\"nb-NO\"},{\"@type\":\"Organization\",\"@id\":\"https:\/\/nordnesrepublikken.no\/#organization\",\"name\":\"Nordnesrepublikken\",\"url\":\"https:\/\/nordnesrepublikken.no\/\",\"logo\":{\"@type\":\"ImageObject\",\"inLanguage\":\"nb-NO\",\"@id\":\"https:\/\/nordnesrepublikken.no\/#\/schema\/logo\/image\/\",\"url\":\"https:\/\/nordnesrepublikken.no\/wp-content\/uploads\/2025\/02\/cropped-nordnesrepublikken-2.png\",\"contentUrl\":\"https:\/\/nordnesrepublikken.no\/wp-content\/uploads\/2025\/02\/cropped-nordnesrepublikken-2.png\",\"width\":1248,\"height\":362,\"caption\":\"Nordnesrepublikken\"},\"image\":{\"@id\":\"https:\/\/nordnesrepublikken.no\/#\/schema\/logo\/image\/\"}},{\"@type\":\"Person\",\"@id\":\"https:\/\/nordnesrepublikken.no\/#\/schema\/person\/2e7e81935bab77882fffb79296240ff1\",\"name\":\"Ole Andersen\",\"image\":{\"@type\":\"ImageObject\",\"inLanguage\":\"nb-NO\",\"@id\":\"https:\/\/nordnesrepublikken.no\/#\/schema\/person\/image\/\",\"url\":\"https:\/\/nordnesrepublikken.no\/wp-content\/uploads\/2025\/02\/nordnesrepublikken-2-2-150x150.jpg\",\"contentUrl\":\"https:\/\/nordnesrepublikken.no\/wp-content\/uploads\/2025\/02\/nordnesrepublikken-2-2-150x150.jpg\",\"caption\":\"Ole Andersen\"},\"description\":\"Ettersom jeg vokste opp i Oslo, har jeg alltid v\u00e6rt fascinert av ordenes kraft og deres evne til \u00e5 skape endringer. Etter \u00e5 ha fullf\u00f8rt min utdannelse i kommunikasjon ved Universitetet i Bergen, fikk jeg muligheten til \u00e5 jobbe innen ulike medier, der jeg har s\u00f8kt \u00e5 belyse viktige samfunnssp\u00f8rsm\u00e5l. I dag, som redakt\u00f8r for Nordnesrepublikken, pr\u00f8ver jeg \u00e5 forene min kj\u00e6rlighet for journalistikk med min lidenskap for innovasjon og eventyr.\",\"sameAs\":[\"https:\/\/nordnesrepublikken.no\/\"]}]}<\/script>\n<!-- \/ Yoast SEO plugin. -->","yoast_head_json":{"title":"hvilke og hvor de er rundt om i verden - Nordnesrepublikken","robots":{"index":"index","follow":"follow","max-snippet":"max-snippet:-1","max-image-preview":"max-image-preview:large","max-video-preview":"max-video-preview:-1"},"canonical":"https:\/\/nordnesrepublikken.no\/index.php\/2025\/11\/09\/hvilke-og-hvor-de-er-rundt-om-i-verden\/","og_locale":"nb_NO","og_type":"article","og_title":"hvilke og hvor de er rundt om i verden - Nordnesrepublikken","og_description":"De er tilstede i verden dusinvis av barriererbest\u00e5ende av betongvegger eller gjerder. Vanligvis brukes de","og_url":"https:\/\/nordnesrepublikken.no\/index.php\/2025\/11\/09\/hvilke-og-hvor-de-er-rundt-om-i-verden\/","og_site_name":"Nordnesrepublikken","article_published_time":"2025-11-09T09:51:41+00:00","article_modified_time":"2025-11-09T09:51:42+00:00","og_image":[{"width":767,"height":487,"url":"https:\/\/nordnesrepublikken.no\/wp-content\/uploads\/2025\/11\/1762681902_hvilke-og-hvor-de-er-rundt-om-i-verden.jpg","type":"image\/jpeg"}],"author":"Ole Andersen","twitter_card":"summary_large_image","twitter_misc":{"Skrevet av":"Ole Andersen","Ansl. lesetid":"5 minutter"},"schema":{"@context":"https:\/\/schema.org","@graph":[{"@type":"Article","@id":"https:\/\/nordnesrepublikken.no\/index.php\/2025\/11\/09\/hvilke-og-hvor-de-er-rundt-om-i-verden\/#article","isPartOf":{"@id":"https:\/\/nordnesrepublikken.no\/index.php\/2025\/11\/09\/hvilke-og-hvor-de-er-rundt-om-i-verden\/"},"author":{"name":"Ole Andersen","@id":"https:\/\/nordnesrepublikken.no\/#\/schema\/person\/2e7e81935bab77882fffb79296240ff1"},"headline":"hvilke og hvor de er rundt om i verden","datePublished":"2025-11-09T09:51:41+00:00","dateModified":"2025-11-09T09:51:42+00:00","mainEntityOfPage":{"@id":"https:\/\/nordnesrepublikken.no\/index.php\/2025\/11\/09\/hvilke-og-hvor-de-er-rundt-om-i-verden\/"},"wordCount":932,"publisher":{"@id":"https:\/\/nordnesrepublikken.no\/#organization"},"image":{"@id":"https:\/\/nordnesrepublikken.no\/index.php\/2025\/11\/09\/hvilke-og-hvor-de-er-rundt-om-i-verden\/#primaryimage"},"thumbnailUrl":"https:\/\/nordnesrepublikken.no\/wp-content\/uploads\/2025\/11\/1762681902_hvilke-og-hvor-de-er-rundt-om-i-verden.jpg","keywords":["hvilke","hvor","rundt","verden"],"articleSection":["Politikk"],"inLanguage":"nb-NO"},{"@type":"WebPage","@id":"https:\/\/nordnesrepublikken.no\/index.php\/2025\/11\/09\/hvilke-og-hvor-de-er-rundt-om-i-verden\/","url":"https:\/\/nordnesrepublikken.no\/index.php\/2025\/11\/09\/hvilke-og-hvor-de-er-rundt-om-i-verden\/","name":"hvilke og hvor de er rundt om i verden - Nordnesrepublikken","isPartOf":{"@id":"https:\/\/nordnesrepublikken.no\/#website"},"primaryImageOfPage":{"@id":"https:\/\/nordnesrepublikken.no\/index.php\/2025\/11\/09\/hvilke-og-hvor-de-er-rundt-om-i-verden\/#primaryimage"},"image":{"@id":"https:\/\/nordnesrepublikken.no\/index.php\/2025\/11\/09\/hvilke-og-hvor-de-er-rundt-om-i-verden\/#primaryimage"},"thumbnailUrl":"https:\/\/nordnesrepublikken.no\/wp-content\/uploads\/2025\/11\/1762681902_hvilke-og-hvor-de-er-rundt-om-i-verden.jpg","datePublished":"2025-11-09T09:51:41+00:00","dateModified":"2025-11-09T09:51:42+00:00","breadcrumb":{"@id":"https:\/\/nordnesrepublikken.no\/index.php\/2025\/11\/09\/hvilke-og-hvor-de-er-rundt-om-i-verden\/#breadcrumb"},"inLanguage":"nb-NO","potentialAction":[{"@type":"ReadAction","target":["https:\/\/nordnesrepublikken.no\/index.php\/2025\/11\/09\/hvilke-og-hvor-de-er-rundt-om-i-verden\/"]}]},{"@type":"ImageObject","inLanguage":"nb-NO","@id":"https:\/\/nordnesrepublikken.no\/index.php\/2025\/11\/09\/hvilke-og-hvor-de-er-rundt-om-i-verden\/#primaryimage","url":"https:\/\/nordnesrepublikken.no\/wp-content\/uploads\/2025\/11\/1762681902_hvilke-og-hvor-de-er-rundt-om-i-verden.jpg","contentUrl":"https:\/\/nordnesrepublikken.no\/wp-content\/uploads\/2025\/11\/1762681902_hvilke-og-hvor-de-er-rundt-om-i-verden.jpg","width":767,"height":487,"caption":"hvilke og hvor de er rundt om i verden"},{"@type":"BreadcrumbList","@id":"https:\/\/nordnesrepublikken.no\/index.php\/2025\/11\/09\/hvilke-og-hvor-de-er-rundt-om-i-verden\/#breadcrumb","itemListElement":[{"@type":"ListItem","position":1,"name":"Home","item":"https:\/\/nordnesrepublikken.no\/"},{"@type":"ListItem","position":2,"name":"hvilke og hvor de er rundt om i verden"}]},{"@type":"WebSite","@id":"https:\/\/nordnesrepublikken.no\/#website","url":"https:\/\/nordnesrepublikken.no\/","name":"Nordnesrepublikken","description":"Stemmer og Visjoner fra Republikkens Hjerte","publisher":{"@id":"https:\/\/nordnesrepublikken.no\/#organization"},"potentialAction":[{"@type":"SearchAction","target":{"@type":"EntryPoint","urlTemplate":"https:\/\/nordnesrepublikken.no\/?s={search_term_string}"},"query-input":{"@type":"PropertyValueSpecification","valueRequired":true,"valueName":"search_term_string"}}],"inLanguage":"nb-NO"},{"@type":"Organization","@id":"https:\/\/nordnesrepublikken.no\/#organization","name":"Nordnesrepublikken","url":"https:\/\/nordnesrepublikken.no\/","logo":{"@type":"ImageObject","inLanguage":"nb-NO","@id":"https:\/\/nordnesrepublikken.no\/#\/schema\/logo\/image\/","url":"https:\/\/nordnesrepublikken.no\/wp-content\/uploads\/2025\/02\/cropped-nordnesrepublikken-2.png","contentUrl":"https:\/\/nordnesrepublikken.no\/wp-content\/uploads\/2025\/02\/cropped-nordnesrepublikken-2.png","width":1248,"height":362,"caption":"Nordnesrepublikken"},"image":{"@id":"https:\/\/nordnesrepublikken.no\/#\/schema\/logo\/image\/"}},{"@type":"Person","@id":"https:\/\/nordnesrepublikken.no\/#\/schema\/person\/2e7e81935bab77882fffb79296240ff1","name":"Ole Andersen","image":{"@type":"ImageObject","inLanguage":"nb-NO","@id":"https:\/\/nordnesrepublikken.no\/#\/schema\/person\/image\/","url":"https:\/\/nordnesrepublikken.no\/wp-content\/uploads\/2025\/02\/nordnesrepublikken-2-2-150x150.jpg","contentUrl":"https:\/\/nordnesrepublikken.no\/wp-content\/uploads\/2025\/02\/nordnesrepublikken-2-2-150x150.jpg","caption":"Ole Andersen"},"description":"Ettersom jeg vokste opp i Oslo, har jeg alltid v\u00e6rt fascinert av ordenes kraft og deres evne til \u00e5 skape endringer. Etter \u00e5 ha fullf\u00f8rt min utdannelse i kommunikasjon ved Universitetet i Bergen, fikk jeg muligheten til \u00e5 jobbe innen ulike medier, der jeg har s\u00f8kt \u00e5 belyse viktige samfunnssp\u00f8rsm\u00e5l. I dag, som redakt\u00f8r for Nordnesrepublikken, pr\u00f8ver jeg \u00e5 forene min kj\u00e6rlighet for journalistikk med min lidenskap for innovasjon og eventyr.","sameAs":["https:\/\/nordnesrepublikken.no\/"]}]}},"_links":{"self":[{"href":"https:\/\/nordnesrepublikken.no\/index.php\/wp-json\/wp\/v2\/posts\/11505","targetHints":{"allow":["GET"]}}],"collection":[{"href":"https:\/\/nordnesrepublikken.no\/index.php\/wp-json\/wp\/v2\/posts"}],"about":[{"href":"https:\/\/nordnesrepublikken.no\/index.php\/wp-json\/wp\/v2\/types\/post"}],"author":[{"embeddable":true,"href":"https:\/\/nordnesrepublikken.no\/index.php\/wp-json\/wp\/v2\/users\/1"}],"replies":[{"embeddable":true,"href":"https:\/\/nordnesrepublikken.no\/index.php\/wp-json\/wp\/v2\/comments?post=11505"}],"version-history":[{"count":1,"href":"https:\/\/nordnesrepublikken.no\/index.php\/wp-json\/wp\/v2\/posts\/11505\/revisions"}],"predecessor-version":[{"id":11507,"href":"https:\/\/nordnesrepublikken.no\/index.php\/wp-json\/wp\/v2\/posts\/11505\/revisions\/11507"}],"wp:featuredmedia":[{"embeddable":true,"href":"https:\/\/nordnesrepublikken.no\/index.php\/wp-json\/wp\/v2\/media\/11506"}],"wp:attachment":[{"href":"https:\/\/nordnesrepublikken.no\/index.php\/wp-json\/wp\/v2\/media?parent=11505"}],"wp:term":[{"taxonomy":"category","embeddable":true,"href":"https:\/\/nordnesrepublikken.no\/index.php\/wp-json\/wp\/v2\/categories?post=11505"},{"taxonomy":"post_tag","embeddable":true,"href":"https:\/\/nordnesrepublikken.no\/index.php\/wp-json\/wp\/v2\/tags?post=11505"}],"curies":[{"name":"wp","href":"https:\/\/api.w.org\/{rel}","templated":true}]}}