{"id":11499,"date":"2025-11-09T07:51:04","date_gmt":"2025-11-09T06:51:04","guid":{"rendered":"https:\/\/nordnesrepublikken.no\/index.php\/2025\/11\/09\/albarracin-skaper-overskrifter-igjen-nar-spanias-ma-besok-hostflukt\/"},"modified":"2025-11-09T07:51:06","modified_gmt":"2025-11-09T06:51:06","slug":"albarracin-skaper-overskrifter-igjen-nar-spanias-ma-besok-hostflukt","status":"publish","type":"post","link":"https:\/\/nordnesrepublikken.no\/index.php\/2025\/11\/09\/albarracin-skaper-overskrifter-igjen-nar-spanias-ma-besok-hostflukt\/","title":{"rendered":"Albarrac\u00edn skaper overskrifter igjen n\u00e5r Spanias m\u00e5-bes\u00f8k h\u00f8stflukt"},"content":{"rendered":"<p><\/p>\n<div class=\"wordpress-content\">\n                    <!-- Article Start --><\/p>\n<p><strong>Albarrac\u00edn er tilbake i s\u00f8kelyset. Denne perlen p\u00e5 en bakketopp i Teruel, Aragon, ble en gang k\u00e5ret blant Europas vakreste landsbyer, og har n\u00e5 blitt pekt ut igjen, denne gangen av <i>National Geographic<\/i>som et av Spanias beste steder \u00e5 bes\u00f8ke om h\u00f8sten.<\/strong><\/p>\n<p>Reisep\u00e5virkere har ogs\u00e5 f\u00e5tt med seg, og oversv\u00f8mmet sosiale str\u00f8mmer med sine r\u00f8de steintak, svingete smug og det gylne bakteppet til Sierra de Albarrac\u00edn. Det er en type spansk by som ser l\u00f8ftet rett fra et filmsett.<\/p>\n<h3><b>\u00c5rhundrer med historie i en \u00e5sside<\/b><\/h3>\n<p>Albarrac\u00edn ligger mer enn tusen meter over havet i \u00e5sene i Teruel, og historien g\u00e5r tilbake lenge f\u00f8r byen vi ser i dag. Omr\u00e5det rundt er hjemsted for noen av Spanias mest kjente forhistoriske bergmalerier, en del av et UNESCO-listet sted som inkluderer tusenvis av gamle tegninger spredt over Sierra de Albarrac\u00edn.<\/p>\n<div class=\"sra_unit\"><link rel=\"stylesheet\" id=\"block-sra\" href=\"https:\/\/euroweeklynews.com\/wp-content\/plugins\/snack-related-articles\/dist\/css\/snack-related.min.css?250312-193541\" type=\"text\/css\" media=\"all\">\n<\/div>\n<p>Selve byen vokste senere, og tok navnet sitt fra Banu Razin, en berberfamilie som hersket her p\u00e5 1000-tallet. Rester av den romerske akvedukten g\u00e5r fortsatt gjennom de n\u00e6rliggende klippene, og viser hvor lenge folk har bodd i denne delen av Aragon.<\/p>\n<p>Albarrac\u00edns slottsmurer og gamle bydel ble bygget i middelalderen og er fortsatt nesten helt intakte. Blandingen av steinhus, smale gater og de omkringliggende klippene gj\u00f8r det til en av Spanias mest sl\u00e5ende historiske byer, n\u00e5 beskyttet som et nasjonalmonument.<\/p>\n<h3><b>Hvorfor h\u00f8sten passer best<\/b><\/h3>\n<p>Sommeren bringer mange bes\u00f8kende, men h\u00f8sten er n\u00e5r Albarrac\u00edn er p\u00e5 sitt vakreste. De varme, r\u00f8de tonene i bygningene samsvarer med bladene som skifter, og det mykere lyset gir hele dalen en rolig gl\u00f8d. Lokalbefolkningen sier at det er den beste tiden \u00e5 utforske, kj\u00f8ligere dager, roligere gater og utsikt som ser ut til \u00e5 endre seg for hver sving.<\/p>\n<p>Det er lett \u00e5 se hvorfor s\u00e5 mange bes\u00f8kende forelsker seg i stedet. Du kan ta en rolig spasertur gjennom de gamle gatene, stoppe for en kaffe eller lunsj p\u00e5 torget, og rett og slett nyte tempoet i en by som ikke har mistet sin sjarm.<\/p>\n<h3><b>Tilbake p\u00e5 kartet<\/b><\/h3>\n<p>Albarrac\u00edns \u00f8kende oppmerksomhet p\u00e5 nett og i reisefunksjoner vil ikke komme som en overraskelse for noen som har v\u00e6rt der. Historien, omgivelsene og den fredelige atmosf\u00e6ren har alltid gjort at den skiller seg ut. Med nye omtaler i media og flere bes\u00f8kende som oppdager den, er denne lille aragoniske byen godt tilbake p\u00e5 kartet, og h\u00f8sten er en fin tid for \u00e5 finne ut hva som gj\u00f8r den spesiell.<\/p>\n<p>                    <!-- Originally published at https:\/\/euroweeklynews.com\/2025\/11\/07\/albarracin-makes-headlines-again-as-spains-must-visit-autumn-escape\/ on 07 Nov 2025 at 11:10 by Donna Neely --><br \/>\n                    <!-- Article End -->\n                <\/div>\n","protected":false},"excerpt":{"rendered":"<p>Albarrac\u00edn er tilbake i s\u00f8kelyset. Denne perlen p\u00e5 en bakketopp i Teruel, Aragon, ble en<\/p>\n","protected":false},"author":1,"featured_media":11500,"comment_status":"closed","ping_status":"open","sticky":false,"template":"","format":"standard","meta":{"footnotes":""},"categories":[105],"tags":[7572,7574,1215,7573,16,5037,1251,1892],"class_list":["post-11499","post","type-post","status-publish","format-standard","has-post-thumbnail","hentry","category-livsstil","tag-albarracin","tag-hostflukt","tag-igjen","tag-mabesok","tag-nar","tag-overskrifter","tag-skaper","tag-spanias","generate-columns","tablet-grid-50","mobile-grid-100","grid-parent","grid-33","resize-featured-image"],"yoast_head":"<!-- This site is optimized with the Yoast SEO plugin v24.4 - https:\/\/yoast.com\/wordpress\/plugins\/seo\/ -->\n<title>Albarrac\u00edn skaper overskrifter igjen n\u00e5r Spanias m\u00e5-bes\u00f8k h\u00f8stflukt - Nordnesrepublikken<\/title>\n<meta name=\"robots\" content=\"index, follow, max-snippet:-1, max-image-preview:large, max-video-preview:-1\" \/>\n<link rel=\"canonical\" href=\"https:\/\/nordnesrepublikken.no\/index.php\/2025\/11\/09\/albarracin-skaper-overskrifter-igjen-nar-spanias-ma-besok-hostflukt\/\" \/>\n<meta property=\"og:locale\" content=\"nb_NO\" \/>\n<meta property=\"og:type\" content=\"article\" \/>\n<meta property=\"og:title\" content=\"Albarrac\u00edn skaper overskrifter igjen n\u00e5r Spanias m\u00e5-bes\u00f8k h\u00f8stflukt - Nordnesrepublikken\" \/>\n<meta property=\"og:description\" content=\"Albarrac\u00edn er tilbake i s\u00f8kelyset. Denne perlen p\u00e5 en bakketopp i Teruel, Aragon, ble en\" \/>\n<meta property=\"og:url\" content=\"https:\/\/nordnesrepublikken.no\/index.php\/2025\/11\/09\/albarracin-skaper-overskrifter-igjen-nar-spanias-ma-besok-hostflukt\/\" \/>\n<meta property=\"og:site_name\" content=\"Nordnesrepublikken\" \/>\n<meta property=\"article:published_time\" content=\"2025-11-09T06:51:04+00:00\" \/>\n<meta property=\"article:modified_time\" content=\"2025-11-09T06:51:06+00:00\" \/>\n<meta property=\"og:image\" content=\"https:\/\/nordnesrepublikken.no\/wp-content\/uploads\/2025\/11\/1762671065_Albarracin-skaper-overskrifter-igjen-nar-Spanias-ma-besok-hostflukt.jpg\" \/>\n\t<meta property=\"og:image:width\" content=\"1200\" \/>\n\t<meta property=\"og:image:height\" content=\"758\" \/>\n\t<meta property=\"og:image:type\" content=\"image\/jpeg\" \/>\n<meta name=\"author\" content=\"Ole Andersen\" \/>\n<meta name=\"twitter:card\" content=\"summary_large_image\" \/>\n<meta name=\"twitter:label1\" content=\"Skrevet av\" \/>\n\t<meta name=\"twitter:data1\" content=\"Ole Andersen\" \/>\n\t<meta name=\"twitter:label2\" content=\"Ansl. lesetid\" \/>\n\t<meta name=\"twitter:data2\" content=\"2 minutter\" \/>\n<script type=\"application\/ld+json\" class=\"yoast-schema-graph\">{\"@context\":\"https:\/\/schema.org\",\"@graph\":[{\"@type\":\"Article\",\"@id\":\"https:\/\/nordnesrepublikken.no\/index.php\/2025\/11\/09\/albarracin-skaper-overskrifter-igjen-nar-spanias-ma-besok-hostflukt\/#article\",\"isPartOf\":{\"@id\":\"https:\/\/nordnesrepublikken.no\/index.php\/2025\/11\/09\/albarracin-skaper-overskrifter-igjen-nar-spanias-ma-besok-hostflukt\/\"},\"author\":{\"name\":\"Ole Andersen\",\"@id\":\"https:\/\/nordnesrepublikken.no\/#\/schema\/person\/2e7e81935bab77882fffb79296240ff1\"},\"headline\":\"Albarrac\u00edn skaper overskrifter igjen n\u00e5r Spanias m\u00e5-bes\u00f8k h\u00f8stflukt\",\"datePublished\":\"2025-11-09T06:51:04+00:00\",\"dateModified\":\"2025-11-09T06:51:06+00:00\",\"mainEntityOfPage\":{\"@id\":\"https:\/\/nordnesrepublikken.no\/index.php\/2025\/11\/09\/albarracin-skaper-overskrifter-igjen-nar-spanias-ma-besok-hostflukt\/\"},\"wordCount\":444,\"publisher\":{\"@id\":\"https:\/\/nordnesrepublikken.no\/#organization\"},\"image\":{\"@id\":\"https:\/\/nordnesrepublikken.no\/index.php\/2025\/11\/09\/albarracin-skaper-overskrifter-igjen-nar-spanias-ma-besok-hostflukt\/#primaryimage\"},\"thumbnailUrl\":\"https:\/\/nordnesrepublikken.no\/wp-content\/uploads\/2025\/11\/1762671065_Albarracin-skaper-overskrifter-igjen-nar-Spanias-ma-besok-hostflukt.jpg\",\"keywords\":[\"Albarrac\u00edn\",\"h\u00f8stflukt\",\"igjen\",\"m\u00e5bes\u00f8k\",\"n\u00e5r\",\"overskrifter\",\"skaper\",\"Spanias\"],\"articleSection\":[\"Livsstil\"],\"inLanguage\":\"nb-NO\"},{\"@type\":\"WebPage\",\"@id\":\"https:\/\/nordnesrepublikken.no\/index.php\/2025\/11\/09\/albarracin-skaper-overskrifter-igjen-nar-spanias-ma-besok-hostflukt\/\",\"url\":\"https:\/\/nordnesrepublikken.no\/index.php\/2025\/11\/09\/albarracin-skaper-overskrifter-igjen-nar-spanias-ma-besok-hostflukt\/\",\"name\":\"Albarrac\u00edn skaper overskrifter igjen n\u00e5r Spanias m\u00e5-bes\u00f8k h\u00f8stflukt - Nordnesrepublikken\",\"isPartOf\":{\"@id\":\"https:\/\/nordnesrepublikken.no\/#website\"},\"primaryImageOfPage\":{\"@id\":\"https:\/\/nordnesrepublikken.no\/index.php\/2025\/11\/09\/albarracin-skaper-overskrifter-igjen-nar-spanias-ma-besok-hostflukt\/#primaryimage\"},\"image\":{\"@id\":\"https:\/\/nordnesrepublikken.no\/index.php\/2025\/11\/09\/albarracin-skaper-overskrifter-igjen-nar-spanias-ma-besok-hostflukt\/#primaryimage\"},\"thumbnailUrl\":\"https:\/\/nordnesrepublikken.no\/wp-content\/uploads\/2025\/11\/1762671065_Albarracin-skaper-overskrifter-igjen-nar-Spanias-ma-besok-hostflukt.jpg\",\"datePublished\":\"2025-11-09T06:51:04+00:00\",\"dateModified\":\"2025-11-09T06:51:06+00:00\",\"breadcrumb\":{\"@id\":\"https:\/\/nordnesrepublikken.no\/index.php\/2025\/11\/09\/albarracin-skaper-overskrifter-igjen-nar-spanias-ma-besok-hostflukt\/#breadcrumb\"},\"inLanguage\":\"nb-NO\",\"potentialAction\":[{\"@type\":\"ReadAction\",\"target\":[\"https:\/\/nordnesrepublikken.no\/index.php\/2025\/11\/09\/albarracin-skaper-overskrifter-igjen-nar-spanias-ma-besok-hostflukt\/\"]}]},{\"@type\":\"ImageObject\",\"inLanguage\":\"nb-NO\",\"@id\":\"https:\/\/nordnesrepublikken.no\/index.php\/2025\/11\/09\/albarracin-skaper-overskrifter-igjen-nar-spanias-ma-besok-hostflukt\/#primaryimage\",\"url\":\"https:\/\/nordnesrepublikken.no\/wp-content\/uploads\/2025\/11\/1762671065_Albarracin-skaper-overskrifter-igjen-nar-Spanias-ma-besok-hostflukt.jpg\",\"contentUrl\":\"https:\/\/nordnesrepublikken.no\/wp-content\/uploads\/2025\/11\/1762671065_Albarracin-skaper-overskrifter-igjen-nar-Spanias-ma-besok-hostflukt.jpg\",\"width\":1200,\"height\":758,\"caption\":\"Albarrac\u00edn skaper overskrifter igjen n\u00e5r Spanias m\u00e5-bes\u00f8k h\u00f8stflukt\"},{\"@type\":\"BreadcrumbList\",\"@id\":\"https:\/\/nordnesrepublikken.no\/index.php\/2025\/11\/09\/albarracin-skaper-overskrifter-igjen-nar-spanias-ma-besok-hostflukt\/#breadcrumb\",\"itemListElement\":[{\"@type\":\"ListItem\",\"position\":1,\"name\":\"Home\",\"item\":\"https:\/\/nordnesrepublikken.no\/\"},{\"@type\":\"ListItem\",\"position\":2,\"name\":\"Albarrac\u00edn skaper overskrifter igjen n\u00e5r Spanias m\u00e5-bes\u00f8k h\u00f8stflukt\"}]},{\"@type\":\"WebSite\",\"@id\":\"https:\/\/nordnesrepublikken.no\/#website\",\"url\":\"https:\/\/nordnesrepublikken.no\/\",\"name\":\"Nordnesrepublikken\",\"description\":\"Stemmer og Visjoner fra Republikkens Hjerte\",\"publisher\":{\"@id\":\"https:\/\/nordnesrepublikken.no\/#organization\"},\"potentialAction\":[{\"@type\":\"SearchAction\",\"target\":{\"@type\":\"EntryPoint\",\"urlTemplate\":\"https:\/\/nordnesrepublikken.no\/?s={search_term_string}\"},\"query-input\":{\"@type\":\"PropertyValueSpecification\",\"valueRequired\":true,\"valueName\":\"search_term_string\"}}],\"inLanguage\":\"nb-NO\"},{\"@type\":\"Organization\",\"@id\":\"https:\/\/nordnesrepublikken.no\/#organization\",\"name\":\"Nordnesrepublikken\",\"url\":\"https:\/\/nordnesrepublikken.no\/\",\"logo\":{\"@type\":\"ImageObject\",\"inLanguage\":\"nb-NO\",\"@id\":\"https:\/\/nordnesrepublikken.no\/#\/schema\/logo\/image\/\",\"url\":\"https:\/\/nordnesrepublikken.no\/wp-content\/uploads\/2025\/02\/cropped-nordnesrepublikken-2.png\",\"contentUrl\":\"https:\/\/nordnesrepublikken.no\/wp-content\/uploads\/2025\/02\/cropped-nordnesrepublikken-2.png\",\"width\":1248,\"height\":362,\"caption\":\"Nordnesrepublikken\"},\"image\":{\"@id\":\"https:\/\/nordnesrepublikken.no\/#\/schema\/logo\/image\/\"}},{\"@type\":\"Person\",\"@id\":\"https:\/\/nordnesrepublikken.no\/#\/schema\/person\/2e7e81935bab77882fffb79296240ff1\",\"name\":\"Ole Andersen\",\"image\":{\"@type\":\"ImageObject\",\"inLanguage\":\"nb-NO\",\"@id\":\"https:\/\/nordnesrepublikken.no\/#\/schema\/person\/image\/\",\"url\":\"https:\/\/nordnesrepublikken.no\/wp-content\/uploads\/2025\/02\/nordnesrepublikken-2-2-150x150.jpg\",\"contentUrl\":\"https:\/\/nordnesrepublikken.no\/wp-content\/uploads\/2025\/02\/nordnesrepublikken-2-2-150x150.jpg\",\"caption\":\"Ole Andersen\"},\"description\":\"Ettersom jeg vokste opp i Oslo, har jeg alltid v\u00e6rt fascinert av ordenes kraft og deres evne til \u00e5 skape endringer. Etter \u00e5 ha fullf\u00f8rt min utdannelse i kommunikasjon ved Universitetet i Bergen, fikk jeg muligheten til \u00e5 jobbe innen ulike medier, der jeg har s\u00f8kt \u00e5 belyse viktige samfunnssp\u00f8rsm\u00e5l. I dag, som redakt\u00f8r for Nordnesrepublikken, pr\u00f8ver jeg \u00e5 forene min kj\u00e6rlighet for journalistikk med min lidenskap for innovasjon og eventyr.\",\"sameAs\":[\"https:\/\/nordnesrepublikken.no\/\"]}]}<\/script>\n<!-- \/ Yoast SEO plugin. -->","yoast_head_json":{"title":"Albarrac\u00edn skaper overskrifter igjen n\u00e5r Spanias m\u00e5-bes\u00f8k h\u00f8stflukt - Nordnesrepublikken","robots":{"index":"index","follow":"follow","max-snippet":"max-snippet:-1","max-image-preview":"max-image-preview:large","max-video-preview":"max-video-preview:-1"},"canonical":"https:\/\/nordnesrepublikken.no\/index.php\/2025\/11\/09\/albarracin-skaper-overskrifter-igjen-nar-spanias-ma-besok-hostflukt\/","og_locale":"nb_NO","og_type":"article","og_title":"Albarrac\u00edn skaper overskrifter igjen n\u00e5r Spanias m\u00e5-bes\u00f8k h\u00f8stflukt - Nordnesrepublikken","og_description":"Albarrac\u00edn er tilbake i s\u00f8kelyset. Denne perlen p\u00e5 en bakketopp i Teruel, Aragon, ble en","og_url":"https:\/\/nordnesrepublikken.no\/index.php\/2025\/11\/09\/albarracin-skaper-overskrifter-igjen-nar-spanias-ma-besok-hostflukt\/","og_site_name":"Nordnesrepublikken","article_published_time":"2025-11-09T06:51:04+00:00","article_modified_time":"2025-11-09T06:51:06+00:00","og_image":[{"width":1200,"height":758,"url":"https:\/\/nordnesrepublikken.no\/wp-content\/uploads\/2025\/11\/1762671065_Albarracin-skaper-overskrifter-igjen-nar-Spanias-ma-besok-hostflukt.jpg","type":"image\/jpeg"}],"author":"Ole Andersen","twitter_card":"summary_large_image","twitter_misc":{"Skrevet av":"Ole Andersen","Ansl. lesetid":"2 minutter"},"schema":{"@context":"https:\/\/schema.org","@graph":[{"@type":"Article","@id":"https:\/\/nordnesrepublikken.no\/index.php\/2025\/11\/09\/albarracin-skaper-overskrifter-igjen-nar-spanias-ma-besok-hostflukt\/#article","isPartOf":{"@id":"https:\/\/nordnesrepublikken.no\/index.php\/2025\/11\/09\/albarracin-skaper-overskrifter-igjen-nar-spanias-ma-besok-hostflukt\/"},"author":{"name":"Ole Andersen","@id":"https:\/\/nordnesrepublikken.no\/#\/schema\/person\/2e7e81935bab77882fffb79296240ff1"},"headline":"Albarrac\u00edn skaper overskrifter igjen n\u00e5r Spanias m\u00e5-bes\u00f8k h\u00f8stflukt","datePublished":"2025-11-09T06:51:04+00:00","dateModified":"2025-11-09T06:51:06+00:00","mainEntityOfPage":{"@id":"https:\/\/nordnesrepublikken.no\/index.php\/2025\/11\/09\/albarracin-skaper-overskrifter-igjen-nar-spanias-ma-besok-hostflukt\/"},"wordCount":444,"publisher":{"@id":"https:\/\/nordnesrepublikken.no\/#organization"},"image":{"@id":"https:\/\/nordnesrepublikken.no\/index.php\/2025\/11\/09\/albarracin-skaper-overskrifter-igjen-nar-spanias-ma-besok-hostflukt\/#primaryimage"},"thumbnailUrl":"https:\/\/nordnesrepublikken.no\/wp-content\/uploads\/2025\/11\/1762671065_Albarracin-skaper-overskrifter-igjen-nar-Spanias-ma-besok-hostflukt.jpg","keywords":["Albarrac\u00edn","h\u00f8stflukt","igjen","m\u00e5bes\u00f8k","n\u00e5r","overskrifter","skaper","Spanias"],"articleSection":["Livsstil"],"inLanguage":"nb-NO"},{"@type":"WebPage","@id":"https:\/\/nordnesrepublikken.no\/index.php\/2025\/11\/09\/albarracin-skaper-overskrifter-igjen-nar-spanias-ma-besok-hostflukt\/","url":"https:\/\/nordnesrepublikken.no\/index.php\/2025\/11\/09\/albarracin-skaper-overskrifter-igjen-nar-spanias-ma-besok-hostflukt\/","name":"Albarrac\u00edn skaper overskrifter igjen n\u00e5r Spanias m\u00e5-bes\u00f8k h\u00f8stflukt - Nordnesrepublikken","isPartOf":{"@id":"https:\/\/nordnesrepublikken.no\/#website"},"primaryImageOfPage":{"@id":"https:\/\/nordnesrepublikken.no\/index.php\/2025\/11\/09\/albarracin-skaper-overskrifter-igjen-nar-spanias-ma-besok-hostflukt\/#primaryimage"},"image":{"@id":"https:\/\/nordnesrepublikken.no\/index.php\/2025\/11\/09\/albarracin-skaper-overskrifter-igjen-nar-spanias-ma-besok-hostflukt\/#primaryimage"},"thumbnailUrl":"https:\/\/nordnesrepublikken.no\/wp-content\/uploads\/2025\/11\/1762671065_Albarracin-skaper-overskrifter-igjen-nar-Spanias-ma-besok-hostflukt.jpg","datePublished":"2025-11-09T06:51:04+00:00","dateModified":"2025-11-09T06:51:06+00:00","breadcrumb":{"@id":"https:\/\/nordnesrepublikken.no\/index.php\/2025\/11\/09\/albarracin-skaper-overskrifter-igjen-nar-spanias-ma-besok-hostflukt\/#breadcrumb"},"inLanguage":"nb-NO","potentialAction":[{"@type":"ReadAction","target":["https:\/\/nordnesrepublikken.no\/index.php\/2025\/11\/09\/albarracin-skaper-overskrifter-igjen-nar-spanias-ma-besok-hostflukt\/"]}]},{"@type":"ImageObject","inLanguage":"nb-NO","@id":"https:\/\/nordnesrepublikken.no\/index.php\/2025\/11\/09\/albarracin-skaper-overskrifter-igjen-nar-spanias-ma-besok-hostflukt\/#primaryimage","url":"https:\/\/nordnesrepublikken.no\/wp-content\/uploads\/2025\/11\/1762671065_Albarracin-skaper-overskrifter-igjen-nar-Spanias-ma-besok-hostflukt.jpg","contentUrl":"https:\/\/nordnesrepublikken.no\/wp-content\/uploads\/2025\/11\/1762671065_Albarracin-skaper-overskrifter-igjen-nar-Spanias-ma-besok-hostflukt.jpg","width":1200,"height":758,"caption":"Albarrac\u00edn skaper overskrifter igjen n\u00e5r Spanias m\u00e5-bes\u00f8k h\u00f8stflukt"},{"@type":"BreadcrumbList","@id":"https:\/\/nordnesrepublikken.no\/index.php\/2025\/11\/09\/albarracin-skaper-overskrifter-igjen-nar-spanias-ma-besok-hostflukt\/#breadcrumb","itemListElement":[{"@type":"ListItem","position":1,"name":"Home","item":"https:\/\/nordnesrepublikken.no\/"},{"@type":"ListItem","position":2,"name":"Albarrac\u00edn skaper overskrifter igjen n\u00e5r Spanias m\u00e5-bes\u00f8k h\u00f8stflukt"}]},{"@type":"WebSite","@id":"https:\/\/nordnesrepublikken.no\/#website","url":"https:\/\/nordnesrepublikken.no\/","name":"Nordnesrepublikken","description":"Stemmer og Visjoner fra Republikkens Hjerte","publisher":{"@id":"https:\/\/nordnesrepublikken.no\/#organization"},"potentialAction":[{"@type":"SearchAction","target":{"@type":"EntryPoint","urlTemplate":"https:\/\/nordnesrepublikken.no\/?s={search_term_string}"},"query-input":{"@type":"PropertyValueSpecification","valueRequired":true,"valueName":"search_term_string"}}],"inLanguage":"nb-NO"},{"@type":"Organization","@id":"https:\/\/nordnesrepublikken.no\/#organization","name":"Nordnesrepublikken","url":"https:\/\/nordnesrepublikken.no\/","logo":{"@type":"ImageObject","inLanguage":"nb-NO","@id":"https:\/\/nordnesrepublikken.no\/#\/schema\/logo\/image\/","url":"https:\/\/nordnesrepublikken.no\/wp-content\/uploads\/2025\/02\/cropped-nordnesrepublikken-2.png","contentUrl":"https:\/\/nordnesrepublikken.no\/wp-content\/uploads\/2025\/02\/cropped-nordnesrepublikken-2.png","width":1248,"height":362,"caption":"Nordnesrepublikken"},"image":{"@id":"https:\/\/nordnesrepublikken.no\/#\/schema\/logo\/image\/"}},{"@type":"Person","@id":"https:\/\/nordnesrepublikken.no\/#\/schema\/person\/2e7e81935bab77882fffb79296240ff1","name":"Ole Andersen","image":{"@type":"ImageObject","inLanguage":"nb-NO","@id":"https:\/\/nordnesrepublikken.no\/#\/schema\/person\/image\/","url":"https:\/\/nordnesrepublikken.no\/wp-content\/uploads\/2025\/02\/nordnesrepublikken-2-2-150x150.jpg","contentUrl":"https:\/\/nordnesrepublikken.no\/wp-content\/uploads\/2025\/02\/nordnesrepublikken-2-2-150x150.jpg","caption":"Ole Andersen"},"description":"Ettersom jeg vokste opp i Oslo, har jeg alltid v\u00e6rt fascinert av ordenes kraft og deres evne til \u00e5 skape endringer. Etter \u00e5 ha fullf\u00f8rt min utdannelse i kommunikasjon ved Universitetet i Bergen, fikk jeg muligheten til \u00e5 jobbe innen ulike medier, der jeg har s\u00f8kt \u00e5 belyse viktige samfunnssp\u00f8rsm\u00e5l. I dag, som redakt\u00f8r for Nordnesrepublikken, pr\u00f8ver jeg \u00e5 forene min kj\u00e6rlighet for journalistikk med min lidenskap for innovasjon og eventyr.","sameAs":["https:\/\/nordnesrepublikken.no\/"]}]}},"_links":{"self":[{"href":"https:\/\/nordnesrepublikken.no\/index.php\/wp-json\/wp\/v2\/posts\/11499","targetHints":{"allow":["GET"]}}],"collection":[{"href":"https:\/\/nordnesrepublikken.no\/index.php\/wp-json\/wp\/v2\/posts"}],"about":[{"href":"https:\/\/nordnesrepublikken.no\/index.php\/wp-json\/wp\/v2\/types\/post"}],"author":[{"embeddable":true,"href":"https:\/\/nordnesrepublikken.no\/index.php\/wp-json\/wp\/v2\/users\/1"}],"replies":[{"embeddable":true,"href":"https:\/\/nordnesrepublikken.no\/index.php\/wp-json\/wp\/v2\/comments?post=11499"}],"version-history":[{"count":1,"href":"https:\/\/nordnesrepublikken.no\/index.php\/wp-json\/wp\/v2\/posts\/11499\/revisions"}],"predecessor-version":[{"id":11501,"href":"https:\/\/nordnesrepublikken.no\/index.php\/wp-json\/wp\/v2\/posts\/11499\/revisions\/11501"}],"wp:featuredmedia":[{"embeddable":true,"href":"https:\/\/nordnesrepublikken.no\/index.php\/wp-json\/wp\/v2\/media\/11500"}],"wp:attachment":[{"href":"https:\/\/nordnesrepublikken.no\/index.php\/wp-json\/wp\/v2\/media?parent=11499"}],"wp:term":[{"taxonomy":"category","embeddable":true,"href":"https:\/\/nordnesrepublikken.no\/index.php\/wp-json\/wp\/v2\/categories?post=11499"},{"taxonomy":"post_tag","embeddable":true,"href":"https:\/\/nordnesrepublikken.no\/index.php\/wp-json\/wp\/v2\/tags?post=11499"}],"curies":[{"name":"wp","href":"https:\/\/api.w.org\/{rel}","templated":true}]}}