{"id":11493,"date":"2025-11-09T00:51:06","date_gmt":"2025-11-08T23:51:06","guid":{"rendered":"https:\/\/nordnesrepublikken.no\/index.php\/2025\/11\/09\/uk-expats-ees-rad-hvilke-flyplasser-du-bor-gi-ekstra-tid-eller-ga-glipp-av-fly\/"},"modified":"2025-11-09T00:51:08","modified_gmt":"2025-11-08T23:51:08","slug":"uk-expats-ees-rad-hvilke-flyplasser-du-bor-gi-ekstra-tid-eller-ga-glipp-av-fly","status":"publish","type":"post","link":"https:\/\/nordnesrepublikken.no\/index.php\/2025\/11\/09\/uk-expats-ees-rad-hvilke-flyplasser-du-bor-gi-ekstra-tid-eller-ga-glipp-av-fly\/","title":{"rendered":"UK expats EES r\u00e5d \u2013 hvilke flyplasser du b\u00f8r gi ekstra tid eller g\u00e5 glipp av fly"},"content":{"rendered":"<p><\/p>\n<div class=\"wordpress-content\">\n                    <!-- Article Start --><\/p>\n<p class=\"p1\"><strong>EU Entry\/Exit System (EES) ble lansert 12. oktober, og innf\u00f8rte obligatoriske biometriske sjekker for reisende som ikke er fra EU som reiser inn og ut av Spania.<span class=\"Apple-converted-space\"> <\/span><\/strong><\/p>\n<p class=\"p1\">Mens Spanias gradvise utrulling har forhindret utbredt kaos, legger EES-k\u00f8er og ventetider allerede 30\u201360 minutter til grensebehandlingen ved store flyplasser, med nyere rapporter som bekrefter at Alicante Airport EES-k\u00f8er overstiger \u00e9n time i h\u00f8ye perioder. Reiser\u00e5dgivere oppfordrer n\u00e5 passasjerer til \u00e5 ankomme minst 3 timer f\u00f8r avganger, spesielt for avganger der biometrisk verifisering ved utgang kan skape flaskehalser som er identiske med ankomster.<\/p>\n<h2 class=\"p1\">Hva er EES og hvem st\u00e5r overfor lengre ventetider?<\/h2>\n<p class=\"p1\">EES erstatter manuelle passstempler med automatiserte kiosker som fanger fingeravtrykk og ansiktsskanninger for alle bes\u00f8kende som ikke kommer fra EU, inkludert britiske turister. F\u00f8rstegangsregistrering tar 3 til 5 minutter per person; p\u00e5f\u00f8lgende kontroller er raskere, men krever fortsatt k\u00f8 i dedikerte baner.<\/p>\n<div class=\"sra_unit\"><link rel=\"stylesheet\" id=\"block-sra\" href=\"https:\/\/euroweeklynews.com\/wp-content\/plugins\/snack-related-articles\/dist\/css\/snack-related.min.css?250312-193541\" type=\"text\/css\" media=\"all\">\n<\/div>\n<p class=\"p1\">Spania begynte implementeringen i Madrid-Barajas 12. oktober, etterfulgt av Barcelona, \u200b\u200bAlicante, Malaga og andre. Full landsomfattende utrulling skal v\u00e6re fullf\u00f8rt innen april 2026, med manuell stempling tilgjengelig parallelt under overgangen.<\/p>\n<p class=\"p1\">&laquo;Systemet viste seg stabilt og effektivt &#8230; uten forsinkelser.&raquo; \u2013 Spanias innenriksminister Fernando Grande-Marlaska<\/p>\n<h2 class=\"p1\">Alicante flyplass rammet av \u00e9n time+ EES-k\u00f8er<\/h2>\n<p class=\"p1\">Reiserapporter i sanntid bekrefter at Alicante-Elche (ALC) opplever noen av de lengste EES-ventetidene i Spania. Flere passasjerer har beskrevet k\u00f8er p\u00e5 minst \u00e9n time 6.\u20137. november, spesielt for kveldsavganger i Storbritannia der flere flyvninger faller sammen. If\u00f8lge Natasha Oliver p\u00e5 Facebook er k\u00f8ene godt over en time for EES-registeret og det er ingen separate k\u00f8er hvis du har et TIE-kort. En frelsende n\u00e5de, if\u00f8lge Natasha, er at barnefamilier blir prioritert og f\u00e5r lov til \u00e5 hoppe i k\u00f8ene. Natasha r\u00e5der deg til \u00e5 sette av god tid til flyplassprosedyrene, &laquo;ellers vil du g\u00e5 glipp av flyet ditt.&raquo;<\/p>\n<div style=\"width: 360px;\" class=\"wp-video\"><!--(if lt IE 9)><!(endif)--><br \/>\n<video class=\"wp-video-shortcode\" id=\"video-550895-1\" width=\"360\" height=\"640\" preload=\"metadata\" controls=\"controls\"><source type=\"video\/mp4\" src=\"https:\/\/cdn.euroweeklynews.com\/wp-content\/uploads\/2025\/11\/FDownloader.Net_AQPRQXXlSc9QeqEN-MTf390rgup_Dff3abRhwzVcFFrRdIbSuA-nFblE7BRINSFfMukikp79xfUoD1PMbGtzpMZS_360p_SD.mp4?_=1\"><\/source>https:\/\/cdn.euroweeklynews.com\/wp-content\/uploads\/2025\/11\/FDownloader.Net_AQPRQXXlSc9Qe qEN-MTf390rgup_Dff3abRhwzVcFFrRdIbSuA-nFblE7BRINSFfMukikp79xfUoD1PMbGtzpMZS_360p_SD.mp4<\/video><\/div>\n<p class=\"p1\">Lignende topper har oppst\u00e5tt ved Malaga-Costa del Sol (AGP), hvor linjer sies \u00e5 strekke seg av og til helt tilbake til flyet i ankomster og sikkerhet i avganger, men Alicante f\u00f8rer for tiden klager for vedvarende timelange forsinkelser.<\/p>\n<h2 class=\"p1\">Hvordan sl\u00e5 EES-k\u00f8er og ventetider<\/h2>\n<ul>\n<li class=\"p1\">Ankom 3\u20134 timer for tidlig for avganger (mot 2 timer f\u00f8r EES).<\/li>\n<li class=\"p1\">Bruk Fast Track der det er tilgjengelig \u2013 mange spanske flyplasser prioriterer det for EES-baner.<\/li>\n<li class=\"p1\">Reis midt i uken eller tidlig morgen for \u00e5 unng\u00e5 flyklynger.<\/li>\n<li class=\"p1\">Innbyggere i Storbritannia med TIE-kort kan bruke EU-baner p\u00e5 enkelte flyplasser (bekreft lokalt).<\/li>\n<li class=\"p1\">Det finnes ingen forh\u00e5ndsregistrering \u2013 biometri m\u00e5 fanges opp p\u00e5 f\u00f8rste tur etter EES.<\/li>\n<\/ul>\n<p class=\"p1\">Advantage Travel Partnership-sjef Julia Lo Bue-Said advarte: &laquo;Tildel fire timer &#8230; dette kommer til \u00e5 legge til et enda mer problem&raquo;<\/p>\n<h2>Anbefalt ekstra tid: Flyplass-til-flyplass-guide<\/h2>\n<p><strong>Madrid-Barajas (MAD)<\/strong> \u2013 EES aktiv siden 12. oktober: typisk ekstratid 15\u201330 minutter, men sjelden over 45 minutter.<br \/>\n<strong>Barcelona-El Prat (BCN)<\/strong> \u2013 EES aktiv siden 27. oktober: typisk ekstratid 20\u201340 minutter, topp rapportert under 1 time.<br \/>\n<strong>Alicante-Elche (ALC)<\/strong> \u2013 EES aktiv siden 27. oktober: typisk ekstratid 45\u201375 minutter, topp rapportert 1+ time (flere rapporter p\u00e5 minst \u00e9n time 6.\u20137. november).<br \/>\n<strong>Malaga-Costa del Sol (AGP)<\/strong> \u2013 EES aktiv siden 20. oktober (pr\u00f8ve): typisk ekstratid 30\u201360 minutter, topp rapportert 60+ minutter. Topper rapportert p\u00e5 til og med 80 minutter.<br \/>\n<strong>Palma de Mallorca (PMI)<\/strong> \u2013 EES starter 19. november (kommer): ingen data enn\u00e5.<\/p>\n<h2 class=\"p1\">Langsiktig utsikt: Raskere grenser etter 2026?<\/h2>\n<p class=\"p1\">N\u00e5r problemene med tenner tar slutt og alle kiosker er fullt operative, sp\u00e5r EU-kommisjonen EES vil redusere gjennomsnittlig grensetid ved \u00e5 automatisere kontroller. Inntil da, forvent varierende k\u00f8er gjennom h\u00f8y vintersol og p\u00e5skeperioder.<\/p>\n<p class=\"p1\">Hold deg oppdatert via offisielle kanaler:<\/p>\n<ul>\n<li class=\"p1\">EUs offisielle EES-side.<\/li>\n<li class=\"p1\">spansk flyplassmyndighet.<\/li>\n<li class=\"p1\">Reiser\u00e5d til Storbritannia.<\/li>\n<\/ul>\n<p>                    <!-- Originally published at https:\/\/euroweeklynews.com\/2025\/11\/07\/uk-expats-ees-advice-which-airports-to-give-extra-time-or-miss-flight\/ on 07 Nov 2025 at 11:11 by Adam Woodward --><br \/>\n                    <!-- Article End -->\n                <\/div>\n","protected":false},"excerpt":{"rendered":"<p>EU Entry\/Exit System (EES) ble lansert 12. oktober, og innf\u00f8rte obligatoriske biometriske sjekker for reisende<\/p>\n","protected":false},"author":1,"featured_media":11494,"comment_status":"closed","ping_status":"open","sticky":false,"template":"","format":"standard","meta":{"footnotes":""},"categories":[105],"tags":[1629,6565,5952,1156,7568,618,766,698,5285,784,2903,636],"class_list":["post-11493","post","type-post","status-publish","format-standard","has-post-thumbnail","hentry","category-livsstil","tag-bor","tag-ees","tag-ekstra","tag-eller","tag-expats","tag-fly","tag-flyplasser","tag-ga","tag-glipp","tag-hvilke","tag-rad","tag-tid","generate-columns","tablet-grid-50","mobile-grid-100","grid-parent","grid-33","resize-featured-image"],"yoast_head":"<!-- This site is optimized with the Yoast SEO plugin v24.4 - https:\/\/yoast.com\/wordpress\/plugins\/seo\/ -->\n<title>UK expats EES r\u00e5d \u2013 hvilke flyplasser du b\u00f8r gi ekstra tid eller g\u00e5 glipp av fly - Nordnesrepublikken<\/title>\n<meta name=\"robots\" content=\"index, follow, max-snippet:-1, max-image-preview:large, max-video-preview:-1\" \/>\n<link rel=\"canonical\" href=\"https:\/\/nordnesrepublikken.no\/index.php\/2025\/11\/09\/uk-expats-ees-rad-hvilke-flyplasser-du-bor-gi-ekstra-tid-eller-ga-glipp-av-fly\/\" \/>\n<meta property=\"og:locale\" content=\"nb_NO\" \/>\n<meta property=\"og:type\" content=\"article\" \/>\n<meta property=\"og:title\" content=\"UK expats EES r\u00e5d \u2013 hvilke flyplasser du b\u00f8r gi ekstra tid eller g\u00e5 glipp av fly - Nordnesrepublikken\" \/>\n<meta property=\"og:description\" content=\"EU Entry\/Exit System (EES) ble lansert 12. oktober, og innf\u00f8rte obligatoriske biometriske sjekker for reisende\" \/>\n<meta property=\"og:url\" content=\"https:\/\/nordnesrepublikken.no\/index.php\/2025\/11\/09\/uk-expats-ees-rad-hvilke-flyplasser-du-bor-gi-ekstra-tid-eller-ga-glipp-av-fly\/\" \/>\n<meta property=\"og:site_name\" content=\"Nordnesrepublikken\" \/>\n<meta property=\"article:published_time\" content=\"2025-11-08T23:51:06+00:00\" \/>\n<meta property=\"article:modified_time\" content=\"2025-11-08T23:51:08+00:00\" \/>\n<meta property=\"og:image\" content=\"https:\/\/nordnesrepublikken.no\/wp-content\/uploads\/2025\/11\/1762645866_UK-expats-EES-rad-\u2013-hvilke-flyplasser-du-bor-gi.jpeg\" \/>\n\t<meta property=\"og:image:width\" content=\"1200\" \/>\n\t<meta property=\"og:image:height\" content=\"742\" \/>\n\t<meta property=\"og:image:type\" content=\"image\/jpeg\" \/>\n<meta name=\"author\" content=\"Ole Andersen\" \/>\n<meta name=\"twitter:card\" content=\"summary_large_image\" \/>\n<meta name=\"twitter:label1\" content=\"Skrevet av\" \/>\n\t<meta name=\"twitter:data1\" content=\"Ole Andersen\" \/>\n\t<meta name=\"twitter:label2\" content=\"Ansl. lesetid\" \/>\n\t<meta name=\"twitter:data2\" content=\"3 minutter\" \/>\n<script type=\"application\/ld+json\" class=\"yoast-schema-graph\">{\"@context\":\"https:\/\/schema.org\",\"@graph\":[{\"@type\":\"Article\",\"@id\":\"https:\/\/nordnesrepublikken.no\/index.php\/2025\/11\/09\/uk-expats-ees-rad-hvilke-flyplasser-du-bor-gi-ekstra-tid-eller-ga-glipp-av-fly\/#article\",\"isPartOf\":{\"@id\":\"https:\/\/nordnesrepublikken.no\/index.php\/2025\/11\/09\/uk-expats-ees-rad-hvilke-flyplasser-du-bor-gi-ekstra-tid-eller-ga-glipp-av-fly\/\"},\"author\":{\"name\":\"Ole Andersen\",\"@id\":\"https:\/\/nordnesrepublikken.no\/#\/schema\/person\/2e7e81935bab77882fffb79296240ff1\"},\"headline\":\"UK expats EES r\u00e5d \u2013 hvilke flyplasser du b\u00f8r gi ekstra tid eller g\u00e5 glipp av fly\",\"datePublished\":\"2025-11-08T23:51:06+00:00\",\"dateModified\":\"2025-11-08T23:51:08+00:00\",\"mainEntityOfPage\":{\"@id\":\"https:\/\/nordnesrepublikken.no\/index.php\/2025\/11\/09\/uk-expats-ees-rad-hvilke-flyplasser-du-bor-gi-ekstra-tid-eller-ga-glipp-av-fly\/\"},\"wordCount\":606,\"publisher\":{\"@id\":\"https:\/\/nordnesrepublikken.no\/#organization\"},\"image\":{\"@id\":\"https:\/\/nordnesrepublikken.no\/index.php\/2025\/11\/09\/uk-expats-ees-rad-hvilke-flyplasser-du-bor-gi-ekstra-tid-eller-ga-glipp-av-fly\/#primaryimage\"},\"thumbnailUrl\":\"https:\/\/nordnesrepublikken.no\/wp-content\/uploads\/2025\/11\/1762645866_UK-expats-EES-rad-\u2013-hvilke-flyplasser-du-bor-gi.jpeg\",\"keywords\":[\"b\u00f8r\",\"Ees\",\"ekstra\",\"eller\",\"expats\",\"fly\",\"flyplasser\",\"g\u00e5\",\"glipp\",\"hvilke\",\"r\u00e5d\",\"tid\"],\"articleSection\":[\"Livsstil\"],\"inLanguage\":\"nb-NO\"},{\"@type\":\"WebPage\",\"@id\":\"https:\/\/nordnesrepublikken.no\/index.php\/2025\/11\/09\/uk-expats-ees-rad-hvilke-flyplasser-du-bor-gi-ekstra-tid-eller-ga-glipp-av-fly\/\",\"url\":\"https:\/\/nordnesrepublikken.no\/index.php\/2025\/11\/09\/uk-expats-ees-rad-hvilke-flyplasser-du-bor-gi-ekstra-tid-eller-ga-glipp-av-fly\/\",\"name\":\"UK expats EES r\u00e5d \u2013 hvilke flyplasser du b\u00f8r gi ekstra tid eller g\u00e5 glipp av fly - Nordnesrepublikken\",\"isPartOf\":{\"@id\":\"https:\/\/nordnesrepublikken.no\/#website\"},\"primaryImageOfPage\":{\"@id\":\"https:\/\/nordnesrepublikken.no\/index.php\/2025\/11\/09\/uk-expats-ees-rad-hvilke-flyplasser-du-bor-gi-ekstra-tid-eller-ga-glipp-av-fly\/#primaryimage\"},\"image\":{\"@id\":\"https:\/\/nordnesrepublikken.no\/index.php\/2025\/11\/09\/uk-expats-ees-rad-hvilke-flyplasser-du-bor-gi-ekstra-tid-eller-ga-glipp-av-fly\/#primaryimage\"},\"thumbnailUrl\":\"https:\/\/nordnesrepublikken.no\/wp-content\/uploads\/2025\/11\/1762645866_UK-expats-EES-rad-\u2013-hvilke-flyplasser-du-bor-gi.jpeg\",\"datePublished\":\"2025-11-08T23:51:06+00:00\",\"dateModified\":\"2025-11-08T23:51:08+00:00\",\"breadcrumb\":{\"@id\":\"https:\/\/nordnesrepublikken.no\/index.php\/2025\/11\/09\/uk-expats-ees-rad-hvilke-flyplasser-du-bor-gi-ekstra-tid-eller-ga-glipp-av-fly\/#breadcrumb\"},\"inLanguage\":\"nb-NO\",\"potentialAction\":[{\"@type\":\"ReadAction\",\"target\":[\"https:\/\/nordnesrepublikken.no\/index.php\/2025\/11\/09\/uk-expats-ees-rad-hvilke-flyplasser-du-bor-gi-ekstra-tid-eller-ga-glipp-av-fly\/\"]}]},{\"@type\":\"ImageObject\",\"inLanguage\":\"nb-NO\",\"@id\":\"https:\/\/nordnesrepublikken.no\/index.php\/2025\/11\/09\/uk-expats-ees-rad-hvilke-flyplasser-du-bor-gi-ekstra-tid-eller-ga-glipp-av-fly\/#primaryimage\",\"url\":\"https:\/\/nordnesrepublikken.no\/wp-content\/uploads\/2025\/11\/1762645866_UK-expats-EES-rad-\u2013-hvilke-flyplasser-du-bor-gi.jpeg\",\"contentUrl\":\"https:\/\/nordnesrepublikken.no\/wp-content\/uploads\/2025\/11\/1762645866_UK-expats-EES-rad-\u2013-hvilke-flyplasser-du-bor-gi.jpeg\",\"width\":1200,\"height\":742,\"caption\":\"UK expats EES r\u00e5d \u2013 hvilke flyplasser du b\u00f8r gi ekstra tid eller g\u00e5 glipp av fly\"},{\"@type\":\"BreadcrumbList\",\"@id\":\"https:\/\/nordnesrepublikken.no\/index.php\/2025\/11\/09\/uk-expats-ees-rad-hvilke-flyplasser-du-bor-gi-ekstra-tid-eller-ga-glipp-av-fly\/#breadcrumb\",\"itemListElement\":[{\"@type\":\"ListItem\",\"position\":1,\"name\":\"Home\",\"item\":\"https:\/\/nordnesrepublikken.no\/\"},{\"@type\":\"ListItem\",\"position\":2,\"name\":\"UK expats EES r\u00e5d \u2013 hvilke flyplasser du b\u00f8r gi ekstra tid eller g\u00e5 glipp av fly\"}]},{\"@type\":\"WebSite\",\"@id\":\"https:\/\/nordnesrepublikken.no\/#website\",\"url\":\"https:\/\/nordnesrepublikken.no\/\",\"name\":\"Nordnesrepublikken\",\"description\":\"Stemmer og Visjoner fra Republikkens Hjerte\",\"publisher\":{\"@id\":\"https:\/\/nordnesrepublikken.no\/#organization\"},\"potentialAction\":[{\"@type\":\"SearchAction\",\"target\":{\"@type\":\"EntryPoint\",\"urlTemplate\":\"https:\/\/nordnesrepublikken.no\/?s={search_term_string}\"},\"query-input\":{\"@type\":\"PropertyValueSpecification\",\"valueRequired\":true,\"valueName\":\"search_term_string\"}}],\"inLanguage\":\"nb-NO\"},{\"@type\":\"Organization\",\"@id\":\"https:\/\/nordnesrepublikken.no\/#organization\",\"name\":\"Nordnesrepublikken\",\"url\":\"https:\/\/nordnesrepublikken.no\/\",\"logo\":{\"@type\":\"ImageObject\",\"inLanguage\":\"nb-NO\",\"@id\":\"https:\/\/nordnesrepublikken.no\/#\/schema\/logo\/image\/\",\"url\":\"https:\/\/nordnesrepublikken.no\/wp-content\/uploads\/2025\/02\/cropped-nordnesrepublikken-2.png\",\"contentUrl\":\"https:\/\/nordnesrepublikken.no\/wp-content\/uploads\/2025\/02\/cropped-nordnesrepublikken-2.png\",\"width\":1248,\"height\":362,\"caption\":\"Nordnesrepublikken\"},\"image\":{\"@id\":\"https:\/\/nordnesrepublikken.no\/#\/schema\/logo\/image\/\"}},{\"@type\":\"Person\",\"@id\":\"https:\/\/nordnesrepublikken.no\/#\/schema\/person\/2e7e81935bab77882fffb79296240ff1\",\"name\":\"Ole Andersen\",\"image\":{\"@type\":\"ImageObject\",\"inLanguage\":\"nb-NO\",\"@id\":\"https:\/\/nordnesrepublikken.no\/#\/schema\/person\/image\/\",\"url\":\"https:\/\/nordnesrepublikken.no\/wp-content\/uploads\/2025\/02\/nordnesrepublikken-2-2-150x150.jpg\",\"contentUrl\":\"https:\/\/nordnesrepublikken.no\/wp-content\/uploads\/2025\/02\/nordnesrepublikken-2-2-150x150.jpg\",\"caption\":\"Ole Andersen\"},\"description\":\"Ettersom jeg vokste opp i Oslo, har jeg alltid v\u00e6rt fascinert av ordenes kraft og deres evne til \u00e5 skape endringer. Etter \u00e5 ha fullf\u00f8rt min utdannelse i kommunikasjon ved Universitetet i Bergen, fikk jeg muligheten til \u00e5 jobbe innen ulike medier, der jeg har s\u00f8kt \u00e5 belyse viktige samfunnssp\u00f8rsm\u00e5l. I dag, som redakt\u00f8r for Nordnesrepublikken, pr\u00f8ver jeg \u00e5 forene min kj\u00e6rlighet for journalistikk med min lidenskap for innovasjon og eventyr.\",\"sameAs\":[\"https:\/\/nordnesrepublikken.no\/\"]}]}<\/script>\n<!-- \/ Yoast SEO plugin. -->","yoast_head_json":{"title":"UK expats EES r\u00e5d \u2013 hvilke flyplasser du b\u00f8r gi ekstra tid eller g\u00e5 glipp av fly - Nordnesrepublikken","robots":{"index":"index","follow":"follow","max-snippet":"max-snippet:-1","max-image-preview":"max-image-preview:large","max-video-preview":"max-video-preview:-1"},"canonical":"https:\/\/nordnesrepublikken.no\/index.php\/2025\/11\/09\/uk-expats-ees-rad-hvilke-flyplasser-du-bor-gi-ekstra-tid-eller-ga-glipp-av-fly\/","og_locale":"nb_NO","og_type":"article","og_title":"UK expats EES r\u00e5d \u2013 hvilke flyplasser du b\u00f8r gi ekstra tid eller g\u00e5 glipp av fly - Nordnesrepublikken","og_description":"EU Entry\/Exit System (EES) ble lansert 12. oktober, og innf\u00f8rte obligatoriske biometriske sjekker for reisende","og_url":"https:\/\/nordnesrepublikken.no\/index.php\/2025\/11\/09\/uk-expats-ees-rad-hvilke-flyplasser-du-bor-gi-ekstra-tid-eller-ga-glipp-av-fly\/","og_site_name":"Nordnesrepublikken","article_published_time":"2025-11-08T23:51:06+00:00","article_modified_time":"2025-11-08T23:51:08+00:00","og_image":[{"width":1200,"height":742,"url":"https:\/\/nordnesrepublikken.no\/wp-content\/uploads\/2025\/11\/1762645866_UK-expats-EES-rad-\u2013-hvilke-flyplasser-du-bor-gi.jpeg","type":"image\/jpeg"}],"author":"Ole Andersen","twitter_card":"summary_large_image","twitter_misc":{"Skrevet av":"Ole Andersen","Ansl. lesetid":"3 minutter"},"schema":{"@context":"https:\/\/schema.org","@graph":[{"@type":"Article","@id":"https:\/\/nordnesrepublikken.no\/index.php\/2025\/11\/09\/uk-expats-ees-rad-hvilke-flyplasser-du-bor-gi-ekstra-tid-eller-ga-glipp-av-fly\/#article","isPartOf":{"@id":"https:\/\/nordnesrepublikken.no\/index.php\/2025\/11\/09\/uk-expats-ees-rad-hvilke-flyplasser-du-bor-gi-ekstra-tid-eller-ga-glipp-av-fly\/"},"author":{"name":"Ole Andersen","@id":"https:\/\/nordnesrepublikken.no\/#\/schema\/person\/2e7e81935bab77882fffb79296240ff1"},"headline":"UK expats EES r\u00e5d \u2013 hvilke flyplasser du b\u00f8r gi ekstra tid eller g\u00e5 glipp av fly","datePublished":"2025-11-08T23:51:06+00:00","dateModified":"2025-11-08T23:51:08+00:00","mainEntityOfPage":{"@id":"https:\/\/nordnesrepublikken.no\/index.php\/2025\/11\/09\/uk-expats-ees-rad-hvilke-flyplasser-du-bor-gi-ekstra-tid-eller-ga-glipp-av-fly\/"},"wordCount":606,"publisher":{"@id":"https:\/\/nordnesrepublikken.no\/#organization"},"image":{"@id":"https:\/\/nordnesrepublikken.no\/index.php\/2025\/11\/09\/uk-expats-ees-rad-hvilke-flyplasser-du-bor-gi-ekstra-tid-eller-ga-glipp-av-fly\/#primaryimage"},"thumbnailUrl":"https:\/\/nordnesrepublikken.no\/wp-content\/uploads\/2025\/11\/1762645866_UK-expats-EES-rad-\u2013-hvilke-flyplasser-du-bor-gi.jpeg","keywords":["b\u00f8r","Ees","ekstra","eller","expats","fly","flyplasser","g\u00e5","glipp","hvilke","r\u00e5d","tid"],"articleSection":["Livsstil"],"inLanguage":"nb-NO"},{"@type":"WebPage","@id":"https:\/\/nordnesrepublikken.no\/index.php\/2025\/11\/09\/uk-expats-ees-rad-hvilke-flyplasser-du-bor-gi-ekstra-tid-eller-ga-glipp-av-fly\/","url":"https:\/\/nordnesrepublikken.no\/index.php\/2025\/11\/09\/uk-expats-ees-rad-hvilke-flyplasser-du-bor-gi-ekstra-tid-eller-ga-glipp-av-fly\/","name":"UK expats EES r\u00e5d \u2013 hvilke flyplasser du b\u00f8r gi ekstra tid eller g\u00e5 glipp av fly - Nordnesrepublikken","isPartOf":{"@id":"https:\/\/nordnesrepublikken.no\/#website"},"primaryImageOfPage":{"@id":"https:\/\/nordnesrepublikken.no\/index.php\/2025\/11\/09\/uk-expats-ees-rad-hvilke-flyplasser-du-bor-gi-ekstra-tid-eller-ga-glipp-av-fly\/#primaryimage"},"image":{"@id":"https:\/\/nordnesrepublikken.no\/index.php\/2025\/11\/09\/uk-expats-ees-rad-hvilke-flyplasser-du-bor-gi-ekstra-tid-eller-ga-glipp-av-fly\/#primaryimage"},"thumbnailUrl":"https:\/\/nordnesrepublikken.no\/wp-content\/uploads\/2025\/11\/1762645866_UK-expats-EES-rad-\u2013-hvilke-flyplasser-du-bor-gi.jpeg","datePublished":"2025-11-08T23:51:06+00:00","dateModified":"2025-11-08T23:51:08+00:00","breadcrumb":{"@id":"https:\/\/nordnesrepublikken.no\/index.php\/2025\/11\/09\/uk-expats-ees-rad-hvilke-flyplasser-du-bor-gi-ekstra-tid-eller-ga-glipp-av-fly\/#breadcrumb"},"inLanguage":"nb-NO","potentialAction":[{"@type":"ReadAction","target":["https:\/\/nordnesrepublikken.no\/index.php\/2025\/11\/09\/uk-expats-ees-rad-hvilke-flyplasser-du-bor-gi-ekstra-tid-eller-ga-glipp-av-fly\/"]}]},{"@type":"ImageObject","inLanguage":"nb-NO","@id":"https:\/\/nordnesrepublikken.no\/index.php\/2025\/11\/09\/uk-expats-ees-rad-hvilke-flyplasser-du-bor-gi-ekstra-tid-eller-ga-glipp-av-fly\/#primaryimage","url":"https:\/\/nordnesrepublikken.no\/wp-content\/uploads\/2025\/11\/1762645866_UK-expats-EES-rad-\u2013-hvilke-flyplasser-du-bor-gi.jpeg","contentUrl":"https:\/\/nordnesrepublikken.no\/wp-content\/uploads\/2025\/11\/1762645866_UK-expats-EES-rad-\u2013-hvilke-flyplasser-du-bor-gi.jpeg","width":1200,"height":742,"caption":"UK expats EES r\u00e5d \u2013 hvilke flyplasser du b\u00f8r gi ekstra tid eller g\u00e5 glipp av fly"},{"@type":"BreadcrumbList","@id":"https:\/\/nordnesrepublikken.no\/index.php\/2025\/11\/09\/uk-expats-ees-rad-hvilke-flyplasser-du-bor-gi-ekstra-tid-eller-ga-glipp-av-fly\/#breadcrumb","itemListElement":[{"@type":"ListItem","position":1,"name":"Home","item":"https:\/\/nordnesrepublikken.no\/"},{"@type":"ListItem","position":2,"name":"UK expats EES r\u00e5d \u2013 hvilke flyplasser du b\u00f8r gi ekstra tid eller g\u00e5 glipp av fly"}]},{"@type":"WebSite","@id":"https:\/\/nordnesrepublikken.no\/#website","url":"https:\/\/nordnesrepublikken.no\/","name":"Nordnesrepublikken","description":"Stemmer og Visjoner fra Republikkens Hjerte","publisher":{"@id":"https:\/\/nordnesrepublikken.no\/#organization"},"potentialAction":[{"@type":"SearchAction","target":{"@type":"EntryPoint","urlTemplate":"https:\/\/nordnesrepublikken.no\/?s={search_term_string}"},"query-input":{"@type":"PropertyValueSpecification","valueRequired":true,"valueName":"search_term_string"}}],"inLanguage":"nb-NO"},{"@type":"Organization","@id":"https:\/\/nordnesrepublikken.no\/#organization","name":"Nordnesrepublikken","url":"https:\/\/nordnesrepublikken.no\/","logo":{"@type":"ImageObject","inLanguage":"nb-NO","@id":"https:\/\/nordnesrepublikken.no\/#\/schema\/logo\/image\/","url":"https:\/\/nordnesrepublikken.no\/wp-content\/uploads\/2025\/02\/cropped-nordnesrepublikken-2.png","contentUrl":"https:\/\/nordnesrepublikken.no\/wp-content\/uploads\/2025\/02\/cropped-nordnesrepublikken-2.png","width":1248,"height":362,"caption":"Nordnesrepublikken"},"image":{"@id":"https:\/\/nordnesrepublikken.no\/#\/schema\/logo\/image\/"}},{"@type":"Person","@id":"https:\/\/nordnesrepublikken.no\/#\/schema\/person\/2e7e81935bab77882fffb79296240ff1","name":"Ole Andersen","image":{"@type":"ImageObject","inLanguage":"nb-NO","@id":"https:\/\/nordnesrepublikken.no\/#\/schema\/person\/image\/","url":"https:\/\/nordnesrepublikken.no\/wp-content\/uploads\/2025\/02\/nordnesrepublikken-2-2-150x150.jpg","contentUrl":"https:\/\/nordnesrepublikken.no\/wp-content\/uploads\/2025\/02\/nordnesrepublikken-2-2-150x150.jpg","caption":"Ole Andersen"},"description":"Ettersom jeg vokste opp i Oslo, har jeg alltid v\u00e6rt fascinert av ordenes kraft og deres evne til \u00e5 skape endringer. Etter \u00e5 ha fullf\u00f8rt min utdannelse i kommunikasjon ved Universitetet i Bergen, fikk jeg muligheten til \u00e5 jobbe innen ulike medier, der jeg har s\u00f8kt \u00e5 belyse viktige samfunnssp\u00f8rsm\u00e5l. I dag, som redakt\u00f8r for Nordnesrepublikken, pr\u00f8ver jeg \u00e5 forene min kj\u00e6rlighet for journalistikk med min lidenskap for innovasjon og eventyr.","sameAs":["https:\/\/nordnesrepublikken.no\/"]}]}},"_links":{"self":[{"href":"https:\/\/nordnesrepublikken.no\/index.php\/wp-json\/wp\/v2\/posts\/11493","targetHints":{"allow":["GET"]}}],"collection":[{"href":"https:\/\/nordnesrepublikken.no\/index.php\/wp-json\/wp\/v2\/posts"}],"about":[{"href":"https:\/\/nordnesrepublikken.no\/index.php\/wp-json\/wp\/v2\/types\/post"}],"author":[{"embeddable":true,"href":"https:\/\/nordnesrepublikken.no\/index.php\/wp-json\/wp\/v2\/users\/1"}],"replies":[{"embeddable":true,"href":"https:\/\/nordnesrepublikken.no\/index.php\/wp-json\/wp\/v2\/comments?post=11493"}],"version-history":[{"count":1,"href":"https:\/\/nordnesrepublikken.no\/index.php\/wp-json\/wp\/v2\/posts\/11493\/revisions"}],"predecessor-version":[{"id":11495,"href":"https:\/\/nordnesrepublikken.no\/index.php\/wp-json\/wp\/v2\/posts\/11493\/revisions\/11495"}],"wp:featuredmedia":[{"embeddable":true,"href":"https:\/\/nordnesrepublikken.no\/index.php\/wp-json\/wp\/v2\/media\/11494"}],"wp:attachment":[{"href":"https:\/\/nordnesrepublikken.no\/index.php\/wp-json\/wp\/v2\/media?parent=11493"}],"wp:term":[{"taxonomy":"category","embeddable":true,"href":"https:\/\/nordnesrepublikken.no\/index.php\/wp-json\/wp\/v2\/categories?post=11493"},{"taxonomy":"post_tag","embeddable":true,"href":"https:\/\/nordnesrepublikken.no\/index.php\/wp-json\/wp\/v2\/tags?post=11493"}],"curies":[{"name":"wp","href":"https:\/\/api.w.org\/{rel}","templated":true}]}}