{"id":11484,"date":"2025-11-08T18:51:07","date_gmt":"2025-11-08T17:51:07","guid":{"rendered":"https:\/\/nordnesrepublikken.no\/index.php\/2025\/11\/08\/betydningen-og-opprinnelsen-til-applaus-gesten-av-a-klappe\/"},"modified":"2025-11-08T18:51:16","modified_gmt":"2025-11-08T17:51:16","slug":"betydningen-og-opprinnelsen-til-applaus-gesten-av-a-klappe","status":"publish","type":"post","link":"https:\/\/nordnesrepublikken.no\/index.php\/2025\/11\/08\/betydningen-og-opprinnelsen-til-applaus-gesten-av-a-klappe\/","title":{"rendered":"Betydningen og opprinnelsen til applaus, gesten av \u00e5 klappe"},"content":{"rendered":"<div>\n<div class=\"cp_wrapper cp_wrapper--fw mb-30 mb-20@tablet\">\n<figure class=\"mm\"><picture class=\"img\" style=\"padding-top:56.25%\"><source  media=\"(min-width: 1024px)\"><source  media=\"(min-width: 768px)\"><\/source><\/source><\/picture><\/figure>\n<\/p><\/div>\n<p>Klapping er <strong>en universell gest<\/strong> som forteller historien om menneskeheten: fra primatenes instinktive kall til antikke ritualers hellighet, fra Dionysos teater til romersk politikk, opp til dagens stadioner og sosiale medier. Fra <strong>hellig ritual<\/strong> av<strong>antikken<\/strong> fra scenene i moderne teater, til moderne stadioner og torg, applaus forteller hvordan mennesker har l\u00e6rt \u00e5 <strong>oversette kollektive f\u00f8lelser til lyd<\/strong>for \u00e5 organisere konsensus og noen ganger for \u00e5 manipulere den. Dens form og betydning har forvandlet seg over tid, etter logikken til <strong>godteri<\/strong>fra <strong>religion<\/strong> og av <strong>sosial kontroll<\/strong>. Men mennesket har forvandlet denne gesten til en <strong>symbolsk handling<\/strong>: allerede inne <strong>Salmenes bok<\/strong> (Bibelen, 1000-tallet f.Kr.) leser vi &laquo;Alle mennesker, klapp i hendene! Ro Gud med gledesrop&raquo;. Menneskelig applaus blir derfor <strong>hellig akklamasjon<\/strong>en m\u00e5te \u00e5 feire den guddommelige tilstedev\u00e6relsen p\u00e5 og slippe ut f\u00f8lelsesmessig overskudd gjennom kroppen.<\/p>\n<h2>Da applaus ble f\u00f8dt i antikkens Hellas og Roma: fra teater til politikk<\/h2>\n<p>I det gamle <strong>Hellas<\/strong>gesten f\u00e5r en <strong>offentlig og kodifisert funksjon<\/strong>. I <strong>Dionysos teater<\/strong>uttrykte opptil 14 000 tilskuere entusiasme og f\u00f8lelser ved \u00e5 klappe i hendene og rope. Det er i denne sammenhengen applaus blir en <strong>bevisst praktisering av kunstnerisk godkjenning.<\/strong><\/p>\n<p>TIL <strong>Roma<\/strong>Det gj\u00f8r imidlertid gesten <strong>politiserer<\/strong>. Keisere, som skuespillere, trengte det <strong>konsensus fra publikum<\/strong>og applausen ble det synlige tiltaket. Allerede inne <strong>1. \u00e5rhundre f.Kr<\/strong>, <strong>Guide<\/strong> han observerte at &laquo;f\u00f8lelsene til det romerske folket vises best i teatret&raquo;. De <strong>folk kommuniserte med lyd<\/strong>: taktens rytme, volum og varighet beskrev stemningene til plebs bedre enn en moderne politisk meningsm\u00e5ling. <strong>Keiser Augustus<\/strong> han kom for \u00e5 regulere applausen med presise signaler, for \u00e5 unng\u00e5 kaos, og <strong>Nero<\/strong>elsker av teatralitet, betalte tusenvis av <em>bifall<\/em> profesjonelle, uten ringer for ikke \u00e5 forvrenge lyden, rytmisk markere tre typer applaus: &laquo;klossene&raquo;, &laquo;flisene&raquo; og &laquo;biene&raquo;, hver med en annen betydning og symbol. Gesten ser derfor ut til \u00e5 ta p\u00e5 seg en <strong>performativ dimensjon<\/strong>ikke lenger bare et uttrykk for f\u00f8lelser, men <strong>deltakelsesverkt\u00f8y<\/strong>.<\/p>\n<p><strong>Marcel Mauss <\/strong>Og<strong> Andr\u00e9 Leroi-Gourhan<\/strong> de har faktisk understreket hvordan kroppslige gester blir gradvis <strong>&laquo;kroppsteknikker&raquo;<\/strong>det vil si handlinger l\u00e6rt og overf\u00f8rt kulturelt. \u00c5 klappe i hendene, fra et f\u00f8lelsesmessig signal, blir dermed forvandlet til en <strong>kodifisert handling, full av sosiale betydninger<\/strong>.<\/p>\n<h2>F\u00f8dselen av &laquo;betalt&raquo; applaus<\/h2>\n<p>DE&#8217;<strong>bifall<\/strong>et symbol p\u00e5 konsensus, ble snart ogs\u00e5 en <strong>varer<\/strong>. Allerede <strong>Plutarch<\/strong> sier at <strong>dramatiker Filemon fra Syracuse<\/strong> han vervet betalte tilskuere til \u00e5 klappe i strategiske \u00f8yeblikk, og overgikk dermed sin rival <strong>Menander<\/strong>. I <strong>Det keiserlige Roma<\/strong> applausen n\u00e5r sin maksimale prakt som <strong>maktens spr\u00e5k<\/strong>. Suetonius og Cassius Dio sier at keiserne verdsatte<strong> eget samtykke<\/strong> fra mengden br\u00f8l: jo h\u00f8yere lyden var, desto sterkere virket autoriteten. Dermed ble gesten, f\u00f8dt spontant, forvandlet til et politisk instrument, en<strong> koreografi av konsensus<\/strong> designet for \u00e5 representere enheten til folket rundt suverenen.<\/p>\n<div class=\"cp_wrapper cp_wrapper--fw mb-50\">\n<figure class=\"mm\"><picture class=\"img\" style=\"padding-top:66.916823014384%\"><source  media=\"(min-width: 1024px)\"><source  media=\"(min-width: 768px)\"><img decoding=\"async\" loading=\"lazy\" src=\"https:\/\/nordnesrepublikken.no\/wp-content\/uploads\/2025\/11\/1762624267_834_Betydningen-og-opprinnelsen-til-applaus-gesten-av-a-klappe.jpg\" alt=\"Bilde\" width=\"1599\" height=\"1070\"\/><\/source><\/source><\/picture><\/figure>\n<\/p><\/div>\n<p>Denne tradisjonen overlever i \u00e5rhundrer: i <strong>Fem hundre<\/strong>den franske poeten<strong> Jean Dourat<\/strong> brakte praksisen tilbake p\u00e5 moten ved \u00e5 kj\u00f8pe <strong>billetter \u00e5 gi til de som lovet applaus<\/strong>I <strong>1800-tallet<\/strong> da ble virkelige f\u00f8dt<strong> byr\u00e5er <em>claqueurs<\/em> fagfolk<\/strong>spesielt i Paris og Milano.<\/p>\n<p>De <strong>La Scala teater<\/strong> I <strong>1919<\/strong> han hadde til og med en <strong>offisiell prisliste<\/strong>: 25 lire for menn og 15 for kvinner. Applausen var kort sagt ikke lenger bare et tegn p\u00e5 godkjenning, men en <strong>markeds- og offentlig image-strategi<\/strong>.<\/p>\n<h2>Fra middelaldersk hellighet til moderne teatralitet<\/h2>\n<p>Med utbredelsen av kristendommen gjennomgikk applausen en <strong>radikal transformasjon<\/strong>. Kroppslige uttrykk for godkjenning ble gradvis erstattet av <strong>verbale akklamasjoner eller gester av \u00e6rb\u00f8dighet<\/strong>siden klapping ble ansett som for &laquo;jordisk&raquo; oppf\u00f8rsel. Kun fra kl <strong>Renessanse<\/strong>med <strong>gjenoppliving av scenekunsten<\/strong> og den offentlige dimensjonen til teatret, <strong>applaus dukker opp igjen som en sosial praksis<\/strong>.<\/p>\n<p>I <strong>moderne tid<\/strong>gesten er kodifisert igjen: nei <strong>borgerlige teatre p\u00e5 det nittende \u00e5rhundre<\/strong> det blir et tegn p\u00e5 distinksjon og sivilisasjon. \u00c5 applaudere h\u00f8flig, p\u00e5 riktig tid og m\u00e5te, blir en <strong>form for estetisk og moralsk utdanning<\/strong>. Det er i denne perioden at applaus f\u00e5r betydningen vi tillegger den i dag: <strong>offentlig anerkjenne verdien av en handling eller et individ.<\/strong><\/p>\n<div class=\"cp_wrapper  mb-50   \">\n<div class=\"cbx\">\n<div class=\"cbx__collection\">\n<p>Kilder<\/p>\n<div class=\"cbx__sources\">\n<p>M\u00fcller V. (2022). &laquo;Neural synkroni og nettverksdynamikk i sosial interaksjon&raquo;<\/p>\n<p>Aldrete GS (1999). &laquo;Gester og akklamasjoner i det gamle Roma&raquo;<\/p>\n<p>Mauss M. (1925). &laquo;Essai sur le don: Forme et raison de l&#8217;\u00e9change dans les soci\u00e9t\u00e9s archa\u00efques&raquo;<\/p>\n<p>Steggle M. (2013). &laquo;Notater til en analyse av tidlig moderne applaus&raquo;<\/p>\n<\/p><\/div>\n<\/p><\/div>\n<\/p><\/div>\n<\/div><\/div>\n","protected":false},"excerpt":{"rendered":"<p>Klapping er en universell gest som forteller historien om menneskeheten: fra primatenes instinktive kall til<\/p>\n","protected":false},"author":1,"featured_media":11485,"comment_status":"closed","ping_status":"open","sticky":false,"template":"","format":"standard","meta":{"footnotes":""},"categories":[104],"tags":[7564,962,4488,7565,2162,117],"class_list":["post-11484","post","type-post","status-publish","format-standard","has-post-thumbnail","hentry","category-samfunn","tag-applaus","tag-betydningen","tag-gesten","tag-klappe","tag-opprinnelsen","tag-til","generate-columns","tablet-grid-50","mobile-grid-100","grid-parent","grid-33","resize-featured-image"],"yoast_head":"<!-- This site is optimized with the Yoast SEO plugin v24.4 - https:\/\/yoast.com\/wordpress\/plugins\/seo\/ -->\n<title>Betydningen og opprinnelsen til applaus, gesten av \u00e5 klappe - Nordnesrepublikken<\/title>\n<meta name=\"robots\" content=\"index, follow, max-snippet:-1, max-image-preview:large, max-video-preview:-1\" \/>\n<link rel=\"canonical\" href=\"https:\/\/nordnesrepublikken.no\/index.php\/2025\/11\/08\/betydningen-og-opprinnelsen-til-applaus-gesten-av-a-klappe\/\" \/>\n<meta property=\"og:locale\" content=\"nb_NO\" \/>\n<meta property=\"og:type\" content=\"article\" \/>\n<meta property=\"og:title\" content=\"Betydningen og opprinnelsen til applaus, gesten av \u00e5 klappe - Nordnesrepublikken\" \/>\n<meta property=\"og:description\" content=\"Klapping er en universell gest som forteller historien om menneskeheten: fra primatenes instinktive kall til\" \/>\n<meta property=\"og:url\" content=\"https:\/\/nordnesrepublikken.no\/index.php\/2025\/11\/08\/betydningen-og-opprinnelsen-til-applaus-gesten-av-a-klappe\/\" \/>\n<meta property=\"og:site_name\" content=\"Nordnesrepublikken\" \/>\n<meta property=\"article:published_time\" content=\"2025-11-08T17:51:07+00:00\" \/>\n<meta property=\"article:modified_time\" content=\"2025-11-08T17:51:16+00:00\" \/>\n<meta property=\"og:image\" content=\"https:\/\/nordnesrepublikken.no\/wp-content\/uploads\/2025\/11\/1762624268_Betydningen-og-opprinnelsen-til-applaus-gesten-av-a-klappe-scaled.jpg\" \/>\n\t<meta property=\"og:image:width\" content=\"2560\" \/>\n\t<meta property=\"og:image:height\" content=\"1707\" \/>\n\t<meta property=\"og:image:type\" content=\"image\/jpeg\" \/>\n<meta name=\"author\" content=\"Ole Andersen\" \/>\n<meta name=\"twitter:card\" content=\"summary_large_image\" \/>\n<meta name=\"twitter:label1\" content=\"Skrevet av\" \/>\n\t<meta name=\"twitter:data1\" content=\"Ole Andersen\" \/>\n\t<meta name=\"twitter:label2\" content=\"Ansl. lesetid\" \/>\n\t<meta name=\"twitter:data2\" content=\"4 minutter\" \/>\n<script type=\"application\/ld+json\" class=\"yoast-schema-graph\">{\"@context\":\"https:\/\/schema.org\",\"@graph\":[{\"@type\":\"Article\",\"@id\":\"https:\/\/nordnesrepublikken.no\/index.php\/2025\/11\/08\/betydningen-og-opprinnelsen-til-applaus-gesten-av-a-klappe\/#article\",\"isPartOf\":{\"@id\":\"https:\/\/nordnesrepublikken.no\/index.php\/2025\/11\/08\/betydningen-og-opprinnelsen-til-applaus-gesten-av-a-klappe\/\"},\"author\":{\"name\":\"Ole Andersen\",\"@id\":\"https:\/\/nordnesrepublikken.no\/#\/schema\/person\/2e7e81935bab77882fffb79296240ff1\"},\"headline\":\"Betydningen og opprinnelsen til applaus, gesten av \u00e5 klappe\",\"datePublished\":\"2025-11-08T17:51:07+00:00\",\"dateModified\":\"2025-11-08T17:51:16+00:00\",\"mainEntityOfPage\":{\"@id\":\"https:\/\/nordnesrepublikken.no\/index.php\/2025\/11\/08\/betydningen-og-opprinnelsen-til-applaus-gesten-av-a-klappe\/\"},\"wordCount\":710,\"publisher\":{\"@id\":\"https:\/\/nordnesrepublikken.no\/#organization\"},\"image\":{\"@id\":\"https:\/\/nordnesrepublikken.no\/index.php\/2025\/11\/08\/betydningen-og-opprinnelsen-til-applaus-gesten-av-a-klappe\/#primaryimage\"},\"thumbnailUrl\":\"https:\/\/nordnesrepublikken.no\/wp-content\/uploads\/2025\/11\/1762624268_Betydningen-og-opprinnelsen-til-applaus-gesten-av-a-klappe-scaled.jpg\",\"keywords\":[\"applaus\",\"betydningen\",\"gesten\",\"klappe\",\"Opprinnelsen\",\"til\"],\"articleSection\":[\"Samfunn\"],\"inLanguage\":\"nb-NO\"},{\"@type\":\"WebPage\",\"@id\":\"https:\/\/nordnesrepublikken.no\/index.php\/2025\/11\/08\/betydningen-og-opprinnelsen-til-applaus-gesten-av-a-klappe\/\",\"url\":\"https:\/\/nordnesrepublikken.no\/index.php\/2025\/11\/08\/betydningen-og-opprinnelsen-til-applaus-gesten-av-a-klappe\/\",\"name\":\"Betydningen og opprinnelsen til applaus, gesten av \u00e5 klappe - Nordnesrepublikken\",\"isPartOf\":{\"@id\":\"https:\/\/nordnesrepublikken.no\/#website\"},\"primaryImageOfPage\":{\"@id\":\"https:\/\/nordnesrepublikken.no\/index.php\/2025\/11\/08\/betydningen-og-opprinnelsen-til-applaus-gesten-av-a-klappe\/#primaryimage\"},\"image\":{\"@id\":\"https:\/\/nordnesrepublikken.no\/index.php\/2025\/11\/08\/betydningen-og-opprinnelsen-til-applaus-gesten-av-a-klappe\/#primaryimage\"},\"thumbnailUrl\":\"https:\/\/nordnesrepublikken.no\/wp-content\/uploads\/2025\/11\/1762624268_Betydningen-og-opprinnelsen-til-applaus-gesten-av-a-klappe-scaled.jpg\",\"datePublished\":\"2025-11-08T17:51:07+00:00\",\"dateModified\":\"2025-11-08T17:51:16+00:00\",\"breadcrumb\":{\"@id\":\"https:\/\/nordnesrepublikken.no\/index.php\/2025\/11\/08\/betydningen-og-opprinnelsen-til-applaus-gesten-av-a-klappe\/#breadcrumb\"},\"inLanguage\":\"nb-NO\",\"potentialAction\":[{\"@type\":\"ReadAction\",\"target\":[\"https:\/\/nordnesrepublikken.no\/index.php\/2025\/11\/08\/betydningen-og-opprinnelsen-til-applaus-gesten-av-a-klappe\/\"]}]},{\"@type\":\"ImageObject\",\"inLanguage\":\"nb-NO\",\"@id\":\"https:\/\/nordnesrepublikken.no\/index.php\/2025\/11\/08\/betydningen-og-opprinnelsen-til-applaus-gesten-av-a-klappe\/#primaryimage\",\"url\":\"https:\/\/nordnesrepublikken.no\/wp-content\/uploads\/2025\/11\/1762624268_Betydningen-og-opprinnelsen-til-applaus-gesten-av-a-klappe-scaled.jpg\",\"contentUrl\":\"https:\/\/nordnesrepublikken.no\/wp-content\/uploads\/2025\/11\/1762624268_Betydningen-og-opprinnelsen-til-applaus-gesten-av-a-klappe-scaled.jpg\",\"width\":2560,\"height\":1707,\"caption\":\"Betydningen og opprinnelsen til applaus, gesten av \u00e5 klappe\"},{\"@type\":\"BreadcrumbList\",\"@id\":\"https:\/\/nordnesrepublikken.no\/index.php\/2025\/11\/08\/betydningen-og-opprinnelsen-til-applaus-gesten-av-a-klappe\/#breadcrumb\",\"itemListElement\":[{\"@type\":\"ListItem\",\"position\":1,\"name\":\"Home\",\"item\":\"https:\/\/nordnesrepublikken.no\/\"},{\"@type\":\"ListItem\",\"position\":2,\"name\":\"Betydningen og opprinnelsen til applaus, gesten av \u00e5 klappe\"}]},{\"@type\":\"WebSite\",\"@id\":\"https:\/\/nordnesrepublikken.no\/#website\",\"url\":\"https:\/\/nordnesrepublikken.no\/\",\"name\":\"Nordnesrepublikken\",\"description\":\"Stemmer og Visjoner fra Republikkens Hjerte\",\"publisher\":{\"@id\":\"https:\/\/nordnesrepublikken.no\/#organization\"},\"potentialAction\":[{\"@type\":\"SearchAction\",\"target\":{\"@type\":\"EntryPoint\",\"urlTemplate\":\"https:\/\/nordnesrepublikken.no\/?s={search_term_string}\"},\"query-input\":{\"@type\":\"PropertyValueSpecification\",\"valueRequired\":true,\"valueName\":\"search_term_string\"}}],\"inLanguage\":\"nb-NO\"},{\"@type\":\"Organization\",\"@id\":\"https:\/\/nordnesrepublikken.no\/#organization\",\"name\":\"Nordnesrepublikken\",\"url\":\"https:\/\/nordnesrepublikken.no\/\",\"logo\":{\"@type\":\"ImageObject\",\"inLanguage\":\"nb-NO\",\"@id\":\"https:\/\/nordnesrepublikken.no\/#\/schema\/logo\/image\/\",\"url\":\"https:\/\/nordnesrepublikken.no\/wp-content\/uploads\/2025\/02\/cropped-nordnesrepublikken-2.png\",\"contentUrl\":\"https:\/\/nordnesrepublikken.no\/wp-content\/uploads\/2025\/02\/cropped-nordnesrepublikken-2.png\",\"width\":1248,\"height\":362,\"caption\":\"Nordnesrepublikken\"},\"image\":{\"@id\":\"https:\/\/nordnesrepublikken.no\/#\/schema\/logo\/image\/\"}},{\"@type\":\"Person\",\"@id\":\"https:\/\/nordnesrepublikken.no\/#\/schema\/person\/2e7e81935bab77882fffb79296240ff1\",\"name\":\"Ole Andersen\",\"image\":{\"@type\":\"ImageObject\",\"inLanguage\":\"nb-NO\",\"@id\":\"https:\/\/nordnesrepublikken.no\/#\/schema\/person\/image\/\",\"url\":\"https:\/\/nordnesrepublikken.no\/wp-content\/uploads\/2025\/02\/nordnesrepublikken-2-2-150x150.jpg\",\"contentUrl\":\"https:\/\/nordnesrepublikken.no\/wp-content\/uploads\/2025\/02\/nordnesrepublikken-2-2-150x150.jpg\",\"caption\":\"Ole Andersen\"},\"description\":\"Ettersom jeg vokste opp i Oslo, har jeg alltid v\u00e6rt fascinert av ordenes kraft og deres evne til \u00e5 skape endringer. Etter \u00e5 ha fullf\u00f8rt min utdannelse i kommunikasjon ved Universitetet i Bergen, fikk jeg muligheten til \u00e5 jobbe innen ulike medier, der jeg har s\u00f8kt \u00e5 belyse viktige samfunnssp\u00f8rsm\u00e5l. I dag, som redakt\u00f8r for Nordnesrepublikken, pr\u00f8ver jeg \u00e5 forene min kj\u00e6rlighet for journalistikk med min lidenskap for innovasjon og eventyr.\",\"sameAs\":[\"https:\/\/nordnesrepublikken.no\/\"]}]}<\/script>\n<!-- \/ Yoast SEO plugin. -->","yoast_head_json":{"title":"Betydningen og opprinnelsen til applaus, gesten av \u00e5 klappe - Nordnesrepublikken","robots":{"index":"index","follow":"follow","max-snippet":"max-snippet:-1","max-image-preview":"max-image-preview:large","max-video-preview":"max-video-preview:-1"},"canonical":"https:\/\/nordnesrepublikken.no\/index.php\/2025\/11\/08\/betydningen-og-opprinnelsen-til-applaus-gesten-av-a-klappe\/","og_locale":"nb_NO","og_type":"article","og_title":"Betydningen og opprinnelsen til applaus, gesten av \u00e5 klappe - Nordnesrepublikken","og_description":"Klapping er en universell gest som forteller historien om menneskeheten: fra primatenes instinktive kall til","og_url":"https:\/\/nordnesrepublikken.no\/index.php\/2025\/11\/08\/betydningen-og-opprinnelsen-til-applaus-gesten-av-a-klappe\/","og_site_name":"Nordnesrepublikken","article_published_time":"2025-11-08T17:51:07+00:00","article_modified_time":"2025-11-08T17:51:16+00:00","og_image":[{"width":2560,"height":1707,"url":"https:\/\/nordnesrepublikken.no\/wp-content\/uploads\/2025\/11\/1762624268_Betydningen-og-opprinnelsen-til-applaus-gesten-av-a-klappe-scaled.jpg","type":"image\/jpeg"}],"author":"Ole Andersen","twitter_card":"summary_large_image","twitter_misc":{"Skrevet av":"Ole Andersen","Ansl. lesetid":"4 minutter"},"schema":{"@context":"https:\/\/schema.org","@graph":[{"@type":"Article","@id":"https:\/\/nordnesrepublikken.no\/index.php\/2025\/11\/08\/betydningen-og-opprinnelsen-til-applaus-gesten-av-a-klappe\/#article","isPartOf":{"@id":"https:\/\/nordnesrepublikken.no\/index.php\/2025\/11\/08\/betydningen-og-opprinnelsen-til-applaus-gesten-av-a-klappe\/"},"author":{"name":"Ole Andersen","@id":"https:\/\/nordnesrepublikken.no\/#\/schema\/person\/2e7e81935bab77882fffb79296240ff1"},"headline":"Betydningen og opprinnelsen til applaus, gesten av \u00e5 klappe","datePublished":"2025-11-08T17:51:07+00:00","dateModified":"2025-11-08T17:51:16+00:00","mainEntityOfPage":{"@id":"https:\/\/nordnesrepublikken.no\/index.php\/2025\/11\/08\/betydningen-og-opprinnelsen-til-applaus-gesten-av-a-klappe\/"},"wordCount":710,"publisher":{"@id":"https:\/\/nordnesrepublikken.no\/#organization"},"image":{"@id":"https:\/\/nordnesrepublikken.no\/index.php\/2025\/11\/08\/betydningen-og-opprinnelsen-til-applaus-gesten-av-a-klappe\/#primaryimage"},"thumbnailUrl":"https:\/\/nordnesrepublikken.no\/wp-content\/uploads\/2025\/11\/1762624268_Betydningen-og-opprinnelsen-til-applaus-gesten-av-a-klappe-scaled.jpg","keywords":["applaus","betydningen","gesten","klappe","Opprinnelsen","til"],"articleSection":["Samfunn"],"inLanguage":"nb-NO"},{"@type":"WebPage","@id":"https:\/\/nordnesrepublikken.no\/index.php\/2025\/11\/08\/betydningen-og-opprinnelsen-til-applaus-gesten-av-a-klappe\/","url":"https:\/\/nordnesrepublikken.no\/index.php\/2025\/11\/08\/betydningen-og-opprinnelsen-til-applaus-gesten-av-a-klappe\/","name":"Betydningen og opprinnelsen til applaus, gesten av \u00e5 klappe - Nordnesrepublikken","isPartOf":{"@id":"https:\/\/nordnesrepublikken.no\/#website"},"primaryImageOfPage":{"@id":"https:\/\/nordnesrepublikken.no\/index.php\/2025\/11\/08\/betydningen-og-opprinnelsen-til-applaus-gesten-av-a-klappe\/#primaryimage"},"image":{"@id":"https:\/\/nordnesrepublikken.no\/index.php\/2025\/11\/08\/betydningen-og-opprinnelsen-til-applaus-gesten-av-a-klappe\/#primaryimage"},"thumbnailUrl":"https:\/\/nordnesrepublikken.no\/wp-content\/uploads\/2025\/11\/1762624268_Betydningen-og-opprinnelsen-til-applaus-gesten-av-a-klappe-scaled.jpg","datePublished":"2025-11-08T17:51:07+00:00","dateModified":"2025-11-08T17:51:16+00:00","breadcrumb":{"@id":"https:\/\/nordnesrepublikken.no\/index.php\/2025\/11\/08\/betydningen-og-opprinnelsen-til-applaus-gesten-av-a-klappe\/#breadcrumb"},"inLanguage":"nb-NO","potentialAction":[{"@type":"ReadAction","target":["https:\/\/nordnesrepublikken.no\/index.php\/2025\/11\/08\/betydningen-og-opprinnelsen-til-applaus-gesten-av-a-klappe\/"]}]},{"@type":"ImageObject","inLanguage":"nb-NO","@id":"https:\/\/nordnesrepublikken.no\/index.php\/2025\/11\/08\/betydningen-og-opprinnelsen-til-applaus-gesten-av-a-klappe\/#primaryimage","url":"https:\/\/nordnesrepublikken.no\/wp-content\/uploads\/2025\/11\/1762624268_Betydningen-og-opprinnelsen-til-applaus-gesten-av-a-klappe-scaled.jpg","contentUrl":"https:\/\/nordnesrepublikken.no\/wp-content\/uploads\/2025\/11\/1762624268_Betydningen-og-opprinnelsen-til-applaus-gesten-av-a-klappe-scaled.jpg","width":2560,"height":1707,"caption":"Betydningen og opprinnelsen til applaus, gesten av \u00e5 klappe"},{"@type":"BreadcrumbList","@id":"https:\/\/nordnesrepublikken.no\/index.php\/2025\/11\/08\/betydningen-og-opprinnelsen-til-applaus-gesten-av-a-klappe\/#breadcrumb","itemListElement":[{"@type":"ListItem","position":1,"name":"Home","item":"https:\/\/nordnesrepublikken.no\/"},{"@type":"ListItem","position":2,"name":"Betydningen og opprinnelsen til applaus, gesten av \u00e5 klappe"}]},{"@type":"WebSite","@id":"https:\/\/nordnesrepublikken.no\/#website","url":"https:\/\/nordnesrepublikken.no\/","name":"Nordnesrepublikken","description":"Stemmer og Visjoner fra Republikkens Hjerte","publisher":{"@id":"https:\/\/nordnesrepublikken.no\/#organization"},"potentialAction":[{"@type":"SearchAction","target":{"@type":"EntryPoint","urlTemplate":"https:\/\/nordnesrepublikken.no\/?s={search_term_string}"},"query-input":{"@type":"PropertyValueSpecification","valueRequired":true,"valueName":"search_term_string"}}],"inLanguage":"nb-NO"},{"@type":"Organization","@id":"https:\/\/nordnesrepublikken.no\/#organization","name":"Nordnesrepublikken","url":"https:\/\/nordnesrepublikken.no\/","logo":{"@type":"ImageObject","inLanguage":"nb-NO","@id":"https:\/\/nordnesrepublikken.no\/#\/schema\/logo\/image\/","url":"https:\/\/nordnesrepublikken.no\/wp-content\/uploads\/2025\/02\/cropped-nordnesrepublikken-2.png","contentUrl":"https:\/\/nordnesrepublikken.no\/wp-content\/uploads\/2025\/02\/cropped-nordnesrepublikken-2.png","width":1248,"height":362,"caption":"Nordnesrepublikken"},"image":{"@id":"https:\/\/nordnesrepublikken.no\/#\/schema\/logo\/image\/"}},{"@type":"Person","@id":"https:\/\/nordnesrepublikken.no\/#\/schema\/person\/2e7e81935bab77882fffb79296240ff1","name":"Ole Andersen","image":{"@type":"ImageObject","inLanguage":"nb-NO","@id":"https:\/\/nordnesrepublikken.no\/#\/schema\/person\/image\/","url":"https:\/\/nordnesrepublikken.no\/wp-content\/uploads\/2025\/02\/nordnesrepublikken-2-2-150x150.jpg","contentUrl":"https:\/\/nordnesrepublikken.no\/wp-content\/uploads\/2025\/02\/nordnesrepublikken-2-2-150x150.jpg","caption":"Ole Andersen"},"description":"Ettersom jeg vokste opp i Oslo, har jeg alltid v\u00e6rt fascinert av ordenes kraft og deres evne til \u00e5 skape endringer. Etter \u00e5 ha fullf\u00f8rt min utdannelse i kommunikasjon ved Universitetet i Bergen, fikk jeg muligheten til \u00e5 jobbe innen ulike medier, der jeg har s\u00f8kt \u00e5 belyse viktige samfunnssp\u00f8rsm\u00e5l. I dag, som redakt\u00f8r for Nordnesrepublikken, pr\u00f8ver jeg \u00e5 forene min kj\u00e6rlighet for journalistikk med min lidenskap for innovasjon og eventyr.","sameAs":["https:\/\/nordnesrepublikken.no\/"]}]}},"_links":{"self":[{"href":"https:\/\/nordnesrepublikken.no\/index.php\/wp-json\/wp\/v2\/posts\/11484","targetHints":{"allow":["GET"]}}],"collection":[{"href":"https:\/\/nordnesrepublikken.no\/index.php\/wp-json\/wp\/v2\/posts"}],"about":[{"href":"https:\/\/nordnesrepublikken.no\/index.php\/wp-json\/wp\/v2\/types\/post"}],"author":[{"embeddable":true,"href":"https:\/\/nordnesrepublikken.no\/index.php\/wp-json\/wp\/v2\/users\/1"}],"replies":[{"embeddable":true,"href":"https:\/\/nordnesrepublikken.no\/index.php\/wp-json\/wp\/v2\/comments?post=11484"}],"version-history":[{"count":1,"href":"https:\/\/nordnesrepublikken.no\/index.php\/wp-json\/wp\/v2\/posts\/11484\/revisions"}],"predecessor-version":[{"id":11486,"href":"https:\/\/nordnesrepublikken.no\/index.php\/wp-json\/wp\/v2\/posts\/11484\/revisions\/11486"}],"wp:featuredmedia":[{"embeddable":true,"href":"https:\/\/nordnesrepublikken.no\/index.php\/wp-json\/wp\/v2\/media\/11485"}],"wp:attachment":[{"href":"https:\/\/nordnesrepublikken.no\/index.php\/wp-json\/wp\/v2\/media?parent=11484"}],"wp:term":[{"taxonomy":"category","embeddable":true,"href":"https:\/\/nordnesrepublikken.no\/index.php\/wp-json\/wp\/v2\/categories?post=11484"},{"taxonomy":"post_tag","embeddable":true,"href":"https:\/\/nordnesrepublikken.no\/index.php\/wp-json\/wp\/v2\/tags?post=11484"}],"curies":[{"name":"wp","href":"https:\/\/api.w.org\/{rel}","templated":true}]}}