{"id":11472,"date":"2025-11-08T10:50:43","date_gmt":"2025-11-08T09:50:43","guid":{"rendered":"https:\/\/nordnesrepublikken.no\/index.php\/2025\/11\/08\/eurotunnel-ees-delay-hvorfor-sjaforer-fortsatt-ikke-blir-tatt-fingeravtrykk-ved-den-franske-grensen\/"},"modified":"2025-11-08T10:50:45","modified_gmt":"2025-11-08T09:50:45","slug":"eurotunnel-ees-delay-hvorfor-sjaforer-fortsatt-ikke-blir-tatt-fingeravtrykk-ved-den-franske-grensen","status":"publish","type":"post","link":"https:\/\/nordnesrepublikken.no\/index.php\/2025\/11\/08\/eurotunnel-ees-delay-hvorfor-sjaforer-fortsatt-ikke-blir-tatt-fingeravtrykk-ved-den-franske-grensen\/","title":{"rendered":"Eurotunnel EES Delay: Hvorfor sj\u00e5f\u00f8rer fortsatt ikke blir tatt fingeravtrykk ved den franske grensen"},"content":{"rendered":"<p><\/p>\n<div class=\"wordpress-content\">\n                    <!-- Article Start --><\/p>\n<p><strong>EUs nye inn-\/utreisesystem har stille og rolig startet for lastebiler og busser \u2013 men hvis du skal til Frankrike med bil, venter du fortsatt p\u00e5 en offisiell startdato. Her er hva som skjer.<\/strong><\/p>\n<p>Hvis du planlegger en reise til Frankrike med bil gjennom Eurotunnelen n\u00e5r som helst snart, har du sannsynligvis h\u00f8rt om EUs nye Entry\/Exit System (EES) \u2013 det som erstatter passstempling med ansiktsskanning og fingeravtrykkskontroll. Det var ment \u00e5 lanseres for alle reisende i h\u00f8st.<\/p>\n<h2>Og teknisk sett har det startet &#8230; men ikke for alle<\/h2>\n<p>Akkurat n\u00e5 brukes systemet kun for lastebilsj\u00e5f\u00f8rer og busspassasjerer. Reisende i bil gjennomg\u00e5r fortsatt de vanlige passkontrollene, som f\u00f8r. Det var ikke den opprinnelige planen, og nesten en m\u00e5ned etter at systemet delvis ble lansert, har vi fortsatt ikke en dato for n\u00e5r bilpassasjerer vil stille seg i k\u00f8en.<\/p>\n<div class=\"sra_unit\"><link rel=\"stylesheet\" id=\"block-sra\" href=\"https:\/\/euroweeklynews.com\/wp-content\/plugins\/snack-related-articles\/dist\/css\/snack-related.min.css?250312-193541\" type=\"text\/css\" media=\"all\">\n<\/div>\n<p>Eurotunnels morselskap, Getlink, sier at situasjonen er enkel:<br \/>\nde er klare, men de venter p\u00e5 at franske myndigheter skal bestemme n\u00e5r endringen faktisk skjer.<\/p>\n<p>&laquo;For personbiler bestemmes tidspunktet for EES-lanseringen av myndighetene,&raquo; forklarte en talsperson. &laquo;EU-rammeverket gir fleksibilitet, slik at franske myndigheter kan velge den mest passende datoen for \u00e5 administrere passasjertrafikken.&raquo;<\/p>\n<p>Med andre ord: <em>systemet er bygget, testet og sl\u00e5tt p\u00e5 \u2013 men Frankrike bestemmer n\u00e5r feriegjester begynner \u00e5 bruke det.<\/em><\/p>\n<h2>S\u00e5 hvem trenger \u00e5 bruke EES n\u00e5r det begynner?<\/h2>\n<p>De nye kontrollene gjelder for reisende utenfor EU, inkludert:<\/p>\n<ul>\n<li>Britiske passinnehavere<\/li>\n<li>Personer som bes\u00f8ker (ikke bor i) Frankrike eller det bredere Schengen-omr\u00e5det<\/li>\n<\/ul>\n<p>Hvis du er bosatt i Frankrike eller et annet Schengen-land, er du ikke ber\u00f8rt \u2013 s\u00e5 lenge du kan bevise det med riktig ID eller oppholdsdokument.<\/p>\n<p>F\u00f8rste gang du krysser inn under det nye systemet, m\u00e5 du:<\/p>\n<ul>\n<li>Skann passet ditt<\/li>\n<li>F\u00e5 ansiktet ditt fotografert<\/li>\n<li>Gi fingeravtrykk<\/li>\n<\/ul>\n<p>N\u00e5r det er gjort, lagres dataene dine for fremtidige turer, som <em>burde<\/em> gj\u00f8r reisen litt raskere neste gang. Det er i hvert fall tanken.<\/p>\n<h2>Hvorfor forsinkelsen for biler?<\/h2>\n<p>Flere EU-land \u2013 inkludert Frankrike \u2013 innr\u00f8mmet tidligere at de ikke var klare for full implementering p\u00e5 den opprinnelige m\u00e5ldatoen i 2024.<\/p>\n<p>For \u00e5 unng\u00e5 kaos ved h\u00f8ye reisetider, godkjente EU en trinnvis introduksjon over sommeren 2025. Planen var:<\/p>\n<ol>\n<li>Start med frakt og bussreiser.<\/li>\n<li>Legg til private biler noen uker senere, n\u00e5r alt gikk p\u00e5 skinner.<\/li>\n<\/ol>\n<p>Og s\u00e5 langt, for gods og busser, ser det ut til at ting fungerer \u00abjevnt, raskt og effektivt\u00bb, if\u00f8lge Getlink.<\/p>\n<p>Men n\u00e5r det gjelder privatbiler, er myndighetene sv\u00e6rt forsiktige. En d\u00e5rlig tidsbestemt utrulling kan lett f\u00f8re til lange k\u00f8er ved Folkestone og Calais \u2013 noe ingen \u00f8nsker seg i forkant av juleferien.<\/p>\n<p>Havnen i Dover har ogs\u00e5 bekreftet at mens den er klargjort, vil den ikke aktivere systemet for biler f\u00f8r Frankrike gir gr\u00f8nt lys \u2013 og de vil ha minst to ukers varsel f\u00f8r det skjer. Akkurat n\u00e5 har det ikke skjedd.<\/p>\n<p>S\u00e5 hvis du kj\u00f8rer snart:<br \/>\ningenting endres (enn\u00e5).<\/p>\n<p>Men der <em>er<\/em> en frist kommer<\/p>\n<p>EU vil ikke tillate forsinkelser for alltid. Under de trinnvise introduksjonsreglene:<\/p>\n<ul>\n<li>Innen midten av november skal minst 10 prosent av gjeldende grensepasseringer behandles med EES.<\/li>\n<li>I midten av januar stiger tallet til 35 prosent.<\/li>\n<li>Og innen seks m\u00e5neder m\u00e5 EES v\u00e6re fullt operativ ved franske inngangspunkter.<\/li>\n<\/ul>\n<p>Det er ogs\u00e5 bare et vindu p\u00e5 to m\u00e5neder der grenseoffiserer kan kj\u00f8re EES uten \u00e5 gj\u00f8re de fullstendige biometriske kontrollene. Etter det blir fingeravtrykk og ansiktsskanning obligatorisk.<\/p>\n<p>S\u00e5 selv om startdatoen for biler ikke er annonsert enn\u00e5, kan den ikke skyves uendelig tilbake.<br \/>\nN\u00e5r det kommer, kommer det raskt.<\/p>\n<h2>Hva dette betyr hvis du planlegger \u00e5 reise snart<\/h2>\n<p>Forel\u00f8pig:<\/p>\n<ul>\n<li>Bilpassasjerer bruker fortsatt standard passsjekker.<\/li>\n<li>Busspassasjerer og lastebilsj\u00e5f\u00f8rer er allerede p\u00e5 EES.<\/li>\n<\/ul>\n<p>Men n\u00e5r bilene bytter, b\u00f8r reisende forvente:<\/p>\n<ul>\n<li>Lengre saksbehandlingstid p\u00e5 f\u00f8rste tur<\/li>\n<li>Mulige k\u00f8er i h\u00f8ye reiseperioder<\/li>\n<li>Forbedret hastighet etter f\u00f8rste registrering<\/li>\n<\/ul>\n<p>Hvis du reiser til jul, vinterferie eller halvtidsreise, kan det n\u00f8yaktige tidspunktet utgj\u00f8re en merkbar forskjell.<\/p>\n<p>Vi vil f\u00f8lge situasjonen n\u00f8ye og vil rapportere umiddelbart n\u00e5r en bekreftet startdato er annonsert.<\/p>\n<p>                    <!-- Originally published at https:\/\/euroweeklynews.com\/2025\/11\/08\/eurotunnel-ees-delay-why-drivers-still-arent-being-fingerprinted-at-the-french-border\/ on 08 Nov 2025 at 8:28 by Farah Mokrani --><br \/>\n                    <!-- Article End -->\n                <\/div>\n","protected":false},"excerpt":{"rendered":"<p>EUs nye inn-\/utreisesystem har stille og rolig startet for lastebiler og busser \u2013 men hvis<\/p>\n","protected":false},"author":1,"featured_media":11473,"comment_status":"closed","ping_status":"open","sticky":false,"template":"","format":"standard","meta":{"footnotes":""},"categories":[105],"tags":[123,7555,74,6565,298,7556,157,2303,3561,101,187,1737,2725,231],"class_list":["post-11472","post","type-post","status-publish","format-standard","has-post-thumbnail","hentry","category-livsstil","tag-blir","tag-delay","tag-den","tag-ees","tag-eurotunnel","tag-fingeravtrykk","tag-fortsatt","tag-franske","tag-grensen","tag-hvorfor","tag-ikke","tag-sjaforer","tag-tatt","tag-ved","generate-columns","tablet-grid-50","mobile-grid-100","grid-parent","grid-33","resize-featured-image"],"yoast_head":"<!-- This site is optimized with the Yoast SEO plugin v24.4 - https:\/\/yoast.com\/wordpress\/plugins\/seo\/ -->\n<title>Eurotunnel EES Delay: Hvorfor sj\u00e5f\u00f8rer fortsatt ikke blir tatt fingeravtrykk ved den franske grensen - Nordnesrepublikken<\/title>\n<meta name=\"robots\" content=\"index, follow, max-snippet:-1, max-image-preview:large, max-video-preview:-1\" \/>\n<link rel=\"canonical\" href=\"https:\/\/nordnesrepublikken.no\/index.php\/2025\/11\/08\/eurotunnel-ees-delay-hvorfor-sjaforer-fortsatt-ikke-blir-tatt-fingeravtrykk-ved-den-franske-grensen\/\" \/>\n<meta property=\"og:locale\" content=\"nb_NO\" \/>\n<meta property=\"og:type\" content=\"article\" \/>\n<meta property=\"og:title\" content=\"Eurotunnel EES Delay: Hvorfor sj\u00e5f\u00f8rer fortsatt ikke blir tatt fingeravtrykk ved den franske grensen - Nordnesrepublikken\" \/>\n<meta property=\"og:description\" content=\"EUs nye inn-\/utreisesystem har stille og rolig startet for lastebiler og busser \u2013 men hvis\" \/>\n<meta property=\"og:url\" content=\"https:\/\/nordnesrepublikken.no\/index.php\/2025\/11\/08\/eurotunnel-ees-delay-hvorfor-sjaforer-fortsatt-ikke-blir-tatt-fingeravtrykk-ved-den-franske-grensen\/\" \/>\n<meta property=\"og:site_name\" content=\"Nordnesrepublikken\" \/>\n<meta property=\"article:published_time\" content=\"2025-11-08T09:50:43+00:00\" \/>\n<meta property=\"article:modified_time\" content=\"2025-11-08T09:50:45+00:00\" \/>\n<meta property=\"og:image\" content=\"https:\/\/nordnesrepublikken.no\/wp-content\/uploads\/2025\/11\/1762595444_Eurotunnel-EES-Delay-Hvorfor-sjaforer-fortsatt-ikke-blir-tatt-fingeravtrykk.jpg\" \/>\n\t<meta property=\"og:image:width\" content=\"1200\" \/>\n\t<meta property=\"og:image:height\" content=\"899\" \/>\n\t<meta property=\"og:image:type\" content=\"image\/jpeg\" \/>\n<meta name=\"author\" content=\"Ole Andersen\" \/>\n<meta name=\"twitter:card\" content=\"summary_large_image\" \/>\n<meta name=\"twitter:label1\" content=\"Skrevet av\" \/>\n\t<meta name=\"twitter:data1\" content=\"Ole Andersen\" \/>\n\t<meta name=\"twitter:label2\" content=\"Ansl. lesetid\" \/>\n\t<meta name=\"twitter:data2\" content=\"3 minutter\" \/>\n<script type=\"application\/ld+json\" class=\"yoast-schema-graph\">{\"@context\":\"https:\/\/schema.org\",\"@graph\":[{\"@type\":\"Article\",\"@id\":\"https:\/\/nordnesrepublikken.no\/index.php\/2025\/11\/08\/eurotunnel-ees-delay-hvorfor-sjaforer-fortsatt-ikke-blir-tatt-fingeravtrykk-ved-den-franske-grensen\/#article\",\"isPartOf\":{\"@id\":\"https:\/\/nordnesrepublikken.no\/index.php\/2025\/11\/08\/eurotunnel-ees-delay-hvorfor-sjaforer-fortsatt-ikke-blir-tatt-fingeravtrykk-ved-den-franske-grensen\/\"},\"author\":{\"name\":\"Ole Andersen\",\"@id\":\"https:\/\/nordnesrepublikken.no\/#\/schema\/person\/2e7e81935bab77882fffb79296240ff1\"},\"headline\":\"Eurotunnel EES Delay: Hvorfor sj\u00e5f\u00f8rer fortsatt ikke blir tatt fingeravtrykk ved den franske grensen\",\"datePublished\":\"2025-11-08T09:50:43+00:00\",\"dateModified\":\"2025-11-08T09:50:45+00:00\",\"mainEntityOfPage\":{\"@id\":\"https:\/\/nordnesrepublikken.no\/index.php\/2025\/11\/08\/eurotunnel-ees-delay-hvorfor-sjaforer-fortsatt-ikke-blir-tatt-fingeravtrykk-ved-den-franske-grensen\/\"},\"wordCount\":700,\"publisher\":{\"@id\":\"https:\/\/nordnesrepublikken.no\/#organization\"},\"image\":{\"@id\":\"https:\/\/nordnesrepublikken.no\/index.php\/2025\/11\/08\/eurotunnel-ees-delay-hvorfor-sjaforer-fortsatt-ikke-blir-tatt-fingeravtrykk-ved-den-franske-grensen\/#primaryimage\"},\"thumbnailUrl\":\"https:\/\/nordnesrepublikken.no\/wp-content\/uploads\/2025\/11\/1762595444_Eurotunnel-EES-Delay-Hvorfor-sjaforer-fortsatt-ikke-blir-tatt-fingeravtrykk.jpg\",\"keywords\":[\"blir\",\"Delay\",\"den\",\"Ees\",\"Eurotunnel\",\"fingeravtrykk\",\"fortsatt\",\"franske\",\"grensen\",\"hvorfor\",\"ikke\",\"sj\u00e5f\u00f8rer\",\"tatt\",\"ved\"],\"articleSection\":[\"Livsstil\"],\"inLanguage\":\"nb-NO\"},{\"@type\":\"WebPage\",\"@id\":\"https:\/\/nordnesrepublikken.no\/index.php\/2025\/11\/08\/eurotunnel-ees-delay-hvorfor-sjaforer-fortsatt-ikke-blir-tatt-fingeravtrykk-ved-den-franske-grensen\/\",\"url\":\"https:\/\/nordnesrepublikken.no\/index.php\/2025\/11\/08\/eurotunnel-ees-delay-hvorfor-sjaforer-fortsatt-ikke-blir-tatt-fingeravtrykk-ved-den-franske-grensen\/\",\"name\":\"Eurotunnel EES Delay: Hvorfor sj\u00e5f\u00f8rer fortsatt ikke blir tatt fingeravtrykk ved den franske grensen - Nordnesrepublikken\",\"isPartOf\":{\"@id\":\"https:\/\/nordnesrepublikken.no\/#website\"},\"primaryImageOfPage\":{\"@id\":\"https:\/\/nordnesrepublikken.no\/index.php\/2025\/11\/08\/eurotunnel-ees-delay-hvorfor-sjaforer-fortsatt-ikke-blir-tatt-fingeravtrykk-ved-den-franske-grensen\/#primaryimage\"},\"image\":{\"@id\":\"https:\/\/nordnesrepublikken.no\/index.php\/2025\/11\/08\/eurotunnel-ees-delay-hvorfor-sjaforer-fortsatt-ikke-blir-tatt-fingeravtrykk-ved-den-franske-grensen\/#primaryimage\"},\"thumbnailUrl\":\"https:\/\/nordnesrepublikken.no\/wp-content\/uploads\/2025\/11\/1762595444_Eurotunnel-EES-Delay-Hvorfor-sjaforer-fortsatt-ikke-blir-tatt-fingeravtrykk.jpg\",\"datePublished\":\"2025-11-08T09:50:43+00:00\",\"dateModified\":\"2025-11-08T09:50:45+00:00\",\"breadcrumb\":{\"@id\":\"https:\/\/nordnesrepublikken.no\/index.php\/2025\/11\/08\/eurotunnel-ees-delay-hvorfor-sjaforer-fortsatt-ikke-blir-tatt-fingeravtrykk-ved-den-franske-grensen\/#breadcrumb\"},\"inLanguage\":\"nb-NO\",\"potentialAction\":[{\"@type\":\"ReadAction\",\"target\":[\"https:\/\/nordnesrepublikken.no\/index.php\/2025\/11\/08\/eurotunnel-ees-delay-hvorfor-sjaforer-fortsatt-ikke-blir-tatt-fingeravtrykk-ved-den-franske-grensen\/\"]}]},{\"@type\":\"ImageObject\",\"inLanguage\":\"nb-NO\",\"@id\":\"https:\/\/nordnesrepublikken.no\/index.php\/2025\/11\/08\/eurotunnel-ees-delay-hvorfor-sjaforer-fortsatt-ikke-blir-tatt-fingeravtrykk-ved-den-franske-grensen\/#primaryimage\",\"url\":\"https:\/\/nordnesrepublikken.no\/wp-content\/uploads\/2025\/11\/1762595444_Eurotunnel-EES-Delay-Hvorfor-sjaforer-fortsatt-ikke-blir-tatt-fingeravtrykk.jpg\",\"contentUrl\":\"https:\/\/nordnesrepublikken.no\/wp-content\/uploads\/2025\/11\/1762595444_Eurotunnel-EES-Delay-Hvorfor-sjaforer-fortsatt-ikke-blir-tatt-fingeravtrykk.jpg\",\"width\":1200,\"height\":899,\"caption\":\"Eurotunnel EES Delay: Hvorfor sj\u00e5f\u00f8rer fortsatt ikke blir tatt fingeravtrykk ved den franske grensen\"},{\"@type\":\"BreadcrumbList\",\"@id\":\"https:\/\/nordnesrepublikken.no\/index.php\/2025\/11\/08\/eurotunnel-ees-delay-hvorfor-sjaforer-fortsatt-ikke-blir-tatt-fingeravtrykk-ved-den-franske-grensen\/#breadcrumb\",\"itemListElement\":[{\"@type\":\"ListItem\",\"position\":1,\"name\":\"Home\",\"item\":\"https:\/\/nordnesrepublikken.no\/\"},{\"@type\":\"ListItem\",\"position\":2,\"name\":\"Eurotunnel EES Delay: Hvorfor sj\u00e5f\u00f8rer fortsatt ikke blir tatt fingeravtrykk ved den franske grensen\"}]},{\"@type\":\"WebSite\",\"@id\":\"https:\/\/nordnesrepublikken.no\/#website\",\"url\":\"https:\/\/nordnesrepublikken.no\/\",\"name\":\"Nordnesrepublikken\",\"description\":\"Stemmer og Visjoner fra Republikkens Hjerte\",\"publisher\":{\"@id\":\"https:\/\/nordnesrepublikken.no\/#organization\"},\"potentialAction\":[{\"@type\":\"SearchAction\",\"target\":{\"@type\":\"EntryPoint\",\"urlTemplate\":\"https:\/\/nordnesrepublikken.no\/?s={search_term_string}\"},\"query-input\":{\"@type\":\"PropertyValueSpecification\",\"valueRequired\":true,\"valueName\":\"search_term_string\"}}],\"inLanguage\":\"nb-NO\"},{\"@type\":\"Organization\",\"@id\":\"https:\/\/nordnesrepublikken.no\/#organization\",\"name\":\"Nordnesrepublikken\",\"url\":\"https:\/\/nordnesrepublikken.no\/\",\"logo\":{\"@type\":\"ImageObject\",\"inLanguage\":\"nb-NO\",\"@id\":\"https:\/\/nordnesrepublikken.no\/#\/schema\/logo\/image\/\",\"url\":\"https:\/\/nordnesrepublikken.no\/wp-content\/uploads\/2025\/02\/cropped-nordnesrepublikken-2.png\",\"contentUrl\":\"https:\/\/nordnesrepublikken.no\/wp-content\/uploads\/2025\/02\/cropped-nordnesrepublikken-2.png\",\"width\":1248,\"height\":362,\"caption\":\"Nordnesrepublikken\"},\"image\":{\"@id\":\"https:\/\/nordnesrepublikken.no\/#\/schema\/logo\/image\/\"}},{\"@type\":\"Person\",\"@id\":\"https:\/\/nordnesrepublikken.no\/#\/schema\/person\/2e7e81935bab77882fffb79296240ff1\",\"name\":\"Ole Andersen\",\"image\":{\"@type\":\"ImageObject\",\"inLanguage\":\"nb-NO\",\"@id\":\"https:\/\/nordnesrepublikken.no\/#\/schema\/person\/image\/\",\"url\":\"https:\/\/nordnesrepublikken.no\/wp-content\/uploads\/2025\/02\/nordnesrepublikken-2-2-150x150.jpg\",\"contentUrl\":\"https:\/\/nordnesrepublikken.no\/wp-content\/uploads\/2025\/02\/nordnesrepublikken-2-2-150x150.jpg\",\"caption\":\"Ole Andersen\"},\"description\":\"Ettersom jeg vokste opp i Oslo, har jeg alltid v\u00e6rt fascinert av ordenes kraft og deres evne til \u00e5 skape endringer. Etter \u00e5 ha fullf\u00f8rt min utdannelse i kommunikasjon ved Universitetet i Bergen, fikk jeg muligheten til \u00e5 jobbe innen ulike medier, der jeg har s\u00f8kt \u00e5 belyse viktige samfunnssp\u00f8rsm\u00e5l. I dag, som redakt\u00f8r for Nordnesrepublikken, pr\u00f8ver jeg \u00e5 forene min kj\u00e6rlighet for journalistikk med min lidenskap for innovasjon og eventyr.\",\"sameAs\":[\"https:\/\/nordnesrepublikken.no\/\"]}]}<\/script>\n<!-- \/ Yoast SEO plugin. -->","yoast_head_json":{"title":"Eurotunnel EES Delay: Hvorfor sj\u00e5f\u00f8rer fortsatt ikke blir tatt fingeravtrykk ved den franske grensen - Nordnesrepublikken","robots":{"index":"index","follow":"follow","max-snippet":"max-snippet:-1","max-image-preview":"max-image-preview:large","max-video-preview":"max-video-preview:-1"},"canonical":"https:\/\/nordnesrepublikken.no\/index.php\/2025\/11\/08\/eurotunnel-ees-delay-hvorfor-sjaforer-fortsatt-ikke-blir-tatt-fingeravtrykk-ved-den-franske-grensen\/","og_locale":"nb_NO","og_type":"article","og_title":"Eurotunnel EES Delay: Hvorfor sj\u00e5f\u00f8rer fortsatt ikke blir tatt fingeravtrykk ved den franske grensen - Nordnesrepublikken","og_description":"EUs nye inn-\/utreisesystem har stille og rolig startet for lastebiler og busser \u2013 men hvis","og_url":"https:\/\/nordnesrepublikken.no\/index.php\/2025\/11\/08\/eurotunnel-ees-delay-hvorfor-sjaforer-fortsatt-ikke-blir-tatt-fingeravtrykk-ved-den-franske-grensen\/","og_site_name":"Nordnesrepublikken","article_published_time":"2025-11-08T09:50:43+00:00","article_modified_time":"2025-11-08T09:50:45+00:00","og_image":[{"width":1200,"height":899,"url":"https:\/\/nordnesrepublikken.no\/wp-content\/uploads\/2025\/11\/1762595444_Eurotunnel-EES-Delay-Hvorfor-sjaforer-fortsatt-ikke-blir-tatt-fingeravtrykk.jpg","type":"image\/jpeg"}],"author":"Ole Andersen","twitter_card":"summary_large_image","twitter_misc":{"Skrevet av":"Ole Andersen","Ansl. lesetid":"3 minutter"},"schema":{"@context":"https:\/\/schema.org","@graph":[{"@type":"Article","@id":"https:\/\/nordnesrepublikken.no\/index.php\/2025\/11\/08\/eurotunnel-ees-delay-hvorfor-sjaforer-fortsatt-ikke-blir-tatt-fingeravtrykk-ved-den-franske-grensen\/#article","isPartOf":{"@id":"https:\/\/nordnesrepublikken.no\/index.php\/2025\/11\/08\/eurotunnel-ees-delay-hvorfor-sjaforer-fortsatt-ikke-blir-tatt-fingeravtrykk-ved-den-franske-grensen\/"},"author":{"name":"Ole Andersen","@id":"https:\/\/nordnesrepublikken.no\/#\/schema\/person\/2e7e81935bab77882fffb79296240ff1"},"headline":"Eurotunnel EES Delay: Hvorfor sj\u00e5f\u00f8rer fortsatt ikke blir tatt fingeravtrykk ved den franske grensen","datePublished":"2025-11-08T09:50:43+00:00","dateModified":"2025-11-08T09:50:45+00:00","mainEntityOfPage":{"@id":"https:\/\/nordnesrepublikken.no\/index.php\/2025\/11\/08\/eurotunnel-ees-delay-hvorfor-sjaforer-fortsatt-ikke-blir-tatt-fingeravtrykk-ved-den-franske-grensen\/"},"wordCount":700,"publisher":{"@id":"https:\/\/nordnesrepublikken.no\/#organization"},"image":{"@id":"https:\/\/nordnesrepublikken.no\/index.php\/2025\/11\/08\/eurotunnel-ees-delay-hvorfor-sjaforer-fortsatt-ikke-blir-tatt-fingeravtrykk-ved-den-franske-grensen\/#primaryimage"},"thumbnailUrl":"https:\/\/nordnesrepublikken.no\/wp-content\/uploads\/2025\/11\/1762595444_Eurotunnel-EES-Delay-Hvorfor-sjaforer-fortsatt-ikke-blir-tatt-fingeravtrykk.jpg","keywords":["blir","Delay","den","Ees","Eurotunnel","fingeravtrykk","fortsatt","franske","grensen","hvorfor","ikke","sj\u00e5f\u00f8rer","tatt","ved"],"articleSection":["Livsstil"],"inLanguage":"nb-NO"},{"@type":"WebPage","@id":"https:\/\/nordnesrepublikken.no\/index.php\/2025\/11\/08\/eurotunnel-ees-delay-hvorfor-sjaforer-fortsatt-ikke-blir-tatt-fingeravtrykk-ved-den-franske-grensen\/","url":"https:\/\/nordnesrepublikken.no\/index.php\/2025\/11\/08\/eurotunnel-ees-delay-hvorfor-sjaforer-fortsatt-ikke-blir-tatt-fingeravtrykk-ved-den-franske-grensen\/","name":"Eurotunnel EES Delay: Hvorfor sj\u00e5f\u00f8rer fortsatt ikke blir tatt fingeravtrykk ved den franske grensen - Nordnesrepublikken","isPartOf":{"@id":"https:\/\/nordnesrepublikken.no\/#website"},"primaryImageOfPage":{"@id":"https:\/\/nordnesrepublikken.no\/index.php\/2025\/11\/08\/eurotunnel-ees-delay-hvorfor-sjaforer-fortsatt-ikke-blir-tatt-fingeravtrykk-ved-den-franske-grensen\/#primaryimage"},"image":{"@id":"https:\/\/nordnesrepublikken.no\/index.php\/2025\/11\/08\/eurotunnel-ees-delay-hvorfor-sjaforer-fortsatt-ikke-blir-tatt-fingeravtrykk-ved-den-franske-grensen\/#primaryimage"},"thumbnailUrl":"https:\/\/nordnesrepublikken.no\/wp-content\/uploads\/2025\/11\/1762595444_Eurotunnel-EES-Delay-Hvorfor-sjaforer-fortsatt-ikke-blir-tatt-fingeravtrykk.jpg","datePublished":"2025-11-08T09:50:43+00:00","dateModified":"2025-11-08T09:50:45+00:00","breadcrumb":{"@id":"https:\/\/nordnesrepublikken.no\/index.php\/2025\/11\/08\/eurotunnel-ees-delay-hvorfor-sjaforer-fortsatt-ikke-blir-tatt-fingeravtrykk-ved-den-franske-grensen\/#breadcrumb"},"inLanguage":"nb-NO","potentialAction":[{"@type":"ReadAction","target":["https:\/\/nordnesrepublikken.no\/index.php\/2025\/11\/08\/eurotunnel-ees-delay-hvorfor-sjaforer-fortsatt-ikke-blir-tatt-fingeravtrykk-ved-den-franske-grensen\/"]}]},{"@type":"ImageObject","inLanguage":"nb-NO","@id":"https:\/\/nordnesrepublikken.no\/index.php\/2025\/11\/08\/eurotunnel-ees-delay-hvorfor-sjaforer-fortsatt-ikke-blir-tatt-fingeravtrykk-ved-den-franske-grensen\/#primaryimage","url":"https:\/\/nordnesrepublikken.no\/wp-content\/uploads\/2025\/11\/1762595444_Eurotunnel-EES-Delay-Hvorfor-sjaforer-fortsatt-ikke-blir-tatt-fingeravtrykk.jpg","contentUrl":"https:\/\/nordnesrepublikken.no\/wp-content\/uploads\/2025\/11\/1762595444_Eurotunnel-EES-Delay-Hvorfor-sjaforer-fortsatt-ikke-blir-tatt-fingeravtrykk.jpg","width":1200,"height":899,"caption":"Eurotunnel EES Delay: Hvorfor sj\u00e5f\u00f8rer fortsatt ikke blir tatt fingeravtrykk ved den franske grensen"},{"@type":"BreadcrumbList","@id":"https:\/\/nordnesrepublikken.no\/index.php\/2025\/11\/08\/eurotunnel-ees-delay-hvorfor-sjaforer-fortsatt-ikke-blir-tatt-fingeravtrykk-ved-den-franske-grensen\/#breadcrumb","itemListElement":[{"@type":"ListItem","position":1,"name":"Home","item":"https:\/\/nordnesrepublikken.no\/"},{"@type":"ListItem","position":2,"name":"Eurotunnel EES Delay: Hvorfor sj\u00e5f\u00f8rer fortsatt ikke blir tatt fingeravtrykk ved den franske grensen"}]},{"@type":"WebSite","@id":"https:\/\/nordnesrepublikken.no\/#website","url":"https:\/\/nordnesrepublikken.no\/","name":"Nordnesrepublikken","description":"Stemmer og Visjoner fra Republikkens Hjerte","publisher":{"@id":"https:\/\/nordnesrepublikken.no\/#organization"},"potentialAction":[{"@type":"SearchAction","target":{"@type":"EntryPoint","urlTemplate":"https:\/\/nordnesrepublikken.no\/?s={search_term_string}"},"query-input":{"@type":"PropertyValueSpecification","valueRequired":true,"valueName":"search_term_string"}}],"inLanguage":"nb-NO"},{"@type":"Organization","@id":"https:\/\/nordnesrepublikken.no\/#organization","name":"Nordnesrepublikken","url":"https:\/\/nordnesrepublikken.no\/","logo":{"@type":"ImageObject","inLanguage":"nb-NO","@id":"https:\/\/nordnesrepublikken.no\/#\/schema\/logo\/image\/","url":"https:\/\/nordnesrepublikken.no\/wp-content\/uploads\/2025\/02\/cropped-nordnesrepublikken-2.png","contentUrl":"https:\/\/nordnesrepublikken.no\/wp-content\/uploads\/2025\/02\/cropped-nordnesrepublikken-2.png","width":1248,"height":362,"caption":"Nordnesrepublikken"},"image":{"@id":"https:\/\/nordnesrepublikken.no\/#\/schema\/logo\/image\/"}},{"@type":"Person","@id":"https:\/\/nordnesrepublikken.no\/#\/schema\/person\/2e7e81935bab77882fffb79296240ff1","name":"Ole Andersen","image":{"@type":"ImageObject","inLanguage":"nb-NO","@id":"https:\/\/nordnesrepublikken.no\/#\/schema\/person\/image\/","url":"https:\/\/nordnesrepublikken.no\/wp-content\/uploads\/2025\/02\/nordnesrepublikken-2-2-150x150.jpg","contentUrl":"https:\/\/nordnesrepublikken.no\/wp-content\/uploads\/2025\/02\/nordnesrepublikken-2-2-150x150.jpg","caption":"Ole Andersen"},"description":"Ettersom jeg vokste opp i Oslo, har jeg alltid v\u00e6rt fascinert av ordenes kraft og deres evne til \u00e5 skape endringer. Etter \u00e5 ha fullf\u00f8rt min utdannelse i kommunikasjon ved Universitetet i Bergen, fikk jeg muligheten til \u00e5 jobbe innen ulike medier, der jeg har s\u00f8kt \u00e5 belyse viktige samfunnssp\u00f8rsm\u00e5l. I dag, som redakt\u00f8r for Nordnesrepublikken, pr\u00f8ver jeg \u00e5 forene min kj\u00e6rlighet for journalistikk med min lidenskap for innovasjon og eventyr.","sameAs":["https:\/\/nordnesrepublikken.no\/"]}]}},"_links":{"self":[{"href":"https:\/\/nordnesrepublikken.no\/index.php\/wp-json\/wp\/v2\/posts\/11472","targetHints":{"allow":["GET"]}}],"collection":[{"href":"https:\/\/nordnesrepublikken.no\/index.php\/wp-json\/wp\/v2\/posts"}],"about":[{"href":"https:\/\/nordnesrepublikken.no\/index.php\/wp-json\/wp\/v2\/types\/post"}],"author":[{"embeddable":true,"href":"https:\/\/nordnesrepublikken.no\/index.php\/wp-json\/wp\/v2\/users\/1"}],"replies":[{"embeddable":true,"href":"https:\/\/nordnesrepublikken.no\/index.php\/wp-json\/wp\/v2\/comments?post=11472"}],"version-history":[{"count":1,"href":"https:\/\/nordnesrepublikken.no\/index.php\/wp-json\/wp\/v2\/posts\/11472\/revisions"}],"predecessor-version":[{"id":11474,"href":"https:\/\/nordnesrepublikken.no\/index.php\/wp-json\/wp\/v2\/posts\/11472\/revisions\/11474"}],"wp:featuredmedia":[{"embeddable":true,"href":"https:\/\/nordnesrepublikken.no\/index.php\/wp-json\/wp\/v2\/media\/11473"}],"wp:attachment":[{"href":"https:\/\/nordnesrepublikken.no\/index.php\/wp-json\/wp\/v2\/media?parent=11472"}],"wp:term":[{"taxonomy":"category","embeddable":true,"href":"https:\/\/nordnesrepublikken.no\/index.php\/wp-json\/wp\/v2\/categories?post=11472"},{"taxonomy":"post_tag","embeddable":true,"href":"https:\/\/nordnesrepublikken.no\/index.php\/wp-json\/wp\/v2\/tags?post=11472"}],"curies":[{"name":"wp","href":"https:\/\/api.w.org\/{rel}","templated":true}]}}