{"id":11470,"date":"2025-11-08T07:51:17","date_gmt":"2025-11-08T06:51:17","guid":{"rendered":"https:\/\/nordnesrepublikken.no\/index.php\/2025\/11\/08\/jordskjelv-i-campi-flegrei-en-ny-studie-legger-grunnlaget-for-a-forutsi-de-sterkeste-skjelvingene\/"},"modified":"2025-11-08T07:51:18","modified_gmt":"2025-11-08T06:51:18","slug":"jordskjelv-i-campi-flegrei-en-ny-studie-legger-grunnlaget-for-a-forutsi-de-sterkeste-skjelvingene","status":"publish","type":"post","link":"https:\/\/nordnesrepublikken.no\/index.php\/2025\/11\/08\/jordskjelv-i-campi-flegrei-en-ny-studie-legger-grunnlaget-for-a-forutsi-de-sterkeste-skjelvingene\/","title":{"rendered":"Jordskjelv i Campi Flegrei, en ny studie legger grunnlaget for \u00e5 forutsi de sterkeste skjelvingene"},"content":{"rendered":"<div>\n<div class=\"cp_wrapper cp_wrapper--fw mb-30 mb-20@tablet\">\n<figure class=\"mm\"><picture class=\"img\" style=\"padding-top:56.25%\"><source  media=\"(min-width: 1024px)\"><source  media=\"(min-width: 768px)\"><\/source><\/source><\/picture><\/figure>\n<\/p><\/div>\n<p>De viktigste jordskjelvene som oppst\u00e5r n\u00e6r <strong>Caldera av Campi Flegrei<\/strong> p\u00e5 grunn av det vulkanske fenomenet bradyseisme er forventet av en <strong>forberedende fase<\/strong> best\u00e5r av <strong>forl\u00f8persignaler<\/strong> betydelig. For \u00e5 dokumentere det, i en studie i bladet <em>JGR Solid Earth<\/em>er forskere fra University of Naples Federico II, fra Seismological Research Center ved National Institute of Oceanography and Experimental Geophysics (OGS) og fra University of Genoa. Ved \u00e5 integrere seismikk og grunndeformasjonsdata, identifiserte de en <strong>\u00f8kning i grunndeformasjon<\/strong> og av<strong>energi frigjort ved sm\u00e5 jordskjelv <\/strong>f\u00f8r hver st\u00f8rre seismisk hendelse. Selv om det fortsatt er tidlig \u00e5 snakke om sp\u00e5dommer, representerer studien det f\u00f8rste viktige skrittet i denne forstand: i fremtiden kan det v\u00e6re mulig, i denne sammenhengen, \u00e5 estimere den potensielle st\u00f8rrelsen p\u00e5 store jordskjelv med<strong> noen dager for tidlig<\/strong>.<\/p>\n<h2><strong>Studien om forl\u00f8persignalene til sterke jordskjelv i Campi Flegrei<\/strong><\/h2>\n<p>De siste \u00e5rene ved Campi Flegrei har det v\u00e6rt en progressiv \u00f8kning i seismisk aktivitet og bakkel\u00f8ft. Opprinnelsen til fenomenet er<strong>\u00f8kning i trykk<\/strong> av meteorisk vann akkumulert under jorden: disse v\u00e6skene, oppvarmet av gassene frigjort av magmaen som er tilstede dypt inne, utvider seg, ut\u00f8ver betydelig trykk p\u00e5 bergartene og bestemmer deformasjonen av bakken, ledsaget av jordskjelv. De <strong>sammenheng mellom deformasjon og seismisitet<\/strong> ved Campi Flegrei er derfor velkjent, men den nye studien er nyskapende fordi den viser at integrering av data relatert til deformasjon og seismisitet potensielt kan tillate oss \u00e5 formulere<strong> kortsiktige prognoser<\/strong>. Dette tok forskerne hensyn til <strong>20 spesielt sterke jordskjelv <\/strong>og de tilh\u00f8rende seismiske sekvensene, som fant sted i kalderaen mellom 2015 og 2024. Disse hendelsene fant sted i n\u00e6rliggende omr\u00e5der, i Solfatara- og Pisciarelli-omr\u00e5det, hvor undergrunnen er sv\u00e6rt oppsprukket og mettet med gasser som er vanskelige \u00e5 slippe ut p\u00e5 grunn av tilstedev\u00e6relsen av d\u00e5rlig permeable dekkbergarter.<\/p>\n<div class=\"cp_wrapper cp_wrapper--fw mb-50\">\n<figure class=\"mm\"><picture class=\"img\" style=\"padding-top:70.344827586207%\"><source  media=\"(min-width: 1024px)\"><source  media=\"(min-width: 768px)\"><img decoding=\"async\" loading=\"lazy\" src=\"https:\/\/nordnesrepublikken.no\/wp-content\/uploads\/2025\/11\/Jordskjelv-i-Campi-Flegrei-en-ny-studie-legger-grunnlaget-for.jpg\" alt=\"Bilde\" width=\"870\" height=\"612\"\/><\/source><\/source><\/picture><\/figure>\n<\/p><\/div>\n<p>Analysene fokuserte p\u00e5 endringene som skjedde i l\u00f8pet av<strong> 100 dager tidligere<\/strong> til hver st\u00f8rre seismisk hendelse. Forskerne bekreftet dermed at hvert st\u00f8rre jordskjelv innledes av en \u00f8kning i begge<strong> deformasjon <\/strong>begge deler<strong>energi frigjort <\/strong>fra mikrojordskjelv. Disse variasjonene er sterkt tydelige <strong>korrelert med<\/strong> <strong>st\u00f8rrelse <\/strong>av den seismiske hendelsen.<\/p>\n<p>\u00abDenne korrelasjonen \u2013 understreker en av forfatterne av studien \u2013 tillot oss \u00e5 identifisere en n\u00f8kkelparameter, se <em>press<\/em> residual, som beskriver balansen mellom deformasjon og seismisitet.&raquo;<\/p>\n<div class=\"cp_wrapper cp_wrapper--fw mb-50\">\n<figure class=\"mm\"><picture class=\"img\" style=\"padding-top:39.227340267459%\"><source  media=\"(min-width: 1024px)\"><source  media=\"(min-width: 768px)\"><img decoding=\"async\" loading=\"lazy\" src=\"https:\/\/nordnesrepublikken.no\/wp-content\/uploads\/2025\/11\/1762584677_322_Jordskjelv-i-Campi-Flegrei-en-ny-studie-legger-grunnlaget-for.jpg\" alt=\"Bilde\" width=\"673\" height=\"264\" class=\"js-seedtag-img\"\/><\/source><\/source><\/picture><\/figure>\n<\/p><\/div>\n<h2><strong>Hva er hensikten med \u00e5 analysere deformasjon og seismisitet som g\u00e5r foran sterke jordskjelv<\/strong><\/h2>\n<p>Starter fra<strong> 2020<\/strong> ble spilt inn p\u00e5 Campi Flegrei <strong>rundt 20 000 jordskjelv<\/strong> med et hyposenter innen 3 km fra dybden: selv om de fleste hadde en styrke lavere enn 3, for\u00e5rsaket de, fordi de er overfladiske, kraftige bakken risting i et sv\u00e6rt tett befolket omr\u00e5de. Det er derfor klart at forbedring av<strong> seismisk risikoreduksjon<\/strong> det er en prioritet. Denne studien utgj\u00f8r en <strong>f\u00f8rste modell for prognoser<\/strong>noen dager i forveien, av den potensielle st\u00f8rrelsen til de sterkeste jordskjelvene. Dette betyr ikke at vi allerede kan forutsi dem, siden de fortsatt er der <strong>store usikkerhetsmomenter<\/strong> i utvikling av estimater og risiko for falske varsler. I fremtiden kan imidlertid ytterligere forskning knyttet til de forberedende fasene som forventer sterke jordskjelv gj\u00f8re dette mulig i vulkanske sammenhenger som Campi Flegrei. P\u00e5 denne m\u00e5ten ville de forbedre seg <strong>der <\/strong>risikoreduserende og<strong> beredskapsplanlegging og styring<\/strong> av Sivilbeskyttelsen.<\/p>\n<\/p><\/div>\n","protected":false},"excerpt":{"rendered":"<p>De viktigste jordskjelvene som oppst\u00e5r n\u00e6r Caldera av Campi Flegrei p\u00e5 grunn av det vulkanske<\/p>\n","protected":false},"author":1,"featured_media":4299,"comment_status":"closed","ping_status":"open","sticky":false,"template":"","format":"standard","meta":{"footnotes":""},"categories":[24],"tags":[432,1222,3270,2694,137,1310,7554,2943,1681],"class_list":["post-11470","post","type-post","status-publish","format-standard","has-post-thumbnail","hentry","category-vitenskap","tag-campi","tag-flegrei","tag-forutsi","tag-grunnlaget","tag-jordskjelv","tag-legger","tag-skjelvingene","tag-sterkeste","tag-studie","generate-columns","tablet-grid-50","mobile-grid-100","grid-parent","grid-33","resize-featured-image"],"yoast_head":"<!-- This site is optimized with the Yoast SEO plugin v24.4 - https:\/\/yoast.com\/wordpress\/plugins\/seo\/ -->\n<title>Jordskjelv i Campi Flegrei, en ny studie legger grunnlaget for \u00e5 forutsi de sterkeste skjelvingene - Nordnesrepublikken<\/title>\n<meta name=\"robots\" content=\"index, follow, max-snippet:-1, max-image-preview:large, max-video-preview:-1\" \/>\n<link rel=\"canonical\" href=\"https:\/\/nordnesrepublikken.no\/index.php\/2025\/11\/08\/jordskjelv-i-campi-flegrei-en-ny-studie-legger-grunnlaget-for-a-forutsi-de-sterkeste-skjelvingene\/\" \/>\n<meta property=\"og:locale\" content=\"nb_NO\" \/>\n<meta property=\"og:type\" content=\"article\" \/>\n<meta property=\"og:title\" content=\"Jordskjelv i Campi Flegrei, en ny studie legger grunnlaget for \u00e5 forutsi de sterkeste skjelvingene - Nordnesrepublikken\" \/>\n<meta property=\"og:description\" content=\"De viktigste jordskjelvene som oppst\u00e5r n\u00e6r Caldera av Campi Flegrei p\u00e5 grunn av det vulkanske\" \/>\n<meta property=\"og:url\" content=\"https:\/\/nordnesrepublikken.no\/index.php\/2025\/11\/08\/jordskjelv-i-campi-flegrei-en-ny-studie-legger-grunnlaget-for-a-forutsi-de-sterkeste-skjelvingene\/\" \/>\n<meta property=\"og:site_name\" content=\"Nordnesrepublikken\" \/>\n<meta property=\"article:published_time\" content=\"2025-11-08T06:51:17+00:00\" \/>\n<meta property=\"article:modified_time\" content=\"2025-11-08T06:51:18+00:00\" \/>\n<meta property=\"og:image\" content=\"https:\/\/nordnesrepublikken.no\/wp-content\/uploads\/2025\/05\/1746665428_CAMPI-FREGREI-den-direkte-arsaken-til-jordskjelv-ville-vaere-vann-scaled.jpeg\" \/>\n\t<meta property=\"og:image:width\" content=\"2560\" \/>\n\t<meta property=\"og:image:height\" content=\"1440\" \/>\n\t<meta property=\"og:image:type\" content=\"image\/jpeg\" \/>\n<meta name=\"author\" content=\"Ole Andersen\" \/>\n<meta name=\"twitter:card\" content=\"summary_large_image\" \/>\n<meta name=\"twitter:label1\" content=\"Skrevet av\" \/>\n\t<meta name=\"twitter:data1\" content=\"Ole Andersen\" \/>\n\t<meta name=\"twitter:label2\" content=\"Ansl. lesetid\" \/>\n\t<meta name=\"twitter:data2\" content=\"3 minutter\" \/>\n<script type=\"application\/ld+json\" class=\"yoast-schema-graph\">{\"@context\":\"https:\/\/schema.org\",\"@graph\":[{\"@type\":\"Article\",\"@id\":\"https:\/\/nordnesrepublikken.no\/index.php\/2025\/11\/08\/jordskjelv-i-campi-flegrei-en-ny-studie-legger-grunnlaget-for-a-forutsi-de-sterkeste-skjelvingene\/#article\",\"isPartOf\":{\"@id\":\"https:\/\/nordnesrepublikken.no\/index.php\/2025\/11\/08\/jordskjelv-i-campi-flegrei-en-ny-studie-legger-grunnlaget-for-a-forutsi-de-sterkeste-skjelvingene\/\"},\"author\":{\"name\":\"Ole Andersen\",\"@id\":\"https:\/\/nordnesrepublikken.no\/#\/schema\/person\/2e7e81935bab77882fffb79296240ff1\"},\"headline\":\"Jordskjelv i Campi Flegrei, en ny studie legger grunnlaget for \u00e5 forutsi de sterkeste skjelvingene\",\"datePublished\":\"2025-11-08T06:51:17+00:00\",\"dateModified\":\"2025-11-08T06:51:18+00:00\",\"mainEntityOfPage\":{\"@id\":\"https:\/\/nordnesrepublikken.no\/index.php\/2025\/11\/08\/jordskjelv-i-campi-flegrei-en-ny-studie-legger-grunnlaget-for-a-forutsi-de-sterkeste-skjelvingene\/\"},\"wordCount\":551,\"publisher\":{\"@id\":\"https:\/\/nordnesrepublikken.no\/#organization\"},\"image\":{\"@id\":\"https:\/\/nordnesrepublikken.no\/index.php\/2025\/11\/08\/jordskjelv-i-campi-flegrei-en-ny-studie-legger-grunnlaget-for-a-forutsi-de-sterkeste-skjelvingene\/#primaryimage\"},\"thumbnailUrl\":\"https:\/\/nordnesrepublikken.no\/wp-content\/uploads\/2025\/05\/1746665428_CAMPI-FREGREI-den-direkte-arsaken-til-jordskjelv-ville-vaere-vann-scaled.jpeg\",\"keywords\":[\"Campi\",\"flegrei\",\"forutsi\",\"grunnlaget\",\"Jordskjelv\",\"legger\",\"skjelvingene\",\"sterkeste\",\"studie\"],\"articleSection\":[\"Vitenskap\"],\"inLanguage\":\"nb-NO\"},{\"@type\":\"WebPage\",\"@id\":\"https:\/\/nordnesrepublikken.no\/index.php\/2025\/11\/08\/jordskjelv-i-campi-flegrei-en-ny-studie-legger-grunnlaget-for-a-forutsi-de-sterkeste-skjelvingene\/\",\"url\":\"https:\/\/nordnesrepublikken.no\/index.php\/2025\/11\/08\/jordskjelv-i-campi-flegrei-en-ny-studie-legger-grunnlaget-for-a-forutsi-de-sterkeste-skjelvingene\/\",\"name\":\"Jordskjelv i Campi Flegrei, en ny studie legger grunnlaget for \u00e5 forutsi de sterkeste skjelvingene - Nordnesrepublikken\",\"isPartOf\":{\"@id\":\"https:\/\/nordnesrepublikken.no\/#website\"},\"primaryImageOfPage\":{\"@id\":\"https:\/\/nordnesrepublikken.no\/index.php\/2025\/11\/08\/jordskjelv-i-campi-flegrei-en-ny-studie-legger-grunnlaget-for-a-forutsi-de-sterkeste-skjelvingene\/#primaryimage\"},\"image\":{\"@id\":\"https:\/\/nordnesrepublikken.no\/index.php\/2025\/11\/08\/jordskjelv-i-campi-flegrei-en-ny-studie-legger-grunnlaget-for-a-forutsi-de-sterkeste-skjelvingene\/#primaryimage\"},\"thumbnailUrl\":\"https:\/\/nordnesrepublikken.no\/wp-content\/uploads\/2025\/05\/1746665428_CAMPI-FREGREI-den-direkte-arsaken-til-jordskjelv-ville-vaere-vann-scaled.jpeg\",\"datePublished\":\"2025-11-08T06:51:17+00:00\",\"dateModified\":\"2025-11-08T06:51:18+00:00\",\"breadcrumb\":{\"@id\":\"https:\/\/nordnesrepublikken.no\/index.php\/2025\/11\/08\/jordskjelv-i-campi-flegrei-en-ny-studie-legger-grunnlaget-for-a-forutsi-de-sterkeste-skjelvingene\/#breadcrumb\"},\"inLanguage\":\"nb-NO\",\"potentialAction\":[{\"@type\":\"ReadAction\",\"target\":[\"https:\/\/nordnesrepublikken.no\/index.php\/2025\/11\/08\/jordskjelv-i-campi-flegrei-en-ny-studie-legger-grunnlaget-for-a-forutsi-de-sterkeste-skjelvingene\/\"]}]},{\"@type\":\"ImageObject\",\"inLanguage\":\"nb-NO\",\"@id\":\"https:\/\/nordnesrepublikken.no\/index.php\/2025\/11\/08\/jordskjelv-i-campi-flegrei-en-ny-studie-legger-grunnlaget-for-a-forutsi-de-sterkeste-skjelvingene\/#primaryimage\",\"url\":\"https:\/\/nordnesrepublikken.no\/wp-content\/uploads\/2025\/05\/1746665428_CAMPI-FREGREI-den-direkte-arsaken-til-jordskjelv-ville-vaere-vann-scaled.jpeg\",\"contentUrl\":\"https:\/\/nordnesrepublikken.no\/wp-content\/uploads\/2025\/05\/1746665428_CAMPI-FREGREI-den-direkte-arsaken-til-jordskjelv-ville-vaere-vann-scaled.jpeg\",\"width\":2560,\"height\":1440,\"caption\":\"origine terremoti campi flegrei\"},{\"@type\":\"BreadcrumbList\",\"@id\":\"https:\/\/nordnesrepublikken.no\/index.php\/2025\/11\/08\/jordskjelv-i-campi-flegrei-en-ny-studie-legger-grunnlaget-for-a-forutsi-de-sterkeste-skjelvingene\/#breadcrumb\",\"itemListElement\":[{\"@type\":\"ListItem\",\"position\":1,\"name\":\"Home\",\"item\":\"https:\/\/nordnesrepublikken.no\/\"},{\"@type\":\"ListItem\",\"position\":2,\"name\":\"Jordskjelv i Campi Flegrei, en ny studie legger grunnlaget for \u00e5 forutsi de sterkeste skjelvingene\"}]},{\"@type\":\"WebSite\",\"@id\":\"https:\/\/nordnesrepublikken.no\/#website\",\"url\":\"https:\/\/nordnesrepublikken.no\/\",\"name\":\"Nordnesrepublikken\",\"description\":\"Stemmer og Visjoner fra Republikkens Hjerte\",\"publisher\":{\"@id\":\"https:\/\/nordnesrepublikken.no\/#organization\"},\"potentialAction\":[{\"@type\":\"SearchAction\",\"target\":{\"@type\":\"EntryPoint\",\"urlTemplate\":\"https:\/\/nordnesrepublikken.no\/?s={search_term_string}\"},\"query-input\":{\"@type\":\"PropertyValueSpecification\",\"valueRequired\":true,\"valueName\":\"search_term_string\"}}],\"inLanguage\":\"nb-NO\"},{\"@type\":\"Organization\",\"@id\":\"https:\/\/nordnesrepublikken.no\/#organization\",\"name\":\"Nordnesrepublikken\",\"url\":\"https:\/\/nordnesrepublikken.no\/\",\"logo\":{\"@type\":\"ImageObject\",\"inLanguage\":\"nb-NO\",\"@id\":\"https:\/\/nordnesrepublikken.no\/#\/schema\/logo\/image\/\",\"url\":\"https:\/\/nordnesrepublikken.no\/wp-content\/uploads\/2025\/02\/cropped-nordnesrepublikken-2.png\",\"contentUrl\":\"https:\/\/nordnesrepublikken.no\/wp-content\/uploads\/2025\/02\/cropped-nordnesrepublikken-2.png\",\"width\":1248,\"height\":362,\"caption\":\"Nordnesrepublikken\"},\"image\":{\"@id\":\"https:\/\/nordnesrepublikken.no\/#\/schema\/logo\/image\/\"}},{\"@type\":\"Person\",\"@id\":\"https:\/\/nordnesrepublikken.no\/#\/schema\/person\/2e7e81935bab77882fffb79296240ff1\",\"name\":\"Ole Andersen\",\"image\":{\"@type\":\"ImageObject\",\"inLanguage\":\"nb-NO\",\"@id\":\"https:\/\/nordnesrepublikken.no\/#\/schema\/person\/image\/\",\"url\":\"https:\/\/nordnesrepublikken.no\/wp-content\/uploads\/2025\/02\/nordnesrepublikken-2-2-150x150.jpg\",\"contentUrl\":\"https:\/\/nordnesrepublikken.no\/wp-content\/uploads\/2025\/02\/nordnesrepublikken-2-2-150x150.jpg\",\"caption\":\"Ole Andersen\"},\"description\":\"Ettersom jeg vokste opp i Oslo, har jeg alltid v\u00e6rt fascinert av ordenes kraft og deres evne til \u00e5 skape endringer. Etter \u00e5 ha fullf\u00f8rt min utdannelse i kommunikasjon ved Universitetet i Bergen, fikk jeg muligheten til \u00e5 jobbe innen ulike medier, der jeg har s\u00f8kt \u00e5 belyse viktige samfunnssp\u00f8rsm\u00e5l. I dag, som redakt\u00f8r for Nordnesrepublikken, pr\u00f8ver jeg \u00e5 forene min kj\u00e6rlighet for journalistikk med min lidenskap for innovasjon og eventyr.\",\"sameAs\":[\"https:\/\/nordnesrepublikken.no\/\"]}]}<\/script>\n<!-- \/ Yoast SEO plugin. -->","yoast_head_json":{"title":"Jordskjelv i Campi Flegrei, en ny studie legger grunnlaget for \u00e5 forutsi de sterkeste skjelvingene - Nordnesrepublikken","robots":{"index":"index","follow":"follow","max-snippet":"max-snippet:-1","max-image-preview":"max-image-preview:large","max-video-preview":"max-video-preview:-1"},"canonical":"https:\/\/nordnesrepublikken.no\/index.php\/2025\/11\/08\/jordskjelv-i-campi-flegrei-en-ny-studie-legger-grunnlaget-for-a-forutsi-de-sterkeste-skjelvingene\/","og_locale":"nb_NO","og_type":"article","og_title":"Jordskjelv i Campi Flegrei, en ny studie legger grunnlaget for \u00e5 forutsi de sterkeste skjelvingene - Nordnesrepublikken","og_description":"De viktigste jordskjelvene som oppst\u00e5r n\u00e6r Caldera av Campi Flegrei p\u00e5 grunn av det vulkanske","og_url":"https:\/\/nordnesrepublikken.no\/index.php\/2025\/11\/08\/jordskjelv-i-campi-flegrei-en-ny-studie-legger-grunnlaget-for-a-forutsi-de-sterkeste-skjelvingene\/","og_site_name":"Nordnesrepublikken","article_published_time":"2025-11-08T06:51:17+00:00","article_modified_time":"2025-11-08T06:51:18+00:00","og_image":[{"width":2560,"height":1440,"url":"https:\/\/nordnesrepublikken.no\/wp-content\/uploads\/2025\/05\/1746665428_CAMPI-FREGREI-den-direkte-arsaken-til-jordskjelv-ville-vaere-vann-scaled.jpeg","type":"image\/jpeg"}],"author":"Ole Andersen","twitter_card":"summary_large_image","twitter_misc":{"Skrevet av":"Ole Andersen","Ansl. lesetid":"3 minutter"},"schema":{"@context":"https:\/\/schema.org","@graph":[{"@type":"Article","@id":"https:\/\/nordnesrepublikken.no\/index.php\/2025\/11\/08\/jordskjelv-i-campi-flegrei-en-ny-studie-legger-grunnlaget-for-a-forutsi-de-sterkeste-skjelvingene\/#article","isPartOf":{"@id":"https:\/\/nordnesrepublikken.no\/index.php\/2025\/11\/08\/jordskjelv-i-campi-flegrei-en-ny-studie-legger-grunnlaget-for-a-forutsi-de-sterkeste-skjelvingene\/"},"author":{"name":"Ole Andersen","@id":"https:\/\/nordnesrepublikken.no\/#\/schema\/person\/2e7e81935bab77882fffb79296240ff1"},"headline":"Jordskjelv i Campi Flegrei, en ny studie legger grunnlaget for \u00e5 forutsi de sterkeste skjelvingene","datePublished":"2025-11-08T06:51:17+00:00","dateModified":"2025-11-08T06:51:18+00:00","mainEntityOfPage":{"@id":"https:\/\/nordnesrepublikken.no\/index.php\/2025\/11\/08\/jordskjelv-i-campi-flegrei-en-ny-studie-legger-grunnlaget-for-a-forutsi-de-sterkeste-skjelvingene\/"},"wordCount":551,"publisher":{"@id":"https:\/\/nordnesrepublikken.no\/#organization"},"image":{"@id":"https:\/\/nordnesrepublikken.no\/index.php\/2025\/11\/08\/jordskjelv-i-campi-flegrei-en-ny-studie-legger-grunnlaget-for-a-forutsi-de-sterkeste-skjelvingene\/#primaryimage"},"thumbnailUrl":"https:\/\/nordnesrepublikken.no\/wp-content\/uploads\/2025\/05\/1746665428_CAMPI-FREGREI-den-direkte-arsaken-til-jordskjelv-ville-vaere-vann-scaled.jpeg","keywords":["Campi","flegrei","forutsi","grunnlaget","Jordskjelv","legger","skjelvingene","sterkeste","studie"],"articleSection":["Vitenskap"],"inLanguage":"nb-NO"},{"@type":"WebPage","@id":"https:\/\/nordnesrepublikken.no\/index.php\/2025\/11\/08\/jordskjelv-i-campi-flegrei-en-ny-studie-legger-grunnlaget-for-a-forutsi-de-sterkeste-skjelvingene\/","url":"https:\/\/nordnesrepublikken.no\/index.php\/2025\/11\/08\/jordskjelv-i-campi-flegrei-en-ny-studie-legger-grunnlaget-for-a-forutsi-de-sterkeste-skjelvingene\/","name":"Jordskjelv i Campi Flegrei, en ny studie legger grunnlaget for \u00e5 forutsi de sterkeste skjelvingene - Nordnesrepublikken","isPartOf":{"@id":"https:\/\/nordnesrepublikken.no\/#website"},"primaryImageOfPage":{"@id":"https:\/\/nordnesrepublikken.no\/index.php\/2025\/11\/08\/jordskjelv-i-campi-flegrei-en-ny-studie-legger-grunnlaget-for-a-forutsi-de-sterkeste-skjelvingene\/#primaryimage"},"image":{"@id":"https:\/\/nordnesrepublikken.no\/index.php\/2025\/11\/08\/jordskjelv-i-campi-flegrei-en-ny-studie-legger-grunnlaget-for-a-forutsi-de-sterkeste-skjelvingene\/#primaryimage"},"thumbnailUrl":"https:\/\/nordnesrepublikken.no\/wp-content\/uploads\/2025\/05\/1746665428_CAMPI-FREGREI-den-direkte-arsaken-til-jordskjelv-ville-vaere-vann-scaled.jpeg","datePublished":"2025-11-08T06:51:17+00:00","dateModified":"2025-11-08T06:51:18+00:00","breadcrumb":{"@id":"https:\/\/nordnesrepublikken.no\/index.php\/2025\/11\/08\/jordskjelv-i-campi-flegrei-en-ny-studie-legger-grunnlaget-for-a-forutsi-de-sterkeste-skjelvingene\/#breadcrumb"},"inLanguage":"nb-NO","potentialAction":[{"@type":"ReadAction","target":["https:\/\/nordnesrepublikken.no\/index.php\/2025\/11\/08\/jordskjelv-i-campi-flegrei-en-ny-studie-legger-grunnlaget-for-a-forutsi-de-sterkeste-skjelvingene\/"]}]},{"@type":"ImageObject","inLanguage":"nb-NO","@id":"https:\/\/nordnesrepublikken.no\/index.php\/2025\/11\/08\/jordskjelv-i-campi-flegrei-en-ny-studie-legger-grunnlaget-for-a-forutsi-de-sterkeste-skjelvingene\/#primaryimage","url":"https:\/\/nordnesrepublikken.no\/wp-content\/uploads\/2025\/05\/1746665428_CAMPI-FREGREI-den-direkte-arsaken-til-jordskjelv-ville-vaere-vann-scaled.jpeg","contentUrl":"https:\/\/nordnesrepublikken.no\/wp-content\/uploads\/2025\/05\/1746665428_CAMPI-FREGREI-den-direkte-arsaken-til-jordskjelv-ville-vaere-vann-scaled.jpeg","width":2560,"height":1440,"caption":"origine terremoti campi flegrei"},{"@type":"BreadcrumbList","@id":"https:\/\/nordnesrepublikken.no\/index.php\/2025\/11\/08\/jordskjelv-i-campi-flegrei-en-ny-studie-legger-grunnlaget-for-a-forutsi-de-sterkeste-skjelvingene\/#breadcrumb","itemListElement":[{"@type":"ListItem","position":1,"name":"Home","item":"https:\/\/nordnesrepublikken.no\/"},{"@type":"ListItem","position":2,"name":"Jordskjelv i Campi Flegrei, en ny studie legger grunnlaget for \u00e5 forutsi de sterkeste skjelvingene"}]},{"@type":"WebSite","@id":"https:\/\/nordnesrepublikken.no\/#website","url":"https:\/\/nordnesrepublikken.no\/","name":"Nordnesrepublikken","description":"Stemmer og Visjoner fra Republikkens Hjerte","publisher":{"@id":"https:\/\/nordnesrepublikken.no\/#organization"},"potentialAction":[{"@type":"SearchAction","target":{"@type":"EntryPoint","urlTemplate":"https:\/\/nordnesrepublikken.no\/?s={search_term_string}"},"query-input":{"@type":"PropertyValueSpecification","valueRequired":true,"valueName":"search_term_string"}}],"inLanguage":"nb-NO"},{"@type":"Organization","@id":"https:\/\/nordnesrepublikken.no\/#organization","name":"Nordnesrepublikken","url":"https:\/\/nordnesrepublikken.no\/","logo":{"@type":"ImageObject","inLanguage":"nb-NO","@id":"https:\/\/nordnesrepublikken.no\/#\/schema\/logo\/image\/","url":"https:\/\/nordnesrepublikken.no\/wp-content\/uploads\/2025\/02\/cropped-nordnesrepublikken-2.png","contentUrl":"https:\/\/nordnesrepublikken.no\/wp-content\/uploads\/2025\/02\/cropped-nordnesrepublikken-2.png","width":1248,"height":362,"caption":"Nordnesrepublikken"},"image":{"@id":"https:\/\/nordnesrepublikken.no\/#\/schema\/logo\/image\/"}},{"@type":"Person","@id":"https:\/\/nordnesrepublikken.no\/#\/schema\/person\/2e7e81935bab77882fffb79296240ff1","name":"Ole Andersen","image":{"@type":"ImageObject","inLanguage":"nb-NO","@id":"https:\/\/nordnesrepublikken.no\/#\/schema\/person\/image\/","url":"https:\/\/nordnesrepublikken.no\/wp-content\/uploads\/2025\/02\/nordnesrepublikken-2-2-150x150.jpg","contentUrl":"https:\/\/nordnesrepublikken.no\/wp-content\/uploads\/2025\/02\/nordnesrepublikken-2-2-150x150.jpg","caption":"Ole Andersen"},"description":"Ettersom jeg vokste opp i Oslo, har jeg alltid v\u00e6rt fascinert av ordenes kraft og deres evne til \u00e5 skape endringer. Etter \u00e5 ha fullf\u00f8rt min utdannelse i kommunikasjon ved Universitetet i Bergen, fikk jeg muligheten til \u00e5 jobbe innen ulike medier, der jeg har s\u00f8kt \u00e5 belyse viktige samfunnssp\u00f8rsm\u00e5l. I dag, som redakt\u00f8r for Nordnesrepublikken, pr\u00f8ver jeg \u00e5 forene min kj\u00e6rlighet for journalistikk med min lidenskap for innovasjon og eventyr.","sameAs":["https:\/\/nordnesrepublikken.no\/"]}]}},"_links":{"self":[{"href":"https:\/\/nordnesrepublikken.no\/index.php\/wp-json\/wp\/v2\/posts\/11470","targetHints":{"allow":["GET"]}}],"collection":[{"href":"https:\/\/nordnesrepublikken.no\/index.php\/wp-json\/wp\/v2\/posts"}],"about":[{"href":"https:\/\/nordnesrepublikken.no\/index.php\/wp-json\/wp\/v2\/types\/post"}],"author":[{"embeddable":true,"href":"https:\/\/nordnesrepublikken.no\/index.php\/wp-json\/wp\/v2\/users\/1"}],"replies":[{"embeddable":true,"href":"https:\/\/nordnesrepublikken.no\/index.php\/wp-json\/wp\/v2\/comments?post=11470"}],"version-history":[{"count":1,"href":"https:\/\/nordnesrepublikken.no\/index.php\/wp-json\/wp\/v2\/posts\/11470\/revisions"}],"predecessor-version":[{"id":11471,"href":"https:\/\/nordnesrepublikken.no\/index.php\/wp-json\/wp\/v2\/posts\/11470\/revisions\/11471"}],"wp:featuredmedia":[{"embeddable":true,"href":"https:\/\/nordnesrepublikken.no\/index.php\/wp-json\/wp\/v2\/media\/4299"}],"wp:attachment":[{"href":"https:\/\/nordnesrepublikken.no\/index.php\/wp-json\/wp\/v2\/media?parent=11470"}],"wp:term":[{"taxonomy":"category","embeddable":true,"href":"https:\/\/nordnesrepublikken.no\/index.php\/wp-json\/wp\/v2\/categories?post=11470"},{"taxonomy":"post_tag","embeddable":true,"href":"https:\/\/nordnesrepublikken.no\/index.php\/wp-json\/wp\/v2\/tags?post=11470"}],"curies":[{"name":"wp","href":"https:\/\/api.w.org\/{rel}","templated":true}]}}