{"id":11458,"date":"2025-11-07T21:50:25","date_gmt":"2025-11-07T20:50:25","guid":{"rendered":"https:\/\/nordnesrepublikken.no\/index.php\/2025\/11\/07\/mer-enn-halvparten-er-over-65-ar\/"},"modified":"2025-11-07T21:50:30","modified_gmt":"2025-11-07T20:50:30","slug":"mer-enn-halvparten-er-over-65-ar","status":"publish","type":"post","link":"https:\/\/nordnesrepublikken.no\/index.php\/2025\/11\/07\/mer-enn-halvparten-er-over-65-ar\/","title":{"rendered":"mer enn halvparten er over 65 \u00e5r"},"content":{"rendered":"<div>\n<div class=\"cp_wrapper cp_wrapper--fw mb-30 mb-20@tablet\">\n<figure class=\"mm\"><picture class=\"img\" style=\"padding-top:56.25%\"><source  media=\"(min-width: 1024px)\"><source  media=\"(min-width: 768px)\"><\/source><\/source><\/picture><\/figure>\n<\/p><\/div>\n<p>Hver dag i Italia er mer enn 40 syklister involvert i en trafikkulykke. De <strong>ulykker<\/strong> som involverer <strong>sykler<\/strong> representere <strong>10 % av totalen<\/strong> av trafikkulykker, men i absolutte tall betyr dette <strong>over 164 tusen ulykker <\/strong>p\u00e5 ti \u00e5r, med mer enn <strong>3000 d\u00f8de<\/strong> og over 150 tusen skadde, hvorav 17 tusen alvorlig i 2023 alene.<\/p>\n<p>Denne statistikken er fra en nylig <strong>studie av CRAFT \u2013 Competence Center on Anti-Fragile Territories of the Polytechnic of Milan<\/strong>basert p\u00e5 ISTAT-mikrodata, som publiserte den mest komplette kartleggingen som noen gang er utf\u00f8rt p\u00e5 sykkelulykker i Italia fra 2014 til 2023, inkludert alle typer sykkel, fra muskler til e-sykler.<\/p>\n<h2>Syklister ofre for trafikkulykker i 2025: tallene<\/h2>\n<p>Sykkelen er symbolet p\u00e5 b\u00e6rekraftig mobilitet: den forurenser ikke, er bra for helsen og reduserer trafikken. Men f\u00f8rst i 2023 skjedde de i Italia <strong>over 16 tusen ulykker<\/strong> involverer syklister: i gjennomsnitt <strong>45 per dag<\/strong>.<\/p>\n<p>Statistikken forteller ogs\u00e5 en annen ubehagelig sannhet: sykling i Italia kan ikke bare v\u00e6re veldig farlig, men noen ganger til og med d\u00f8delig. I de f\u00f8rste ni m\u00e5nedene av 2025, if\u00f8lge Cycling Observatory <strong>ASAPS-SAPIDATA<\/strong>det er de allerede <strong>d\u00f8d<\/strong> <strong>175 syklister<\/strong>mot i <strong>156<\/strong> av samme periode 2024: en \u00f8kning p\u00e5 <strong>12,2 %<\/strong>.<\/p>\n<h2>Hvor og n\u00e5r de fleste ulykkene skjer: kartlegging etter region<\/h2>\n<p>Ikke alle sykkelulykker er like: ca <strong>3 av 4 forekommer i byer<\/strong>men nesten halvparten av ofrene mister livet p\u00e5 veier utenom by, hvor hastigheten er h\u00f8yere og det mangler beskyttelse.<\/p>\n<p>De ser p\u00e5 de absolutte tallene <strong>Lombardia<\/strong> det er regionen der de forekommer <strong>b\u00e5de flere ulykker og flere d\u00f8dsfall<\/strong>. Bare i Milano kommune skjedde det mer enn 10 tusen ulykker fra 2014 til 2023. Etterfulgt av Emilia-Romagna, Veneto og Toscana: til sammen st\u00e5r disse fire regionene for nesten 70 % av sykkelulykkene i Italia.<\/p>\n<div class=\"cp_wrapper cp_wrapper--fw mb-50\">\n<figure class=\"mm\"><picture class=\"img\" style=\"padding-top:85.582010582011%\"><source  media=\"(min-width: 1024px)\"><source  media=\"(min-width: 768px)\"><img decoding=\"async\" loading=\"lazy\" src=\"https:\/\/nordnesrepublikken.no\/wp-content\/uploads\/2025\/11\/1762548624_611_mer-enn-halvparten-er-over-65-ar.jpg\" alt=\"Bilde\" width=\"756\" height=\"647\"\/><\/source><\/source><\/picture><\/figure>\n<\/p><\/div>\n<p>Regionene der sykler brukes mest (Trentino-Alto Adige, Veneto, Emilia-Romagna og Friuli-Venezia Giulia) er ogs\u00e5 de med h\u00f8yest ulykkesfrekvens. Friuli-Venezia Giulia er imidlertid tryggere enn Lombardia, sannsynligvis takket v\u00e6re et bedre sykkelnettverk og mer effektiv skilting.<\/p>\n<p>Dette gapet blir da enda tydeligere dersom vi g\u00e5r ned p\u00e5 provinsniv\u00e5. Mer enn \u00e9n av ti innbyggere bruker sykkel i Ferrara, Ravenna, Bolzano, Cremona og Rovigo, men den h\u00f8yeste frekvensen av ulykker ble registrert i <strong>Forl\u00ec-Cesena<\/strong>etterfulgt av Ravenna og Rimini.<\/p>\n<p>De fleste ulykker skjer <strong>kolliderer med biler (68 %)<\/strong>, <strong>tunge kj\u00f8ret\u00f8y eller motorsykler (11 %)<\/strong>: et tegn p\u00e5 at sameksistensen av sykler og motorvogner fortsatt er et kritisk punkt. De hyppigste ulykkene er faktisk for\u00e5rsaket av <strong>frontale og\/eller sidest\u00f8t<\/strong>ofte i kryss eller rundkj\u00f8ringer, eller p\u00e5 grunn av en p\u00e5kj\u00f8rsel bakfra eller kollisjon med et stoppende kj\u00f8ret\u00f8y. Uavhengige fall og ulykker p\u00e5 grunn av skrens eller \u00e5 g\u00e5 av veien forblir imidlertid en minoritet.<\/p>\n<p>Det er ikke problemet <strong>verken d\u00e5rlig v\u00e6r eller svingete veier<\/strong>: flertallet av ulykkene skjedde p\u00e5 rette strekninger, med klart v\u00e6r og t\u00f8rt veidekke. Og ikke engang sesongvariasjonen, som er ganske stabil over tid: Antall ulykker svinger mellom omtrent 9 % om vinteren og 11 % om sommeren.<\/p>\n<p>De farligste \u00f8yeblikkene i uken er<strong> L\u00f8rdag morgen<\/strong> mellom 10 og 12 og sen ettermiddag p\u00e5 hverdager, da trafikken er st\u00f8rst.<\/p>\n<h2>Menn er mest involvert i sykkelulykker<\/h2>\n<p>I alle aldersgrupper, <strong>menn er mest involvert<\/strong> ved sykkelulykker.<\/p>\n<p>Den st\u00f8rste andelen skader er konsentrert mellom 30 og 44 \u00e5r, men sykling kan ogs\u00e5 koste livet og halvparten av d\u00f8dsfallene gjelder syklister over 65 \u00e5r.<\/p>\n<div class=\"cp_wrapper cp_wrapper--fw mb-50\">\n<figure class=\"mm\"><picture class=\"img\" style=\"padding-top:63.946869070209%\"><source  media=\"(min-width: 1024px)\"><source  media=\"(min-width: 768px)\"><img decoding=\"async\" loading=\"lazy\" src=\"https:\/\/nordnesrepublikken.no\/wp-content\/uploads\/2025\/11\/1762548625_318_mer-enn-halvparten-er-over-65-ar.jpg\" alt=\"Bilde\" width=\"527\" height=\"337\" class=\"js-seedtag-img\"\/><\/source><\/source><\/picture><\/figure>\n<\/p><\/div>\n<p>Dataene over 65-\u00e5rene forteller om en generasjon som har gjenoppdaget sykling i pensjonisttilv\u00e6relsen, men som betaler prisen for \u00e5 v\u00e6re den mest s\u00e5rbare, b\u00e5de p\u00e5 grunn av fysiske faktorer (st\u00f8rre reaksjonstider) og mangelen p\u00e5 infrastruktur som virkelig er designet for tohjulinger og atskilt fra motorkj\u00f8ret\u00f8yer.<\/p>\n<\/p><\/div>\n","protected":false},"excerpt":{"rendered":"<p>Hver dag i Italia er mer enn 40 syklister involvert i en trafikkulykke. De ulykker<\/p>\n","protected":false},"author":1,"featured_media":11459,"comment_status":"closed","ping_status":"open","sticky":false,"template":"","format":"standard","meta":{"footnotes":""},"categories":[104],"tags":[595,380,4335,379],"class_list":["post-11458","post","type-post","status-publish","format-standard","has-post-thumbnail","hentry","category-samfunn","tag-ar","tag-enn","tag-halvparten","tag-mer","generate-columns","tablet-grid-50","mobile-grid-100","grid-parent","grid-33","resize-featured-image"],"yoast_head":"<!-- This site is optimized with the Yoast SEO plugin v24.4 - https:\/\/yoast.com\/wordpress\/plugins\/seo\/ -->\n<title>mer enn halvparten er over 65 \u00e5r - Nordnesrepublikken<\/title>\n<meta name=\"robots\" content=\"index, follow, max-snippet:-1, max-image-preview:large, max-video-preview:-1\" \/>\n<link rel=\"canonical\" href=\"https:\/\/nordnesrepublikken.no\/index.php\/2025\/11\/07\/mer-enn-halvparten-er-over-65-ar\/\" \/>\n<meta property=\"og:locale\" content=\"nb_NO\" \/>\n<meta property=\"og:type\" content=\"article\" \/>\n<meta property=\"og:title\" content=\"mer enn halvparten er over 65 \u00e5r - Nordnesrepublikken\" \/>\n<meta property=\"og:description\" content=\"Hver dag i Italia er mer enn 40 syklister involvert i en trafikkulykke. De ulykker\" \/>\n<meta property=\"og:url\" content=\"https:\/\/nordnesrepublikken.no\/index.php\/2025\/11\/07\/mer-enn-halvparten-er-over-65-ar\/\" \/>\n<meta property=\"og:site_name\" content=\"Nordnesrepublikken\" \/>\n<meta property=\"article:published_time\" content=\"2025-11-07T20:50:25+00:00\" \/>\n<meta property=\"article:modified_time\" content=\"2025-11-07T20:50:30+00:00\" \/>\n<meta property=\"og:image\" content=\"https:\/\/nordnesrepublikken.no\/wp-content\/uploads\/2025\/11\/1762548625_mer-enn-halvparten-er-over-65-ar.jpg\" \/>\n\t<meta property=\"og:image:width\" content=\"2120\" \/>\n\t<meta property=\"og:image:height\" content=\"1415\" \/>\n\t<meta property=\"og:image:type\" content=\"image\/jpeg\" \/>\n<meta name=\"author\" content=\"Ole Andersen\" \/>\n<meta name=\"twitter:card\" content=\"summary_large_image\" \/>\n<meta name=\"twitter:label1\" content=\"Skrevet av\" \/>\n\t<meta name=\"twitter:data1\" content=\"Ole Andersen\" \/>\n\t<meta name=\"twitter:label2\" content=\"Ansl. lesetid\" \/>\n\t<meta name=\"twitter:data2\" content=\"3 minutter\" \/>\n<script type=\"application\/ld+json\" class=\"yoast-schema-graph\">{\"@context\":\"https:\/\/schema.org\",\"@graph\":[{\"@type\":\"Article\",\"@id\":\"https:\/\/nordnesrepublikken.no\/index.php\/2025\/11\/07\/mer-enn-halvparten-er-over-65-ar\/#article\",\"isPartOf\":{\"@id\":\"https:\/\/nordnesrepublikken.no\/index.php\/2025\/11\/07\/mer-enn-halvparten-er-over-65-ar\/\"},\"author\":{\"name\":\"Ole Andersen\",\"@id\":\"https:\/\/nordnesrepublikken.no\/#\/schema\/person\/2e7e81935bab77882fffb79296240ff1\"},\"headline\":\"mer enn halvparten er over 65 \u00e5r\",\"datePublished\":\"2025-11-07T20:50:25+00:00\",\"dateModified\":\"2025-11-07T20:50:30+00:00\",\"mainEntityOfPage\":{\"@id\":\"https:\/\/nordnesrepublikken.no\/index.php\/2025\/11\/07\/mer-enn-halvparten-er-over-65-ar\/\"},\"wordCount\":603,\"publisher\":{\"@id\":\"https:\/\/nordnesrepublikken.no\/#organization\"},\"image\":{\"@id\":\"https:\/\/nordnesrepublikken.no\/index.php\/2025\/11\/07\/mer-enn-halvparten-er-over-65-ar\/#primaryimage\"},\"thumbnailUrl\":\"https:\/\/nordnesrepublikken.no\/wp-content\/uploads\/2025\/11\/1762548625_mer-enn-halvparten-er-over-65-ar.jpg\",\"keywords\":[\"\u00e5r\",\"enn\",\"halvparten\",\"mer\"],\"articleSection\":[\"Samfunn\"],\"inLanguage\":\"nb-NO\"},{\"@type\":\"WebPage\",\"@id\":\"https:\/\/nordnesrepublikken.no\/index.php\/2025\/11\/07\/mer-enn-halvparten-er-over-65-ar\/\",\"url\":\"https:\/\/nordnesrepublikken.no\/index.php\/2025\/11\/07\/mer-enn-halvparten-er-over-65-ar\/\",\"name\":\"mer enn halvparten er over 65 \u00e5r - Nordnesrepublikken\",\"isPartOf\":{\"@id\":\"https:\/\/nordnesrepublikken.no\/#website\"},\"primaryImageOfPage\":{\"@id\":\"https:\/\/nordnesrepublikken.no\/index.php\/2025\/11\/07\/mer-enn-halvparten-er-over-65-ar\/#primaryimage\"},\"image\":{\"@id\":\"https:\/\/nordnesrepublikken.no\/index.php\/2025\/11\/07\/mer-enn-halvparten-er-over-65-ar\/#primaryimage\"},\"thumbnailUrl\":\"https:\/\/nordnesrepublikken.no\/wp-content\/uploads\/2025\/11\/1762548625_mer-enn-halvparten-er-over-65-ar.jpg\",\"datePublished\":\"2025-11-07T20:50:25+00:00\",\"dateModified\":\"2025-11-07T20:50:30+00:00\",\"breadcrumb\":{\"@id\":\"https:\/\/nordnesrepublikken.no\/index.php\/2025\/11\/07\/mer-enn-halvparten-er-over-65-ar\/#breadcrumb\"},\"inLanguage\":\"nb-NO\",\"potentialAction\":[{\"@type\":\"ReadAction\",\"target\":[\"https:\/\/nordnesrepublikken.no\/index.php\/2025\/11\/07\/mer-enn-halvparten-er-over-65-ar\/\"]}]},{\"@type\":\"ImageObject\",\"inLanguage\":\"nb-NO\",\"@id\":\"https:\/\/nordnesrepublikken.no\/index.php\/2025\/11\/07\/mer-enn-halvparten-er-over-65-ar\/#primaryimage\",\"url\":\"https:\/\/nordnesrepublikken.no\/wp-content\/uploads\/2025\/11\/1762548625_mer-enn-halvparten-er-over-65-ar.jpg\",\"contentUrl\":\"https:\/\/nordnesrepublikken.no\/wp-content\/uploads\/2025\/11\/1762548625_mer-enn-halvparten-er-over-65-ar.jpg\",\"width\":2120,\"height\":1415,\"caption\":\"mer enn halvparten er over 65 \u00e5r\"},{\"@type\":\"BreadcrumbList\",\"@id\":\"https:\/\/nordnesrepublikken.no\/index.php\/2025\/11\/07\/mer-enn-halvparten-er-over-65-ar\/#breadcrumb\",\"itemListElement\":[{\"@type\":\"ListItem\",\"position\":1,\"name\":\"Home\",\"item\":\"https:\/\/nordnesrepublikken.no\/\"},{\"@type\":\"ListItem\",\"position\":2,\"name\":\"mer enn halvparten er over 65 \u00e5r\"}]},{\"@type\":\"WebSite\",\"@id\":\"https:\/\/nordnesrepublikken.no\/#website\",\"url\":\"https:\/\/nordnesrepublikken.no\/\",\"name\":\"Nordnesrepublikken\",\"description\":\"Stemmer og Visjoner fra Republikkens Hjerte\",\"publisher\":{\"@id\":\"https:\/\/nordnesrepublikken.no\/#organization\"},\"potentialAction\":[{\"@type\":\"SearchAction\",\"target\":{\"@type\":\"EntryPoint\",\"urlTemplate\":\"https:\/\/nordnesrepublikken.no\/?s={search_term_string}\"},\"query-input\":{\"@type\":\"PropertyValueSpecification\",\"valueRequired\":true,\"valueName\":\"search_term_string\"}}],\"inLanguage\":\"nb-NO\"},{\"@type\":\"Organization\",\"@id\":\"https:\/\/nordnesrepublikken.no\/#organization\",\"name\":\"Nordnesrepublikken\",\"url\":\"https:\/\/nordnesrepublikken.no\/\",\"logo\":{\"@type\":\"ImageObject\",\"inLanguage\":\"nb-NO\",\"@id\":\"https:\/\/nordnesrepublikken.no\/#\/schema\/logo\/image\/\",\"url\":\"https:\/\/nordnesrepublikken.no\/wp-content\/uploads\/2025\/02\/cropped-nordnesrepublikken-2.png\",\"contentUrl\":\"https:\/\/nordnesrepublikken.no\/wp-content\/uploads\/2025\/02\/cropped-nordnesrepublikken-2.png\",\"width\":1248,\"height\":362,\"caption\":\"Nordnesrepublikken\"},\"image\":{\"@id\":\"https:\/\/nordnesrepublikken.no\/#\/schema\/logo\/image\/\"}},{\"@type\":\"Person\",\"@id\":\"https:\/\/nordnesrepublikken.no\/#\/schema\/person\/2e7e81935bab77882fffb79296240ff1\",\"name\":\"Ole Andersen\",\"image\":{\"@type\":\"ImageObject\",\"inLanguage\":\"nb-NO\",\"@id\":\"https:\/\/nordnesrepublikken.no\/#\/schema\/person\/image\/\",\"url\":\"https:\/\/nordnesrepublikken.no\/wp-content\/uploads\/2025\/02\/nordnesrepublikken-2-2-150x150.jpg\",\"contentUrl\":\"https:\/\/nordnesrepublikken.no\/wp-content\/uploads\/2025\/02\/nordnesrepublikken-2-2-150x150.jpg\",\"caption\":\"Ole Andersen\"},\"description\":\"Ettersom jeg vokste opp i Oslo, har jeg alltid v\u00e6rt fascinert av ordenes kraft og deres evne til \u00e5 skape endringer. Etter \u00e5 ha fullf\u00f8rt min utdannelse i kommunikasjon ved Universitetet i Bergen, fikk jeg muligheten til \u00e5 jobbe innen ulike medier, der jeg har s\u00f8kt \u00e5 belyse viktige samfunnssp\u00f8rsm\u00e5l. I dag, som redakt\u00f8r for Nordnesrepublikken, pr\u00f8ver jeg \u00e5 forene min kj\u00e6rlighet for journalistikk med min lidenskap for innovasjon og eventyr.\",\"sameAs\":[\"https:\/\/nordnesrepublikken.no\/\"]}]}<\/script>\n<!-- \/ Yoast SEO plugin. -->","yoast_head_json":{"title":"mer enn halvparten er over 65 \u00e5r - Nordnesrepublikken","robots":{"index":"index","follow":"follow","max-snippet":"max-snippet:-1","max-image-preview":"max-image-preview:large","max-video-preview":"max-video-preview:-1"},"canonical":"https:\/\/nordnesrepublikken.no\/index.php\/2025\/11\/07\/mer-enn-halvparten-er-over-65-ar\/","og_locale":"nb_NO","og_type":"article","og_title":"mer enn halvparten er over 65 \u00e5r - Nordnesrepublikken","og_description":"Hver dag i Italia er mer enn 40 syklister involvert i en trafikkulykke. De ulykker","og_url":"https:\/\/nordnesrepublikken.no\/index.php\/2025\/11\/07\/mer-enn-halvparten-er-over-65-ar\/","og_site_name":"Nordnesrepublikken","article_published_time":"2025-11-07T20:50:25+00:00","article_modified_time":"2025-11-07T20:50:30+00:00","og_image":[{"width":2120,"height":1415,"url":"https:\/\/nordnesrepublikken.no\/wp-content\/uploads\/2025\/11\/1762548625_mer-enn-halvparten-er-over-65-ar.jpg","type":"image\/jpeg"}],"author":"Ole Andersen","twitter_card":"summary_large_image","twitter_misc":{"Skrevet av":"Ole Andersen","Ansl. lesetid":"3 minutter"},"schema":{"@context":"https:\/\/schema.org","@graph":[{"@type":"Article","@id":"https:\/\/nordnesrepublikken.no\/index.php\/2025\/11\/07\/mer-enn-halvparten-er-over-65-ar\/#article","isPartOf":{"@id":"https:\/\/nordnesrepublikken.no\/index.php\/2025\/11\/07\/mer-enn-halvparten-er-over-65-ar\/"},"author":{"name":"Ole Andersen","@id":"https:\/\/nordnesrepublikken.no\/#\/schema\/person\/2e7e81935bab77882fffb79296240ff1"},"headline":"mer enn halvparten er over 65 \u00e5r","datePublished":"2025-11-07T20:50:25+00:00","dateModified":"2025-11-07T20:50:30+00:00","mainEntityOfPage":{"@id":"https:\/\/nordnesrepublikken.no\/index.php\/2025\/11\/07\/mer-enn-halvparten-er-over-65-ar\/"},"wordCount":603,"publisher":{"@id":"https:\/\/nordnesrepublikken.no\/#organization"},"image":{"@id":"https:\/\/nordnesrepublikken.no\/index.php\/2025\/11\/07\/mer-enn-halvparten-er-over-65-ar\/#primaryimage"},"thumbnailUrl":"https:\/\/nordnesrepublikken.no\/wp-content\/uploads\/2025\/11\/1762548625_mer-enn-halvparten-er-over-65-ar.jpg","keywords":["\u00e5r","enn","halvparten","mer"],"articleSection":["Samfunn"],"inLanguage":"nb-NO"},{"@type":"WebPage","@id":"https:\/\/nordnesrepublikken.no\/index.php\/2025\/11\/07\/mer-enn-halvparten-er-over-65-ar\/","url":"https:\/\/nordnesrepublikken.no\/index.php\/2025\/11\/07\/mer-enn-halvparten-er-over-65-ar\/","name":"mer enn halvparten er over 65 \u00e5r - Nordnesrepublikken","isPartOf":{"@id":"https:\/\/nordnesrepublikken.no\/#website"},"primaryImageOfPage":{"@id":"https:\/\/nordnesrepublikken.no\/index.php\/2025\/11\/07\/mer-enn-halvparten-er-over-65-ar\/#primaryimage"},"image":{"@id":"https:\/\/nordnesrepublikken.no\/index.php\/2025\/11\/07\/mer-enn-halvparten-er-over-65-ar\/#primaryimage"},"thumbnailUrl":"https:\/\/nordnesrepublikken.no\/wp-content\/uploads\/2025\/11\/1762548625_mer-enn-halvparten-er-over-65-ar.jpg","datePublished":"2025-11-07T20:50:25+00:00","dateModified":"2025-11-07T20:50:30+00:00","breadcrumb":{"@id":"https:\/\/nordnesrepublikken.no\/index.php\/2025\/11\/07\/mer-enn-halvparten-er-over-65-ar\/#breadcrumb"},"inLanguage":"nb-NO","potentialAction":[{"@type":"ReadAction","target":["https:\/\/nordnesrepublikken.no\/index.php\/2025\/11\/07\/mer-enn-halvparten-er-over-65-ar\/"]}]},{"@type":"ImageObject","inLanguage":"nb-NO","@id":"https:\/\/nordnesrepublikken.no\/index.php\/2025\/11\/07\/mer-enn-halvparten-er-over-65-ar\/#primaryimage","url":"https:\/\/nordnesrepublikken.no\/wp-content\/uploads\/2025\/11\/1762548625_mer-enn-halvparten-er-over-65-ar.jpg","contentUrl":"https:\/\/nordnesrepublikken.no\/wp-content\/uploads\/2025\/11\/1762548625_mer-enn-halvparten-er-over-65-ar.jpg","width":2120,"height":1415,"caption":"mer enn halvparten er over 65 \u00e5r"},{"@type":"BreadcrumbList","@id":"https:\/\/nordnesrepublikken.no\/index.php\/2025\/11\/07\/mer-enn-halvparten-er-over-65-ar\/#breadcrumb","itemListElement":[{"@type":"ListItem","position":1,"name":"Home","item":"https:\/\/nordnesrepublikken.no\/"},{"@type":"ListItem","position":2,"name":"mer enn halvparten er over 65 \u00e5r"}]},{"@type":"WebSite","@id":"https:\/\/nordnesrepublikken.no\/#website","url":"https:\/\/nordnesrepublikken.no\/","name":"Nordnesrepublikken","description":"Stemmer og Visjoner fra Republikkens Hjerte","publisher":{"@id":"https:\/\/nordnesrepublikken.no\/#organization"},"potentialAction":[{"@type":"SearchAction","target":{"@type":"EntryPoint","urlTemplate":"https:\/\/nordnesrepublikken.no\/?s={search_term_string}"},"query-input":{"@type":"PropertyValueSpecification","valueRequired":true,"valueName":"search_term_string"}}],"inLanguage":"nb-NO"},{"@type":"Organization","@id":"https:\/\/nordnesrepublikken.no\/#organization","name":"Nordnesrepublikken","url":"https:\/\/nordnesrepublikken.no\/","logo":{"@type":"ImageObject","inLanguage":"nb-NO","@id":"https:\/\/nordnesrepublikken.no\/#\/schema\/logo\/image\/","url":"https:\/\/nordnesrepublikken.no\/wp-content\/uploads\/2025\/02\/cropped-nordnesrepublikken-2.png","contentUrl":"https:\/\/nordnesrepublikken.no\/wp-content\/uploads\/2025\/02\/cropped-nordnesrepublikken-2.png","width":1248,"height":362,"caption":"Nordnesrepublikken"},"image":{"@id":"https:\/\/nordnesrepublikken.no\/#\/schema\/logo\/image\/"}},{"@type":"Person","@id":"https:\/\/nordnesrepublikken.no\/#\/schema\/person\/2e7e81935bab77882fffb79296240ff1","name":"Ole Andersen","image":{"@type":"ImageObject","inLanguage":"nb-NO","@id":"https:\/\/nordnesrepublikken.no\/#\/schema\/person\/image\/","url":"https:\/\/nordnesrepublikken.no\/wp-content\/uploads\/2025\/02\/nordnesrepublikken-2-2-150x150.jpg","contentUrl":"https:\/\/nordnesrepublikken.no\/wp-content\/uploads\/2025\/02\/nordnesrepublikken-2-2-150x150.jpg","caption":"Ole Andersen"},"description":"Ettersom jeg vokste opp i Oslo, har jeg alltid v\u00e6rt fascinert av ordenes kraft og deres evne til \u00e5 skape endringer. Etter \u00e5 ha fullf\u00f8rt min utdannelse i kommunikasjon ved Universitetet i Bergen, fikk jeg muligheten til \u00e5 jobbe innen ulike medier, der jeg har s\u00f8kt \u00e5 belyse viktige samfunnssp\u00f8rsm\u00e5l. I dag, som redakt\u00f8r for Nordnesrepublikken, pr\u00f8ver jeg \u00e5 forene min kj\u00e6rlighet for journalistikk med min lidenskap for innovasjon og eventyr.","sameAs":["https:\/\/nordnesrepublikken.no\/"]}]}},"_links":{"self":[{"href":"https:\/\/nordnesrepublikken.no\/index.php\/wp-json\/wp\/v2\/posts\/11458","targetHints":{"allow":["GET"]}}],"collection":[{"href":"https:\/\/nordnesrepublikken.no\/index.php\/wp-json\/wp\/v2\/posts"}],"about":[{"href":"https:\/\/nordnesrepublikken.no\/index.php\/wp-json\/wp\/v2\/types\/post"}],"author":[{"embeddable":true,"href":"https:\/\/nordnesrepublikken.no\/index.php\/wp-json\/wp\/v2\/users\/1"}],"replies":[{"embeddable":true,"href":"https:\/\/nordnesrepublikken.no\/index.php\/wp-json\/wp\/v2\/comments?post=11458"}],"version-history":[{"count":1,"href":"https:\/\/nordnesrepublikken.no\/index.php\/wp-json\/wp\/v2\/posts\/11458\/revisions"}],"predecessor-version":[{"id":11460,"href":"https:\/\/nordnesrepublikken.no\/index.php\/wp-json\/wp\/v2\/posts\/11458\/revisions\/11460"}],"wp:featuredmedia":[{"embeddable":true,"href":"https:\/\/nordnesrepublikken.no\/index.php\/wp-json\/wp\/v2\/media\/11459"}],"wp:attachment":[{"href":"https:\/\/nordnesrepublikken.no\/index.php\/wp-json\/wp\/v2\/media?parent=11458"}],"wp:term":[{"taxonomy":"category","embeddable":true,"href":"https:\/\/nordnesrepublikken.no\/index.php\/wp-json\/wp\/v2\/categories?post=11458"},{"taxonomy":"post_tag","embeddable":true,"href":"https:\/\/nordnesrepublikken.no\/index.php\/wp-json\/wp\/v2\/tags?post=11458"}],"curies":[{"name":"wp","href":"https:\/\/api.w.org\/{rel}","templated":true}]}}