{"id":11455,"date":"2025-11-07T20:50:38","date_gmt":"2025-11-07T19:50:38","guid":{"rendered":"https:\/\/nordnesrepublikken.no\/index.php\/2025\/11\/07\/eus-sjostyrker-frigjor-maltesisk-tankskip-etter-somalisk-piratangrep\/"},"modified":"2025-11-07T20:50:40","modified_gmt":"2025-11-07T19:50:40","slug":"eus-sjostyrker-frigjor-maltesisk-tankskip-etter-somalisk-piratangrep","status":"publish","type":"post","link":"https:\/\/nordnesrepublikken.no\/index.php\/2025\/11\/07\/eus-sjostyrker-frigjor-maltesisk-tankskip-etter-somalisk-piratangrep\/","title":{"rendered":"EUs sj\u00f8styrker frigj\u00f8r maltesisk tankskip etter somalisk piratangrep"},"content":{"rendered":"<p><\/p>\n<div class=\"wordpress-content\">\n                    <!-- Article Start --><\/p>\n<p><strong>Den europeiske unions marinestyrker under operasjon Atalanta har med hell befridd det maltesisk-flaggede handelstankskipet <em>Hellas Afrodite<\/em> etter at den ble kapret av pirater utenfor Somalias kyst 6. november.<\/strong><\/p>\n<p>Alle de 24 besetningsmedlemmene er trygge og uskadde etter \u00e5 ha tatt tilflukt i skipets citadell under pr\u00f8velsen, som begynte morgenen f\u00f8r, rundt 700 nautiske mil fra Mogadishu.<\/p>\n<h2><strong>Somaliske pirater flykter<\/strong><\/h2>\n<p>I f\u00f8lge European Union Naval Force forlot piratene fart\u00f8yet etter en koordinert maktdemonstrasjon som involverte det spanske krigsskipet ESPS Victoria, dets helikopter, et ubemannet luftfart\u00f8y (UAV) og et spesielt operasjonsteam. Et maritim patrulje- og rekognoseringsfly deltok ogs\u00e5 i redningen. Operasjon Atalanta bekreftet at all kommunikasjon med flaggstaten, skipseier og besetningsmedlemmer ble opprettholdt gjennom hele oppdraget.<\/p>\n<div class=\"sra_unit\"><link rel=\"stylesheet\" id=\"block-sra\" href=\"https:\/\/euroweeklynews.com\/wp-content\/plugins\/snack-related-articles\/dist\/css\/snack-related.min.css?250312-193541\" type=\"text\/css\" media=\"all\">\n<\/div>\n<p>Som BBC News rapporterte <em>Hellas Afrodite<\/em> fraktet bensin fra India til S\u00f8r-Afrika da v\u00e6pnede pirater \u00e5pnet ild med maskingev\u00e6r og rakettdrevne granater f\u00f8r de gikk om bord i skipet. Mannskapet l\u00e5ste seg inne i det befestede citadellet og opprettholdt radiokontakt med Atalanta-hovedkvarteret under hele hendelsen. Det h\u00f8res ut som en scene fra filmen Captain Phillips.<\/p>\n<h2><strong>Piratrusselen er fortsatt kritisk<\/strong><\/h2>\n<p>EU-misjonen advarte om at den ansvarlige pirataksjonsgruppen (PAG) fortsatt er aktiv i omr\u00e5det. Sj\u00f8styrker fortsetter arbeidet med \u00e5 avskj\u00e6re.<\/p>\n<p>If\u00f8lge International Maritime Bureau ble det registrert syv pirathendelser utenfor Somalia i 2024, inkludert tre kapringer. Eksperter har advart om en fornyet risiko for piratkopiering i Det indiske hav ettersom skipsruter blir omdirigert rundt \u00d8st-Afrika p\u00e5 grunn av Houthi-oppr\u00f8rernes angrep i R\u00f8dehavet.<\/p>\n<p>Operasjon Atalanta har oppfordret handelsfart\u00f8yer og s\u00e5rbare fart\u00f8yer til \u00e5 registrere seg hos Maritime Security Center India Ocean under deres frivillige registreringsordning (VRS), for \u00e5 sikre rask overv\u00e5king og respons i tilfelle fremtidige trusler.<\/p>\n<p>Se alle europeiske nyheter.<\/p>\n<p>                    <!-- Originally published at https:\/\/euroweeklynews.com\/2025\/11\/07\/eu-naval-forces-free-maltese-tanker-after-somali-pirate-attack\/ on 07 Nov 2025 at 20:48 by Letara Draghia --><br \/>\n                    <!-- Article End -->\n                <\/div>\n","protected":false},"excerpt":{"rendered":"<p>Den europeiske unions marinestyrker under operasjon Atalanta har med hell befridd det maltesisk-flaggede handelstankskipet Hellas<\/p>\n","protected":false},"author":1,"featured_media":11456,"comment_status":"closed","ping_status":"open","sticky":false,"template":"","format":"standard","meta":{"footnotes":""},"categories":[105],"tags":[92,759,7544,7545,7548,7543,7547,7546],"class_list":["post-11455","post","type-post","status-publish","format-standard","has-post-thumbnail","hentry","category-livsstil","tag-etter","tag-eus","tag-frigjor","tag-maltesisk","tag-piratangrep","tag-sjostyrker","tag-somalisk","tag-tankskip","generate-columns","tablet-grid-50","mobile-grid-100","grid-parent","grid-33","resize-featured-image"],"yoast_head":"<!-- This site is optimized with the Yoast SEO plugin v24.4 - https:\/\/yoast.com\/wordpress\/plugins\/seo\/ -->\n<title>EUs sj\u00f8styrker frigj\u00f8r maltesisk tankskip etter somalisk piratangrep - Nordnesrepublikken<\/title>\n<meta name=\"robots\" content=\"index, follow, max-snippet:-1, max-image-preview:large, max-video-preview:-1\" \/>\n<link rel=\"canonical\" href=\"https:\/\/nordnesrepublikken.no\/index.php\/2025\/11\/07\/eus-sjostyrker-frigjor-maltesisk-tankskip-etter-somalisk-piratangrep\/\" \/>\n<meta property=\"og:locale\" content=\"nb_NO\" \/>\n<meta property=\"og:type\" content=\"article\" \/>\n<meta property=\"og:title\" content=\"EUs sj\u00f8styrker frigj\u00f8r maltesisk tankskip etter somalisk piratangrep - Nordnesrepublikken\" \/>\n<meta property=\"og:description\" content=\"Den europeiske unions marinestyrker under operasjon Atalanta har med hell befridd det maltesisk-flaggede handelstankskipet Hellas\" \/>\n<meta property=\"og:url\" content=\"https:\/\/nordnesrepublikken.no\/index.php\/2025\/11\/07\/eus-sjostyrker-frigjor-maltesisk-tankskip-etter-somalisk-piratangrep\/\" \/>\n<meta property=\"og:site_name\" content=\"Nordnesrepublikken\" \/>\n<meta property=\"article:published_time\" content=\"2025-11-07T19:50:38+00:00\" \/>\n<meta property=\"article:modified_time\" content=\"2025-11-07T19:50:40+00:00\" \/>\n<meta property=\"og:image\" content=\"https:\/\/nordnesrepublikken.no\/wp-content\/uploads\/2025\/11\/1762545039_EUs-sjostyrker-frigjor-maltesisk-tankskip-etter-somalisk-piratangrep.jpeg\" \/>\n\t<meta property=\"og:image:width\" content=\"1200\" \/>\n\t<meta property=\"og:image:height\" content=\"888\" \/>\n\t<meta property=\"og:image:type\" content=\"image\/jpeg\" \/>\n<meta name=\"author\" content=\"Ole Andersen\" \/>\n<meta name=\"twitter:card\" content=\"summary_large_image\" \/>\n<meta name=\"twitter:label1\" content=\"Skrevet av\" \/>\n\t<meta name=\"twitter:data1\" content=\"Ole Andersen\" \/>\n\t<meta name=\"twitter:label2\" content=\"Ansl. lesetid\" \/>\n\t<meta name=\"twitter:data2\" content=\"1 minutt\" \/>\n<script type=\"application\/ld+json\" class=\"yoast-schema-graph\">{\"@context\":\"https:\/\/schema.org\",\"@graph\":[{\"@type\":\"Article\",\"@id\":\"https:\/\/nordnesrepublikken.no\/index.php\/2025\/11\/07\/eus-sjostyrker-frigjor-maltesisk-tankskip-etter-somalisk-piratangrep\/#article\",\"isPartOf\":{\"@id\":\"https:\/\/nordnesrepublikken.no\/index.php\/2025\/11\/07\/eus-sjostyrker-frigjor-maltesisk-tankskip-etter-somalisk-piratangrep\/\"},\"author\":{\"name\":\"Ole Andersen\",\"@id\":\"https:\/\/nordnesrepublikken.no\/#\/schema\/person\/2e7e81935bab77882fffb79296240ff1\"},\"headline\":\"EUs sj\u00f8styrker frigj\u00f8r maltesisk tankskip etter somalisk piratangrep\",\"datePublished\":\"2025-11-07T19:50:38+00:00\",\"dateModified\":\"2025-11-07T19:50:40+00:00\",\"mainEntityOfPage\":{\"@id\":\"https:\/\/nordnesrepublikken.no\/index.php\/2025\/11\/07\/eus-sjostyrker-frigjor-maltesisk-tankskip-etter-somalisk-piratangrep\/\"},\"wordCount\":295,\"publisher\":{\"@id\":\"https:\/\/nordnesrepublikken.no\/#organization\"},\"image\":{\"@id\":\"https:\/\/nordnesrepublikken.no\/index.php\/2025\/11\/07\/eus-sjostyrker-frigjor-maltesisk-tankskip-etter-somalisk-piratangrep\/#primaryimage\"},\"thumbnailUrl\":\"https:\/\/nordnesrepublikken.no\/wp-content\/uploads\/2025\/11\/1762545039_EUs-sjostyrker-frigjor-maltesisk-tankskip-etter-somalisk-piratangrep.jpeg\",\"keywords\":[\"Etter\",\"EUs\",\"frigj\u00f8r\",\"maltesisk\",\"piratangrep\",\"sj\u00f8styrker\",\"somalisk\",\"tankskip\"],\"articleSection\":[\"Livsstil\"],\"inLanguage\":\"nb-NO\"},{\"@type\":\"WebPage\",\"@id\":\"https:\/\/nordnesrepublikken.no\/index.php\/2025\/11\/07\/eus-sjostyrker-frigjor-maltesisk-tankskip-etter-somalisk-piratangrep\/\",\"url\":\"https:\/\/nordnesrepublikken.no\/index.php\/2025\/11\/07\/eus-sjostyrker-frigjor-maltesisk-tankskip-etter-somalisk-piratangrep\/\",\"name\":\"EUs sj\u00f8styrker frigj\u00f8r maltesisk tankskip etter somalisk piratangrep - Nordnesrepublikken\",\"isPartOf\":{\"@id\":\"https:\/\/nordnesrepublikken.no\/#website\"},\"primaryImageOfPage\":{\"@id\":\"https:\/\/nordnesrepublikken.no\/index.php\/2025\/11\/07\/eus-sjostyrker-frigjor-maltesisk-tankskip-etter-somalisk-piratangrep\/#primaryimage\"},\"image\":{\"@id\":\"https:\/\/nordnesrepublikken.no\/index.php\/2025\/11\/07\/eus-sjostyrker-frigjor-maltesisk-tankskip-etter-somalisk-piratangrep\/#primaryimage\"},\"thumbnailUrl\":\"https:\/\/nordnesrepublikken.no\/wp-content\/uploads\/2025\/11\/1762545039_EUs-sjostyrker-frigjor-maltesisk-tankskip-etter-somalisk-piratangrep.jpeg\",\"datePublished\":\"2025-11-07T19:50:38+00:00\",\"dateModified\":\"2025-11-07T19:50:40+00:00\",\"breadcrumb\":{\"@id\":\"https:\/\/nordnesrepublikken.no\/index.php\/2025\/11\/07\/eus-sjostyrker-frigjor-maltesisk-tankskip-etter-somalisk-piratangrep\/#breadcrumb\"},\"inLanguage\":\"nb-NO\",\"potentialAction\":[{\"@type\":\"ReadAction\",\"target\":[\"https:\/\/nordnesrepublikken.no\/index.php\/2025\/11\/07\/eus-sjostyrker-frigjor-maltesisk-tankskip-etter-somalisk-piratangrep\/\"]}]},{\"@type\":\"ImageObject\",\"inLanguage\":\"nb-NO\",\"@id\":\"https:\/\/nordnesrepublikken.no\/index.php\/2025\/11\/07\/eus-sjostyrker-frigjor-maltesisk-tankskip-etter-somalisk-piratangrep\/#primaryimage\",\"url\":\"https:\/\/nordnesrepublikken.no\/wp-content\/uploads\/2025\/11\/1762545039_EUs-sjostyrker-frigjor-maltesisk-tankskip-etter-somalisk-piratangrep.jpeg\",\"contentUrl\":\"https:\/\/nordnesrepublikken.no\/wp-content\/uploads\/2025\/11\/1762545039_EUs-sjostyrker-frigjor-maltesisk-tankskip-etter-somalisk-piratangrep.jpeg\",\"width\":1200,\"height\":888,\"caption\":\"EUs sj\u00f8styrker frigj\u00f8r maltesisk tankskip etter somalisk piratangrep\"},{\"@type\":\"BreadcrumbList\",\"@id\":\"https:\/\/nordnesrepublikken.no\/index.php\/2025\/11\/07\/eus-sjostyrker-frigjor-maltesisk-tankskip-etter-somalisk-piratangrep\/#breadcrumb\",\"itemListElement\":[{\"@type\":\"ListItem\",\"position\":1,\"name\":\"Home\",\"item\":\"https:\/\/nordnesrepublikken.no\/\"},{\"@type\":\"ListItem\",\"position\":2,\"name\":\"EUs sj\u00f8styrker frigj\u00f8r maltesisk tankskip etter somalisk piratangrep\"}]},{\"@type\":\"WebSite\",\"@id\":\"https:\/\/nordnesrepublikken.no\/#website\",\"url\":\"https:\/\/nordnesrepublikken.no\/\",\"name\":\"Nordnesrepublikken\",\"description\":\"Stemmer og Visjoner fra Republikkens Hjerte\",\"publisher\":{\"@id\":\"https:\/\/nordnesrepublikken.no\/#organization\"},\"potentialAction\":[{\"@type\":\"SearchAction\",\"target\":{\"@type\":\"EntryPoint\",\"urlTemplate\":\"https:\/\/nordnesrepublikken.no\/?s={search_term_string}\"},\"query-input\":{\"@type\":\"PropertyValueSpecification\",\"valueRequired\":true,\"valueName\":\"search_term_string\"}}],\"inLanguage\":\"nb-NO\"},{\"@type\":\"Organization\",\"@id\":\"https:\/\/nordnesrepublikken.no\/#organization\",\"name\":\"Nordnesrepublikken\",\"url\":\"https:\/\/nordnesrepublikken.no\/\",\"logo\":{\"@type\":\"ImageObject\",\"inLanguage\":\"nb-NO\",\"@id\":\"https:\/\/nordnesrepublikken.no\/#\/schema\/logo\/image\/\",\"url\":\"https:\/\/nordnesrepublikken.no\/wp-content\/uploads\/2025\/02\/cropped-nordnesrepublikken-2.png\",\"contentUrl\":\"https:\/\/nordnesrepublikken.no\/wp-content\/uploads\/2025\/02\/cropped-nordnesrepublikken-2.png\",\"width\":1248,\"height\":362,\"caption\":\"Nordnesrepublikken\"},\"image\":{\"@id\":\"https:\/\/nordnesrepublikken.no\/#\/schema\/logo\/image\/\"}},{\"@type\":\"Person\",\"@id\":\"https:\/\/nordnesrepublikken.no\/#\/schema\/person\/2e7e81935bab77882fffb79296240ff1\",\"name\":\"Ole Andersen\",\"image\":{\"@type\":\"ImageObject\",\"inLanguage\":\"nb-NO\",\"@id\":\"https:\/\/nordnesrepublikken.no\/#\/schema\/person\/image\/\",\"url\":\"https:\/\/nordnesrepublikken.no\/wp-content\/uploads\/2025\/02\/nordnesrepublikken-2-2-150x150.jpg\",\"contentUrl\":\"https:\/\/nordnesrepublikken.no\/wp-content\/uploads\/2025\/02\/nordnesrepublikken-2-2-150x150.jpg\",\"caption\":\"Ole Andersen\"},\"description\":\"Ettersom jeg vokste opp i Oslo, har jeg alltid v\u00e6rt fascinert av ordenes kraft og deres evne til \u00e5 skape endringer. Etter \u00e5 ha fullf\u00f8rt min utdannelse i kommunikasjon ved Universitetet i Bergen, fikk jeg muligheten til \u00e5 jobbe innen ulike medier, der jeg har s\u00f8kt \u00e5 belyse viktige samfunnssp\u00f8rsm\u00e5l. I dag, som redakt\u00f8r for Nordnesrepublikken, pr\u00f8ver jeg \u00e5 forene min kj\u00e6rlighet for journalistikk med min lidenskap for innovasjon og eventyr.\",\"sameAs\":[\"https:\/\/nordnesrepublikken.no\/\"]}]}<\/script>\n<!-- \/ Yoast SEO plugin. -->","yoast_head_json":{"title":"EUs sj\u00f8styrker frigj\u00f8r maltesisk tankskip etter somalisk piratangrep - Nordnesrepublikken","robots":{"index":"index","follow":"follow","max-snippet":"max-snippet:-1","max-image-preview":"max-image-preview:large","max-video-preview":"max-video-preview:-1"},"canonical":"https:\/\/nordnesrepublikken.no\/index.php\/2025\/11\/07\/eus-sjostyrker-frigjor-maltesisk-tankskip-etter-somalisk-piratangrep\/","og_locale":"nb_NO","og_type":"article","og_title":"EUs sj\u00f8styrker frigj\u00f8r maltesisk tankskip etter somalisk piratangrep - Nordnesrepublikken","og_description":"Den europeiske unions marinestyrker under operasjon Atalanta har med hell befridd det maltesisk-flaggede handelstankskipet Hellas","og_url":"https:\/\/nordnesrepublikken.no\/index.php\/2025\/11\/07\/eus-sjostyrker-frigjor-maltesisk-tankskip-etter-somalisk-piratangrep\/","og_site_name":"Nordnesrepublikken","article_published_time":"2025-11-07T19:50:38+00:00","article_modified_time":"2025-11-07T19:50:40+00:00","og_image":[{"width":1200,"height":888,"url":"https:\/\/nordnesrepublikken.no\/wp-content\/uploads\/2025\/11\/1762545039_EUs-sjostyrker-frigjor-maltesisk-tankskip-etter-somalisk-piratangrep.jpeg","type":"image\/jpeg"}],"author":"Ole Andersen","twitter_card":"summary_large_image","twitter_misc":{"Skrevet av":"Ole Andersen","Ansl. lesetid":"1 minutt"},"schema":{"@context":"https:\/\/schema.org","@graph":[{"@type":"Article","@id":"https:\/\/nordnesrepublikken.no\/index.php\/2025\/11\/07\/eus-sjostyrker-frigjor-maltesisk-tankskip-etter-somalisk-piratangrep\/#article","isPartOf":{"@id":"https:\/\/nordnesrepublikken.no\/index.php\/2025\/11\/07\/eus-sjostyrker-frigjor-maltesisk-tankskip-etter-somalisk-piratangrep\/"},"author":{"name":"Ole Andersen","@id":"https:\/\/nordnesrepublikken.no\/#\/schema\/person\/2e7e81935bab77882fffb79296240ff1"},"headline":"EUs sj\u00f8styrker frigj\u00f8r maltesisk tankskip etter somalisk piratangrep","datePublished":"2025-11-07T19:50:38+00:00","dateModified":"2025-11-07T19:50:40+00:00","mainEntityOfPage":{"@id":"https:\/\/nordnesrepublikken.no\/index.php\/2025\/11\/07\/eus-sjostyrker-frigjor-maltesisk-tankskip-etter-somalisk-piratangrep\/"},"wordCount":295,"publisher":{"@id":"https:\/\/nordnesrepublikken.no\/#organization"},"image":{"@id":"https:\/\/nordnesrepublikken.no\/index.php\/2025\/11\/07\/eus-sjostyrker-frigjor-maltesisk-tankskip-etter-somalisk-piratangrep\/#primaryimage"},"thumbnailUrl":"https:\/\/nordnesrepublikken.no\/wp-content\/uploads\/2025\/11\/1762545039_EUs-sjostyrker-frigjor-maltesisk-tankskip-etter-somalisk-piratangrep.jpeg","keywords":["Etter","EUs","frigj\u00f8r","maltesisk","piratangrep","sj\u00f8styrker","somalisk","tankskip"],"articleSection":["Livsstil"],"inLanguage":"nb-NO"},{"@type":"WebPage","@id":"https:\/\/nordnesrepublikken.no\/index.php\/2025\/11\/07\/eus-sjostyrker-frigjor-maltesisk-tankskip-etter-somalisk-piratangrep\/","url":"https:\/\/nordnesrepublikken.no\/index.php\/2025\/11\/07\/eus-sjostyrker-frigjor-maltesisk-tankskip-etter-somalisk-piratangrep\/","name":"EUs sj\u00f8styrker frigj\u00f8r maltesisk tankskip etter somalisk piratangrep - Nordnesrepublikken","isPartOf":{"@id":"https:\/\/nordnesrepublikken.no\/#website"},"primaryImageOfPage":{"@id":"https:\/\/nordnesrepublikken.no\/index.php\/2025\/11\/07\/eus-sjostyrker-frigjor-maltesisk-tankskip-etter-somalisk-piratangrep\/#primaryimage"},"image":{"@id":"https:\/\/nordnesrepublikken.no\/index.php\/2025\/11\/07\/eus-sjostyrker-frigjor-maltesisk-tankskip-etter-somalisk-piratangrep\/#primaryimage"},"thumbnailUrl":"https:\/\/nordnesrepublikken.no\/wp-content\/uploads\/2025\/11\/1762545039_EUs-sjostyrker-frigjor-maltesisk-tankskip-etter-somalisk-piratangrep.jpeg","datePublished":"2025-11-07T19:50:38+00:00","dateModified":"2025-11-07T19:50:40+00:00","breadcrumb":{"@id":"https:\/\/nordnesrepublikken.no\/index.php\/2025\/11\/07\/eus-sjostyrker-frigjor-maltesisk-tankskip-etter-somalisk-piratangrep\/#breadcrumb"},"inLanguage":"nb-NO","potentialAction":[{"@type":"ReadAction","target":["https:\/\/nordnesrepublikken.no\/index.php\/2025\/11\/07\/eus-sjostyrker-frigjor-maltesisk-tankskip-etter-somalisk-piratangrep\/"]}]},{"@type":"ImageObject","inLanguage":"nb-NO","@id":"https:\/\/nordnesrepublikken.no\/index.php\/2025\/11\/07\/eus-sjostyrker-frigjor-maltesisk-tankskip-etter-somalisk-piratangrep\/#primaryimage","url":"https:\/\/nordnesrepublikken.no\/wp-content\/uploads\/2025\/11\/1762545039_EUs-sjostyrker-frigjor-maltesisk-tankskip-etter-somalisk-piratangrep.jpeg","contentUrl":"https:\/\/nordnesrepublikken.no\/wp-content\/uploads\/2025\/11\/1762545039_EUs-sjostyrker-frigjor-maltesisk-tankskip-etter-somalisk-piratangrep.jpeg","width":1200,"height":888,"caption":"EUs sj\u00f8styrker frigj\u00f8r maltesisk tankskip etter somalisk piratangrep"},{"@type":"BreadcrumbList","@id":"https:\/\/nordnesrepublikken.no\/index.php\/2025\/11\/07\/eus-sjostyrker-frigjor-maltesisk-tankskip-etter-somalisk-piratangrep\/#breadcrumb","itemListElement":[{"@type":"ListItem","position":1,"name":"Home","item":"https:\/\/nordnesrepublikken.no\/"},{"@type":"ListItem","position":2,"name":"EUs sj\u00f8styrker frigj\u00f8r maltesisk tankskip etter somalisk piratangrep"}]},{"@type":"WebSite","@id":"https:\/\/nordnesrepublikken.no\/#website","url":"https:\/\/nordnesrepublikken.no\/","name":"Nordnesrepublikken","description":"Stemmer og Visjoner fra Republikkens Hjerte","publisher":{"@id":"https:\/\/nordnesrepublikken.no\/#organization"},"potentialAction":[{"@type":"SearchAction","target":{"@type":"EntryPoint","urlTemplate":"https:\/\/nordnesrepublikken.no\/?s={search_term_string}"},"query-input":{"@type":"PropertyValueSpecification","valueRequired":true,"valueName":"search_term_string"}}],"inLanguage":"nb-NO"},{"@type":"Organization","@id":"https:\/\/nordnesrepublikken.no\/#organization","name":"Nordnesrepublikken","url":"https:\/\/nordnesrepublikken.no\/","logo":{"@type":"ImageObject","inLanguage":"nb-NO","@id":"https:\/\/nordnesrepublikken.no\/#\/schema\/logo\/image\/","url":"https:\/\/nordnesrepublikken.no\/wp-content\/uploads\/2025\/02\/cropped-nordnesrepublikken-2.png","contentUrl":"https:\/\/nordnesrepublikken.no\/wp-content\/uploads\/2025\/02\/cropped-nordnesrepublikken-2.png","width":1248,"height":362,"caption":"Nordnesrepublikken"},"image":{"@id":"https:\/\/nordnesrepublikken.no\/#\/schema\/logo\/image\/"}},{"@type":"Person","@id":"https:\/\/nordnesrepublikken.no\/#\/schema\/person\/2e7e81935bab77882fffb79296240ff1","name":"Ole Andersen","image":{"@type":"ImageObject","inLanguage":"nb-NO","@id":"https:\/\/nordnesrepublikken.no\/#\/schema\/person\/image\/","url":"https:\/\/nordnesrepublikken.no\/wp-content\/uploads\/2025\/02\/nordnesrepublikken-2-2-150x150.jpg","contentUrl":"https:\/\/nordnesrepublikken.no\/wp-content\/uploads\/2025\/02\/nordnesrepublikken-2-2-150x150.jpg","caption":"Ole Andersen"},"description":"Ettersom jeg vokste opp i Oslo, har jeg alltid v\u00e6rt fascinert av ordenes kraft og deres evne til \u00e5 skape endringer. Etter \u00e5 ha fullf\u00f8rt min utdannelse i kommunikasjon ved Universitetet i Bergen, fikk jeg muligheten til \u00e5 jobbe innen ulike medier, der jeg har s\u00f8kt \u00e5 belyse viktige samfunnssp\u00f8rsm\u00e5l. I dag, som redakt\u00f8r for Nordnesrepublikken, pr\u00f8ver jeg \u00e5 forene min kj\u00e6rlighet for journalistikk med min lidenskap for innovasjon og eventyr.","sameAs":["https:\/\/nordnesrepublikken.no\/"]}]}},"_links":{"self":[{"href":"https:\/\/nordnesrepublikken.no\/index.php\/wp-json\/wp\/v2\/posts\/11455","targetHints":{"allow":["GET"]}}],"collection":[{"href":"https:\/\/nordnesrepublikken.no\/index.php\/wp-json\/wp\/v2\/posts"}],"about":[{"href":"https:\/\/nordnesrepublikken.no\/index.php\/wp-json\/wp\/v2\/types\/post"}],"author":[{"embeddable":true,"href":"https:\/\/nordnesrepublikken.no\/index.php\/wp-json\/wp\/v2\/users\/1"}],"replies":[{"embeddable":true,"href":"https:\/\/nordnesrepublikken.no\/index.php\/wp-json\/wp\/v2\/comments?post=11455"}],"version-history":[{"count":1,"href":"https:\/\/nordnesrepublikken.no\/index.php\/wp-json\/wp\/v2\/posts\/11455\/revisions"}],"predecessor-version":[{"id":11457,"href":"https:\/\/nordnesrepublikken.no\/index.php\/wp-json\/wp\/v2\/posts\/11455\/revisions\/11457"}],"wp:featuredmedia":[{"embeddable":true,"href":"https:\/\/nordnesrepublikken.no\/index.php\/wp-json\/wp\/v2\/media\/11456"}],"wp:attachment":[{"href":"https:\/\/nordnesrepublikken.no\/index.php\/wp-json\/wp\/v2\/media?parent=11455"}],"wp:term":[{"taxonomy":"category","embeddable":true,"href":"https:\/\/nordnesrepublikken.no\/index.php\/wp-json\/wp\/v2\/categories?post=11455"},{"taxonomy":"post_tag","embeddable":true,"href":"https:\/\/nordnesrepublikken.no\/index.php\/wp-json\/wp\/v2\/tags?post=11455"}],"curies":[{"name":"wp","href":"https:\/\/api.w.org\/{rel}","templated":true}]}}