{"id":11452,"date":"2025-11-07T18:51:26","date_gmt":"2025-11-07T17:51:26","guid":{"rendered":"https:\/\/nordnesrepublikken.no\/index.php\/2025\/11\/07\/i-antarktis-trekker-hektoria-breen-seg-tilbake-i-rekordfart-8-km-pa-2-maneder-her-er-grunnen\/"},"modified":"2025-11-07T18:51:28","modified_gmt":"2025-11-07T17:51:28","slug":"i-antarktis-trekker-hektoria-breen-seg-tilbake-i-rekordfart-8-km-pa-2-maneder-her-er-grunnen","status":"publish","type":"post","link":"https:\/\/nordnesrepublikken.no\/index.php\/2025\/11\/07\/i-antarktis-trekker-hektoria-breen-seg-tilbake-i-rekordfart-8-km-pa-2-maneder-her-er-grunnen\/","title":{"rendered":"I Antarktis trekker Hektoria-breen seg tilbake i rekordfart, 8 km p\u00e5 2 m\u00e5neder: her er grunnen"},"content":{"rendered":"<div>\n<div class=\"cp_wrapper cp_wrapper--fw mb-30 mb-20@tablet\">\n<figure class=\"mm\"><picture class=\"img\" style=\"padding-top:56.25%\"><source  media=\"(min-width: 1024px)\"><source  media=\"(min-width: 768px)\"><\/source><\/source><\/picture><\/figure>\n<\/p><\/div>\n<p>En isbre som ligger i Antarktis, den <strong>Hektoria-breen<\/strong>gjennomgikk <strong>raskeste samling noensinne registrert<\/strong> i moderne historie: <strong>trakk seg tilbake 25 km mellom 2022 og 2023<\/strong>hvorav 8 km p\u00e5 bare to m\u00e5neder, hvor han <strong>mistet s\u00e5 mye som halvparten av massen<\/strong>. \u00c5 oppdage dette enorme tapet, takket v\u00e6re analysen av <strong>satellittbilder<\/strong>var forskerne til <em>Samarbeidsinstitutt for forskning i milj\u00f8vitenskap<\/em> (CIRES) ved University of Colorado Boulder. Studien, publisert i tidsskriftet <em>Natur Geovitenskap<\/em>illustrerer hvordan denne enest\u00e5ende tilbaketrekningen skjedde og hva dens \u00e5rsaker var. Det med Hektoria-breen er et spesielt tilfelle, fordi <strong>hovedfaktor<\/strong> som bidro til at isen smeltet var ikke global oppvarming, men <strong>utforming av territoriet<\/strong>. \u00c5 studere denne hendelsen er grunnleggende fordi isbreer med lignende egenskaper i fremtiden kan gjennomg\u00e5 samme prosess og bidra betydelig til havniv\u00e5stigning.<\/p>\n<h2>Den plutselige tilbaketrekningen av Hektoria-breen i Antarktis<\/h2>\n<p>De <strong>Hektoria-breen<\/strong> den strekker seg i den antarktiske halv\u00f8y, i Vest-Antarktis, over et omr\u00e5de p\u00e5 <strong>295<\/strong> <strong>km<sup>2<\/sup><\/strong>sammenlignbar med en stor by. Det er en <strong>tidevannsbreen<\/strong>det vil si at den hviler p\u00e5 det steinete underlaget p\u00e5 kontinentet, men fortsetter s\u00e5 ut i havet som en tunge av flytende is. I l\u00f8pet av 15 m\u00e5neder <strong>mellom 2022 og 2023 trakk den seg tilbake med 25 km<\/strong>hvorav <strong>8 km bare mellom november og desember 2022<\/strong>. Dette handler om en smeltehastighet <strong>ti ganger h\u00f8yere enn det som er observert s\u00e5 langt<\/strong> i en isbre, ikke forsvarlig bare av \u00f8kningen i temperaturer, som i desember 2022 ikke var spesielt h\u00f8ye. Et slikt raskt istap antas \u00e5 ha skjedd i isbreene i Norge p\u00e5 slutten av siste istid, <strong>mellom 15 000 og 19 000 \u00e5r siden<\/strong>p\u00e5 grunn av stigende temperaturer. Dette imponerende fenomenet ble avsl\u00f8rt for forskere av <strong>satellittbilder<\/strong> <strong>og antenne<\/strong>. &laquo;Da vi fl\u00f8y over omr\u00e5det, kunne jeg ikke tro hvor omfattende kollapsen var,&raquo; sier studieforfatter Naomi Ochwat. &laquo;Jeg hadde sett satellittdataene, men det var sjokkerende \u00e5 se frav\u00e6ret av is der den tidligere strakte seg kilometervis.&raquo;<\/p>\n<div class=\"cp_wrapper cp_wrapper--fw mb-50\">\n<figure class=\"mm\"><picture class=\"img\" style=\"padding-top:90.875232774674%\"><source  media=\"(min-width: 1024px)\"><source  media=\"(min-width: 768px)\"><img decoding=\"async\" loading=\"lazy\" src=\"https:\/\/nordnesrepublikken.no\/wp-content\/uploads\/2025\/11\/I-Antarktis-trekker-Hektoria-breen-seg-tilbake-i-rekordfart-8-km.jpeg\" alt=\"Bilde\" width=\"1074\" height=\"976\"\/><\/source><\/source><\/picture><\/figure>\n<\/p><\/div>\n<h2>Hvorfor breen trakk seg s\u00e5 raskt tilbake: studien<\/h2>\n<p>For \u00e5 forklare anomalien til Hektoria-breen, takket v\u00e6re satellittbilder og seismiske data, rekonstruerte forskere dynamikken til istapet. I utgangspunktet tilstedev\u00e6relsen av <strong>sj\u00f8is<\/strong> n\u00e6r den ende delen av den flytende bretungen, ved \u00e5 blokkere den, bidro den til \u00e5 unng\u00e5 eventuelle l\u00f8srivelser. I begynnelsen av 2022 f\u00f8rte imidlertid en intens b\u00f8lge til at havisen br\u00f8t opp. P\u00e5 dette tidspunktet begynte noen mennesker \u00e5 l\u00f8srive seg fra Hektoria-spr\u00e5ket <strong>isfjell<\/strong>. En rask fulgte <strong>tynning<\/strong> av delen av istungen som hviler p\u00e5 <strong>flat fjellplattform<\/strong> som det antarktiske kontinentet fordyper seg i havet, som ligger under havoverflaten. Etter hvert som isen tynnet ut, infiltrerte sj\u00f8vann mellom steinen og istungen og l\u00f8ftet den. P\u00e5 denne m\u00e5ten favoriserte det brudd og rask l\u00f8sgj\u00f8ring av andre blokker og<strong>videre tilbaketrekking av breen<\/strong>som fortsatte \u00e5 trekke seg tilbake til han m\u00f8tte en <strong>steinete trinn<\/strong> h\u00f8yere enn den underliggende plattformen. Ved \u00e5 bryte av genererte isfjellene jordskjelv som ble registrert og hjalp forskere med \u00e5 rekonstruere dynamikken i fenomenet.<\/p>\n<p>Hektoria-breen er ikke den eneste i Antarktis med denne konformasjonen: <strong>andre isbreer p\u00e5 kontinentet<\/strong> de hviler ogs\u00e5 p\u00e5 <strong>steinete plattformer<\/strong> nedsenket i havet. Noen er mye st\u00f8rre i st\u00f8rrelse og deres plutselige fusjon kan bidra betydelig til<strong>havniv\u00e5stigning<\/strong>. Feltunders\u00f8kelser og observasjoner av satellittbilder er derfor n\u00f8dvendig for \u00e5 identifisere og studere risikoomr\u00e5dene.<\/p>\n<p><iframe loading=\"lazy\" title=\"Animation: The fastest glacier retreat in modern history\" width=\"1200\" height=\"675\" src=\"https:\/\/www.youtube.com\/embed\/ny-giHkzp0o?feature=oembed\" frameborder=\"0\" allow=\"accelerometer; autoplay; clipboard-write; encrypted-media; gyroscope; picture-in-picture; web-share\" referrerpolicy=\"strict-origin-when-cross-origin\" allowfullscreen><\/iframe><\/p>\n<\/p><\/div>\n","protected":false},"excerpt":{"rendered":"<p>En isbre som ligger i Antarktis, den Hektoria-breengjennomgikk raskeste samling noensinne registrert i moderne historie:<\/p>\n","protected":false},"author":1,"featured_media":11453,"comment_status":"closed","ping_status":"open","sticky":false,"template":"","format":"standard","meta":{"footnotes":""},"categories":[26],"tags":[758,1369,7541,4836,81,7542,96,825,4100],"class_list":["post-11452","post","type-post","status-publish","format-standard","has-post-thumbnail","hentry","category-miljo","tag-antarktis","tag-grunnen","tag-hektoriabreen","tag-maneder","tag-pa","tag-rekordfart","tag-seg","tag-tilbake","tag-trekker","generate-columns","tablet-grid-50","mobile-grid-100","grid-parent","grid-33","resize-featured-image"],"yoast_head":"<!-- This site is optimized with the Yoast SEO plugin v24.4 - https:\/\/yoast.com\/wordpress\/plugins\/seo\/ -->\n<title>I Antarktis trekker Hektoria-breen seg tilbake i rekordfart, 8 km p\u00e5 2 m\u00e5neder: her er grunnen - Nordnesrepublikken<\/title>\n<meta name=\"robots\" content=\"index, follow, max-snippet:-1, max-image-preview:large, max-video-preview:-1\" \/>\n<link rel=\"canonical\" href=\"https:\/\/nordnesrepublikken.no\/index.php\/2025\/11\/07\/i-antarktis-trekker-hektoria-breen-seg-tilbake-i-rekordfart-8-km-pa-2-maneder-her-er-grunnen\/\" \/>\n<meta property=\"og:locale\" content=\"nb_NO\" \/>\n<meta property=\"og:type\" content=\"article\" \/>\n<meta property=\"og:title\" content=\"I Antarktis trekker Hektoria-breen seg tilbake i rekordfart, 8 km p\u00e5 2 m\u00e5neder: her er grunnen - Nordnesrepublikken\" \/>\n<meta property=\"og:description\" content=\"En isbre som ligger i Antarktis, den Hektoria-breengjennomgikk raskeste samling noensinne registrert i moderne historie:\" \/>\n<meta property=\"og:url\" content=\"https:\/\/nordnesrepublikken.no\/index.php\/2025\/11\/07\/i-antarktis-trekker-hektoria-breen-seg-tilbake-i-rekordfart-8-km-pa-2-maneder-her-er-grunnen\/\" \/>\n<meta property=\"og:site_name\" content=\"Nordnesrepublikken\" \/>\n<meta property=\"article:published_time\" content=\"2025-11-07T17:51:26+00:00\" \/>\n<meta property=\"article:modified_time\" content=\"2025-11-07T17:51:28+00:00\" \/>\n<meta property=\"og:image\" content=\"https:\/\/nordnesrepublikken.no\/wp-content\/uploads\/2025\/11\/1762537887_I-Antarktis-trekker-Hektoria-breen-seg-tilbake-i-rekordfart-8-km.jpg\" \/>\n\t<meta property=\"og:image:width\" content=\"1536\" \/>\n\t<meta property=\"og:image:height\" content=\"768\" \/>\n\t<meta property=\"og:image:type\" content=\"image\/jpeg\" \/>\n<meta name=\"author\" content=\"Ole Andersen\" \/>\n<meta name=\"twitter:card\" content=\"summary_large_image\" \/>\n<meta name=\"twitter:label1\" content=\"Skrevet av\" \/>\n\t<meta name=\"twitter:data1\" content=\"Ole Andersen\" \/>\n\t<meta name=\"twitter:label2\" content=\"Ansl. lesetid\" \/>\n\t<meta name=\"twitter:data2\" content=\"3 minutter\" \/>\n<script type=\"application\/ld+json\" class=\"yoast-schema-graph\">{\"@context\":\"https:\/\/schema.org\",\"@graph\":[{\"@type\":\"Article\",\"@id\":\"https:\/\/nordnesrepublikken.no\/index.php\/2025\/11\/07\/i-antarktis-trekker-hektoria-breen-seg-tilbake-i-rekordfart-8-km-pa-2-maneder-her-er-grunnen\/#article\",\"isPartOf\":{\"@id\":\"https:\/\/nordnesrepublikken.no\/index.php\/2025\/11\/07\/i-antarktis-trekker-hektoria-breen-seg-tilbake-i-rekordfart-8-km-pa-2-maneder-her-er-grunnen\/\"},\"author\":{\"name\":\"Ole Andersen\",\"@id\":\"https:\/\/nordnesrepublikken.no\/#\/schema\/person\/2e7e81935bab77882fffb79296240ff1\"},\"headline\":\"I Antarktis trekker Hektoria-breen seg tilbake i rekordfart, 8 km p\u00e5 2 m\u00e5neder: her er grunnen\",\"datePublished\":\"2025-11-07T17:51:26+00:00\",\"dateModified\":\"2025-11-07T17:51:28+00:00\",\"mainEntityOfPage\":{\"@id\":\"https:\/\/nordnesrepublikken.no\/index.php\/2025\/11\/07\/i-antarktis-trekker-hektoria-breen-seg-tilbake-i-rekordfart-8-km-pa-2-maneder-her-er-grunnen\/\"},\"wordCount\":564,\"publisher\":{\"@id\":\"https:\/\/nordnesrepublikken.no\/#organization\"},\"image\":{\"@id\":\"https:\/\/nordnesrepublikken.no\/index.php\/2025\/11\/07\/i-antarktis-trekker-hektoria-breen-seg-tilbake-i-rekordfart-8-km-pa-2-maneder-her-er-grunnen\/#primaryimage\"},\"thumbnailUrl\":\"https:\/\/nordnesrepublikken.no\/wp-content\/uploads\/2025\/11\/1762537887_I-Antarktis-trekker-Hektoria-breen-seg-tilbake-i-rekordfart-8-km.jpg\",\"keywords\":[\"Antarktis\",\"grunnen\",\"Hektoriabreen\",\"m\u00e5neder\",\"p\u00e5\",\"rekordfart\",\"seg\",\"tilbake\",\"trekker\"],\"articleSection\":[\"Milj\u00f8\"],\"inLanguage\":\"nb-NO\"},{\"@type\":\"WebPage\",\"@id\":\"https:\/\/nordnesrepublikken.no\/index.php\/2025\/11\/07\/i-antarktis-trekker-hektoria-breen-seg-tilbake-i-rekordfart-8-km-pa-2-maneder-her-er-grunnen\/\",\"url\":\"https:\/\/nordnesrepublikken.no\/index.php\/2025\/11\/07\/i-antarktis-trekker-hektoria-breen-seg-tilbake-i-rekordfart-8-km-pa-2-maneder-her-er-grunnen\/\",\"name\":\"I Antarktis trekker Hektoria-breen seg tilbake i rekordfart, 8 km p\u00e5 2 m\u00e5neder: her er grunnen - Nordnesrepublikken\",\"isPartOf\":{\"@id\":\"https:\/\/nordnesrepublikken.no\/#website\"},\"primaryImageOfPage\":{\"@id\":\"https:\/\/nordnesrepublikken.no\/index.php\/2025\/11\/07\/i-antarktis-trekker-hektoria-breen-seg-tilbake-i-rekordfart-8-km-pa-2-maneder-her-er-grunnen\/#primaryimage\"},\"image\":{\"@id\":\"https:\/\/nordnesrepublikken.no\/index.php\/2025\/11\/07\/i-antarktis-trekker-hektoria-breen-seg-tilbake-i-rekordfart-8-km-pa-2-maneder-her-er-grunnen\/#primaryimage\"},\"thumbnailUrl\":\"https:\/\/nordnesrepublikken.no\/wp-content\/uploads\/2025\/11\/1762537887_I-Antarktis-trekker-Hektoria-breen-seg-tilbake-i-rekordfart-8-km.jpg\",\"datePublished\":\"2025-11-07T17:51:26+00:00\",\"dateModified\":\"2025-11-07T17:51:28+00:00\",\"breadcrumb\":{\"@id\":\"https:\/\/nordnesrepublikken.no\/index.php\/2025\/11\/07\/i-antarktis-trekker-hektoria-breen-seg-tilbake-i-rekordfart-8-km-pa-2-maneder-her-er-grunnen\/#breadcrumb\"},\"inLanguage\":\"nb-NO\",\"potentialAction\":[{\"@type\":\"ReadAction\",\"target\":[\"https:\/\/nordnesrepublikken.no\/index.php\/2025\/11\/07\/i-antarktis-trekker-hektoria-breen-seg-tilbake-i-rekordfart-8-km-pa-2-maneder-her-er-grunnen\/\"]}]},{\"@type\":\"ImageObject\",\"inLanguage\":\"nb-NO\",\"@id\":\"https:\/\/nordnesrepublikken.no\/index.php\/2025\/11\/07\/i-antarktis-trekker-hektoria-breen-seg-tilbake-i-rekordfart-8-km-pa-2-maneder-her-er-grunnen\/#primaryimage\",\"url\":\"https:\/\/nordnesrepublikken.no\/wp-content\/uploads\/2025\/11\/1762537887_I-Antarktis-trekker-Hektoria-breen-seg-tilbake-i-rekordfart-8-km.jpg\",\"contentUrl\":\"https:\/\/nordnesrepublikken.no\/wp-content\/uploads\/2025\/11\/1762537887_I-Antarktis-trekker-Hektoria-breen-seg-tilbake-i-rekordfart-8-km.jpg\",\"width\":1536,\"height\":768,\"caption\":\"I Antarktis trekker Hektoria-breen seg tilbake i rekordfart, 8 km p\u00e5 2 m\u00e5neder: her er grunnen\"},{\"@type\":\"BreadcrumbList\",\"@id\":\"https:\/\/nordnesrepublikken.no\/index.php\/2025\/11\/07\/i-antarktis-trekker-hektoria-breen-seg-tilbake-i-rekordfart-8-km-pa-2-maneder-her-er-grunnen\/#breadcrumb\",\"itemListElement\":[{\"@type\":\"ListItem\",\"position\":1,\"name\":\"Home\",\"item\":\"https:\/\/nordnesrepublikken.no\/\"},{\"@type\":\"ListItem\",\"position\":2,\"name\":\"I Antarktis trekker Hektoria-breen seg tilbake i rekordfart, 8 km p\u00e5 2 m\u00e5neder: her er grunnen\"}]},{\"@type\":\"WebSite\",\"@id\":\"https:\/\/nordnesrepublikken.no\/#website\",\"url\":\"https:\/\/nordnesrepublikken.no\/\",\"name\":\"Nordnesrepublikken\",\"description\":\"Stemmer og Visjoner fra Republikkens Hjerte\",\"publisher\":{\"@id\":\"https:\/\/nordnesrepublikken.no\/#organization\"},\"potentialAction\":[{\"@type\":\"SearchAction\",\"target\":{\"@type\":\"EntryPoint\",\"urlTemplate\":\"https:\/\/nordnesrepublikken.no\/?s={search_term_string}\"},\"query-input\":{\"@type\":\"PropertyValueSpecification\",\"valueRequired\":true,\"valueName\":\"search_term_string\"}}],\"inLanguage\":\"nb-NO\"},{\"@type\":\"Organization\",\"@id\":\"https:\/\/nordnesrepublikken.no\/#organization\",\"name\":\"Nordnesrepublikken\",\"url\":\"https:\/\/nordnesrepublikken.no\/\",\"logo\":{\"@type\":\"ImageObject\",\"inLanguage\":\"nb-NO\",\"@id\":\"https:\/\/nordnesrepublikken.no\/#\/schema\/logo\/image\/\",\"url\":\"https:\/\/nordnesrepublikken.no\/wp-content\/uploads\/2025\/02\/cropped-nordnesrepublikken-2.png\",\"contentUrl\":\"https:\/\/nordnesrepublikken.no\/wp-content\/uploads\/2025\/02\/cropped-nordnesrepublikken-2.png\",\"width\":1248,\"height\":362,\"caption\":\"Nordnesrepublikken\"},\"image\":{\"@id\":\"https:\/\/nordnesrepublikken.no\/#\/schema\/logo\/image\/\"}},{\"@type\":\"Person\",\"@id\":\"https:\/\/nordnesrepublikken.no\/#\/schema\/person\/2e7e81935bab77882fffb79296240ff1\",\"name\":\"Ole Andersen\",\"image\":{\"@type\":\"ImageObject\",\"inLanguage\":\"nb-NO\",\"@id\":\"https:\/\/nordnesrepublikken.no\/#\/schema\/person\/image\/\",\"url\":\"https:\/\/nordnesrepublikken.no\/wp-content\/uploads\/2025\/02\/nordnesrepublikken-2-2-150x150.jpg\",\"contentUrl\":\"https:\/\/nordnesrepublikken.no\/wp-content\/uploads\/2025\/02\/nordnesrepublikken-2-2-150x150.jpg\",\"caption\":\"Ole Andersen\"},\"description\":\"Ettersom jeg vokste opp i Oslo, har jeg alltid v\u00e6rt fascinert av ordenes kraft og deres evne til \u00e5 skape endringer. Etter \u00e5 ha fullf\u00f8rt min utdannelse i kommunikasjon ved Universitetet i Bergen, fikk jeg muligheten til \u00e5 jobbe innen ulike medier, der jeg har s\u00f8kt \u00e5 belyse viktige samfunnssp\u00f8rsm\u00e5l. I dag, som redakt\u00f8r for Nordnesrepublikken, pr\u00f8ver jeg \u00e5 forene min kj\u00e6rlighet for journalistikk med min lidenskap for innovasjon og eventyr.\",\"sameAs\":[\"https:\/\/nordnesrepublikken.no\/\"]}]}<\/script>\n<!-- \/ Yoast SEO plugin. -->","yoast_head_json":{"title":"I Antarktis trekker Hektoria-breen seg tilbake i rekordfart, 8 km p\u00e5 2 m\u00e5neder: her er grunnen - Nordnesrepublikken","robots":{"index":"index","follow":"follow","max-snippet":"max-snippet:-1","max-image-preview":"max-image-preview:large","max-video-preview":"max-video-preview:-1"},"canonical":"https:\/\/nordnesrepublikken.no\/index.php\/2025\/11\/07\/i-antarktis-trekker-hektoria-breen-seg-tilbake-i-rekordfart-8-km-pa-2-maneder-her-er-grunnen\/","og_locale":"nb_NO","og_type":"article","og_title":"I Antarktis trekker Hektoria-breen seg tilbake i rekordfart, 8 km p\u00e5 2 m\u00e5neder: her er grunnen - Nordnesrepublikken","og_description":"En isbre som ligger i Antarktis, den Hektoria-breengjennomgikk raskeste samling noensinne registrert i moderne historie:","og_url":"https:\/\/nordnesrepublikken.no\/index.php\/2025\/11\/07\/i-antarktis-trekker-hektoria-breen-seg-tilbake-i-rekordfart-8-km-pa-2-maneder-her-er-grunnen\/","og_site_name":"Nordnesrepublikken","article_published_time":"2025-11-07T17:51:26+00:00","article_modified_time":"2025-11-07T17:51:28+00:00","og_image":[{"width":1536,"height":768,"url":"https:\/\/nordnesrepublikken.no\/wp-content\/uploads\/2025\/11\/1762537887_I-Antarktis-trekker-Hektoria-breen-seg-tilbake-i-rekordfart-8-km.jpg","type":"image\/jpeg"}],"author":"Ole Andersen","twitter_card":"summary_large_image","twitter_misc":{"Skrevet av":"Ole Andersen","Ansl. lesetid":"3 minutter"},"schema":{"@context":"https:\/\/schema.org","@graph":[{"@type":"Article","@id":"https:\/\/nordnesrepublikken.no\/index.php\/2025\/11\/07\/i-antarktis-trekker-hektoria-breen-seg-tilbake-i-rekordfart-8-km-pa-2-maneder-her-er-grunnen\/#article","isPartOf":{"@id":"https:\/\/nordnesrepublikken.no\/index.php\/2025\/11\/07\/i-antarktis-trekker-hektoria-breen-seg-tilbake-i-rekordfart-8-km-pa-2-maneder-her-er-grunnen\/"},"author":{"name":"Ole Andersen","@id":"https:\/\/nordnesrepublikken.no\/#\/schema\/person\/2e7e81935bab77882fffb79296240ff1"},"headline":"I Antarktis trekker Hektoria-breen seg tilbake i rekordfart, 8 km p\u00e5 2 m\u00e5neder: her er grunnen","datePublished":"2025-11-07T17:51:26+00:00","dateModified":"2025-11-07T17:51:28+00:00","mainEntityOfPage":{"@id":"https:\/\/nordnesrepublikken.no\/index.php\/2025\/11\/07\/i-antarktis-trekker-hektoria-breen-seg-tilbake-i-rekordfart-8-km-pa-2-maneder-her-er-grunnen\/"},"wordCount":564,"publisher":{"@id":"https:\/\/nordnesrepublikken.no\/#organization"},"image":{"@id":"https:\/\/nordnesrepublikken.no\/index.php\/2025\/11\/07\/i-antarktis-trekker-hektoria-breen-seg-tilbake-i-rekordfart-8-km-pa-2-maneder-her-er-grunnen\/#primaryimage"},"thumbnailUrl":"https:\/\/nordnesrepublikken.no\/wp-content\/uploads\/2025\/11\/1762537887_I-Antarktis-trekker-Hektoria-breen-seg-tilbake-i-rekordfart-8-km.jpg","keywords":["Antarktis","grunnen","Hektoriabreen","m\u00e5neder","p\u00e5","rekordfart","seg","tilbake","trekker"],"articleSection":["Milj\u00f8"],"inLanguage":"nb-NO"},{"@type":"WebPage","@id":"https:\/\/nordnesrepublikken.no\/index.php\/2025\/11\/07\/i-antarktis-trekker-hektoria-breen-seg-tilbake-i-rekordfart-8-km-pa-2-maneder-her-er-grunnen\/","url":"https:\/\/nordnesrepublikken.no\/index.php\/2025\/11\/07\/i-antarktis-trekker-hektoria-breen-seg-tilbake-i-rekordfart-8-km-pa-2-maneder-her-er-grunnen\/","name":"I Antarktis trekker Hektoria-breen seg tilbake i rekordfart, 8 km p\u00e5 2 m\u00e5neder: her er grunnen - Nordnesrepublikken","isPartOf":{"@id":"https:\/\/nordnesrepublikken.no\/#website"},"primaryImageOfPage":{"@id":"https:\/\/nordnesrepublikken.no\/index.php\/2025\/11\/07\/i-antarktis-trekker-hektoria-breen-seg-tilbake-i-rekordfart-8-km-pa-2-maneder-her-er-grunnen\/#primaryimage"},"image":{"@id":"https:\/\/nordnesrepublikken.no\/index.php\/2025\/11\/07\/i-antarktis-trekker-hektoria-breen-seg-tilbake-i-rekordfart-8-km-pa-2-maneder-her-er-grunnen\/#primaryimage"},"thumbnailUrl":"https:\/\/nordnesrepublikken.no\/wp-content\/uploads\/2025\/11\/1762537887_I-Antarktis-trekker-Hektoria-breen-seg-tilbake-i-rekordfart-8-km.jpg","datePublished":"2025-11-07T17:51:26+00:00","dateModified":"2025-11-07T17:51:28+00:00","breadcrumb":{"@id":"https:\/\/nordnesrepublikken.no\/index.php\/2025\/11\/07\/i-antarktis-trekker-hektoria-breen-seg-tilbake-i-rekordfart-8-km-pa-2-maneder-her-er-grunnen\/#breadcrumb"},"inLanguage":"nb-NO","potentialAction":[{"@type":"ReadAction","target":["https:\/\/nordnesrepublikken.no\/index.php\/2025\/11\/07\/i-antarktis-trekker-hektoria-breen-seg-tilbake-i-rekordfart-8-km-pa-2-maneder-her-er-grunnen\/"]}]},{"@type":"ImageObject","inLanguage":"nb-NO","@id":"https:\/\/nordnesrepublikken.no\/index.php\/2025\/11\/07\/i-antarktis-trekker-hektoria-breen-seg-tilbake-i-rekordfart-8-km-pa-2-maneder-her-er-grunnen\/#primaryimage","url":"https:\/\/nordnesrepublikken.no\/wp-content\/uploads\/2025\/11\/1762537887_I-Antarktis-trekker-Hektoria-breen-seg-tilbake-i-rekordfart-8-km.jpg","contentUrl":"https:\/\/nordnesrepublikken.no\/wp-content\/uploads\/2025\/11\/1762537887_I-Antarktis-trekker-Hektoria-breen-seg-tilbake-i-rekordfart-8-km.jpg","width":1536,"height":768,"caption":"I Antarktis trekker Hektoria-breen seg tilbake i rekordfart, 8 km p\u00e5 2 m\u00e5neder: her er grunnen"},{"@type":"BreadcrumbList","@id":"https:\/\/nordnesrepublikken.no\/index.php\/2025\/11\/07\/i-antarktis-trekker-hektoria-breen-seg-tilbake-i-rekordfart-8-km-pa-2-maneder-her-er-grunnen\/#breadcrumb","itemListElement":[{"@type":"ListItem","position":1,"name":"Home","item":"https:\/\/nordnesrepublikken.no\/"},{"@type":"ListItem","position":2,"name":"I Antarktis trekker Hektoria-breen seg tilbake i rekordfart, 8 km p\u00e5 2 m\u00e5neder: her er grunnen"}]},{"@type":"WebSite","@id":"https:\/\/nordnesrepublikken.no\/#website","url":"https:\/\/nordnesrepublikken.no\/","name":"Nordnesrepublikken","description":"Stemmer og Visjoner fra Republikkens Hjerte","publisher":{"@id":"https:\/\/nordnesrepublikken.no\/#organization"},"potentialAction":[{"@type":"SearchAction","target":{"@type":"EntryPoint","urlTemplate":"https:\/\/nordnesrepublikken.no\/?s={search_term_string}"},"query-input":{"@type":"PropertyValueSpecification","valueRequired":true,"valueName":"search_term_string"}}],"inLanguage":"nb-NO"},{"@type":"Organization","@id":"https:\/\/nordnesrepublikken.no\/#organization","name":"Nordnesrepublikken","url":"https:\/\/nordnesrepublikken.no\/","logo":{"@type":"ImageObject","inLanguage":"nb-NO","@id":"https:\/\/nordnesrepublikken.no\/#\/schema\/logo\/image\/","url":"https:\/\/nordnesrepublikken.no\/wp-content\/uploads\/2025\/02\/cropped-nordnesrepublikken-2.png","contentUrl":"https:\/\/nordnesrepublikken.no\/wp-content\/uploads\/2025\/02\/cropped-nordnesrepublikken-2.png","width":1248,"height":362,"caption":"Nordnesrepublikken"},"image":{"@id":"https:\/\/nordnesrepublikken.no\/#\/schema\/logo\/image\/"}},{"@type":"Person","@id":"https:\/\/nordnesrepublikken.no\/#\/schema\/person\/2e7e81935bab77882fffb79296240ff1","name":"Ole Andersen","image":{"@type":"ImageObject","inLanguage":"nb-NO","@id":"https:\/\/nordnesrepublikken.no\/#\/schema\/person\/image\/","url":"https:\/\/nordnesrepublikken.no\/wp-content\/uploads\/2025\/02\/nordnesrepublikken-2-2-150x150.jpg","contentUrl":"https:\/\/nordnesrepublikken.no\/wp-content\/uploads\/2025\/02\/nordnesrepublikken-2-2-150x150.jpg","caption":"Ole Andersen"},"description":"Ettersom jeg vokste opp i Oslo, har jeg alltid v\u00e6rt fascinert av ordenes kraft og deres evne til \u00e5 skape endringer. Etter \u00e5 ha fullf\u00f8rt min utdannelse i kommunikasjon ved Universitetet i Bergen, fikk jeg muligheten til \u00e5 jobbe innen ulike medier, der jeg har s\u00f8kt \u00e5 belyse viktige samfunnssp\u00f8rsm\u00e5l. I dag, som redakt\u00f8r for Nordnesrepublikken, pr\u00f8ver jeg \u00e5 forene min kj\u00e6rlighet for journalistikk med min lidenskap for innovasjon og eventyr.","sameAs":["https:\/\/nordnesrepublikken.no\/"]}]}},"_links":{"self":[{"href":"https:\/\/nordnesrepublikken.no\/index.php\/wp-json\/wp\/v2\/posts\/11452","targetHints":{"allow":["GET"]}}],"collection":[{"href":"https:\/\/nordnesrepublikken.no\/index.php\/wp-json\/wp\/v2\/posts"}],"about":[{"href":"https:\/\/nordnesrepublikken.no\/index.php\/wp-json\/wp\/v2\/types\/post"}],"author":[{"embeddable":true,"href":"https:\/\/nordnesrepublikken.no\/index.php\/wp-json\/wp\/v2\/users\/1"}],"replies":[{"embeddable":true,"href":"https:\/\/nordnesrepublikken.no\/index.php\/wp-json\/wp\/v2\/comments?post=11452"}],"version-history":[{"count":1,"href":"https:\/\/nordnesrepublikken.no\/index.php\/wp-json\/wp\/v2\/posts\/11452\/revisions"}],"predecessor-version":[{"id":11454,"href":"https:\/\/nordnesrepublikken.no\/index.php\/wp-json\/wp\/v2\/posts\/11452\/revisions\/11454"}],"wp:featuredmedia":[{"embeddable":true,"href":"https:\/\/nordnesrepublikken.no\/index.php\/wp-json\/wp\/v2\/media\/11453"}],"wp:attachment":[{"href":"https:\/\/nordnesrepublikken.no\/index.php\/wp-json\/wp\/v2\/media?parent=11452"}],"wp:term":[{"taxonomy":"category","embeddable":true,"href":"https:\/\/nordnesrepublikken.no\/index.php\/wp-json\/wp\/v2\/categories?post=11452"},{"taxonomy":"post_tag","embeddable":true,"href":"https:\/\/nordnesrepublikken.no\/index.php\/wp-json\/wp\/v2\/tags?post=11452"}],"curies":[{"name":"wp","href":"https:\/\/api.w.org\/{rel}","templated":true}]}}