{"id":11449,"date":"2025-11-07T17:50:34","date_gmt":"2025-11-07T16:50:34","guid":{"rendered":"https:\/\/nordnesrepublikken.no\/index.php\/2025\/11\/07\/hvordan-en-bjorn-forbereder-seg-pa-dvalemodus-hvor-lenge-den-varer-og-hva-som-skjer-med-kroppen-om-vinteren\/"},"modified":"2025-11-07T17:50:38","modified_gmt":"2025-11-07T16:50:38","slug":"hvordan-en-bjorn-forbereder-seg-pa-dvalemodus-hvor-lenge-den-varer-og-hva-som-skjer-med-kroppen-om-vinteren","status":"publish","type":"post","link":"https:\/\/nordnesrepublikken.no\/index.php\/2025\/11\/07\/hvordan-en-bjorn-forbereder-seg-pa-dvalemodus-hvor-lenge-den-varer-og-hva-som-skjer-med-kroppen-om-vinteren\/","title":{"rendered":"Hvordan en bj\u00f8rn forbereder seg p\u00e5 dvalemodus, hvor lenge den varer og hva som skjer med kroppen om vinteren"},"content":{"rendered":"<div>\n<div class=\"cp_wrapper cp_wrapper--fw mb-30 mb-20@tablet\">\n<figure class=\"mm\"><picture class=\"img\" style=\"padding-top:56.25%\"><source  media=\"(min-width: 1024px)\"><source  media=\"(min-width: 768px)\"><\/source><\/source><\/picture><\/figure>\n<\/p><\/div>\n<p>H\u00f8sten er en avgj\u00f8rende \u00e5rstid for <strong>bj\u00f8rner<\/strong>der de samler ressursene som er n\u00f8dvendige for \u00e5 overleve vinteren. De <strong>dvale<\/strong> av bj\u00f8rn, som vanligvis varer fra november til mars, er ikke en ekte dvale, men mer en<strong> periode med generalisert torpor<\/strong> og redusert aktivitet, hvor dyret sakte forbruker ressursene som er lagret om h\u00f8sten i sin egen <strong>kroppsfett <\/strong>og produserer ikke ekskrementer. H\u00f8stens prosess med ressursakkumulering er ledsaget av en<strong> obsessiv sult<\/strong>: Hormonene som signaliserer kroppen til \u00e5 v\u00e6re mett undertrykkes, og bj\u00f8rnen kan bruke opptil 20 timer daglig p\u00e5 \u00e5 mate. Bj\u00f8rner foretrekker <strong>eiken\u00f8tter<\/strong> i denne fasen, p\u00e5 grunn av deres h\u00f8ye fett- og proteininnhold. P\u00e5 grunn av deres \u00f8kte aktivitet p\u00e5 h\u00f8sten er det derfor <strong>lettere \u00e5 m\u00f8te dem<\/strong> ogs\u00e5 n\u00e6r befolkningssentre i denne perioden.<\/p>\n<h2><strong>Ikke alle bj\u00f8rner g\u00e5r i dvale<\/strong><\/h2>\n<p>Arten som lever i <strong>tropiske omr\u00e5der<\/strong> (som pandaen, solbj\u00f8rnen og brillebj\u00f8rnen), der matressurser er tilgjengelig hele \u00e5ret og det sesongmessige temperaturomr\u00e5det ikke er alvorlig, <strong>de g\u00e5r ikke i dvale i det hele tatt<\/strong>samt <strong>isbj\u00f8rner<\/strong> der bare hunnen reduserer aktiviteter p\u00e5 en sammenlignbar m\u00e5te n\u00e5r de forbereder seg til f\u00f8dselen. Dvalemodus er derfor et privilegium for bj\u00f8rneartene som lever i <strong>tempererte soner med kalde vintre<\/strong>som brunbj\u00f8rnen eller den amerikanske grizzlyen. Dette er en evolusjon\u00e6r overlevelsesstrategi: i stedet for \u00e5 bruke ressurser p\u00e5 \u00e5 lete etter den sjeldne maten som er tilgjengelig om vinteren, foretrekker dyret det<strong> spise s\u00e5 mye som mulig<\/strong> n\u00e5r dette fortsatt er funnet.<\/p>\n<h2>Forskjellen mellom dvalemodus og torpor under dvalemodus<\/h2>\n<p>Hos bj\u00f8rn er det ingen egentlig dvalemodus, men snarere en slags torpor. DE&#8217;<strong>dvale<\/strong> er preget av et drastisk fall i metabolisme, varme og kroppsvekt: dyret sovner i m\u00e5nedsvis i hi uten <strong>aldri v\u00e5kne opp<\/strong>noen ganger selv om de blir forstyrret. Typiske pattedyr som g\u00e5r i dvale om vinteren er pinnsvinet og dormusen. De <strong>vintertorpor<\/strong> av bj\u00f8rn, men det ligner mer p\u00e5 en periode med <strong>langvarig d\u00f8sighet<\/strong>: dyrene sovner aldri helt og veksler hvile med korte perioder med aktivitet. Hos brunbj\u00f8rn p\u00e5 italiensk territorium varer dvalen vanligvis fra november til mars.<\/p>\n<div class=\"cp_wrapper cp_wrapper--fw mb-50\">\n<figure class=\"mm\"><picture class=\"img\" style=\"padding-top:66.666666666667%\"><source  media=\"(min-width: 1024px)\"><source  media=\"(min-width: 768px)\"><img decoding=\"async\" loading=\"lazy\" src=\"https:\/\/nordnesrepublikken.no\/wp-content\/uploads\/2025\/11\/1762534234_880_Hvordan-en-bjorn-forbereder-seg-pa-dvalemodus-hvor-lenge-den.jpg\" alt=\"bj\u00f8rn i dvale unger\" width=\"2121\" height=\"1414\"\/><\/source><\/source><\/picture><\/figure>\n<\/p><\/div>\n<h2>Hva skjer med bj\u00f8rnens kropp under vintertorpor<\/h2>\n<p>For \u00e5 g\u00e5 m\u00e5neder uten \u00e5 spise eller drikke, m\u00e5 bj\u00f8rner stole p\u00e5 betydelige reserver av kroppsfett. For \u00e5 akkumulere nok, om h\u00f8sten eksperimenterer bj\u00f8rnene med den s\u00e5kalte <strong>hyperfagi<\/strong>: de spiser opp til<strong> 20 timer hver dag<\/strong>legger p\u00e5 nesten to kilo daglig. Der <strong>leptin,<\/strong> hormonet produsert av fettvev som regulerer appetitten, f <strong>signaler til kroppen n\u00e5r vi er mette<\/strong>reduseres og bj\u00f8rner kan derfor spise i timevis uten \u00e5 f\u00f8le seg mette. Siden de er altetende dyr, forakter ikke en bj\u00f8rn i hyperfagi noe mat, men har en forkj\u00e6rlighet for eiken\u00f8tter, og g\u00e5r s\u00e5 langt som \u00e5 neglisjere andre matkilder hvis disse er tilstede. Eiken\u00f8tter er det faktisk <strong>rik p\u00e5 fett og proteiner<\/strong> sammenlignet med karbohydratinnholdet, er en mat derfor veldig egnet for dvalemodus.<\/p>\n<p>N\u00e5r de kalde m\u00e5nedene kommer, g\u00e5r bj\u00f8rnen inn i en <strong>tilstand av torpor<\/strong> og kan stole hele vinteren bare p\u00e5 ressursene som er akkumulert om h\u00f8sten. Under torpor, faktisk, bj\u00f8rner <strong>de spiser ikke, drikker ikke og produserer ikke ekskrementer <\/strong>\u2013 de tisser ikke eller gj\u00f8r avf\u00f8ring; kroppen deres metaboliserer fett veldig sakte, og omdanner det til vann og kalorier som er n\u00f8dvendige for \u00e5 overleve. Til tross for langvarig inaktivitet, opprettholder bj\u00f8rner god muskeltonus og reduserer betennelse: dette er fordi de er i stand til \u00e5<strong> resirkulere nitrogenavfall<\/strong> metabolske prosesser og transformerer det til andre proteiner. N\u00e5r temperaturen stiger tidlig p\u00e5 v\u00e5ren, akselererer bj\u00f8rnens metabolisme sakte, noe som for\u00e5rsaker en <strong>progressiv oppv\u00e5kning<\/strong> og gjenopptakelse av normale aktiviteter.<\/p>\n<h2>Aktivitets\u00f8kningen i l\u00f8pet av h\u00f8sten<\/h2>\n<p>Fordi de m\u00e5 spise s\u00e5 mye s\u00e5 lenge, er bj\u00f8rner spesielt aktive om h\u00f8sten, og dette kan f\u00f8re til en <strong>\u00f8kning i m\u00f8te med mennesker<\/strong> i denne perioden. M\u00f8ter som ikke alltid er hyggelige: i \u00e5r var det faktisk den i Japan <strong>oversikt over angrep<\/strong> av brunbj\u00f8rnen og den japanske svartbj\u00f8rnen. I 2025 var det over 100 personer skadet av bj\u00f8rn i Japan, til det punktet at de presset regjeringen til \u00e5 involvere h\u00e6ren for \u00e5 beskytte landlige omr\u00e5der der bj\u00f8rner v\u00e5ger seg oftere og oftere.<\/p>\n<p>I tillegg til klimaendringer som i \u00f8kende grad reduserer varigheten av de kalde m\u00e5nedene, kan dette fenomenet v\u00e6re for\u00e5rsaket av <strong>\u00f8deleggelse av naturlig habitat<\/strong> av bj\u00f8rner. I f\u00f8lge <em>Japan Bear and Forest Association<\/em>bj\u00f8rner n\u00e6rmer seg bebodde sentre p\u00e5 jakt etter mat fordi skogene deres er fattige p\u00e5 mat som passer for dem, spesielt eiken\u00f8tter. 67 % av japansk territorium er faktisk dekket av skog, men dette er stort sett skog <strong>bartr\u00e6r plantet for trelast<\/strong> under skogplanting etter andre verdenskrig. Bare 7 % av japanske skoger har matkilder som er egnet for bj\u00f8rn, noe som presser flere og flere bj\u00f8rner for \u00e5 finne mat i landlige omr\u00e5der og \u00f8ker sannsynligheten for angrep.<\/p>\n<\/p><\/div>\n","protected":false},"excerpt":{"rendered":"<p>H\u00f8sten er en avgj\u00f8rende \u00e5rstid for bj\u00f8rnerder de samler ressursene som er n\u00f8dvendige for \u00e5<\/p>\n","protected":false},"author":1,"featured_media":11450,"comment_status":"closed","ping_status":"open","sticky":false,"template":"","format":"standard","meta":{"footnotes":""},"categories":[24],"tags":[854,74,7540,4025,144,449,112,2864,6685,79,81,96,360,31,1035,6997],"class_list":["post-11449","post","type-post","status-publish","format-standard","has-post-thumbnail","hentry","category-vitenskap","tag-bjorn","tag-den","tag-dvalemodus","tag-forbereder","tag-hva","tag-hvor","tag-hvordan","tag-kroppen","tag-lenge","tag-med","tag-pa","tag-seg","tag-skjer","tag-som","tag-varer","tag-vinteren","generate-columns","tablet-grid-50","mobile-grid-100","grid-parent","grid-33","resize-featured-image"],"yoast_head":"<!-- This site is optimized with the Yoast SEO plugin v24.4 - https:\/\/yoast.com\/wordpress\/plugins\/seo\/ -->\n<title>Hvordan en bj\u00f8rn forbereder seg p\u00e5 dvalemodus, hvor lenge den varer og hva som skjer med kroppen om vinteren - Nordnesrepublikken<\/title>\n<meta name=\"robots\" content=\"index, follow, max-snippet:-1, max-image-preview:large, max-video-preview:-1\" \/>\n<link rel=\"canonical\" href=\"https:\/\/nordnesrepublikken.no\/index.php\/2025\/11\/07\/hvordan-en-bjorn-forbereder-seg-pa-dvalemodus-hvor-lenge-den-varer-og-hva-som-skjer-med-kroppen-om-vinteren\/\" \/>\n<meta property=\"og:locale\" content=\"nb_NO\" \/>\n<meta property=\"og:type\" content=\"article\" \/>\n<meta property=\"og:title\" content=\"Hvordan en bj\u00f8rn forbereder seg p\u00e5 dvalemodus, hvor lenge den varer og hva som skjer med kroppen om vinteren - Nordnesrepublikken\" \/>\n<meta property=\"og:description\" content=\"H\u00f8sten er en avgj\u00f8rende \u00e5rstid for bj\u00f8rnerder de samler ressursene som er n\u00f8dvendige for \u00e5\" \/>\n<meta property=\"og:url\" content=\"https:\/\/nordnesrepublikken.no\/index.php\/2025\/11\/07\/hvordan-en-bjorn-forbereder-seg-pa-dvalemodus-hvor-lenge-den-varer-og-hva-som-skjer-med-kroppen-om-vinteren\/\" \/>\n<meta property=\"og:site_name\" content=\"Nordnesrepublikken\" \/>\n<meta property=\"article:published_time\" content=\"2025-11-07T16:50:34+00:00\" \/>\n<meta property=\"article:modified_time\" content=\"2025-11-07T16:50:38+00:00\" \/>\n<meta property=\"og:image\" content=\"https:\/\/nordnesrepublikken.no\/wp-content\/uploads\/2025\/11\/1762534234_Hvordan-en-bjorn-forbereder-seg-pa-dvalemodus-hvor-lenge-den.jpg\" \/>\n\t<meta property=\"og:image:width\" content=\"1999\" \/>\n\t<meta property=\"og:image:height\" content=\"1499\" \/>\n\t<meta property=\"og:image:type\" content=\"image\/jpeg\" \/>\n<meta name=\"author\" content=\"Ole Andersen\" \/>\n<meta name=\"twitter:card\" content=\"summary_large_image\" \/>\n<meta name=\"twitter:label1\" content=\"Skrevet av\" \/>\n\t<meta name=\"twitter:data1\" content=\"Ole Andersen\" \/>\n\t<meta name=\"twitter:label2\" content=\"Ansl. lesetid\" \/>\n\t<meta name=\"twitter:data2\" content=\"4 minutter\" \/>\n<script type=\"application\/ld+json\" class=\"yoast-schema-graph\">{\"@context\":\"https:\/\/schema.org\",\"@graph\":[{\"@type\":\"Article\",\"@id\":\"https:\/\/nordnesrepublikken.no\/index.php\/2025\/11\/07\/hvordan-en-bjorn-forbereder-seg-pa-dvalemodus-hvor-lenge-den-varer-og-hva-som-skjer-med-kroppen-om-vinteren\/#article\",\"isPartOf\":{\"@id\":\"https:\/\/nordnesrepublikken.no\/index.php\/2025\/11\/07\/hvordan-en-bjorn-forbereder-seg-pa-dvalemodus-hvor-lenge-den-varer-og-hva-som-skjer-med-kroppen-om-vinteren\/\"},\"author\":{\"name\":\"Ole Andersen\",\"@id\":\"https:\/\/nordnesrepublikken.no\/#\/schema\/person\/2e7e81935bab77882fffb79296240ff1\"},\"headline\":\"Hvordan en bj\u00f8rn forbereder seg p\u00e5 dvalemodus, hvor lenge den varer og hva som skjer med kroppen om vinteren\",\"datePublished\":\"2025-11-07T16:50:34+00:00\",\"dateModified\":\"2025-11-07T16:50:38+00:00\",\"mainEntityOfPage\":{\"@id\":\"https:\/\/nordnesrepublikken.no\/index.php\/2025\/11\/07\/hvordan-en-bjorn-forbereder-seg-pa-dvalemodus-hvor-lenge-den-varer-og-hva-som-skjer-med-kroppen-om-vinteren\/\"},\"wordCount\":872,\"publisher\":{\"@id\":\"https:\/\/nordnesrepublikken.no\/#organization\"},\"image\":{\"@id\":\"https:\/\/nordnesrepublikken.no\/index.php\/2025\/11\/07\/hvordan-en-bjorn-forbereder-seg-pa-dvalemodus-hvor-lenge-den-varer-og-hva-som-skjer-med-kroppen-om-vinteren\/#primaryimage\"},\"thumbnailUrl\":\"https:\/\/nordnesrepublikken.no\/wp-content\/uploads\/2025\/11\/1762534234_Hvordan-en-bjorn-forbereder-seg-pa-dvalemodus-hvor-lenge-den.jpg\",\"keywords\":[\"bj\u00f8rn\",\"den\",\"dvalemodus\",\"forbereder\",\"Hva\",\"hvor\",\"Hvordan\",\"kroppen\",\"lenge\",\"med\",\"p\u00e5\",\"seg\",\"skjer\",\"som\",\"varer\",\"vinteren\"],\"articleSection\":[\"Vitenskap\"],\"inLanguage\":\"nb-NO\"},{\"@type\":\"WebPage\",\"@id\":\"https:\/\/nordnesrepublikken.no\/index.php\/2025\/11\/07\/hvordan-en-bjorn-forbereder-seg-pa-dvalemodus-hvor-lenge-den-varer-og-hva-som-skjer-med-kroppen-om-vinteren\/\",\"url\":\"https:\/\/nordnesrepublikken.no\/index.php\/2025\/11\/07\/hvordan-en-bjorn-forbereder-seg-pa-dvalemodus-hvor-lenge-den-varer-og-hva-som-skjer-med-kroppen-om-vinteren\/\",\"name\":\"Hvordan en bj\u00f8rn forbereder seg p\u00e5 dvalemodus, hvor lenge den varer og hva som skjer med kroppen om vinteren - Nordnesrepublikken\",\"isPartOf\":{\"@id\":\"https:\/\/nordnesrepublikken.no\/#website\"},\"primaryImageOfPage\":{\"@id\":\"https:\/\/nordnesrepublikken.no\/index.php\/2025\/11\/07\/hvordan-en-bjorn-forbereder-seg-pa-dvalemodus-hvor-lenge-den-varer-og-hva-som-skjer-med-kroppen-om-vinteren\/#primaryimage\"},\"image\":{\"@id\":\"https:\/\/nordnesrepublikken.no\/index.php\/2025\/11\/07\/hvordan-en-bjorn-forbereder-seg-pa-dvalemodus-hvor-lenge-den-varer-og-hva-som-skjer-med-kroppen-om-vinteren\/#primaryimage\"},\"thumbnailUrl\":\"https:\/\/nordnesrepublikken.no\/wp-content\/uploads\/2025\/11\/1762534234_Hvordan-en-bjorn-forbereder-seg-pa-dvalemodus-hvor-lenge-den.jpg\",\"datePublished\":\"2025-11-07T16:50:34+00:00\",\"dateModified\":\"2025-11-07T16:50:38+00:00\",\"breadcrumb\":{\"@id\":\"https:\/\/nordnesrepublikken.no\/index.php\/2025\/11\/07\/hvordan-en-bjorn-forbereder-seg-pa-dvalemodus-hvor-lenge-den-varer-og-hva-som-skjer-med-kroppen-om-vinteren\/#breadcrumb\"},\"inLanguage\":\"nb-NO\",\"potentialAction\":[{\"@type\":\"ReadAction\",\"target\":[\"https:\/\/nordnesrepublikken.no\/index.php\/2025\/11\/07\/hvordan-en-bjorn-forbereder-seg-pa-dvalemodus-hvor-lenge-den-varer-og-hva-som-skjer-med-kroppen-om-vinteren\/\"]}]},{\"@type\":\"ImageObject\",\"inLanguage\":\"nb-NO\",\"@id\":\"https:\/\/nordnesrepublikken.no\/index.php\/2025\/11\/07\/hvordan-en-bjorn-forbereder-seg-pa-dvalemodus-hvor-lenge-den-varer-og-hva-som-skjer-med-kroppen-om-vinteren\/#primaryimage\",\"url\":\"https:\/\/nordnesrepublikken.no\/wp-content\/uploads\/2025\/11\/1762534234_Hvordan-en-bjorn-forbereder-seg-pa-dvalemodus-hvor-lenge-den.jpg\",\"contentUrl\":\"https:\/\/nordnesrepublikken.no\/wp-content\/uploads\/2025\/11\/1762534234_Hvordan-en-bjorn-forbereder-seg-pa-dvalemodus-hvor-lenge-den.jpg\",\"width\":1999,\"height\":1499,\"caption\":\"Hvordan en bj\u00f8rn forbereder seg p\u00e5 dvalemodus, hvor lenge den varer og hva som skjer med kroppen om vinteren\"},{\"@type\":\"BreadcrumbList\",\"@id\":\"https:\/\/nordnesrepublikken.no\/index.php\/2025\/11\/07\/hvordan-en-bjorn-forbereder-seg-pa-dvalemodus-hvor-lenge-den-varer-og-hva-som-skjer-med-kroppen-om-vinteren\/#breadcrumb\",\"itemListElement\":[{\"@type\":\"ListItem\",\"position\":1,\"name\":\"Home\",\"item\":\"https:\/\/nordnesrepublikken.no\/\"},{\"@type\":\"ListItem\",\"position\":2,\"name\":\"Hvordan en bj\u00f8rn forbereder seg p\u00e5 dvalemodus, hvor lenge den varer og hva som skjer med kroppen om vinteren\"}]},{\"@type\":\"WebSite\",\"@id\":\"https:\/\/nordnesrepublikken.no\/#website\",\"url\":\"https:\/\/nordnesrepublikken.no\/\",\"name\":\"Nordnesrepublikken\",\"description\":\"Stemmer og Visjoner fra Republikkens Hjerte\",\"publisher\":{\"@id\":\"https:\/\/nordnesrepublikken.no\/#organization\"},\"potentialAction\":[{\"@type\":\"SearchAction\",\"target\":{\"@type\":\"EntryPoint\",\"urlTemplate\":\"https:\/\/nordnesrepublikken.no\/?s={search_term_string}\"},\"query-input\":{\"@type\":\"PropertyValueSpecification\",\"valueRequired\":true,\"valueName\":\"search_term_string\"}}],\"inLanguage\":\"nb-NO\"},{\"@type\":\"Organization\",\"@id\":\"https:\/\/nordnesrepublikken.no\/#organization\",\"name\":\"Nordnesrepublikken\",\"url\":\"https:\/\/nordnesrepublikken.no\/\",\"logo\":{\"@type\":\"ImageObject\",\"inLanguage\":\"nb-NO\",\"@id\":\"https:\/\/nordnesrepublikken.no\/#\/schema\/logo\/image\/\",\"url\":\"https:\/\/nordnesrepublikken.no\/wp-content\/uploads\/2025\/02\/cropped-nordnesrepublikken-2.png\",\"contentUrl\":\"https:\/\/nordnesrepublikken.no\/wp-content\/uploads\/2025\/02\/cropped-nordnesrepublikken-2.png\",\"width\":1248,\"height\":362,\"caption\":\"Nordnesrepublikken\"},\"image\":{\"@id\":\"https:\/\/nordnesrepublikken.no\/#\/schema\/logo\/image\/\"}},{\"@type\":\"Person\",\"@id\":\"https:\/\/nordnesrepublikken.no\/#\/schema\/person\/2e7e81935bab77882fffb79296240ff1\",\"name\":\"Ole Andersen\",\"image\":{\"@type\":\"ImageObject\",\"inLanguage\":\"nb-NO\",\"@id\":\"https:\/\/nordnesrepublikken.no\/#\/schema\/person\/image\/\",\"url\":\"https:\/\/nordnesrepublikken.no\/wp-content\/uploads\/2025\/02\/nordnesrepublikken-2-2-150x150.jpg\",\"contentUrl\":\"https:\/\/nordnesrepublikken.no\/wp-content\/uploads\/2025\/02\/nordnesrepublikken-2-2-150x150.jpg\",\"caption\":\"Ole Andersen\"},\"description\":\"Ettersom jeg vokste opp i Oslo, har jeg alltid v\u00e6rt fascinert av ordenes kraft og deres evne til \u00e5 skape endringer. Etter \u00e5 ha fullf\u00f8rt min utdannelse i kommunikasjon ved Universitetet i Bergen, fikk jeg muligheten til \u00e5 jobbe innen ulike medier, der jeg har s\u00f8kt \u00e5 belyse viktige samfunnssp\u00f8rsm\u00e5l. I dag, som redakt\u00f8r for Nordnesrepublikken, pr\u00f8ver jeg \u00e5 forene min kj\u00e6rlighet for journalistikk med min lidenskap for innovasjon og eventyr.\",\"sameAs\":[\"https:\/\/nordnesrepublikken.no\/\"]}]}<\/script>\n<!-- \/ Yoast SEO plugin. -->","yoast_head_json":{"title":"Hvordan en bj\u00f8rn forbereder seg p\u00e5 dvalemodus, hvor lenge den varer og hva som skjer med kroppen om vinteren - Nordnesrepublikken","robots":{"index":"index","follow":"follow","max-snippet":"max-snippet:-1","max-image-preview":"max-image-preview:large","max-video-preview":"max-video-preview:-1"},"canonical":"https:\/\/nordnesrepublikken.no\/index.php\/2025\/11\/07\/hvordan-en-bjorn-forbereder-seg-pa-dvalemodus-hvor-lenge-den-varer-og-hva-som-skjer-med-kroppen-om-vinteren\/","og_locale":"nb_NO","og_type":"article","og_title":"Hvordan en bj\u00f8rn forbereder seg p\u00e5 dvalemodus, hvor lenge den varer og hva som skjer med kroppen om vinteren - Nordnesrepublikken","og_description":"H\u00f8sten er en avgj\u00f8rende \u00e5rstid for bj\u00f8rnerder de samler ressursene som er n\u00f8dvendige for \u00e5","og_url":"https:\/\/nordnesrepublikken.no\/index.php\/2025\/11\/07\/hvordan-en-bjorn-forbereder-seg-pa-dvalemodus-hvor-lenge-den-varer-og-hva-som-skjer-med-kroppen-om-vinteren\/","og_site_name":"Nordnesrepublikken","article_published_time":"2025-11-07T16:50:34+00:00","article_modified_time":"2025-11-07T16:50:38+00:00","og_image":[{"width":1999,"height":1499,"url":"https:\/\/nordnesrepublikken.no\/wp-content\/uploads\/2025\/11\/1762534234_Hvordan-en-bjorn-forbereder-seg-pa-dvalemodus-hvor-lenge-den.jpg","type":"image\/jpeg"}],"author":"Ole Andersen","twitter_card":"summary_large_image","twitter_misc":{"Skrevet av":"Ole Andersen","Ansl. lesetid":"4 minutter"},"schema":{"@context":"https:\/\/schema.org","@graph":[{"@type":"Article","@id":"https:\/\/nordnesrepublikken.no\/index.php\/2025\/11\/07\/hvordan-en-bjorn-forbereder-seg-pa-dvalemodus-hvor-lenge-den-varer-og-hva-som-skjer-med-kroppen-om-vinteren\/#article","isPartOf":{"@id":"https:\/\/nordnesrepublikken.no\/index.php\/2025\/11\/07\/hvordan-en-bjorn-forbereder-seg-pa-dvalemodus-hvor-lenge-den-varer-og-hva-som-skjer-med-kroppen-om-vinteren\/"},"author":{"name":"Ole Andersen","@id":"https:\/\/nordnesrepublikken.no\/#\/schema\/person\/2e7e81935bab77882fffb79296240ff1"},"headline":"Hvordan en bj\u00f8rn forbereder seg p\u00e5 dvalemodus, hvor lenge den varer og hva som skjer med kroppen om vinteren","datePublished":"2025-11-07T16:50:34+00:00","dateModified":"2025-11-07T16:50:38+00:00","mainEntityOfPage":{"@id":"https:\/\/nordnesrepublikken.no\/index.php\/2025\/11\/07\/hvordan-en-bjorn-forbereder-seg-pa-dvalemodus-hvor-lenge-den-varer-og-hva-som-skjer-med-kroppen-om-vinteren\/"},"wordCount":872,"publisher":{"@id":"https:\/\/nordnesrepublikken.no\/#organization"},"image":{"@id":"https:\/\/nordnesrepublikken.no\/index.php\/2025\/11\/07\/hvordan-en-bjorn-forbereder-seg-pa-dvalemodus-hvor-lenge-den-varer-og-hva-som-skjer-med-kroppen-om-vinteren\/#primaryimage"},"thumbnailUrl":"https:\/\/nordnesrepublikken.no\/wp-content\/uploads\/2025\/11\/1762534234_Hvordan-en-bjorn-forbereder-seg-pa-dvalemodus-hvor-lenge-den.jpg","keywords":["bj\u00f8rn","den","dvalemodus","forbereder","Hva","hvor","Hvordan","kroppen","lenge","med","p\u00e5","seg","skjer","som","varer","vinteren"],"articleSection":["Vitenskap"],"inLanguage":"nb-NO"},{"@type":"WebPage","@id":"https:\/\/nordnesrepublikken.no\/index.php\/2025\/11\/07\/hvordan-en-bjorn-forbereder-seg-pa-dvalemodus-hvor-lenge-den-varer-og-hva-som-skjer-med-kroppen-om-vinteren\/","url":"https:\/\/nordnesrepublikken.no\/index.php\/2025\/11\/07\/hvordan-en-bjorn-forbereder-seg-pa-dvalemodus-hvor-lenge-den-varer-og-hva-som-skjer-med-kroppen-om-vinteren\/","name":"Hvordan en bj\u00f8rn forbereder seg p\u00e5 dvalemodus, hvor lenge den varer og hva som skjer med kroppen om vinteren - Nordnesrepublikken","isPartOf":{"@id":"https:\/\/nordnesrepublikken.no\/#website"},"primaryImageOfPage":{"@id":"https:\/\/nordnesrepublikken.no\/index.php\/2025\/11\/07\/hvordan-en-bjorn-forbereder-seg-pa-dvalemodus-hvor-lenge-den-varer-og-hva-som-skjer-med-kroppen-om-vinteren\/#primaryimage"},"image":{"@id":"https:\/\/nordnesrepublikken.no\/index.php\/2025\/11\/07\/hvordan-en-bjorn-forbereder-seg-pa-dvalemodus-hvor-lenge-den-varer-og-hva-som-skjer-med-kroppen-om-vinteren\/#primaryimage"},"thumbnailUrl":"https:\/\/nordnesrepublikken.no\/wp-content\/uploads\/2025\/11\/1762534234_Hvordan-en-bjorn-forbereder-seg-pa-dvalemodus-hvor-lenge-den.jpg","datePublished":"2025-11-07T16:50:34+00:00","dateModified":"2025-11-07T16:50:38+00:00","breadcrumb":{"@id":"https:\/\/nordnesrepublikken.no\/index.php\/2025\/11\/07\/hvordan-en-bjorn-forbereder-seg-pa-dvalemodus-hvor-lenge-den-varer-og-hva-som-skjer-med-kroppen-om-vinteren\/#breadcrumb"},"inLanguage":"nb-NO","potentialAction":[{"@type":"ReadAction","target":["https:\/\/nordnesrepublikken.no\/index.php\/2025\/11\/07\/hvordan-en-bjorn-forbereder-seg-pa-dvalemodus-hvor-lenge-den-varer-og-hva-som-skjer-med-kroppen-om-vinteren\/"]}]},{"@type":"ImageObject","inLanguage":"nb-NO","@id":"https:\/\/nordnesrepublikken.no\/index.php\/2025\/11\/07\/hvordan-en-bjorn-forbereder-seg-pa-dvalemodus-hvor-lenge-den-varer-og-hva-som-skjer-med-kroppen-om-vinteren\/#primaryimage","url":"https:\/\/nordnesrepublikken.no\/wp-content\/uploads\/2025\/11\/1762534234_Hvordan-en-bjorn-forbereder-seg-pa-dvalemodus-hvor-lenge-den.jpg","contentUrl":"https:\/\/nordnesrepublikken.no\/wp-content\/uploads\/2025\/11\/1762534234_Hvordan-en-bjorn-forbereder-seg-pa-dvalemodus-hvor-lenge-den.jpg","width":1999,"height":1499,"caption":"Hvordan en bj\u00f8rn forbereder seg p\u00e5 dvalemodus, hvor lenge den varer og hva som skjer med kroppen om vinteren"},{"@type":"BreadcrumbList","@id":"https:\/\/nordnesrepublikken.no\/index.php\/2025\/11\/07\/hvordan-en-bjorn-forbereder-seg-pa-dvalemodus-hvor-lenge-den-varer-og-hva-som-skjer-med-kroppen-om-vinteren\/#breadcrumb","itemListElement":[{"@type":"ListItem","position":1,"name":"Home","item":"https:\/\/nordnesrepublikken.no\/"},{"@type":"ListItem","position":2,"name":"Hvordan en bj\u00f8rn forbereder seg p\u00e5 dvalemodus, hvor lenge den varer og hva som skjer med kroppen om vinteren"}]},{"@type":"WebSite","@id":"https:\/\/nordnesrepublikken.no\/#website","url":"https:\/\/nordnesrepublikken.no\/","name":"Nordnesrepublikken","description":"Stemmer og Visjoner fra Republikkens Hjerte","publisher":{"@id":"https:\/\/nordnesrepublikken.no\/#organization"},"potentialAction":[{"@type":"SearchAction","target":{"@type":"EntryPoint","urlTemplate":"https:\/\/nordnesrepublikken.no\/?s={search_term_string}"},"query-input":{"@type":"PropertyValueSpecification","valueRequired":true,"valueName":"search_term_string"}}],"inLanguage":"nb-NO"},{"@type":"Organization","@id":"https:\/\/nordnesrepublikken.no\/#organization","name":"Nordnesrepublikken","url":"https:\/\/nordnesrepublikken.no\/","logo":{"@type":"ImageObject","inLanguage":"nb-NO","@id":"https:\/\/nordnesrepublikken.no\/#\/schema\/logo\/image\/","url":"https:\/\/nordnesrepublikken.no\/wp-content\/uploads\/2025\/02\/cropped-nordnesrepublikken-2.png","contentUrl":"https:\/\/nordnesrepublikken.no\/wp-content\/uploads\/2025\/02\/cropped-nordnesrepublikken-2.png","width":1248,"height":362,"caption":"Nordnesrepublikken"},"image":{"@id":"https:\/\/nordnesrepublikken.no\/#\/schema\/logo\/image\/"}},{"@type":"Person","@id":"https:\/\/nordnesrepublikken.no\/#\/schema\/person\/2e7e81935bab77882fffb79296240ff1","name":"Ole Andersen","image":{"@type":"ImageObject","inLanguage":"nb-NO","@id":"https:\/\/nordnesrepublikken.no\/#\/schema\/person\/image\/","url":"https:\/\/nordnesrepublikken.no\/wp-content\/uploads\/2025\/02\/nordnesrepublikken-2-2-150x150.jpg","contentUrl":"https:\/\/nordnesrepublikken.no\/wp-content\/uploads\/2025\/02\/nordnesrepublikken-2-2-150x150.jpg","caption":"Ole Andersen"},"description":"Ettersom jeg vokste opp i Oslo, har jeg alltid v\u00e6rt fascinert av ordenes kraft og deres evne til \u00e5 skape endringer. Etter \u00e5 ha fullf\u00f8rt min utdannelse i kommunikasjon ved Universitetet i Bergen, fikk jeg muligheten til \u00e5 jobbe innen ulike medier, der jeg har s\u00f8kt \u00e5 belyse viktige samfunnssp\u00f8rsm\u00e5l. I dag, som redakt\u00f8r for Nordnesrepublikken, pr\u00f8ver jeg \u00e5 forene min kj\u00e6rlighet for journalistikk med min lidenskap for innovasjon og eventyr.","sameAs":["https:\/\/nordnesrepublikken.no\/"]}]}},"_links":{"self":[{"href":"https:\/\/nordnesrepublikken.no\/index.php\/wp-json\/wp\/v2\/posts\/11449","targetHints":{"allow":["GET"]}}],"collection":[{"href":"https:\/\/nordnesrepublikken.no\/index.php\/wp-json\/wp\/v2\/posts"}],"about":[{"href":"https:\/\/nordnesrepublikken.no\/index.php\/wp-json\/wp\/v2\/types\/post"}],"author":[{"embeddable":true,"href":"https:\/\/nordnesrepublikken.no\/index.php\/wp-json\/wp\/v2\/users\/1"}],"replies":[{"embeddable":true,"href":"https:\/\/nordnesrepublikken.no\/index.php\/wp-json\/wp\/v2\/comments?post=11449"}],"version-history":[{"count":1,"href":"https:\/\/nordnesrepublikken.no\/index.php\/wp-json\/wp\/v2\/posts\/11449\/revisions"}],"predecessor-version":[{"id":11451,"href":"https:\/\/nordnesrepublikken.no\/index.php\/wp-json\/wp\/v2\/posts\/11449\/revisions\/11451"}],"wp:featuredmedia":[{"embeddable":true,"href":"https:\/\/nordnesrepublikken.no\/index.php\/wp-json\/wp\/v2\/media\/11450"}],"wp:attachment":[{"href":"https:\/\/nordnesrepublikken.no\/index.php\/wp-json\/wp\/v2\/media?parent=11449"}],"wp:term":[{"taxonomy":"category","embeddable":true,"href":"https:\/\/nordnesrepublikken.no\/index.php\/wp-json\/wp\/v2\/categories?post=11449"},{"taxonomy":"post_tag","embeddable":true,"href":"https:\/\/nordnesrepublikken.no\/index.php\/wp-json\/wp\/v2\/tags?post=11449"}],"curies":[{"name":"wp","href":"https:\/\/api.w.org\/{rel}","templated":true}]}}