{"id":11419,"date":"2025-11-07T00:52:02","date_gmt":"2025-11-06T23:52:02","guid":{"rendered":"https:\/\/nordnesrepublikken.no\/index.php\/2025\/11\/07\/livet-verkene-og-historien-til-den-forste-kvinnelige-kunstneren-ved-firenzeakademiet\/"},"modified":"2025-11-07T00:52:04","modified_gmt":"2025-11-06T23:52:04","slug":"livet-verkene-og-historien-til-den-forste-kvinnelige-kunstneren-ved-firenzeakademiet","status":"publish","type":"post","link":"https:\/\/nordnesrepublikken.no\/index.php\/2025\/11\/07\/livet-verkene-og-historien-til-den-forste-kvinnelige-kunstneren-ved-firenzeakademiet\/","title":{"rendered":"livet, verkene og historien til den f\u00f8rste kvinnelige kunstneren ved Firenzeakademiet"},"content":{"rendered":"<div>\n<div class=\"cp_wrapper cp_wrapper--fw mb-30 mb-20@tablet\">\n<figure class=\"mm\"><picture class=\"img\" style=\"padding-top:56.25%\"><source  media=\"(min-width: 1024px)\"><source  media=\"(min-width: 768px)\"><\/source><\/source><\/picture><\/figure>\n<\/p><\/div>\n<p>De siste \u00e5rene har mange glemte kvinnelige kunstnere blitt gjenoppdaget, et verk som oppst\u00e5r fra \u00f8nsket om \u00e5 balansere kunstnarrativet som har v\u00e6rt (og ofte fortsatt er) historisk ubalansert til fordel for menn. Blant disse blir den stadig mer kjent og verdsatt<strong> den store maleren Artemisia Gentileschi<\/strong>en av f\u00e5 kunstnere som til tross for at de levde i et lukket samfunn med fordommer mot kvinners evner, klarte \u00e5 etablere seg som en ledende skikkelse, til tross for motgang.<\/p>\n<h2>Livet i korthet til Artemisia Gentileschi<\/h2>\n<p><strong>F\u00f8dt i Roma i 1593<\/strong>Artemisia vokser opp allerede omgitt av kunst: etter \u00e5 ha demonstrert et tidlig talent, var hennes f\u00f8rste l\u00e6rer <strong>faren<\/strong>, <strong>Horace,<\/strong> sv\u00e6rt n\u00e6r Caravaggio, som l\u00e6rte henne rudimentene i handelen, samtidig som han opprettholdt et ganske konfliktfylt forhold.<\/p>\n<p>En dessverre kjent episode i livet til Artemisia Gentileschi er den av <strong>seksuelle overgrep i en alder av 17<\/strong> i hendene p\u00e5 Agostino Tassi, farens samarbeidspartner. Sannsynligvis for \u00e5 unng\u00e5 overbevisning, lovet Tassi Artemisia \u00e5 gifte seg med henne, selv om han allerede hadde en kone. Han ble deretter ford\u00f8mt av Orazio, og dette f\u00f8rte til rettssaken hvis dokumenter tillot oss \u00e5 forst\u00e5 historien (inkludert <strong>torturen som maleren ble utsatt for<\/strong> &laquo;for \u00e5 v\u00e6re sikker p\u00e5 sannheten&raquo;), men ogs\u00e5 mange detaljer om Artemisias liv. Tassi ble d\u00f8mt og forvist, selv om han noen \u00e5r senere klarte \u00e5 returnere til Roma. I f\u00f8lge noen lesninger slo denne forferdelige aggresjonen, som Artemisia fortalte i detalj i dagboken sin, og som hun kanskje aldri har kommet seg psykologisk fra, over i arbeidet hennes: <strong>for noen kritikere, spesielt fra det feministiske omr\u00e5det, er dette grunnen til at maleriet hans ble brutalt<\/strong>; for andre stemte det imidlertid med den dystre smaken som er typisk for kunst fra det syttende \u00e5rhundre.<\/p>\n<p>Gift med den florentinske maleren Pierantonio Stiattesi, ni \u00e5r eldre enn henne, Artemisia <strong>han flyttet til Firenze<\/strong>: her fikk han et godt rykte og beskyttelse av storhertugene Cosimo II de&#8217; Medici og Cristina av Lorraine, som kom <strong>innlagt (som f\u00f8rste kvinne) i 1616 til Accademia del Disegno i Firenze<\/strong>. Han vendte senere tilbake til Roma og dro ogs\u00e5 til Venezia, deretter til London, etter sin far (hoffmaler av dronning Henrietta Maria) og til slutt til Napoli, hvor han d\u00f8de mellom 1654 og 1656.<\/p>\n<h2>Verkene til Artemisia Gentileschi<\/h2>\n<p>Ignorert i \u00e5rhundrer av mange kunsthistorikere, <strong>Artemisia ble revurdert<\/strong> med utgangspunkt i en viktig artikkel fra 1916 av Roberto Longhi, <strong>&laquo;Snill far og datter&raquo;<\/strong>hvoretter dets stilistiske og uttrykksfulle omfang ble revurdert, spesielt for den dramatiske og ekspressive stilen. Artemisia arbeidet etter datidens Caravaggio-stil, kombinert if\u00f8lge noen med Bolognesisk stil, og foreslo faktisk en veldig original kunst, preget av<strong> stor realisme og ofte ogs\u00e5 sensualitet <\/strong>som han brukte p\u00e5 sine egne portretter, men ogs\u00e5 p\u00e5 religi\u00f8se eller bibelske malerier. Arbeidene hans er bevart i hele Italia \u2013 p\u00e5 Uffizi og Palazzo Pitti i Firenze, p\u00e5 Palazzo Blu i Pisa, p\u00e5 Galleria Spada i Roma og ved katedralen i Pozzuoli, utenfor Napoli \u2013 og i utlandet, fra Metropolitan i New York til National Gallery i London.<\/p>\n<p>Blant de viktigste finner vi:<\/p>\n<ul>\n<li><strong>Judith halshugger Holofernes (1612-1613)<\/strong>bevart p\u00e5 nasjonalmuseet i Capodimonte (Napoli)<\/li>\n<\/ul>\n<div class=\"cp_wrapper cp_wrapper--fw mb-50\">\n<figure class=\"mm\"><picture class=\"img\" style=\"padding-top:125.95%\"><source  media=\"(min-width: 1024px)\"><source  media=\"(min-width: 768px)\"><img decoding=\"async\" loading=\"lazy\" src=\"https:\/\/nordnesrepublikken.no\/wp-content\/uploads\/2025\/11\/livet-verkene-og-historien-til-den-forste-kvinnelige-kunstneren-ved.jpg\" alt=\"Gentileschi_Artemisia_Judith_Beheading_Holofernes_Napoli\" width=\"2000\" height=\"2519\"\/><\/source><\/source><\/picture><\/figure>\n<\/p><\/div>\n<ul>\n<li><strong>Selvportrett som luttspiller (ca. 1615-1617)<\/strong>Curtis Galleries i Minneapolis,<\/li>\n<\/ul>\n<div class=\"cp_wrapper cp_wrapper--fw mb-50\">\n<figure class=\"mm\"><picture class=\"img\" style=\"padding-top:107.79734099892%\"><source  media=\"(min-width: 1024px)\"><source  media=\"(min-width: 768px)\"><img decoding=\"async\" loading=\"lazy\" src=\"https:\/\/nordnesrepublikken.no\/wp-content\/uploads\/2025\/11\/livet-verkene-og-historien-til-den-forste-kvinnelige-kunstneren-ved.jpeg\" alt=\"Artemisia_Gentileschi_-_Selvportrett_som_en_luttespiller\" width=\"2783\" height=\"3000\" class=\"js-seedtag-img\"\/><\/source><\/source><\/picture><\/figure>\n<\/p><\/div>\n<ul>\n<li><strong>Konvertering av Magdalena (1615-1616)<\/strong>Palatine-galleriet i Palazzo Pitti (Firenze).<\/li>\n<\/ul>\n<div class=\"cp_wrapper cp_wrapper--fw mb-50\">\n<figure class=\"mm\"><picture class=\"img\" style=\"padding-top:134.52914798206%\"><source  media=\"(min-width: 1024px)\"><source  media=\"(min-width: 768px)\"><img decoding=\"async\" loading=\"lazy\" src=\"https:\/\/nordnesrepublikken.no\/wp-content\/uploads\/2025\/11\/1762473122_686_livet-verkene-og-historien-til-den-forste-kvinnelige-kunstneren-ved.jpg\" alt=\"Artemisia_Gentileschi_Mary_Magdalene_Pitti\" width=\"1115\" height=\"1500\"\/><\/source><\/source><\/picture><\/figure>\n<\/p><\/div>\n<\/p><\/div>\n","protected":false},"excerpt":{"rendered":"<p>De siste \u00e5rene har mange glemte kvinnelige kunstnere blitt gjenoppdaget, et verk som oppst\u00e5r fra<\/p>\n","protected":false},"author":1,"featured_media":11420,"comment_status":"closed","ping_status":"open","sticky":false,"template":"","format":"standard","meta":{"footnotes":""},"categories":[104],"tags":[74,7519,67,521,7518,3170,793,117,231,7517],"class_list":["post-11419","post","type-post","status-publish","format-standard","has-post-thumbnail","hentry","category-samfunn","tag-den","tag-firenzeakademiet","tag-forste","tag-historien","tag-kunstneren","tag-kvinnelige","tag-livet","tag-til","tag-ved","tag-verkene","generate-columns","tablet-grid-50","mobile-grid-100","grid-parent","grid-33","resize-featured-image"],"yoast_head":"<!-- This site is optimized with the Yoast SEO plugin v24.4 - https:\/\/yoast.com\/wordpress\/plugins\/seo\/ -->\n<title>livet, verkene og historien til den f\u00f8rste kvinnelige kunstneren ved Firenzeakademiet - Nordnesrepublikken<\/title>\n<meta name=\"robots\" content=\"index, follow, max-snippet:-1, max-image-preview:large, max-video-preview:-1\" \/>\n<link rel=\"canonical\" href=\"https:\/\/nordnesrepublikken.no\/index.php\/2025\/11\/07\/livet-verkene-og-historien-til-den-forste-kvinnelige-kunstneren-ved-firenzeakademiet\/\" \/>\n<meta property=\"og:locale\" content=\"nb_NO\" \/>\n<meta property=\"og:type\" content=\"article\" \/>\n<meta property=\"og:title\" content=\"livet, verkene og historien til den f\u00f8rste kvinnelige kunstneren ved Firenzeakademiet - Nordnesrepublikken\" \/>\n<meta property=\"og:description\" content=\"De siste \u00e5rene har mange glemte kvinnelige kunstnere blitt gjenoppdaget, et verk som oppst\u00e5r fra\" \/>\n<meta property=\"og:url\" content=\"https:\/\/nordnesrepublikken.no\/index.php\/2025\/11\/07\/livet-verkene-og-historien-til-den-forste-kvinnelige-kunstneren-ved-firenzeakademiet\/\" \/>\n<meta property=\"og:site_name\" content=\"Nordnesrepublikken\" \/>\n<meta property=\"article:published_time\" content=\"2025-11-06T23:52:02+00:00\" \/>\n<meta property=\"article:modified_time\" content=\"2025-11-06T23:52:04+00:00\" \/>\n<meta property=\"og:image\" content=\"https:\/\/nordnesrepublikken.no\/wp-content\/uploads\/2025\/11\/1762473123_livet-verkene-og-historien-til-den-forste-kvinnelige-kunstneren-ved.jpeg\" \/>\n\t<meta property=\"og:image:width\" content=\"1050\" \/>\n\t<meta property=\"og:image:height\" content=\"590\" \/>\n\t<meta property=\"og:image:type\" content=\"image\/jpeg\" \/>\n<meta name=\"author\" content=\"Ole Andersen\" \/>\n<meta name=\"twitter:card\" content=\"summary_large_image\" \/>\n<meta name=\"twitter:label1\" content=\"Skrevet av\" \/>\n\t<meta name=\"twitter:data1\" content=\"Ole Andersen\" \/>\n\t<meta name=\"twitter:label2\" content=\"Ansl. lesetid\" \/>\n\t<meta name=\"twitter:data2\" content=\"3 minutter\" \/>\n<script type=\"application\/ld+json\" class=\"yoast-schema-graph\">{\"@context\":\"https:\/\/schema.org\",\"@graph\":[{\"@type\":\"Article\",\"@id\":\"https:\/\/nordnesrepublikken.no\/index.php\/2025\/11\/07\/livet-verkene-og-historien-til-den-forste-kvinnelige-kunstneren-ved-firenzeakademiet\/#article\",\"isPartOf\":{\"@id\":\"https:\/\/nordnesrepublikken.no\/index.php\/2025\/11\/07\/livet-verkene-og-historien-til-den-forste-kvinnelige-kunstneren-ved-firenzeakademiet\/\"},\"author\":{\"name\":\"Ole Andersen\",\"@id\":\"https:\/\/nordnesrepublikken.no\/#\/schema\/person\/2e7e81935bab77882fffb79296240ff1\"},\"headline\":\"livet, verkene og historien til den f\u00f8rste kvinnelige kunstneren ved Firenzeakademiet\",\"datePublished\":\"2025-11-06T23:52:02+00:00\",\"dateModified\":\"2025-11-06T23:52:04+00:00\",\"mainEntityOfPage\":{\"@id\":\"https:\/\/nordnesrepublikken.no\/index.php\/2025\/11\/07\/livet-verkene-og-historien-til-den-forste-kvinnelige-kunstneren-ved-firenzeakademiet\/\"},\"wordCount\":550,\"publisher\":{\"@id\":\"https:\/\/nordnesrepublikken.no\/#organization\"},\"image\":{\"@id\":\"https:\/\/nordnesrepublikken.no\/index.php\/2025\/11\/07\/livet-verkene-og-historien-til-den-forste-kvinnelige-kunstneren-ved-firenzeakademiet\/#primaryimage\"},\"thumbnailUrl\":\"https:\/\/nordnesrepublikken.no\/wp-content\/uploads\/2025\/11\/1762473123_livet-verkene-og-historien-til-den-forste-kvinnelige-kunstneren-ved.jpeg\",\"keywords\":[\"den\",\"Firenzeakademiet\",\"f\u00f8rste\",\"Historien\",\"kunstneren\",\"kvinnelige\",\"livet\",\"til\",\"ved\",\"verkene\"],\"articleSection\":[\"Samfunn\"],\"inLanguage\":\"nb-NO\"},{\"@type\":\"WebPage\",\"@id\":\"https:\/\/nordnesrepublikken.no\/index.php\/2025\/11\/07\/livet-verkene-og-historien-til-den-forste-kvinnelige-kunstneren-ved-firenzeakademiet\/\",\"url\":\"https:\/\/nordnesrepublikken.no\/index.php\/2025\/11\/07\/livet-verkene-og-historien-til-den-forste-kvinnelige-kunstneren-ved-firenzeakademiet\/\",\"name\":\"livet, verkene og historien til den f\u00f8rste kvinnelige kunstneren ved Firenzeakademiet - Nordnesrepublikken\",\"isPartOf\":{\"@id\":\"https:\/\/nordnesrepublikken.no\/#website\"},\"primaryImageOfPage\":{\"@id\":\"https:\/\/nordnesrepublikken.no\/index.php\/2025\/11\/07\/livet-verkene-og-historien-til-den-forste-kvinnelige-kunstneren-ved-firenzeakademiet\/#primaryimage\"},\"image\":{\"@id\":\"https:\/\/nordnesrepublikken.no\/index.php\/2025\/11\/07\/livet-verkene-og-historien-til-den-forste-kvinnelige-kunstneren-ved-firenzeakademiet\/#primaryimage\"},\"thumbnailUrl\":\"https:\/\/nordnesrepublikken.no\/wp-content\/uploads\/2025\/11\/1762473123_livet-verkene-og-historien-til-den-forste-kvinnelige-kunstneren-ved.jpeg\",\"datePublished\":\"2025-11-06T23:52:02+00:00\",\"dateModified\":\"2025-11-06T23:52:04+00:00\",\"breadcrumb\":{\"@id\":\"https:\/\/nordnesrepublikken.no\/index.php\/2025\/11\/07\/livet-verkene-og-historien-til-den-forste-kvinnelige-kunstneren-ved-firenzeakademiet\/#breadcrumb\"},\"inLanguage\":\"nb-NO\",\"potentialAction\":[{\"@type\":\"ReadAction\",\"target\":[\"https:\/\/nordnesrepublikken.no\/index.php\/2025\/11\/07\/livet-verkene-og-historien-til-den-forste-kvinnelige-kunstneren-ved-firenzeakademiet\/\"]}]},{\"@type\":\"ImageObject\",\"inLanguage\":\"nb-NO\",\"@id\":\"https:\/\/nordnesrepublikken.no\/index.php\/2025\/11\/07\/livet-verkene-og-historien-til-den-forste-kvinnelige-kunstneren-ved-firenzeakademiet\/#primaryimage\",\"url\":\"https:\/\/nordnesrepublikken.no\/wp-content\/uploads\/2025\/11\/1762473123_livet-verkene-og-historien-til-den-forste-kvinnelige-kunstneren-ved.jpeg\",\"contentUrl\":\"https:\/\/nordnesrepublikken.no\/wp-content\/uploads\/2025\/11\/1762473123_livet-verkene-og-historien-til-den-forste-kvinnelige-kunstneren-ved.jpeg\",\"width\":1050,\"height\":590,\"caption\":\"livet, verkene og historien til den f\u00f8rste kvinnelige kunstneren ved Firenzeakademiet\"},{\"@type\":\"BreadcrumbList\",\"@id\":\"https:\/\/nordnesrepublikken.no\/index.php\/2025\/11\/07\/livet-verkene-og-historien-til-den-forste-kvinnelige-kunstneren-ved-firenzeakademiet\/#breadcrumb\",\"itemListElement\":[{\"@type\":\"ListItem\",\"position\":1,\"name\":\"Home\",\"item\":\"https:\/\/nordnesrepublikken.no\/\"},{\"@type\":\"ListItem\",\"position\":2,\"name\":\"livet, verkene og historien til den f\u00f8rste kvinnelige kunstneren ved Firenzeakademiet\"}]},{\"@type\":\"WebSite\",\"@id\":\"https:\/\/nordnesrepublikken.no\/#website\",\"url\":\"https:\/\/nordnesrepublikken.no\/\",\"name\":\"Nordnesrepublikken\",\"description\":\"Stemmer og Visjoner fra Republikkens Hjerte\",\"publisher\":{\"@id\":\"https:\/\/nordnesrepublikken.no\/#organization\"},\"potentialAction\":[{\"@type\":\"SearchAction\",\"target\":{\"@type\":\"EntryPoint\",\"urlTemplate\":\"https:\/\/nordnesrepublikken.no\/?s={search_term_string}\"},\"query-input\":{\"@type\":\"PropertyValueSpecification\",\"valueRequired\":true,\"valueName\":\"search_term_string\"}}],\"inLanguage\":\"nb-NO\"},{\"@type\":\"Organization\",\"@id\":\"https:\/\/nordnesrepublikken.no\/#organization\",\"name\":\"Nordnesrepublikken\",\"url\":\"https:\/\/nordnesrepublikken.no\/\",\"logo\":{\"@type\":\"ImageObject\",\"inLanguage\":\"nb-NO\",\"@id\":\"https:\/\/nordnesrepublikken.no\/#\/schema\/logo\/image\/\",\"url\":\"https:\/\/nordnesrepublikken.no\/wp-content\/uploads\/2025\/02\/cropped-nordnesrepublikken-2.png\",\"contentUrl\":\"https:\/\/nordnesrepublikken.no\/wp-content\/uploads\/2025\/02\/cropped-nordnesrepublikken-2.png\",\"width\":1248,\"height\":362,\"caption\":\"Nordnesrepublikken\"},\"image\":{\"@id\":\"https:\/\/nordnesrepublikken.no\/#\/schema\/logo\/image\/\"}},{\"@type\":\"Person\",\"@id\":\"https:\/\/nordnesrepublikken.no\/#\/schema\/person\/2e7e81935bab77882fffb79296240ff1\",\"name\":\"Ole Andersen\",\"image\":{\"@type\":\"ImageObject\",\"inLanguage\":\"nb-NO\",\"@id\":\"https:\/\/nordnesrepublikken.no\/#\/schema\/person\/image\/\",\"url\":\"https:\/\/nordnesrepublikken.no\/wp-content\/uploads\/2025\/02\/nordnesrepublikken-2-2-150x150.jpg\",\"contentUrl\":\"https:\/\/nordnesrepublikken.no\/wp-content\/uploads\/2025\/02\/nordnesrepublikken-2-2-150x150.jpg\",\"caption\":\"Ole Andersen\"},\"description\":\"Ettersom jeg vokste opp i Oslo, har jeg alltid v\u00e6rt fascinert av ordenes kraft og deres evne til \u00e5 skape endringer. Etter \u00e5 ha fullf\u00f8rt min utdannelse i kommunikasjon ved Universitetet i Bergen, fikk jeg muligheten til \u00e5 jobbe innen ulike medier, der jeg har s\u00f8kt \u00e5 belyse viktige samfunnssp\u00f8rsm\u00e5l. I dag, som redakt\u00f8r for Nordnesrepublikken, pr\u00f8ver jeg \u00e5 forene min kj\u00e6rlighet for journalistikk med min lidenskap for innovasjon og eventyr.\",\"sameAs\":[\"https:\/\/nordnesrepublikken.no\/\"]}]}<\/script>\n<!-- \/ Yoast SEO plugin. -->","yoast_head_json":{"title":"livet, verkene og historien til den f\u00f8rste kvinnelige kunstneren ved Firenzeakademiet - Nordnesrepublikken","robots":{"index":"index","follow":"follow","max-snippet":"max-snippet:-1","max-image-preview":"max-image-preview:large","max-video-preview":"max-video-preview:-1"},"canonical":"https:\/\/nordnesrepublikken.no\/index.php\/2025\/11\/07\/livet-verkene-og-historien-til-den-forste-kvinnelige-kunstneren-ved-firenzeakademiet\/","og_locale":"nb_NO","og_type":"article","og_title":"livet, verkene og historien til den f\u00f8rste kvinnelige kunstneren ved Firenzeakademiet - Nordnesrepublikken","og_description":"De siste \u00e5rene har mange glemte kvinnelige kunstnere blitt gjenoppdaget, et verk som oppst\u00e5r fra","og_url":"https:\/\/nordnesrepublikken.no\/index.php\/2025\/11\/07\/livet-verkene-og-historien-til-den-forste-kvinnelige-kunstneren-ved-firenzeakademiet\/","og_site_name":"Nordnesrepublikken","article_published_time":"2025-11-06T23:52:02+00:00","article_modified_time":"2025-11-06T23:52:04+00:00","og_image":[{"width":1050,"height":590,"url":"https:\/\/nordnesrepublikken.no\/wp-content\/uploads\/2025\/11\/1762473123_livet-verkene-og-historien-til-den-forste-kvinnelige-kunstneren-ved.jpeg","type":"image\/jpeg"}],"author":"Ole Andersen","twitter_card":"summary_large_image","twitter_misc":{"Skrevet av":"Ole Andersen","Ansl. lesetid":"3 minutter"},"schema":{"@context":"https:\/\/schema.org","@graph":[{"@type":"Article","@id":"https:\/\/nordnesrepublikken.no\/index.php\/2025\/11\/07\/livet-verkene-og-historien-til-den-forste-kvinnelige-kunstneren-ved-firenzeakademiet\/#article","isPartOf":{"@id":"https:\/\/nordnesrepublikken.no\/index.php\/2025\/11\/07\/livet-verkene-og-historien-til-den-forste-kvinnelige-kunstneren-ved-firenzeakademiet\/"},"author":{"name":"Ole Andersen","@id":"https:\/\/nordnesrepublikken.no\/#\/schema\/person\/2e7e81935bab77882fffb79296240ff1"},"headline":"livet, verkene og historien til den f\u00f8rste kvinnelige kunstneren ved Firenzeakademiet","datePublished":"2025-11-06T23:52:02+00:00","dateModified":"2025-11-06T23:52:04+00:00","mainEntityOfPage":{"@id":"https:\/\/nordnesrepublikken.no\/index.php\/2025\/11\/07\/livet-verkene-og-historien-til-den-forste-kvinnelige-kunstneren-ved-firenzeakademiet\/"},"wordCount":550,"publisher":{"@id":"https:\/\/nordnesrepublikken.no\/#organization"},"image":{"@id":"https:\/\/nordnesrepublikken.no\/index.php\/2025\/11\/07\/livet-verkene-og-historien-til-den-forste-kvinnelige-kunstneren-ved-firenzeakademiet\/#primaryimage"},"thumbnailUrl":"https:\/\/nordnesrepublikken.no\/wp-content\/uploads\/2025\/11\/1762473123_livet-verkene-og-historien-til-den-forste-kvinnelige-kunstneren-ved.jpeg","keywords":["den","Firenzeakademiet","f\u00f8rste","Historien","kunstneren","kvinnelige","livet","til","ved","verkene"],"articleSection":["Samfunn"],"inLanguage":"nb-NO"},{"@type":"WebPage","@id":"https:\/\/nordnesrepublikken.no\/index.php\/2025\/11\/07\/livet-verkene-og-historien-til-den-forste-kvinnelige-kunstneren-ved-firenzeakademiet\/","url":"https:\/\/nordnesrepublikken.no\/index.php\/2025\/11\/07\/livet-verkene-og-historien-til-den-forste-kvinnelige-kunstneren-ved-firenzeakademiet\/","name":"livet, verkene og historien til den f\u00f8rste kvinnelige kunstneren ved Firenzeakademiet - Nordnesrepublikken","isPartOf":{"@id":"https:\/\/nordnesrepublikken.no\/#website"},"primaryImageOfPage":{"@id":"https:\/\/nordnesrepublikken.no\/index.php\/2025\/11\/07\/livet-verkene-og-historien-til-den-forste-kvinnelige-kunstneren-ved-firenzeakademiet\/#primaryimage"},"image":{"@id":"https:\/\/nordnesrepublikken.no\/index.php\/2025\/11\/07\/livet-verkene-og-historien-til-den-forste-kvinnelige-kunstneren-ved-firenzeakademiet\/#primaryimage"},"thumbnailUrl":"https:\/\/nordnesrepublikken.no\/wp-content\/uploads\/2025\/11\/1762473123_livet-verkene-og-historien-til-den-forste-kvinnelige-kunstneren-ved.jpeg","datePublished":"2025-11-06T23:52:02+00:00","dateModified":"2025-11-06T23:52:04+00:00","breadcrumb":{"@id":"https:\/\/nordnesrepublikken.no\/index.php\/2025\/11\/07\/livet-verkene-og-historien-til-den-forste-kvinnelige-kunstneren-ved-firenzeakademiet\/#breadcrumb"},"inLanguage":"nb-NO","potentialAction":[{"@type":"ReadAction","target":["https:\/\/nordnesrepublikken.no\/index.php\/2025\/11\/07\/livet-verkene-og-historien-til-den-forste-kvinnelige-kunstneren-ved-firenzeakademiet\/"]}]},{"@type":"ImageObject","inLanguage":"nb-NO","@id":"https:\/\/nordnesrepublikken.no\/index.php\/2025\/11\/07\/livet-verkene-og-historien-til-den-forste-kvinnelige-kunstneren-ved-firenzeakademiet\/#primaryimage","url":"https:\/\/nordnesrepublikken.no\/wp-content\/uploads\/2025\/11\/1762473123_livet-verkene-og-historien-til-den-forste-kvinnelige-kunstneren-ved.jpeg","contentUrl":"https:\/\/nordnesrepublikken.no\/wp-content\/uploads\/2025\/11\/1762473123_livet-verkene-og-historien-til-den-forste-kvinnelige-kunstneren-ved.jpeg","width":1050,"height":590,"caption":"livet, verkene og historien til den f\u00f8rste kvinnelige kunstneren ved Firenzeakademiet"},{"@type":"BreadcrumbList","@id":"https:\/\/nordnesrepublikken.no\/index.php\/2025\/11\/07\/livet-verkene-og-historien-til-den-forste-kvinnelige-kunstneren-ved-firenzeakademiet\/#breadcrumb","itemListElement":[{"@type":"ListItem","position":1,"name":"Home","item":"https:\/\/nordnesrepublikken.no\/"},{"@type":"ListItem","position":2,"name":"livet, verkene og historien til den f\u00f8rste kvinnelige kunstneren ved Firenzeakademiet"}]},{"@type":"WebSite","@id":"https:\/\/nordnesrepublikken.no\/#website","url":"https:\/\/nordnesrepublikken.no\/","name":"Nordnesrepublikken","description":"Stemmer og Visjoner fra Republikkens Hjerte","publisher":{"@id":"https:\/\/nordnesrepublikken.no\/#organization"},"potentialAction":[{"@type":"SearchAction","target":{"@type":"EntryPoint","urlTemplate":"https:\/\/nordnesrepublikken.no\/?s={search_term_string}"},"query-input":{"@type":"PropertyValueSpecification","valueRequired":true,"valueName":"search_term_string"}}],"inLanguage":"nb-NO"},{"@type":"Organization","@id":"https:\/\/nordnesrepublikken.no\/#organization","name":"Nordnesrepublikken","url":"https:\/\/nordnesrepublikken.no\/","logo":{"@type":"ImageObject","inLanguage":"nb-NO","@id":"https:\/\/nordnesrepublikken.no\/#\/schema\/logo\/image\/","url":"https:\/\/nordnesrepublikken.no\/wp-content\/uploads\/2025\/02\/cropped-nordnesrepublikken-2.png","contentUrl":"https:\/\/nordnesrepublikken.no\/wp-content\/uploads\/2025\/02\/cropped-nordnesrepublikken-2.png","width":1248,"height":362,"caption":"Nordnesrepublikken"},"image":{"@id":"https:\/\/nordnesrepublikken.no\/#\/schema\/logo\/image\/"}},{"@type":"Person","@id":"https:\/\/nordnesrepublikken.no\/#\/schema\/person\/2e7e81935bab77882fffb79296240ff1","name":"Ole Andersen","image":{"@type":"ImageObject","inLanguage":"nb-NO","@id":"https:\/\/nordnesrepublikken.no\/#\/schema\/person\/image\/","url":"https:\/\/nordnesrepublikken.no\/wp-content\/uploads\/2025\/02\/nordnesrepublikken-2-2-150x150.jpg","contentUrl":"https:\/\/nordnesrepublikken.no\/wp-content\/uploads\/2025\/02\/nordnesrepublikken-2-2-150x150.jpg","caption":"Ole Andersen"},"description":"Ettersom jeg vokste opp i Oslo, har jeg alltid v\u00e6rt fascinert av ordenes kraft og deres evne til \u00e5 skape endringer. Etter \u00e5 ha fullf\u00f8rt min utdannelse i kommunikasjon ved Universitetet i Bergen, fikk jeg muligheten til \u00e5 jobbe innen ulike medier, der jeg har s\u00f8kt \u00e5 belyse viktige samfunnssp\u00f8rsm\u00e5l. I dag, som redakt\u00f8r for Nordnesrepublikken, pr\u00f8ver jeg \u00e5 forene min kj\u00e6rlighet for journalistikk med min lidenskap for innovasjon og eventyr.","sameAs":["https:\/\/nordnesrepublikken.no\/"]}]}},"_links":{"self":[{"href":"https:\/\/nordnesrepublikken.no\/index.php\/wp-json\/wp\/v2\/posts\/11419","targetHints":{"allow":["GET"]}}],"collection":[{"href":"https:\/\/nordnesrepublikken.no\/index.php\/wp-json\/wp\/v2\/posts"}],"about":[{"href":"https:\/\/nordnesrepublikken.no\/index.php\/wp-json\/wp\/v2\/types\/post"}],"author":[{"embeddable":true,"href":"https:\/\/nordnesrepublikken.no\/index.php\/wp-json\/wp\/v2\/users\/1"}],"replies":[{"embeddable":true,"href":"https:\/\/nordnesrepublikken.no\/index.php\/wp-json\/wp\/v2\/comments?post=11419"}],"version-history":[{"count":1,"href":"https:\/\/nordnesrepublikken.no\/index.php\/wp-json\/wp\/v2\/posts\/11419\/revisions"}],"predecessor-version":[{"id":11421,"href":"https:\/\/nordnesrepublikken.no\/index.php\/wp-json\/wp\/v2\/posts\/11419\/revisions\/11421"}],"wp:featuredmedia":[{"embeddable":true,"href":"https:\/\/nordnesrepublikken.no\/index.php\/wp-json\/wp\/v2\/media\/11420"}],"wp:attachment":[{"href":"https:\/\/nordnesrepublikken.no\/index.php\/wp-json\/wp\/v2\/media?parent=11419"}],"wp:term":[{"taxonomy":"category","embeddable":true,"href":"https:\/\/nordnesrepublikken.no\/index.php\/wp-json\/wp\/v2\/categories?post=11419"},{"taxonomy":"post_tag","embeddable":true,"href":"https:\/\/nordnesrepublikken.no\/index.php\/wp-json\/wp\/v2\/tags?post=11419"}],"curies":[{"name":"wp","href":"https:\/\/api.w.org\/{rel}","templated":true}]}}