{"id":11413,"date":"2025-11-06T22:51:43","date_gmt":"2025-11-06T21:51:43","guid":{"rendered":"https:\/\/nordnesrepublikken.no\/index.php\/2025\/11\/06\/prinsesse-ingrid-alexandra-bryter-tausheten-om-halvbrors-voldtektsanklager\/"},"modified":"2025-11-06T22:51:44","modified_gmt":"2025-11-06T21:51:44","slug":"prinsesse-ingrid-alexandra-bryter-tausheten-om-halvbrors-voldtektsanklager","status":"publish","type":"post","link":"https:\/\/nordnesrepublikken.no\/index.php\/2025\/11\/06\/prinsesse-ingrid-alexandra-bryter-tausheten-om-halvbrors-voldtektsanklager\/","title":{"rendered":"Prinsesse Ingrid Alexandra bryter tausheten om halvbrors voldtektsanklager"},"content":{"rendered":"<p><\/p>\n<div class=\"wordpress-content\">\n                    <!-- Article Start --><\/p>\n<p><strong>FOR f\u00f8rste gang har prinsesse Ingrid Alexandra, den eldste datteren til kronprins Haakon og kronprinsesse Mette-Marit, brutt tausheten om sin halvbror, som er tiltalt for 32 forhold, inkludert fire voldtekter.<\/strong><\/p>\n<h2>Et sjeldent intervju med Prinsessen av Norge<\/h2>\n<p><span style=\"font-weight: 400\">Prinsesse Ingrid, 21, f\u00f8lger faren sin i rett rekkef\u00f8lge til tronen, og begynner for tiden p\u00e5 studiene ved University of Sydney i Australia. Hun ble intervjuet s\u00f8ndag 2. november av NRK, og ble under intervjuet spurt om halvbroren, 28 \u00e5r gamle Marius Borg H\u00f8iby, blant andre sp\u00f8rsm\u00e5l om hvordan hun tilpasset seg universitetslivet.<\/span><\/p>\n<p><span style=\"font-weight: 400\">&laquo;Selvf\u00f8lgelig er det vanskelig,&raquo; sa prinsessen. &laquo;B\u00e5de for de av oss som er rundt, for meg som s\u00f8ster og for mamma og pappa. Og selvf\u00f8lgelig for alle som er ber\u00f8rt av saken.&raquo; Hun begynte \u00e5 snakke om hvor utfordrende det var \u00e5 v\u00e6re langt borte fra familien sin mens Marius&#8217; kommende rettssak ruver over hodet, men hun avbr\u00f8t seg selv f\u00f8r hun gikk dypere inn i emnet.<\/span><\/p>\n<div class=\"sra_unit\"><link rel=\"stylesheet\" id=\"block-sra\" href=\"https:\/\/euroweeklynews.com\/wp-content\/plugins\/snack-related-articles\/dist\/css\/snack-related.min.css?250312-193541\" type=\"text\/css\" media=\"all\">\n<\/div>\n<p><span style=\"font-weight: 400\">&laquo;Ja, det er &#8230; jeg vet ikke om jeg vil g\u00e5 inn p\u00e5 det mye mer enn det,&raquo; konkluderte kongen.<\/span><\/p>\n<h2>De norske kongelige: Mamma er ordet n\u00e5r det kommer til Marius<\/h2>\n<p><span style=\"font-weight: 400\">Det norske kongelige slott har ogs\u00e5 v\u00e6rt ordknappe om den vanskelige situasjonen rundt Marius. &laquo;Det er opp til domstolene \u00e5 h\u00f8re denne saken og komme til en avgj\u00f8relse. Vi har ingenting \u00e5 legge til utover dette,&raquo; sa palasset i en uttalelse i 2024 etter p\u00e5gripelsen av s\u00f8nnen til kronprinsesse Mette-Marit.<\/span><\/p>\n<p><span style=\"font-weight: 400\">Kronprins Haakon, prinsesse Ingrid Alexandras far, kom ogs\u00e5 med en uttalelse etter skandalen. &laquo;Vi vil fortsette \u00e5 utf\u00f8re v\u00e5re plikter s\u00e5 godt vi kan, som vi alltid gj\u00f8r,&raquo; sa tronf\u00f8lgeren i august 2024. &laquo;Alle som er involvert i denne saken synes sannsynligvis det er utfordrende og vanskelig. Det vil v\u00e6re retten som avgj\u00f8r hva som vil skje til slutt.&raquo;<\/span><\/p>\n<h2>Fire voldtekter, ulovlige videoopptak og overfall i en kongelig skandale<\/h2>\n<p><span style=\"font-weight: 400\">Marius ble p\u00e5grepet i august 2024 av norske myndigheter, mistenkt for \u00e5 ha \u00abangrepet\u00bb en 20 \u00e5r gammel kvinne \u00abpsykologisk og fysisk\u00bb. Han ble senere siktet for 32 forbrytelser, inkludert de nevnte tellingene om voldtekt, overgrep i n\u00e6re relasjoner, vold i hjemmet, drapstrusler, overgrep mot en offentlig tjenestemann og mer. De fire voldtektshendelsene g\u00e5r tilbake til 2018, 2023 og 2024. If\u00f8lge rapportene er han tiltalt for \u00e5 ha filmet noen av de p\u00e5st\u00e5tte lovbruddene uten samtykke. Blir han funnet skyldig, soner han en maksimal fengselsstraff p\u00e5 10 \u00e5r. Marius benekter de fleste anklagene, men planlegger angivelig \u00e5 erkjenne seg skyldig i noen av de mindre lovbruddene.<\/span><\/p>\n<p><span style=\"font-weight: 400\">Kronprinsesse Mette-Marit (52) f\u00f8dte Marius under et forhold f\u00f8r ekteskapet med kronprins Haakon. Marius st\u00e5r ikke i arvef\u00f8lgen til tronen, men har sluttet seg til de norske kongelige for dusinvis av arrangementer gjennom \u00e5rene.<\/span><\/p>\n<h2>Pr\u00f8ve skal starte i 2026<\/h2>\n<p><span style=\"font-weight: 400\">Rettssaken starter tidlig neste \u00e5r, i februar 2026. Rettssaken skal starte i Oslo tingrett 3. februar og ventes \u00e5 p\u00e5g\u00e5 til 13. mars.<\/span><\/p>\n<p><span style=\"font-weight: 400\">Prinsesse Ingrid Alexandra studerer for tiden til en bachelorgrad i samfunnsvitenskap.<\/span><\/p>\n<p>                    <!-- Originally published at https:\/\/euroweeklynews.com\/2025\/11\/06\/princess-ingrid-alexandra-breaks-silence-on-half-brother-marius-borg-hoibys-rape-charges\/ on 06 Nov 2025 at 19:06 by Natascha Rivera --><br \/>\n                    <!-- Article End -->\n                <\/div>\n","protected":false},"excerpt":{"rendered":"<p>FOR f\u00f8rste gang har prinsesse Ingrid Alexandra, den eldste datteren til kronprins Haakon og kronprinsesse<\/p>\n","protected":false},"author":1,"featured_media":11414,"comment_status":"closed","ping_status":"open","sticky":false,"template":"","format":"standard","meta":{"footnotes":""},"categories":[22],"tags":[7511,856,7513,7510,1610,7512,7514],"class_list":["post-11413","post","type-post","status-publish","format-standard","has-post-thumbnail","hentry","category-nasjonal","tag-alexandra","tag-bryter","tag-halvbrors","tag-ingrid","tag-prinsesse","tag-tausheten","tag-voldtektsanklager","generate-columns","tablet-grid-50","mobile-grid-100","grid-parent","grid-33","resize-featured-image"],"yoast_head":"<!-- This site is optimized with the Yoast SEO plugin v24.4 - https:\/\/yoast.com\/wordpress\/plugins\/seo\/ -->\n<title>Prinsesse Ingrid Alexandra bryter tausheten om halvbrors voldtektsanklager - Nordnesrepublikken<\/title>\n<meta name=\"robots\" content=\"index, follow, max-snippet:-1, max-image-preview:large, max-video-preview:-1\" \/>\n<link rel=\"canonical\" href=\"https:\/\/nordnesrepublikken.no\/index.php\/2025\/11\/06\/prinsesse-ingrid-alexandra-bryter-tausheten-om-halvbrors-voldtektsanklager\/\" \/>\n<meta property=\"og:locale\" content=\"nb_NO\" \/>\n<meta property=\"og:type\" content=\"article\" \/>\n<meta property=\"og:title\" content=\"Prinsesse Ingrid Alexandra bryter tausheten om halvbrors voldtektsanklager - Nordnesrepublikken\" \/>\n<meta property=\"og:description\" content=\"FOR f\u00f8rste gang har prinsesse Ingrid Alexandra, den eldste datteren til kronprins Haakon og kronprinsesse\" \/>\n<meta property=\"og:url\" content=\"https:\/\/nordnesrepublikken.no\/index.php\/2025\/11\/06\/prinsesse-ingrid-alexandra-bryter-tausheten-om-halvbrors-voldtektsanklager\/\" \/>\n<meta property=\"og:site_name\" content=\"Nordnesrepublikken\" \/>\n<meta property=\"article:published_time\" content=\"2025-11-06T21:51:43+00:00\" \/>\n<meta property=\"article:modified_time\" content=\"2025-11-06T21:51:44+00:00\" \/>\n<meta property=\"og:image\" content=\"https:\/\/nordnesrepublikken.no\/wp-content\/uploads\/2025\/11\/1762465903_Prinsesse-Ingrid-Alexandra-bryter-tausheten-om-halvbrors-voldtektsanklager.jpg\" \/>\n\t<meta property=\"og:image:width\" content=\"1200\" \/>\n\t<meta property=\"og:image:height\" content=\"764\" \/>\n\t<meta property=\"og:image:type\" content=\"image\/jpeg\" \/>\n<meta name=\"author\" content=\"Ole Andersen\" \/>\n<meta name=\"twitter:card\" content=\"summary_large_image\" \/>\n<meta name=\"twitter:label1\" content=\"Skrevet av\" \/>\n\t<meta name=\"twitter:data1\" content=\"Ole Andersen\" \/>\n\t<meta name=\"twitter:label2\" content=\"Ansl. lesetid\" \/>\n\t<meta name=\"twitter:data2\" content=\"2 minutter\" \/>\n<script type=\"application\/ld+json\" class=\"yoast-schema-graph\">{\"@context\":\"https:\/\/schema.org\",\"@graph\":[{\"@type\":\"Article\",\"@id\":\"https:\/\/nordnesrepublikken.no\/index.php\/2025\/11\/06\/prinsesse-ingrid-alexandra-bryter-tausheten-om-halvbrors-voldtektsanklager\/#article\",\"isPartOf\":{\"@id\":\"https:\/\/nordnesrepublikken.no\/index.php\/2025\/11\/06\/prinsesse-ingrid-alexandra-bryter-tausheten-om-halvbrors-voldtektsanklager\/\"},\"author\":{\"name\":\"Ole Andersen\",\"@id\":\"https:\/\/nordnesrepublikken.no\/#\/schema\/person\/2e7e81935bab77882fffb79296240ff1\"},\"headline\":\"Prinsesse Ingrid Alexandra bryter tausheten om halvbrors voldtektsanklager\",\"datePublished\":\"2025-11-06T21:51:43+00:00\",\"dateModified\":\"2025-11-06T21:51:44+00:00\",\"mainEntityOfPage\":{\"@id\":\"https:\/\/nordnesrepublikken.no\/index.php\/2025\/11\/06\/prinsesse-ingrid-alexandra-bryter-tausheten-om-halvbrors-voldtektsanklager\/\"},\"wordCount\":505,\"publisher\":{\"@id\":\"https:\/\/nordnesrepublikken.no\/#organization\"},\"image\":{\"@id\":\"https:\/\/nordnesrepublikken.no\/index.php\/2025\/11\/06\/prinsesse-ingrid-alexandra-bryter-tausheten-om-halvbrors-voldtektsanklager\/#primaryimage\"},\"thumbnailUrl\":\"https:\/\/nordnesrepublikken.no\/wp-content\/uploads\/2025\/11\/1762465903_Prinsesse-Ingrid-Alexandra-bryter-tausheten-om-halvbrors-voldtektsanklager.jpg\",\"keywords\":[\"Alexandra\",\"bryter\",\"halvbrors\",\"Ingrid\",\"Prinsesse\",\"tausheten\",\"voldtektsanklager\"],\"articleSection\":[\"Nasjonal\"],\"inLanguage\":\"nb-NO\"},{\"@type\":\"WebPage\",\"@id\":\"https:\/\/nordnesrepublikken.no\/index.php\/2025\/11\/06\/prinsesse-ingrid-alexandra-bryter-tausheten-om-halvbrors-voldtektsanklager\/\",\"url\":\"https:\/\/nordnesrepublikken.no\/index.php\/2025\/11\/06\/prinsesse-ingrid-alexandra-bryter-tausheten-om-halvbrors-voldtektsanklager\/\",\"name\":\"Prinsesse Ingrid Alexandra bryter tausheten om halvbrors voldtektsanklager - Nordnesrepublikken\",\"isPartOf\":{\"@id\":\"https:\/\/nordnesrepublikken.no\/#website\"},\"primaryImageOfPage\":{\"@id\":\"https:\/\/nordnesrepublikken.no\/index.php\/2025\/11\/06\/prinsesse-ingrid-alexandra-bryter-tausheten-om-halvbrors-voldtektsanklager\/#primaryimage\"},\"image\":{\"@id\":\"https:\/\/nordnesrepublikken.no\/index.php\/2025\/11\/06\/prinsesse-ingrid-alexandra-bryter-tausheten-om-halvbrors-voldtektsanklager\/#primaryimage\"},\"thumbnailUrl\":\"https:\/\/nordnesrepublikken.no\/wp-content\/uploads\/2025\/11\/1762465903_Prinsesse-Ingrid-Alexandra-bryter-tausheten-om-halvbrors-voldtektsanklager.jpg\",\"datePublished\":\"2025-11-06T21:51:43+00:00\",\"dateModified\":\"2025-11-06T21:51:44+00:00\",\"breadcrumb\":{\"@id\":\"https:\/\/nordnesrepublikken.no\/index.php\/2025\/11\/06\/prinsesse-ingrid-alexandra-bryter-tausheten-om-halvbrors-voldtektsanklager\/#breadcrumb\"},\"inLanguage\":\"nb-NO\",\"potentialAction\":[{\"@type\":\"ReadAction\",\"target\":[\"https:\/\/nordnesrepublikken.no\/index.php\/2025\/11\/06\/prinsesse-ingrid-alexandra-bryter-tausheten-om-halvbrors-voldtektsanklager\/\"]}]},{\"@type\":\"ImageObject\",\"inLanguage\":\"nb-NO\",\"@id\":\"https:\/\/nordnesrepublikken.no\/index.php\/2025\/11\/06\/prinsesse-ingrid-alexandra-bryter-tausheten-om-halvbrors-voldtektsanklager\/#primaryimage\",\"url\":\"https:\/\/nordnesrepublikken.no\/wp-content\/uploads\/2025\/11\/1762465903_Prinsesse-Ingrid-Alexandra-bryter-tausheten-om-halvbrors-voldtektsanklager.jpg\",\"contentUrl\":\"https:\/\/nordnesrepublikken.no\/wp-content\/uploads\/2025\/11\/1762465903_Prinsesse-Ingrid-Alexandra-bryter-tausheten-om-halvbrors-voldtektsanklager.jpg\",\"width\":1200,\"height\":764,\"caption\":\"Prinsesse Ingrid Alexandra bryter tausheten om halvbrors voldtektsanklager\"},{\"@type\":\"BreadcrumbList\",\"@id\":\"https:\/\/nordnesrepublikken.no\/index.php\/2025\/11\/06\/prinsesse-ingrid-alexandra-bryter-tausheten-om-halvbrors-voldtektsanklager\/#breadcrumb\",\"itemListElement\":[{\"@type\":\"ListItem\",\"position\":1,\"name\":\"Home\",\"item\":\"https:\/\/nordnesrepublikken.no\/\"},{\"@type\":\"ListItem\",\"position\":2,\"name\":\"Prinsesse Ingrid Alexandra bryter tausheten om halvbrors voldtektsanklager\"}]},{\"@type\":\"WebSite\",\"@id\":\"https:\/\/nordnesrepublikken.no\/#website\",\"url\":\"https:\/\/nordnesrepublikken.no\/\",\"name\":\"Nordnesrepublikken\",\"description\":\"Stemmer og Visjoner fra Republikkens Hjerte\",\"publisher\":{\"@id\":\"https:\/\/nordnesrepublikken.no\/#organization\"},\"potentialAction\":[{\"@type\":\"SearchAction\",\"target\":{\"@type\":\"EntryPoint\",\"urlTemplate\":\"https:\/\/nordnesrepublikken.no\/?s={search_term_string}\"},\"query-input\":{\"@type\":\"PropertyValueSpecification\",\"valueRequired\":true,\"valueName\":\"search_term_string\"}}],\"inLanguage\":\"nb-NO\"},{\"@type\":\"Organization\",\"@id\":\"https:\/\/nordnesrepublikken.no\/#organization\",\"name\":\"Nordnesrepublikken\",\"url\":\"https:\/\/nordnesrepublikken.no\/\",\"logo\":{\"@type\":\"ImageObject\",\"inLanguage\":\"nb-NO\",\"@id\":\"https:\/\/nordnesrepublikken.no\/#\/schema\/logo\/image\/\",\"url\":\"https:\/\/nordnesrepublikken.no\/wp-content\/uploads\/2025\/02\/cropped-nordnesrepublikken-2.png\",\"contentUrl\":\"https:\/\/nordnesrepublikken.no\/wp-content\/uploads\/2025\/02\/cropped-nordnesrepublikken-2.png\",\"width\":1248,\"height\":362,\"caption\":\"Nordnesrepublikken\"},\"image\":{\"@id\":\"https:\/\/nordnesrepublikken.no\/#\/schema\/logo\/image\/\"}},{\"@type\":\"Person\",\"@id\":\"https:\/\/nordnesrepublikken.no\/#\/schema\/person\/2e7e81935bab77882fffb79296240ff1\",\"name\":\"Ole Andersen\",\"image\":{\"@type\":\"ImageObject\",\"inLanguage\":\"nb-NO\",\"@id\":\"https:\/\/nordnesrepublikken.no\/#\/schema\/person\/image\/\",\"url\":\"https:\/\/nordnesrepublikken.no\/wp-content\/uploads\/2025\/02\/nordnesrepublikken-2-2-150x150.jpg\",\"contentUrl\":\"https:\/\/nordnesrepublikken.no\/wp-content\/uploads\/2025\/02\/nordnesrepublikken-2-2-150x150.jpg\",\"caption\":\"Ole Andersen\"},\"description\":\"Ettersom jeg vokste opp i Oslo, har jeg alltid v\u00e6rt fascinert av ordenes kraft og deres evne til \u00e5 skape endringer. Etter \u00e5 ha fullf\u00f8rt min utdannelse i kommunikasjon ved Universitetet i Bergen, fikk jeg muligheten til \u00e5 jobbe innen ulike medier, der jeg har s\u00f8kt \u00e5 belyse viktige samfunnssp\u00f8rsm\u00e5l. I dag, som redakt\u00f8r for Nordnesrepublikken, pr\u00f8ver jeg \u00e5 forene min kj\u00e6rlighet for journalistikk med min lidenskap for innovasjon og eventyr.\",\"sameAs\":[\"https:\/\/nordnesrepublikken.no\/\"]}]}<\/script>\n<!-- \/ Yoast SEO plugin. -->","yoast_head_json":{"title":"Prinsesse Ingrid Alexandra bryter tausheten om halvbrors voldtektsanklager - Nordnesrepublikken","robots":{"index":"index","follow":"follow","max-snippet":"max-snippet:-1","max-image-preview":"max-image-preview:large","max-video-preview":"max-video-preview:-1"},"canonical":"https:\/\/nordnesrepublikken.no\/index.php\/2025\/11\/06\/prinsesse-ingrid-alexandra-bryter-tausheten-om-halvbrors-voldtektsanklager\/","og_locale":"nb_NO","og_type":"article","og_title":"Prinsesse Ingrid Alexandra bryter tausheten om halvbrors voldtektsanklager - Nordnesrepublikken","og_description":"FOR f\u00f8rste gang har prinsesse Ingrid Alexandra, den eldste datteren til kronprins Haakon og kronprinsesse","og_url":"https:\/\/nordnesrepublikken.no\/index.php\/2025\/11\/06\/prinsesse-ingrid-alexandra-bryter-tausheten-om-halvbrors-voldtektsanklager\/","og_site_name":"Nordnesrepublikken","article_published_time":"2025-11-06T21:51:43+00:00","article_modified_time":"2025-11-06T21:51:44+00:00","og_image":[{"width":1200,"height":764,"url":"https:\/\/nordnesrepublikken.no\/wp-content\/uploads\/2025\/11\/1762465903_Prinsesse-Ingrid-Alexandra-bryter-tausheten-om-halvbrors-voldtektsanklager.jpg","type":"image\/jpeg"}],"author":"Ole Andersen","twitter_card":"summary_large_image","twitter_misc":{"Skrevet av":"Ole Andersen","Ansl. lesetid":"2 minutter"},"schema":{"@context":"https:\/\/schema.org","@graph":[{"@type":"Article","@id":"https:\/\/nordnesrepublikken.no\/index.php\/2025\/11\/06\/prinsesse-ingrid-alexandra-bryter-tausheten-om-halvbrors-voldtektsanklager\/#article","isPartOf":{"@id":"https:\/\/nordnesrepublikken.no\/index.php\/2025\/11\/06\/prinsesse-ingrid-alexandra-bryter-tausheten-om-halvbrors-voldtektsanklager\/"},"author":{"name":"Ole Andersen","@id":"https:\/\/nordnesrepublikken.no\/#\/schema\/person\/2e7e81935bab77882fffb79296240ff1"},"headline":"Prinsesse Ingrid Alexandra bryter tausheten om halvbrors voldtektsanklager","datePublished":"2025-11-06T21:51:43+00:00","dateModified":"2025-11-06T21:51:44+00:00","mainEntityOfPage":{"@id":"https:\/\/nordnesrepublikken.no\/index.php\/2025\/11\/06\/prinsesse-ingrid-alexandra-bryter-tausheten-om-halvbrors-voldtektsanklager\/"},"wordCount":505,"publisher":{"@id":"https:\/\/nordnesrepublikken.no\/#organization"},"image":{"@id":"https:\/\/nordnesrepublikken.no\/index.php\/2025\/11\/06\/prinsesse-ingrid-alexandra-bryter-tausheten-om-halvbrors-voldtektsanklager\/#primaryimage"},"thumbnailUrl":"https:\/\/nordnesrepublikken.no\/wp-content\/uploads\/2025\/11\/1762465903_Prinsesse-Ingrid-Alexandra-bryter-tausheten-om-halvbrors-voldtektsanklager.jpg","keywords":["Alexandra","bryter","halvbrors","Ingrid","Prinsesse","tausheten","voldtektsanklager"],"articleSection":["Nasjonal"],"inLanguage":"nb-NO"},{"@type":"WebPage","@id":"https:\/\/nordnesrepublikken.no\/index.php\/2025\/11\/06\/prinsesse-ingrid-alexandra-bryter-tausheten-om-halvbrors-voldtektsanklager\/","url":"https:\/\/nordnesrepublikken.no\/index.php\/2025\/11\/06\/prinsesse-ingrid-alexandra-bryter-tausheten-om-halvbrors-voldtektsanklager\/","name":"Prinsesse Ingrid Alexandra bryter tausheten om halvbrors voldtektsanklager - Nordnesrepublikken","isPartOf":{"@id":"https:\/\/nordnesrepublikken.no\/#website"},"primaryImageOfPage":{"@id":"https:\/\/nordnesrepublikken.no\/index.php\/2025\/11\/06\/prinsesse-ingrid-alexandra-bryter-tausheten-om-halvbrors-voldtektsanklager\/#primaryimage"},"image":{"@id":"https:\/\/nordnesrepublikken.no\/index.php\/2025\/11\/06\/prinsesse-ingrid-alexandra-bryter-tausheten-om-halvbrors-voldtektsanklager\/#primaryimage"},"thumbnailUrl":"https:\/\/nordnesrepublikken.no\/wp-content\/uploads\/2025\/11\/1762465903_Prinsesse-Ingrid-Alexandra-bryter-tausheten-om-halvbrors-voldtektsanklager.jpg","datePublished":"2025-11-06T21:51:43+00:00","dateModified":"2025-11-06T21:51:44+00:00","breadcrumb":{"@id":"https:\/\/nordnesrepublikken.no\/index.php\/2025\/11\/06\/prinsesse-ingrid-alexandra-bryter-tausheten-om-halvbrors-voldtektsanklager\/#breadcrumb"},"inLanguage":"nb-NO","potentialAction":[{"@type":"ReadAction","target":["https:\/\/nordnesrepublikken.no\/index.php\/2025\/11\/06\/prinsesse-ingrid-alexandra-bryter-tausheten-om-halvbrors-voldtektsanklager\/"]}]},{"@type":"ImageObject","inLanguage":"nb-NO","@id":"https:\/\/nordnesrepublikken.no\/index.php\/2025\/11\/06\/prinsesse-ingrid-alexandra-bryter-tausheten-om-halvbrors-voldtektsanklager\/#primaryimage","url":"https:\/\/nordnesrepublikken.no\/wp-content\/uploads\/2025\/11\/1762465903_Prinsesse-Ingrid-Alexandra-bryter-tausheten-om-halvbrors-voldtektsanklager.jpg","contentUrl":"https:\/\/nordnesrepublikken.no\/wp-content\/uploads\/2025\/11\/1762465903_Prinsesse-Ingrid-Alexandra-bryter-tausheten-om-halvbrors-voldtektsanklager.jpg","width":1200,"height":764,"caption":"Prinsesse Ingrid Alexandra bryter tausheten om halvbrors voldtektsanklager"},{"@type":"BreadcrumbList","@id":"https:\/\/nordnesrepublikken.no\/index.php\/2025\/11\/06\/prinsesse-ingrid-alexandra-bryter-tausheten-om-halvbrors-voldtektsanklager\/#breadcrumb","itemListElement":[{"@type":"ListItem","position":1,"name":"Home","item":"https:\/\/nordnesrepublikken.no\/"},{"@type":"ListItem","position":2,"name":"Prinsesse Ingrid Alexandra bryter tausheten om halvbrors voldtektsanklager"}]},{"@type":"WebSite","@id":"https:\/\/nordnesrepublikken.no\/#website","url":"https:\/\/nordnesrepublikken.no\/","name":"Nordnesrepublikken","description":"Stemmer og Visjoner fra Republikkens Hjerte","publisher":{"@id":"https:\/\/nordnesrepublikken.no\/#organization"},"potentialAction":[{"@type":"SearchAction","target":{"@type":"EntryPoint","urlTemplate":"https:\/\/nordnesrepublikken.no\/?s={search_term_string}"},"query-input":{"@type":"PropertyValueSpecification","valueRequired":true,"valueName":"search_term_string"}}],"inLanguage":"nb-NO"},{"@type":"Organization","@id":"https:\/\/nordnesrepublikken.no\/#organization","name":"Nordnesrepublikken","url":"https:\/\/nordnesrepublikken.no\/","logo":{"@type":"ImageObject","inLanguage":"nb-NO","@id":"https:\/\/nordnesrepublikken.no\/#\/schema\/logo\/image\/","url":"https:\/\/nordnesrepublikken.no\/wp-content\/uploads\/2025\/02\/cropped-nordnesrepublikken-2.png","contentUrl":"https:\/\/nordnesrepublikken.no\/wp-content\/uploads\/2025\/02\/cropped-nordnesrepublikken-2.png","width":1248,"height":362,"caption":"Nordnesrepublikken"},"image":{"@id":"https:\/\/nordnesrepublikken.no\/#\/schema\/logo\/image\/"}},{"@type":"Person","@id":"https:\/\/nordnesrepublikken.no\/#\/schema\/person\/2e7e81935bab77882fffb79296240ff1","name":"Ole Andersen","image":{"@type":"ImageObject","inLanguage":"nb-NO","@id":"https:\/\/nordnesrepublikken.no\/#\/schema\/person\/image\/","url":"https:\/\/nordnesrepublikken.no\/wp-content\/uploads\/2025\/02\/nordnesrepublikken-2-2-150x150.jpg","contentUrl":"https:\/\/nordnesrepublikken.no\/wp-content\/uploads\/2025\/02\/nordnesrepublikken-2-2-150x150.jpg","caption":"Ole Andersen"},"description":"Ettersom jeg vokste opp i Oslo, har jeg alltid v\u00e6rt fascinert av ordenes kraft og deres evne til \u00e5 skape endringer. Etter \u00e5 ha fullf\u00f8rt min utdannelse i kommunikasjon ved Universitetet i Bergen, fikk jeg muligheten til \u00e5 jobbe innen ulike medier, der jeg har s\u00f8kt \u00e5 belyse viktige samfunnssp\u00f8rsm\u00e5l. I dag, som redakt\u00f8r for Nordnesrepublikken, pr\u00f8ver jeg \u00e5 forene min kj\u00e6rlighet for journalistikk med min lidenskap for innovasjon og eventyr.","sameAs":["https:\/\/nordnesrepublikken.no\/"]}]}},"_links":{"self":[{"href":"https:\/\/nordnesrepublikken.no\/index.php\/wp-json\/wp\/v2\/posts\/11413","targetHints":{"allow":["GET"]}}],"collection":[{"href":"https:\/\/nordnesrepublikken.no\/index.php\/wp-json\/wp\/v2\/posts"}],"about":[{"href":"https:\/\/nordnesrepublikken.no\/index.php\/wp-json\/wp\/v2\/types\/post"}],"author":[{"embeddable":true,"href":"https:\/\/nordnesrepublikken.no\/index.php\/wp-json\/wp\/v2\/users\/1"}],"replies":[{"embeddable":true,"href":"https:\/\/nordnesrepublikken.no\/index.php\/wp-json\/wp\/v2\/comments?post=11413"}],"version-history":[{"count":1,"href":"https:\/\/nordnesrepublikken.no\/index.php\/wp-json\/wp\/v2\/posts\/11413\/revisions"}],"predecessor-version":[{"id":11415,"href":"https:\/\/nordnesrepublikken.no\/index.php\/wp-json\/wp\/v2\/posts\/11413\/revisions\/11415"}],"wp:featuredmedia":[{"embeddable":true,"href":"https:\/\/nordnesrepublikken.no\/index.php\/wp-json\/wp\/v2\/media\/11414"}],"wp:attachment":[{"href":"https:\/\/nordnesrepublikken.no\/index.php\/wp-json\/wp\/v2\/media?parent=11413"}],"wp:term":[{"taxonomy":"category","embeddable":true,"href":"https:\/\/nordnesrepublikken.no\/index.php\/wp-json\/wp\/v2\/categories?post=11413"},{"taxonomy":"post_tag","embeddable":true,"href":"https:\/\/nordnesrepublikken.no\/index.php\/wp-json\/wp\/v2\/tags?post=11413"}],"curies":[{"name":"wp","href":"https:\/\/api.w.org\/{rel}","templated":true}]}}