{"id":11410,"date":"2025-11-06T20:51:51","date_gmt":"2025-11-06T19:51:51","guid":{"rendered":"https:\/\/nordnesrepublikken.no\/index.php\/2025\/11\/06\/vi-analyserer-mulige-arsaker-til-flyulykken-i-kentucky-sammen-med-pilot-nicolo-fatai\/"},"modified":"2025-11-06T20:51:54","modified_gmt":"2025-11-06T19:51:54","slug":"vi-analyserer-mulige-arsaker-til-flyulykken-i-kentucky-sammen-med-pilot-nicolo-fatai","status":"publish","type":"post","link":"https:\/\/nordnesrepublikken.no\/index.php\/2025\/11\/06\/vi-analyserer-mulige-arsaker-til-flyulykken-i-kentucky-sammen-med-pilot-nicolo-fatai\/","title":{"rendered":"Vi analyserer mulige \u00e5rsaker til flyulykken i Kentucky sammen med pilot Nicol\u00f2 Fatai"},"content":{"rendered":"<div>\n<div class=\"cp_wrapper cp_wrapper--fw mb-30 mb-20@tablet\">\n<figure class=\"mm\"><picture class=\"img\" style=\"padding-top:56.25%\"><source  media=\"(min-width: 1024px)\"><source  media=\"(min-width: 768px)\"><\/source><\/source><\/picture><\/figure>\n<\/p><\/div>\n<p>De <strong>4 november kl<\/strong> <strong>17.13<\/strong> (23.13 italiensk tid) et McDonnell Douglas MD-11 lastefly styrtet p\u00e5 den internasjonale flyplassen i <strong>Louisville,<\/strong> i <strong>Kentucky<\/strong> (USA), under take-off. Kollisjonen med et industriomr\u00e5de s\u00f8r for flyplassknutepunktet for\u00e5rsaket en gigantisk ildkule og flere eksplosjoner som igjen for\u00e5rsaket minst <strong>12 ofre<\/strong>. I f\u00f8lge innledende rekonstruksjoner ville den venstre motoren ha l\u00f8snet og den vingen ville ha tatt fyr og for\u00e5rsaket den tragiske slutten av flyet. Flyets svarte bokser ble gjenfunnet og sendt til Washington for analyse av National Transportation Safety Board. Men hva kan \u00e5rsakene v\u00e6re fra et teknisk synspunkt? For \u00e5 pr\u00f8ve \u00e5 avklare intervjuet vi Nicol\u00f2 Fatai, flypilot og popularisator.<\/p>\n<p><em><strong>Nicol\u00f2, fra et teknisk synspunkt, hva kan v\u00e6re \u00e5rsakene til at motoren l\u00f8sner fra flyet under take-off? Og var det dette som startet brannen?<\/strong><\/em><\/p>\n<p>Hei Stefano, takk for invitasjonen. F\u00f8r jeg svarer p\u00e5 sp\u00f8rsm\u00e5l, vil jeg uttrykke min dypeste medf\u00f8lelse til ofrene og deres familier involvert i denne tragiske ulykken.<\/p>\n<p>Det er fortsatt for tidlig \u00e5 vite sikkert hva som har skjedd. En motorfeil ved start er en hendelse <strong>ekstremt sjelden<\/strong> og kan v\u00e6re for\u00e5rsaket av flere faktorer. Og det trenger ikke v\u00e6re noe eksplosivt eller plutselig: noen ganger kan det komme fra <strong>mikrofrakturer<\/strong> eller materialtretthet som ikke blir oppdaget under inspeksjoner. Andre ganger kan det v\u00e6re et resultat av en menneskelig feil i vedlikehold, som skjedde i<strong>Chicago-ulykken i 1979<\/strong>da en DC-10 mistet sin venstre motor fordi den hadde blitt satt sammen feil. S\u00e5 er det tilfeller hvor et fremmedlegeme eller rusk p\u00e5 banen for eksempel kan komme inn i motoren eller treffe strukturen som st\u00f8tter den, den s.k. <strong>pylon<\/strong>.<\/p>\n<p>Hvis motoren virkelig har l\u00f8snet, som det ser ut til i dette tilfellet, er det sv\u00e6rt sannsynlig at brannen startet der: vingen inneholder drivstoffet og l\u00f8srivelsen av motoren kan bryte r\u00f8r og drivstoffledninger, og for\u00e5rsake lekkasjer av flydrivstoff som umiddelbart tar fyr. For \u00e5 finne ut n\u00f8yaktig hva som har skjedd, vil det v\u00e6re n\u00f8dvendig med offisielle unders\u00f8kelser og black box-data.<\/p>\n<p><strong><em>Da var det mange som spurte hvorfor flyet bestemte seg for \u00e5 ta av selv om den ene vingen sto i brann og den ene motoren hadde g\u00e5tt av. Fordi det virker paradoksalt, men i disse tilfellene vil du bekrefte at n\u00e5r en viss hastighet er overskredet, kan flyet ikke lenger kansellere take-off, ikke sant?<\/em><\/strong><\/p>\n<p>Det er riktig, faktisk f\u00f8r take-off, utf\u00f8rer pilotene <strong>ytelsesberegninger for start<\/strong>som tar hensyn til ulike faktorer: flyvekt, rullebanelengde, temperatur, vind, h\u00f8yde og flykonfigurasjon. Fra disse beregningene oppn\u00e5s en fundamental parameter, beslutningshastigheten, kalt <strong>V1<\/strong>. Frem til V1 kan piloter fortsatt avbryte start og bremse trygt p\u00e5 rullebanen. N\u00e5r du har passert V1, men <strong>det er ikke lenger mulig \u00e5 stoppe uten \u00e5 risikere \u00e5 g\u00e5 av sporet.<\/strong> Av denne grunn, hvis det oppst\u00e5r en feil \u2013 selv en alvorlig, som brann eller tap av en motor \u2013 etter V1, er den riktige prosedyren <strong>fortsette avgang<\/strong>fordi den gjenv\u00e6rende rullebanen ikke lenger er nok til \u00e5 stoppe flyet.<\/p>\n<p>N\u00e5r det gjelder MD-11, er det sv\u00e6rt sannsynlig at flyet allerede hadde passert V1 da problemet oppsto. P\u00e5 det tidspunktet, selv om det kan virke slik <strong>kontraintuitivt,<\/strong> den sikreste avgj\u00f8relsen gjenst\u00e5r <strong>ta av<\/strong> Og <strong>h\u00e5ndtere n\u00f8dsituasjoner under flyging<\/strong>.<\/p>\n<p><em><strong>Til slutt har jeg et siste sp\u00f8rsm\u00e5l: er det en mulighet for at det var en menneskelig feil?<\/strong><\/em><\/p>\n<p>Sikker. Som jeg sa f\u00f8r, dvs <strong>motorer<\/strong> de er blant de mest komplekse delene av et fly, og i luftfart er det strenge prosedyrer b\u00e5de i cockpiten og i bakkevedlikehold nettopp for \u00e5 unng\u00e5 og <strong>&laquo;avskj\u00e6re&raquo; feil f\u00f8rst<\/strong> <strong>at de blir til noe mer alvorlig<\/strong>. Det b\u00f8r ogs\u00e5 huskes at de fleste flyulykker dessverre stammer fra menneskelige feil, enten det er knyttet til piloten, vedlikeholdspersonell eller bakkekontrollprosedyrer. Det betyr ikke at det kan tas for gitt at det skjedde ogs\u00e5 i denne saken, men det er en mulighet som etterforskerne alltid tar hensyn til fra begynnelsen.<\/p>\n<\/p><\/div>\n","protected":false},"excerpt":{"rendered":"<p>De 4 november kl 17.13 (23.13 italiensk tid) et McDonnell Douglas MD-11 lastefly styrtet p\u00e5<\/p>\n","protected":false},"author":1,"featured_media":11411,"comment_status":"closed","ping_status":"open","sticky":false,"template":"","format":"standard","meta":{"footnotes":""},"categories":[24],"tags":[7506,621,7509,2038,7507,79,253,7508,612,301,117],"class_list":["post-11410","post","type-post","status-publish","format-standard","has-post-thumbnail","hentry","category-vitenskap","tag-analyserer","tag-arsaker","tag-fatai","tag-flyulykken","tag-kentucky","tag-med","tag-mulige","tag-nicolo","tag-pilot","tag-sammen","tag-til","generate-columns","tablet-grid-50","mobile-grid-100","grid-parent","grid-33","resize-featured-image"],"yoast_head":"<!-- This site is optimized with the Yoast SEO plugin v24.4 - https:\/\/yoast.com\/wordpress\/plugins\/seo\/ -->\n<title>Vi analyserer mulige \u00e5rsaker til flyulykken i Kentucky sammen med pilot Nicol\u00f2 Fatai - Nordnesrepublikken<\/title>\n<meta name=\"robots\" content=\"index, follow, max-snippet:-1, max-image-preview:large, max-video-preview:-1\" \/>\n<link rel=\"canonical\" href=\"https:\/\/nordnesrepublikken.no\/index.php\/2025\/11\/06\/vi-analyserer-mulige-arsaker-til-flyulykken-i-kentucky-sammen-med-pilot-nicolo-fatai\/\" \/>\n<meta property=\"og:locale\" content=\"nb_NO\" \/>\n<meta property=\"og:type\" content=\"article\" \/>\n<meta property=\"og:title\" content=\"Vi analyserer mulige \u00e5rsaker til flyulykken i Kentucky sammen med pilot Nicol\u00f2 Fatai - Nordnesrepublikken\" \/>\n<meta property=\"og:description\" content=\"De 4 november kl 17.13 (23.13 italiensk tid) et McDonnell Douglas MD-11 lastefly styrtet p\u00e5\" \/>\n<meta property=\"og:url\" content=\"https:\/\/nordnesrepublikken.no\/index.php\/2025\/11\/06\/vi-analyserer-mulige-arsaker-til-flyulykken-i-kentucky-sammen-med-pilot-nicolo-fatai\/\" \/>\n<meta property=\"og:site_name\" content=\"Nordnesrepublikken\" \/>\n<meta property=\"article:published_time\" content=\"2025-11-06T19:51:51+00:00\" \/>\n<meta property=\"article:modified_time\" content=\"2025-11-06T19:51:54+00:00\" \/>\n<meta property=\"og:image\" content=\"https:\/\/nordnesrepublikken.no\/wp-content\/uploads\/2025\/11\/1762458712_Vi-analyserer-mulige-arsaker-til-flyulykken-i-Kentucky-sammen-med.jpg\" \/>\n\t<meta property=\"og:image:width\" content=\"1920\" \/>\n\t<meta property=\"og:image:height\" content=\"1080\" \/>\n\t<meta property=\"og:image:type\" content=\"image\/jpeg\" \/>\n<meta name=\"author\" content=\"Ole Andersen\" \/>\n<meta name=\"twitter:card\" content=\"summary_large_image\" \/>\n<meta name=\"twitter:label1\" content=\"Skrevet av\" \/>\n\t<meta name=\"twitter:data1\" content=\"Ole Andersen\" \/>\n\t<meta name=\"twitter:label2\" content=\"Ansl. lesetid\" \/>\n\t<meta name=\"twitter:data2\" content=\"3 minutter\" \/>\n<script type=\"application\/ld+json\" class=\"yoast-schema-graph\">{\"@context\":\"https:\/\/schema.org\",\"@graph\":[{\"@type\":\"Article\",\"@id\":\"https:\/\/nordnesrepublikken.no\/index.php\/2025\/11\/06\/vi-analyserer-mulige-arsaker-til-flyulykken-i-kentucky-sammen-med-pilot-nicolo-fatai\/#article\",\"isPartOf\":{\"@id\":\"https:\/\/nordnesrepublikken.no\/index.php\/2025\/11\/06\/vi-analyserer-mulige-arsaker-til-flyulykken-i-kentucky-sammen-med-pilot-nicolo-fatai\/\"},\"author\":{\"name\":\"Ole Andersen\",\"@id\":\"https:\/\/nordnesrepublikken.no\/#\/schema\/person\/2e7e81935bab77882fffb79296240ff1\"},\"headline\":\"Vi analyserer mulige \u00e5rsaker til flyulykken i Kentucky sammen med pilot Nicol\u00f2 Fatai\",\"datePublished\":\"2025-11-06T19:51:51+00:00\",\"dateModified\":\"2025-11-06T19:51:54+00:00\",\"mainEntityOfPage\":{\"@id\":\"https:\/\/nordnesrepublikken.no\/index.php\/2025\/11\/06\/vi-analyserer-mulige-arsaker-til-flyulykken-i-kentucky-sammen-med-pilot-nicolo-fatai\/\"},\"wordCount\":688,\"publisher\":{\"@id\":\"https:\/\/nordnesrepublikken.no\/#organization\"},\"image\":{\"@id\":\"https:\/\/nordnesrepublikken.no\/index.php\/2025\/11\/06\/vi-analyserer-mulige-arsaker-til-flyulykken-i-kentucky-sammen-med-pilot-nicolo-fatai\/#primaryimage\"},\"thumbnailUrl\":\"https:\/\/nordnesrepublikken.no\/wp-content\/uploads\/2025\/11\/1762458712_Vi-analyserer-mulige-arsaker-til-flyulykken-i-Kentucky-sammen-med.jpg\",\"keywords\":[\"analyserer\",\"\u00e5rsaker\",\"Fatai\",\"flyulykken\",\"Kentucky\",\"med\",\"mulige\",\"Nicol\u00f2\",\"pilot\",\"sammen\",\"til\"],\"articleSection\":[\"Vitenskap\"],\"inLanguage\":\"nb-NO\"},{\"@type\":\"WebPage\",\"@id\":\"https:\/\/nordnesrepublikken.no\/index.php\/2025\/11\/06\/vi-analyserer-mulige-arsaker-til-flyulykken-i-kentucky-sammen-med-pilot-nicolo-fatai\/\",\"url\":\"https:\/\/nordnesrepublikken.no\/index.php\/2025\/11\/06\/vi-analyserer-mulige-arsaker-til-flyulykken-i-kentucky-sammen-med-pilot-nicolo-fatai\/\",\"name\":\"Vi analyserer mulige \u00e5rsaker til flyulykken i Kentucky sammen med pilot Nicol\u00f2 Fatai - Nordnesrepublikken\",\"isPartOf\":{\"@id\":\"https:\/\/nordnesrepublikken.no\/#website\"},\"primaryImageOfPage\":{\"@id\":\"https:\/\/nordnesrepublikken.no\/index.php\/2025\/11\/06\/vi-analyserer-mulige-arsaker-til-flyulykken-i-kentucky-sammen-med-pilot-nicolo-fatai\/#primaryimage\"},\"image\":{\"@id\":\"https:\/\/nordnesrepublikken.no\/index.php\/2025\/11\/06\/vi-analyserer-mulige-arsaker-til-flyulykken-i-kentucky-sammen-med-pilot-nicolo-fatai\/#primaryimage\"},\"thumbnailUrl\":\"https:\/\/nordnesrepublikken.no\/wp-content\/uploads\/2025\/11\/1762458712_Vi-analyserer-mulige-arsaker-til-flyulykken-i-Kentucky-sammen-med.jpg\",\"datePublished\":\"2025-11-06T19:51:51+00:00\",\"dateModified\":\"2025-11-06T19:51:54+00:00\",\"breadcrumb\":{\"@id\":\"https:\/\/nordnesrepublikken.no\/index.php\/2025\/11\/06\/vi-analyserer-mulige-arsaker-til-flyulykken-i-kentucky-sammen-med-pilot-nicolo-fatai\/#breadcrumb\"},\"inLanguage\":\"nb-NO\",\"potentialAction\":[{\"@type\":\"ReadAction\",\"target\":[\"https:\/\/nordnesrepublikken.no\/index.php\/2025\/11\/06\/vi-analyserer-mulige-arsaker-til-flyulykken-i-kentucky-sammen-med-pilot-nicolo-fatai\/\"]}]},{\"@type\":\"ImageObject\",\"inLanguage\":\"nb-NO\",\"@id\":\"https:\/\/nordnesrepublikken.no\/index.php\/2025\/11\/06\/vi-analyserer-mulige-arsaker-til-flyulykken-i-kentucky-sammen-med-pilot-nicolo-fatai\/#primaryimage\",\"url\":\"https:\/\/nordnesrepublikken.no\/wp-content\/uploads\/2025\/11\/1762458712_Vi-analyserer-mulige-arsaker-til-flyulykken-i-Kentucky-sammen-med.jpg\",\"contentUrl\":\"https:\/\/nordnesrepublikken.no\/wp-content\/uploads\/2025\/11\/1762458712_Vi-analyserer-mulige-arsaker-til-flyulykken-i-Kentucky-sammen-med.jpg\",\"width\":1920,\"height\":1080,\"caption\":\"Vi analyserer mulige \u00e5rsaker til flyulykken i Kentucky sammen med pilot Nicol\u00f2 Fatai\"},{\"@type\":\"BreadcrumbList\",\"@id\":\"https:\/\/nordnesrepublikken.no\/index.php\/2025\/11\/06\/vi-analyserer-mulige-arsaker-til-flyulykken-i-kentucky-sammen-med-pilot-nicolo-fatai\/#breadcrumb\",\"itemListElement\":[{\"@type\":\"ListItem\",\"position\":1,\"name\":\"Home\",\"item\":\"https:\/\/nordnesrepublikken.no\/\"},{\"@type\":\"ListItem\",\"position\":2,\"name\":\"Vi analyserer mulige \u00e5rsaker til flyulykken i Kentucky sammen med pilot Nicol\u00f2 Fatai\"}]},{\"@type\":\"WebSite\",\"@id\":\"https:\/\/nordnesrepublikken.no\/#website\",\"url\":\"https:\/\/nordnesrepublikken.no\/\",\"name\":\"Nordnesrepublikken\",\"description\":\"Stemmer og Visjoner fra Republikkens Hjerte\",\"publisher\":{\"@id\":\"https:\/\/nordnesrepublikken.no\/#organization\"},\"potentialAction\":[{\"@type\":\"SearchAction\",\"target\":{\"@type\":\"EntryPoint\",\"urlTemplate\":\"https:\/\/nordnesrepublikken.no\/?s={search_term_string}\"},\"query-input\":{\"@type\":\"PropertyValueSpecification\",\"valueRequired\":true,\"valueName\":\"search_term_string\"}}],\"inLanguage\":\"nb-NO\"},{\"@type\":\"Organization\",\"@id\":\"https:\/\/nordnesrepublikken.no\/#organization\",\"name\":\"Nordnesrepublikken\",\"url\":\"https:\/\/nordnesrepublikken.no\/\",\"logo\":{\"@type\":\"ImageObject\",\"inLanguage\":\"nb-NO\",\"@id\":\"https:\/\/nordnesrepublikken.no\/#\/schema\/logo\/image\/\",\"url\":\"https:\/\/nordnesrepublikken.no\/wp-content\/uploads\/2025\/02\/cropped-nordnesrepublikken-2.png\",\"contentUrl\":\"https:\/\/nordnesrepublikken.no\/wp-content\/uploads\/2025\/02\/cropped-nordnesrepublikken-2.png\",\"width\":1248,\"height\":362,\"caption\":\"Nordnesrepublikken\"},\"image\":{\"@id\":\"https:\/\/nordnesrepublikken.no\/#\/schema\/logo\/image\/\"}},{\"@type\":\"Person\",\"@id\":\"https:\/\/nordnesrepublikken.no\/#\/schema\/person\/2e7e81935bab77882fffb79296240ff1\",\"name\":\"Ole Andersen\",\"image\":{\"@type\":\"ImageObject\",\"inLanguage\":\"nb-NO\",\"@id\":\"https:\/\/nordnesrepublikken.no\/#\/schema\/person\/image\/\",\"url\":\"https:\/\/nordnesrepublikken.no\/wp-content\/uploads\/2025\/02\/nordnesrepublikken-2-2-150x150.jpg\",\"contentUrl\":\"https:\/\/nordnesrepublikken.no\/wp-content\/uploads\/2025\/02\/nordnesrepublikken-2-2-150x150.jpg\",\"caption\":\"Ole Andersen\"},\"description\":\"Ettersom jeg vokste opp i Oslo, har jeg alltid v\u00e6rt fascinert av ordenes kraft og deres evne til \u00e5 skape endringer. Etter \u00e5 ha fullf\u00f8rt min utdannelse i kommunikasjon ved Universitetet i Bergen, fikk jeg muligheten til \u00e5 jobbe innen ulike medier, der jeg har s\u00f8kt \u00e5 belyse viktige samfunnssp\u00f8rsm\u00e5l. I dag, som redakt\u00f8r for Nordnesrepublikken, pr\u00f8ver jeg \u00e5 forene min kj\u00e6rlighet for journalistikk med min lidenskap for innovasjon og eventyr.\",\"sameAs\":[\"https:\/\/nordnesrepublikken.no\/\"]}]}<\/script>\n<!-- \/ Yoast SEO plugin. -->","yoast_head_json":{"title":"Vi analyserer mulige \u00e5rsaker til flyulykken i Kentucky sammen med pilot Nicol\u00f2 Fatai - Nordnesrepublikken","robots":{"index":"index","follow":"follow","max-snippet":"max-snippet:-1","max-image-preview":"max-image-preview:large","max-video-preview":"max-video-preview:-1"},"canonical":"https:\/\/nordnesrepublikken.no\/index.php\/2025\/11\/06\/vi-analyserer-mulige-arsaker-til-flyulykken-i-kentucky-sammen-med-pilot-nicolo-fatai\/","og_locale":"nb_NO","og_type":"article","og_title":"Vi analyserer mulige \u00e5rsaker til flyulykken i Kentucky sammen med pilot Nicol\u00f2 Fatai - Nordnesrepublikken","og_description":"De 4 november kl 17.13 (23.13 italiensk tid) et McDonnell Douglas MD-11 lastefly styrtet p\u00e5","og_url":"https:\/\/nordnesrepublikken.no\/index.php\/2025\/11\/06\/vi-analyserer-mulige-arsaker-til-flyulykken-i-kentucky-sammen-med-pilot-nicolo-fatai\/","og_site_name":"Nordnesrepublikken","article_published_time":"2025-11-06T19:51:51+00:00","article_modified_time":"2025-11-06T19:51:54+00:00","og_image":[{"width":1920,"height":1080,"url":"https:\/\/nordnesrepublikken.no\/wp-content\/uploads\/2025\/11\/1762458712_Vi-analyserer-mulige-arsaker-til-flyulykken-i-Kentucky-sammen-med.jpg","type":"image\/jpeg"}],"author":"Ole Andersen","twitter_card":"summary_large_image","twitter_misc":{"Skrevet av":"Ole Andersen","Ansl. lesetid":"3 minutter"},"schema":{"@context":"https:\/\/schema.org","@graph":[{"@type":"Article","@id":"https:\/\/nordnesrepublikken.no\/index.php\/2025\/11\/06\/vi-analyserer-mulige-arsaker-til-flyulykken-i-kentucky-sammen-med-pilot-nicolo-fatai\/#article","isPartOf":{"@id":"https:\/\/nordnesrepublikken.no\/index.php\/2025\/11\/06\/vi-analyserer-mulige-arsaker-til-flyulykken-i-kentucky-sammen-med-pilot-nicolo-fatai\/"},"author":{"name":"Ole Andersen","@id":"https:\/\/nordnesrepublikken.no\/#\/schema\/person\/2e7e81935bab77882fffb79296240ff1"},"headline":"Vi analyserer mulige \u00e5rsaker til flyulykken i Kentucky sammen med pilot Nicol\u00f2 Fatai","datePublished":"2025-11-06T19:51:51+00:00","dateModified":"2025-11-06T19:51:54+00:00","mainEntityOfPage":{"@id":"https:\/\/nordnesrepublikken.no\/index.php\/2025\/11\/06\/vi-analyserer-mulige-arsaker-til-flyulykken-i-kentucky-sammen-med-pilot-nicolo-fatai\/"},"wordCount":688,"publisher":{"@id":"https:\/\/nordnesrepublikken.no\/#organization"},"image":{"@id":"https:\/\/nordnesrepublikken.no\/index.php\/2025\/11\/06\/vi-analyserer-mulige-arsaker-til-flyulykken-i-kentucky-sammen-med-pilot-nicolo-fatai\/#primaryimage"},"thumbnailUrl":"https:\/\/nordnesrepublikken.no\/wp-content\/uploads\/2025\/11\/1762458712_Vi-analyserer-mulige-arsaker-til-flyulykken-i-Kentucky-sammen-med.jpg","keywords":["analyserer","\u00e5rsaker","Fatai","flyulykken","Kentucky","med","mulige","Nicol\u00f2","pilot","sammen","til"],"articleSection":["Vitenskap"],"inLanguage":"nb-NO"},{"@type":"WebPage","@id":"https:\/\/nordnesrepublikken.no\/index.php\/2025\/11\/06\/vi-analyserer-mulige-arsaker-til-flyulykken-i-kentucky-sammen-med-pilot-nicolo-fatai\/","url":"https:\/\/nordnesrepublikken.no\/index.php\/2025\/11\/06\/vi-analyserer-mulige-arsaker-til-flyulykken-i-kentucky-sammen-med-pilot-nicolo-fatai\/","name":"Vi analyserer mulige \u00e5rsaker til flyulykken i Kentucky sammen med pilot Nicol\u00f2 Fatai - Nordnesrepublikken","isPartOf":{"@id":"https:\/\/nordnesrepublikken.no\/#website"},"primaryImageOfPage":{"@id":"https:\/\/nordnesrepublikken.no\/index.php\/2025\/11\/06\/vi-analyserer-mulige-arsaker-til-flyulykken-i-kentucky-sammen-med-pilot-nicolo-fatai\/#primaryimage"},"image":{"@id":"https:\/\/nordnesrepublikken.no\/index.php\/2025\/11\/06\/vi-analyserer-mulige-arsaker-til-flyulykken-i-kentucky-sammen-med-pilot-nicolo-fatai\/#primaryimage"},"thumbnailUrl":"https:\/\/nordnesrepublikken.no\/wp-content\/uploads\/2025\/11\/1762458712_Vi-analyserer-mulige-arsaker-til-flyulykken-i-Kentucky-sammen-med.jpg","datePublished":"2025-11-06T19:51:51+00:00","dateModified":"2025-11-06T19:51:54+00:00","breadcrumb":{"@id":"https:\/\/nordnesrepublikken.no\/index.php\/2025\/11\/06\/vi-analyserer-mulige-arsaker-til-flyulykken-i-kentucky-sammen-med-pilot-nicolo-fatai\/#breadcrumb"},"inLanguage":"nb-NO","potentialAction":[{"@type":"ReadAction","target":["https:\/\/nordnesrepublikken.no\/index.php\/2025\/11\/06\/vi-analyserer-mulige-arsaker-til-flyulykken-i-kentucky-sammen-med-pilot-nicolo-fatai\/"]}]},{"@type":"ImageObject","inLanguage":"nb-NO","@id":"https:\/\/nordnesrepublikken.no\/index.php\/2025\/11\/06\/vi-analyserer-mulige-arsaker-til-flyulykken-i-kentucky-sammen-med-pilot-nicolo-fatai\/#primaryimage","url":"https:\/\/nordnesrepublikken.no\/wp-content\/uploads\/2025\/11\/1762458712_Vi-analyserer-mulige-arsaker-til-flyulykken-i-Kentucky-sammen-med.jpg","contentUrl":"https:\/\/nordnesrepublikken.no\/wp-content\/uploads\/2025\/11\/1762458712_Vi-analyserer-mulige-arsaker-til-flyulykken-i-Kentucky-sammen-med.jpg","width":1920,"height":1080,"caption":"Vi analyserer mulige \u00e5rsaker til flyulykken i Kentucky sammen med pilot Nicol\u00f2 Fatai"},{"@type":"BreadcrumbList","@id":"https:\/\/nordnesrepublikken.no\/index.php\/2025\/11\/06\/vi-analyserer-mulige-arsaker-til-flyulykken-i-kentucky-sammen-med-pilot-nicolo-fatai\/#breadcrumb","itemListElement":[{"@type":"ListItem","position":1,"name":"Home","item":"https:\/\/nordnesrepublikken.no\/"},{"@type":"ListItem","position":2,"name":"Vi analyserer mulige \u00e5rsaker til flyulykken i Kentucky sammen med pilot Nicol\u00f2 Fatai"}]},{"@type":"WebSite","@id":"https:\/\/nordnesrepublikken.no\/#website","url":"https:\/\/nordnesrepublikken.no\/","name":"Nordnesrepublikken","description":"Stemmer og Visjoner fra Republikkens Hjerte","publisher":{"@id":"https:\/\/nordnesrepublikken.no\/#organization"},"potentialAction":[{"@type":"SearchAction","target":{"@type":"EntryPoint","urlTemplate":"https:\/\/nordnesrepublikken.no\/?s={search_term_string}"},"query-input":{"@type":"PropertyValueSpecification","valueRequired":true,"valueName":"search_term_string"}}],"inLanguage":"nb-NO"},{"@type":"Organization","@id":"https:\/\/nordnesrepublikken.no\/#organization","name":"Nordnesrepublikken","url":"https:\/\/nordnesrepublikken.no\/","logo":{"@type":"ImageObject","inLanguage":"nb-NO","@id":"https:\/\/nordnesrepublikken.no\/#\/schema\/logo\/image\/","url":"https:\/\/nordnesrepublikken.no\/wp-content\/uploads\/2025\/02\/cropped-nordnesrepublikken-2.png","contentUrl":"https:\/\/nordnesrepublikken.no\/wp-content\/uploads\/2025\/02\/cropped-nordnesrepublikken-2.png","width":1248,"height":362,"caption":"Nordnesrepublikken"},"image":{"@id":"https:\/\/nordnesrepublikken.no\/#\/schema\/logo\/image\/"}},{"@type":"Person","@id":"https:\/\/nordnesrepublikken.no\/#\/schema\/person\/2e7e81935bab77882fffb79296240ff1","name":"Ole Andersen","image":{"@type":"ImageObject","inLanguage":"nb-NO","@id":"https:\/\/nordnesrepublikken.no\/#\/schema\/person\/image\/","url":"https:\/\/nordnesrepublikken.no\/wp-content\/uploads\/2025\/02\/nordnesrepublikken-2-2-150x150.jpg","contentUrl":"https:\/\/nordnesrepublikken.no\/wp-content\/uploads\/2025\/02\/nordnesrepublikken-2-2-150x150.jpg","caption":"Ole Andersen"},"description":"Ettersom jeg vokste opp i Oslo, har jeg alltid v\u00e6rt fascinert av ordenes kraft og deres evne til \u00e5 skape endringer. Etter \u00e5 ha fullf\u00f8rt min utdannelse i kommunikasjon ved Universitetet i Bergen, fikk jeg muligheten til \u00e5 jobbe innen ulike medier, der jeg har s\u00f8kt \u00e5 belyse viktige samfunnssp\u00f8rsm\u00e5l. I dag, som redakt\u00f8r for Nordnesrepublikken, pr\u00f8ver jeg \u00e5 forene min kj\u00e6rlighet for journalistikk med min lidenskap for innovasjon og eventyr.","sameAs":["https:\/\/nordnesrepublikken.no\/"]}]}},"_links":{"self":[{"href":"https:\/\/nordnesrepublikken.no\/index.php\/wp-json\/wp\/v2\/posts\/11410","targetHints":{"allow":["GET"]}}],"collection":[{"href":"https:\/\/nordnesrepublikken.no\/index.php\/wp-json\/wp\/v2\/posts"}],"about":[{"href":"https:\/\/nordnesrepublikken.no\/index.php\/wp-json\/wp\/v2\/types\/post"}],"author":[{"embeddable":true,"href":"https:\/\/nordnesrepublikken.no\/index.php\/wp-json\/wp\/v2\/users\/1"}],"replies":[{"embeddable":true,"href":"https:\/\/nordnesrepublikken.no\/index.php\/wp-json\/wp\/v2\/comments?post=11410"}],"version-history":[{"count":1,"href":"https:\/\/nordnesrepublikken.no\/index.php\/wp-json\/wp\/v2\/posts\/11410\/revisions"}],"predecessor-version":[{"id":11412,"href":"https:\/\/nordnesrepublikken.no\/index.php\/wp-json\/wp\/v2\/posts\/11410\/revisions\/11412"}],"wp:featuredmedia":[{"embeddable":true,"href":"https:\/\/nordnesrepublikken.no\/index.php\/wp-json\/wp\/v2\/media\/11411"}],"wp:attachment":[{"href":"https:\/\/nordnesrepublikken.no\/index.php\/wp-json\/wp\/v2\/media?parent=11410"}],"wp:term":[{"taxonomy":"category","embeddable":true,"href":"https:\/\/nordnesrepublikken.no\/index.php\/wp-json\/wp\/v2\/categories?post=11410"},{"taxonomy":"post_tag","embeddable":true,"href":"https:\/\/nordnesrepublikken.no\/index.php\/wp-json\/wp\/v2\/tags?post=11410"}],"curies":[{"name":"wp","href":"https:\/\/api.w.org\/{rel}","templated":true}]}}