{"id":11404,"date":"2025-11-06T17:52:51","date_gmt":"2025-11-06T16:52:51","guid":{"rendered":"https:\/\/nordnesrepublikken.no\/index.php\/2025\/11\/06\/to-ekstremt-like-flykatastrofer\/"},"modified":"2025-11-06T17:52:52","modified_gmt":"2025-11-06T16:52:52","slug":"to-ekstremt-like-flykatastrofer","status":"publish","type":"post","link":"https:\/\/nordnesrepublikken.no\/index.php\/2025\/11\/06\/to-ekstremt-like-flykatastrofer\/","title":{"rendered":"to ekstremt like flykatastrofer"},"content":{"rendered":"<div>\n<div class=\"cp_wrapper cp_wrapper--fw mb-30 mb-20@tablet\">\n<figure class=\"mm\"><picture class=\"img\" style=\"padding-top:56.25%\"><source  media=\"(min-width: 1024px)\"><source  media=\"(min-width: 768px)\"><\/source><\/source><\/picture><\/figure>\n<\/p><\/div>\n<p>G\u00e5r opp til <strong>D\u00f8dstallet er 12<\/strong> og til 15 antallet savnede personer fra flyulykken p\u00e5 UPS-fraktfly 2976 som styrtet ved start fra Muhammad Ali-flyplassen i Louisville, Kentucky, og for\u00e5rsaket en brann som spredte seg i hundrevis av meter. Dette ble uttalt av ordf\u00f8reren i Louisville <strong>Craig Greenberg<\/strong>mens National Transportation Safety Board (NTSB) har startet etterforskningen av ulykken og bekreftet p\u00e5 en pressekonferanse nylig holdt at flyets svarte boks ble gjenfunnet &#8211; en <strong>McDonnell Douglas MD-11<\/strong> \u2013 som vil bidra til \u00e5 belyse dynamikken i det som skjedde. If\u00f8lge uttalelsene fra NTSB-talspersonen <strong>Todd Inman<\/strong>vi vet med sikkerhet at en motor p\u00e5 flyet l\u00f8snet fra vingen under take-off (som ogs\u00e5 bekreftet av videoen som du kan se ovenfor, som har sirkulert mye de siste timene) og at det, i samsvar med denne hendelsen, utviklet flammer p\u00e5 venstre vinge av flyet.<\/p>\n<p>Dynamikken i ulykken, selv om den fortsatt skal avklares, ligner veldig p\u00e5 <strong>verste flyulykken i USAs historie<\/strong> etter antall ofre: flykatastrofen<strong> American Airlines 191<\/strong>som 25. mai 1979 for\u00e5rsaket d\u00f8den til <strong>273 personer<\/strong>. Likhetene er faktisk virkelig bemerkelsesverdige: i den anledning en <strong>McDonnell Douglas DC-10<\/strong> (som MD-11-modellen involvert i Louisville-ulykken er basert p\u00e5) s\u00e5 l\u00f8srivelsen av venstre motor under take-off fra O&#8217;Hare internasjonale flyplass i Chicago, en <strong>General Electric CF6-6D<\/strong> (som tilh\u00f8rer samme familie som motoren l\u00f8srevet i Kentucky).<\/p>\n<div class=\"cp_wrapper cp_wrapper--fw mb-50\">\n<figure class=\"mm\"><picture class=\"img\" style=\"padding-top:70.087976539589%\"><source  media=\"(min-width: 1024px)\"><source  media=\"(min-width: 768px)\"><img decoding=\"async\" loading=\"lazy\" src=\"https:\/\/nordnesrepublikken.no\/wp-content\/uploads\/2025\/11\/to-ekstremt-like-flykatastrofer.jpg\" alt=\"McDonnell Douglas DC-10-10\" width=\"1023\" height=\"717\"\/><\/source><\/source><\/picture><\/figure>\n<\/p><\/div>\n<p>l\u00f8srivelsen <strong>skadet venstre vinge<\/strong>spesielt frontklaffene, n\u00f8dvendig for \u00e5 redusere stallhastigheten, men n\u00e5 hadde flyet overskredet grensehastigheten over hvilken start ikke kan unng\u00e5s. Manglende evne til \u00e5 virke p\u00e5 klaffene \u00f8kte stallhastigheten til ca <strong>300 km\/t<\/strong>men pilotene \u2013 som ikke kunne stole p\u00e5 de ulike varslingssystemene, skadet av motoravl\u00f8sningen \u2013 hadde redusert flyets hastighet til rundt 280 km\/t. Som et resultat stoppet venstre vingen, noe som betyr at den ikke lenger hadde l\u00f8ft. Dette for\u00e5rsaket en viktig <strong>gir til venstre<\/strong><strong>  og sl\u00e5 ned<\/strong> i en h\u00f8yde p\u00e5 ca 100 meter. Da flyet mistet kontrollen, krasjet det inn i et verksted 1400 meter utenfor enden av rullebanen. Den ekstremt voldelige p\u00e5virkningen for\u00e5rsaket d\u00f8den til alle 271 personer om bord, samt 2 personer som jobbet i hangaren p\u00e5 det tidspunktet.<\/p>\n<div class=\"cp_wrapper cp_wrapper--fw mb-50\">\n<figure class=\"mm\"><picture class=\"img\" style=\"padding-top:74.102564102564%\"><source  media=\"(min-width: 1024px)\"><source  media=\"(min-width: 768px)\"><img decoding=\"async\" loading=\"lazy\" src=\"https:\/\/nordnesrepublikken.no\/wp-content\/uploads\/2025\/11\/1762447971_942_to-ekstremt-like-flykatastrofer.jpg\" alt=\"american airlines katastrofe 191\" width=\"390\" height=\"289\" class=\"js-seedtag-img\"\/><\/source><\/source><\/picture><\/figure>\n<\/p><\/div>\n<p>I s\u00e5 fall fant NTSB det <strong>pylonen som kobler vingen til motoren ble skadet<\/strong>og at det var denne skaden som for\u00e5rsaket separasjonen av motoren. Skaden skyldtes adopsjon av en<strong>uriktig<\/strong> <strong>prosedyre for motorbytte<\/strong> under flyvedlikehold to m\u00e5neder f\u00f8r ulykken.<\/p>\n<p>Vi vet selvsagt ikke om det samme skjedde med McDonnell Douglas MD-11 som krasjet 4. november. Portalen <em>FlightRadar24<\/em> rapporterer at flyet var p\u00e5 bakken fra 3. til 18. oktober, noe som ga opphav til hypotesen om at det hadde gjennomg\u00e5tt vedlikehold i denne perioden. Men under g\u00e5rsdagens pressekonferanse uttalte Inman at NTSB <strong>har ingen bekreftelse<\/strong> i denne forstand. S\u00e5 for \u00f8yeblikket m\u00e5 vi bare vente <strong>forel\u00f8pig rapport<\/strong> som det amerikanske kontrollorganet er p\u00e5lagt \u00e5 offentliggj\u00f8re innen 30 dager etter ulykkesdatoen, hvor bevisene som er etablert ved de innledende analysene samles inn og det fors\u00f8kes \u00e5 belyse den eksakte dynamikken i ulykken. For en forklaring p\u00e5 \u00e5rsakene m\u00e5 vi imidlertid vente til <strong>endelig rapport<\/strong> som vanligvis publiseres omtrent et \u00e5r etter ulykken.<\/p>\n<\/p><\/div>\n","protected":false},"excerpt":{"rendered":"<p>G\u00e5r opp til D\u00f8dstallet er 12 og til 15 antallet savnede personer fra flyulykken p\u00e5<\/p>\n","protected":false},"author":1,"featured_media":11405,"comment_status":"closed","ping_status":"open","sticky":false,"template":"","format":"standard","meta":{"footnotes":""},"categories":[104],"tags":[5058,7503],"class_list":["post-11404","post","type-post","status-publish","format-standard","has-post-thumbnail","hentry","category-samfunn","tag-ekstremt","tag-flykatastrofer","generate-columns","tablet-grid-50","mobile-grid-100","grid-parent","grid-33","resize-featured-image"],"yoast_head":"<!-- This site is optimized with the Yoast SEO plugin v24.4 - https:\/\/yoast.com\/wordpress\/plugins\/seo\/ -->\n<title>to ekstremt like flykatastrofer - Nordnesrepublikken<\/title>\n<meta name=\"robots\" content=\"index, follow, max-snippet:-1, max-image-preview:large, max-video-preview:-1\" \/>\n<link rel=\"canonical\" href=\"https:\/\/nordnesrepublikken.no\/index.php\/2025\/11\/06\/to-ekstremt-like-flykatastrofer\/\" \/>\n<meta property=\"og:locale\" content=\"nb_NO\" \/>\n<meta property=\"og:type\" content=\"article\" \/>\n<meta property=\"og:title\" content=\"to ekstremt like flykatastrofer - Nordnesrepublikken\" \/>\n<meta property=\"og:description\" content=\"G\u00e5r opp til D\u00f8dstallet er 12 og til 15 antallet savnede personer fra flyulykken p\u00e5\" \/>\n<meta property=\"og:url\" content=\"https:\/\/nordnesrepublikken.no\/index.php\/2025\/11\/06\/to-ekstremt-like-flykatastrofer\/\" \/>\n<meta property=\"og:site_name\" content=\"Nordnesrepublikken\" \/>\n<meta property=\"article:published_time\" content=\"2025-11-06T16:52:51+00:00\" \/>\n<meta property=\"article:modified_time\" content=\"2025-11-06T16:52:52+00:00\" \/>\n<meta property=\"og:image\" content=\"https:\/\/nordnesrepublikken.no\/wp-content\/uploads\/2025\/11\/1762447972_to-ekstremt-like-flykatastrofer.jpeg\" \/>\n\t<meta property=\"og:image:width\" content=\"810\" \/>\n\t<meta property=\"og:image:height\" content=\"456\" \/>\n\t<meta property=\"og:image:type\" content=\"image\/jpeg\" \/>\n<meta name=\"author\" content=\"Ole Andersen\" \/>\n<meta name=\"twitter:card\" content=\"summary_large_image\" \/>\n<meta name=\"twitter:label1\" content=\"Skrevet av\" \/>\n\t<meta name=\"twitter:data1\" content=\"Ole Andersen\" \/>\n\t<meta name=\"twitter:label2\" content=\"Ansl. lesetid\" \/>\n\t<meta name=\"twitter:data2\" content=\"3 minutter\" \/>\n<script type=\"application\/ld+json\" class=\"yoast-schema-graph\">{\"@context\":\"https:\/\/schema.org\",\"@graph\":[{\"@type\":\"Article\",\"@id\":\"https:\/\/nordnesrepublikken.no\/index.php\/2025\/11\/06\/to-ekstremt-like-flykatastrofer\/#article\",\"isPartOf\":{\"@id\":\"https:\/\/nordnesrepublikken.no\/index.php\/2025\/11\/06\/to-ekstremt-like-flykatastrofer\/\"},\"author\":{\"name\":\"Ole Andersen\",\"@id\":\"https:\/\/nordnesrepublikken.no\/#\/schema\/person\/2e7e81935bab77882fffb79296240ff1\"},\"headline\":\"to ekstremt like flykatastrofer\",\"datePublished\":\"2025-11-06T16:52:51+00:00\",\"dateModified\":\"2025-11-06T16:52:52+00:00\",\"mainEntityOfPage\":{\"@id\":\"https:\/\/nordnesrepublikken.no\/index.php\/2025\/11\/06\/to-ekstremt-like-flykatastrofer\/\"},\"wordCount\":518,\"publisher\":{\"@id\":\"https:\/\/nordnesrepublikken.no\/#organization\"},\"image\":{\"@id\":\"https:\/\/nordnesrepublikken.no\/index.php\/2025\/11\/06\/to-ekstremt-like-flykatastrofer\/#primaryimage\"},\"thumbnailUrl\":\"https:\/\/nordnesrepublikken.no\/wp-content\/uploads\/2025\/11\/1762447972_to-ekstremt-like-flykatastrofer.jpeg\",\"keywords\":[\"ekstremt\",\"flykatastrofer\"],\"articleSection\":[\"Samfunn\"],\"inLanguage\":\"nb-NO\"},{\"@type\":\"WebPage\",\"@id\":\"https:\/\/nordnesrepublikken.no\/index.php\/2025\/11\/06\/to-ekstremt-like-flykatastrofer\/\",\"url\":\"https:\/\/nordnesrepublikken.no\/index.php\/2025\/11\/06\/to-ekstremt-like-flykatastrofer\/\",\"name\":\"to ekstremt like flykatastrofer - Nordnesrepublikken\",\"isPartOf\":{\"@id\":\"https:\/\/nordnesrepublikken.no\/#website\"},\"primaryImageOfPage\":{\"@id\":\"https:\/\/nordnesrepublikken.no\/index.php\/2025\/11\/06\/to-ekstremt-like-flykatastrofer\/#primaryimage\"},\"image\":{\"@id\":\"https:\/\/nordnesrepublikken.no\/index.php\/2025\/11\/06\/to-ekstremt-like-flykatastrofer\/#primaryimage\"},\"thumbnailUrl\":\"https:\/\/nordnesrepublikken.no\/wp-content\/uploads\/2025\/11\/1762447972_to-ekstremt-like-flykatastrofer.jpeg\",\"datePublished\":\"2025-11-06T16:52:51+00:00\",\"dateModified\":\"2025-11-06T16:52:52+00:00\",\"breadcrumb\":{\"@id\":\"https:\/\/nordnesrepublikken.no\/index.php\/2025\/11\/06\/to-ekstremt-like-flykatastrofer\/#breadcrumb\"},\"inLanguage\":\"nb-NO\",\"potentialAction\":[{\"@type\":\"ReadAction\",\"target\":[\"https:\/\/nordnesrepublikken.no\/index.php\/2025\/11\/06\/to-ekstremt-like-flykatastrofer\/\"]}]},{\"@type\":\"ImageObject\",\"inLanguage\":\"nb-NO\",\"@id\":\"https:\/\/nordnesrepublikken.no\/index.php\/2025\/11\/06\/to-ekstremt-like-flykatastrofer\/#primaryimage\",\"url\":\"https:\/\/nordnesrepublikken.no\/wp-content\/uploads\/2025\/11\/1762447972_to-ekstremt-like-flykatastrofer.jpeg\",\"contentUrl\":\"https:\/\/nordnesrepublikken.no\/wp-content\/uploads\/2025\/11\/1762447972_to-ekstremt-like-flykatastrofer.jpeg\",\"width\":810,\"height\":456,\"caption\":\"to ekstremt like flykatastrofer\"},{\"@type\":\"BreadcrumbList\",\"@id\":\"https:\/\/nordnesrepublikken.no\/index.php\/2025\/11\/06\/to-ekstremt-like-flykatastrofer\/#breadcrumb\",\"itemListElement\":[{\"@type\":\"ListItem\",\"position\":1,\"name\":\"Home\",\"item\":\"https:\/\/nordnesrepublikken.no\/\"},{\"@type\":\"ListItem\",\"position\":2,\"name\":\"to ekstremt like flykatastrofer\"}]},{\"@type\":\"WebSite\",\"@id\":\"https:\/\/nordnesrepublikken.no\/#website\",\"url\":\"https:\/\/nordnesrepublikken.no\/\",\"name\":\"Nordnesrepublikken\",\"description\":\"Stemmer og Visjoner fra Republikkens Hjerte\",\"publisher\":{\"@id\":\"https:\/\/nordnesrepublikken.no\/#organization\"},\"potentialAction\":[{\"@type\":\"SearchAction\",\"target\":{\"@type\":\"EntryPoint\",\"urlTemplate\":\"https:\/\/nordnesrepublikken.no\/?s={search_term_string}\"},\"query-input\":{\"@type\":\"PropertyValueSpecification\",\"valueRequired\":true,\"valueName\":\"search_term_string\"}}],\"inLanguage\":\"nb-NO\"},{\"@type\":\"Organization\",\"@id\":\"https:\/\/nordnesrepublikken.no\/#organization\",\"name\":\"Nordnesrepublikken\",\"url\":\"https:\/\/nordnesrepublikken.no\/\",\"logo\":{\"@type\":\"ImageObject\",\"inLanguage\":\"nb-NO\",\"@id\":\"https:\/\/nordnesrepublikken.no\/#\/schema\/logo\/image\/\",\"url\":\"https:\/\/nordnesrepublikken.no\/wp-content\/uploads\/2025\/02\/cropped-nordnesrepublikken-2.png\",\"contentUrl\":\"https:\/\/nordnesrepublikken.no\/wp-content\/uploads\/2025\/02\/cropped-nordnesrepublikken-2.png\",\"width\":1248,\"height\":362,\"caption\":\"Nordnesrepublikken\"},\"image\":{\"@id\":\"https:\/\/nordnesrepublikken.no\/#\/schema\/logo\/image\/\"}},{\"@type\":\"Person\",\"@id\":\"https:\/\/nordnesrepublikken.no\/#\/schema\/person\/2e7e81935bab77882fffb79296240ff1\",\"name\":\"Ole Andersen\",\"image\":{\"@type\":\"ImageObject\",\"inLanguage\":\"nb-NO\",\"@id\":\"https:\/\/nordnesrepublikken.no\/#\/schema\/person\/image\/\",\"url\":\"https:\/\/nordnesrepublikken.no\/wp-content\/uploads\/2025\/02\/nordnesrepublikken-2-2-150x150.jpg\",\"contentUrl\":\"https:\/\/nordnesrepublikken.no\/wp-content\/uploads\/2025\/02\/nordnesrepublikken-2-2-150x150.jpg\",\"caption\":\"Ole Andersen\"},\"description\":\"Ettersom jeg vokste opp i Oslo, har jeg alltid v\u00e6rt fascinert av ordenes kraft og deres evne til \u00e5 skape endringer. Etter \u00e5 ha fullf\u00f8rt min utdannelse i kommunikasjon ved Universitetet i Bergen, fikk jeg muligheten til \u00e5 jobbe innen ulike medier, der jeg har s\u00f8kt \u00e5 belyse viktige samfunnssp\u00f8rsm\u00e5l. I dag, som redakt\u00f8r for Nordnesrepublikken, pr\u00f8ver jeg \u00e5 forene min kj\u00e6rlighet for journalistikk med min lidenskap for innovasjon og eventyr.\",\"sameAs\":[\"https:\/\/nordnesrepublikken.no\/\"]}]}<\/script>\n<!-- \/ Yoast SEO plugin. -->","yoast_head_json":{"title":"to ekstremt like flykatastrofer - Nordnesrepublikken","robots":{"index":"index","follow":"follow","max-snippet":"max-snippet:-1","max-image-preview":"max-image-preview:large","max-video-preview":"max-video-preview:-1"},"canonical":"https:\/\/nordnesrepublikken.no\/index.php\/2025\/11\/06\/to-ekstremt-like-flykatastrofer\/","og_locale":"nb_NO","og_type":"article","og_title":"to ekstremt like flykatastrofer - Nordnesrepublikken","og_description":"G\u00e5r opp til D\u00f8dstallet er 12 og til 15 antallet savnede personer fra flyulykken p\u00e5","og_url":"https:\/\/nordnesrepublikken.no\/index.php\/2025\/11\/06\/to-ekstremt-like-flykatastrofer\/","og_site_name":"Nordnesrepublikken","article_published_time":"2025-11-06T16:52:51+00:00","article_modified_time":"2025-11-06T16:52:52+00:00","og_image":[{"width":810,"height":456,"url":"https:\/\/nordnesrepublikken.no\/wp-content\/uploads\/2025\/11\/1762447972_to-ekstremt-like-flykatastrofer.jpeg","type":"image\/jpeg"}],"author":"Ole Andersen","twitter_card":"summary_large_image","twitter_misc":{"Skrevet av":"Ole Andersen","Ansl. lesetid":"3 minutter"},"schema":{"@context":"https:\/\/schema.org","@graph":[{"@type":"Article","@id":"https:\/\/nordnesrepublikken.no\/index.php\/2025\/11\/06\/to-ekstremt-like-flykatastrofer\/#article","isPartOf":{"@id":"https:\/\/nordnesrepublikken.no\/index.php\/2025\/11\/06\/to-ekstremt-like-flykatastrofer\/"},"author":{"name":"Ole Andersen","@id":"https:\/\/nordnesrepublikken.no\/#\/schema\/person\/2e7e81935bab77882fffb79296240ff1"},"headline":"to ekstremt like flykatastrofer","datePublished":"2025-11-06T16:52:51+00:00","dateModified":"2025-11-06T16:52:52+00:00","mainEntityOfPage":{"@id":"https:\/\/nordnesrepublikken.no\/index.php\/2025\/11\/06\/to-ekstremt-like-flykatastrofer\/"},"wordCount":518,"publisher":{"@id":"https:\/\/nordnesrepublikken.no\/#organization"},"image":{"@id":"https:\/\/nordnesrepublikken.no\/index.php\/2025\/11\/06\/to-ekstremt-like-flykatastrofer\/#primaryimage"},"thumbnailUrl":"https:\/\/nordnesrepublikken.no\/wp-content\/uploads\/2025\/11\/1762447972_to-ekstremt-like-flykatastrofer.jpeg","keywords":["ekstremt","flykatastrofer"],"articleSection":["Samfunn"],"inLanguage":"nb-NO"},{"@type":"WebPage","@id":"https:\/\/nordnesrepublikken.no\/index.php\/2025\/11\/06\/to-ekstremt-like-flykatastrofer\/","url":"https:\/\/nordnesrepublikken.no\/index.php\/2025\/11\/06\/to-ekstremt-like-flykatastrofer\/","name":"to ekstremt like flykatastrofer - Nordnesrepublikken","isPartOf":{"@id":"https:\/\/nordnesrepublikken.no\/#website"},"primaryImageOfPage":{"@id":"https:\/\/nordnesrepublikken.no\/index.php\/2025\/11\/06\/to-ekstremt-like-flykatastrofer\/#primaryimage"},"image":{"@id":"https:\/\/nordnesrepublikken.no\/index.php\/2025\/11\/06\/to-ekstremt-like-flykatastrofer\/#primaryimage"},"thumbnailUrl":"https:\/\/nordnesrepublikken.no\/wp-content\/uploads\/2025\/11\/1762447972_to-ekstremt-like-flykatastrofer.jpeg","datePublished":"2025-11-06T16:52:51+00:00","dateModified":"2025-11-06T16:52:52+00:00","breadcrumb":{"@id":"https:\/\/nordnesrepublikken.no\/index.php\/2025\/11\/06\/to-ekstremt-like-flykatastrofer\/#breadcrumb"},"inLanguage":"nb-NO","potentialAction":[{"@type":"ReadAction","target":["https:\/\/nordnesrepublikken.no\/index.php\/2025\/11\/06\/to-ekstremt-like-flykatastrofer\/"]}]},{"@type":"ImageObject","inLanguage":"nb-NO","@id":"https:\/\/nordnesrepublikken.no\/index.php\/2025\/11\/06\/to-ekstremt-like-flykatastrofer\/#primaryimage","url":"https:\/\/nordnesrepublikken.no\/wp-content\/uploads\/2025\/11\/1762447972_to-ekstremt-like-flykatastrofer.jpeg","contentUrl":"https:\/\/nordnesrepublikken.no\/wp-content\/uploads\/2025\/11\/1762447972_to-ekstremt-like-flykatastrofer.jpeg","width":810,"height":456,"caption":"to ekstremt like flykatastrofer"},{"@type":"BreadcrumbList","@id":"https:\/\/nordnesrepublikken.no\/index.php\/2025\/11\/06\/to-ekstremt-like-flykatastrofer\/#breadcrumb","itemListElement":[{"@type":"ListItem","position":1,"name":"Home","item":"https:\/\/nordnesrepublikken.no\/"},{"@type":"ListItem","position":2,"name":"to ekstremt like flykatastrofer"}]},{"@type":"WebSite","@id":"https:\/\/nordnesrepublikken.no\/#website","url":"https:\/\/nordnesrepublikken.no\/","name":"Nordnesrepublikken","description":"Stemmer og Visjoner fra Republikkens Hjerte","publisher":{"@id":"https:\/\/nordnesrepublikken.no\/#organization"},"potentialAction":[{"@type":"SearchAction","target":{"@type":"EntryPoint","urlTemplate":"https:\/\/nordnesrepublikken.no\/?s={search_term_string}"},"query-input":{"@type":"PropertyValueSpecification","valueRequired":true,"valueName":"search_term_string"}}],"inLanguage":"nb-NO"},{"@type":"Organization","@id":"https:\/\/nordnesrepublikken.no\/#organization","name":"Nordnesrepublikken","url":"https:\/\/nordnesrepublikken.no\/","logo":{"@type":"ImageObject","inLanguage":"nb-NO","@id":"https:\/\/nordnesrepublikken.no\/#\/schema\/logo\/image\/","url":"https:\/\/nordnesrepublikken.no\/wp-content\/uploads\/2025\/02\/cropped-nordnesrepublikken-2.png","contentUrl":"https:\/\/nordnesrepublikken.no\/wp-content\/uploads\/2025\/02\/cropped-nordnesrepublikken-2.png","width":1248,"height":362,"caption":"Nordnesrepublikken"},"image":{"@id":"https:\/\/nordnesrepublikken.no\/#\/schema\/logo\/image\/"}},{"@type":"Person","@id":"https:\/\/nordnesrepublikken.no\/#\/schema\/person\/2e7e81935bab77882fffb79296240ff1","name":"Ole Andersen","image":{"@type":"ImageObject","inLanguage":"nb-NO","@id":"https:\/\/nordnesrepublikken.no\/#\/schema\/person\/image\/","url":"https:\/\/nordnesrepublikken.no\/wp-content\/uploads\/2025\/02\/nordnesrepublikken-2-2-150x150.jpg","contentUrl":"https:\/\/nordnesrepublikken.no\/wp-content\/uploads\/2025\/02\/nordnesrepublikken-2-2-150x150.jpg","caption":"Ole Andersen"},"description":"Ettersom jeg vokste opp i Oslo, har jeg alltid v\u00e6rt fascinert av ordenes kraft og deres evne til \u00e5 skape endringer. Etter \u00e5 ha fullf\u00f8rt min utdannelse i kommunikasjon ved Universitetet i Bergen, fikk jeg muligheten til \u00e5 jobbe innen ulike medier, der jeg har s\u00f8kt \u00e5 belyse viktige samfunnssp\u00f8rsm\u00e5l. I dag, som redakt\u00f8r for Nordnesrepublikken, pr\u00f8ver jeg \u00e5 forene min kj\u00e6rlighet for journalistikk med min lidenskap for innovasjon og eventyr.","sameAs":["https:\/\/nordnesrepublikken.no\/"]}]}},"_links":{"self":[{"href":"https:\/\/nordnesrepublikken.no\/index.php\/wp-json\/wp\/v2\/posts\/11404","targetHints":{"allow":["GET"]}}],"collection":[{"href":"https:\/\/nordnesrepublikken.no\/index.php\/wp-json\/wp\/v2\/posts"}],"about":[{"href":"https:\/\/nordnesrepublikken.no\/index.php\/wp-json\/wp\/v2\/types\/post"}],"author":[{"embeddable":true,"href":"https:\/\/nordnesrepublikken.no\/index.php\/wp-json\/wp\/v2\/users\/1"}],"replies":[{"embeddable":true,"href":"https:\/\/nordnesrepublikken.no\/index.php\/wp-json\/wp\/v2\/comments?post=11404"}],"version-history":[{"count":1,"href":"https:\/\/nordnesrepublikken.no\/index.php\/wp-json\/wp\/v2\/posts\/11404\/revisions"}],"predecessor-version":[{"id":11406,"href":"https:\/\/nordnesrepublikken.no\/index.php\/wp-json\/wp\/v2\/posts\/11404\/revisions\/11406"}],"wp:featuredmedia":[{"embeddable":true,"href":"https:\/\/nordnesrepublikken.no\/index.php\/wp-json\/wp\/v2\/media\/11405"}],"wp:attachment":[{"href":"https:\/\/nordnesrepublikken.no\/index.php\/wp-json\/wp\/v2\/media?parent=11404"}],"wp:term":[{"taxonomy":"category","embeddable":true,"href":"https:\/\/nordnesrepublikken.no\/index.php\/wp-json\/wp\/v2\/categories?post=11404"},{"taxonomy":"post_tag","embeddable":true,"href":"https:\/\/nordnesrepublikken.no\/index.php\/wp-json\/wp\/v2\/tags?post=11404"}],"curies":[{"name":"wp","href":"https:\/\/api.w.org\/{rel}","templated":true}]}}