{"id":11392,"date":"2025-11-06T10:52:02","date_gmt":"2025-11-06T09:52:02","guid":{"rendered":"https:\/\/nordnesrepublikken.no\/index.php\/2025\/11\/06\/hvor-de-er-plassert-hvorfor-og-hvordan-skikken-ble-fodt\/"},"modified":"2025-11-06T10:52:08","modified_gmt":"2025-11-06T09:52:08","slug":"hvor-de-er-plassert-hvorfor-og-hvordan-skikken-ble-fodt","status":"publish","type":"post","link":"https:\/\/nordnesrepublikken.no\/index.php\/2025\/11\/06\/hvor-de-er-plassert-hvorfor-og-hvordan-skikken-ble-fodt\/","title":{"rendered":"hvor de er plassert, hvorfor og hvordan skikken ble f\u00f8dt"},"content":{"rendered":"<div>\n<div class=\"cp_wrapper cp_wrapper--fw mb-30 mb-20@tablet\">\n<figure class=\"mm\"><picture class=\"img\" style=\"padding-top:56.25%\"><source  media=\"(min-width: 1024px)\"><source  media=\"(min-width: 768px)\"><\/source><\/source><\/picture><\/figure>\n<\/p><\/div>\n<p>Hengel\u00e5sen har eksistert siden antikken<b> symbol p\u00e5 l\u00f8fte og dedikasjon<\/b>og i Italia ble skikken med \u00e5 feste dem til broer, gjerder, porter, monumenter eller offentlige bygninger som et l\u00f8fte om evig kj\u00e6rlighet kjent etter filmen &laquo;I want you&raquo;, utgitt i 2007. Men allerede p\u00e5 1930-tallet <strong>TIL<\/strong><b>italienske milit\u00e6rkadetter<\/b> de festet l\u00e5sen til skapet til dekkene etter \u00e5 ha tatt permisjon, og a<b> Serbisk folketradisjon <\/b>forteller om hengel\u00e5ser festet til broer allerede under f\u00f8rste verdenskrig etter en uheldig kj\u00e6rlighetshistorie. P\u00e5 70-tallet i<b> Ungarn<\/b> hengel\u00e5sen blir et symbol p\u00e5<b> oppr\u00f8r mot diktaturer<\/b>og blir angrepet p\u00e5 broer i protest.  If\u00f8lge studien <b>&laquo;<em>Finne kj\u00e6rligheten: Materialiteten til kj\u00e6rlighetsl\u00e5ser og geocacher<\/em>\u201d<\/b> utf\u00f8rt av engelske forskere Ceri Houlbrook og Adam Parker, denne skikken, som n\u00e5 er en del av <b>urban folklore<\/b>stammer derfor fra en <b>blanding av forskjellige episoder, legender og steder <\/b>som over tid f\u00f8rte til spredningen.<\/p>\n<h2>Historien om kj\u00e6rlighetsl\u00e5sen: et symbol p\u00e5 hengivenhet<\/h2>\n<p>L\u00e5sen er \u00e9n <b>eldgammelt sikkerhetsverkt\u00f8y<\/b>hvorav rudiment\u00e6re eksempler ogs\u00e5 ble funnet i utgravningene av Pompeii: det symboliserte allerede for \u00e5rhundrer siden <b>l\u00f8fte og engasjement<\/b> og av denne grunn har det blitt en vane \u00e5 feste det p\u00e5 hellige steder, som et tegn p\u00e5 hengivenhet. I det gamle Roma, if\u00f8lge noen vitnesbyrd, pleide kvinner \u00e5 henge hengel\u00e5ser dedikert til <strong>Venus<\/strong> i templer, som en symbolsk gest for \u00e5 &laquo;stramme&raquo; partnerens kj\u00e6rlighet og garantere hans troskap.<\/p>\n<p>For eksempel i det gamle Persia og generelt <strong>i \u00f8st<\/strong>pleide de \u00e5 v\u00e6re festet til gravene til helgener og fremtredende religi\u00f8se skikkelser, med samme funksjonalitet som <em>ex-voto<\/em>: siden hengel\u00e5sen er et solid og &laquo;ugjennomtrengelig&raquo; instrument, lukk den p\u00e5 en grav eller p\u00e5 et sted for tilbedelse <strong>forseglet b\u00f8nnen<\/strong> laget og var et symbol p\u00e5<b> tro, engasjement og utholdenhet<\/b>. Av samme grunn er det slett ikke uvanlig \u00e5 finne lukkede hengel\u00e5ser rundt gitteret i kristne helligdommer, dit de troende g\u00e5r for \u00e5 be om n\u00e5de eller takke for \u00e5 ha mottatt den, for \u00e5 be til de hellige som de er hengivne til.<\/p>\n<p>Lignende ritualer, der hengel\u00e5sen representerte beskyttelsen av et b\u00e5nd, er ogs\u00e5 dokumentert i middelalderen, da den ble brukt som en metafor for \u00e5 vokte hjertet og l\u00f8ftet om kj\u00e6rlighet. Disse bruksomr\u00e5dene, stratifisert gjennom \u00e5rhundrene, har sannsynligvis favorisert formuen til moderne praksis, som har <strong>oppdatert et eldgammelt symbol<\/strong> lade den med nye politiske, kulturelle og emosjonelle betydninger.<\/p>\n<p>Utbredelsen av skikken med <b>hengel\u00e5ser som et symbol p\u00e5 kj\u00e6rlighetens b\u00e5nd<\/b> den kunne ha sin opprinnelse i Serbia i \u00e5rene av f\u00f8rste verdenskrig. Historien \u2013 som vi ikke vet om skal v\u00e6re fakta eller legende \u2013 forteller det i den serbiske byen Vrnja\u010dka Banja <strong>en l\u00e6rer ved navn Nada<\/strong>, <strong>og Relja, en soldat<\/strong> Da de dro til Hellas, ble de forelsket: de sverget evig kj\u00e6rlighet og forlovet seg, men Relja p\u00e5 Korfu ble forelsket i en annen kvinne og br\u00f8t forlovelsen. Nada, desperat, d\u00f8de av et knust hjerte og deres aff\u00e6re ble ber\u00f8mt: fra det \u00f8yeblikket begynte jentene i Vrnja\u010dka Banja \u00e5 <b>lukk hengel\u00e5ser p\u00e5 broen <em>Mest Ljubavi<\/em><\/b>bokstavelig talt &laquo;kj\u00e6rlighetens bro&raquo;, med det symbolske form\u00e5let <b>beskytte b\u00e5ndene deres<\/b> <strong>fra uflaks<\/strong> som i stedet hadde truffet Nada. Broen ble raskt fylt med hengel\u00e5ser og ble ogs\u00e5 kjent for navnet som minnet om kj\u00e6rlighet, og skikken begynte \u00e5 spre seg over hele Europa.<\/p>\n<h2>Hva er meningen med kj\u00e6rlighetsl\u00e5sen<\/h2>\n<p>Et annet symbolsk sted for hengel\u00e5ser festet til broer er<strong>Ungarn<\/strong>nettopp byen P\u00e9cs hvor denne skikken raskt spredte seg p\u00e5 70-tallet: i dette tilfellet var det en form for <b>oppr\u00f8r<\/b> promotert av punkmilj\u00f8et mot<b> Den kalde krigens regimer<\/b>.<\/p>\n<p>Hengel\u00e5sen er valgt n\u00f8yaktig som <b>hyllest til Sid Vicious<\/b>bassist for Sex Pistols, som hadde en hengel\u00e5s festet til halsen som <b>tegn p\u00e5 motstand mot konvensjoner<\/b>. Fra Ungarn sprer vanen seg som ild i t\u00f8rt gress, og kombinerer dermed en allerede kjent gest med en ny symbolsk betydning, og m\u00f8ter sannsynligvis andre allerede konsoliderte tradisjoner.<\/p>\n<p>I dag representerer dette objektet foreningen mellom to mennesker, beskyttelse og evig kj\u00e6rlighet.<\/p>\n<h2>Hvor de blir angrepet i Italia og hvorfor de er en risiko<\/h2>\n<p>Faktisk, siden 1930-tallet, har <b>Milit\u00e6rstudenter <\/b>ved School of Health i Costa San Giorgio i Firenze, da det var tid for \u00e5 si farvel, <b>de festet l\u00e5sen til skapet sitt<\/b> i en jernstang bortenfor brystningen til Ponte Vecchio. I samme periode ble den samme skikken praktisert av <b>studenter fra Alpebrakkene<\/b> av Brunico og Bressanone, i Trentino Alto Adige: vi begynner dermed \u00e5 se mer og mer <b>hengel\u00e5ser festet til broer<\/b>og vanen tok tak som et symbol p\u00e5 avslutningen av en reise, og som et uttrykk for styrke og lojalitet.<\/p>\n<p>Deretter, i v\u00e5rt land, ble skikken med \u00e5 feste kj\u00e6rlighetshengel\u00e5ser til broer gjort ber\u00f8mt av filmen &laquo;I want you&raquo; &#8211; utgitt i 2007 &#8211; basert p\u00e5 romanen av Federico Moccia, der de to hovedpersonene fester en hengel\u00e5s til Ponte Milvio i Roma med den hensikt &laquo;om aldri \u00e5 forlate hverandre&raquo;. Filmen, en oppf\u00f8lger til den allerede ber\u00f8mte \u00abThree Meters Above the Sky\u00bb, var et fenomen i massekulturen, og hengel\u00e5senes gest var <b>raskt etterlignet av tusenvis av mennesker<\/b>og begynte \u00e5 spre seg raskt fra Roma til mange andre steder i Italia og rundt om i verden. I dag er det en gest laget spesielt av turister, f.eks <strong>det mangler ikke p\u00e5 protester og forbud fra innbyggere og administrasjoner<\/strong> og av de som selv tar seg av sikkerheten til broene, ofte lider p\u00e5 grunn av jernets vekt.<\/p>\n<\/p><\/div>\n","protected":false},"excerpt":{"rendered":"<p>Hengel\u00e5sen har eksistert siden antikken symbol p\u00e5 l\u00f8fte og dedikasjonog i Italia ble skikken med<\/p>\n","protected":false},"author":1,"featured_media":11393,"comment_status":"closed","ping_status":"open","sticky":false,"template":"","format":"standard","meta":{"footnotes":""},"categories":[104],"tags":[373,97,449,112,101,7496,5474],"class_list":["post-11392","post","type-post","status-publish","format-standard","has-post-thumbnail","hentry","category-samfunn","tag-ble","tag-fodt","tag-hvor","tag-hvordan","tag-hvorfor","tag-plassert","tag-skikken","generate-columns","tablet-grid-50","mobile-grid-100","grid-parent","grid-33","resize-featured-image"],"yoast_head":"<!-- This site is optimized with the Yoast SEO plugin v24.4 - https:\/\/yoast.com\/wordpress\/plugins\/seo\/ -->\n<title>hvor de er plassert, hvorfor og hvordan skikken ble f\u00f8dt - Nordnesrepublikken<\/title>\n<meta name=\"robots\" content=\"index, follow, max-snippet:-1, max-image-preview:large, max-video-preview:-1\" \/>\n<link rel=\"canonical\" href=\"https:\/\/nordnesrepublikken.no\/index.php\/2025\/11\/06\/hvor-de-er-plassert-hvorfor-og-hvordan-skikken-ble-fodt\/\" \/>\n<meta property=\"og:locale\" content=\"nb_NO\" \/>\n<meta property=\"og:type\" content=\"article\" \/>\n<meta property=\"og:title\" content=\"hvor de er plassert, hvorfor og hvordan skikken ble f\u00f8dt - Nordnesrepublikken\" \/>\n<meta property=\"og:description\" content=\"Hengel\u00e5sen har eksistert siden antikken symbol p\u00e5 l\u00f8fte og dedikasjonog i Italia ble skikken med\" \/>\n<meta property=\"og:url\" content=\"https:\/\/nordnesrepublikken.no\/index.php\/2025\/11\/06\/hvor-de-er-plassert-hvorfor-og-hvordan-skikken-ble-fodt\/\" \/>\n<meta property=\"og:site_name\" content=\"Nordnesrepublikken\" \/>\n<meta property=\"article:published_time\" content=\"2025-11-06T09:52:02+00:00\" \/>\n<meta property=\"article:modified_time\" content=\"2025-11-06T09:52:08+00:00\" \/>\n<meta property=\"og:image\" content=\"https:\/\/nordnesrepublikken.no\/wp-content\/uploads\/2025\/11\/1762422723_hvor-de-er-plassert-hvorfor-og-hvordan-skikken-ble-fodt.jpg\" \/>\n\t<meta property=\"og:image:width\" content=\"2121\" \/>\n\t<meta property=\"og:image:height\" content=\"1414\" \/>\n\t<meta property=\"og:image:type\" content=\"image\/jpeg\" \/>\n<meta name=\"author\" content=\"Ole Andersen\" \/>\n<meta name=\"twitter:card\" content=\"summary_large_image\" \/>\n<meta name=\"twitter:label1\" content=\"Skrevet av\" \/>\n\t<meta name=\"twitter:data1\" content=\"Ole Andersen\" \/>\n\t<meta name=\"twitter:label2\" content=\"Ansl. lesetid\" \/>\n\t<meta name=\"twitter:data2\" content=\"5 minutter\" \/>\n<script type=\"application\/ld+json\" class=\"yoast-schema-graph\">{\"@context\":\"https:\/\/schema.org\",\"@graph\":[{\"@type\":\"Article\",\"@id\":\"https:\/\/nordnesrepublikken.no\/index.php\/2025\/11\/06\/hvor-de-er-plassert-hvorfor-og-hvordan-skikken-ble-fodt\/#article\",\"isPartOf\":{\"@id\":\"https:\/\/nordnesrepublikken.no\/index.php\/2025\/11\/06\/hvor-de-er-plassert-hvorfor-og-hvordan-skikken-ble-fodt\/\"},\"author\":{\"name\":\"Ole Andersen\",\"@id\":\"https:\/\/nordnesrepublikken.no\/#\/schema\/person\/2e7e81935bab77882fffb79296240ff1\"},\"headline\":\"hvor de er plassert, hvorfor og hvordan skikken ble f\u00f8dt\",\"datePublished\":\"2025-11-06T09:52:02+00:00\",\"dateModified\":\"2025-11-06T09:52:08+00:00\",\"mainEntityOfPage\":{\"@id\":\"https:\/\/nordnesrepublikken.no\/index.php\/2025\/11\/06\/hvor-de-er-plassert-hvorfor-og-hvordan-skikken-ble-fodt\/\"},\"wordCount\":944,\"publisher\":{\"@id\":\"https:\/\/nordnesrepublikken.no\/#organization\"},\"image\":{\"@id\":\"https:\/\/nordnesrepublikken.no\/index.php\/2025\/11\/06\/hvor-de-er-plassert-hvorfor-og-hvordan-skikken-ble-fodt\/#primaryimage\"},\"thumbnailUrl\":\"https:\/\/nordnesrepublikken.no\/wp-content\/uploads\/2025\/11\/1762422723_hvor-de-er-plassert-hvorfor-og-hvordan-skikken-ble-fodt.jpg\",\"keywords\":[\"ble\",\"f\u00f8dt\",\"hvor\",\"Hvordan\",\"hvorfor\",\"plassert\",\"skikken\"],\"articleSection\":[\"Samfunn\"],\"inLanguage\":\"nb-NO\"},{\"@type\":\"WebPage\",\"@id\":\"https:\/\/nordnesrepublikken.no\/index.php\/2025\/11\/06\/hvor-de-er-plassert-hvorfor-og-hvordan-skikken-ble-fodt\/\",\"url\":\"https:\/\/nordnesrepublikken.no\/index.php\/2025\/11\/06\/hvor-de-er-plassert-hvorfor-og-hvordan-skikken-ble-fodt\/\",\"name\":\"hvor de er plassert, hvorfor og hvordan skikken ble f\u00f8dt - Nordnesrepublikken\",\"isPartOf\":{\"@id\":\"https:\/\/nordnesrepublikken.no\/#website\"},\"primaryImageOfPage\":{\"@id\":\"https:\/\/nordnesrepublikken.no\/index.php\/2025\/11\/06\/hvor-de-er-plassert-hvorfor-og-hvordan-skikken-ble-fodt\/#primaryimage\"},\"image\":{\"@id\":\"https:\/\/nordnesrepublikken.no\/index.php\/2025\/11\/06\/hvor-de-er-plassert-hvorfor-og-hvordan-skikken-ble-fodt\/#primaryimage\"},\"thumbnailUrl\":\"https:\/\/nordnesrepublikken.no\/wp-content\/uploads\/2025\/11\/1762422723_hvor-de-er-plassert-hvorfor-og-hvordan-skikken-ble-fodt.jpg\",\"datePublished\":\"2025-11-06T09:52:02+00:00\",\"dateModified\":\"2025-11-06T09:52:08+00:00\",\"breadcrumb\":{\"@id\":\"https:\/\/nordnesrepublikken.no\/index.php\/2025\/11\/06\/hvor-de-er-plassert-hvorfor-og-hvordan-skikken-ble-fodt\/#breadcrumb\"},\"inLanguage\":\"nb-NO\",\"potentialAction\":[{\"@type\":\"ReadAction\",\"target\":[\"https:\/\/nordnesrepublikken.no\/index.php\/2025\/11\/06\/hvor-de-er-plassert-hvorfor-og-hvordan-skikken-ble-fodt\/\"]}]},{\"@type\":\"ImageObject\",\"inLanguage\":\"nb-NO\",\"@id\":\"https:\/\/nordnesrepublikken.no\/index.php\/2025\/11\/06\/hvor-de-er-plassert-hvorfor-og-hvordan-skikken-ble-fodt\/#primaryimage\",\"url\":\"https:\/\/nordnesrepublikken.no\/wp-content\/uploads\/2025\/11\/1762422723_hvor-de-er-plassert-hvorfor-og-hvordan-skikken-ble-fodt.jpg\",\"contentUrl\":\"https:\/\/nordnesrepublikken.no\/wp-content\/uploads\/2025\/11\/1762422723_hvor-de-er-plassert-hvorfor-og-hvordan-skikken-ble-fodt.jpg\",\"width\":2121,\"height\":1414,\"caption\":\"hvor de er plassert, hvorfor og hvordan skikken ble f\u00f8dt\"},{\"@type\":\"BreadcrumbList\",\"@id\":\"https:\/\/nordnesrepublikken.no\/index.php\/2025\/11\/06\/hvor-de-er-plassert-hvorfor-og-hvordan-skikken-ble-fodt\/#breadcrumb\",\"itemListElement\":[{\"@type\":\"ListItem\",\"position\":1,\"name\":\"Home\",\"item\":\"https:\/\/nordnesrepublikken.no\/\"},{\"@type\":\"ListItem\",\"position\":2,\"name\":\"hvor de er plassert, hvorfor og hvordan skikken ble f\u00f8dt\"}]},{\"@type\":\"WebSite\",\"@id\":\"https:\/\/nordnesrepublikken.no\/#website\",\"url\":\"https:\/\/nordnesrepublikken.no\/\",\"name\":\"Nordnesrepublikken\",\"description\":\"Stemmer og Visjoner fra Republikkens Hjerte\",\"publisher\":{\"@id\":\"https:\/\/nordnesrepublikken.no\/#organization\"},\"potentialAction\":[{\"@type\":\"SearchAction\",\"target\":{\"@type\":\"EntryPoint\",\"urlTemplate\":\"https:\/\/nordnesrepublikken.no\/?s={search_term_string}\"},\"query-input\":{\"@type\":\"PropertyValueSpecification\",\"valueRequired\":true,\"valueName\":\"search_term_string\"}}],\"inLanguage\":\"nb-NO\"},{\"@type\":\"Organization\",\"@id\":\"https:\/\/nordnesrepublikken.no\/#organization\",\"name\":\"Nordnesrepublikken\",\"url\":\"https:\/\/nordnesrepublikken.no\/\",\"logo\":{\"@type\":\"ImageObject\",\"inLanguage\":\"nb-NO\",\"@id\":\"https:\/\/nordnesrepublikken.no\/#\/schema\/logo\/image\/\",\"url\":\"https:\/\/nordnesrepublikken.no\/wp-content\/uploads\/2025\/02\/cropped-nordnesrepublikken-2.png\",\"contentUrl\":\"https:\/\/nordnesrepublikken.no\/wp-content\/uploads\/2025\/02\/cropped-nordnesrepublikken-2.png\",\"width\":1248,\"height\":362,\"caption\":\"Nordnesrepublikken\"},\"image\":{\"@id\":\"https:\/\/nordnesrepublikken.no\/#\/schema\/logo\/image\/\"}},{\"@type\":\"Person\",\"@id\":\"https:\/\/nordnesrepublikken.no\/#\/schema\/person\/2e7e81935bab77882fffb79296240ff1\",\"name\":\"Ole Andersen\",\"image\":{\"@type\":\"ImageObject\",\"inLanguage\":\"nb-NO\",\"@id\":\"https:\/\/nordnesrepublikken.no\/#\/schema\/person\/image\/\",\"url\":\"https:\/\/nordnesrepublikken.no\/wp-content\/uploads\/2025\/02\/nordnesrepublikken-2-2-150x150.jpg\",\"contentUrl\":\"https:\/\/nordnesrepublikken.no\/wp-content\/uploads\/2025\/02\/nordnesrepublikken-2-2-150x150.jpg\",\"caption\":\"Ole Andersen\"},\"description\":\"Ettersom jeg vokste opp i Oslo, har jeg alltid v\u00e6rt fascinert av ordenes kraft og deres evne til \u00e5 skape endringer. Etter \u00e5 ha fullf\u00f8rt min utdannelse i kommunikasjon ved Universitetet i Bergen, fikk jeg muligheten til \u00e5 jobbe innen ulike medier, der jeg har s\u00f8kt \u00e5 belyse viktige samfunnssp\u00f8rsm\u00e5l. I dag, som redakt\u00f8r for Nordnesrepublikken, pr\u00f8ver jeg \u00e5 forene min kj\u00e6rlighet for journalistikk med min lidenskap for innovasjon og eventyr.\",\"sameAs\":[\"https:\/\/nordnesrepublikken.no\/\"]}]}<\/script>\n<!-- \/ Yoast SEO plugin. -->","yoast_head_json":{"title":"hvor de er plassert, hvorfor og hvordan skikken ble f\u00f8dt - Nordnesrepublikken","robots":{"index":"index","follow":"follow","max-snippet":"max-snippet:-1","max-image-preview":"max-image-preview:large","max-video-preview":"max-video-preview:-1"},"canonical":"https:\/\/nordnesrepublikken.no\/index.php\/2025\/11\/06\/hvor-de-er-plassert-hvorfor-og-hvordan-skikken-ble-fodt\/","og_locale":"nb_NO","og_type":"article","og_title":"hvor de er plassert, hvorfor og hvordan skikken ble f\u00f8dt - Nordnesrepublikken","og_description":"Hengel\u00e5sen har eksistert siden antikken symbol p\u00e5 l\u00f8fte og dedikasjonog i Italia ble skikken med","og_url":"https:\/\/nordnesrepublikken.no\/index.php\/2025\/11\/06\/hvor-de-er-plassert-hvorfor-og-hvordan-skikken-ble-fodt\/","og_site_name":"Nordnesrepublikken","article_published_time":"2025-11-06T09:52:02+00:00","article_modified_time":"2025-11-06T09:52:08+00:00","og_image":[{"width":2121,"height":1414,"url":"https:\/\/nordnesrepublikken.no\/wp-content\/uploads\/2025\/11\/1762422723_hvor-de-er-plassert-hvorfor-og-hvordan-skikken-ble-fodt.jpg","type":"image\/jpeg"}],"author":"Ole Andersen","twitter_card":"summary_large_image","twitter_misc":{"Skrevet av":"Ole Andersen","Ansl. lesetid":"5 minutter"},"schema":{"@context":"https:\/\/schema.org","@graph":[{"@type":"Article","@id":"https:\/\/nordnesrepublikken.no\/index.php\/2025\/11\/06\/hvor-de-er-plassert-hvorfor-og-hvordan-skikken-ble-fodt\/#article","isPartOf":{"@id":"https:\/\/nordnesrepublikken.no\/index.php\/2025\/11\/06\/hvor-de-er-plassert-hvorfor-og-hvordan-skikken-ble-fodt\/"},"author":{"name":"Ole Andersen","@id":"https:\/\/nordnesrepublikken.no\/#\/schema\/person\/2e7e81935bab77882fffb79296240ff1"},"headline":"hvor de er plassert, hvorfor og hvordan skikken ble f\u00f8dt","datePublished":"2025-11-06T09:52:02+00:00","dateModified":"2025-11-06T09:52:08+00:00","mainEntityOfPage":{"@id":"https:\/\/nordnesrepublikken.no\/index.php\/2025\/11\/06\/hvor-de-er-plassert-hvorfor-og-hvordan-skikken-ble-fodt\/"},"wordCount":944,"publisher":{"@id":"https:\/\/nordnesrepublikken.no\/#organization"},"image":{"@id":"https:\/\/nordnesrepublikken.no\/index.php\/2025\/11\/06\/hvor-de-er-plassert-hvorfor-og-hvordan-skikken-ble-fodt\/#primaryimage"},"thumbnailUrl":"https:\/\/nordnesrepublikken.no\/wp-content\/uploads\/2025\/11\/1762422723_hvor-de-er-plassert-hvorfor-og-hvordan-skikken-ble-fodt.jpg","keywords":["ble","f\u00f8dt","hvor","Hvordan","hvorfor","plassert","skikken"],"articleSection":["Samfunn"],"inLanguage":"nb-NO"},{"@type":"WebPage","@id":"https:\/\/nordnesrepublikken.no\/index.php\/2025\/11\/06\/hvor-de-er-plassert-hvorfor-og-hvordan-skikken-ble-fodt\/","url":"https:\/\/nordnesrepublikken.no\/index.php\/2025\/11\/06\/hvor-de-er-plassert-hvorfor-og-hvordan-skikken-ble-fodt\/","name":"hvor de er plassert, hvorfor og hvordan skikken ble f\u00f8dt - Nordnesrepublikken","isPartOf":{"@id":"https:\/\/nordnesrepublikken.no\/#website"},"primaryImageOfPage":{"@id":"https:\/\/nordnesrepublikken.no\/index.php\/2025\/11\/06\/hvor-de-er-plassert-hvorfor-og-hvordan-skikken-ble-fodt\/#primaryimage"},"image":{"@id":"https:\/\/nordnesrepublikken.no\/index.php\/2025\/11\/06\/hvor-de-er-plassert-hvorfor-og-hvordan-skikken-ble-fodt\/#primaryimage"},"thumbnailUrl":"https:\/\/nordnesrepublikken.no\/wp-content\/uploads\/2025\/11\/1762422723_hvor-de-er-plassert-hvorfor-og-hvordan-skikken-ble-fodt.jpg","datePublished":"2025-11-06T09:52:02+00:00","dateModified":"2025-11-06T09:52:08+00:00","breadcrumb":{"@id":"https:\/\/nordnesrepublikken.no\/index.php\/2025\/11\/06\/hvor-de-er-plassert-hvorfor-og-hvordan-skikken-ble-fodt\/#breadcrumb"},"inLanguage":"nb-NO","potentialAction":[{"@type":"ReadAction","target":["https:\/\/nordnesrepublikken.no\/index.php\/2025\/11\/06\/hvor-de-er-plassert-hvorfor-og-hvordan-skikken-ble-fodt\/"]}]},{"@type":"ImageObject","inLanguage":"nb-NO","@id":"https:\/\/nordnesrepublikken.no\/index.php\/2025\/11\/06\/hvor-de-er-plassert-hvorfor-og-hvordan-skikken-ble-fodt\/#primaryimage","url":"https:\/\/nordnesrepublikken.no\/wp-content\/uploads\/2025\/11\/1762422723_hvor-de-er-plassert-hvorfor-og-hvordan-skikken-ble-fodt.jpg","contentUrl":"https:\/\/nordnesrepublikken.no\/wp-content\/uploads\/2025\/11\/1762422723_hvor-de-er-plassert-hvorfor-og-hvordan-skikken-ble-fodt.jpg","width":2121,"height":1414,"caption":"hvor de er plassert, hvorfor og hvordan skikken ble f\u00f8dt"},{"@type":"BreadcrumbList","@id":"https:\/\/nordnesrepublikken.no\/index.php\/2025\/11\/06\/hvor-de-er-plassert-hvorfor-og-hvordan-skikken-ble-fodt\/#breadcrumb","itemListElement":[{"@type":"ListItem","position":1,"name":"Home","item":"https:\/\/nordnesrepublikken.no\/"},{"@type":"ListItem","position":2,"name":"hvor de er plassert, hvorfor og hvordan skikken ble f\u00f8dt"}]},{"@type":"WebSite","@id":"https:\/\/nordnesrepublikken.no\/#website","url":"https:\/\/nordnesrepublikken.no\/","name":"Nordnesrepublikken","description":"Stemmer og Visjoner fra Republikkens Hjerte","publisher":{"@id":"https:\/\/nordnesrepublikken.no\/#organization"},"potentialAction":[{"@type":"SearchAction","target":{"@type":"EntryPoint","urlTemplate":"https:\/\/nordnesrepublikken.no\/?s={search_term_string}"},"query-input":{"@type":"PropertyValueSpecification","valueRequired":true,"valueName":"search_term_string"}}],"inLanguage":"nb-NO"},{"@type":"Organization","@id":"https:\/\/nordnesrepublikken.no\/#organization","name":"Nordnesrepublikken","url":"https:\/\/nordnesrepublikken.no\/","logo":{"@type":"ImageObject","inLanguage":"nb-NO","@id":"https:\/\/nordnesrepublikken.no\/#\/schema\/logo\/image\/","url":"https:\/\/nordnesrepublikken.no\/wp-content\/uploads\/2025\/02\/cropped-nordnesrepublikken-2.png","contentUrl":"https:\/\/nordnesrepublikken.no\/wp-content\/uploads\/2025\/02\/cropped-nordnesrepublikken-2.png","width":1248,"height":362,"caption":"Nordnesrepublikken"},"image":{"@id":"https:\/\/nordnesrepublikken.no\/#\/schema\/logo\/image\/"}},{"@type":"Person","@id":"https:\/\/nordnesrepublikken.no\/#\/schema\/person\/2e7e81935bab77882fffb79296240ff1","name":"Ole Andersen","image":{"@type":"ImageObject","inLanguage":"nb-NO","@id":"https:\/\/nordnesrepublikken.no\/#\/schema\/person\/image\/","url":"https:\/\/nordnesrepublikken.no\/wp-content\/uploads\/2025\/02\/nordnesrepublikken-2-2-150x150.jpg","contentUrl":"https:\/\/nordnesrepublikken.no\/wp-content\/uploads\/2025\/02\/nordnesrepublikken-2-2-150x150.jpg","caption":"Ole Andersen"},"description":"Ettersom jeg vokste opp i Oslo, har jeg alltid v\u00e6rt fascinert av ordenes kraft og deres evne til \u00e5 skape endringer. Etter \u00e5 ha fullf\u00f8rt min utdannelse i kommunikasjon ved Universitetet i Bergen, fikk jeg muligheten til \u00e5 jobbe innen ulike medier, der jeg har s\u00f8kt \u00e5 belyse viktige samfunnssp\u00f8rsm\u00e5l. I dag, som redakt\u00f8r for Nordnesrepublikken, pr\u00f8ver jeg \u00e5 forene min kj\u00e6rlighet for journalistikk med min lidenskap for innovasjon og eventyr.","sameAs":["https:\/\/nordnesrepublikken.no\/"]}]}},"_links":{"self":[{"href":"https:\/\/nordnesrepublikken.no\/index.php\/wp-json\/wp\/v2\/posts\/11392","targetHints":{"allow":["GET"]}}],"collection":[{"href":"https:\/\/nordnesrepublikken.no\/index.php\/wp-json\/wp\/v2\/posts"}],"about":[{"href":"https:\/\/nordnesrepublikken.no\/index.php\/wp-json\/wp\/v2\/types\/post"}],"author":[{"embeddable":true,"href":"https:\/\/nordnesrepublikken.no\/index.php\/wp-json\/wp\/v2\/users\/1"}],"replies":[{"embeddable":true,"href":"https:\/\/nordnesrepublikken.no\/index.php\/wp-json\/wp\/v2\/comments?post=11392"}],"version-history":[{"count":1,"href":"https:\/\/nordnesrepublikken.no\/index.php\/wp-json\/wp\/v2\/posts\/11392\/revisions"}],"predecessor-version":[{"id":11394,"href":"https:\/\/nordnesrepublikken.no\/index.php\/wp-json\/wp\/v2\/posts\/11392\/revisions\/11394"}],"wp:featuredmedia":[{"embeddable":true,"href":"https:\/\/nordnesrepublikken.no\/index.php\/wp-json\/wp\/v2\/media\/11393"}],"wp:attachment":[{"href":"https:\/\/nordnesrepublikken.no\/index.php\/wp-json\/wp\/v2\/media?parent=11392"}],"wp:term":[{"taxonomy":"category","embeddable":true,"href":"https:\/\/nordnesrepublikken.no\/index.php\/wp-json\/wp\/v2\/categories?post=11392"},{"taxonomy":"post_tag","embeddable":true,"href":"https:\/\/nordnesrepublikken.no\/index.php\/wp-json\/wp\/v2\/tags?post=11392"}],"curies":[{"name":"wp","href":"https:\/\/api.w.org\/{rel}","templated":true}]}}