{"id":11362,"date":"2025-11-05T13:50:57","date_gmt":"2025-11-05T12:50:57","guid":{"rendered":"https:\/\/nordnesrepublikken.no\/index.php\/2025\/11\/05\/minst-7-dode-og-11-skadde\/"},"modified":"2025-11-05T13:50:58","modified_gmt":"2025-11-05T12:50:58","slug":"minst-7-dode-og-11-skadde","status":"publish","type":"post","link":"https:\/\/nordnesrepublikken.no\/index.php\/2025\/11\/05\/minst-7-dode-og-11-skadde\/","title":{"rendered":"minst 7 d\u00f8de og 11 skadde"},"content":{"rendered":"<div>\n<div class=\"cp_wrapper cp_wrapper--fw mb-30 mb-20@tablet\">\n<figure class=\"mm\"><picture class=\"img\" style=\"padding-top:56.25%\"><source  media=\"(min-width: 1024px)\"><source  media=\"(min-width: 768px)\"><\/source><\/source><\/picture><\/figure>\n<\/p><\/div>\n<p>EN <strong>UPS lastefly<\/strong>det amerikanske internasjonale transport- og rederiet, styrtet tirsdag 4. november om ettermiddagen kort tid etter avgang fra flyplassen i <strong>Louisville<\/strong>i <strong>Kentucky<\/strong>. Ulykken f\u00f8rte til at minst 7 personer d\u00f8de (3 besetningsmedlemmer og 4 personer p\u00e5 bakken) og skadet 11 andre, men tallene kan \u00f8ke under redningsfasen. Flyet traff to selskaper &#8211; ett for oljegjenvinning og ett for bildeler &#8211; i industriomr\u00e5det n\u00e6r flyplassen &laquo;Muhammad Ali&raquo;, og for\u00e5rsaket en enorm brann, som ble slukket etter flere timer av redningsmenn. NTSB (<em>National Transportation Safety Board<\/em>) har satt i gang en unders\u00f8kelse for \u00e5 avklare \u00e5rsakene.<\/p>\n<p>UPS Flight 2976, etter \u00e5 ha tatt av mot <strong>Honolulu<\/strong> (Hawaii) klokken 17.14 lokal tid og etter \u00e5 ha n\u00e5dd en h\u00f8yde p\u00e5 bare 53 meter, begynte den en rask nedstigning til den styrtet ut p\u00e5 rullebanen i 184 knop iht. <em>FlightRadar<\/em>ca <strong>340 km\/t<\/strong>. Det var en <strong>McDonnell Douglas MD-11<\/strong> 34 \u00e5r gammel, et tremotors lavvinget jetfly som m\u00e5ler 61,2 meter langt, 17,6 meter h\u00f8yt med et vingespenn p\u00e5 51,8 meter. Det er forel\u00f8pig ikke klart om lasten som ble transportert inkluderte farlig materiale. Driften av det internasjonale knutepunktet har blitt avbrutt, med forsinkelser og kanselleringer ogs\u00e5 for i dag, onsdag 5. november, som kommunisert i et notat fra flyplassen selv.<\/p>\n<div class=\"cp_wrapper cp_wrapper--fw mb-50\">\n<figure class=\"mm\"><picture class=\"img\" style=\"padding-top:75%\"><source  media=\"(min-width: 1024px)\"><source  media=\"(min-width: 768px)\"><img decoding=\"async\" loading=\"lazy\" src=\"https:\/\/nordnesrepublikken.no\/wp-content\/uploads\/2025\/11\/minst-7-dode-og-11-skadde.jpg\" alt=\"McDonnell_Douglas_MD-11(F),_United_Parcel_Service_(UPS)_JP7361182\" width=\"1024\" height=\"768\"\/><\/source><\/source><\/picture><\/figure>\n<\/p><\/div>\n<p>En video skutt fra bakken viser <strong>venstre halvvinge av flyet ble oppslukt av flammer<\/strong> umiddelbart etter start, noe som indikerer en katastrofal hendelse tidlig i flyturen. EN <strong>motor<\/strong>identifisert som venstre vinge, ble funnet p\u00e5 rullebanen (bildet nedenfor), noe som tyder p\u00e5 en mulig strukturell feil eller eksplosjon kort tid etter start.<\/p>\n<div class=\"cp_wrapper cp_wrapper--fw mb-50\">\n<figure class=\"mm\"><picture class=\"img\" style=\"padding-top:75.089605734767%\"><source  media=\"(min-width: 1024px)\"><source  media=\"(min-width: 768px)\"><img decoding=\"async\" loading=\"lazy\" src=\"https:\/\/nordnesrepublikken.no\/wp-content\/uploads\/2025\/11\/1762347057_786_minst-7-dode-og-11-skadde.jpeg\" alt=\"kentucky flymotor\" width=\"1116\" height=\"838\" class=\"js-seedtag-img\"\/><\/source><\/source><\/picture><\/figure>\n<\/p><\/div>\n<p>Ovenfra er bare \u00e9n synlig <strong>rykende krater<\/strong> og spredte rester. Drivstoffet om bord, n\u00f8dvendig for \u00e5tte timers flytur, skapte sannsynligvis den voldsomme brannen som fulgte etter krasjet.<\/p>\n<p>McDonnell Douglas MD-11-ene, brukt utelukkende som lastefly siden 2014 og ikke lenger til passasjertransport, har v\u00e6rt involvert i flere ulykker opp gjennom \u00e5rene. \u00c5tte av disse f\u00f8rte til \u00f8deleggelse av flyet og seks for\u00e5rsaket skader. Den siste alvorlige ulykken skjedde i Riyadh, Saudi-Arabia, i 2010, og den siste med d\u00f8dsulykker i 2009.<\/p>\n<\/p><\/div>\n","protected":false},"excerpt":{"rendered":"<p>EN UPS lasteflydet amerikanske internasjonale transport- og rederiet, styrtet tirsdag 4. november om ettermiddagen kort<\/p>\n","protected":false},"author":1,"featured_media":11363,"comment_status":"closed","ping_status":"open","sticky":false,"template":"","format":"standard","meta":{"footnotes":""},"categories":[104],"tags":[2470,1536,675],"class_list":["post-11362","post","type-post","status-publish","format-standard","has-post-thumbnail","hentry","category-samfunn","tag-dode","tag-minst","tag-skadde","generate-columns","tablet-grid-50","mobile-grid-100","grid-parent","grid-33","resize-featured-image"],"yoast_head":"<!-- This site is optimized with the Yoast SEO plugin v24.4 - https:\/\/yoast.com\/wordpress\/plugins\/seo\/ -->\n<title>minst 7 d\u00f8de og 11 skadde - Nordnesrepublikken<\/title>\n<meta name=\"robots\" content=\"index, follow, max-snippet:-1, max-image-preview:large, max-video-preview:-1\" \/>\n<link rel=\"canonical\" href=\"https:\/\/nordnesrepublikken.no\/index.php\/2025\/11\/05\/minst-7-dode-og-11-skadde\/\" \/>\n<meta property=\"og:locale\" content=\"nb_NO\" \/>\n<meta property=\"og:type\" content=\"article\" \/>\n<meta property=\"og:title\" content=\"minst 7 d\u00f8de og 11 skadde - Nordnesrepublikken\" \/>\n<meta property=\"og:description\" content=\"EN UPS lasteflydet amerikanske internasjonale transport- og rederiet, styrtet tirsdag 4. november om ettermiddagen kort\" \/>\n<meta property=\"og:url\" content=\"https:\/\/nordnesrepublikken.no\/index.php\/2025\/11\/05\/minst-7-dode-og-11-skadde\/\" \/>\n<meta property=\"og:site_name\" content=\"Nordnesrepublikken\" \/>\n<meta property=\"article:published_time\" content=\"2025-11-05T12:50:57+00:00\" \/>\n<meta property=\"article:modified_time\" content=\"2025-11-05T12:50:58+00:00\" \/>\n<meta property=\"og:image\" content=\"https:\/\/nordnesrepublikken.no\/wp-content\/uploads\/2025\/11\/1762347058_minst-7-dode-og-11-skadde.jpeg\" \/>\n\t<meta property=\"og:image:width\" content=\"679\" \/>\n\t<meta property=\"og:image:height\" content=\"394\" \/>\n\t<meta property=\"og:image:type\" content=\"image\/jpeg\" \/>\n<meta name=\"author\" content=\"Ole Andersen\" \/>\n<meta name=\"twitter:card\" content=\"summary_large_image\" \/>\n<meta name=\"twitter:label1\" content=\"Skrevet av\" \/>\n\t<meta name=\"twitter:data1\" content=\"Ole Andersen\" \/>\n\t<meta name=\"twitter:label2\" content=\"Ansl. lesetid\" \/>\n\t<meta name=\"twitter:data2\" content=\"2 minutter\" \/>\n<script type=\"application\/ld+json\" class=\"yoast-schema-graph\">{\"@context\":\"https:\/\/schema.org\",\"@graph\":[{\"@type\":\"Article\",\"@id\":\"https:\/\/nordnesrepublikken.no\/index.php\/2025\/11\/05\/minst-7-dode-og-11-skadde\/#article\",\"isPartOf\":{\"@id\":\"https:\/\/nordnesrepublikken.no\/index.php\/2025\/11\/05\/minst-7-dode-og-11-skadde\/\"},\"author\":{\"name\":\"Ole Andersen\",\"@id\":\"https:\/\/nordnesrepublikken.no\/#\/schema\/person\/2e7e81935bab77882fffb79296240ff1\"},\"headline\":\"minst 7 d\u00f8de og 11 skadde\",\"datePublished\":\"2025-11-05T12:50:57+00:00\",\"dateModified\":\"2025-11-05T12:50:58+00:00\",\"mainEntityOfPage\":{\"@id\":\"https:\/\/nordnesrepublikken.no\/index.php\/2025\/11\/05\/minst-7-dode-og-11-skadde\/\"},\"wordCount\":338,\"publisher\":{\"@id\":\"https:\/\/nordnesrepublikken.no\/#organization\"},\"image\":{\"@id\":\"https:\/\/nordnesrepublikken.no\/index.php\/2025\/11\/05\/minst-7-dode-og-11-skadde\/#primaryimage\"},\"thumbnailUrl\":\"https:\/\/nordnesrepublikken.no\/wp-content\/uploads\/2025\/11\/1762347058_minst-7-dode-og-11-skadde.jpeg\",\"keywords\":[\"d\u00f8de\",\"minst\",\"skadde\"],\"articleSection\":[\"Samfunn\"],\"inLanguage\":\"nb-NO\"},{\"@type\":\"WebPage\",\"@id\":\"https:\/\/nordnesrepublikken.no\/index.php\/2025\/11\/05\/minst-7-dode-og-11-skadde\/\",\"url\":\"https:\/\/nordnesrepublikken.no\/index.php\/2025\/11\/05\/minst-7-dode-og-11-skadde\/\",\"name\":\"minst 7 d\u00f8de og 11 skadde - Nordnesrepublikken\",\"isPartOf\":{\"@id\":\"https:\/\/nordnesrepublikken.no\/#website\"},\"primaryImageOfPage\":{\"@id\":\"https:\/\/nordnesrepublikken.no\/index.php\/2025\/11\/05\/minst-7-dode-og-11-skadde\/#primaryimage\"},\"image\":{\"@id\":\"https:\/\/nordnesrepublikken.no\/index.php\/2025\/11\/05\/minst-7-dode-og-11-skadde\/#primaryimage\"},\"thumbnailUrl\":\"https:\/\/nordnesrepublikken.no\/wp-content\/uploads\/2025\/11\/1762347058_minst-7-dode-og-11-skadde.jpeg\",\"datePublished\":\"2025-11-05T12:50:57+00:00\",\"dateModified\":\"2025-11-05T12:50:58+00:00\",\"breadcrumb\":{\"@id\":\"https:\/\/nordnesrepublikken.no\/index.php\/2025\/11\/05\/minst-7-dode-og-11-skadde\/#breadcrumb\"},\"inLanguage\":\"nb-NO\",\"potentialAction\":[{\"@type\":\"ReadAction\",\"target\":[\"https:\/\/nordnesrepublikken.no\/index.php\/2025\/11\/05\/minst-7-dode-og-11-skadde\/\"]}]},{\"@type\":\"ImageObject\",\"inLanguage\":\"nb-NO\",\"@id\":\"https:\/\/nordnesrepublikken.no\/index.php\/2025\/11\/05\/minst-7-dode-og-11-skadde\/#primaryimage\",\"url\":\"https:\/\/nordnesrepublikken.no\/wp-content\/uploads\/2025\/11\/1762347058_minst-7-dode-og-11-skadde.jpeg\",\"contentUrl\":\"https:\/\/nordnesrepublikken.no\/wp-content\/uploads\/2025\/11\/1762347058_minst-7-dode-og-11-skadde.jpeg\",\"width\":679,\"height\":394,\"caption\":\"minst 7 d\u00f8de og 11 skadde\"},{\"@type\":\"BreadcrumbList\",\"@id\":\"https:\/\/nordnesrepublikken.no\/index.php\/2025\/11\/05\/minst-7-dode-og-11-skadde\/#breadcrumb\",\"itemListElement\":[{\"@type\":\"ListItem\",\"position\":1,\"name\":\"Home\",\"item\":\"https:\/\/nordnesrepublikken.no\/\"},{\"@type\":\"ListItem\",\"position\":2,\"name\":\"minst 7 d\u00f8de og 11 skadde\"}]},{\"@type\":\"WebSite\",\"@id\":\"https:\/\/nordnesrepublikken.no\/#website\",\"url\":\"https:\/\/nordnesrepublikken.no\/\",\"name\":\"Nordnesrepublikken\",\"description\":\"Stemmer og Visjoner fra Republikkens Hjerte\",\"publisher\":{\"@id\":\"https:\/\/nordnesrepublikken.no\/#organization\"},\"potentialAction\":[{\"@type\":\"SearchAction\",\"target\":{\"@type\":\"EntryPoint\",\"urlTemplate\":\"https:\/\/nordnesrepublikken.no\/?s={search_term_string}\"},\"query-input\":{\"@type\":\"PropertyValueSpecification\",\"valueRequired\":true,\"valueName\":\"search_term_string\"}}],\"inLanguage\":\"nb-NO\"},{\"@type\":\"Organization\",\"@id\":\"https:\/\/nordnesrepublikken.no\/#organization\",\"name\":\"Nordnesrepublikken\",\"url\":\"https:\/\/nordnesrepublikken.no\/\",\"logo\":{\"@type\":\"ImageObject\",\"inLanguage\":\"nb-NO\",\"@id\":\"https:\/\/nordnesrepublikken.no\/#\/schema\/logo\/image\/\",\"url\":\"https:\/\/nordnesrepublikken.no\/wp-content\/uploads\/2025\/02\/cropped-nordnesrepublikken-2.png\",\"contentUrl\":\"https:\/\/nordnesrepublikken.no\/wp-content\/uploads\/2025\/02\/cropped-nordnesrepublikken-2.png\",\"width\":1248,\"height\":362,\"caption\":\"Nordnesrepublikken\"},\"image\":{\"@id\":\"https:\/\/nordnesrepublikken.no\/#\/schema\/logo\/image\/\"}},{\"@type\":\"Person\",\"@id\":\"https:\/\/nordnesrepublikken.no\/#\/schema\/person\/2e7e81935bab77882fffb79296240ff1\",\"name\":\"Ole Andersen\",\"image\":{\"@type\":\"ImageObject\",\"inLanguage\":\"nb-NO\",\"@id\":\"https:\/\/nordnesrepublikken.no\/#\/schema\/person\/image\/\",\"url\":\"https:\/\/nordnesrepublikken.no\/wp-content\/uploads\/2025\/02\/nordnesrepublikken-2-2-150x150.jpg\",\"contentUrl\":\"https:\/\/nordnesrepublikken.no\/wp-content\/uploads\/2025\/02\/nordnesrepublikken-2-2-150x150.jpg\",\"caption\":\"Ole Andersen\"},\"description\":\"Ettersom jeg vokste opp i Oslo, har jeg alltid v\u00e6rt fascinert av ordenes kraft og deres evne til \u00e5 skape endringer. Etter \u00e5 ha fullf\u00f8rt min utdannelse i kommunikasjon ved Universitetet i Bergen, fikk jeg muligheten til \u00e5 jobbe innen ulike medier, der jeg har s\u00f8kt \u00e5 belyse viktige samfunnssp\u00f8rsm\u00e5l. I dag, som redakt\u00f8r for Nordnesrepublikken, pr\u00f8ver jeg \u00e5 forene min kj\u00e6rlighet for journalistikk med min lidenskap for innovasjon og eventyr.\",\"sameAs\":[\"https:\/\/nordnesrepublikken.no\/\"]}]}<\/script>\n<!-- \/ Yoast SEO plugin. -->","yoast_head_json":{"title":"minst 7 d\u00f8de og 11 skadde - Nordnesrepublikken","robots":{"index":"index","follow":"follow","max-snippet":"max-snippet:-1","max-image-preview":"max-image-preview:large","max-video-preview":"max-video-preview:-1"},"canonical":"https:\/\/nordnesrepublikken.no\/index.php\/2025\/11\/05\/minst-7-dode-og-11-skadde\/","og_locale":"nb_NO","og_type":"article","og_title":"minst 7 d\u00f8de og 11 skadde - Nordnesrepublikken","og_description":"EN UPS lasteflydet amerikanske internasjonale transport- og rederiet, styrtet tirsdag 4. november om ettermiddagen kort","og_url":"https:\/\/nordnesrepublikken.no\/index.php\/2025\/11\/05\/minst-7-dode-og-11-skadde\/","og_site_name":"Nordnesrepublikken","article_published_time":"2025-11-05T12:50:57+00:00","article_modified_time":"2025-11-05T12:50:58+00:00","og_image":[{"width":679,"height":394,"url":"https:\/\/nordnesrepublikken.no\/wp-content\/uploads\/2025\/11\/1762347058_minst-7-dode-og-11-skadde.jpeg","type":"image\/jpeg"}],"author":"Ole Andersen","twitter_card":"summary_large_image","twitter_misc":{"Skrevet av":"Ole Andersen","Ansl. lesetid":"2 minutter"},"schema":{"@context":"https:\/\/schema.org","@graph":[{"@type":"Article","@id":"https:\/\/nordnesrepublikken.no\/index.php\/2025\/11\/05\/minst-7-dode-og-11-skadde\/#article","isPartOf":{"@id":"https:\/\/nordnesrepublikken.no\/index.php\/2025\/11\/05\/minst-7-dode-og-11-skadde\/"},"author":{"name":"Ole Andersen","@id":"https:\/\/nordnesrepublikken.no\/#\/schema\/person\/2e7e81935bab77882fffb79296240ff1"},"headline":"minst 7 d\u00f8de og 11 skadde","datePublished":"2025-11-05T12:50:57+00:00","dateModified":"2025-11-05T12:50:58+00:00","mainEntityOfPage":{"@id":"https:\/\/nordnesrepublikken.no\/index.php\/2025\/11\/05\/minst-7-dode-og-11-skadde\/"},"wordCount":338,"publisher":{"@id":"https:\/\/nordnesrepublikken.no\/#organization"},"image":{"@id":"https:\/\/nordnesrepublikken.no\/index.php\/2025\/11\/05\/minst-7-dode-og-11-skadde\/#primaryimage"},"thumbnailUrl":"https:\/\/nordnesrepublikken.no\/wp-content\/uploads\/2025\/11\/1762347058_minst-7-dode-og-11-skadde.jpeg","keywords":["d\u00f8de","minst","skadde"],"articleSection":["Samfunn"],"inLanguage":"nb-NO"},{"@type":"WebPage","@id":"https:\/\/nordnesrepublikken.no\/index.php\/2025\/11\/05\/minst-7-dode-og-11-skadde\/","url":"https:\/\/nordnesrepublikken.no\/index.php\/2025\/11\/05\/minst-7-dode-og-11-skadde\/","name":"minst 7 d\u00f8de og 11 skadde - Nordnesrepublikken","isPartOf":{"@id":"https:\/\/nordnesrepublikken.no\/#website"},"primaryImageOfPage":{"@id":"https:\/\/nordnesrepublikken.no\/index.php\/2025\/11\/05\/minst-7-dode-og-11-skadde\/#primaryimage"},"image":{"@id":"https:\/\/nordnesrepublikken.no\/index.php\/2025\/11\/05\/minst-7-dode-og-11-skadde\/#primaryimage"},"thumbnailUrl":"https:\/\/nordnesrepublikken.no\/wp-content\/uploads\/2025\/11\/1762347058_minst-7-dode-og-11-skadde.jpeg","datePublished":"2025-11-05T12:50:57+00:00","dateModified":"2025-11-05T12:50:58+00:00","breadcrumb":{"@id":"https:\/\/nordnesrepublikken.no\/index.php\/2025\/11\/05\/minst-7-dode-og-11-skadde\/#breadcrumb"},"inLanguage":"nb-NO","potentialAction":[{"@type":"ReadAction","target":["https:\/\/nordnesrepublikken.no\/index.php\/2025\/11\/05\/minst-7-dode-og-11-skadde\/"]}]},{"@type":"ImageObject","inLanguage":"nb-NO","@id":"https:\/\/nordnesrepublikken.no\/index.php\/2025\/11\/05\/minst-7-dode-og-11-skadde\/#primaryimage","url":"https:\/\/nordnesrepublikken.no\/wp-content\/uploads\/2025\/11\/1762347058_minst-7-dode-og-11-skadde.jpeg","contentUrl":"https:\/\/nordnesrepublikken.no\/wp-content\/uploads\/2025\/11\/1762347058_minst-7-dode-og-11-skadde.jpeg","width":679,"height":394,"caption":"minst 7 d\u00f8de og 11 skadde"},{"@type":"BreadcrumbList","@id":"https:\/\/nordnesrepublikken.no\/index.php\/2025\/11\/05\/minst-7-dode-og-11-skadde\/#breadcrumb","itemListElement":[{"@type":"ListItem","position":1,"name":"Home","item":"https:\/\/nordnesrepublikken.no\/"},{"@type":"ListItem","position":2,"name":"minst 7 d\u00f8de og 11 skadde"}]},{"@type":"WebSite","@id":"https:\/\/nordnesrepublikken.no\/#website","url":"https:\/\/nordnesrepublikken.no\/","name":"Nordnesrepublikken","description":"Stemmer og Visjoner fra Republikkens Hjerte","publisher":{"@id":"https:\/\/nordnesrepublikken.no\/#organization"},"potentialAction":[{"@type":"SearchAction","target":{"@type":"EntryPoint","urlTemplate":"https:\/\/nordnesrepublikken.no\/?s={search_term_string}"},"query-input":{"@type":"PropertyValueSpecification","valueRequired":true,"valueName":"search_term_string"}}],"inLanguage":"nb-NO"},{"@type":"Organization","@id":"https:\/\/nordnesrepublikken.no\/#organization","name":"Nordnesrepublikken","url":"https:\/\/nordnesrepublikken.no\/","logo":{"@type":"ImageObject","inLanguage":"nb-NO","@id":"https:\/\/nordnesrepublikken.no\/#\/schema\/logo\/image\/","url":"https:\/\/nordnesrepublikken.no\/wp-content\/uploads\/2025\/02\/cropped-nordnesrepublikken-2.png","contentUrl":"https:\/\/nordnesrepublikken.no\/wp-content\/uploads\/2025\/02\/cropped-nordnesrepublikken-2.png","width":1248,"height":362,"caption":"Nordnesrepublikken"},"image":{"@id":"https:\/\/nordnesrepublikken.no\/#\/schema\/logo\/image\/"}},{"@type":"Person","@id":"https:\/\/nordnesrepublikken.no\/#\/schema\/person\/2e7e81935bab77882fffb79296240ff1","name":"Ole Andersen","image":{"@type":"ImageObject","inLanguage":"nb-NO","@id":"https:\/\/nordnesrepublikken.no\/#\/schema\/person\/image\/","url":"https:\/\/nordnesrepublikken.no\/wp-content\/uploads\/2025\/02\/nordnesrepublikken-2-2-150x150.jpg","contentUrl":"https:\/\/nordnesrepublikken.no\/wp-content\/uploads\/2025\/02\/nordnesrepublikken-2-2-150x150.jpg","caption":"Ole Andersen"},"description":"Ettersom jeg vokste opp i Oslo, har jeg alltid v\u00e6rt fascinert av ordenes kraft og deres evne til \u00e5 skape endringer. Etter \u00e5 ha fullf\u00f8rt min utdannelse i kommunikasjon ved Universitetet i Bergen, fikk jeg muligheten til \u00e5 jobbe innen ulike medier, der jeg har s\u00f8kt \u00e5 belyse viktige samfunnssp\u00f8rsm\u00e5l. I dag, som redakt\u00f8r for Nordnesrepublikken, pr\u00f8ver jeg \u00e5 forene min kj\u00e6rlighet for journalistikk med min lidenskap for innovasjon og eventyr.","sameAs":["https:\/\/nordnesrepublikken.no\/"]}]}},"_links":{"self":[{"href":"https:\/\/nordnesrepublikken.no\/index.php\/wp-json\/wp\/v2\/posts\/11362","targetHints":{"allow":["GET"]}}],"collection":[{"href":"https:\/\/nordnesrepublikken.no\/index.php\/wp-json\/wp\/v2\/posts"}],"about":[{"href":"https:\/\/nordnesrepublikken.no\/index.php\/wp-json\/wp\/v2\/types\/post"}],"author":[{"embeddable":true,"href":"https:\/\/nordnesrepublikken.no\/index.php\/wp-json\/wp\/v2\/users\/1"}],"replies":[{"embeddable":true,"href":"https:\/\/nordnesrepublikken.no\/index.php\/wp-json\/wp\/v2\/comments?post=11362"}],"version-history":[{"count":1,"href":"https:\/\/nordnesrepublikken.no\/index.php\/wp-json\/wp\/v2\/posts\/11362\/revisions"}],"predecessor-version":[{"id":11364,"href":"https:\/\/nordnesrepublikken.no\/index.php\/wp-json\/wp\/v2\/posts\/11362\/revisions\/11364"}],"wp:featuredmedia":[{"embeddable":true,"href":"https:\/\/nordnesrepublikken.no\/index.php\/wp-json\/wp\/v2\/media\/11363"}],"wp:attachment":[{"href":"https:\/\/nordnesrepublikken.no\/index.php\/wp-json\/wp\/v2\/media?parent=11362"}],"wp:term":[{"taxonomy":"category","embeddable":true,"href":"https:\/\/nordnesrepublikken.no\/index.php\/wp-json\/wp\/v2\/categories?post=11362"},{"taxonomy":"post_tag","embeddable":true,"href":"https:\/\/nordnesrepublikken.no\/index.php\/wp-json\/wp\/v2\/tags?post=11362"}],"curies":[{"name":"wp","href":"https:\/\/api.w.org\/{rel}","templated":true}]}}