{"id":11338,"date":"2025-11-04T17:52:18","date_gmt":"2025-11-04T16:52:18","guid":{"rendered":"https:\/\/nordnesrepublikken.no\/index.php\/2025\/11\/04\/filosofien-fodt-fra-middelhavsresiliens\/"},"modified":"2025-11-04T17:52:18","modified_gmt":"2025-11-04T16:52:18","slug":"filosofien-fodt-fra-middelhavsresiliens","status":"publish","type":"post","link":"https:\/\/nordnesrepublikken.no\/index.php\/2025\/11\/04\/filosofien-fodt-fra-middelhavsresiliens\/","title":{"rendered":"filosofien f\u00f8dt fra middelhavsresiliens"},"content":{"rendered":"<div>\n<div class=\"cp_wrapper cp_wrapper--fw mb-30 mb-20@tablet\">\n<figure class=\"mm\"><picture class=\"img\" style=\"padding-top:56.25%\"><source  media=\"(min-width: 1024px)\"><source  media=\"(min-width: 768px)\"><\/source><\/source><\/picture><\/figure>\n<\/p><\/div>\n<p>DE&#8217;<strong>&laquo;kunsten \u00e5 klare seg&raquo;<\/strong> det er ikke bare en individuell holdning, men en ekte <strong>sosial filosofi<\/strong>en m\u00e5te \u00e5 v\u00e6re i verden p\u00e5 som gjenspeiler kontinuerlig tilpasning til ofte prek\u00e6re \u00f8konomiske, politiske og milj\u00f8messige forhold. &laquo;Den som tilpasser seg, lever&raquo;: et ordtak som oppsummerer et av de dypeste trekkene ved <strong>Middelhavskulturer<\/strong>. Evnen til <strong>overleve vanskeligheter med kreativitet<\/strong>. Den er basert p\u00e5 en <strong>form for praktisk, kollektiv intelligens<\/strong> og p\u00e5 en fleksibel oppfatning av tid og regler, der <strong>improvisasjon blir en dyd<\/strong>. R\u00f8ttene g\u00e5r langt tilbake <strong>historie med marginalitet og avhengighet<\/strong> som har preget middelhavsverdenen, hvor det \u00e5 gj\u00f8re seg har blitt en m\u00e5te \u00e5 motst\u00e5 og gjenoppfinne den p\u00e5lagte orden. Som i filmen <strong>&laquo;Kunsten \u00e5 klare seg&raquo;<\/strong> Av <strong>Alberto Sordi<\/strong>reflekterer denne filosofen en subtil balanse mellom overlevelse og list, og minner oss om at i Middelhavet er det \u00e5 vite hvordan man tilpasser seg ofte den mest autentiske formen for intelligens.<\/p>\n<p>I dag uttrykkes denne praksisen som <strong>overlevelsesstrategi og kollektiv byr\u00e5<\/strong>: en transformativ handling som, til tross for \u00f8konomiske eller sosiale begrensninger, bekrefter subjektenes verdighet og autonomi. I usikkerhet er det \u00e5 gj\u00f8re ikke uorden, men <strong>det muliges intelligens<\/strong>.<\/p>\n<h2>Hva etikk om tilpasning og opprinnelse inneb\u00e6rer<\/h2>\n<p>Opprinnelsen til<strong>kunsten \u00e5 klare seg<\/strong> det m\u00e5 s\u00f8kes p\u00e5 sikt <strong>historie med marginalitet og fragmentering av middelhavsverdenen. <\/strong>Gi henne <strong>koloniseringer<\/strong> al <strong>domene<\/strong> av <strong>store imperier<\/strong>Gjennom knapphet p\u00e5 naturressurser og \u00f8konomisk avhengighet av ytre makter, har middelhavsfolkene utviklet en <strong>m\u00e5te \u00e5 reagere p\u00e5 maktstrukturer p\u00e5<\/strong> gjennom kreativitet og tilpasning. I f\u00f8lge antropologisk tradisjon, fra <strong>Ernesto De Martino<\/strong> til <strong>Anton Blok<\/strong>disse formene for <strong>&laquo;situert intelligens&raquo;<\/strong> de er f\u00f8dt i sammenhenger hvor overlevelse avhenger av evnen til kontinuerlig \u00e5 forhandle med virkelighetens usikkerhet.<\/p>\n<p>Kunsten \u00e5 klare seg, i denne forstand, er ikke en <strong>&laquo;avvikende&raquo; oppf\u00f8rsel<\/strong> sammenlignet med normen, men en <strong>kulturell respons<\/strong> til institusjonelle mangler og kompleksiteten i dagliglivet. Som et siciliansk ordtak sier: <em>&laquo;Cu sapi fari, si salva&raquo;<\/em>, <strong>de som vet hvordan det skal gj\u00f8res, blir frelst<\/strong>.<\/p>\n<p>\u00c5 gj\u00f8re det betyr <strong>tilpasse seg<\/strong>men ikke i passiv forstand: snarere er det en <strong>handling av kreativitet<\/strong> som forvandler seg <strong>det uventede til mulighet<\/strong>mangel p\u00e5 ressurser. Filosofen <strong>Edgar Morin<\/strong> han beskrev denne evnen som <strong>&laquo;kompleks tenkning&raquo;<\/strong>: en logikk som ikke skiller, men kobler sammen, som adresserer usikkerhet som en integrert del av livet.<\/p>\n<p>I Italia har denne filosofien historisk uttrykt seg i <strong>evne til \u00e5 finne l\u00f8sninger<\/strong> midlertidig, men effektiv, av <strong>&laquo;gj\u00f8re med lite&raquo;<\/strong>for \u00e5 l\u00f8se praktiske problemer p\u00e5 en ukonvensjonell m\u00e5te. Dette verdensbildet er i motsetning til det <strong>moderne, industrielle og byr\u00e5kratiske<\/strong>som favoriserer <strong>planlegging<\/strong> Og <strong>effektivitet<\/strong>. I kunsten \u00e5 klare seg ligger imidlertid verdien i evnen til \u00e5 reagere, i fleksibilitet og i den relasjonelle dimensjonen ved livet.<\/p>\n<h2>Mellom list og overlevelse<\/h2>\n<p>Som mange popul\u00e6re praksiser, beveger kunsten \u00e5 gj\u00f8re do-bevegelser seg p\u00e5 en tvetydig grense <strong>mellom dyd og last. <\/strong>P\u00e5 den ene siden representerer den en <strong>eksempel p\u00e5 motstandskraft og kreativ intelligens<\/strong>; p\u00e5 den andre <strong>det kan utarte til list<\/strong>opportunisme, eller i den tendensen til \u00e5 &laquo;komme forbi&raquo; som mange sosiologer har lest som et trekk ved italiensk kultur. <strong>\u00abLov laget, bedrag funnet<\/strong>&laquo;, indikerer ordtaket ikke bare en individualistisk holdning, men en systemisk mistillit til institusjoner og en preferanse for uformelle l\u00f8sninger.<\/p>\n<p>Men \u00e5 redusere kunsten \u00e5 gj\u00f8re det til en defekt ville v\u00e6re en feil: det avsl\u00f8rer en form for <strong>mikromotstand mot kraft<\/strong>en m\u00e5te \u00e5 <strong>gjenvinne sin autonomi<\/strong> i sammenhenger med \u00f8konomisk eller politisk avhengighet. Som han observerte <strong>Gramsci<\/strong>overlever man i popul\u00e6re praksiser <strong>&laquo;spontan filosofi<\/strong>&laquo;, en visdom som kommer nedenfra og reflekterer en etikk av hverdagslig oppfinnsomhet.<\/p>\n<h2>Kulturell motstand og etatsform<\/h2>\n<p>I tider med \u00f8konomiske, klimatiske eller sosiale kriser, f\u00e5r kunsten \u00e5 klare seg verdien av en <strong>kollektiv strategi for overlevelse og bekreftelse av handlefrihet<\/strong>det vil si evnen til \u00e5 handle og p\u00e5virke sin skjebne til tross for strukturelle begrensninger. I mange lokalsamfunn, for eksempel i <strong>S\u00f8r-Italia, Maghreb eller landlige Hellas<\/strong>&laquo;gj\u00f8re seg&raquo; betyr \u00e5 bygge solidaritetsnettverk, utveksle tjenester, skape uformelle mikro\u00f8konomier og gjenoppbygge kontrollmarginer over ens daglige liv.<\/p>\n<p>Det er en <strong>form for motstandsdyktig subjektivitet<\/strong>som ikke avviser systemet, men gjenoppfinner det fra bunnen og opp, og omskriver reglene. I humanvitenskapene n\u00e6rmer denne praksisen seg logikken til <strong><em>DIY<\/em><\/strong>  Av <strong>L\u00e9vi-Strauss<\/strong> og til refleksjonene av <strong>Sherry Ortner<\/strong> p\u00e5<strong>byr\u00e5<\/strong> som en transformativ kapasitet: selv under vanskelige forhold finner enkeltpersoner og samfunn kreative m\u00e5ter \u00e5 bekrefte sin verdighet p\u00e5.<\/p>\n<p>Fra dette perspektivet er kunsten \u00e5 gj\u00f8re det en m\u00e5te \u00e5 f.eks<strong>aktivt eksistere, for \u00e5 gjenvinne rom med autonomi og mening.<\/strong><\/p>\n<div class=\"cp_wrapper  mb-50   \">\n<div class=\"cbx\">\n<div class=\"cbx__collection\">\n<p>Kilder<\/p>\n<div class=\"cbx__sources\">\n<p>De Martino E. (1959). &laquo;S\u00f8r og magi&raquo;<\/p>\n<p>Blok A. (1974). &laquo;Mafiaen til en siciliansk landsby&raquo;<\/p>\n<p>L\u00e9vi-Strauss C. (1962). &laquo;Den ville tanken&raquo;<\/p>\n<p>Gilmore D. (1982). &laquo;Antropologi i middelhavsomr\u00e5det&raquo;<\/p>\n<\/p><\/div>\n<\/p><\/div>\n<\/p><\/div>\n<\/div><\/div>\n","protected":false},"excerpt":{"rendered":"<p>DE&#8217;&laquo;kunsten \u00e5 klare seg&raquo; det er ikke bare en individuell holdning, men en ekte sosial<\/p>\n","protected":false},"author":1,"featured_media":11339,"comment_status":"closed","ping_status":"open","sticky":false,"template":"","format":"standard","meta":{"footnotes":""},"categories":[104],"tags":[7469,97,125,7470],"class_list":["post-11338","post","type-post","status-publish","format-standard","has-post-thumbnail","hentry","category-samfunn","tag-filosofien","tag-fodt","tag-fra","tag-middelhavsresiliens","generate-columns","tablet-grid-50","mobile-grid-100","grid-parent","grid-33","resize-featured-image"],"yoast_head":"<!-- This site is optimized with the Yoast SEO plugin v24.4 - https:\/\/yoast.com\/wordpress\/plugins\/seo\/ -->\n<title>filosofien f\u00f8dt fra middelhavsresiliens - Nordnesrepublikken<\/title>\n<meta name=\"robots\" content=\"index, follow, max-snippet:-1, max-image-preview:large, max-video-preview:-1\" \/>\n<link rel=\"canonical\" href=\"https:\/\/nordnesrepublikken.no\/index.php\/2025\/11\/04\/filosofien-fodt-fra-middelhavsresiliens\/\" \/>\n<meta property=\"og:locale\" content=\"nb_NO\" \/>\n<meta property=\"og:type\" content=\"article\" \/>\n<meta property=\"og:title\" content=\"filosofien f\u00f8dt fra middelhavsresiliens - Nordnesrepublikken\" \/>\n<meta property=\"og:description\" content=\"DE&#8217;&laquo;kunsten \u00e5 klare seg&raquo; det er ikke bare en individuell holdning, men en ekte sosial\" \/>\n<meta property=\"og:url\" content=\"https:\/\/nordnesrepublikken.no\/index.php\/2025\/11\/04\/filosofien-fodt-fra-middelhavsresiliens\/\" \/>\n<meta property=\"og:site_name\" content=\"Nordnesrepublikken\" \/>\n<meta property=\"article:published_time\" content=\"2025-11-04T16:52:18+00:00\" \/>\n<meta property=\"og:image\" content=\"https:\/\/nordnesrepublikken.no\/wp-content\/uploads\/2025\/11\/1762275138_filosofien-fodt-fra-middelhavsresiliens.jpeg\" \/>\n\t<meta property=\"og:image:width\" content=\"640\" \/>\n\t<meta property=\"og:image:height\" content=\"333\" \/>\n\t<meta property=\"og:image:type\" content=\"image\/jpeg\" \/>\n<meta name=\"author\" content=\"Ole Andersen\" \/>\n<meta name=\"twitter:card\" content=\"summary_large_image\" \/>\n<meta name=\"twitter:label1\" content=\"Skrevet av\" \/>\n\t<meta name=\"twitter:data1\" content=\"Ole Andersen\" \/>\n\t<meta name=\"twitter:label2\" content=\"Ansl. lesetid\" \/>\n\t<meta name=\"twitter:data2\" content=\"4 minutter\" \/>\n<script type=\"application\/ld+json\" class=\"yoast-schema-graph\">{\"@context\":\"https:\/\/schema.org\",\"@graph\":[{\"@type\":\"Article\",\"@id\":\"https:\/\/nordnesrepublikken.no\/index.php\/2025\/11\/04\/filosofien-fodt-fra-middelhavsresiliens\/#article\",\"isPartOf\":{\"@id\":\"https:\/\/nordnesrepublikken.no\/index.php\/2025\/11\/04\/filosofien-fodt-fra-middelhavsresiliens\/\"},\"author\":{\"name\":\"Ole Andersen\",\"@id\":\"https:\/\/nordnesrepublikken.no\/#\/schema\/person\/2e7e81935bab77882fffb79296240ff1\"},\"headline\":\"filosofien f\u00f8dt fra middelhavsresiliens\",\"datePublished\":\"2025-11-04T16:52:18+00:00\",\"mainEntityOfPage\":{\"@id\":\"https:\/\/nordnesrepublikken.no\/index.php\/2025\/11\/04\/filosofien-fodt-fra-middelhavsresiliens\/\"},\"wordCount\":779,\"publisher\":{\"@id\":\"https:\/\/nordnesrepublikken.no\/#organization\"},\"image\":{\"@id\":\"https:\/\/nordnesrepublikken.no\/index.php\/2025\/11\/04\/filosofien-fodt-fra-middelhavsresiliens\/#primaryimage\"},\"thumbnailUrl\":\"https:\/\/nordnesrepublikken.no\/wp-content\/uploads\/2025\/11\/1762275138_filosofien-fodt-fra-middelhavsresiliens.jpeg\",\"keywords\":[\"filosofien\",\"f\u00f8dt\",\"fra\",\"middelhavsresiliens\"],\"articleSection\":[\"Samfunn\"],\"inLanguage\":\"nb-NO\"},{\"@type\":\"WebPage\",\"@id\":\"https:\/\/nordnesrepublikken.no\/index.php\/2025\/11\/04\/filosofien-fodt-fra-middelhavsresiliens\/\",\"url\":\"https:\/\/nordnesrepublikken.no\/index.php\/2025\/11\/04\/filosofien-fodt-fra-middelhavsresiliens\/\",\"name\":\"filosofien f\u00f8dt fra middelhavsresiliens - Nordnesrepublikken\",\"isPartOf\":{\"@id\":\"https:\/\/nordnesrepublikken.no\/#website\"},\"primaryImageOfPage\":{\"@id\":\"https:\/\/nordnesrepublikken.no\/index.php\/2025\/11\/04\/filosofien-fodt-fra-middelhavsresiliens\/#primaryimage\"},\"image\":{\"@id\":\"https:\/\/nordnesrepublikken.no\/index.php\/2025\/11\/04\/filosofien-fodt-fra-middelhavsresiliens\/#primaryimage\"},\"thumbnailUrl\":\"https:\/\/nordnesrepublikken.no\/wp-content\/uploads\/2025\/11\/1762275138_filosofien-fodt-fra-middelhavsresiliens.jpeg\",\"datePublished\":\"2025-11-04T16:52:18+00:00\",\"breadcrumb\":{\"@id\":\"https:\/\/nordnesrepublikken.no\/index.php\/2025\/11\/04\/filosofien-fodt-fra-middelhavsresiliens\/#breadcrumb\"},\"inLanguage\":\"nb-NO\",\"potentialAction\":[{\"@type\":\"ReadAction\",\"target\":[\"https:\/\/nordnesrepublikken.no\/index.php\/2025\/11\/04\/filosofien-fodt-fra-middelhavsresiliens\/\"]}]},{\"@type\":\"ImageObject\",\"inLanguage\":\"nb-NO\",\"@id\":\"https:\/\/nordnesrepublikken.no\/index.php\/2025\/11\/04\/filosofien-fodt-fra-middelhavsresiliens\/#primaryimage\",\"url\":\"https:\/\/nordnesrepublikken.no\/wp-content\/uploads\/2025\/11\/1762275138_filosofien-fodt-fra-middelhavsresiliens.jpeg\",\"contentUrl\":\"https:\/\/nordnesrepublikken.no\/wp-content\/uploads\/2025\/11\/1762275138_filosofien-fodt-fra-middelhavsresiliens.jpeg\",\"width\":640,\"height\":333,\"caption\":\"filosofien f\u00f8dt fra middelhavsresiliens\"},{\"@type\":\"BreadcrumbList\",\"@id\":\"https:\/\/nordnesrepublikken.no\/index.php\/2025\/11\/04\/filosofien-fodt-fra-middelhavsresiliens\/#breadcrumb\",\"itemListElement\":[{\"@type\":\"ListItem\",\"position\":1,\"name\":\"Home\",\"item\":\"https:\/\/nordnesrepublikken.no\/\"},{\"@type\":\"ListItem\",\"position\":2,\"name\":\"filosofien f\u00f8dt fra middelhavsresiliens\"}]},{\"@type\":\"WebSite\",\"@id\":\"https:\/\/nordnesrepublikken.no\/#website\",\"url\":\"https:\/\/nordnesrepublikken.no\/\",\"name\":\"Nordnesrepublikken\",\"description\":\"Stemmer og Visjoner fra Republikkens Hjerte\",\"publisher\":{\"@id\":\"https:\/\/nordnesrepublikken.no\/#organization\"},\"potentialAction\":[{\"@type\":\"SearchAction\",\"target\":{\"@type\":\"EntryPoint\",\"urlTemplate\":\"https:\/\/nordnesrepublikken.no\/?s={search_term_string}\"},\"query-input\":{\"@type\":\"PropertyValueSpecification\",\"valueRequired\":true,\"valueName\":\"search_term_string\"}}],\"inLanguage\":\"nb-NO\"},{\"@type\":\"Organization\",\"@id\":\"https:\/\/nordnesrepublikken.no\/#organization\",\"name\":\"Nordnesrepublikken\",\"url\":\"https:\/\/nordnesrepublikken.no\/\",\"logo\":{\"@type\":\"ImageObject\",\"inLanguage\":\"nb-NO\",\"@id\":\"https:\/\/nordnesrepublikken.no\/#\/schema\/logo\/image\/\",\"url\":\"https:\/\/nordnesrepublikken.no\/wp-content\/uploads\/2025\/02\/cropped-nordnesrepublikken-2.png\",\"contentUrl\":\"https:\/\/nordnesrepublikken.no\/wp-content\/uploads\/2025\/02\/cropped-nordnesrepublikken-2.png\",\"width\":1248,\"height\":362,\"caption\":\"Nordnesrepublikken\"},\"image\":{\"@id\":\"https:\/\/nordnesrepublikken.no\/#\/schema\/logo\/image\/\"}},{\"@type\":\"Person\",\"@id\":\"https:\/\/nordnesrepublikken.no\/#\/schema\/person\/2e7e81935bab77882fffb79296240ff1\",\"name\":\"Ole Andersen\",\"image\":{\"@type\":\"ImageObject\",\"inLanguage\":\"nb-NO\",\"@id\":\"https:\/\/nordnesrepublikken.no\/#\/schema\/person\/image\/\",\"url\":\"https:\/\/nordnesrepublikken.no\/wp-content\/uploads\/2025\/02\/nordnesrepublikken-2-2-150x150.jpg\",\"contentUrl\":\"https:\/\/nordnesrepublikken.no\/wp-content\/uploads\/2025\/02\/nordnesrepublikken-2-2-150x150.jpg\",\"caption\":\"Ole Andersen\"},\"description\":\"Ettersom jeg vokste opp i Oslo, har jeg alltid v\u00e6rt fascinert av ordenes kraft og deres evne til \u00e5 skape endringer. Etter \u00e5 ha fullf\u00f8rt min utdannelse i kommunikasjon ved Universitetet i Bergen, fikk jeg muligheten til \u00e5 jobbe innen ulike medier, der jeg har s\u00f8kt \u00e5 belyse viktige samfunnssp\u00f8rsm\u00e5l. I dag, som redakt\u00f8r for Nordnesrepublikken, pr\u00f8ver jeg \u00e5 forene min kj\u00e6rlighet for journalistikk med min lidenskap for innovasjon og eventyr.\",\"sameAs\":[\"https:\/\/nordnesrepublikken.no\/\"]}]}<\/script>\n<!-- \/ Yoast SEO plugin. -->","yoast_head_json":{"title":"filosofien f\u00f8dt fra middelhavsresiliens - Nordnesrepublikken","robots":{"index":"index","follow":"follow","max-snippet":"max-snippet:-1","max-image-preview":"max-image-preview:large","max-video-preview":"max-video-preview:-1"},"canonical":"https:\/\/nordnesrepublikken.no\/index.php\/2025\/11\/04\/filosofien-fodt-fra-middelhavsresiliens\/","og_locale":"nb_NO","og_type":"article","og_title":"filosofien f\u00f8dt fra middelhavsresiliens - Nordnesrepublikken","og_description":"DE&#8217;&laquo;kunsten \u00e5 klare seg&raquo; det er ikke bare en individuell holdning, men en ekte sosial","og_url":"https:\/\/nordnesrepublikken.no\/index.php\/2025\/11\/04\/filosofien-fodt-fra-middelhavsresiliens\/","og_site_name":"Nordnesrepublikken","article_published_time":"2025-11-04T16:52:18+00:00","og_image":[{"width":640,"height":333,"url":"https:\/\/nordnesrepublikken.no\/wp-content\/uploads\/2025\/11\/1762275138_filosofien-fodt-fra-middelhavsresiliens.jpeg","type":"image\/jpeg"}],"author":"Ole Andersen","twitter_card":"summary_large_image","twitter_misc":{"Skrevet av":"Ole Andersen","Ansl. lesetid":"4 minutter"},"schema":{"@context":"https:\/\/schema.org","@graph":[{"@type":"Article","@id":"https:\/\/nordnesrepublikken.no\/index.php\/2025\/11\/04\/filosofien-fodt-fra-middelhavsresiliens\/#article","isPartOf":{"@id":"https:\/\/nordnesrepublikken.no\/index.php\/2025\/11\/04\/filosofien-fodt-fra-middelhavsresiliens\/"},"author":{"name":"Ole Andersen","@id":"https:\/\/nordnesrepublikken.no\/#\/schema\/person\/2e7e81935bab77882fffb79296240ff1"},"headline":"filosofien f\u00f8dt fra middelhavsresiliens","datePublished":"2025-11-04T16:52:18+00:00","mainEntityOfPage":{"@id":"https:\/\/nordnesrepublikken.no\/index.php\/2025\/11\/04\/filosofien-fodt-fra-middelhavsresiliens\/"},"wordCount":779,"publisher":{"@id":"https:\/\/nordnesrepublikken.no\/#organization"},"image":{"@id":"https:\/\/nordnesrepublikken.no\/index.php\/2025\/11\/04\/filosofien-fodt-fra-middelhavsresiliens\/#primaryimage"},"thumbnailUrl":"https:\/\/nordnesrepublikken.no\/wp-content\/uploads\/2025\/11\/1762275138_filosofien-fodt-fra-middelhavsresiliens.jpeg","keywords":["filosofien","f\u00f8dt","fra","middelhavsresiliens"],"articleSection":["Samfunn"],"inLanguage":"nb-NO"},{"@type":"WebPage","@id":"https:\/\/nordnesrepublikken.no\/index.php\/2025\/11\/04\/filosofien-fodt-fra-middelhavsresiliens\/","url":"https:\/\/nordnesrepublikken.no\/index.php\/2025\/11\/04\/filosofien-fodt-fra-middelhavsresiliens\/","name":"filosofien f\u00f8dt fra middelhavsresiliens - Nordnesrepublikken","isPartOf":{"@id":"https:\/\/nordnesrepublikken.no\/#website"},"primaryImageOfPage":{"@id":"https:\/\/nordnesrepublikken.no\/index.php\/2025\/11\/04\/filosofien-fodt-fra-middelhavsresiliens\/#primaryimage"},"image":{"@id":"https:\/\/nordnesrepublikken.no\/index.php\/2025\/11\/04\/filosofien-fodt-fra-middelhavsresiliens\/#primaryimage"},"thumbnailUrl":"https:\/\/nordnesrepublikken.no\/wp-content\/uploads\/2025\/11\/1762275138_filosofien-fodt-fra-middelhavsresiliens.jpeg","datePublished":"2025-11-04T16:52:18+00:00","breadcrumb":{"@id":"https:\/\/nordnesrepublikken.no\/index.php\/2025\/11\/04\/filosofien-fodt-fra-middelhavsresiliens\/#breadcrumb"},"inLanguage":"nb-NO","potentialAction":[{"@type":"ReadAction","target":["https:\/\/nordnesrepublikken.no\/index.php\/2025\/11\/04\/filosofien-fodt-fra-middelhavsresiliens\/"]}]},{"@type":"ImageObject","inLanguage":"nb-NO","@id":"https:\/\/nordnesrepublikken.no\/index.php\/2025\/11\/04\/filosofien-fodt-fra-middelhavsresiliens\/#primaryimage","url":"https:\/\/nordnesrepublikken.no\/wp-content\/uploads\/2025\/11\/1762275138_filosofien-fodt-fra-middelhavsresiliens.jpeg","contentUrl":"https:\/\/nordnesrepublikken.no\/wp-content\/uploads\/2025\/11\/1762275138_filosofien-fodt-fra-middelhavsresiliens.jpeg","width":640,"height":333,"caption":"filosofien f\u00f8dt fra middelhavsresiliens"},{"@type":"BreadcrumbList","@id":"https:\/\/nordnesrepublikken.no\/index.php\/2025\/11\/04\/filosofien-fodt-fra-middelhavsresiliens\/#breadcrumb","itemListElement":[{"@type":"ListItem","position":1,"name":"Home","item":"https:\/\/nordnesrepublikken.no\/"},{"@type":"ListItem","position":2,"name":"filosofien f\u00f8dt fra middelhavsresiliens"}]},{"@type":"WebSite","@id":"https:\/\/nordnesrepublikken.no\/#website","url":"https:\/\/nordnesrepublikken.no\/","name":"Nordnesrepublikken","description":"Stemmer og Visjoner fra Republikkens Hjerte","publisher":{"@id":"https:\/\/nordnesrepublikken.no\/#organization"},"potentialAction":[{"@type":"SearchAction","target":{"@type":"EntryPoint","urlTemplate":"https:\/\/nordnesrepublikken.no\/?s={search_term_string}"},"query-input":{"@type":"PropertyValueSpecification","valueRequired":true,"valueName":"search_term_string"}}],"inLanguage":"nb-NO"},{"@type":"Organization","@id":"https:\/\/nordnesrepublikken.no\/#organization","name":"Nordnesrepublikken","url":"https:\/\/nordnesrepublikken.no\/","logo":{"@type":"ImageObject","inLanguage":"nb-NO","@id":"https:\/\/nordnesrepublikken.no\/#\/schema\/logo\/image\/","url":"https:\/\/nordnesrepublikken.no\/wp-content\/uploads\/2025\/02\/cropped-nordnesrepublikken-2.png","contentUrl":"https:\/\/nordnesrepublikken.no\/wp-content\/uploads\/2025\/02\/cropped-nordnesrepublikken-2.png","width":1248,"height":362,"caption":"Nordnesrepublikken"},"image":{"@id":"https:\/\/nordnesrepublikken.no\/#\/schema\/logo\/image\/"}},{"@type":"Person","@id":"https:\/\/nordnesrepublikken.no\/#\/schema\/person\/2e7e81935bab77882fffb79296240ff1","name":"Ole Andersen","image":{"@type":"ImageObject","inLanguage":"nb-NO","@id":"https:\/\/nordnesrepublikken.no\/#\/schema\/person\/image\/","url":"https:\/\/nordnesrepublikken.no\/wp-content\/uploads\/2025\/02\/nordnesrepublikken-2-2-150x150.jpg","contentUrl":"https:\/\/nordnesrepublikken.no\/wp-content\/uploads\/2025\/02\/nordnesrepublikken-2-2-150x150.jpg","caption":"Ole Andersen"},"description":"Ettersom jeg vokste opp i Oslo, har jeg alltid v\u00e6rt fascinert av ordenes kraft og deres evne til \u00e5 skape endringer. Etter \u00e5 ha fullf\u00f8rt min utdannelse i kommunikasjon ved Universitetet i Bergen, fikk jeg muligheten til \u00e5 jobbe innen ulike medier, der jeg har s\u00f8kt \u00e5 belyse viktige samfunnssp\u00f8rsm\u00e5l. I dag, som redakt\u00f8r for Nordnesrepublikken, pr\u00f8ver jeg \u00e5 forene min kj\u00e6rlighet for journalistikk med min lidenskap for innovasjon og eventyr.","sameAs":["https:\/\/nordnesrepublikken.no\/"]}]}},"_links":{"self":[{"href":"https:\/\/nordnesrepublikken.no\/index.php\/wp-json\/wp\/v2\/posts\/11338","targetHints":{"allow":["GET"]}}],"collection":[{"href":"https:\/\/nordnesrepublikken.no\/index.php\/wp-json\/wp\/v2\/posts"}],"about":[{"href":"https:\/\/nordnesrepublikken.no\/index.php\/wp-json\/wp\/v2\/types\/post"}],"author":[{"embeddable":true,"href":"https:\/\/nordnesrepublikken.no\/index.php\/wp-json\/wp\/v2\/users\/1"}],"replies":[{"embeddable":true,"href":"https:\/\/nordnesrepublikken.no\/index.php\/wp-json\/wp\/v2\/comments?post=11338"}],"version-history":[{"count":1,"href":"https:\/\/nordnesrepublikken.no\/index.php\/wp-json\/wp\/v2\/posts\/11338\/revisions"}],"predecessor-version":[{"id":11340,"href":"https:\/\/nordnesrepublikken.no\/index.php\/wp-json\/wp\/v2\/posts\/11338\/revisions\/11340"}],"wp:featuredmedia":[{"embeddable":true,"href":"https:\/\/nordnesrepublikken.no\/index.php\/wp-json\/wp\/v2\/media\/11339"}],"wp:attachment":[{"href":"https:\/\/nordnesrepublikken.no\/index.php\/wp-json\/wp\/v2\/media?parent=11338"}],"wp:term":[{"taxonomy":"category","embeddable":true,"href":"https:\/\/nordnesrepublikken.no\/index.php\/wp-json\/wp\/v2\/categories?post=11338"},{"taxonomy":"post_tag","embeddable":true,"href":"https:\/\/nordnesrepublikken.no\/index.php\/wp-json\/wp\/v2\/tags?post=11338"}],"curies":[{"name":"wp","href":"https:\/\/api.w.org\/{rel}","templated":true}]}}