{"id":10864,"date":"2025-10-22T22:51:05","date_gmt":"2025-10-22T20:51:05","guid":{"rendered":"https:\/\/nordnesrepublikken.no\/index.php\/2025\/10\/22\/zelenskyy-og-store-holder-konstruktive-oslo-samtaler-om-ukrainas-vapenhvile\/"},"modified":"2025-10-22T22:51:07","modified_gmt":"2025-10-22T20:51:07","slug":"zelenskyy-og-store-holder-konstruktive-oslo-samtaler-om-ukrainas-vapenhvile","status":"publish","type":"post","link":"https:\/\/nordnesrepublikken.no\/index.php\/2025\/10\/22\/zelenskyy-og-store-holder-konstruktive-oslo-samtaler-om-ukrainas-vapenhvile\/","title":{"rendered":"Zelenskyy og St\u00f8re holder konstruktive Oslo-samtaler om Ukrainas v\u00e5penhvile"},"content":{"rendered":"<p><\/p>\n<div class=\"wordpress-content\">\n                    <!-- Article Start --><\/p>\n<p><strong>Ukrainas president Volodymyr Zelenskyy m\u00f8tte Norges statsminister Jonas Gahr St\u00f8re p\u00e5 Oslo Lufthavn Gardermoen onsdag 22. oktober for diskusjoner p\u00e5 h\u00f8yt niv\u00e5 om Ukrainas vei mot fred og fortsatt internasjonal bistand.<\/strong><\/p>\n<p>I f\u00f8lge den norske regjeringen diskuterte lederne p\u00e5g\u00e5ende diplomatiske anstrengelser for \u00e5 oppn\u00e5 en v\u00e5penhvile og fredsforhandlinger med Russland, samtidig som de sikret at Ukraina forblir sterk b\u00e5de \u00abf\u00f8r, under og etter en potensiell v\u00e5penhvile\u00bb.<\/p>\n<h2><strong>Norge lover fortsatt langsiktig st\u00f8tte til Ukraina<\/strong><\/h2>\n<p>Statsminister St\u00f8re bekreftet Norges urokkelige st\u00f8tte til Ukraina, og la merke til regjeringens forslag om \u00e5 bevilge 85 milliarder kroner (7,3 milliarder euro) i 2026 som en del av dens langsiktige bistandsramme, som kan bringe den totale norske bistanden til 275 milliarder kroner (23,6 milliarder euro).<\/p>\n<div class=\"sra_unit\"><link rel=\"stylesheet\" id=\"block-sra\" href=\"https:\/\/euroweeklynews.com\/wp-content\/plugins\/snack-related-articles\/dist\/css\/snack-related.min.css?250312-193541\" type=\"text\/css\" media=\"all\">\n<\/div>\n<p>\u2013 Norge st\u00e5r sammen med Ukraina i arbeidet med \u00e5 oppn\u00e5 en varig og rettferdig fred, sa St\u00f8re. &laquo;Det er avgj\u00f8rende \u00e5 opprettholde en tett dialog med Ukraina for \u00e5 sikre at vi kan m\u00e5lrette v\u00e5r st\u00f8tte til omr\u00e5dene der behovene er st\u00f8rst.&raquo;<\/p>\n<h2><strong>Europeiske ledere intensiverer koordineringen<\/strong><\/h2>\n<p>Oslo-m\u00f8tet f\u00f8lger president Zelenskyys nylige samtaler med Trump i Det hvite hus. Siden det m\u00f8tet har europeiske ledere gitt en felles uttalelse som st\u00f8tter Ukraina og oppfordrer Russland til \u00e5 delta i forhandlinger.<\/p>\n<p>Det er satt opp et m\u00f8te i Det europeiske r\u00e5d til torsdag 23. oktober, hvor St\u00f8re skal delta i en Coalition of the Willing-sesjon til st\u00f8tte for Ukraina fredag \u200b\u200b24. oktober.<\/p>\n<p>\u00abEuropeiske ledere er n\u00e5 i n\u00e6r kontakt og jobber sammen for \u00e5 oppn\u00e5 en varig og rettferdig fred i Ukraina,\u00bb sa St\u00f8re og la til at Norge st\u00f8tter \u00abPresident Trumps posisjon om at kampene m\u00e5 opph\u00f8re umiddelbart\u00bb.<\/p>\n<p>Oslo-samtalene markerer et sentralt \u00f8yeblikk i den p\u00e5g\u00e5ende diplomatiske innsatsen som kan stabilisere kontinentet og styrke europeisk enhet om sikkerhet. Norges store \u00f8konomiske og humanit\u00e6re bistandssatsing understreker fortsatt solidaritet p\u00e5 tvers av landegrensene, som er avgj\u00f8rende for regional fred og energistabilitet \u2013 sp\u00f8rsm\u00e5l som direkte ber\u00f8rer europeiske innbyggere og n\u00e6ringsliv.<\/p>\n<p>Se alle nyheter fra Norge.<\/p>\n<p>                    <!-- This article has been originally published at https:\/\/euroweeklynews.com\/2025\/10\/22\/zelenskyy-and-store-hold-constructive-oslo-talks-on-ukraine-ceasefire\/ on 22 Oct 2025 at 21:55 by Letara Draghia --><br \/>\n                    <!-- Article End -->\n                <\/div>\n","protected":false},"excerpt":{"rendered":"<p>Ukrainas president Volodymyr Zelenskyy m\u00f8tte Norges statsminister Jonas Gahr St\u00f8re p\u00e5 Oslo Lufthavn Gardermoen onsdag<\/p>\n","protected":false},"author":1,"featured_media":10865,"comment_status":"closed","ping_status":"open","sticky":false,"template":"","format":"standard","meta":{"footnotes":""},"categories":[22],"tags":[3285,7156,7157,1045,7158,7159,7155],"class_list":["post-10864","post","type-post","status-publish","format-standard","has-post-thumbnail","hentry","category-nasjonal","tag-holder","tag-konstruktive","tag-oslosamtaler","tag-store","tag-ukrainas","tag-vapenhvile","tag-zelenskyy","generate-columns","tablet-grid-50","mobile-grid-100","grid-parent","grid-33","resize-featured-image"],"yoast_head":"<!-- This site is optimized with the Yoast SEO plugin v24.4 - https:\/\/yoast.com\/wordpress\/plugins\/seo\/ -->\n<title>Zelenskyy og St\u00f8re holder konstruktive Oslo-samtaler om Ukrainas v\u00e5penhvile - Nordnesrepublikken<\/title>\n<meta name=\"robots\" content=\"index, follow, max-snippet:-1, max-image-preview:large, max-video-preview:-1\" \/>\n<link rel=\"canonical\" href=\"https:\/\/nordnesrepublikken.no\/index.php\/2025\/10\/22\/zelenskyy-og-store-holder-konstruktive-oslo-samtaler-om-ukrainas-vapenhvile\/\" \/>\n<meta property=\"og:locale\" content=\"nb_NO\" \/>\n<meta property=\"og:type\" content=\"article\" \/>\n<meta property=\"og:title\" content=\"Zelenskyy og St\u00f8re holder konstruktive Oslo-samtaler om Ukrainas v\u00e5penhvile - Nordnesrepublikken\" \/>\n<meta property=\"og:description\" content=\"Ukrainas president Volodymyr Zelenskyy m\u00f8tte Norges statsminister Jonas Gahr St\u00f8re p\u00e5 Oslo Lufthavn Gardermoen onsdag\" \/>\n<meta property=\"og:url\" content=\"https:\/\/nordnesrepublikken.no\/index.php\/2025\/10\/22\/zelenskyy-og-store-holder-konstruktive-oslo-samtaler-om-ukrainas-vapenhvile\/\" \/>\n<meta property=\"og:site_name\" content=\"Nordnesrepublikken\" \/>\n<meta property=\"article:published_time\" content=\"2025-10-22T20:51:05+00:00\" \/>\n<meta property=\"article:modified_time\" content=\"2025-10-22T20:51:07+00:00\" \/>\n<meta property=\"og:image\" content=\"https:\/\/nordnesrepublikken.no\/wp-content\/uploads\/2025\/10\/1761166266_Zelenskyy-og-Store-holder-konstruktive-Oslo-samtaler-om-Ukrainas-vapenhvile.jpeg\" \/>\n\t<meta property=\"og:image:width\" content=\"1200\" \/>\n\t<meta property=\"og:image:height\" content=\"710\" \/>\n\t<meta property=\"og:image:type\" content=\"image\/jpeg\" \/>\n<meta name=\"author\" content=\"Ole Andersen\" \/>\n<meta name=\"twitter:card\" content=\"summary_large_image\" \/>\n<meta name=\"twitter:label1\" content=\"Skrevet av\" \/>\n\t<meta name=\"twitter:data1\" content=\"Ole Andersen\" \/>\n\t<meta name=\"twitter:label2\" content=\"Ansl. lesetid\" \/>\n\t<meta name=\"twitter:data2\" content=\"2 minutter\" \/>\n<script type=\"application\/ld+json\" class=\"yoast-schema-graph\">{\"@context\":\"https:\/\/schema.org\",\"@graph\":[{\"@type\":\"Article\",\"@id\":\"https:\/\/nordnesrepublikken.no\/index.php\/2025\/10\/22\/zelenskyy-og-store-holder-konstruktive-oslo-samtaler-om-ukrainas-vapenhvile\/#article\",\"isPartOf\":{\"@id\":\"https:\/\/nordnesrepublikken.no\/index.php\/2025\/10\/22\/zelenskyy-og-store-holder-konstruktive-oslo-samtaler-om-ukrainas-vapenhvile\/\"},\"author\":{\"name\":\"Ole Andersen\",\"@id\":\"https:\/\/nordnesrepublikken.no\/#\/schema\/person\/2e7e81935bab77882fffb79296240ff1\"},\"headline\":\"Zelenskyy og St\u00f8re holder konstruktive Oslo-samtaler om Ukrainas v\u00e5penhvile\",\"datePublished\":\"2025-10-22T20:51:05+00:00\",\"dateModified\":\"2025-10-22T20:51:07+00:00\",\"mainEntityOfPage\":{\"@id\":\"https:\/\/nordnesrepublikken.no\/index.php\/2025\/10\/22\/zelenskyy-og-store-holder-konstruktive-oslo-samtaler-om-ukrainas-vapenhvile\/\"},\"wordCount\":357,\"publisher\":{\"@id\":\"https:\/\/nordnesrepublikken.no\/#organization\"},\"image\":{\"@id\":\"https:\/\/nordnesrepublikken.no\/index.php\/2025\/10\/22\/zelenskyy-og-store-holder-konstruktive-oslo-samtaler-om-ukrainas-vapenhvile\/#primaryimage\"},\"thumbnailUrl\":\"https:\/\/nordnesrepublikken.no\/wp-content\/uploads\/2025\/10\/1761166266_Zelenskyy-og-Store-holder-konstruktive-Oslo-samtaler-om-Ukrainas-vapenhvile.jpeg\",\"keywords\":[\"holder\",\"konstruktive\",\"Oslosamtaler\",\"Store\",\"Ukrainas\",\"v\u00e5penhvile\",\"Zelenskyy\"],\"articleSection\":[\"Nasjonal\"],\"inLanguage\":\"nb-NO\"},{\"@type\":\"WebPage\",\"@id\":\"https:\/\/nordnesrepublikken.no\/index.php\/2025\/10\/22\/zelenskyy-og-store-holder-konstruktive-oslo-samtaler-om-ukrainas-vapenhvile\/\",\"url\":\"https:\/\/nordnesrepublikken.no\/index.php\/2025\/10\/22\/zelenskyy-og-store-holder-konstruktive-oslo-samtaler-om-ukrainas-vapenhvile\/\",\"name\":\"Zelenskyy og St\u00f8re holder konstruktive Oslo-samtaler om Ukrainas v\u00e5penhvile - Nordnesrepublikken\",\"isPartOf\":{\"@id\":\"https:\/\/nordnesrepublikken.no\/#website\"},\"primaryImageOfPage\":{\"@id\":\"https:\/\/nordnesrepublikken.no\/index.php\/2025\/10\/22\/zelenskyy-og-store-holder-konstruktive-oslo-samtaler-om-ukrainas-vapenhvile\/#primaryimage\"},\"image\":{\"@id\":\"https:\/\/nordnesrepublikken.no\/index.php\/2025\/10\/22\/zelenskyy-og-store-holder-konstruktive-oslo-samtaler-om-ukrainas-vapenhvile\/#primaryimage\"},\"thumbnailUrl\":\"https:\/\/nordnesrepublikken.no\/wp-content\/uploads\/2025\/10\/1761166266_Zelenskyy-og-Store-holder-konstruktive-Oslo-samtaler-om-Ukrainas-vapenhvile.jpeg\",\"datePublished\":\"2025-10-22T20:51:05+00:00\",\"dateModified\":\"2025-10-22T20:51:07+00:00\",\"breadcrumb\":{\"@id\":\"https:\/\/nordnesrepublikken.no\/index.php\/2025\/10\/22\/zelenskyy-og-store-holder-konstruktive-oslo-samtaler-om-ukrainas-vapenhvile\/#breadcrumb\"},\"inLanguage\":\"nb-NO\",\"potentialAction\":[{\"@type\":\"ReadAction\",\"target\":[\"https:\/\/nordnesrepublikken.no\/index.php\/2025\/10\/22\/zelenskyy-og-store-holder-konstruktive-oslo-samtaler-om-ukrainas-vapenhvile\/\"]}]},{\"@type\":\"ImageObject\",\"inLanguage\":\"nb-NO\",\"@id\":\"https:\/\/nordnesrepublikken.no\/index.php\/2025\/10\/22\/zelenskyy-og-store-holder-konstruktive-oslo-samtaler-om-ukrainas-vapenhvile\/#primaryimage\",\"url\":\"https:\/\/nordnesrepublikken.no\/wp-content\/uploads\/2025\/10\/1761166266_Zelenskyy-og-Store-holder-konstruktive-Oslo-samtaler-om-Ukrainas-vapenhvile.jpeg\",\"contentUrl\":\"https:\/\/nordnesrepublikken.no\/wp-content\/uploads\/2025\/10\/1761166266_Zelenskyy-og-Store-holder-konstruktive-Oslo-samtaler-om-Ukrainas-vapenhvile.jpeg\",\"width\":1200,\"height\":710,\"caption\":\"Zelenskyy og St\u00f8re holder konstruktive Oslo-samtaler om Ukrainas v\u00e5penhvile\"},{\"@type\":\"BreadcrumbList\",\"@id\":\"https:\/\/nordnesrepublikken.no\/index.php\/2025\/10\/22\/zelenskyy-og-store-holder-konstruktive-oslo-samtaler-om-ukrainas-vapenhvile\/#breadcrumb\",\"itemListElement\":[{\"@type\":\"ListItem\",\"position\":1,\"name\":\"Home\",\"item\":\"https:\/\/nordnesrepublikken.no\/\"},{\"@type\":\"ListItem\",\"position\":2,\"name\":\"Zelenskyy og St\u00f8re holder konstruktive Oslo-samtaler om Ukrainas v\u00e5penhvile\"}]},{\"@type\":\"WebSite\",\"@id\":\"https:\/\/nordnesrepublikken.no\/#website\",\"url\":\"https:\/\/nordnesrepublikken.no\/\",\"name\":\"Nordnesrepublikken\",\"description\":\"Stemmer og Visjoner fra Republikkens Hjerte\",\"publisher\":{\"@id\":\"https:\/\/nordnesrepublikken.no\/#organization\"},\"potentialAction\":[{\"@type\":\"SearchAction\",\"target\":{\"@type\":\"EntryPoint\",\"urlTemplate\":\"https:\/\/nordnesrepublikken.no\/?s={search_term_string}\"},\"query-input\":{\"@type\":\"PropertyValueSpecification\",\"valueRequired\":true,\"valueName\":\"search_term_string\"}}],\"inLanguage\":\"nb-NO\"},{\"@type\":\"Organization\",\"@id\":\"https:\/\/nordnesrepublikken.no\/#organization\",\"name\":\"Nordnesrepublikken\",\"url\":\"https:\/\/nordnesrepublikken.no\/\",\"logo\":{\"@type\":\"ImageObject\",\"inLanguage\":\"nb-NO\",\"@id\":\"https:\/\/nordnesrepublikken.no\/#\/schema\/logo\/image\/\",\"url\":\"https:\/\/nordnesrepublikken.no\/wp-content\/uploads\/2025\/02\/cropped-nordnesrepublikken-2.png\",\"contentUrl\":\"https:\/\/nordnesrepublikken.no\/wp-content\/uploads\/2025\/02\/cropped-nordnesrepublikken-2.png\",\"width\":1248,\"height\":362,\"caption\":\"Nordnesrepublikken\"},\"image\":{\"@id\":\"https:\/\/nordnesrepublikken.no\/#\/schema\/logo\/image\/\"}},{\"@type\":\"Person\",\"@id\":\"https:\/\/nordnesrepublikken.no\/#\/schema\/person\/2e7e81935bab77882fffb79296240ff1\",\"name\":\"Ole Andersen\",\"image\":{\"@type\":\"ImageObject\",\"inLanguage\":\"nb-NO\",\"@id\":\"https:\/\/nordnesrepublikken.no\/#\/schema\/person\/image\/\",\"url\":\"https:\/\/nordnesrepublikken.no\/wp-content\/uploads\/2025\/02\/nordnesrepublikken-2-2-150x150.jpg\",\"contentUrl\":\"https:\/\/nordnesrepublikken.no\/wp-content\/uploads\/2025\/02\/nordnesrepublikken-2-2-150x150.jpg\",\"caption\":\"Ole Andersen\"},\"description\":\"Ettersom jeg vokste opp i Oslo, har jeg alltid v\u00e6rt fascinert av ordenes kraft og deres evne til \u00e5 skape endringer. Etter \u00e5 ha fullf\u00f8rt min utdannelse i kommunikasjon ved Universitetet i Bergen, fikk jeg muligheten til \u00e5 jobbe innen ulike medier, der jeg har s\u00f8kt \u00e5 belyse viktige samfunnssp\u00f8rsm\u00e5l. I dag, som redakt\u00f8r for Nordnesrepublikken, pr\u00f8ver jeg \u00e5 forene min kj\u00e6rlighet for journalistikk med min lidenskap for innovasjon og eventyr.\",\"sameAs\":[\"https:\/\/nordnesrepublikken.no\/\"]}]}<\/script>\n<!-- \/ Yoast SEO plugin. -->","yoast_head_json":{"title":"Zelenskyy og St\u00f8re holder konstruktive Oslo-samtaler om Ukrainas v\u00e5penhvile - Nordnesrepublikken","robots":{"index":"index","follow":"follow","max-snippet":"max-snippet:-1","max-image-preview":"max-image-preview:large","max-video-preview":"max-video-preview:-1"},"canonical":"https:\/\/nordnesrepublikken.no\/index.php\/2025\/10\/22\/zelenskyy-og-store-holder-konstruktive-oslo-samtaler-om-ukrainas-vapenhvile\/","og_locale":"nb_NO","og_type":"article","og_title":"Zelenskyy og St\u00f8re holder konstruktive Oslo-samtaler om Ukrainas v\u00e5penhvile - Nordnesrepublikken","og_description":"Ukrainas president Volodymyr Zelenskyy m\u00f8tte Norges statsminister Jonas Gahr St\u00f8re p\u00e5 Oslo Lufthavn Gardermoen onsdag","og_url":"https:\/\/nordnesrepublikken.no\/index.php\/2025\/10\/22\/zelenskyy-og-store-holder-konstruktive-oslo-samtaler-om-ukrainas-vapenhvile\/","og_site_name":"Nordnesrepublikken","article_published_time":"2025-10-22T20:51:05+00:00","article_modified_time":"2025-10-22T20:51:07+00:00","og_image":[{"width":1200,"height":710,"url":"https:\/\/nordnesrepublikken.no\/wp-content\/uploads\/2025\/10\/1761166266_Zelenskyy-og-Store-holder-konstruktive-Oslo-samtaler-om-Ukrainas-vapenhvile.jpeg","type":"image\/jpeg"}],"author":"Ole Andersen","twitter_card":"summary_large_image","twitter_misc":{"Skrevet av":"Ole Andersen","Ansl. lesetid":"2 minutter"},"schema":{"@context":"https:\/\/schema.org","@graph":[{"@type":"Article","@id":"https:\/\/nordnesrepublikken.no\/index.php\/2025\/10\/22\/zelenskyy-og-store-holder-konstruktive-oslo-samtaler-om-ukrainas-vapenhvile\/#article","isPartOf":{"@id":"https:\/\/nordnesrepublikken.no\/index.php\/2025\/10\/22\/zelenskyy-og-store-holder-konstruktive-oslo-samtaler-om-ukrainas-vapenhvile\/"},"author":{"name":"Ole Andersen","@id":"https:\/\/nordnesrepublikken.no\/#\/schema\/person\/2e7e81935bab77882fffb79296240ff1"},"headline":"Zelenskyy og St\u00f8re holder konstruktive Oslo-samtaler om Ukrainas v\u00e5penhvile","datePublished":"2025-10-22T20:51:05+00:00","dateModified":"2025-10-22T20:51:07+00:00","mainEntityOfPage":{"@id":"https:\/\/nordnesrepublikken.no\/index.php\/2025\/10\/22\/zelenskyy-og-store-holder-konstruktive-oslo-samtaler-om-ukrainas-vapenhvile\/"},"wordCount":357,"publisher":{"@id":"https:\/\/nordnesrepublikken.no\/#organization"},"image":{"@id":"https:\/\/nordnesrepublikken.no\/index.php\/2025\/10\/22\/zelenskyy-og-store-holder-konstruktive-oslo-samtaler-om-ukrainas-vapenhvile\/#primaryimage"},"thumbnailUrl":"https:\/\/nordnesrepublikken.no\/wp-content\/uploads\/2025\/10\/1761166266_Zelenskyy-og-Store-holder-konstruktive-Oslo-samtaler-om-Ukrainas-vapenhvile.jpeg","keywords":["holder","konstruktive","Oslosamtaler","Store","Ukrainas","v\u00e5penhvile","Zelenskyy"],"articleSection":["Nasjonal"],"inLanguage":"nb-NO"},{"@type":"WebPage","@id":"https:\/\/nordnesrepublikken.no\/index.php\/2025\/10\/22\/zelenskyy-og-store-holder-konstruktive-oslo-samtaler-om-ukrainas-vapenhvile\/","url":"https:\/\/nordnesrepublikken.no\/index.php\/2025\/10\/22\/zelenskyy-og-store-holder-konstruktive-oslo-samtaler-om-ukrainas-vapenhvile\/","name":"Zelenskyy og St\u00f8re holder konstruktive Oslo-samtaler om Ukrainas v\u00e5penhvile - Nordnesrepublikken","isPartOf":{"@id":"https:\/\/nordnesrepublikken.no\/#website"},"primaryImageOfPage":{"@id":"https:\/\/nordnesrepublikken.no\/index.php\/2025\/10\/22\/zelenskyy-og-store-holder-konstruktive-oslo-samtaler-om-ukrainas-vapenhvile\/#primaryimage"},"image":{"@id":"https:\/\/nordnesrepublikken.no\/index.php\/2025\/10\/22\/zelenskyy-og-store-holder-konstruktive-oslo-samtaler-om-ukrainas-vapenhvile\/#primaryimage"},"thumbnailUrl":"https:\/\/nordnesrepublikken.no\/wp-content\/uploads\/2025\/10\/1761166266_Zelenskyy-og-Store-holder-konstruktive-Oslo-samtaler-om-Ukrainas-vapenhvile.jpeg","datePublished":"2025-10-22T20:51:05+00:00","dateModified":"2025-10-22T20:51:07+00:00","breadcrumb":{"@id":"https:\/\/nordnesrepublikken.no\/index.php\/2025\/10\/22\/zelenskyy-og-store-holder-konstruktive-oslo-samtaler-om-ukrainas-vapenhvile\/#breadcrumb"},"inLanguage":"nb-NO","potentialAction":[{"@type":"ReadAction","target":["https:\/\/nordnesrepublikken.no\/index.php\/2025\/10\/22\/zelenskyy-og-store-holder-konstruktive-oslo-samtaler-om-ukrainas-vapenhvile\/"]}]},{"@type":"ImageObject","inLanguage":"nb-NO","@id":"https:\/\/nordnesrepublikken.no\/index.php\/2025\/10\/22\/zelenskyy-og-store-holder-konstruktive-oslo-samtaler-om-ukrainas-vapenhvile\/#primaryimage","url":"https:\/\/nordnesrepublikken.no\/wp-content\/uploads\/2025\/10\/1761166266_Zelenskyy-og-Store-holder-konstruktive-Oslo-samtaler-om-Ukrainas-vapenhvile.jpeg","contentUrl":"https:\/\/nordnesrepublikken.no\/wp-content\/uploads\/2025\/10\/1761166266_Zelenskyy-og-Store-holder-konstruktive-Oslo-samtaler-om-Ukrainas-vapenhvile.jpeg","width":1200,"height":710,"caption":"Zelenskyy og St\u00f8re holder konstruktive Oslo-samtaler om Ukrainas v\u00e5penhvile"},{"@type":"BreadcrumbList","@id":"https:\/\/nordnesrepublikken.no\/index.php\/2025\/10\/22\/zelenskyy-og-store-holder-konstruktive-oslo-samtaler-om-ukrainas-vapenhvile\/#breadcrumb","itemListElement":[{"@type":"ListItem","position":1,"name":"Home","item":"https:\/\/nordnesrepublikken.no\/"},{"@type":"ListItem","position":2,"name":"Zelenskyy og St\u00f8re holder konstruktive Oslo-samtaler om Ukrainas v\u00e5penhvile"}]},{"@type":"WebSite","@id":"https:\/\/nordnesrepublikken.no\/#website","url":"https:\/\/nordnesrepublikken.no\/","name":"Nordnesrepublikken","description":"Stemmer og Visjoner fra Republikkens Hjerte","publisher":{"@id":"https:\/\/nordnesrepublikken.no\/#organization"},"potentialAction":[{"@type":"SearchAction","target":{"@type":"EntryPoint","urlTemplate":"https:\/\/nordnesrepublikken.no\/?s={search_term_string}"},"query-input":{"@type":"PropertyValueSpecification","valueRequired":true,"valueName":"search_term_string"}}],"inLanguage":"nb-NO"},{"@type":"Organization","@id":"https:\/\/nordnesrepublikken.no\/#organization","name":"Nordnesrepublikken","url":"https:\/\/nordnesrepublikken.no\/","logo":{"@type":"ImageObject","inLanguage":"nb-NO","@id":"https:\/\/nordnesrepublikken.no\/#\/schema\/logo\/image\/","url":"https:\/\/nordnesrepublikken.no\/wp-content\/uploads\/2025\/02\/cropped-nordnesrepublikken-2.png","contentUrl":"https:\/\/nordnesrepublikken.no\/wp-content\/uploads\/2025\/02\/cropped-nordnesrepublikken-2.png","width":1248,"height":362,"caption":"Nordnesrepublikken"},"image":{"@id":"https:\/\/nordnesrepublikken.no\/#\/schema\/logo\/image\/"}},{"@type":"Person","@id":"https:\/\/nordnesrepublikken.no\/#\/schema\/person\/2e7e81935bab77882fffb79296240ff1","name":"Ole Andersen","image":{"@type":"ImageObject","inLanguage":"nb-NO","@id":"https:\/\/nordnesrepublikken.no\/#\/schema\/person\/image\/","url":"https:\/\/nordnesrepublikken.no\/wp-content\/uploads\/2025\/02\/nordnesrepublikken-2-2-150x150.jpg","contentUrl":"https:\/\/nordnesrepublikken.no\/wp-content\/uploads\/2025\/02\/nordnesrepublikken-2-2-150x150.jpg","caption":"Ole Andersen"},"description":"Ettersom jeg vokste opp i Oslo, har jeg alltid v\u00e6rt fascinert av ordenes kraft og deres evne til \u00e5 skape endringer. Etter \u00e5 ha fullf\u00f8rt min utdannelse i kommunikasjon ved Universitetet i Bergen, fikk jeg muligheten til \u00e5 jobbe innen ulike medier, der jeg har s\u00f8kt \u00e5 belyse viktige samfunnssp\u00f8rsm\u00e5l. I dag, som redakt\u00f8r for Nordnesrepublikken, pr\u00f8ver jeg \u00e5 forene min kj\u00e6rlighet for journalistikk med min lidenskap for innovasjon og eventyr.","sameAs":["https:\/\/nordnesrepublikken.no\/"]}]}},"_links":{"self":[{"href":"https:\/\/nordnesrepublikken.no\/index.php\/wp-json\/wp\/v2\/posts\/10864","targetHints":{"allow":["GET"]}}],"collection":[{"href":"https:\/\/nordnesrepublikken.no\/index.php\/wp-json\/wp\/v2\/posts"}],"about":[{"href":"https:\/\/nordnesrepublikken.no\/index.php\/wp-json\/wp\/v2\/types\/post"}],"author":[{"embeddable":true,"href":"https:\/\/nordnesrepublikken.no\/index.php\/wp-json\/wp\/v2\/users\/1"}],"replies":[{"embeddable":true,"href":"https:\/\/nordnesrepublikken.no\/index.php\/wp-json\/wp\/v2\/comments?post=10864"}],"version-history":[{"count":1,"href":"https:\/\/nordnesrepublikken.no\/index.php\/wp-json\/wp\/v2\/posts\/10864\/revisions"}],"predecessor-version":[{"id":10866,"href":"https:\/\/nordnesrepublikken.no\/index.php\/wp-json\/wp\/v2\/posts\/10864\/revisions\/10866"}],"wp:featuredmedia":[{"embeddable":true,"href":"https:\/\/nordnesrepublikken.no\/index.php\/wp-json\/wp\/v2\/media\/10865"}],"wp:attachment":[{"href":"https:\/\/nordnesrepublikken.no\/index.php\/wp-json\/wp\/v2\/media?parent=10864"}],"wp:term":[{"taxonomy":"category","embeddable":true,"href":"https:\/\/nordnesrepublikken.no\/index.php\/wp-json\/wp\/v2\/categories?post=10864"},{"taxonomy":"post_tag","embeddable":true,"href":"https:\/\/nordnesrepublikken.no\/index.php\/wp-json\/wp\/v2\/tags?post=10864"}],"curies":[{"name":"wp","href":"https:\/\/api.w.org\/{rel}","templated":true}]}}