{"id":10823,"date":"2025-10-21T20:51:00","date_gmt":"2025-10-21T18:51:00","guid":{"rendered":"https:\/\/nordnesrepublikken.no\/index.php\/2025\/10\/21\/nar-det-er-en-tidsendring\/"},"modified":"2025-10-21T20:51:15","modified_gmt":"2025-10-21T18:51:15","slug":"nar-det-er-en-tidsendring","status":"publish","type":"post","link":"https:\/\/nordnesrepublikken.no\/index.php\/2025\/10\/21\/nar-det-er-en-tidsendring\/","title":{"rendered":"n\u00e5r det er en tidsendring"},"content":{"rendered":"<div>\n<div class=\"cp_wrapper cp_wrapper--fw mb-30 mb-20@tablet\">\n<figure class=\"mm\"><picture class=\"img\" style=\"padding-top:56.25%\"><source  media=\"(min-width: 1024px)\"><source  media=\"(min-width: 768px)\"><\/source><\/source><\/picture><\/figure>\n<\/p><\/div>\n<p>I Italia n\u00e6rmer tidsendringen seg med <strong>tilbake til soltid<\/strong>: om natten mellom l\u00f8rdag 25. og <strong>S\u00f8ndag 26. oktober<\/strong> 2025 vil klokkeviserne flyttes tilbake en time, med<strong> 03:00<\/strong> som blir 02:00. P\u00e5 denne m\u00e5ten, i tillegg til <strong>sove en time ekstra<\/strong>vil vi f\u00e5 en time med lys tidlig p\u00e5 morgenen, men vi vil miste en time med lys sent p\u00e5 ettermiddagen.<\/p>\n<p>Tidsendringen vil i realiteten tre i kraft p\u00e5 samme tid gjennom hele<strong>Den europeiske union<\/strong>: soltid er s\u00e5 definert fordi den f\u00f8lger den tilsynelatende bevegelsen til solen, og plasserer <strong>middag<\/strong> (dvs. klokken 12) rundt det tidspunktet solen n\u00e5r sitt h\u00f8yeste punkt p\u00e5 himmelen. Dette er faktisk den &laquo;naturlige&raquo; tiden, som gj\u00f8r at naturlig belysning kan utnyttes tidlig om morgenen: i Italia<strong>veksling med sommertid<\/strong> (hvor tiden forskyves med \u00e9n time) ble testet for f\u00f8rste gang i 1916, men har offisielt v\u00e6rt i kraft siden <strong>1966<\/strong>.<\/p>\n<p>Debatten om mulig eliminering av tidsendringen er fortsatt \u00e5pen i dag: Europaparlamentet har diskutert det siden 2018 og de siste dagene den spanske statsministeren <strong>Pedro Sanchez<\/strong> han sa at han \u00f8nsket \u00e5 foresl\u00e5 for EU en definitiv avskaffelse av alternering fra og med 2026.<\/p>\n<h2>Standardtid kommer tilbake 26. oktober 2025: visere flyttet 60 minutter tilbake<\/h2>\n<p>Som hvert \u00e5r er overgangen fra sommertid til soltid lagt opp til<strong>siste s\u00f8ndag i oktober<\/strong>som i 2025 tilsvarer 26. oktober. Spesielt forventes tidsendringen i alle EU-land <strong>klokken 1:00 UTC<\/strong> (koordinert universell tid, dvs. Greenwich Mean Time), som i Italia tilsvarer<strong> 03.00 om morgenen<\/strong>.<\/p>\n<p>S\u00f8ndag 27. oktober flyttes viserne derfor en time tilbake, og forvandler 3:00 til 2:00: retur til soltid <strong>vil bli fremrykket med 60 minutter<\/strong> tidene for soloppgang og solnedgang, noe som gir oss en ekstra time med lys tidlig om morgenen, men tar bort en om kvelden.<\/p>\n<p>I virkeligheten gj\u00f8r mange klokker, som de p\u00e5 v\u00e5re smarttelefoner eller datamaskiner <strong>de vil oppdateres automatisk<\/strong> uten behov for inngripen fra v\u00e5r side. Analoge klokker vil derimot m\u00e5tte stilles tilbake \u00e9n time manuelt.<\/p>\n<h2>N\u00e5r sommertid kommer tilbake neste \u00e5r: dato og klokkeslett<\/h2>\n<p>Soltid vil forbli i kraft til siste s\u00f8ndag i mars: <strong>den 29. mars 2026 <\/strong>sommertid vil da komme tilbake og viserne vil bevege seg en time fremover, med <strong>02:00<\/strong> av natten som blir 03:00.<\/p>\n<p>Denne tidens veksling, som fortsatt diskuteres p\u00e5 europeisk niv\u00e5 i dag, ble testet for f\u00f8rste gang i Italia i <strong>1916<\/strong>med m\u00e5l om \u00e5 sikre st\u00f8rre energibesparelser under f\u00f8rste verdenskrig. Etter 50 \u00e5r med usikkerhet, i <strong>1966<\/strong> ikrafttredelsen av sommertid ble offisiell med lov n.1144. I <strong>1996<\/strong>da ble endringen av tid vedtatt gjennom resten av<strong>Den europeiske union<\/strong> med bruk av en felles kalender.<\/p>\n<\/p><\/div>\n","protected":false},"excerpt":{"rendered":"<p>I Italia n\u00e6rmer tidsendringen seg med tilbake til soltid: om natten mellom l\u00f8rdag 25. og<\/p>\n","protected":false},"author":1,"featured_media":10824,"comment_status":"closed","ping_status":"open","sticky":false,"template":"","format":"standard","meta":{"footnotes":""},"categories":[104],"tags":[66,16,7130],"class_list":["post-10823","post","type-post","status-publish","format-standard","has-post-thumbnail","hentry","category-samfunn","tag-det","tag-nar","tag-tidsendring","generate-columns","tablet-grid-50","mobile-grid-100","grid-parent","grid-33","resize-featured-image"],"yoast_head":"<!-- This site is optimized with the Yoast SEO plugin v24.4 - https:\/\/yoast.com\/wordpress\/plugins\/seo\/ -->\n<title>n\u00e5r det er en tidsendring - Nordnesrepublikken<\/title>\n<meta name=\"robots\" content=\"index, follow, max-snippet:-1, max-image-preview:large, max-video-preview:-1\" \/>\n<link rel=\"canonical\" href=\"https:\/\/nordnesrepublikken.no\/index.php\/2025\/10\/21\/nar-det-er-en-tidsendring\/\" \/>\n<meta property=\"og:locale\" content=\"nb_NO\" \/>\n<meta property=\"og:type\" content=\"article\" \/>\n<meta property=\"og:title\" content=\"n\u00e5r det er en tidsendring - Nordnesrepublikken\" \/>\n<meta property=\"og:description\" content=\"I Italia n\u00e6rmer tidsendringen seg med tilbake til soltid: om natten mellom l\u00f8rdag 25. og\" \/>\n<meta property=\"og:url\" content=\"https:\/\/nordnesrepublikken.no\/index.php\/2025\/10\/21\/nar-det-er-en-tidsendring\/\" \/>\n<meta property=\"og:site_name\" content=\"Nordnesrepublikken\" \/>\n<meta property=\"article:published_time\" content=\"2025-10-21T18:51:00+00:00\" \/>\n<meta property=\"article:modified_time\" content=\"2025-10-21T18:51:15+00:00\" \/>\n<meta property=\"og:image\" content=\"https:\/\/nordnesrepublikken.no\/wp-content\/uploads\/2025\/10\/1761072661_nar-det-er-en-tidsendring-scaled.jpg\" \/>\n\t<meta property=\"og:image:width\" content=\"2560\" \/>\n\t<meta property=\"og:image:height\" content=\"1696\" \/>\n\t<meta property=\"og:image:type\" content=\"image\/jpeg\" \/>\n<meta name=\"author\" content=\"Ole Andersen\" \/>\n<meta name=\"twitter:card\" content=\"summary_large_image\" \/>\n<meta name=\"twitter:label1\" content=\"Skrevet av\" \/>\n\t<meta name=\"twitter:data1\" content=\"Ole Andersen\" \/>\n\t<meta name=\"twitter:label2\" content=\"Ansl. lesetid\" \/>\n\t<meta name=\"twitter:data2\" content=\"2 minutter\" \/>\n<script type=\"application\/ld+json\" class=\"yoast-schema-graph\">{\"@context\":\"https:\/\/schema.org\",\"@graph\":[{\"@type\":\"Article\",\"@id\":\"https:\/\/nordnesrepublikken.no\/index.php\/2025\/10\/21\/nar-det-er-en-tidsendring\/#article\",\"isPartOf\":{\"@id\":\"https:\/\/nordnesrepublikken.no\/index.php\/2025\/10\/21\/nar-det-er-en-tidsendring\/\"},\"author\":{\"name\":\"Ole Andersen\",\"@id\":\"https:\/\/nordnesrepublikken.no\/#\/schema\/person\/2e7e81935bab77882fffb79296240ff1\"},\"headline\":\"n\u00e5r det er en tidsendring\",\"datePublished\":\"2025-10-21T18:51:00+00:00\",\"dateModified\":\"2025-10-21T18:51:15+00:00\",\"mainEntityOfPage\":{\"@id\":\"https:\/\/nordnesrepublikken.no\/index.php\/2025\/10\/21\/nar-det-er-en-tidsendring\/\"},\"wordCount\":424,\"publisher\":{\"@id\":\"https:\/\/nordnesrepublikken.no\/#organization\"},\"image\":{\"@id\":\"https:\/\/nordnesrepublikken.no\/index.php\/2025\/10\/21\/nar-det-er-en-tidsendring\/#primaryimage\"},\"thumbnailUrl\":\"https:\/\/nordnesrepublikken.no\/wp-content\/uploads\/2025\/10\/1761072661_nar-det-er-en-tidsendring-scaled.jpg\",\"keywords\":[\"Det\",\"n\u00e5r\",\"tidsendring\"],\"articleSection\":[\"Samfunn\"],\"inLanguage\":\"nb-NO\"},{\"@type\":\"WebPage\",\"@id\":\"https:\/\/nordnesrepublikken.no\/index.php\/2025\/10\/21\/nar-det-er-en-tidsendring\/\",\"url\":\"https:\/\/nordnesrepublikken.no\/index.php\/2025\/10\/21\/nar-det-er-en-tidsendring\/\",\"name\":\"n\u00e5r det er en tidsendring - Nordnesrepublikken\",\"isPartOf\":{\"@id\":\"https:\/\/nordnesrepublikken.no\/#website\"},\"primaryImageOfPage\":{\"@id\":\"https:\/\/nordnesrepublikken.no\/index.php\/2025\/10\/21\/nar-det-er-en-tidsendring\/#primaryimage\"},\"image\":{\"@id\":\"https:\/\/nordnesrepublikken.no\/index.php\/2025\/10\/21\/nar-det-er-en-tidsendring\/#primaryimage\"},\"thumbnailUrl\":\"https:\/\/nordnesrepublikken.no\/wp-content\/uploads\/2025\/10\/1761072661_nar-det-er-en-tidsendring-scaled.jpg\",\"datePublished\":\"2025-10-21T18:51:00+00:00\",\"dateModified\":\"2025-10-21T18:51:15+00:00\",\"breadcrumb\":{\"@id\":\"https:\/\/nordnesrepublikken.no\/index.php\/2025\/10\/21\/nar-det-er-en-tidsendring\/#breadcrumb\"},\"inLanguage\":\"nb-NO\",\"potentialAction\":[{\"@type\":\"ReadAction\",\"target\":[\"https:\/\/nordnesrepublikken.no\/index.php\/2025\/10\/21\/nar-det-er-en-tidsendring\/\"]}]},{\"@type\":\"ImageObject\",\"inLanguage\":\"nb-NO\",\"@id\":\"https:\/\/nordnesrepublikken.no\/index.php\/2025\/10\/21\/nar-det-er-en-tidsendring\/#primaryimage\",\"url\":\"https:\/\/nordnesrepublikken.no\/wp-content\/uploads\/2025\/10\/1761072661_nar-det-er-en-tidsendring-scaled.jpg\",\"contentUrl\":\"https:\/\/nordnesrepublikken.no\/wp-content\/uploads\/2025\/10\/1761072661_nar-det-er-en-tidsendring-scaled.jpg\",\"width\":2560,\"height\":1696,\"caption\":\"ora solare italia\"},{\"@type\":\"BreadcrumbList\",\"@id\":\"https:\/\/nordnesrepublikken.no\/index.php\/2025\/10\/21\/nar-det-er-en-tidsendring\/#breadcrumb\",\"itemListElement\":[{\"@type\":\"ListItem\",\"position\":1,\"name\":\"Home\",\"item\":\"https:\/\/nordnesrepublikken.no\/\"},{\"@type\":\"ListItem\",\"position\":2,\"name\":\"n\u00e5r det er en tidsendring\"}]},{\"@type\":\"WebSite\",\"@id\":\"https:\/\/nordnesrepublikken.no\/#website\",\"url\":\"https:\/\/nordnesrepublikken.no\/\",\"name\":\"Nordnesrepublikken\",\"description\":\"Stemmer og Visjoner fra Republikkens Hjerte\",\"publisher\":{\"@id\":\"https:\/\/nordnesrepublikken.no\/#organization\"},\"potentialAction\":[{\"@type\":\"SearchAction\",\"target\":{\"@type\":\"EntryPoint\",\"urlTemplate\":\"https:\/\/nordnesrepublikken.no\/?s={search_term_string}\"},\"query-input\":{\"@type\":\"PropertyValueSpecification\",\"valueRequired\":true,\"valueName\":\"search_term_string\"}}],\"inLanguage\":\"nb-NO\"},{\"@type\":\"Organization\",\"@id\":\"https:\/\/nordnesrepublikken.no\/#organization\",\"name\":\"Nordnesrepublikken\",\"url\":\"https:\/\/nordnesrepublikken.no\/\",\"logo\":{\"@type\":\"ImageObject\",\"inLanguage\":\"nb-NO\",\"@id\":\"https:\/\/nordnesrepublikken.no\/#\/schema\/logo\/image\/\",\"url\":\"https:\/\/nordnesrepublikken.no\/wp-content\/uploads\/2025\/02\/cropped-nordnesrepublikken-2.png\",\"contentUrl\":\"https:\/\/nordnesrepublikken.no\/wp-content\/uploads\/2025\/02\/cropped-nordnesrepublikken-2.png\",\"width\":1248,\"height\":362,\"caption\":\"Nordnesrepublikken\"},\"image\":{\"@id\":\"https:\/\/nordnesrepublikken.no\/#\/schema\/logo\/image\/\"}},{\"@type\":\"Person\",\"@id\":\"https:\/\/nordnesrepublikken.no\/#\/schema\/person\/2e7e81935bab77882fffb79296240ff1\",\"name\":\"Ole Andersen\",\"image\":{\"@type\":\"ImageObject\",\"inLanguage\":\"nb-NO\",\"@id\":\"https:\/\/nordnesrepublikken.no\/#\/schema\/person\/image\/\",\"url\":\"https:\/\/nordnesrepublikken.no\/wp-content\/uploads\/2025\/02\/nordnesrepublikken-2-2-150x150.jpg\",\"contentUrl\":\"https:\/\/nordnesrepublikken.no\/wp-content\/uploads\/2025\/02\/nordnesrepublikken-2-2-150x150.jpg\",\"caption\":\"Ole Andersen\"},\"description\":\"Ettersom jeg vokste opp i Oslo, har jeg alltid v\u00e6rt fascinert av ordenes kraft og deres evne til \u00e5 skape endringer. Etter \u00e5 ha fullf\u00f8rt min utdannelse i kommunikasjon ved Universitetet i Bergen, fikk jeg muligheten til \u00e5 jobbe innen ulike medier, der jeg har s\u00f8kt \u00e5 belyse viktige samfunnssp\u00f8rsm\u00e5l. I dag, som redakt\u00f8r for Nordnesrepublikken, pr\u00f8ver jeg \u00e5 forene min kj\u00e6rlighet for journalistikk med min lidenskap for innovasjon og eventyr.\",\"sameAs\":[\"https:\/\/nordnesrepublikken.no\/\"]}]}<\/script>\n<!-- \/ Yoast SEO plugin. -->","yoast_head_json":{"title":"n\u00e5r det er en tidsendring - Nordnesrepublikken","robots":{"index":"index","follow":"follow","max-snippet":"max-snippet:-1","max-image-preview":"max-image-preview:large","max-video-preview":"max-video-preview:-1"},"canonical":"https:\/\/nordnesrepublikken.no\/index.php\/2025\/10\/21\/nar-det-er-en-tidsendring\/","og_locale":"nb_NO","og_type":"article","og_title":"n\u00e5r det er en tidsendring - Nordnesrepublikken","og_description":"I Italia n\u00e6rmer tidsendringen seg med tilbake til soltid: om natten mellom l\u00f8rdag 25. og","og_url":"https:\/\/nordnesrepublikken.no\/index.php\/2025\/10\/21\/nar-det-er-en-tidsendring\/","og_site_name":"Nordnesrepublikken","article_published_time":"2025-10-21T18:51:00+00:00","article_modified_time":"2025-10-21T18:51:15+00:00","og_image":[{"width":2560,"height":1696,"url":"https:\/\/nordnesrepublikken.no\/wp-content\/uploads\/2025\/10\/1761072661_nar-det-er-en-tidsendring-scaled.jpg","type":"image\/jpeg"}],"author":"Ole Andersen","twitter_card":"summary_large_image","twitter_misc":{"Skrevet av":"Ole Andersen","Ansl. lesetid":"2 minutter"},"schema":{"@context":"https:\/\/schema.org","@graph":[{"@type":"Article","@id":"https:\/\/nordnesrepublikken.no\/index.php\/2025\/10\/21\/nar-det-er-en-tidsendring\/#article","isPartOf":{"@id":"https:\/\/nordnesrepublikken.no\/index.php\/2025\/10\/21\/nar-det-er-en-tidsendring\/"},"author":{"name":"Ole Andersen","@id":"https:\/\/nordnesrepublikken.no\/#\/schema\/person\/2e7e81935bab77882fffb79296240ff1"},"headline":"n\u00e5r det er en tidsendring","datePublished":"2025-10-21T18:51:00+00:00","dateModified":"2025-10-21T18:51:15+00:00","mainEntityOfPage":{"@id":"https:\/\/nordnesrepublikken.no\/index.php\/2025\/10\/21\/nar-det-er-en-tidsendring\/"},"wordCount":424,"publisher":{"@id":"https:\/\/nordnesrepublikken.no\/#organization"},"image":{"@id":"https:\/\/nordnesrepublikken.no\/index.php\/2025\/10\/21\/nar-det-er-en-tidsendring\/#primaryimage"},"thumbnailUrl":"https:\/\/nordnesrepublikken.no\/wp-content\/uploads\/2025\/10\/1761072661_nar-det-er-en-tidsendring-scaled.jpg","keywords":["Det","n\u00e5r","tidsendring"],"articleSection":["Samfunn"],"inLanguage":"nb-NO"},{"@type":"WebPage","@id":"https:\/\/nordnesrepublikken.no\/index.php\/2025\/10\/21\/nar-det-er-en-tidsendring\/","url":"https:\/\/nordnesrepublikken.no\/index.php\/2025\/10\/21\/nar-det-er-en-tidsendring\/","name":"n\u00e5r det er en tidsendring - Nordnesrepublikken","isPartOf":{"@id":"https:\/\/nordnesrepublikken.no\/#website"},"primaryImageOfPage":{"@id":"https:\/\/nordnesrepublikken.no\/index.php\/2025\/10\/21\/nar-det-er-en-tidsendring\/#primaryimage"},"image":{"@id":"https:\/\/nordnesrepublikken.no\/index.php\/2025\/10\/21\/nar-det-er-en-tidsendring\/#primaryimage"},"thumbnailUrl":"https:\/\/nordnesrepublikken.no\/wp-content\/uploads\/2025\/10\/1761072661_nar-det-er-en-tidsendring-scaled.jpg","datePublished":"2025-10-21T18:51:00+00:00","dateModified":"2025-10-21T18:51:15+00:00","breadcrumb":{"@id":"https:\/\/nordnesrepublikken.no\/index.php\/2025\/10\/21\/nar-det-er-en-tidsendring\/#breadcrumb"},"inLanguage":"nb-NO","potentialAction":[{"@type":"ReadAction","target":["https:\/\/nordnesrepublikken.no\/index.php\/2025\/10\/21\/nar-det-er-en-tidsendring\/"]}]},{"@type":"ImageObject","inLanguage":"nb-NO","@id":"https:\/\/nordnesrepublikken.no\/index.php\/2025\/10\/21\/nar-det-er-en-tidsendring\/#primaryimage","url":"https:\/\/nordnesrepublikken.no\/wp-content\/uploads\/2025\/10\/1761072661_nar-det-er-en-tidsendring-scaled.jpg","contentUrl":"https:\/\/nordnesrepublikken.no\/wp-content\/uploads\/2025\/10\/1761072661_nar-det-er-en-tidsendring-scaled.jpg","width":2560,"height":1696,"caption":"ora solare italia"},{"@type":"BreadcrumbList","@id":"https:\/\/nordnesrepublikken.no\/index.php\/2025\/10\/21\/nar-det-er-en-tidsendring\/#breadcrumb","itemListElement":[{"@type":"ListItem","position":1,"name":"Home","item":"https:\/\/nordnesrepublikken.no\/"},{"@type":"ListItem","position":2,"name":"n\u00e5r det er en tidsendring"}]},{"@type":"WebSite","@id":"https:\/\/nordnesrepublikken.no\/#website","url":"https:\/\/nordnesrepublikken.no\/","name":"Nordnesrepublikken","description":"Stemmer og Visjoner fra Republikkens Hjerte","publisher":{"@id":"https:\/\/nordnesrepublikken.no\/#organization"},"potentialAction":[{"@type":"SearchAction","target":{"@type":"EntryPoint","urlTemplate":"https:\/\/nordnesrepublikken.no\/?s={search_term_string}"},"query-input":{"@type":"PropertyValueSpecification","valueRequired":true,"valueName":"search_term_string"}}],"inLanguage":"nb-NO"},{"@type":"Organization","@id":"https:\/\/nordnesrepublikken.no\/#organization","name":"Nordnesrepublikken","url":"https:\/\/nordnesrepublikken.no\/","logo":{"@type":"ImageObject","inLanguage":"nb-NO","@id":"https:\/\/nordnesrepublikken.no\/#\/schema\/logo\/image\/","url":"https:\/\/nordnesrepublikken.no\/wp-content\/uploads\/2025\/02\/cropped-nordnesrepublikken-2.png","contentUrl":"https:\/\/nordnesrepublikken.no\/wp-content\/uploads\/2025\/02\/cropped-nordnesrepublikken-2.png","width":1248,"height":362,"caption":"Nordnesrepublikken"},"image":{"@id":"https:\/\/nordnesrepublikken.no\/#\/schema\/logo\/image\/"}},{"@type":"Person","@id":"https:\/\/nordnesrepublikken.no\/#\/schema\/person\/2e7e81935bab77882fffb79296240ff1","name":"Ole Andersen","image":{"@type":"ImageObject","inLanguage":"nb-NO","@id":"https:\/\/nordnesrepublikken.no\/#\/schema\/person\/image\/","url":"https:\/\/nordnesrepublikken.no\/wp-content\/uploads\/2025\/02\/nordnesrepublikken-2-2-150x150.jpg","contentUrl":"https:\/\/nordnesrepublikken.no\/wp-content\/uploads\/2025\/02\/nordnesrepublikken-2-2-150x150.jpg","caption":"Ole Andersen"},"description":"Ettersom jeg vokste opp i Oslo, har jeg alltid v\u00e6rt fascinert av ordenes kraft og deres evne til \u00e5 skape endringer. Etter \u00e5 ha fullf\u00f8rt min utdannelse i kommunikasjon ved Universitetet i Bergen, fikk jeg muligheten til \u00e5 jobbe innen ulike medier, der jeg har s\u00f8kt \u00e5 belyse viktige samfunnssp\u00f8rsm\u00e5l. I dag, som redakt\u00f8r for Nordnesrepublikken, pr\u00f8ver jeg \u00e5 forene min kj\u00e6rlighet for journalistikk med min lidenskap for innovasjon og eventyr.","sameAs":["https:\/\/nordnesrepublikken.no\/"]}]}},"_links":{"self":[{"href":"https:\/\/nordnesrepublikken.no\/index.php\/wp-json\/wp\/v2\/posts\/10823","targetHints":{"allow":["GET"]}}],"collection":[{"href":"https:\/\/nordnesrepublikken.no\/index.php\/wp-json\/wp\/v2\/posts"}],"about":[{"href":"https:\/\/nordnesrepublikken.no\/index.php\/wp-json\/wp\/v2\/types\/post"}],"author":[{"embeddable":true,"href":"https:\/\/nordnesrepublikken.no\/index.php\/wp-json\/wp\/v2\/users\/1"}],"replies":[{"embeddable":true,"href":"https:\/\/nordnesrepublikken.no\/index.php\/wp-json\/wp\/v2\/comments?post=10823"}],"version-history":[{"count":1,"href":"https:\/\/nordnesrepublikken.no\/index.php\/wp-json\/wp\/v2\/posts\/10823\/revisions"}],"predecessor-version":[{"id":10825,"href":"https:\/\/nordnesrepublikken.no\/index.php\/wp-json\/wp\/v2\/posts\/10823\/revisions\/10825"}],"wp:featuredmedia":[{"embeddable":true,"href":"https:\/\/nordnesrepublikken.no\/index.php\/wp-json\/wp\/v2\/media\/10824"}],"wp:attachment":[{"href":"https:\/\/nordnesrepublikken.no\/index.php\/wp-json\/wp\/v2\/media?parent=10823"}],"wp:term":[{"taxonomy":"category","embeddable":true,"href":"https:\/\/nordnesrepublikken.no\/index.php\/wp-json\/wp\/v2\/categories?post=10823"},{"taxonomy":"post_tag","embeddable":true,"href":"https:\/\/nordnesrepublikken.no\/index.php\/wp-json\/wp\/v2\/tags?post=10823"}],"curies":[{"name":"wp","href":"https:\/\/api.w.org\/{rel}","templated":true}]}}