{"id":10814,"date":"2025-10-21T13:50:24","date_gmt":"2025-10-21T11:50:24","guid":{"rendered":"https:\/\/nordnesrepublikken.no\/index.php\/2025\/10\/21\/hva-vil-skje-med-juvelene-stjalet-fra-louvre-ekspertenes-mening\/"},"modified":"2025-10-21T13:50:25","modified_gmt":"2025-10-21T11:50:25","slug":"hva-vil-skje-med-juvelene-stjalet-fra-louvre-ekspertenes-mening","status":"publish","type":"post","link":"https:\/\/nordnesrepublikken.no\/index.php\/2025\/10\/21\/hva-vil-skje-med-juvelene-stjalet-fra-louvre-ekspertenes-mening\/","title":{"rendered":"Hva vil skje med juvelene stj\u00e5let fra Louvre? Ekspertenes mening"},"content":{"rendered":"<div>\n<div class=\"cp_wrapper cp_wrapper--fw mb-30 mb-20@tablet\">\n<figure class=\"mm\"><picture class=\"img\" style=\"padding-top:56.25%\"><source  media=\"(min-width: 1024px)\"><source  media=\"(min-width: 768px)\"><\/source><\/source><\/picture><\/figure>\n<\/p><\/div>\n<p>Det nylige tyveriet kl <strong>Louvre-museet i Paris<\/strong> har skapt mye diskusjon, spesielt ang\u00e5ende sikkerhetsprosedyrer p\u00e5 et av de mest kjente turiststedene i verden. \u00c5tte<b> juveler som tilh\u00f8rte Napoleon<\/b> de ble stj\u00e5let fra Gallery of Apollo, hvor de franske kronjuvelene oppbevares. Tyvene tok ved hjelp av en vanlig talje og en enkel kvern tyvegods med en verdi definert som \u00abuvurderlig\u00bb av det franske kulturdepartementet. Men i disse timene stiller mange mennesker seg selv et sp\u00f8rsm\u00e5l:<strong> Hva vil skje med de stj\u00e5lne juvelene?<\/strong> Faktisk er dette artefakter som dette <strong>gjenkjennelig<\/strong> og s\u00e5 <strong>dyrebare<\/strong> at det mest sannsynlig ville v\u00e6re umulig \u00e5 selge dem da de til og med er p\u00e5 <strong>svarte markedet<\/strong>. For \u00e5 pr\u00f8ve \u00e5 gi litt klarhet, la oss analysere hovedhypotesene formulert av eksperter.<\/p>\n<p>I f\u00f8lge det som ble erkl\u00e6rt av den nederlandske detektiven <strong>Arthur Brand<\/strong> ved <strong>BBC<\/strong>smykker vil sannsynligvis bli demontert &#8211; gull og s\u00f8lv vil komme <strong>smeltet<\/strong> og hver av edelstenene skal komme <strong>selges enkeltvis<\/strong>. La oss ta keiserinne Eugenies tiara som et eksempel: bare det best\u00e5r av <strong>over 2000 diamanter<\/strong>!<\/p>\n<div class=\"cp_wrapper cp_wrapper--fw mb-50\">\n<figure class=\"mm\"><picture class=\"img\" style=\"padding-top:54.080522306855%\"><source  media=\"(min-width: 1024px)\"><source  media=\"(min-width: 768px)\"><img decoding=\"async\" loading=\"lazy\" src=\"https:\/\/nordnesrepublikken.no\/wp-content\/uploads\/2025\/10\/1760971833_101_Hvilke-juveler-ble-stjalet-fra-Louvre-og-hvor-mye-de.jpg\" alt=\"Bilde\" width=\"1838\" height=\"994\"\/><\/source><\/source><\/picture><\/figure>\n<\/p><\/div>\n<p>Det er klart at hver av steinene, for et ekspert\u00f8ye, er gjenkjennelige selv om de er fjernet fra den originale juvelen, og derfor en <strong>nytt snitt til steinene<\/strong>for \u00e5 gj\u00f8re dem ugjenkjennelige og vanskelige \u00e5 koble til tyveriet av Louvre.<\/p>\n<p>Smykkehistorikeren <strong>Carol Woolton <\/strong>i stedet bekreftet han at tyvene, etter all sannsynlighet, valgte juvelene for \u00e5 stjele med ekstrem forsiktighet, og tok dem<strong> den mest dyrebare<\/strong> av hele samlingen. Av samme grunn antar han at kronen til keiserinne Eugenie var <strong>frivillig forlatt<\/strong> f\u00f8r r\u00f8mningen: steinene som er tilstede her ville ha v\u00e6rt for sm\u00e5 til \u00e5 kunne bearbeides lett, noe som gjorde tyveriet til en un\u00f8dvendig risiko.<\/p>\n<p>I virkeligheten er det ogs\u00e5 en annen hypotese. Forel\u00f8pig har vi tatt det for gitt at juvelene skal selges, men muligheten for at kuppet ble utf\u00f8rt kan ikke utelukkes <strong>i oppdrag<\/strong> til en kriminell organisasjon fra en <strong>rik finansmann<\/strong>villig til \u00e5 gj\u00f8re hva som helst for \u00e5 ha Louvres juveler i sin private samling. I dette tilfellet ville ikke gjenstandene bli demontert, men gjemt og n\u00f8ye bevart som ulovlige relikvier.<\/p>\n<\/p><\/div>\n","protected":false},"excerpt":{"rendered":"<p>Det nylige tyveriet kl Louvre-museet i Paris har skapt mye diskusjon, spesielt ang\u00e5ende sikkerhetsprosedyrer p\u00e5<\/p>\n","protected":false},"author":1,"featured_media":10815,"comment_status":"closed","ping_status":"open","sticky":false,"template":"","format":"standard","meta":{"footnotes":""},"categories":[104],"tags":[7121,125,144,7120,7100,79,7122,2151,5127,149],"class_list":["post-10814","post","type-post","status-publish","format-standard","has-post-thumbnail","hentry","category-samfunn","tag-ekspertenes","tag-fra","tag-hva","tag-juvelene","tag-louvre","tag-med","tag-mening","tag-skje","tag-stjalet","tag-vil","generate-columns","tablet-grid-50","mobile-grid-100","grid-parent","grid-33","resize-featured-image"],"yoast_head":"<!-- This site is optimized with the Yoast SEO plugin v24.4 - https:\/\/yoast.com\/wordpress\/plugins\/seo\/ -->\n<title>Hva vil skje med juvelene stj\u00e5let fra Louvre? Ekspertenes mening - Nordnesrepublikken<\/title>\n<meta name=\"robots\" content=\"index, follow, max-snippet:-1, max-image-preview:large, max-video-preview:-1\" \/>\n<link rel=\"canonical\" href=\"https:\/\/nordnesrepublikken.no\/index.php\/2025\/10\/21\/hva-vil-skje-med-juvelene-stjalet-fra-louvre-ekspertenes-mening\/\" \/>\n<meta property=\"og:locale\" content=\"nb_NO\" \/>\n<meta property=\"og:type\" content=\"article\" \/>\n<meta property=\"og:title\" content=\"Hva vil skje med juvelene stj\u00e5let fra Louvre? Ekspertenes mening - Nordnesrepublikken\" \/>\n<meta property=\"og:description\" content=\"Det nylige tyveriet kl Louvre-museet i Paris har skapt mye diskusjon, spesielt ang\u00e5ende sikkerhetsprosedyrer p\u00e5\" \/>\n<meta property=\"og:url\" content=\"https:\/\/nordnesrepublikken.no\/index.php\/2025\/10\/21\/hva-vil-skje-med-juvelene-stjalet-fra-louvre-ekspertenes-mening\/\" \/>\n<meta property=\"og:site_name\" content=\"Nordnesrepublikken\" \/>\n<meta property=\"article:published_time\" content=\"2025-10-21T11:50:24+00:00\" \/>\n<meta property=\"article:modified_time\" content=\"2025-10-21T11:50:25+00:00\" \/>\n<meta property=\"og:image\" content=\"https:\/\/nordnesrepublikken.no\/wp-content\/uploads\/2025\/10\/1761047424_Hva-vil-skje-med-juvelene-stjalet-fra-Louvre-Ekspertenes-mening.jpg\" \/>\n\t<meta property=\"og:image:width\" content=\"1280\" \/>\n\t<meta property=\"og:image:height\" content=\"720\" \/>\n\t<meta property=\"og:image:type\" content=\"image\/jpeg\" \/>\n<meta name=\"author\" content=\"Ole Andersen\" \/>\n<meta name=\"twitter:card\" content=\"summary_large_image\" \/>\n<meta name=\"twitter:label1\" content=\"Skrevet av\" \/>\n\t<meta name=\"twitter:data1\" content=\"Ole Andersen\" \/>\n\t<meta name=\"twitter:label2\" content=\"Ansl. lesetid\" \/>\n\t<meta name=\"twitter:data2\" content=\"2 minutter\" \/>\n<script type=\"application\/ld+json\" class=\"yoast-schema-graph\">{\"@context\":\"https:\/\/schema.org\",\"@graph\":[{\"@type\":\"Article\",\"@id\":\"https:\/\/nordnesrepublikken.no\/index.php\/2025\/10\/21\/hva-vil-skje-med-juvelene-stjalet-fra-louvre-ekspertenes-mening\/#article\",\"isPartOf\":{\"@id\":\"https:\/\/nordnesrepublikken.no\/index.php\/2025\/10\/21\/hva-vil-skje-med-juvelene-stjalet-fra-louvre-ekspertenes-mening\/\"},\"author\":{\"name\":\"Ole Andersen\",\"@id\":\"https:\/\/nordnesrepublikken.no\/#\/schema\/person\/2e7e81935bab77882fffb79296240ff1\"},\"headline\":\"Hva vil skje med juvelene stj\u00e5let fra Louvre? Ekspertenes mening\",\"datePublished\":\"2025-10-21T11:50:24+00:00\",\"dateModified\":\"2025-10-21T11:50:25+00:00\",\"mainEntityOfPage\":{\"@id\":\"https:\/\/nordnesrepublikken.no\/index.php\/2025\/10\/21\/hva-vil-skje-med-juvelene-stjalet-fra-louvre-ekspertenes-mening\/\"},\"wordCount\":373,\"publisher\":{\"@id\":\"https:\/\/nordnesrepublikken.no\/#organization\"},\"image\":{\"@id\":\"https:\/\/nordnesrepublikken.no\/index.php\/2025\/10\/21\/hva-vil-skje-med-juvelene-stjalet-fra-louvre-ekspertenes-mening\/#primaryimage\"},\"thumbnailUrl\":\"https:\/\/nordnesrepublikken.no\/wp-content\/uploads\/2025\/10\/1761047424_Hva-vil-skje-med-juvelene-stjalet-fra-Louvre-Ekspertenes-mening.jpg\",\"keywords\":[\"Ekspertenes\",\"fra\",\"Hva\",\"juvelene\",\"Louvre\",\"med\",\"mening\",\"skje\",\"stj\u00e5let\",\"vil\"],\"articleSection\":[\"Samfunn\"],\"inLanguage\":\"nb-NO\"},{\"@type\":\"WebPage\",\"@id\":\"https:\/\/nordnesrepublikken.no\/index.php\/2025\/10\/21\/hva-vil-skje-med-juvelene-stjalet-fra-louvre-ekspertenes-mening\/\",\"url\":\"https:\/\/nordnesrepublikken.no\/index.php\/2025\/10\/21\/hva-vil-skje-med-juvelene-stjalet-fra-louvre-ekspertenes-mening\/\",\"name\":\"Hva vil skje med juvelene stj\u00e5let fra Louvre? Ekspertenes mening - Nordnesrepublikken\",\"isPartOf\":{\"@id\":\"https:\/\/nordnesrepublikken.no\/#website\"},\"primaryImageOfPage\":{\"@id\":\"https:\/\/nordnesrepublikken.no\/index.php\/2025\/10\/21\/hva-vil-skje-med-juvelene-stjalet-fra-louvre-ekspertenes-mening\/#primaryimage\"},\"image\":{\"@id\":\"https:\/\/nordnesrepublikken.no\/index.php\/2025\/10\/21\/hva-vil-skje-med-juvelene-stjalet-fra-louvre-ekspertenes-mening\/#primaryimage\"},\"thumbnailUrl\":\"https:\/\/nordnesrepublikken.no\/wp-content\/uploads\/2025\/10\/1761047424_Hva-vil-skje-med-juvelene-stjalet-fra-Louvre-Ekspertenes-mening.jpg\",\"datePublished\":\"2025-10-21T11:50:24+00:00\",\"dateModified\":\"2025-10-21T11:50:25+00:00\",\"breadcrumb\":{\"@id\":\"https:\/\/nordnesrepublikken.no\/index.php\/2025\/10\/21\/hva-vil-skje-med-juvelene-stjalet-fra-louvre-ekspertenes-mening\/#breadcrumb\"},\"inLanguage\":\"nb-NO\",\"potentialAction\":[{\"@type\":\"ReadAction\",\"target\":[\"https:\/\/nordnesrepublikken.no\/index.php\/2025\/10\/21\/hva-vil-skje-med-juvelene-stjalet-fra-louvre-ekspertenes-mening\/\"]}]},{\"@type\":\"ImageObject\",\"inLanguage\":\"nb-NO\",\"@id\":\"https:\/\/nordnesrepublikken.no\/index.php\/2025\/10\/21\/hva-vil-skje-med-juvelene-stjalet-fra-louvre-ekspertenes-mening\/#primaryimage\",\"url\":\"https:\/\/nordnesrepublikken.no\/wp-content\/uploads\/2025\/10\/1761047424_Hva-vil-skje-med-juvelene-stjalet-fra-Louvre-Ekspertenes-mening.jpg\",\"contentUrl\":\"https:\/\/nordnesrepublikken.no\/wp-content\/uploads\/2025\/10\/1761047424_Hva-vil-skje-med-juvelene-stjalet-fra-Louvre-Ekspertenes-mening.jpg\",\"width\":1280,\"height\":720,\"caption\":\"Hva vil skje med juvelene stj\u00e5let fra Louvre? Ekspertenes mening\"},{\"@type\":\"BreadcrumbList\",\"@id\":\"https:\/\/nordnesrepublikken.no\/index.php\/2025\/10\/21\/hva-vil-skje-med-juvelene-stjalet-fra-louvre-ekspertenes-mening\/#breadcrumb\",\"itemListElement\":[{\"@type\":\"ListItem\",\"position\":1,\"name\":\"Home\",\"item\":\"https:\/\/nordnesrepublikken.no\/\"},{\"@type\":\"ListItem\",\"position\":2,\"name\":\"Hva vil skje med juvelene stj\u00e5let fra Louvre? Ekspertenes mening\"}]},{\"@type\":\"WebSite\",\"@id\":\"https:\/\/nordnesrepublikken.no\/#website\",\"url\":\"https:\/\/nordnesrepublikken.no\/\",\"name\":\"Nordnesrepublikken\",\"description\":\"Stemmer og Visjoner fra Republikkens Hjerte\",\"publisher\":{\"@id\":\"https:\/\/nordnesrepublikken.no\/#organization\"},\"potentialAction\":[{\"@type\":\"SearchAction\",\"target\":{\"@type\":\"EntryPoint\",\"urlTemplate\":\"https:\/\/nordnesrepublikken.no\/?s={search_term_string}\"},\"query-input\":{\"@type\":\"PropertyValueSpecification\",\"valueRequired\":true,\"valueName\":\"search_term_string\"}}],\"inLanguage\":\"nb-NO\"},{\"@type\":\"Organization\",\"@id\":\"https:\/\/nordnesrepublikken.no\/#organization\",\"name\":\"Nordnesrepublikken\",\"url\":\"https:\/\/nordnesrepublikken.no\/\",\"logo\":{\"@type\":\"ImageObject\",\"inLanguage\":\"nb-NO\",\"@id\":\"https:\/\/nordnesrepublikken.no\/#\/schema\/logo\/image\/\",\"url\":\"https:\/\/nordnesrepublikken.no\/wp-content\/uploads\/2025\/02\/cropped-nordnesrepublikken-2.png\",\"contentUrl\":\"https:\/\/nordnesrepublikken.no\/wp-content\/uploads\/2025\/02\/cropped-nordnesrepublikken-2.png\",\"width\":1248,\"height\":362,\"caption\":\"Nordnesrepublikken\"},\"image\":{\"@id\":\"https:\/\/nordnesrepublikken.no\/#\/schema\/logo\/image\/\"}},{\"@type\":\"Person\",\"@id\":\"https:\/\/nordnesrepublikken.no\/#\/schema\/person\/2e7e81935bab77882fffb79296240ff1\",\"name\":\"Ole Andersen\",\"image\":{\"@type\":\"ImageObject\",\"inLanguage\":\"nb-NO\",\"@id\":\"https:\/\/nordnesrepublikken.no\/#\/schema\/person\/image\/\",\"url\":\"https:\/\/nordnesrepublikken.no\/wp-content\/uploads\/2025\/02\/nordnesrepublikken-2-2-150x150.jpg\",\"contentUrl\":\"https:\/\/nordnesrepublikken.no\/wp-content\/uploads\/2025\/02\/nordnesrepublikken-2-2-150x150.jpg\",\"caption\":\"Ole Andersen\"},\"description\":\"Ettersom jeg vokste opp i Oslo, har jeg alltid v\u00e6rt fascinert av ordenes kraft og deres evne til \u00e5 skape endringer. Etter \u00e5 ha fullf\u00f8rt min utdannelse i kommunikasjon ved Universitetet i Bergen, fikk jeg muligheten til \u00e5 jobbe innen ulike medier, der jeg har s\u00f8kt \u00e5 belyse viktige samfunnssp\u00f8rsm\u00e5l. I dag, som redakt\u00f8r for Nordnesrepublikken, pr\u00f8ver jeg \u00e5 forene min kj\u00e6rlighet for journalistikk med min lidenskap for innovasjon og eventyr.\",\"sameAs\":[\"https:\/\/nordnesrepublikken.no\/\"]}]}<\/script>\n<!-- \/ Yoast SEO plugin. -->","yoast_head_json":{"title":"Hva vil skje med juvelene stj\u00e5let fra Louvre? Ekspertenes mening - Nordnesrepublikken","robots":{"index":"index","follow":"follow","max-snippet":"max-snippet:-1","max-image-preview":"max-image-preview:large","max-video-preview":"max-video-preview:-1"},"canonical":"https:\/\/nordnesrepublikken.no\/index.php\/2025\/10\/21\/hva-vil-skje-med-juvelene-stjalet-fra-louvre-ekspertenes-mening\/","og_locale":"nb_NO","og_type":"article","og_title":"Hva vil skje med juvelene stj\u00e5let fra Louvre? Ekspertenes mening - Nordnesrepublikken","og_description":"Det nylige tyveriet kl Louvre-museet i Paris har skapt mye diskusjon, spesielt ang\u00e5ende sikkerhetsprosedyrer p\u00e5","og_url":"https:\/\/nordnesrepublikken.no\/index.php\/2025\/10\/21\/hva-vil-skje-med-juvelene-stjalet-fra-louvre-ekspertenes-mening\/","og_site_name":"Nordnesrepublikken","article_published_time":"2025-10-21T11:50:24+00:00","article_modified_time":"2025-10-21T11:50:25+00:00","og_image":[{"width":1280,"height":720,"url":"https:\/\/nordnesrepublikken.no\/wp-content\/uploads\/2025\/10\/1761047424_Hva-vil-skje-med-juvelene-stjalet-fra-Louvre-Ekspertenes-mening.jpg","type":"image\/jpeg"}],"author":"Ole Andersen","twitter_card":"summary_large_image","twitter_misc":{"Skrevet av":"Ole Andersen","Ansl. lesetid":"2 minutter"},"schema":{"@context":"https:\/\/schema.org","@graph":[{"@type":"Article","@id":"https:\/\/nordnesrepublikken.no\/index.php\/2025\/10\/21\/hva-vil-skje-med-juvelene-stjalet-fra-louvre-ekspertenes-mening\/#article","isPartOf":{"@id":"https:\/\/nordnesrepublikken.no\/index.php\/2025\/10\/21\/hva-vil-skje-med-juvelene-stjalet-fra-louvre-ekspertenes-mening\/"},"author":{"name":"Ole Andersen","@id":"https:\/\/nordnesrepublikken.no\/#\/schema\/person\/2e7e81935bab77882fffb79296240ff1"},"headline":"Hva vil skje med juvelene stj\u00e5let fra Louvre? Ekspertenes mening","datePublished":"2025-10-21T11:50:24+00:00","dateModified":"2025-10-21T11:50:25+00:00","mainEntityOfPage":{"@id":"https:\/\/nordnesrepublikken.no\/index.php\/2025\/10\/21\/hva-vil-skje-med-juvelene-stjalet-fra-louvre-ekspertenes-mening\/"},"wordCount":373,"publisher":{"@id":"https:\/\/nordnesrepublikken.no\/#organization"},"image":{"@id":"https:\/\/nordnesrepublikken.no\/index.php\/2025\/10\/21\/hva-vil-skje-med-juvelene-stjalet-fra-louvre-ekspertenes-mening\/#primaryimage"},"thumbnailUrl":"https:\/\/nordnesrepublikken.no\/wp-content\/uploads\/2025\/10\/1761047424_Hva-vil-skje-med-juvelene-stjalet-fra-Louvre-Ekspertenes-mening.jpg","keywords":["Ekspertenes","fra","Hva","juvelene","Louvre","med","mening","skje","stj\u00e5let","vil"],"articleSection":["Samfunn"],"inLanguage":"nb-NO"},{"@type":"WebPage","@id":"https:\/\/nordnesrepublikken.no\/index.php\/2025\/10\/21\/hva-vil-skje-med-juvelene-stjalet-fra-louvre-ekspertenes-mening\/","url":"https:\/\/nordnesrepublikken.no\/index.php\/2025\/10\/21\/hva-vil-skje-med-juvelene-stjalet-fra-louvre-ekspertenes-mening\/","name":"Hva vil skje med juvelene stj\u00e5let fra Louvre? Ekspertenes mening - Nordnesrepublikken","isPartOf":{"@id":"https:\/\/nordnesrepublikken.no\/#website"},"primaryImageOfPage":{"@id":"https:\/\/nordnesrepublikken.no\/index.php\/2025\/10\/21\/hva-vil-skje-med-juvelene-stjalet-fra-louvre-ekspertenes-mening\/#primaryimage"},"image":{"@id":"https:\/\/nordnesrepublikken.no\/index.php\/2025\/10\/21\/hva-vil-skje-med-juvelene-stjalet-fra-louvre-ekspertenes-mening\/#primaryimage"},"thumbnailUrl":"https:\/\/nordnesrepublikken.no\/wp-content\/uploads\/2025\/10\/1761047424_Hva-vil-skje-med-juvelene-stjalet-fra-Louvre-Ekspertenes-mening.jpg","datePublished":"2025-10-21T11:50:24+00:00","dateModified":"2025-10-21T11:50:25+00:00","breadcrumb":{"@id":"https:\/\/nordnesrepublikken.no\/index.php\/2025\/10\/21\/hva-vil-skje-med-juvelene-stjalet-fra-louvre-ekspertenes-mening\/#breadcrumb"},"inLanguage":"nb-NO","potentialAction":[{"@type":"ReadAction","target":["https:\/\/nordnesrepublikken.no\/index.php\/2025\/10\/21\/hva-vil-skje-med-juvelene-stjalet-fra-louvre-ekspertenes-mening\/"]}]},{"@type":"ImageObject","inLanguage":"nb-NO","@id":"https:\/\/nordnesrepublikken.no\/index.php\/2025\/10\/21\/hva-vil-skje-med-juvelene-stjalet-fra-louvre-ekspertenes-mening\/#primaryimage","url":"https:\/\/nordnesrepublikken.no\/wp-content\/uploads\/2025\/10\/1761047424_Hva-vil-skje-med-juvelene-stjalet-fra-Louvre-Ekspertenes-mening.jpg","contentUrl":"https:\/\/nordnesrepublikken.no\/wp-content\/uploads\/2025\/10\/1761047424_Hva-vil-skje-med-juvelene-stjalet-fra-Louvre-Ekspertenes-mening.jpg","width":1280,"height":720,"caption":"Hva vil skje med juvelene stj\u00e5let fra Louvre? Ekspertenes mening"},{"@type":"BreadcrumbList","@id":"https:\/\/nordnesrepublikken.no\/index.php\/2025\/10\/21\/hva-vil-skje-med-juvelene-stjalet-fra-louvre-ekspertenes-mening\/#breadcrumb","itemListElement":[{"@type":"ListItem","position":1,"name":"Home","item":"https:\/\/nordnesrepublikken.no\/"},{"@type":"ListItem","position":2,"name":"Hva vil skje med juvelene stj\u00e5let fra Louvre? Ekspertenes mening"}]},{"@type":"WebSite","@id":"https:\/\/nordnesrepublikken.no\/#website","url":"https:\/\/nordnesrepublikken.no\/","name":"Nordnesrepublikken","description":"Stemmer og Visjoner fra Republikkens Hjerte","publisher":{"@id":"https:\/\/nordnesrepublikken.no\/#organization"},"potentialAction":[{"@type":"SearchAction","target":{"@type":"EntryPoint","urlTemplate":"https:\/\/nordnesrepublikken.no\/?s={search_term_string}"},"query-input":{"@type":"PropertyValueSpecification","valueRequired":true,"valueName":"search_term_string"}}],"inLanguage":"nb-NO"},{"@type":"Organization","@id":"https:\/\/nordnesrepublikken.no\/#organization","name":"Nordnesrepublikken","url":"https:\/\/nordnesrepublikken.no\/","logo":{"@type":"ImageObject","inLanguage":"nb-NO","@id":"https:\/\/nordnesrepublikken.no\/#\/schema\/logo\/image\/","url":"https:\/\/nordnesrepublikken.no\/wp-content\/uploads\/2025\/02\/cropped-nordnesrepublikken-2.png","contentUrl":"https:\/\/nordnesrepublikken.no\/wp-content\/uploads\/2025\/02\/cropped-nordnesrepublikken-2.png","width":1248,"height":362,"caption":"Nordnesrepublikken"},"image":{"@id":"https:\/\/nordnesrepublikken.no\/#\/schema\/logo\/image\/"}},{"@type":"Person","@id":"https:\/\/nordnesrepublikken.no\/#\/schema\/person\/2e7e81935bab77882fffb79296240ff1","name":"Ole Andersen","image":{"@type":"ImageObject","inLanguage":"nb-NO","@id":"https:\/\/nordnesrepublikken.no\/#\/schema\/person\/image\/","url":"https:\/\/nordnesrepublikken.no\/wp-content\/uploads\/2025\/02\/nordnesrepublikken-2-2-150x150.jpg","contentUrl":"https:\/\/nordnesrepublikken.no\/wp-content\/uploads\/2025\/02\/nordnesrepublikken-2-2-150x150.jpg","caption":"Ole Andersen"},"description":"Ettersom jeg vokste opp i Oslo, har jeg alltid v\u00e6rt fascinert av ordenes kraft og deres evne til \u00e5 skape endringer. Etter \u00e5 ha fullf\u00f8rt min utdannelse i kommunikasjon ved Universitetet i Bergen, fikk jeg muligheten til \u00e5 jobbe innen ulike medier, der jeg har s\u00f8kt \u00e5 belyse viktige samfunnssp\u00f8rsm\u00e5l. I dag, som redakt\u00f8r for Nordnesrepublikken, pr\u00f8ver jeg \u00e5 forene min kj\u00e6rlighet for journalistikk med min lidenskap for innovasjon og eventyr.","sameAs":["https:\/\/nordnesrepublikken.no\/"]}]}},"_links":{"self":[{"href":"https:\/\/nordnesrepublikken.no\/index.php\/wp-json\/wp\/v2\/posts\/10814","targetHints":{"allow":["GET"]}}],"collection":[{"href":"https:\/\/nordnesrepublikken.no\/index.php\/wp-json\/wp\/v2\/posts"}],"about":[{"href":"https:\/\/nordnesrepublikken.no\/index.php\/wp-json\/wp\/v2\/types\/post"}],"author":[{"embeddable":true,"href":"https:\/\/nordnesrepublikken.no\/index.php\/wp-json\/wp\/v2\/users\/1"}],"replies":[{"embeddable":true,"href":"https:\/\/nordnesrepublikken.no\/index.php\/wp-json\/wp\/v2\/comments?post=10814"}],"version-history":[{"count":1,"href":"https:\/\/nordnesrepublikken.no\/index.php\/wp-json\/wp\/v2\/posts\/10814\/revisions"}],"predecessor-version":[{"id":10816,"href":"https:\/\/nordnesrepublikken.no\/index.php\/wp-json\/wp\/v2\/posts\/10814\/revisions\/10816"}],"wp:featuredmedia":[{"embeddable":true,"href":"https:\/\/nordnesrepublikken.no\/index.php\/wp-json\/wp\/v2\/media\/10815"}],"wp:attachment":[{"href":"https:\/\/nordnesrepublikken.no\/index.php\/wp-json\/wp\/v2\/media?parent=10814"}],"wp:term":[{"taxonomy":"category","embeddable":true,"href":"https:\/\/nordnesrepublikken.no\/index.php\/wp-json\/wp\/v2\/categories?post=10814"},{"taxonomy":"post_tag","embeddable":true,"href":"https:\/\/nordnesrepublikken.no\/index.php\/wp-json\/wp\/v2\/tags?post=10814"}],"curies":[{"name":"wp","href":"https:\/\/api.w.org\/{rel}","templated":true}]}}