{"id":10793,"date":"2025-10-20T23:51:06","date_gmt":"2025-10-20T21:51:06","guid":{"rendered":"https:\/\/nordnesrepublikken.no\/index.php\/2025\/10\/20\/hva-er-erasmus-prosjektet-opprettet-av-sofia-corradi-og-hvordan-det-har-endret-utdanningen-i-eu\/"},"modified":"2025-10-20T23:51:26","modified_gmt":"2025-10-20T21:51:26","slug":"hva-er-erasmus-prosjektet-opprettet-av-sofia-corradi-og-hvordan-det-har-endret-utdanningen-i-eu","status":"publish","type":"post","link":"https:\/\/nordnesrepublikken.no\/index.php\/2025\/10\/20\/hva-er-erasmus-prosjektet-opprettet-av-sofia-corradi-og-hvordan-det-har-endret-utdanningen-i-eu\/","title":{"rendered":"Hva er Erasmus+-prosjektet opprettet av Sofia Corradi og hvordan det har endret utdanningen i EU"},"content":{"rendered":"<div>\n<div class=\"cp_wrapper cp_wrapper--fw mb-30 mb-20@tablet\">\n<figure class=\"mm\"><picture class=\"img\" style=\"padding-top:56.25%\"><source  media=\"(min-width: 1024px)\"><source  media=\"(min-width: 768px)\"><\/source><\/source><\/picture><\/figure>\n<\/p><\/div>\n<p><b>Sofia Corradi<\/b>skaperen av <b>Erasmus-programmet<\/b> som gjorde det mulig for millioner av unge mennesker \u00e5 studere i utlandet over hele Europa, d\u00f8de nylig i Roma i en alder av 91. Prosjektet hans startet fra USA, hvor han studerte som ung mann etter \u00e5 ha uteksaminert seg fra La Sapienza-universitetet i Roma, takket v\u00e6re en <strong>Fulbright-stipend<\/strong> fra Columbia University i New York, og oppn\u00e5dde en mastergrad i komparativ rett.<\/p>\n<p>Da eksamenene han tok, da han kom tilbake til Italia, ikke ble anerkjent av det italienske utdanningssystemet, begynte Corradi \u00e5 forestille seg <b>ideen om et utvekslingsprogram<\/b>som senere skulle bli Erasmus. Ved siden av dette forsket han p\u00e5 <b>rett til utdanning<\/b> som en grunnleggende menneskerettighet for FNs menneskerettighetskommisjon, for Hague Academy of International Law og for London School of Economics.<\/p>\n<h2>Hva er Erasmus: f\u00f8dselen til Sofia Corradis prosjekt<\/h2>\n<p>I 2018 erkl\u00e6rte Sofia Corradi at ideen om programmet, f\u00f8dt under den kalde krigen, representerte henne &laquo;<b>personlig pasifistoppdrag<\/b>&laquo;, \u00e5 &laquo;la sinnene sirkulere&raquo; som et verkt\u00f8y for kulturelt diplomati og dannelsen av en europeisk samvittighet. Il <b>Erasmus-programmet<\/b>n\u00e5 kjent som <b>Erasmus+<\/b>har over tid blitt et av de viktigste initiativene til EU innen utdanning og mobilitet. Siden lanseringen har den hele tiden utviklet seg for \u00e5 svare p\u00e5 endringer i utdanningslandskapet.<\/p>\n<p>Opprinnelig tenkt som et program rettet mot \u00e5 promotere <b>studentutveksling og faglig samarbeid<\/b>Erasmus har utvidet seg til \u00e5 bli et omfattende utdanningsrammeverk som inkluderer yrkesoppl\u00e6ring og ungdomsaktiviteter. Programmet opererer i <b>27 land i EU<\/b>s\u00e5 vel som i <b>partnernasjoner<\/b> som Island, Norge, Sveits, T\u00fcrkiye og Nord-Makedonia.<\/p>\n<p>Allerede inne <b>1969<\/b>utarbeidet Corradi et notat som foreslo muligheten for studenter til \u00e5 gjennomf\u00f8re deler av studieplanen sin ved utenlandske universiteter. Etter at en eksperimentell fase startet mellom sytti- og \u00e5ttitallet, <strong>Erasmus-programmet<\/strong> igjen i <b>1987<\/b> som et autonomt initiativ med m\u00e5l om \u00e5 fremme europeisk samarbeid og mobilitet i h\u00f8yere utdanning.<\/p>\n<p>Navnet er inspirert av <b>Erasmus av Rotterdam<\/b>den ber\u00f8mte humanisten fra det tidlige sekstende \u00e5rhundre, et symbol p\u00e5 intellektuell utveksling over grenser. Erasmos arv lever fortsatt i programmets misjon: \u00e5 fremme <b>l\u00e6ring, kulturutveksling og internasjonalt samarbeid<\/b> blant europeiske universiteter. Akronymet <b>Erasmus<\/b>Videre tilsvarer det European Community Action Scheme for mobilitet for universitetsstudenter.<\/p>\n<p>I <b>f\u00f8rste aktivitets\u00e5r<\/b>programmet involvert <b>11 land <\/b>og om <b>tre tusen studenter<\/b> som dro for en studieperiode i utlandet. Siden de f\u00f8rste trinnene har prosjektet gjennomg\u00e5tt en rekke viktige utviklinger:<\/p>\n<ul>\n<li><b>1987\u20131994:<\/b> f\u00f8rste fase av programmet, fokusert p\u00e5 studentmobilitet og akademisk samarbeid mellom europeiske universiteter.<\/li>\n<li><b>1995-2006:<\/b> Erasmus blir en del av programmet <b>Sokrates<\/b>som har som m\u00e5l \u00e5 forbedre kvaliteten og tilgjengeligheten til utdanning i Europa. I denne fasen utvider Erasmus omfanget til utveksling av l\u00e6rere, utvikling av l\u00e6replaner og universitetssamarbeidsprosjekter.<\/li>\n<li><b>2007-2013:<\/b> Erasmus opererer innenfor programmet <b>Livslang l\u00e6ring<\/b> (&laquo;Lifelong Learning&raquo;), etterf\u00f8lger til Sokrates. Aktivitetene utvides, inkludert treningspraksis, samarbeidsprosjekter og initiativer for \u00e5 forbedre \u00e5penhet og anerkjennelse av kvalifikasjoner over hele Europa.<\/li>\n<li><b>Fra 2014 til i dag:<\/b> er f\u00f8dt <b>Erasmus+<\/b>som samler alle tidligere europeiske programmer for utdanning, trening og idrett under \u00e9n struktur. Erasmus+ utvider omfanget ytterligere, inkludert ikke bare h\u00f8yere utdanning, men ogs\u00e5 yrkesoppl\u00e6ring, skole og idrettsaktiviteter.<\/li>\n<\/ul>\n<p>Erasmus+ introduserte ogs\u00e5 nye elementer som f.eks <b>strategiske partnerskap<\/b>, <b>kunnskapsallianser<\/b> Og <b>kapasitetsbyggingsprosjekter<\/b> \u00e5 stimulere til innovasjon og samarbeid mellom ulike utdanningssektorer. Programmet legger stor vekt p\u00e5<b>inkludering<\/b>med sikte p\u00e5 \u00e5 tilby muligheter ogs\u00e5 til personer fra mindre gunstig bakgrunn.<\/p>\n<h2>Erasmus+-prosjektet: den kulturelle og geopolitiske innvirkningen i EU<\/h2>\n<p>I l\u00f8pet av ti\u00e5rene har Erasmus vokst til \u00e5 bli et av de mest vellykkede og gjenkjennelige EU-programmene, og gir fordeler til millioner av studenter, l\u00e6rere og institusjoner. <strong>Fra 1987 til i dag har cirka 16 millioner studenter deltatt i prosjektet<\/strong>som han spilte en n\u00f8kkelrolle i \u00e5 fremme <b>Europeisk integrasjon<\/b>den <b>interkulturell forst\u00e5else<\/b> og opprettelsen av et europeisk omr\u00e5de for h\u00f8yere utdanning.<\/p>\n<p>Tidligere programdeltakere rapporterer ofte tilbake <b>positive virkninger<\/b> p\u00e5 deres personlige og profesjonelle liv, inkludert forbedring av spr\u00e5kkunnskaper og et bredere, mer \u00e5pent syn p\u00e5 verden. Erasmus-programmet fortsetter ogs\u00e5 <b>utvikle seg<\/b>tilpasse seg nye utfordringer og muligheter i utdanningssektoren, samtidig som den opprettholder sitt opprinnelige oppdrag: <b>fremme mobilitet, samarbeid og fortreffelighet innen utdanning over hele Europa<\/b>.<\/p>\n<p>Fra et politisk synspunkt er det <b>signering av Maastricht-traktaten i 1992<\/b>som EU offisielt ble opprettet med, bidro til \u00e5 st\u00f8tte ideen om fri bevegelse av studenter og forskere i det europeiske rommet. Etterp\u00e5 har <b>Europa 2020-strategi<\/b> av EU gjentok viktigheten av \u00e5 investere i menneskelig kapital som en l\u00f8ftestang for \u00e5 fremme \u00f8konomisk utvikling og internasjonalisering.<\/p>\n<\/p><\/div>\n","protected":false},"excerpt":{"rendered":"<p>Sofia Corradiskaperen av Erasmus-programmet som gjorde det mulig for millioner av unge mennesker \u00e5 studere<\/p>\n","protected":false},"author":1,"featured_media":10794,"comment_status":"closed","ping_status":"open","sticky":false,"template":"","format":"standard","meta":{"footnotes":""},"categories":[104],"tags":[7107,66,95,7105,179,144,112,3081,7106,7108],"class_list":["post-10793","post","type-post","status-publish","format-standard","has-post-thumbnail","hentry","category-samfunn","tag-corradi","tag-det","tag-endret","tag-erasmusprosjektet","tag-har","tag-hva","tag-hvordan","tag-opprettet","tag-sofia","tag-utdanningen","generate-columns","tablet-grid-50","mobile-grid-100","grid-parent","grid-33","resize-featured-image"],"yoast_head":"<!-- This site is optimized with the Yoast SEO plugin v24.4 - https:\/\/yoast.com\/wordpress\/plugins\/seo\/ -->\n<title>Hva er Erasmus+-prosjektet opprettet av Sofia Corradi og hvordan det har endret utdanningen i EU - Nordnesrepublikken<\/title>\n<meta name=\"robots\" content=\"index, follow, max-snippet:-1, max-image-preview:large, max-video-preview:-1\" \/>\n<link rel=\"canonical\" href=\"https:\/\/nordnesrepublikken.no\/index.php\/2025\/10\/20\/hva-er-erasmus-prosjektet-opprettet-av-sofia-corradi-og-hvordan-det-har-endret-utdanningen-i-eu\/\" \/>\n<meta property=\"og:locale\" content=\"nb_NO\" \/>\n<meta property=\"og:type\" content=\"article\" \/>\n<meta property=\"og:title\" content=\"Hva er Erasmus+-prosjektet opprettet av Sofia Corradi og hvordan det har endret utdanningen i EU - Nordnesrepublikken\" \/>\n<meta property=\"og:description\" content=\"Sofia Corradiskaperen av Erasmus-programmet som gjorde det mulig for millioner av unge mennesker \u00e5 studere\" \/>\n<meta property=\"og:url\" content=\"https:\/\/nordnesrepublikken.no\/index.php\/2025\/10\/20\/hva-er-erasmus-prosjektet-opprettet-av-sofia-corradi-og-hvordan-det-har-endret-utdanningen-i-eu\/\" \/>\n<meta property=\"og:site_name\" content=\"Nordnesrepublikken\" \/>\n<meta property=\"article:published_time\" content=\"2025-10-20T21:51:06+00:00\" \/>\n<meta property=\"article:modified_time\" content=\"2025-10-20T21:51:26+00:00\" \/>\n<meta property=\"og:image\" content=\"https:\/\/nordnesrepublikken.no\/wp-content\/uploads\/2025\/10\/1760997067_Hva-er-Erasmus-prosjektet-opprettet-av-Sofia-Corradi-og-hvordan-det-scaled.jpg\" \/>\n\t<meta property=\"og:image:width\" content=\"2560\" \/>\n\t<meta property=\"og:image:height\" content=\"1706\" \/>\n\t<meta property=\"og:image:type\" content=\"image\/jpeg\" \/>\n<meta name=\"author\" content=\"Ole Andersen\" \/>\n<meta name=\"twitter:card\" content=\"summary_large_image\" \/>\n<meta name=\"twitter:label1\" content=\"Skrevet av\" \/>\n\t<meta name=\"twitter:data1\" content=\"Ole Andersen\" \/>\n\t<meta name=\"twitter:label2\" content=\"Ansl. lesetid\" \/>\n\t<meta name=\"twitter:data2\" content=\"4 minutter\" \/>\n<script type=\"application\/ld+json\" class=\"yoast-schema-graph\">{\"@context\":\"https:\/\/schema.org\",\"@graph\":[{\"@type\":\"Article\",\"@id\":\"https:\/\/nordnesrepublikken.no\/index.php\/2025\/10\/20\/hva-er-erasmus-prosjektet-opprettet-av-sofia-corradi-og-hvordan-det-har-endret-utdanningen-i-eu\/#article\",\"isPartOf\":{\"@id\":\"https:\/\/nordnesrepublikken.no\/index.php\/2025\/10\/20\/hva-er-erasmus-prosjektet-opprettet-av-sofia-corradi-og-hvordan-det-har-endret-utdanningen-i-eu\/\"},\"author\":{\"name\":\"Ole Andersen\",\"@id\":\"https:\/\/nordnesrepublikken.no\/#\/schema\/person\/2e7e81935bab77882fffb79296240ff1\"},\"headline\":\"Hva er Erasmus+-prosjektet opprettet av Sofia Corradi og hvordan det har endret utdanningen i EU\",\"datePublished\":\"2025-10-20T21:51:06+00:00\",\"dateModified\":\"2025-10-20T21:51:26+00:00\",\"mainEntityOfPage\":{\"@id\":\"https:\/\/nordnesrepublikken.no\/index.php\/2025\/10\/20\/hva-er-erasmus-prosjektet-opprettet-av-sofia-corradi-og-hvordan-det-har-endret-utdanningen-i-eu\/\"},\"wordCount\":739,\"publisher\":{\"@id\":\"https:\/\/nordnesrepublikken.no\/#organization\"},\"image\":{\"@id\":\"https:\/\/nordnesrepublikken.no\/index.php\/2025\/10\/20\/hva-er-erasmus-prosjektet-opprettet-av-sofia-corradi-og-hvordan-det-har-endret-utdanningen-i-eu\/#primaryimage\"},\"thumbnailUrl\":\"https:\/\/nordnesrepublikken.no\/wp-content\/uploads\/2025\/10\/1760997067_Hva-er-Erasmus-prosjektet-opprettet-av-Sofia-Corradi-og-hvordan-det-scaled.jpg\",\"keywords\":[\"Corradi\",\"Det\",\"endret\",\"Erasmusprosjektet\",\"har\",\"Hva\",\"Hvordan\",\"Opprettet\",\"Sofia\",\"utdanningen\"],\"articleSection\":[\"Samfunn\"],\"inLanguage\":\"nb-NO\"},{\"@type\":\"WebPage\",\"@id\":\"https:\/\/nordnesrepublikken.no\/index.php\/2025\/10\/20\/hva-er-erasmus-prosjektet-opprettet-av-sofia-corradi-og-hvordan-det-har-endret-utdanningen-i-eu\/\",\"url\":\"https:\/\/nordnesrepublikken.no\/index.php\/2025\/10\/20\/hva-er-erasmus-prosjektet-opprettet-av-sofia-corradi-og-hvordan-det-har-endret-utdanningen-i-eu\/\",\"name\":\"Hva er Erasmus+-prosjektet opprettet av Sofia Corradi og hvordan det har endret utdanningen i EU - Nordnesrepublikken\",\"isPartOf\":{\"@id\":\"https:\/\/nordnesrepublikken.no\/#website\"},\"primaryImageOfPage\":{\"@id\":\"https:\/\/nordnesrepublikken.no\/index.php\/2025\/10\/20\/hva-er-erasmus-prosjektet-opprettet-av-sofia-corradi-og-hvordan-det-har-endret-utdanningen-i-eu\/#primaryimage\"},\"image\":{\"@id\":\"https:\/\/nordnesrepublikken.no\/index.php\/2025\/10\/20\/hva-er-erasmus-prosjektet-opprettet-av-sofia-corradi-og-hvordan-det-har-endret-utdanningen-i-eu\/#primaryimage\"},\"thumbnailUrl\":\"https:\/\/nordnesrepublikken.no\/wp-content\/uploads\/2025\/10\/1760997067_Hva-er-Erasmus-prosjektet-opprettet-av-Sofia-Corradi-og-hvordan-det-scaled.jpg\",\"datePublished\":\"2025-10-20T21:51:06+00:00\",\"dateModified\":\"2025-10-20T21:51:26+00:00\",\"breadcrumb\":{\"@id\":\"https:\/\/nordnesrepublikken.no\/index.php\/2025\/10\/20\/hva-er-erasmus-prosjektet-opprettet-av-sofia-corradi-og-hvordan-det-har-endret-utdanningen-i-eu\/#breadcrumb\"},\"inLanguage\":\"nb-NO\",\"potentialAction\":[{\"@type\":\"ReadAction\",\"target\":[\"https:\/\/nordnesrepublikken.no\/index.php\/2025\/10\/20\/hva-er-erasmus-prosjektet-opprettet-av-sofia-corradi-og-hvordan-det-har-endret-utdanningen-i-eu\/\"]}]},{\"@type\":\"ImageObject\",\"inLanguage\":\"nb-NO\",\"@id\":\"https:\/\/nordnesrepublikken.no\/index.php\/2025\/10\/20\/hva-er-erasmus-prosjektet-opprettet-av-sofia-corradi-og-hvordan-det-har-endret-utdanningen-i-eu\/#primaryimage\",\"url\":\"https:\/\/nordnesrepublikken.no\/wp-content\/uploads\/2025\/10\/1760997067_Hva-er-Erasmus-prosjektet-opprettet-av-Sofia-Corradi-og-hvordan-det-scaled.jpg\",\"contentUrl\":\"https:\/\/nordnesrepublikken.no\/wp-content\/uploads\/2025\/10\/1760997067_Hva-er-Erasmus-prosjektet-opprettet-av-Sofia-Corradi-og-hvordan-det-scaled.jpg\",\"width\":2560,\"height\":1706,\"caption\":\"Hva er Erasmus+-prosjektet opprettet av Sofia Corradi og hvordan det har endret utdanningen i EU\"},{\"@type\":\"BreadcrumbList\",\"@id\":\"https:\/\/nordnesrepublikken.no\/index.php\/2025\/10\/20\/hva-er-erasmus-prosjektet-opprettet-av-sofia-corradi-og-hvordan-det-har-endret-utdanningen-i-eu\/#breadcrumb\",\"itemListElement\":[{\"@type\":\"ListItem\",\"position\":1,\"name\":\"Home\",\"item\":\"https:\/\/nordnesrepublikken.no\/\"},{\"@type\":\"ListItem\",\"position\":2,\"name\":\"Hva er Erasmus+-prosjektet opprettet av Sofia Corradi og hvordan det har endret utdanningen i EU\"}]},{\"@type\":\"WebSite\",\"@id\":\"https:\/\/nordnesrepublikken.no\/#website\",\"url\":\"https:\/\/nordnesrepublikken.no\/\",\"name\":\"Nordnesrepublikken\",\"description\":\"Stemmer og Visjoner fra Republikkens Hjerte\",\"publisher\":{\"@id\":\"https:\/\/nordnesrepublikken.no\/#organization\"},\"potentialAction\":[{\"@type\":\"SearchAction\",\"target\":{\"@type\":\"EntryPoint\",\"urlTemplate\":\"https:\/\/nordnesrepublikken.no\/?s={search_term_string}\"},\"query-input\":{\"@type\":\"PropertyValueSpecification\",\"valueRequired\":true,\"valueName\":\"search_term_string\"}}],\"inLanguage\":\"nb-NO\"},{\"@type\":\"Organization\",\"@id\":\"https:\/\/nordnesrepublikken.no\/#organization\",\"name\":\"Nordnesrepublikken\",\"url\":\"https:\/\/nordnesrepublikken.no\/\",\"logo\":{\"@type\":\"ImageObject\",\"inLanguage\":\"nb-NO\",\"@id\":\"https:\/\/nordnesrepublikken.no\/#\/schema\/logo\/image\/\",\"url\":\"https:\/\/nordnesrepublikken.no\/wp-content\/uploads\/2025\/02\/cropped-nordnesrepublikken-2.png\",\"contentUrl\":\"https:\/\/nordnesrepublikken.no\/wp-content\/uploads\/2025\/02\/cropped-nordnesrepublikken-2.png\",\"width\":1248,\"height\":362,\"caption\":\"Nordnesrepublikken\"},\"image\":{\"@id\":\"https:\/\/nordnesrepublikken.no\/#\/schema\/logo\/image\/\"}},{\"@type\":\"Person\",\"@id\":\"https:\/\/nordnesrepublikken.no\/#\/schema\/person\/2e7e81935bab77882fffb79296240ff1\",\"name\":\"Ole Andersen\",\"image\":{\"@type\":\"ImageObject\",\"inLanguage\":\"nb-NO\",\"@id\":\"https:\/\/nordnesrepublikken.no\/#\/schema\/person\/image\/\",\"url\":\"https:\/\/nordnesrepublikken.no\/wp-content\/uploads\/2025\/02\/nordnesrepublikken-2-2-150x150.jpg\",\"contentUrl\":\"https:\/\/nordnesrepublikken.no\/wp-content\/uploads\/2025\/02\/nordnesrepublikken-2-2-150x150.jpg\",\"caption\":\"Ole Andersen\"},\"description\":\"Ettersom jeg vokste opp i Oslo, har jeg alltid v\u00e6rt fascinert av ordenes kraft og deres evne til \u00e5 skape endringer. Etter \u00e5 ha fullf\u00f8rt min utdannelse i kommunikasjon ved Universitetet i Bergen, fikk jeg muligheten til \u00e5 jobbe innen ulike medier, der jeg har s\u00f8kt \u00e5 belyse viktige samfunnssp\u00f8rsm\u00e5l. I dag, som redakt\u00f8r for Nordnesrepublikken, pr\u00f8ver jeg \u00e5 forene min kj\u00e6rlighet for journalistikk med min lidenskap for innovasjon og eventyr.\",\"sameAs\":[\"https:\/\/nordnesrepublikken.no\/\"]}]}<\/script>\n<!-- \/ Yoast SEO plugin. -->","yoast_head_json":{"title":"Hva er Erasmus+-prosjektet opprettet av Sofia Corradi og hvordan det har endret utdanningen i EU - Nordnesrepublikken","robots":{"index":"index","follow":"follow","max-snippet":"max-snippet:-1","max-image-preview":"max-image-preview:large","max-video-preview":"max-video-preview:-1"},"canonical":"https:\/\/nordnesrepublikken.no\/index.php\/2025\/10\/20\/hva-er-erasmus-prosjektet-opprettet-av-sofia-corradi-og-hvordan-det-har-endret-utdanningen-i-eu\/","og_locale":"nb_NO","og_type":"article","og_title":"Hva er Erasmus+-prosjektet opprettet av Sofia Corradi og hvordan det har endret utdanningen i EU - Nordnesrepublikken","og_description":"Sofia Corradiskaperen av Erasmus-programmet som gjorde det mulig for millioner av unge mennesker \u00e5 studere","og_url":"https:\/\/nordnesrepublikken.no\/index.php\/2025\/10\/20\/hva-er-erasmus-prosjektet-opprettet-av-sofia-corradi-og-hvordan-det-har-endret-utdanningen-i-eu\/","og_site_name":"Nordnesrepublikken","article_published_time":"2025-10-20T21:51:06+00:00","article_modified_time":"2025-10-20T21:51:26+00:00","og_image":[{"width":2560,"height":1706,"url":"https:\/\/nordnesrepublikken.no\/wp-content\/uploads\/2025\/10\/1760997067_Hva-er-Erasmus-prosjektet-opprettet-av-Sofia-Corradi-og-hvordan-det-scaled.jpg","type":"image\/jpeg"}],"author":"Ole Andersen","twitter_card":"summary_large_image","twitter_misc":{"Skrevet av":"Ole Andersen","Ansl. lesetid":"4 minutter"},"schema":{"@context":"https:\/\/schema.org","@graph":[{"@type":"Article","@id":"https:\/\/nordnesrepublikken.no\/index.php\/2025\/10\/20\/hva-er-erasmus-prosjektet-opprettet-av-sofia-corradi-og-hvordan-det-har-endret-utdanningen-i-eu\/#article","isPartOf":{"@id":"https:\/\/nordnesrepublikken.no\/index.php\/2025\/10\/20\/hva-er-erasmus-prosjektet-opprettet-av-sofia-corradi-og-hvordan-det-har-endret-utdanningen-i-eu\/"},"author":{"name":"Ole Andersen","@id":"https:\/\/nordnesrepublikken.no\/#\/schema\/person\/2e7e81935bab77882fffb79296240ff1"},"headline":"Hva er Erasmus+-prosjektet opprettet av Sofia Corradi og hvordan det har endret utdanningen i EU","datePublished":"2025-10-20T21:51:06+00:00","dateModified":"2025-10-20T21:51:26+00:00","mainEntityOfPage":{"@id":"https:\/\/nordnesrepublikken.no\/index.php\/2025\/10\/20\/hva-er-erasmus-prosjektet-opprettet-av-sofia-corradi-og-hvordan-det-har-endret-utdanningen-i-eu\/"},"wordCount":739,"publisher":{"@id":"https:\/\/nordnesrepublikken.no\/#organization"},"image":{"@id":"https:\/\/nordnesrepublikken.no\/index.php\/2025\/10\/20\/hva-er-erasmus-prosjektet-opprettet-av-sofia-corradi-og-hvordan-det-har-endret-utdanningen-i-eu\/#primaryimage"},"thumbnailUrl":"https:\/\/nordnesrepublikken.no\/wp-content\/uploads\/2025\/10\/1760997067_Hva-er-Erasmus-prosjektet-opprettet-av-Sofia-Corradi-og-hvordan-det-scaled.jpg","keywords":["Corradi","Det","endret","Erasmusprosjektet","har","Hva","Hvordan","Opprettet","Sofia","utdanningen"],"articleSection":["Samfunn"],"inLanguage":"nb-NO"},{"@type":"WebPage","@id":"https:\/\/nordnesrepublikken.no\/index.php\/2025\/10\/20\/hva-er-erasmus-prosjektet-opprettet-av-sofia-corradi-og-hvordan-det-har-endret-utdanningen-i-eu\/","url":"https:\/\/nordnesrepublikken.no\/index.php\/2025\/10\/20\/hva-er-erasmus-prosjektet-opprettet-av-sofia-corradi-og-hvordan-det-har-endret-utdanningen-i-eu\/","name":"Hva er Erasmus+-prosjektet opprettet av Sofia Corradi og hvordan det har endret utdanningen i EU - Nordnesrepublikken","isPartOf":{"@id":"https:\/\/nordnesrepublikken.no\/#website"},"primaryImageOfPage":{"@id":"https:\/\/nordnesrepublikken.no\/index.php\/2025\/10\/20\/hva-er-erasmus-prosjektet-opprettet-av-sofia-corradi-og-hvordan-det-har-endret-utdanningen-i-eu\/#primaryimage"},"image":{"@id":"https:\/\/nordnesrepublikken.no\/index.php\/2025\/10\/20\/hva-er-erasmus-prosjektet-opprettet-av-sofia-corradi-og-hvordan-det-har-endret-utdanningen-i-eu\/#primaryimage"},"thumbnailUrl":"https:\/\/nordnesrepublikken.no\/wp-content\/uploads\/2025\/10\/1760997067_Hva-er-Erasmus-prosjektet-opprettet-av-Sofia-Corradi-og-hvordan-det-scaled.jpg","datePublished":"2025-10-20T21:51:06+00:00","dateModified":"2025-10-20T21:51:26+00:00","breadcrumb":{"@id":"https:\/\/nordnesrepublikken.no\/index.php\/2025\/10\/20\/hva-er-erasmus-prosjektet-opprettet-av-sofia-corradi-og-hvordan-det-har-endret-utdanningen-i-eu\/#breadcrumb"},"inLanguage":"nb-NO","potentialAction":[{"@type":"ReadAction","target":["https:\/\/nordnesrepublikken.no\/index.php\/2025\/10\/20\/hva-er-erasmus-prosjektet-opprettet-av-sofia-corradi-og-hvordan-det-har-endret-utdanningen-i-eu\/"]}]},{"@type":"ImageObject","inLanguage":"nb-NO","@id":"https:\/\/nordnesrepublikken.no\/index.php\/2025\/10\/20\/hva-er-erasmus-prosjektet-opprettet-av-sofia-corradi-og-hvordan-det-har-endret-utdanningen-i-eu\/#primaryimage","url":"https:\/\/nordnesrepublikken.no\/wp-content\/uploads\/2025\/10\/1760997067_Hva-er-Erasmus-prosjektet-opprettet-av-Sofia-Corradi-og-hvordan-det-scaled.jpg","contentUrl":"https:\/\/nordnesrepublikken.no\/wp-content\/uploads\/2025\/10\/1760997067_Hva-er-Erasmus-prosjektet-opprettet-av-Sofia-Corradi-og-hvordan-det-scaled.jpg","width":2560,"height":1706,"caption":"Hva er Erasmus+-prosjektet opprettet av Sofia Corradi og hvordan det har endret utdanningen i EU"},{"@type":"BreadcrumbList","@id":"https:\/\/nordnesrepublikken.no\/index.php\/2025\/10\/20\/hva-er-erasmus-prosjektet-opprettet-av-sofia-corradi-og-hvordan-det-har-endret-utdanningen-i-eu\/#breadcrumb","itemListElement":[{"@type":"ListItem","position":1,"name":"Home","item":"https:\/\/nordnesrepublikken.no\/"},{"@type":"ListItem","position":2,"name":"Hva er Erasmus+-prosjektet opprettet av Sofia Corradi og hvordan det har endret utdanningen i EU"}]},{"@type":"WebSite","@id":"https:\/\/nordnesrepublikken.no\/#website","url":"https:\/\/nordnesrepublikken.no\/","name":"Nordnesrepublikken","description":"Stemmer og Visjoner fra Republikkens Hjerte","publisher":{"@id":"https:\/\/nordnesrepublikken.no\/#organization"},"potentialAction":[{"@type":"SearchAction","target":{"@type":"EntryPoint","urlTemplate":"https:\/\/nordnesrepublikken.no\/?s={search_term_string}"},"query-input":{"@type":"PropertyValueSpecification","valueRequired":true,"valueName":"search_term_string"}}],"inLanguage":"nb-NO"},{"@type":"Organization","@id":"https:\/\/nordnesrepublikken.no\/#organization","name":"Nordnesrepublikken","url":"https:\/\/nordnesrepublikken.no\/","logo":{"@type":"ImageObject","inLanguage":"nb-NO","@id":"https:\/\/nordnesrepublikken.no\/#\/schema\/logo\/image\/","url":"https:\/\/nordnesrepublikken.no\/wp-content\/uploads\/2025\/02\/cropped-nordnesrepublikken-2.png","contentUrl":"https:\/\/nordnesrepublikken.no\/wp-content\/uploads\/2025\/02\/cropped-nordnesrepublikken-2.png","width":1248,"height":362,"caption":"Nordnesrepublikken"},"image":{"@id":"https:\/\/nordnesrepublikken.no\/#\/schema\/logo\/image\/"}},{"@type":"Person","@id":"https:\/\/nordnesrepublikken.no\/#\/schema\/person\/2e7e81935bab77882fffb79296240ff1","name":"Ole Andersen","image":{"@type":"ImageObject","inLanguage":"nb-NO","@id":"https:\/\/nordnesrepublikken.no\/#\/schema\/person\/image\/","url":"https:\/\/nordnesrepublikken.no\/wp-content\/uploads\/2025\/02\/nordnesrepublikken-2-2-150x150.jpg","contentUrl":"https:\/\/nordnesrepublikken.no\/wp-content\/uploads\/2025\/02\/nordnesrepublikken-2-2-150x150.jpg","caption":"Ole Andersen"},"description":"Ettersom jeg vokste opp i Oslo, har jeg alltid v\u00e6rt fascinert av ordenes kraft og deres evne til \u00e5 skape endringer. Etter \u00e5 ha fullf\u00f8rt min utdannelse i kommunikasjon ved Universitetet i Bergen, fikk jeg muligheten til \u00e5 jobbe innen ulike medier, der jeg har s\u00f8kt \u00e5 belyse viktige samfunnssp\u00f8rsm\u00e5l. I dag, som redakt\u00f8r for Nordnesrepublikken, pr\u00f8ver jeg \u00e5 forene min kj\u00e6rlighet for journalistikk med min lidenskap for innovasjon og eventyr.","sameAs":["https:\/\/nordnesrepublikken.no\/"]}]}},"_links":{"self":[{"href":"https:\/\/nordnesrepublikken.no\/index.php\/wp-json\/wp\/v2\/posts\/10793","targetHints":{"allow":["GET"]}}],"collection":[{"href":"https:\/\/nordnesrepublikken.no\/index.php\/wp-json\/wp\/v2\/posts"}],"about":[{"href":"https:\/\/nordnesrepublikken.no\/index.php\/wp-json\/wp\/v2\/types\/post"}],"author":[{"embeddable":true,"href":"https:\/\/nordnesrepublikken.no\/index.php\/wp-json\/wp\/v2\/users\/1"}],"replies":[{"embeddable":true,"href":"https:\/\/nordnesrepublikken.no\/index.php\/wp-json\/wp\/v2\/comments?post=10793"}],"version-history":[{"count":1,"href":"https:\/\/nordnesrepublikken.no\/index.php\/wp-json\/wp\/v2\/posts\/10793\/revisions"}],"predecessor-version":[{"id":10795,"href":"https:\/\/nordnesrepublikken.no\/index.php\/wp-json\/wp\/v2\/posts\/10793\/revisions\/10795"}],"wp:featuredmedia":[{"embeddable":true,"href":"https:\/\/nordnesrepublikken.no\/index.php\/wp-json\/wp\/v2\/media\/10794"}],"wp:attachment":[{"href":"https:\/\/nordnesrepublikken.no\/index.php\/wp-json\/wp\/v2\/media?parent=10793"}],"wp:term":[{"taxonomy":"category","embeddable":true,"href":"https:\/\/nordnesrepublikken.no\/index.php\/wp-json\/wp\/v2\/categories?post=10793"},{"taxonomy":"post_tag","embeddable":true,"href":"https:\/\/nordnesrepublikken.no\/index.php\/wp-json\/wp\/v2\/tags?post=10793"}],"curies":[{"name":"wp","href":"https:\/\/api.w.org\/{rel}","templated":true}]}}