{"id":10748,"date":"2025-10-19T12:52:20","date_gmt":"2025-10-19T10:52:20","guid":{"rendered":"https:\/\/nordnesrepublikken.no\/index.php\/2025\/10\/19\/hvor-ligger-det-minste-museet-i-italia-og-hvor-stort-er-det\/"},"modified":"2025-10-19T12:52:21","modified_gmt":"2025-10-19T10:52:21","slug":"hvor-ligger-det-minste-museet-i-italia-og-hvor-stort-er-det","status":"publish","type":"post","link":"https:\/\/nordnesrepublikken.no\/index.php\/2025\/10\/19\/hvor-ligger-det-minste-museet-i-italia-og-hvor-stort-er-det\/","title":{"rendered":"Hvor ligger det minste museet i Italia og hvor stort er det?"},"content":{"rendered":"<div>\n<div class=\"cp_wrapper cp_wrapper--fw mb-30 mb-20@tablet\">\n<figure class=\"mm\"><picture class=\"img\" style=\"padding-top:56.25%\"><source  media=\"(min-width: 1024px)\"><source  media=\"(min-width: 768px)\"><\/source><\/source><\/picture><\/figure>\n<\/p><\/div>\n<p>Etter ti \u00e5r med aktivitet, og et \u00e5r med nedleggelse, \u00e5pnet det igjen sommeren 2025 <strong>minste museum i Italia, &laquo;The time box&raquo; <\/strong>(ogs\u00e5 fra navnet p\u00e5 foreningen som administrerer den, ledet av Mario Sotgiu). Vi er p\u00e5 Sardinia, ad <strong>Arzachena<\/strong>i Gallura-provinsen Nord\u00f8st-Sardinia: her, p\u00e5 et omr\u00e5de p\u00e5 rundt tjue kvadratmeter, plassert inne i et hus i via Marconi 12 (hj\u00f8rnet av Corso Garibaldi), er det <strong>et lite museum, med et oppdrag: \u00e5 fortelle historien om byen og dens samfunn. <\/strong><\/p>\n<p>Omd\u00f8pt &laquo;<strong>Mimu<\/strong>&laquo;, det vil si minimuseum, denne plassen p\u00e5 22 m2<strong> bruker tospr\u00e5klige paneler p\u00e5 italiensk og sardinsk for \u00e5 fortelle historien om omr\u00e5dets 5 \u00e5rtuseners historie<\/strong>fra yngre steinalder til det tjuende \u00e5rhundre, og krysset den puniske, f\u00f8nikiske, romerske og middelalderske perioden, da Arzachena faktisk ble grunnlagt. Utstilt er pergamentet fra 1324 (gjenvunnet av arkeologen Marcello Cabriolu fra Olbia) som bekrefter eksistensen av &laquo;Arseguen&raquo;. Det er ofte brukte gjenstander, for eksempel ankere eller en urmakerarbeidsbenk fra det tidlige tjuende \u00e5rhundre, og detaljer, for eksempel skrivemaskinen som notarialbrevet for de f\u00f8rste salgene p\u00e5 Costa Smeralda ble utarbeidet med.<\/p>\n<p>Dette er et rom som passer inn <strong>en bredere historisk og kulturell reise,<\/strong> som inkluderer den n\u00e6rliggende Li Muri nekropolis, Arzachenas sopp, Piazza Risorgimento og br\u00f8dmuseet.<\/p>\n<\/p><\/div>\n","protected":false},"excerpt":{"rendered":"<p>Etter ti \u00e5r med aktivitet, og et \u00e5r med nedleggelse, \u00e5pnet det igjen sommeren 2025<\/p>\n","protected":false},"author":1,"featured_media":10749,"comment_status":"closed","ping_status":"open","sticky":false,"template":"","format":"standard","meta":{"footnotes":""},"categories":[104],"tags":[66,449,437,69,2643,3576,3205],"class_list":["post-10748","post","type-post","status-publish","format-standard","has-post-thumbnail","hentry","category-samfunn","tag-det","tag-hvor","tag-italia","tag-ligger","tag-minste","tag-museet","tag-stort","generate-columns","tablet-grid-50","mobile-grid-100","grid-parent","grid-33","resize-featured-image"],"yoast_head":"<!-- This site is optimized with the Yoast SEO plugin v24.4 - https:\/\/yoast.com\/wordpress\/plugins\/seo\/ -->\n<title>Hvor ligger det minste museet i Italia og hvor stort er det? - Nordnesrepublikken<\/title>\n<meta name=\"robots\" content=\"index, follow, max-snippet:-1, max-image-preview:large, max-video-preview:-1\" \/>\n<link rel=\"canonical\" href=\"https:\/\/nordnesrepublikken.no\/index.php\/2025\/10\/19\/hvor-ligger-det-minste-museet-i-italia-og-hvor-stort-er-det\/\" \/>\n<meta property=\"og:locale\" content=\"nb_NO\" \/>\n<meta property=\"og:type\" content=\"article\" \/>\n<meta property=\"og:title\" content=\"Hvor ligger det minste museet i Italia og hvor stort er det? - Nordnesrepublikken\" \/>\n<meta property=\"og:description\" content=\"Etter ti \u00e5r med aktivitet, og et \u00e5r med nedleggelse, \u00e5pnet det igjen sommeren 2025\" \/>\n<meta property=\"og:url\" content=\"https:\/\/nordnesrepublikken.no\/index.php\/2025\/10\/19\/hvor-ligger-det-minste-museet-i-italia-og-hvor-stort-er-det\/\" \/>\n<meta property=\"og:site_name\" content=\"Nordnesrepublikken\" \/>\n<meta property=\"article:published_time\" content=\"2025-10-19T10:52:20+00:00\" \/>\n<meta property=\"article:modified_time\" content=\"2025-10-19T10:52:21+00:00\" \/>\n<meta property=\"og:image\" content=\"https:\/\/nordnesrepublikken.no\/wp-content\/uploads\/2025\/10\/1760871140_Hvor-ligger-det-minste-museet-i-Italia-og-hvor-stort.jpg\" \/>\n\t<meta property=\"og:image:width\" content=\"1536\" \/>\n\t<meta property=\"og:image:height\" content=\"1024\" \/>\n\t<meta property=\"og:image:type\" content=\"image\/jpeg\" \/>\n<meta name=\"author\" content=\"Ole Andersen\" \/>\n<meta name=\"twitter:card\" content=\"summary_large_image\" \/>\n<meta name=\"twitter:label1\" content=\"Skrevet av\" \/>\n\t<meta name=\"twitter:data1\" content=\"Ole Andersen\" \/>\n\t<meta name=\"twitter:label2\" content=\"Ansl. lesetid\" \/>\n\t<meta name=\"twitter:data2\" content=\"1 minutt\" \/>\n<script type=\"application\/ld+json\" class=\"yoast-schema-graph\">{\"@context\":\"https:\/\/schema.org\",\"@graph\":[{\"@type\":\"Article\",\"@id\":\"https:\/\/nordnesrepublikken.no\/index.php\/2025\/10\/19\/hvor-ligger-det-minste-museet-i-italia-og-hvor-stort-er-det\/#article\",\"isPartOf\":{\"@id\":\"https:\/\/nordnesrepublikken.no\/index.php\/2025\/10\/19\/hvor-ligger-det-minste-museet-i-italia-og-hvor-stort-er-det\/\"},\"author\":{\"name\":\"Ole Andersen\",\"@id\":\"https:\/\/nordnesrepublikken.no\/#\/schema\/person\/2e7e81935bab77882fffb79296240ff1\"},\"headline\":\"Hvor ligger det minste museet i Italia og hvor stort er det?\",\"datePublished\":\"2025-10-19T10:52:20+00:00\",\"dateModified\":\"2025-10-19T10:52:21+00:00\",\"mainEntityOfPage\":{\"@id\":\"https:\/\/nordnesrepublikken.no\/index.php\/2025\/10\/19\/hvor-ligger-det-minste-museet-i-italia-og-hvor-stort-er-det\/\"},\"wordCount\":217,\"publisher\":{\"@id\":\"https:\/\/nordnesrepublikken.no\/#organization\"},\"image\":{\"@id\":\"https:\/\/nordnesrepublikken.no\/index.php\/2025\/10\/19\/hvor-ligger-det-minste-museet-i-italia-og-hvor-stort-er-det\/#primaryimage\"},\"thumbnailUrl\":\"https:\/\/nordnesrepublikken.no\/wp-content\/uploads\/2025\/10\/1760871140_Hvor-ligger-det-minste-museet-i-Italia-og-hvor-stort.jpg\",\"keywords\":[\"Det\",\"hvor\",\"Italia\",\"ligger\",\"minste\",\"museet\",\"stort\"],\"articleSection\":[\"Samfunn\"],\"inLanguage\":\"nb-NO\"},{\"@type\":\"WebPage\",\"@id\":\"https:\/\/nordnesrepublikken.no\/index.php\/2025\/10\/19\/hvor-ligger-det-minste-museet-i-italia-og-hvor-stort-er-det\/\",\"url\":\"https:\/\/nordnesrepublikken.no\/index.php\/2025\/10\/19\/hvor-ligger-det-minste-museet-i-italia-og-hvor-stort-er-det\/\",\"name\":\"Hvor ligger det minste museet i Italia og hvor stort er det? - Nordnesrepublikken\",\"isPartOf\":{\"@id\":\"https:\/\/nordnesrepublikken.no\/#website\"},\"primaryImageOfPage\":{\"@id\":\"https:\/\/nordnesrepublikken.no\/index.php\/2025\/10\/19\/hvor-ligger-det-minste-museet-i-italia-og-hvor-stort-er-det\/#primaryimage\"},\"image\":{\"@id\":\"https:\/\/nordnesrepublikken.no\/index.php\/2025\/10\/19\/hvor-ligger-det-minste-museet-i-italia-og-hvor-stort-er-det\/#primaryimage\"},\"thumbnailUrl\":\"https:\/\/nordnesrepublikken.no\/wp-content\/uploads\/2025\/10\/1760871140_Hvor-ligger-det-minste-museet-i-Italia-og-hvor-stort.jpg\",\"datePublished\":\"2025-10-19T10:52:20+00:00\",\"dateModified\":\"2025-10-19T10:52:21+00:00\",\"breadcrumb\":{\"@id\":\"https:\/\/nordnesrepublikken.no\/index.php\/2025\/10\/19\/hvor-ligger-det-minste-museet-i-italia-og-hvor-stort-er-det\/#breadcrumb\"},\"inLanguage\":\"nb-NO\",\"potentialAction\":[{\"@type\":\"ReadAction\",\"target\":[\"https:\/\/nordnesrepublikken.no\/index.php\/2025\/10\/19\/hvor-ligger-det-minste-museet-i-italia-og-hvor-stort-er-det\/\"]}]},{\"@type\":\"ImageObject\",\"inLanguage\":\"nb-NO\",\"@id\":\"https:\/\/nordnesrepublikken.no\/index.php\/2025\/10\/19\/hvor-ligger-det-minste-museet-i-italia-og-hvor-stort-er-det\/#primaryimage\",\"url\":\"https:\/\/nordnesrepublikken.no\/wp-content\/uploads\/2025\/10\/1760871140_Hvor-ligger-det-minste-museet-i-Italia-og-hvor-stort.jpg\",\"contentUrl\":\"https:\/\/nordnesrepublikken.no\/wp-content\/uploads\/2025\/10\/1760871140_Hvor-ligger-det-minste-museet-i-Italia-og-hvor-stort.jpg\",\"width\":1536,\"height\":1024,\"caption\":\"Hvor ligger det minste museet i Italia og hvor stort er det?\"},{\"@type\":\"BreadcrumbList\",\"@id\":\"https:\/\/nordnesrepublikken.no\/index.php\/2025\/10\/19\/hvor-ligger-det-minste-museet-i-italia-og-hvor-stort-er-det\/#breadcrumb\",\"itemListElement\":[{\"@type\":\"ListItem\",\"position\":1,\"name\":\"Home\",\"item\":\"https:\/\/nordnesrepublikken.no\/\"},{\"@type\":\"ListItem\",\"position\":2,\"name\":\"Hvor ligger det minste museet i Italia og hvor stort er det?\"}]},{\"@type\":\"WebSite\",\"@id\":\"https:\/\/nordnesrepublikken.no\/#website\",\"url\":\"https:\/\/nordnesrepublikken.no\/\",\"name\":\"Nordnesrepublikken\",\"description\":\"Stemmer og Visjoner fra Republikkens Hjerte\",\"publisher\":{\"@id\":\"https:\/\/nordnesrepublikken.no\/#organization\"},\"potentialAction\":[{\"@type\":\"SearchAction\",\"target\":{\"@type\":\"EntryPoint\",\"urlTemplate\":\"https:\/\/nordnesrepublikken.no\/?s={search_term_string}\"},\"query-input\":{\"@type\":\"PropertyValueSpecification\",\"valueRequired\":true,\"valueName\":\"search_term_string\"}}],\"inLanguage\":\"nb-NO\"},{\"@type\":\"Organization\",\"@id\":\"https:\/\/nordnesrepublikken.no\/#organization\",\"name\":\"Nordnesrepublikken\",\"url\":\"https:\/\/nordnesrepublikken.no\/\",\"logo\":{\"@type\":\"ImageObject\",\"inLanguage\":\"nb-NO\",\"@id\":\"https:\/\/nordnesrepublikken.no\/#\/schema\/logo\/image\/\",\"url\":\"https:\/\/nordnesrepublikken.no\/wp-content\/uploads\/2025\/02\/cropped-nordnesrepublikken-2.png\",\"contentUrl\":\"https:\/\/nordnesrepublikken.no\/wp-content\/uploads\/2025\/02\/cropped-nordnesrepublikken-2.png\",\"width\":1248,\"height\":362,\"caption\":\"Nordnesrepublikken\"},\"image\":{\"@id\":\"https:\/\/nordnesrepublikken.no\/#\/schema\/logo\/image\/\"}},{\"@type\":\"Person\",\"@id\":\"https:\/\/nordnesrepublikken.no\/#\/schema\/person\/2e7e81935bab77882fffb79296240ff1\",\"name\":\"Ole Andersen\",\"image\":{\"@type\":\"ImageObject\",\"inLanguage\":\"nb-NO\",\"@id\":\"https:\/\/nordnesrepublikken.no\/#\/schema\/person\/image\/\",\"url\":\"https:\/\/nordnesrepublikken.no\/wp-content\/uploads\/2025\/02\/nordnesrepublikken-2-2-150x150.jpg\",\"contentUrl\":\"https:\/\/nordnesrepublikken.no\/wp-content\/uploads\/2025\/02\/nordnesrepublikken-2-2-150x150.jpg\",\"caption\":\"Ole Andersen\"},\"description\":\"Ettersom jeg vokste opp i Oslo, har jeg alltid v\u00e6rt fascinert av ordenes kraft og deres evne til \u00e5 skape endringer. Etter \u00e5 ha fullf\u00f8rt min utdannelse i kommunikasjon ved Universitetet i Bergen, fikk jeg muligheten til \u00e5 jobbe innen ulike medier, der jeg har s\u00f8kt \u00e5 belyse viktige samfunnssp\u00f8rsm\u00e5l. I dag, som redakt\u00f8r for Nordnesrepublikken, pr\u00f8ver jeg \u00e5 forene min kj\u00e6rlighet for journalistikk med min lidenskap for innovasjon og eventyr.\",\"sameAs\":[\"https:\/\/nordnesrepublikken.no\/\"]}]}<\/script>\n<!-- \/ Yoast SEO plugin. -->","yoast_head_json":{"title":"Hvor ligger det minste museet i Italia og hvor stort er det? - Nordnesrepublikken","robots":{"index":"index","follow":"follow","max-snippet":"max-snippet:-1","max-image-preview":"max-image-preview:large","max-video-preview":"max-video-preview:-1"},"canonical":"https:\/\/nordnesrepublikken.no\/index.php\/2025\/10\/19\/hvor-ligger-det-minste-museet-i-italia-og-hvor-stort-er-det\/","og_locale":"nb_NO","og_type":"article","og_title":"Hvor ligger det minste museet i Italia og hvor stort er det? - Nordnesrepublikken","og_description":"Etter ti \u00e5r med aktivitet, og et \u00e5r med nedleggelse, \u00e5pnet det igjen sommeren 2025","og_url":"https:\/\/nordnesrepublikken.no\/index.php\/2025\/10\/19\/hvor-ligger-det-minste-museet-i-italia-og-hvor-stort-er-det\/","og_site_name":"Nordnesrepublikken","article_published_time":"2025-10-19T10:52:20+00:00","article_modified_time":"2025-10-19T10:52:21+00:00","og_image":[{"width":1536,"height":1024,"url":"https:\/\/nordnesrepublikken.no\/wp-content\/uploads\/2025\/10\/1760871140_Hvor-ligger-det-minste-museet-i-Italia-og-hvor-stort.jpg","type":"image\/jpeg"}],"author":"Ole Andersen","twitter_card":"summary_large_image","twitter_misc":{"Skrevet av":"Ole Andersen","Ansl. lesetid":"1 minutt"},"schema":{"@context":"https:\/\/schema.org","@graph":[{"@type":"Article","@id":"https:\/\/nordnesrepublikken.no\/index.php\/2025\/10\/19\/hvor-ligger-det-minste-museet-i-italia-og-hvor-stort-er-det\/#article","isPartOf":{"@id":"https:\/\/nordnesrepublikken.no\/index.php\/2025\/10\/19\/hvor-ligger-det-minste-museet-i-italia-og-hvor-stort-er-det\/"},"author":{"name":"Ole Andersen","@id":"https:\/\/nordnesrepublikken.no\/#\/schema\/person\/2e7e81935bab77882fffb79296240ff1"},"headline":"Hvor ligger det minste museet i Italia og hvor stort er det?","datePublished":"2025-10-19T10:52:20+00:00","dateModified":"2025-10-19T10:52:21+00:00","mainEntityOfPage":{"@id":"https:\/\/nordnesrepublikken.no\/index.php\/2025\/10\/19\/hvor-ligger-det-minste-museet-i-italia-og-hvor-stort-er-det\/"},"wordCount":217,"publisher":{"@id":"https:\/\/nordnesrepublikken.no\/#organization"},"image":{"@id":"https:\/\/nordnesrepublikken.no\/index.php\/2025\/10\/19\/hvor-ligger-det-minste-museet-i-italia-og-hvor-stort-er-det\/#primaryimage"},"thumbnailUrl":"https:\/\/nordnesrepublikken.no\/wp-content\/uploads\/2025\/10\/1760871140_Hvor-ligger-det-minste-museet-i-Italia-og-hvor-stort.jpg","keywords":["Det","hvor","Italia","ligger","minste","museet","stort"],"articleSection":["Samfunn"],"inLanguage":"nb-NO"},{"@type":"WebPage","@id":"https:\/\/nordnesrepublikken.no\/index.php\/2025\/10\/19\/hvor-ligger-det-minste-museet-i-italia-og-hvor-stort-er-det\/","url":"https:\/\/nordnesrepublikken.no\/index.php\/2025\/10\/19\/hvor-ligger-det-minste-museet-i-italia-og-hvor-stort-er-det\/","name":"Hvor ligger det minste museet i Italia og hvor stort er det? - Nordnesrepublikken","isPartOf":{"@id":"https:\/\/nordnesrepublikken.no\/#website"},"primaryImageOfPage":{"@id":"https:\/\/nordnesrepublikken.no\/index.php\/2025\/10\/19\/hvor-ligger-det-minste-museet-i-italia-og-hvor-stort-er-det\/#primaryimage"},"image":{"@id":"https:\/\/nordnesrepublikken.no\/index.php\/2025\/10\/19\/hvor-ligger-det-minste-museet-i-italia-og-hvor-stort-er-det\/#primaryimage"},"thumbnailUrl":"https:\/\/nordnesrepublikken.no\/wp-content\/uploads\/2025\/10\/1760871140_Hvor-ligger-det-minste-museet-i-Italia-og-hvor-stort.jpg","datePublished":"2025-10-19T10:52:20+00:00","dateModified":"2025-10-19T10:52:21+00:00","breadcrumb":{"@id":"https:\/\/nordnesrepublikken.no\/index.php\/2025\/10\/19\/hvor-ligger-det-minste-museet-i-italia-og-hvor-stort-er-det\/#breadcrumb"},"inLanguage":"nb-NO","potentialAction":[{"@type":"ReadAction","target":["https:\/\/nordnesrepublikken.no\/index.php\/2025\/10\/19\/hvor-ligger-det-minste-museet-i-italia-og-hvor-stort-er-det\/"]}]},{"@type":"ImageObject","inLanguage":"nb-NO","@id":"https:\/\/nordnesrepublikken.no\/index.php\/2025\/10\/19\/hvor-ligger-det-minste-museet-i-italia-og-hvor-stort-er-det\/#primaryimage","url":"https:\/\/nordnesrepublikken.no\/wp-content\/uploads\/2025\/10\/1760871140_Hvor-ligger-det-minste-museet-i-Italia-og-hvor-stort.jpg","contentUrl":"https:\/\/nordnesrepublikken.no\/wp-content\/uploads\/2025\/10\/1760871140_Hvor-ligger-det-minste-museet-i-Italia-og-hvor-stort.jpg","width":1536,"height":1024,"caption":"Hvor ligger det minste museet i Italia og hvor stort er det?"},{"@type":"BreadcrumbList","@id":"https:\/\/nordnesrepublikken.no\/index.php\/2025\/10\/19\/hvor-ligger-det-minste-museet-i-italia-og-hvor-stort-er-det\/#breadcrumb","itemListElement":[{"@type":"ListItem","position":1,"name":"Home","item":"https:\/\/nordnesrepublikken.no\/"},{"@type":"ListItem","position":2,"name":"Hvor ligger det minste museet i Italia og hvor stort er det?"}]},{"@type":"WebSite","@id":"https:\/\/nordnesrepublikken.no\/#website","url":"https:\/\/nordnesrepublikken.no\/","name":"Nordnesrepublikken","description":"Stemmer og Visjoner fra Republikkens Hjerte","publisher":{"@id":"https:\/\/nordnesrepublikken.no\/#organization"},"potentialAction":[{"@type":"SearchAction","target":{"@type":"EntryPoint","urlTemplate":"https:\/\/nordnesrepublikken.no\/?s={search_term_string}"},"query-input":{"@type":"PropertyValueSpecification","valueRequired":true,"valueName":"search_term_string"}}],"inLanguage":"nb-NO"},{"@type":"Organization","@id":"https:\/\/nordnesrepublikken.no\/#organization","name":"Nordnesrepublikken","url":"https:\/\/nordnesrepublikken.no\/","logo":{"@type":"ImageObject","inLanguage":"nb-NO","@id":"https:\/\/nordnesrepublikken.no\/#\/schema\/logo\/image\/","url":"https:\/\/nordnesrepublikken.no\/wp-content\/uploads\/2025\/02\/cropped-nordnesrepublikken-2.png","contentUrl":"https:\/\/nordnesrepublikken.no\/wp-content\/uploads\/2025\/02\/cropped-nordnesrepublikken-2.png","width":1248,"height":362,"caption":"Nordnesrepublikken"},"image":{"@id":"https:\/\/nordnesrepublikken.no\/#\/schema\/logo\/image\/"}},{"@type":"Person","@id":"https:\/\/nordnesrepublikken.no\/#\/schema\/person\/2e7e81935bab77882fffb79296240ff1","name":"Ole Andersen","image":{"@type":"ImageObject","inLanguage":"nb-NO","@id":"https:\/\/nordnesrepublikken.no\/#\/schema\/person\/image\/","url":"https:\/\/nordnesrepublikken.no\/wp-content\/uploads\/2025\/02\/nordnesrepublikken-2-2-150x150.jpg","contentUrl":"https:\/\/nordnesrepublikken.no\/wp-content\/uploads\/2025\/02\/nordnesrepublikken-2-2-150x150.jpg","caption":"Ole Andersen"},"description":"Ettersom jeg vokste opp i Oslo, har jeg alltid v\u00e6rt fascinert av ordenes kraft og deres evne til \u00e5 skape endringer. Etter \u00e5 ha fullf\u00f8rt min utdannelse i kommunikasjon ved Universitetet i Bergen, fikk jeg muligheten til \u00e5 jobbe innen ulike medier, der jeg har s\u00f8kt \u00e5 belyse viktige samfunnssp\u00f8rsm\u00e5l. I dag, som redakt\u00f8r for Nordnesrepublikken, pr\u00f8ver jeg \u00e5 forene min kj\u00e6rlighet for journalistikk med min lidenskap for innovasjon og eventyr.","sameAs":["https:\/\/nordnesrepublikken.no\/"]}]}},"_links":{"self":[{"href":"https:\/\/nordnesrepublikken.no\/index.php\/wp-json\/wp\/v2\/posts\/10748","targetHints":{"allow":["GET"]}}],"collection":[{"href":"https:\/\/nordnesrepublikken.no\/index.php\/wp-json\/wp\/v2\/posts"}],"about":[{"href":"https:\/\/nordnesrepublikken.no\/index.php\/wp-json\/wp\/v2\/types\/post"}],"author":[{"embeddable":true,"href":"https:\/\/nordnesrepublikken.no\/index.php\/wp-json\/wp\/v2\/users\/1"}],"replies":[{"embeddable":true,"href":"https:\/\/nordnesrepublikken.no\/index.php\/wp-json\/wp\/v2\/comments?post=10748"}],"version-history":[{"count":1,"href":"https:\/\/nordnesrepublikken.no\/index.php\/wp-json\/wp\/v2\/posts\/10748\/revisions"}],"predecessor-version":[{"id":10750,"href":"https:\/\/nordnesrepublikken.no\/index.php\/wp-json\/wp\/v2\/posts\/10748\/revisions\/10750"}],"wp:featuredmedia":[{"embeddable":true,"href":"https:\/\/nordnesrepublikken.no\/index.php\/wp-json\/wp\/v2\/media\/10749"}],"wp:attachment":[{"href":"https:\/\/nordnesrepublikken.no\/index.php\/wp-json\/wp\/v2\/media?parent=10748"}],"wp:term":[{"taxonomy":"category","embeddable":true,"href":"https:\/\/nordnesrepublikken.no\/index.php\/wp-json\/wp\/v2\/categories?post=10748"},{"taxonomy":"post_tag","embeddable":true,"href":"https:\/\/nordnesrepublikken.no\/index.php\/wp-json\/wp\/v2\/tags?post=10748"}],"curies":[{"name":"wp","href":"https:\/\/api.w.org\/{rel}","templated":true}]}}