{"id":10745,"date":"2025-10-19T11:50:19","date_gmt":"2025-10-19T09:50:19","guid":{"rendered":"https:\/\/nordnesrepublikken.no\/index.php\/2025\/10\/19\/brystkreftbevissthetsdag-antall-tilfeller-stiger-men-hapet-er-i-horisonten\/"},"modified":"2025-10-19T11:50:21","modified_gmt":"2025-10-19T09:50:21","slug":"brystkreftbevissthetsdag-antall-tilfeller-stiger-men-hapet-er-i-horisonten","status":"publish","type":"post","link":"https:\/\/nordnesrepublikken.no\/index.php\/2025\/10\/19\/brystkreftbevissthetsdag-antall-tilfeller-stiger-men-hapet-er-i-horisonten\/","title":{"rendered":"Brystkreftbevissthetsdag: Antall tilfeller stiger, men h\u00e5pet er i horisonten"},"content":{"rendered":"<p><\/p>\n<div class=\"wordpress-content\">\n                    <!-- Article Start --><\/p>\n<p class=\"p1\"><strong>Rosa sl\u00f8yfer blafrer i vinden over hele Europa i dag for den internasjonale brystkreftdagen, og verden st\u00e5r overfor et n\u00f8kternt paradoks: brystkreftraten stiger, men d\u00f8dsfallene fra sykdommen synker, takket v\u00e6re gjennombrudd innen oppdagelse og behandling.<\/strong><\/p>\n<p class=\"p1\">Under 2025-temaet \u00abHver historie er unik, hver reise er viktig\u00bb, er arrangementer fra webinarer til overlevelsesvandringer \u00f8kende krav om rettferdig omsorg, som fremhever hvordan Europas aldrende befolkning f\u00f8rer til flere tilfeller mens innovative terapier redder liv.<\/p>\n<h2>Brystkreft \u00f8ker globalt<\/h2>\n<p class=\"p1\">Verdens helseorganisasjon (WHO) startet m\u00e5neden 1. oktober med sitt tredje Global Breast Cancer Initiative Partners Meeting, og lanserte en oppl\u00e6ringsmanual for \u00e5 hjelpe til med tidlig oppdagelse i underbetjente omr\u00e5der. &laquo;Hvert minutt blir fire kvinner diagnostisert med brystkreft over hele verden, og en kvinne d\u00f8r av sykdommen, og denne statistikken forverres,&raquo; advarte Dr Joanne Kim, en IARC-forsker, under arrangementet. I Europa avsl\u00f8rer tallene at det haster: Det internasjonale byr\u00e5et for kreftforskning (IARC) ansl\u00e5r 604 900 nye tilfeller i WHOs Europa-region for 2022, et tall som forventes \u00e5 \u00f8ke med demografiske endringer.<\/p>\n<div class=\"sra_unit\"><link rel=\"stylesheet\" id=\"block-sra\" href=\"https:\/\/euroweeklynews.com\/wp-content\/plugins\/snack-related-articles\/dist\/css\/snack-related.min.css?250312-193541\" type=\"text\/css\" media=\"all\">\n<\/div>\n<h2>Hvordan kommer brystkreftratene ut i niv\u00e5 i Storbritannia?<\/h2>\n<p class=\"p1\">Insidensratene stabiliserer seg i rikere nordlige og vestlige nasjoner som Storbritannia og Sverige, der aldersstandardiserte rater ligger rundt 100 til 120 per 100 000 kvinner, men \u00f8ker i \u00d8st- og S\u00f8r-Europa p\u00e5 grunn av livsstilsfaktorer som \u00f8kende fedme og alkoholbruk, forsinket tilgang p\u00e5 fertile og ujevn screening. Europas medianalder p\u00e5 41,9 \u00e5r forverrer denne situasjonen; halvparten av tilfellene rammer kvinner i alderen 45\u201369, if\u00f8lge European Cancer Information System (ECIS). &laquo;Den \u00f8kte forekomsten av overvekt og fedme de siste ti\u00e5rene &#8230; har f\u00f8rt til \u00f8kt risiko for brystkreft,&raquo; sier professor Carlo La Vecchia ved Universitetet i Milano i nyere analyser.<\/p>\n<h2>D\u00f8deligheten av brystkreft har totalt sett sunket i Europa<\/h2>\n<p class=\"p1\">Likevel er det et glimt av h\u00e5p i d\u00f8delighetsdata. EU har dramatisk redusert d\u00f8dsraten for brystkreft med 30 prosent siden 1990 og har avverget tap av over 373 000 liv gjennom utvidede mammografitestingskampanjer og m\u00e5lrettede legemidler som HER2-hemmere. En studie fra mars 2025 i Annals of Oncology ansl\u00e5r et fall p\u00e5 4 prosent i hele EU innen utgangen av dette \u00e5ret, til 13,3 d\u00f8dsfall per 100 000 kvinner, med mer dramatiske forbedringer i aldersgruppen 50 til 69 \u00e5r (-9,8 prosent). Det totale antallet d\u00f8dsfall kan ha \u00f8kt beskjedent til 90 000 fra 85 000 i 2020, men Storbritannia har gjort det bedre enn sine naboer med en ansl\u00e5tt nedgang p\u00e5 6 prosent totalt, og til og med et fall p\u00e5 7 prosent for kvinner over 80 \u00e5r.<\/p>\n<h2>Globale initiativer i bevissthet om brystkreft<\/h2>\n<p class=\"p1\">EUs Beating Cancer Plan, som tar sikte p\u00e5 90 prosent screeningdekning innen 2025, er sentral for fremskritt i Europa. Initiativer som Sveits PINK CUBE Roadshow tilbyr gratis eksamener p\u00e5 landsbygda, mens Lobular Breast Cancer Alliances Global Awareness Day 15. oktober fremhevet 15 prosent av tilfellene som ble savnet av standard mammografi.<\/p>\n<p class=\"p1\">Overlevende som den nederlandske musikeren Floor Jansen er et perfekt eksempel p\u00e5 temaets \u00e5nd. &laquo;G\u00c5! Og for mennene som leser dette: minn din kone, kj\u00e6reste, mor eller s\u00f8ster om \u00e5 g\u00e5 og bli sjekket,&raquo; oppfordret hun i et dyptf\u00f8lt innlegg. Mens oktober utfolder seg med \u00abPink Warriors\u00bb-drageb\u00e5tracer i Malaysia og poesi-slam i Elfenbenskysten, tar man til orde for stressforebygging: begrense alkohol, opprettholde en sunn vekt og screening tidlig.<\/p>\n<p class=\"p1\">Denne bevissthetsm\u00e5neden handler ikke bare om rosa sl\u00f8yfer. Det er et rop for \u00e5 bygge bro over forskjeller, som sikrer at enhver europeisk kvinnes reise ender med \u00e5 overleve. Og det er ikke bare bevissthet for kvinner. Det er ogs\u00e5 for menn, som burde dytte sine partnere, koner, m\u00f8dre, s\u00f8stre, mase p\u00e5 dem om \u00e5 bli sjekket ut. Med trender som g\u00e5r mot f\u00e6rre d\u00f8dsfall, intensiveres fokuset, og gj\u00f8r \u00f8kte diagnoser til liv.<\/p>\n<p>                    <!-- This article has been originally published at https:\/\/euroweeklynews.com\/2025\/10\/19\/breast-cancer-awareness-day-number-of-cases-rise-but-hope-is-on-the-horizon\/ on 19 Oct 2025 at 10:42 by Adam Woodward --><br \/>\n                    <!-- Article End -->\n                <\/div>\n<p><script async src=\"\/\/www.instagram.com\/embed.js\"><\/script><\/p>\n","protected":false},"excerpt":{"rendered":"<p>Rosa sl\u00f8yfer blafrer i vinden over hele Europa i dag for den internasjonale brystkreftdagen, og<\/p>\n","protected":false},"author":1,"featured_media":10746,"comment_status":"closed","ping_status":"open","sticky":false,"template":"","format":"standard","meta":{"footnotes":""},"categories":[105],"tags":[2085,7071,7072,7073,355,900,3195],"class_list":["post-10745","post","type-post","status-publish","format-standard","has-post-thumbnail","hentry","category-livsstil","tag-antall","tag-brystkreftbevissthetsdag","tag-hapet","tag-horisonten","tag-men","tag-stiger","tag-tilfeller","generate-columns","tablet-grid-50","mobile-grid-100","grid-parent","grid-33","resize-featured-image"],"yoast_head":"<!-- This site is optimized with the Yoast SEO plugin v24.4 - https:\/\/yoast.com\/wordpress\/plugins\/seo\/ -->\n<title>Brystkreftbevissthetsdag: Antall tilfeller stiger, men h\u00e5pet er i horisonten - Nordnesrepublikken<\/title>\n<meta name=\"robots\" content=\"index, follow, max-snippet:-1, max-image-preview:large, max-video-preview:-1\" \/>\n<link rel=\"canonical\" href=\"https:\/\/nordnesrepublikken.no\/index.php\/2025\/10\/19\/brystkreftbevissthetsdag-antall-tilfeller-stiger-men-hapet-er-i-horisonten\/\" \/>\n<meta property=\"og:locale\" content=\"nb_NO\" \/>\n<meta property=\"og:type\" content=\"article\" \/>\n<meta property=\"og:title\" content=\"Brystkreftbevissthetsdag: Antall tilfeller stiger, men h\u00e5pet er i horisonten - Nordnesrepublikken\" \/>\n<meta property=\"og:description\" content=\"Rosa sl\u00f8yfer blafrer i vinden over hele Europa i dag for den internasjonale brystkreftdagen, og\" \/>\n<meta property=\"og:url\" content=\"https:\/\/nordnesrepublikken.no\/index.php\/2025\/10\/19\/brystkreftbevissthetsdag-antall-tilfeller-stiger-men-hapet-er-i-horisonten\/\" \/>\n<meta property=\"og:site_name\" content=\"Nordnesrepublikken\" \/>\n<meta property=\"article:published_time\" content=\"2025-10-19T09:50:19+00:00\" \/>\n<meta property=\"article:modified_time\" content=\"2025-10-19T09:50:21+00:00\" \/>\n<meta property=\"og:image\" content=\"https:\/\/nordnesrepublikken.no\/wp-content\/uploads\/2025\/10\/1760867419_Brystkreftbevissthetsdag-Antall-tilfeller-stiger-men-hapet-er-i-horisonten.jpg\" \/>\n\t<meta property=\"og:image:width\" content=\"1200\" \/>\n\t<meta property=\"og:image:height\" content=\"800\" \/>\n\t<meta property=\"og:image:type\" content=\"image\/jpeg\" \/>\n<meta name=\"author\" content=\"Ole Andersen\" \/>\n<meta name=\"twitter:card\" content=\"summary_large_image\" \/>\n<meta name=\"twitter:label1\" content=\"Skrevet av\" \/>\n\t<meta name=\"twitter:data1\" content=\"Ole Andersen\" \/>\n\t<meta name=\"twitter:label2\" content=\"Ansl. lesetid\" \/>\n\t<meta name=\"twitter:data2\" content=\"3 minutter\" \/>\n<script type=\"application\/ld+json\" class=\"yoast-schema-graph\">{\"@context\":\"https:\/\/schema.org\",\"@graph\":[{\"@type\":\"Article\",\"@id\":\"https:\/\/nordnesrepublikken.no\/index.php\/2025\/10\/19\/brystkreftbevissthetsdag-antall-tilfeller-stiger-men-hapet-er-i-horisonten\/#article\",\"isPartOf\":{\"@id\":\"https:\/\/nordnesrepublikken.no\/index.php\/2025\/10\/19\/brystkreftbevissthetsdag-antall-tilfeller-stiger-men-hapet-er-i-horisonten\/\"},\"author\":{\"name\":\"Ole Andersen\",\"@id\":\"https:\/\/nordnesrepublikken.no\/#\/schema\/person\/2e7e81935bab77882fffb79296240ff1\"},\"headline\":\"Brystkreftbevissthetsdag: Antall tilfeller stiger, men h\u00e5pet er i horisonten\",\"datePublished\":\"2025-10-19T09:50:19+00:00\",\"dateModified\":\"2025-10-19T09:50:21+00:00\",\"mainEntityOfPage\":{\"@id\":\"https:\/\/nordnesrepublikken.no\/index.php\/2025\/10\/19\/brystkreftbevissthetsdag-antall-tilfeller-stiger-men-hapet-er-i-horisonten\/\"},\"wordCount\":616,\"publisher\":{\"@id\":\"https:\/\/nordnesrepublikken.no\/#organization\"},\"image\":{\"@id\":\"https:\/\/nordnesrepublikken.no\/index.php\/2025\/10\/19\/brystkreftbevissthetsdag-antall-tilfeller-stiger-men-hapet-er-i-horisonten\/#primaryimage\"},\"thumbnailUrl\":\"https:\/\/nordnesrepublikken.no\/wp-content\/uploads\/2025\/10\/1760867419_Brystkreftbevissthetsdag-Antall-tilfeller-stiger-men-hapet-er-i-horisonten.jpg\",\"keywords\":[\"antall\",\"Brystkreftbevissthetsdag\",\"h\u00e5pet\",\"horisonten\",\"men\",\"stiger\",\"tilfeller\"],\"articleSection\":[\"Livsstil\"],\"inLanguage\":\"nb-NO\"},{\"@type\":\"WebPage\",\"@id\":\"https:\/\/nordnesrepublikken.no\/index.php\/2025\/10\/19\/brystkreftbevissthetsdag-antall-tilfeller-stiger-men-hapet-er-i-horisonten\/\",\"url\":\"https:\/\/nordnesrepublikken.no\/index.php\/2025\/10\/19\/brystkreftbevissthetsdag-antall-tilfeller-stiger-men-hapet-er-i-horisonten\/\",\"name\":\"Brystkreftbevissthetsdag: Antall tilfeller stiger, men h\u00e5pet er i horisonten - Nordnesrepublikken\",\"isPartOf\":{\"@id\":\"https:\/\/nordnesrepublikken.no\/#website\"},\"primaryImageOfPage\":{\"@id\":\"https:\/\/nordnesrepublikken.no\/index.php\/2025\/10\/19\/brystkreftbevissthetsdag-antall-tilfeller-stiger-men-hapet-er-i-horisonten\/#primaryimage\"},\"image\":{\"@id\":\"https:\/\/nordnesrepublikken.no\/index.php\/2025\/10\/19\/brystkreftbevissthetsdag-antall-tilfeller-stiger-men-hapet-er-i-horisonten\/#primaryimage\"},\"thumbnailUrl\":\"https:\/\/nordnesrepublikken.no\/wp-content\/uploads\/2025\/10\/1760867419_Brystkreftbevissthetsdag-Antall-tilfeller-stiger-men-hapet-er-i-horisonten.jpg\",\"datePublished\":\"2025-10-19T09:50:19+00:00\",\"dateModified\":\"2025-10-19T09:50:21+00:00\",\"breadcrumb\":{\"@id\":\"https:\/\/nordnesrepublikken.no\/index.php\/2025\/10\/19\/brystkreftbevissthetsdag-antall-tilfeller-stiger-men-hapet-er-i-horisonten\/#breadcrumb\"},\"inLanguage\":\"nb-NO\",\"potentialAction\":[{\"@type\":\"ReadAction\",\"target\":[\"https:\/\/nordnesrepublikken.no\/index.php\/2025\/10\/19\/brystkreftbevissthetsdag-antall-tilfeller-stiger-men-hapet-er-i-horisonten\/\"]}]},{\"@type\":\"ImageObject\",\"inLanguage\":\"nb-NO\",\"@id\":\"https:\/\/nordnesrepublikken.no\/index.php\/2025\/10\/19\/brystkreftbevissthetsdag-antall-tilfeller-stiger-men-hapet-er-i-horisonten\/#primaryimage\",\"url\":\"https:\/\/nordnesrepublikken.no\/wp-content\/uploads\/2025\/10\/1760867419_Brystkreftbevissthetsdag-Antall-tilfeller-stiger-men-hapet-er-i-horisonten.jpg\",\"contentUrl\":\"https:\/\/nordnesrepublikken.no\/wp-content\/uploads\/2025\/10\/1760867419_Brystkreftbevissthetsdag-Antall-tilfeller-stiger-men-hapet-er-i-horisonten.jpg\",\"width\":1200,\"height\":800,\"caption\":\"Brystkreftbevissthetsdag: Antall tilfeller stiger, men h\u00e5pet er i horisonten\"},{\"@type\":\"BreadcrumbList\",\"@id\":\"https:\/\/nordnesrepublikken.no\/index.php\/2025\/10\/19\/brystkreftbevissthetsdag-antall-tilfeller-stiger-men-hapet-er-i-horisonten\/#breadcrumb\",\"itemListElement\":[{\"@type\":\"ListItem\",\"position\":1,\"name\":\"Home\",\"item\":\"https:\/\/nordnesrepublikken.no\/\"},{\"@type\":\"ListItem\",\"position\":2,\"name\":\"Brystkreftbevissthetsdag: Antall tilfeller stiger, men h\u00e5pet er i horisonten\"}]},{\"@type\":\"WebSite\",\"@id\":\"https:\/\/nordnesrepublikken.no\/#website\",\"url\":\"https:\/\/nordnesrepublikken.no\/\",\"name\":\"Nordnesrepublikken\",\"description\":\"Stemmer og Visjoner fra Republikkens Hjerte\",\"publisher\":{\"@id\":\"https:\/\/nordnesrepublikken.no\/#organization\"},\"potentialAction\":[{\"@type\":\"SearchAction\",\"target\":{\"@type\":\"EntryPoint\",\"urlTemplate\":\"https:\/\/nordnesrepublikken.no\/?s={search_term_string}\"},\"query-input\":{\"@type\":\"PropertyValueSpecification\",\"valueRequired\":true,\"valueName\":\"search_term_string\"}}],\"inLanguage\":\"nb-NO\"},{\"@type\":\"Organization\",\"@id\":\"https:\/\/nordnesrepublikken.no\/#organization\",\"name\":\"Nordnesrepublikken\",\"url\":\"https:\/\/nordnesrepublikken.no\/\",\"logo\":{\"@type\":\"ImageObject\",\"inLanguage\":\"nb-NO\",\"@id\":\"https:\/\/nordnesrepublikken.no\/#\/schema\/logo\/image\/\",\"url\":\"https:\/\/nordnesrepublikken.no\/wp-content\/uploads\/2025\/02\/cropped-nordnesrepublikken-2.png\",\"contentUrl\":\"https:\/\/nordnesrepublikken.no\/wp-content\/uploads\/2025\/02\/cropped-nordnesrepublikken-2.png\",\"width\":1248,\"height\":362,\"caption\":\"Nordnesrepublikken\"},\"image\":{\"@id\":\"https:\/\/nordnesrepublikken.no\/#\/schema\/logo\/image\/\"}},{\"@type\":\"Person\",\"@id\":\"https:\/\/nordnesrepublikken.no\/#\/schema\/person\/2e7e81935bab77882fffb79296240ff1\",\"name\":\"Ole Andersen\",\"image\":{\"@type\":\"ImageObject\",\"inLanguage\":\"nb-NO\",\"@id\":\"https:\/\/nordnesrepublikken.no\/#\/schema\/person\/image\/\",\"url\":\"https:\/\/nordnesrepublikken.no\/wp-content\/uploads\/2025\/02\/nordnesrepublikken-2-2-150x150.jpg\",\"contentUrl\":\"https:\/\/nordnesrepublikken.no\/wp-content\/uploads\/2025\/02\/nordnesrepublikken-2-2-150x150.jpg\",\"caption\":\"Ole Andersen\"},\"description\":\"Ettersom jeg vokste opp i Oslo, har jeg alltid v\u00e6rt fascinert av ordenes kraft og deres evne til \u00e5 skape endringer. Etter \u00e5 ha fullf\u00f8rt min utdannelse i kommunikasjon ved Universitetet i Bergen, fikk jeg muligheten til \u00e5 jobbe innen ulike medier, der jeg har s\u00f8kt \u00e5 belyse viktige samfunnssp\u00f8rsm\u00e5l. I dag, som redakt\u00f8r for Nordnesrepublikken, pr\u00f8ver jeg \u00e5 forene min kj\u00e6rlighet for journalistikk med min lidenskap for innovasjon og eventyr.\",\"sameAs\":[\"https:\/\/nordnesrepublikken.no\/\"]}]}<\/script>\n<!-- \/ Yoast SEO plugin. -->","yoast_head_json":{"title":"Brystkreftbevissthetsdag: Antall tilfeller stiger, men h\u00e5pet er i horisonten - Nordnesrepublikken","robots":{"index":"index","follow":"follow","max-snippet":"max-snippet:-1","max-image-preview":"max-image-preview:large","max-video-preview":"max-video-preview:-1"},"canonical":"https:\/\/nordnesrepublikken.no\/index.php\/2025\/10\/19\/brystkreftbevissthetsdag-antall-tilfeller-stiger-men-hapet-er-i-horisonten\/","og_locale":"nb_NO","og_type":"article","og_title":"Brystkreftbevissthetsdag: Antall tilfeller stiger, men h\u00e5pet er i horisonten - Nordnesrepublikken","og_description":"Rosa sl\u00f8yfer blafrer i vinden over hele Europa i dag for den internasjonale brystkreftdagen, og","og_url":"https:\/\/nordnesrepublikken.no\/index.php\/2025\/10\/19\/brystkreftbevissthetsdag-antall-tilfeller-stiger-men-hapet-er-i-horisonten\/","og_site_name":"Nordnesrepublikken","article_published_time":"2025-10-19T09:50:19+00:00","article_modified_time":"2025-10-19T09:50:21+00:00","og_image":[{"width":1200,"height":800,"url":"https:\/\/nordnesrepublikken.no\/wp-content\/uploads\/2025\/10\/1760867419_Brystkreftbevissthetsdag-Antall-tilfeller-stiger-men-hapet-er-i-horisonten.jpg","type":"image\/jpeg"}],"author":"Ole Andersen","twitter_card":"summary_large_image","twitter_misc":{"Skrevet av":"Ole Andersen","Ansl. lesetid":"3 minutter"},"schema":{"@context":"https:\/\/schema.org","@graph":[{"@type":"Article","@id":"https:\/\/nordnesrepublikken.no\/index.php\/2025\/10\/19\/brystkreftbevissthetsdag-antall-tilfeller-stiger-men-hapet-er-i-horisonten\/#article","isPartOf":{"@id":"https:\/\/nordnesrepublikken.no\/index.php\/2025\/10\/19\/brystkreftbevissthetsdag-antall-tilfeller-stiger-men-hapet-er-i-horisonten\/"},"author":{"name":"Ole Andersen","@id":"https:\/\/nordnesrepublikken.no\/#\/schema\/person\/2e7e81935bab77882fffb79296240ff1"},"headline":"Brystkreftbevissthetsdag: Antall tilfeller stiger, men h\u00e5pet er i horisonten","datePublished":"2025-10-19T09:50:19+00:00","dateModified":"2025-10-19T09:50:21+00:00","mainEntityOfPage":{"@id":"https:\/\/nordnesrepublikken.no\/index.php\/2025\/10\/19\/brystkreftbevissthetsdag-antall-tilfeller-stiger-men-hapet-er-i-horisonten\/"},"wordCount":616,"publisher":{"@id":"https:\/\/nordnesrepublikken.no\/#organization"},"image":{"@id":"https:\/\/nordnesrepublikken.no\/index.php\/2025\/10\/19\/brystkreftbevissthetsdag-antall-tilfeller-stiger-men-hapet-er-i-horisonten\/#primaryimage"},"thumbnailUrl":"https:\/\/nordnesrepublikken.no\/wp-content\/uploads\/2025\/10\/1760867419_Brystkreftbevissthetsdag-Antall-tilfeller-stiger-men-hapet-er-i-horisonten.jpg","keywords":["antall","Brystkreftbevissthetsdag","h\u00e5pet","horisonten","men","stiger","tilfeller"],"articleSection":["Livsstil"],"inLanguage":"nb-NO"},{"@type":"WebPage","@id":"https:\/\/nordnesrepublikken.no\/index.php\/2025\/10\/19\/brystkreftbevissthetsdag-antall-tilfeller-stiger-men-hapet-er-i-horisonten\/","url":"https:\/\/nordnesrepublikken.no\/index.php\/2025\/10\/19\/brystkreftbevissthetsdag-antall-tilfeller-stiger-men-hapet-er-i-horisonten\/","name":"Brystkreftbevissthetsdag: Antall tilfeller stiger, men h\u00e5pet er i horisonten - Nordnesrepublikken","isPartOf":{"@id":"https:\/\/nordnesrepublikken.no\/#website"},"primaryImageOfPage":{"@id":"https:\/\/nordnesrepublikken.no\/index.php\/2025\/10\/19\/brystkreftbevissthetsdag-antall-tilfeller-stiger-men-hapet-er-i-horisonten\/#primaryimage"},"image":{"@id":"https:\/\/nordnesrepublikken.no\/index.php\/2025\/10\/19\/brystkreftbevissthetsdag-antall-tilfeller-stiger-men-hapet-er-i-horisonten\/#primaryimage"},"thumbnailUrl":"https:\/\/nordnesrepublikken.no\/wp-content\/uploads\/2025\/10\/1760867419_Brystkreftbevissthetsdag-Antall-tilfeller-stiger-men-hapet-er-i-horisonten.jpg","datePublished":"2025-10-19T09:50:19+00:00","dateModified":"2025-10-19T09:50:21+00:00","breadcrumb":{"@id":"https:\/\/nordnesrepublikken.no\/index.php\/2025\/10\/19\/brystkreftbevissthetsdag-antall-tilfeller-stiger-men-hapet-er-i-horisonten\/#breadcrumb"},"inLanguage":"nb-NO","potentialAction":[{"@type":"ReadAction","target":["https:\/\/nordnesrepublikken.no\/index.php\/2025\/10\/19\/brystkreftbevissthetsdag-antall-tilfeller-stiger-men-hapet-er-i-horisonten\/"]}]},{"@type":"ImageObject","inLanguage":"nb-NO","@id":"https:\/\/nordnesrepublikken.no\/index.php\/2025\/10\/19\/brystkreftbevissthetsdag-antall-tilfeller-stiger-men-hapet-er-i-horisonten\/#primaryimage","url":"https:\/\/nordnesrepublikken.no\/wp-content\/uploads\/2025\/10\/1760867419_Brystkreftbevissthetsdag-Antall-tilfeller-stiger-men-hapet-er-i-horisonten.jpg","contentUrl":"https:\/\/nordnesrepublikken.no\/wp-content\/uploads\/2025\/10\/1760867419_Brystkreftbevissthetsdag-Antall-tilfeller-stiger-men-hapet-er-i-horisonten.jpg","width":1200,"height":800,"caption":"Brystkreftbevissthetsdag: Antall tilfeller stiger, men h\u00e5pet er i horisonten"},{"@type":"BreadcrumbList","@id":"https:\/\/nordnesrepublikken.no\/index.php\/2025\/10\/19\/brystkreftbevissthetsdag-antall-tilfeller-stiger-men-hapet-er-i-horisonten\/#breadcrumb","itemListElement":[{"@type":"ListItem","position":1,"name":"Home","item":"https:\/\/nordnesrepublikken.no\/"},{"@type":"ListItem","position":2,"name":"Brystkreftbevissthetsdag: Antall tilfeller stiger, men h\u00e5pet er i horisonten"}]},{"@type":"WebSite","@id":"https:\/\/nordnesrepublikken.no\/#website","url":"https:\/\/nordnesrepublikken.no\/","name":"Nordnesrepublikken","description":"Stemmer og Visjoner fra Republikkens Hjerte","publisher":{"@id":"https:\/\/nordnesrepublikken.no\/#organization"},"potentialAction":[{"@type":"SearchAction","target":{"@type":"EntryPoint","urlTemplate":"https:\/\/nordnesrepublikken.no\/?s={search_term_string}"},"query-input":{"@type":"PropertyValueSpecification","valueRequired":true,"valueName":"search_term_string"}}],"inLanguage":"nb-NO"},{"@type":"Organization","@id":"https:\/\/nordnesrepublikken.no\/#organization","name":"Nordnesrepublikken","url":"https:\/\/nordnesrepublikken.no\/","logo":{"@type":"ImageObject","inLanguage":"nb-NO","@id":"https:\/\/nordnesrepublikken.no\/#\/schema\/logo\/image\/","url":"https:\/\/nordnesrepublikken.no\/wp-content\/uploads\/2025\/02\/cropped-nordnesrepublikken-2.png","contentUrl":"https:\/\/nordnesrepublikken.no\/wp-content\/uploads\/2025\/02\/cropped-nordnesrepublikken-2.png","width":1248,"height":362,"caption":"Nordnesrepublikken"},"image":{"@id":"https:\/\/nordnesrepublikken.no\/#\/schema\/logo\/image\/"}},{"@type":"Person","@id":"https:\/\/nordnesrepublikken.no\/#\/schema\/person\/2e7e81935bab77882fffb79296240ff1","name":"Ole Andersen","image":{"@type":"ImageObject","inLanguage":"nb-NO","@id":"https:\/\/nordnesrepublikken.no\/#\/schema\/person\/image\/","url":"https:\/\/nordnesrepublikken.no\/wp-content\/uploads\/2025\/02\/nordnesrepublikken-2-2-150x150.jpg","contentUrl":"https:\/\/nordnesrepublikken.no\/wp-content\/uploads\/2025\/02\/nordnesrepublikken-2-2-150x150.jpg","caption":"Ole Andersen"},"description":"Ettersom jeg vokste opp i Oslo, har jeg alltid v\u00e6rt fascinert av ordenes kraft og deres evne til \u00e5 skape endringer. Etter \u00e5 ha fullf\u00f8rt min utdannelse i kommunikasjon ved Universitetet i Bergen, fikk jeg muligheten til \u00e5 jobbe innen ulike medier, der jeg har s\u00f8kt \u00e5 belyse viktige samfunnssp\u00f8rsm\u00e5l. I dag, som redakt\u00f8r for Nordnesrepublikken, pr\u00f8ver jeg \u00e5 forene min kj\u00e6rlighet for journalistikk med min lidenskap for innovasjon og eventyr.","sameAs":["https:\/\/nordnesrepublikken.no\/"]}]}},"_links":{"self":[{"href":"https:\/\/nordnesrepublikken.no\/index.php\/wp-json\/wp\/v2\/posts\/10745","targetHints":{"allow":["GET"]}}],"collection":[{"href":"https:\/\/nordnesrepublikken.no\/index.php\/wp-json\/wp\/v2\/posts"}],"about":[{"href":"https:\/\/nordnesrepublikken.no\/index.php\/wp-json\/wp\/v2\/types\/post"}],"author":[{"embeddable":true,"href":"https:\/\/nordnesrepublikken.no\/index.php\/wp-json\/wp\/v2\/users\/1"}],"replies":[{"embeddable":true,"href":"https:\/\/nordnesrepublikken.no\/index.php\/wp-json\/wp\/v2\/comments?post=10745"}],"version-history":[{"count":1,"href":"https:\/\/nordnesrepublikken.no\/index.php\/wp-json\/wp\/v2\/posts\/10745\/revisions"}],"predecessor-version":[{"id":10747,"href":"https:\/\/nordnesrepublikken.no\/index.php\/wp-json\/wp\/v2\/posts\/10745\/revisions\/10747"}],"wp:featuredmedia":[{"embeddable":true,"href":"https:\/\/nordnesrepublikken.no\/index.php\/wp-json\/wp\/v2\/media\/10746"}],"wp:attachment":[{"href":"https:\/\/nordnesrepublikken.no\/index.php\/wp-json\/wp\/v2\/media?parent=10745"}],"wp:term":[{"taxonomy":"category","embeddable":true,"href":"https:\/\/nordnesrepublikken.no\/index.php\/wp-json\/wp\/v2\/categories?post=10745"},{"taxonomy":"post_tag","embeddable":true,"href":"https:\/\/nordnesrepublikken.no\/index.php\/wp-json\/wp\/v2\/tags?post=10745"}],"curies":[{"name":"wp","href":"https:\/\/api.w.org\/{rel}","templated":true}]}}