{"id":10676,"date":"2025-10-17T13:50:22","date_gmt":"2025-10-17T11:50:22","guid":{"rendered":"https:\/\/nordnesrepublikken.no\/index.php\/2025\/10\/17\/arsakene-og-den-navaerende-situasjonen\/"},"modified":"2025-10-17T13:50:34","modified_gmt":"2025-10-17T11:50:34","slug":"arsakene-og-den-navaerende-situasjonen","status":"publish","type":"post","link":"https:\/\/nordnesrepublikken.no\/index.php\/2025\/10\/17\/arsakene-og-den-navaerende-situasjonen\/","title":{"rendered":"\u00e5rsakene og den n\u00e5v\u00e6rende situasjonen"},"content":{"rendered":"<div>\n<div class=\"cp_wrapper cp_wrapper--fw mb-30 mb-20@tablet\">\n<figure class=\"mm\"><picture class=\"img\" style=\"padding-top:56.25%\"><source  media=\"(min-width: 1024px)\"><source  media=\"(min-width: 768px)\"><\/source><\/source><\/picture><\/figure>\n<\/p><\/div>\n<p>I de siste dagene av oktober 2025, <strong>grensen mellom Afghanistan og Pakistan har blusset opp igjen<\/strong>: over 18 d\u00f8de og hundrevis skadet i sammenst\u00f8t mellom h\u00e6rer og militsmenn, som deretter returnerte med en skj\u00f8r 48-timers v\u00e5penhvile. En ny episode som bekrefter hvor gammel og fortsatt ul\u00f8st spenningen mellom Kabul og Islamabad fortsatt er.<\/p>\n<p>Ligger mellom Det indiske hav, det indiske subkontinentet, det tidligere sovjetiske Sentral-Asia og det st\u00f8rre &laquo;Bredere Midt\u00f8sten&raquo;, deler det islamske emiratet Afghanistan og den islamske republikken Pakistan en grenselinje (den s.k. <strong>&laquo;Durand Line&raquo;<\/strong>) lenge godt <strong>2.640 kilometer<\/strong> som er en kilde til friksjon og splid fra hinsides <strong>130 \u00e5r<\/strong>. Men det er ikke bare grenser og territorielle krav som gj\u00f8r forholdet mellom mennesker komplisert <strong>Kabul<\/strong> og <strong>Islamabad<\/strong>. I flere ti\u00e5r har pakistanerne blandet seg inn i interne afghanske anliggender ved \u00e5 dyktig spille spillet &laquo;<em>dele og hersk<\/em>\u201d mellom de forskjellige fraksjonene som konkurrerte om makten for \u00e5 oppn\u00e5 dyrebare maktspaker som ville tillate dem \u00e5 n\u00e5 <strong>&laquo;Finlandisering&raquo;<\/strong> av den turbulente naboen.<\/p>\n<h2>Begynnelsen p\u00e5 problemer mellom Pakistan og Afghanistan: territorielle krav<\/h2>\n<div class=\"cp_wrapper cp_wrapper--fw mb-50\">\n<figure class=\"mm\"><picture class=\"img\" style=\"padding-top:103.875%\"><source  media=\"(min-width: 1024px)\"><source  media=\"(min-width: 768px)\"><img decoding=\"async\" loading=\"lazy\" src=\"https:\/\/nordnesrepublikken.no\/wp-content\/uploads\/2025\/10\/1760701822_109_arsakene-og-den-navaerende-situasjonen.jpg\" alt=\"Bilde\" width=\"800\" height=\"831\"\/><\/source><\/source><\/picture><\/figure>\n<\/p><\/div>\n<p>De <strong>12. november 1893<\/strong>p\u00e5 slutten av den f\u00f8rste fasen av <strong>Andre anglo-afghanske krig<\/strong>utsendingene til<strong>Emiratet i Afghanistan<\/strong> og av<strong>Det britiske imperiet<\/strong> de signerte dokumentet som etablerer den s\u00e5kalte <strong>&laquo;Durand Line&raquo;<\/strong> (fra navnet p\u00e5 <strong>Sir Henry Mortimer Durand<\/strong>diplomat av Hans britiske Majestet som da var en del av det administrative organet til<strong>Indisk siviltjeneste<\/strong>dvs. den britiske koloniale siviladministrasjonen i India), den internasjonale grensen mellom den afghanske staten og <strong>\u201cBritisk Raj\u201d<\/strong>det vil si<strong>Det indiske imperiet<\/strong> dominert av <strong>London<\/strong>. Selv om denne grensen har blitt bekreftet, er den<strong>8. august 1919<\/strong> med signatur av <strong>&laquo;Anglo-afghansk traktat av 1919&raquo;<\/strong> som satte en stopper for <strong>Tredje anglo-afghansk krig<\/strong>i virkeligheten har afghanerne aldri virkelig akseptert det, og ford\u00f8mte ved mer enn \u00e9n anledning dets undertrykkende natur for dem.<\/p>\n<p>En direkte konsekvens av etableringen av &laquo;Durand-linjen&raquo; var separasjonen av folket i <strong>Pashtun<\/strong>som i dag befinner seg i den s\u00e6regne situasjonen at de utgj\u00f8r den dominerende etniske gruppen i Afghanistan, men beholder det absolutte flertallet av sitt demografiske basseng i Pakistan, hvor de imidlertid er en minoritet i m\u00f8te med den overdrevne makten til <strong>Punjabi<\/strong> (den kollektive fantasiens sanne &laquo;pakistanere&raquo;). Ikke bare det; etableringen av &laquo;Durand-linjen&raquo; fratok Afghanistan muligheten for \u00e5 ha en <strong>utl\u00f8p til sj\u00f8en<\/strong>et element som har bidratt sterkt til \u00e5 begrense \u00abafghanernes land\u00bb til kretsen av de fattigste og mest underutviklede landene i verden.<\/p>\n<p>Av disse grunner flere store afghanske ledere fra fortiden, som kongen <strong>Mohammad Zahir Shar<\/strong>presidenten <strong>Mohammad Daoud Khan<\/strong> og generalsekret\u00e6ren for People&#8217;s Democratic Party of Afghanistan, <strong>Mohammad Najibullah Ahmadzai<\/strong>har fors\u00f8kt flere ganger \u00e5 sette sp\u00f8rsm\u00e5lstegn ved status quo ved \u00e5 fremsette territorielle krav mot provinsene i <strong>Gilgit-Baltistan<\/strong>del <strong>Khyber Pakhtunkhwa<\/strong> og fremfor alt av <strong>Balochistan<\/strong> forutsigbart m\u00f8te fast motstand fra Pakistan, som etterfulgte den &laquo;britiske Raj&raquo; i kontroll over de tidligere vestlige provinsene i den britiske kolonien.<\/p>\n<h2><b>Islamabad og Taliban: forskjellige tvillinger<\/b><\/h2>\n<p>Pakistan begynte \u00e5 blande seg inn i Afghanistans indre anliggender fra <strong>1973<\/strong>etter et kupp i Kabul f\u00f8rte til avskaffelsen av monarkiet og opprettelsen av republikken. Pakistanske infiltrasjons- og p\u00e5virkningsoperasjoner s\u00e5 en dramatisk eskalering i l\u00f8pet av to\u00e5rsperioden <strong>1978-79<\/strong> med oppgangen til makten til kommunistene, det <strong>utbruddet av borgerkrigen<\/strong> og den p\u00e5f\u00f8lgende internasjonaliseringen av konflikten etter<strong>sovjetisk invasjon<\/strong>. Den sovjetiske tilbaketrekningen av <strong>1989<\/strong> og det p\u00e5f\u00f8lgende fallet av det kommunistiske regimet i <strong>1992<\/strong> Imidlertid f\u00f8rte de ikke til slutten av borgerkrigen som faktisk tok en vending til det verre.<\/p>\n<div class=\"cp_wrapper cp_wrapper--fw mb-50\">\n<figure class=\"mm\"><picture class=\"img\" style=\"padding-top:56.25%\"><source  media=\"(min-width: 1024px)\"><source  media=\"(min-width: 768px)\"><img decoding=\"async\" loading=\"lazy\" src=\"https:\/\/nordnesrepublikken.no\/wp-content\/uploads\/2025\/10\/1760701822_818_arsakene-og-den-navaerende-situasjonen.jpg\" alt=\"Bilde\" width=\"1024\" height=\"576\" class=\"js-seedtag-img\"\/><\/source><\/source><\/picture><\/figure>\n<\/p><\/div>\n<p>Det var da Pakistan klarte \u00e5 oppn\u00e5 sin st\u00f8rste suksess i utenrikspolitikken ved \u00e5 favorisere erobringen av makt over store deler av det afghanske territoriet av Taliban-bevegelsen, finansiert, bev\u00e6pnet og ideologisk p\u00e5virket av Islamabad. Pakistans direkte eller indirekte st\u00f8tte til Taliban har aldri opph\u00f8rt siden den gang, selv ikke etter hendelsene 11. september 2001. <strong>internasjonal koalisjon<\/strong> ledet av <strong>Amerikas forente stater<\/strong> grep milit\u00e6rt inn for <strong>en periode p\u00e5 20 \u00e5r<\/strong> i Afghanistan i et miserabelt mislykket fors\u00f8k p\u00e5 \u00e5 installere en pro-vestlig regjering der.<\/p>\n<h2>Hvordan kommer det seg at det er en krig mellom Pakistan og Afghanistan: Den n\u00e5v\u00e6rende situasjonen<\/h2>\n<p>I kj\u00f8lvannet av Talibans andre maktovertakelse, som fant sted den <strong>15. august 2021<\/strong>hadde mange internasjonale observat\u00f8rer g\u00e5tt s\u00e5 langt som \u00e5 anta et nytt skred av Afghanistan inn i Pakistans geopolitiske bane. I motsetning til 90-tallet har imidlertid de &laquo;nye Taliban&raquo; vist uvanlig oppfinnsomhet p\u00e5 feltet<strong> internasjonalt sjakkbrett<\/strong> Irriterende sterkt de som lenge hadde v\u00e6rt deres &laquo;kuratorer&raquo; innenfor det politiske og milit\u00e6re etablissementet <strong>&laquo;De renes land&raquo;<\/strong>.<\/p>\n<p>Det som imidlertid virkelig bidro til \u00e5 forgifte f\u00f8lelsene mellom Kabul og Islamabad, var st\u00f8tten, noen ganger \u00e5penlyst og noen ganger skjult, som Taliban begynte \u00e5 gi til <strong>uavhengighetsbevegelser i Balochistan<\/strong> og til den militante gruppen dei<strong> Tehrik-e-Taliban Pakistan (TTP)<\/strong>mer kjent som <strong>\u201cPakistan Taliban\u201d<\/strong>. Sistnevnte, med hovedkontor i det \u00f8stlige Afghanistan, ble gjentatte ganger utsatt for stadig mer voldelige pakistanske milit\u00e6re represalier, hvorav den siste skjedde natten mellom kl.<strong>8. og 9. oktober 2025<\/strong>og som ble fulgt av grensesammenst\u00f8t av en viss betydning.<\/p>\n<div class=\"cp_wrapper cp_wrapper--fw mb-50\">\n<figure class=\"mm\"><picture class=\"img\" style=\"padding-top:69.625%\"><source  media=\"(min-width: 1024px)\"><source  media=\"(min-width: 768px)\"><img decoding=\"async\" loading=\"lazy\" src=\"https:\/\/nordnesrepublikken.no\/wp-content\/uploads\/2025\/10\/1760701822_409_arsakene-og-den-navaerende-situasjonen.jpg\" alt=\"Bilde\" width=\"800\" height=\"557\"\/><\/source><\/source><\/picture><\/figure>\n<\/p><\/div>\n<p>Det er derfor ikke overraskende om summen av alle disse motstridende interessene har for\u00e5rsaket de siste \u00e5rene, og spesielt fra og med 2024, <strong>en gjenoppblomstring av konflikt rundt den afghansk-pakistanske grensen<\/strong> som, selv om den enn\u00e5 ikke har utartet seg til \u00e5pen krig, likevel har innviet et nytt arnested for ustabilitet i det allerede ganske kompliserte internasjonale panoramaet.<\/p>\n<\/p><\/div>\n","protected":false},"excerpt":{"rendered":"<p>I de siste dagene av oktober 2025, grensen mellom Afghanistan og Pakistan har blusset opp<\/p>\n","protected":false},"author":1,"featured_media":10677,"comment_status":"closed","ping_status":"open","sticky":false,"template":"","format":"standard","meta":{"footnotes":""},"categories":[23],"tags":[1003,74,1837,567],"class_list":["post-10676","post","type-post","status-publish","format-standard","has-post-thumbnail","hentry","category-politikk","tag-arsakene","tag-den","tag-navaerende","tag-situasjonen","generate-columns","tablet-grid-50","mobile-grid-100","grid-parent","grid-33","resize-featured-image"],"yoast_head":"<!-- This site is optimized with the Yoast SEO plugin v24.4 - https:\/\/yoast.com\/wordpress\/plugins\/seo\/ -->\n<title>\u00e5rsakene og den n\u00e5v\u00e6rende situasjonen - Nordnesrepublikken<\/title>\n<meta name=\"robots\" content=\"index, follow, max-snippet:-1, max-image-preview:large, max-video-preview:-1\" \/>\n<link rel=\"canonical\" href=\"https:\/\/nordnesrepublikken.no\/index.php\/2025\/10\/17\/arsakene-og-den-navaerende-situasjonen\/\" \/>\n<meta property=\"og:locale\" content=\"nb_NO\" \/>\n<meta property=\"og:type\" content=\"article\" \/>\n<meta property=\"og:title\" content=\"\u00e5rsakene og den n\u00e5v\u00e6rende situasjonen - Nordnesrepublikken\" \/>\n<meta property=\"og:description\" content=\"I de siste dagene av oktober 2025, grensen mellom Afghanistan og Pakistan har blusset opp\" \/>\n<meta property=\"og:url\" content=\"https:\/\/nordnesrepublikken.no\/index.php\/2025\/10\/17\/arsakene-og-den-navaerende-situasjonen\/\" \/>\n<meta property=\"og:site_name\" content=\"Nordnesrepublikken\" \/>\n<meta property=\"article:published_time\" content=\"2025-10-17T11:50:22+00:00\" \/>\n<meta property=\"article:modified_time\" content=\"2025-10-17T11:50:34+00:00\" \/>\n<meta property=\"og:image\" content=\"https:\/\/nordnesrepublikken.no\/wp-content\/uploads\/2025\/10\/1760701823_arsakene-og-den-navaerende-situasjonen-scaled.jpg\" \/>\n\t<meta property=\"og:image:width\" content=\"2560\" \/>\n\t<meta property=\"og:image:height\" content=\"1433\" \/>\n\t<meta property=\"og:image:type\" content=\"image\/jpeg\" \/>\n<meta name=\"author\" content=\"Ole Andersen\" \/>\n<meta name=\"twitter:card\" content=\"summary_large_image\" \/>\n<meta name=\"twitter:label1\" content=\"Skrevet av\" \/>\n\t<meta name=\"twitter:data1\" content=\"Ole Andersen\" \/>\n\t<meta name=\"twitter:label2\" content=\"Ansl. lesetid\" \/>\n\t<meta name=\"twitter:data2\" content=\"4 minutter\" \/>\n<script type=\"application\/ld+json\" class=\"yoast-schema-graph\">{\"@context\":\"https:\/\/schema.org\",\"@graph\":[{\"@type\":\"Article\",\"@id\":\"https:\/\/nordnesrepublikken.no\/index.php\/2025\/10\/17\/arsakene-og-den-navaerende-situasjonen\/#article\",\"isPartOf\":{\"@id\":\"https:\/\/nordnesrepublikken.no\/index.php\/2025\/10\/17\/arsakene-og-den-navaerende-situasjonen\/\"},\"author\":{\"name\":\"Ole Andersen\",\"@id\":\"https:\/\/nordnesrepublikken.no\/#\/schema\/person\/2e7e81935bab77882fffb79296240ff1\"},\"headline\":\"\u00e5rsakene og den n\u00e5v\u00e6rende situasjonen\",\"datePublished\":\"2025-10-17T11:50:22+00:00\",\"dateModified\":\"2025-10-17T11:50:34+00:00\",\"mainEntityOfPage\":{\"@id\":\"https:\/\/nordnesrepublikken.no\/index.php\/2025\/10\/17\/arsakene-og-den-navaerende-situasjonen\/\"},\"wordCount\":895,\"publisher\":{\"@id\":\"https:\/\/nordnesrepublikken.no\/#organization\"},\"image\":{\"@id\":\"https:\/\/nordnesrepublikken.no\/index.php\/2025\/10\/17\/arsakene-og-den-navaerende-situasjonen\/#primaryimage\"},\"thumbnailUrl\":\"https:\/\/nordnesrepublikken.no\/wp-content\/uploads\/2025\/10\/1760701823_arsakene-og-den-navaerende-situasjonen-scaled.jpg\",\"keywords\":[\"\u00e5rsakene\",\"den\",\"n\u00e5v\u00e6rende\",\"situasjonen\"],\"articleSection\":[\"Politikk\"],\"inLanguage\":\"nb-NO\"},{\"@type\":\"WebPage\",\"@id\":\"https:\/\/nordnesrepublikken.no\/index.php\/2025\/10\/17\/arsakene-og-den-navaerende-situasjonen\/\",\"url\":\"https:\/\/nordnesrepublikken.no\/index.php\/2025\/10\/17\/arsakene-og-den-navaerende-situasjonen\/\",\"name\":\"\u00e5rsakene og den n\u00e5v\u00e6rende situasjonen - Nordnesrepublikken\",\"isPartOf\":{\"@id\":\"https:\/\/nordnesrepublikken.no\/#website\"},\"primaryImageOfPage\":{\"@id\":\"https:\/\/nordnesrepublikken.no\/index.php\/2025\/10\/17\/arsakene-og-den-navaerende-situasjonen\/#primaryimage\"},\"image\":{\"@id\":\"https:\/\/nordnesrepublikken.no\/index.php\/2025\/10\/17\/arsakene-og-den-navaerende-situasjonen\/#primaryimage\"},\"thumbnailUrl\":\"https:\/\/nordnesrepublikken.no\/wp-content\/uploads\/2025\/10\/1760701823_arsakene-og-den-navaerende-situasjonen-scaled.jpg\",\"datePublished\":\"2025-10-17T11:50:22+00:00\",\"dateModified\":\"2025-10-17T11:50:34+00:00\",\"breadcrumb\":{\"@id\":\"https:\/\/nordnesrepublikken.no\/index.php\/2025\/10\/17\/arsakene-og-den-navaerende-situasjonen\/#breadcrumb\"},\"inLanguage\":\"nb-NO\",\"potentialAction\":[{\"@type\":\"ReadAction\",\"target\":[\"https:\/\/nordnesrepublikken.no\/index.php\/2025\/10\/17\/arsakene-og-den-navaerende-situasjonen\/\"]}]},{\"@type\":\"ImageObject\",\"inLanguage\":\"nb-NO\",\"@id\":\"https:\/\/nordnesrepublikken.no\/index.php\/2025\/10\/17\/arsakene-og-den-navaerende-situasjonen\/#primaryimage\",\"url\":\"https:\/\/nordnesrepublikken.no\/wp-content\/uploads\/2025\/10\/1760701823_arsakene-og-den-navaerende-situasjonen-scaled.jpg\",\"contentUrl\":\"https:\/\/nordnesrepublikken.no\/wp-content\/uploads\/2025\/10\/1760701823_arsakene-og-den-navaerende-situasjonen-scaled.jpg\",\"width\":2560,\"height\":1433,\"caption\":\"\u00e5rsakene og den n\u00e5v\u00e6rende situasjonen\"},{\"@type\":\"BreadcrumbList\",\"@id\":\"https:\/\/nordnesrepublikken.no\/index.php\/2025\/10\/17\/arsakene-og-den-navaerende-situasjonen\/#breadcrumb\",\"itemListElement\":[{\"@type\":\"ListItem\",\"position\":1,\"name\":\"Home\",\"item\":\"https:\/\/nordnesrepublikken.no\/\"},{\"@type\":\"ListItem\",\"position\":2,\"name\":\"\u00e5rsakene og den n\u00e5v\u00e6rende situasjonen\"}]},{\"@type\":\"WebSite\",\"@id\":\"https:\/\/nordnesrepublikken.no\/#website\",\"url\":\"https:\/\/nordnesrepublikken.no\/\",\"name\":\"Nordnesrepublikken\",\"description\":\"Stemmer og Visjoner fra Republikkens Hjerte\",\"publisher\":{\"@id\":\"https:\/\/nordnesrepublikken.no\/#organization\"},\"potentialAction\":[{\"@type\":\"SearchAction\",\"target\":{\"@type\":\"EntryPoint\",\"urlTemplate\":\"https:\/\/nordnesrepublikken.no\/?s={search_term_string}\"},\"query-input\":{\"@type\":\"PropertyValueSpecification\",\"valueRequired\":true,\"valueName\":\"search_term_string\"}}],\"inLanguage\":\"nb-NO\"},{\"@type\":\"Organization\",\"@id\":\"https:\/\/nordnesrepublikken.no\/#organization\",\"name\":\"Nordnesrepublikken\",\"url\":\"https:\/\/nordnesrepublikken.no\/\",\"logo\":{\"@type\":\"ImageObject\",\"inLanguage\":\"nb-NO\",\"@id\":\"https:\/\/nordnesrepublikken.no\/#\/schema\/logo\/image\/\",\"url\":\"https:\/\/nordnesrepublikken.no\/wp-content\/uploads\/2025\/02\/cropped-nordnesrepublikken-2.png\",\"contentUrl\":\"https:\/\/nordnesrepublikken.no\/wp-content\/uploads\/2025\/02\/cropped-nordnesrepublikken-2.png\",\"width\":1248,\"height\":362,\"caption\":\"Nordnesrepublikken\"},\"image\":{\"@id\":\"https:\/\/nordnesrepublikken.no\/#\/schema\/logo\/image\/\"}},{\"@type\":\"Person\",\"@id\":\"https:\/\/nordnesrepublikken.no\/#\/schema\/person\/2e7e81935bab77882fffb79296240ff1\",\"name\":\"Ole Andersen\",\"image\":{\"@type\":\"ImageObject\",\"inLanguage\":\"nb-NO\",\"@id\":\"https:\/\/nordnesrepublikken.no\/#\/schema\/person\/image\/\",\"url\":\"https:\/\/nordnesrepublikken.no\/wp-content\/uploads\/2025\/02\/nordnesrepublikken-2-2-150x150.jpg\",\"contentUrl\":\"https:\/\/nordnesrepublikken.no\/wp-content\/uploads\/2025\/02\/nordnesrepublikken-2-2-150x150.jpg\",\"caption\":\"Ole Andersen\"},\"description\":\"Ettersom jeg vokste opp i Oslo, har jeg alltid v\u00e6rt fascinert av ordenes kraft og deres evne til \u00e5 skape endringer. Etter \u00e5 ha fullf\u00f8rt min utdannelse i kommunikasjon ved Universitetet i Bergen, fikk jeg muligheten til \u00e5 jobbe innen ulike medier, der jeg har s\u00f8kt \u00e5 belyse viktige samfunnssp\u00f8rsm\u00e5l. I dag, som redakt\u00f8r for Nordnesrepublikken, pr\u00f8ver jeg \u00e5 forene min kj\u00e6rlighet for journalistikk med min lidenskap for innovasjon og eventyr.\",\"sameAs\":[\"https:\/\/nordnesrepublikken.no\/\"]}]}<\/script>\n<!-- \/ Yoast SEO plugin. -->","yoast_head_json":{"title":"\u00e5rsakene og den n\u00e5v\u00e6rende situasjonen - Nordnesrepublikken","robots":{"index":"index","follow":"follow","max-snippet":"max-snippet:-1","max-image-preview":"max-image-preview:large","max-video-preview":"max-video-preview:-1"},"canonical":"https:\/\/nordnesrepublikken.no\/index.php\/2025\/10\/17\/arsakene-og-den-navaerende-situasjonen\/","og_locale":"nb_NO","og_type":"article","og_title":"\u00e5rsakene og den n\u00e5v\u00e6rende situasjonen - Nordnesrepublikken","og_description":"I de siste dagene av oktober 2025, grensen mellom Afghanistan og Pakistan har blusset opp","og_url":"https:\/\/nordnesrepublikken.no\/index.php\/2025\/10\/17\/arsakene-og-den-navaerende-situasjonen\/","og_site_name":"Nordnesrepublikken","article_published_time":"2025-10-17T11:50:22+00:00","article_modified_time":"2025-10-17T11:50:34+00:00","og_image":[{"width":2560,"height":1433,"url":"https:\/\/nordnesrepublikken.no\/wp-content\/uploads\/2025\/10\/1760701823_arsakene-og-den-navaerende-situasjonen-scaled.jpg","type":"image\/jpeg"}],"author":"Ole Andersen","twitter_card":"summary_large_image","twitter_misc":{"Skrevet av":"Ole Andersen","Ansl. lesetid":"4 minutter"},"schema":{"@context":"https:\/\/schema.org","@graph":[{"@type":"Article","@id":"https:\/\/nordnesrepublikken.no\/index.php\/2025\/10\/17\/arsakene-og-den-navaerende-situasjonen\/#article","isPartOf":{"@id":"https:\/\/nordnesrepublikken.no\/index.php\/2025\/10\/17\/arsakene-og-den-navaerende-situasjonen\/"},"author":{"name":"Ole Andersen","@id":"https:\/\/nordnesrepublikken.no\/#\/schema\/person\/2e7e81935bab77882fffb79296240ff1"},"headline":"\u00e5rsakene og den n\u00e5v\u00e6rende situasjonen","datePublished":"2025-10-17T11:50:22+00:00","dateModified":"2025-10-17T11:50:34+00:00","mainEntityOfPage":{"@id":"https:\/\/nordnesrepublikken.no\/index.php\/2025\/10\/17\/arsakene-og-den-navaerende-situasjonen\/"},"wordCount":895,"publisher":{"@id":"https:\/\/nordnesrepublikken.no\/#organization"},"image":{"@id":"https:\/\/nordnesrepublikken.no\/index.php\/2025\/10\/17\/arsakene-og-den-navaerende-situasjonen\/#primaryimage"},"thumbnailUrl":"https:\/\/nordnesrepublikken.no\/wp-content\/uploads\/2025\/10\/1760701823_arsakene-og-den-navaerende-situasjonen-scaled.jpg","keywords":["\u00e5rsakene","den","n\u00e5v\u00e6rende","situasjonen"],"articleSection":["Politikk"],"inLanguage":"nb-NO"},{"@type":"WebPage","@id":"https:\/\/nordnesrepublikken.no\/index.php\/2025\/10\/17\/arsakene-og-den-navaerende-situasjonen\/","url":"https:\/\/nordnesrepublikken.no\/index.php\/2025\/10\/17\/arsakene-og-den-navaerende-situasjonen\/","name":"\u00e5rsakene og den n\u00e5v\u00e6rende situasjonen - Nordnesrepublikken","isPartOf":{"@id":"https:\/\/nordnesrepublikken.no\/#website"},"primaryImageOfPage":{"@id":"https:\/\/nordnesrepublikken.no\/index.php\/2025\/10\/17\/arsakene-og-den-navaerende-situasjonen\/#primaryimage"},"image":{"@id":"https:\/\/nordnesrepublikken.no\/index.php\/2025\/10\/17\/arsakene-og-den-navaerende-situasjonen\/#primaryimage"},"thumbnailUrl":"https:\/\/nordnesrepublikken.no\/wp-content\/uploads\/2025\/10\/1760701823_arsakene-og-den-navaerende-situasjonen-scaled.jpg","datePublished":"2025-10-17T11:50:22+00:00","dateModified":"2025-10-17T11:50:34+00:00","breadcrumb":{"@id":"https:\/\/nordnesrepublikken.no\/index.php\/2025\/10\/17\/arsakene-og-den-navaerende-situasjonen\/#breadcrumb"},"inLanguage":"nb-NO","potentialAction":[{"@type":"ReadAction","target":["https:\/\/nordnesrepublikken.no\/index.php\/2025\/10\/17\/arsakene-og-den-navaerende-situasjonen\/"]}]},{"@type":"ImageObject","inLanguage":"nb-NO","@id":"https:\/\/nordnesrepublikken.no\/index.php\/2025\/10\/17\/arsakene-og-den-navaerende-situasjonen\/#primaryimage","url":"https:\/\/nordnesrepublikken.no\/wp-content\/uploads\/2025\/10\/1760701823_arsakene-og-den-navaerende-situasjonen-scaled.jpg","contentUrl":"https:\/\/nordnesrepublikken.no\/wp-content\/uploads\/2025\/10\/1760701823_arsakene-og-den-navaerende-situasjonen-scaled.jpg","width":2560,"height":1433,"caption":"\u00e5rsakene og den n\u00e5v\u00e6rende situasjonen"},{"@type":"BreadcrumbList","@id":"https:\/\/nordnesrepublikken.no\/index.php\/2025\/10\/17\/arsakene-og-den-navaerende-situasjonen\/#breadcrumb","itemListElement":[{"@type":"ListItem","position":1,"name":"Home","item":"https:\/\/nordnesrepublikken.no\/"},{"@type":"ListItem","position":2,"name":"\u00e5rsakene og den n\u00e5v\u00e6rende situasjonen"}]},{"@type":"WebSite","@id":"https:\/\/nordnesrepublikken.no\/#website","url":"https:\/\/nordnesrepublikken.no\/","name":"Nordnesrepublikken","description":"Stemmer og Visjoner fra Republikkens Hjerte","publisher":{"@id":"https:\/\/nordnesrepublikken.no\/#organization"},"potentialAction":[{"@type":"SearchAction","target":{"@type":"EntryPoint","urlTemplate":"https:\/\/nordnesrepublikken.no\/?s={search_term_string}"},"query-input":{"@type":"PropertyValueSpecification","valueRequired":true,"valueName":"search_term_string"}}],"inLanguage":"nb-NO"},{"@type":"Organization","@id":"https:\/\/nordnesrepublikken.no\/#organization","name":"Nordnesrepublikken","url":"https:\/\/nordnesrepublikken.no\/","logo":{"@type":"ImageObject","inLanguage":"nb-NO","@id":"https:\/\/nordnesrepublikken.no\/#\/schema\/logo\/image\/","url":"https:\/\/nordnesrepublikken.no\/wp-content\/uploads\/2025\/02\/cropped-nordnesrepublikken-2.png","contentUrl":"https:\/\/nordnesrepublikken.no\/wp-content\/uploads\/2025\/02\/cropped-nordnesrepublikken-2.png","width":1248,"height":362,"caption":"Nordnesrepublikken"},"image":{"@id":"https:\/\/nordnesrepublikken.no\/#\/schema\/logo\/image\/"}},{"@type":"Person","@id":"https:\/\/nordnesrepublikken.no\/#\/schema\/person\/2e7e81935bab77882fffb79296240ff1","name":"Ole Andersen","image":{"@type":"ImageObject","inLanguage":"nb-NO","@id":"https:\/\/nordnesrepublikken.no\/#\/schema\/person\/image\/","url":"https:\/\/nordnesrepublikken.no\/wp-content\/uploads\/2025\/02\/nordnesrepublikken-2-2-150x150.jpg","contentUrl":"https:\/\/nordnesrepublikken.no\/wp-content\/uploads\/2025\/02\/nordnesrepublikken-2-2-150x150.jpg","caption":"Ole Andersen"},"description":"Ettersom jeg vokste opp i Oslo, har jeg alltid v\u00e6rt fascinert av ordenes kraft og deres evne til \u00e5 skape endringer. Etter \u00e5 ha fullf\u00f8rt min utdannelse i kommunikasjon ved Universitetet i Bergen, fikk jeg muligheten til \u00e5 jobbe innen ulike medier, der jeg har s\u00f8kt \u00e5 belyse viktige samfunnssp\u00f8rsm\u00e5l. I dag, som redakt\u00f8r for Nordnesrepublikken, pr\u00f8ver jeg \u00e5 forene min kj\u00e6rlighet for journalistikk med min lidenskap for innovasjon og eventyr.","sameAs":["https:\/\/nordnesrepublikken.no\/"]}]}},"_links":{"self":[{"href":"https:\/\/nordnesrepublikken.no\/index.php\/wp-json\/wp\/v2\/posts\/10676","targetHints":{"allow":["GET"]}}],"collection":[{"href":"https:\/\/nordnesrepublikken.no\/index.php\/wp-json\/wp\/v2\/posts"}],"about":[{"href":"https:\/\/nordnesrepublikken.no\/index.php\/wp-json\/wp\/v2\/types\/post"}],"author":[{"embeddable":true,"href":"https:\/\/nordnesrepublikken.no\/index.php\/wp-json\/wp\/v2\/users\/1"}],"replies":[{"embeddable":true,"href":"https:\/\/nordnesrepublikken.no\/index.php\/wp-json\/wp\/v2\/comments?post=10676"}],"version-history":[{"count":1,"href":"https:\/\/nordnesrepublikken.no\/index.php\/wp-json\/wp\/v2\/posts\/10676\/revisions"}],"predecessor-version":[{"id":10678,"href":"https:\/\/nordnesrepublikken.no\/index.php\/wp-json\/wp\/v2\/posts\/10676\/revisions\/10678"}],"wp:featuredmedia":[{"embeddable":true,"href":"https:\/\/nordnesrepublikken.no\/index.php\/wp-json\/wp\/v2\/media\/10677"}],"wp:attachment":[{"href":"https:\/\/nordnesrepublikken.no\/index.php\/wp-json\/wp\/v2\/media?parent=10676"}],"wp:term":[{"taxonomy":"category","embeddable":true,"href":"https:\/\/nordnesrepublikken.no\/index.php\/wp-json\/wp\/v2\/categories?post=10676"},{"taxonomy":"post_tag","embeddable":true,"href":"https:\/\/nordnesrepublikken.no\/index.php\/wp-json\/wp\/v2\/tags?post=10676"}],"curies":[{"name":"wp","href":"https:\/\/api.w.org\/{rel}","templated":true}]}}