{"id":10413,"date":"2025-10-09T23:51:49","date_gmt":"2025-10-09T21:51:49","guid":{"rendered":"https:\/\/nordnesrepublikken.no\/index.php\/2025\/10\/09\/nye-fartskameraer-i-spania-kan-koste-sjaforer-opp-til-e-600\/"},"modified":"2025-10-09T23:51:50","modified_gmt":"2025-10-09T21:51:50","slug":"nye-fartskameraer-i-spania-kan-koste-sjaforer-opp-til-e-600","status":"publish","type":"post","link":"https:\/\/nordnesrepublikken.no\/index.php\/2025\/10\/09\/nye-fartskameraer-i-spania-kan-koste-sjaforer-opp-til-e-600\/","title":{"rendered":"Nye fartskameraer i Spania kan koste sj\u00e5f\u00f8rer opp til \u20ac 600"},"content":{"rendered":"<p><\/p>\n<div class=\"wordpress-content\">\n                    <!-- Article Start --><\/p>\n<p><strong>Spanias veier har en ny spiller &#8211; og sj\u00e5f\u00f8rer er ikke glade for det. DGT (Direcci\u00f3n General de Tr\u00e1fico) har rolig rullet ut en fl\u00e5te av &#8216;trailerhastighetskameraer&#8217; designet for \u00e5 fange fartsoverf\u00f8rende bilister n\u00e5r de minst forventer det.<\/strong><\/p>\n<p>De ser ufarlige ut, parkerte opp i veikanten som enhver vanlig trailer, men i virkeligheten knipser de tusenvis av sj\u00e5f\u00f8rer &#8211; og sender ut b\u00f8ter som kan n\u00e5 \u20ac 600 pluss seks straffepoeng.<\/p>\n<h2>Et kamera som beveger seg med deg<\/h2>\n<p>Glem de klumpete faste radarene du har blitt brukt til \u00e5 oppdage i det fjerne. Disse nye enhetene er sm\u00e5, mobile og batteridrevne, noe som betyr at de kan hjules p\u00e5 plass i l\u00f8pet av f\u00e5 minutter og blir liggende der i opptil to uker av gangen. Fordi de ikke trenger \u00e5 v\u00e6re koblet til str\u00f8mnettet eller ledsaget av trafikkpolitiet, kan de dukke opp hvor som helst &#8211; bak rekkverk, p\u00e5 en nedstigning, eller tukket pent inn i en gress.<\/p>\n<div class=\"sra_unit\"><link rel=\"stylesheet\" id=\"block-sra\" href=\"https:\/\/euroweeklynews.com\/wp-content\/plugins\/snack-related-articles\/dist\/css\/snack-related.min.css?250312-193541\" type=\"text\/css\" media=\"all\">\n<\/div>\n<p>N\u00e5r de er p\u00e5 plass, klokker de hvert kj\u00f8ret\u00f8y p\u00e5 veien, fra biler til lastebiler og busser, og justerer automatisk grensen for hver type. For \u00e5 gj\u00f8re vondt verre for sj\u00e5f\u00f8rene, er de p\u00e5 nettet &#8211; noe som betyr at b\u00f8ter blir behandlet \u00f8yeblikkelig i sanntid.<\/p>\n<p>I de siste testene klarte disse kameraene \u00e5 fine 20 sj\u00e5f\u00f8rer per minutt. Ikke rart at bilistene allerede kaller dem &laquo;fine fabrikker&raquo;.<\/p>\n<h2>Der de allerede har blitt oppdaget<\/h2>\n<p>Det er ikke noe offisielt kart over hvor disse trailerradarene er satt opp, men sj\u00e5f\u00f8rer over hele Spania har allerede rapportert om observasjoner. I Catalonia har de dukket opp p\u00e5 AP-7 n\u00e6r La Roca, C-31 og B-23 motorveien. I Madrid ble man sett p\u00e5 A-6 n\u00e6r Las Rozas, p\u00e5 en strekning begrenset til 100 km\/t.<\/p>\n<p>Myndighetene forventes \u00e5 sende dem til andre regioner neste, inkludert Andaluc\u00eda, Galicia og Valencia, med fokus p\u00e5 farlige strekninger av vei og omr\u00e5der under bygging. Kort sagt, de kan v\u00e6re hvor som helst n\u00e5r som helst &#8211; noe som gj\u00f8r det umulig \u00e5 bare huske &laquo;faresonene&raquo;.<\/p>\n<h2>Sikkerhetstiltak eller pengefelle?<\/h2>\n<p>DGT argumenterer for at disse trailerkameraene er avgj\u00f8rende for \u00e5 takle fartsovertredelse, noe som var en faktor i 21% av d\u00f8delige krasjer i Spania i fjor. Med mer enn 1.150 vegd\u00f8d i 2024, sier tjenestemenn at t\u00f8ffere tiltak er n\u00f8dvendig.<\/p>\n<p>Men ikke alle er overbevist. Sj\u00e5f\u00f8rforeninger hevder at kameraene handler mindre om \u00e5 redde liv og mer om foring av statlige kister, og peker p\u00e5 deres skjulte plassering og mangel p\u00e5 forh\u00e5ndsskilting.<\/p>\n<p>Etter loven, fordi de er klassifisert som mobile radarer, er det ikke noe krav \u00e5 advare drivere f\u00f8r de vises &#8211; i motsetning til faste hastighetskameraer, som m\u00e5 v\u00e6re tydelig skiltet. Det etterlater mange bilister som f\u00f8ler seg lurt.<\/p>\n<p>Likevel insisterer DGT at de f\u00f8lger eksemplet fra andre europeiske land, inkludert Frankrike, der lignende systemer allerede er kreditert med \u00e5 redusere ulykker, spesielt i veiskverkssoner der arbeidere st\u00e5r overfor mest risiko.<\/p>\n<h2>Takeaway for sj\u00e5f\u00f8rer<\/h2>\n<p>Enten du kaller dem et smart sikkerhetsverkt\u00f8y eller en sleipt pengespinner, er meldingen den samme: sakte. Med trailerkameraer som ruller ut over Spania, kan sj\u00e5f\u00f8rer ikke lenger stole p\u00e5 \u00e5 oppdage de kjente faste boksene eller advarselsskiltene.<\/p>\n<p>Og med b\u00f8ter som l\u00f8per fra \u20ac 100 for mindre lovbrudd til smertefulle \u20ac 600 pluss lisenspoeng, kan det \u00e5 bli fanget av en av disse &#8216;stealth -radarene&#8217; gj\u00f8re en kort tur til en veldig kostbar feil.<\/p>\n<p>Forel\u00f8pig kan ikke r\u00e5dene v\u00e6re enklere: hold en jevn hastighet, spesielt p\u00e5 utforkj\u00f8ringer og i n\u00e6rheten av veiarbeid &#8211; fordi kameraet du ikke ser kan v\u00e6re det som koster deg mest.<\/p>\n<p>                    <!-- This article has been originally published at https:\/\/euroweeklynews.com\/2025\/10\/03\/new-speed-cameras-in-spain-could-cost-drivers-up-to-e600\/ on 03 Oct 2025 at 0:32 by Farah Mokrani --><br \/>\n                    <!-- Article End -->\n                <\/div>\n","protected":false},"excerpt":{"rendered":"<p>Spanias veier har en ny spiller &#8211; og sj\u00e5f\u00f8rer er ikke glade for det. DGT<\/p>\n","protected":false},"author":1,"featured_media":10414,"comment_status":"closed","ping_status":"open","sticky":false,"template":"","format":"standard","meta":{"footnotes":""},"categories":[105],"tags":[6834,339,2270,260,283,1737,529,117],"class_list":["post-10413","post","type-post","status-publish","format-standard","has-post-thumbnail","hentry","category-livsstil","tag-fartskameraer","tag-kan","tag-koste","tag-nye","tag-opp","tag-sjaforer","tag-spania","tag-til","generate-columns","tablet-grid-50","mobile-grid-100","grid-parent","grid-33","resize-featured-image"],"yoast_head":"<!-- This site is optimized with the Yoast SEO plugin v24.4 - https:\/\/yoast.com\/wordpress\/plugins\/seo\/ -->\n<title>Nye fartskameraer i Spania kan koste sj\u00e5f\u00f8rer opp til \u20ac 600 - Nordnesrepublikken<\/title>\n<meta name=\"robots\" content=\"index, follow, max-snippet:-1, max-image-preview:large, max-video-preview:-1\" \/>\n<link rel=\"canonical\" href=\"https:\/\/nordnesrepublikken.no\/index.php\/2025\/10\/09\/nye-fartskameraer-i-spania-kan-koste-sjaforer-opp-til-e-600\/\" \/>\n<meta property=\"og:locale\" content=\"nb_NO\" \/>\n<meta property=\"og:type\" content=\"article\" \/>\n<meta property=\"og:title\" content=\"Nye fartskameraer i Spania kan koste sj\u00e5f\u00f8rer opp til \u20ac 600 - Nordnesrepublikken\" \/>\n<meta property=\"og:description\" content=\"Spanias veier har en ny spiller &#8211; og sj\u00e5f\u00f8rer er ikke glade for det. DGT\" \/>\n<meta property=\"og:url\" content=\"https:\/\/nordnesrepublikken.no\/index.php\/2025\/10\/09\/nye-fartskameraer-i-spania-kan-koste-sjaforer-opp-til-e-600\/\" \/>\n<meta property=\"og:site_name\" content=\"Nordnesrepublikken\" \/>\n<meta property=\"article:published_time\" content=\"2025-10-09T21:51:49+00:00\" \/>\n<meta property=\"article:modified_time\" content=\"2025-10-09T21:51:50+00:00\" \/>\n<meta property=\"og:image\" content=\"https:\/\/nordnesrepublikken.no\/wp-content\/uploads\/2025\/10\/1760046709_Nye-fartskameraer-i-Spania-kan-koste-sjaforer-opp-til-E.jpg\" \/>\n\t<meta property=\"og:image:width\" content=\"1200\" \/>\n\t<meta property=\"og:image:height\" content=\"808\" \/>\n\t<meta property=\"og:image:type\" content=\"image\/jpeg\" \/>\n<meta name=\"author\" content=\"Ole Andersen\" \/>\n<meta name=\"twitter:card\" content=\"summary_large_image\" \/>\n<meta name=\"twitter:label1\" content=\"Skrevet av\" \/>\n\t<meta name=\"twitter:data1\" content=\"Ole Andersen\" \/>\n\t<meta name=\"twitter:label2\" content=\"Ansl. lesetid\" \/>\n\t<meta name=\"twitter:data2\" content=\"3 minutter\" \/>\n<script type=\"application\/ld+json\" class=\"yoast-schema-graph\">{\"@context\":\"https:\/\/schema.org\",\"@graph\":[{\"@type\":\"Article\",\"@id\":\"https:\/\/nordnesrepublikken.no\/index.php\/2025\/10\/09\/nye-fartskameraer-i-spania-kan-koste-sjaforer-opp-til-e-600\/#article\",\"isPartOf\":{\"@id\":\"https:\/\/nordnesrepublikken.no\/index.php\/2025\/10\/09\/nye-fartskameraer-i-spania-kan-koste-sjaforer-opp-til-e-600\/\"},\"author\":{\"name\":\"Ole Andersen\",\"@id\":\"https:\/\/nordnesrepublikken.no\/#\/schema\/person\/2e7e81935bab77882fffb79296240ff1\"},\"headline\":\"Nye fartskameraer i Spania kan koste sj\u00e5f\u00f8rer opp til \u20ac 600\",\"datePublished\":\"2025-10-09T21:51:49+00:00\",\"dateModified\":\"2025-10-09T21:51:50+00:00\",\"mainEntityOfPage\":{\"@id\":\"https:\/\/nordnesrepublikken.no\/index.php\/2025\/10\/09\/nye-fartskameraer-i-spania-kan-koste-sjaforer-opp-til-e-600\/\"},\"wordCount\":633,\"publisher\":{\"@id\":\"https:\/\/nordnesrepublikken.no\/#organization\"},\"image\":{\"@id\":\"https:\/\/nordnesrepublikken.no\/index.php\/2025\/10\/09\/nye-fartskameraer-i-spania-kan-koste-sjaforer-opp-til-e-600\/#primaryimage\"},\"thumbnailUrl\":\"https:\/\/nordnesrepublikken.no\/wp-content\/uploads\/2025\/10\/1760046709_Nye-fartskameraer-i-Spania-kan-koste-sjaforer-opp-til-E.jpg\",\"keywords\":[\"fartskameraer\",\"kan\",\"koste\",\"nye\",\"opp\",\"sj\u00e5f\u00f8rer\",\"Spania\",\"til\"],\"articleSection\":[\"Livsstil\"],\"inLanguage\":\"nb-NO\"},{\"@type\":\"WebPage\",\"@id\":\"https:\/\/nordnesrepublikken.no\/index.php\/2025\/10\/09\/nye-fartskameraer-i-spania-kan-koste-sjaforer-opp-til-e-600\/\",\"url\":\"https:\/\/nordnesrepublikken.no\/index.php\/2025\/10\/09\/nye-fartskameraer-i-spania-kan-koste-sjaforer-opp-til-e-600\/\",\"name\":\"Nye fartskameraer i Spania kan koste sj\u00e5f\u00f8rer opp til \u20ac 600 - Nordnesrepublikken\",\"isPartOf\":{\"@id\":\"https:\/\/nordnesrepublikken.no\/#website\"},\"primaryImageOfPage\":{\"@id\":\"https:\/\/nordnesrepublikken.no\/index.php\/2025\/10\/09\/nye-fartskameraer-i-spania-kan-koste-sjaforer-opp-til-e-600\/#primaryimage\"},\"image\":{\"@id\":\"https:\/\/nordnesrepublikken.no\/index.php\/2025\/10\/09\/nye-fartskameraer-i-spania-kan-koste-sjaforer-opp-til-e-600\/#primaryimage\"},\"thumbnailUrl\":\"https:\/\/nordnesrepublikken.no\/wp-content\/uploads\/2025\/10\/1760046709_Nye-fartskameraer-i-Spania-kan-koste-sjaforer-opp-til-E.jpg\",\"datePublished\":\"2025-10-09T21:51:49+00:00\",\"dateModified\":\"2025-10-09T21:51:50+00:00\",\"breadcrumb\":{\"@id\":\"https:\/\/nordnesrepublikken.no\/index.php\/2025\/10\/09\/nye-fartskameraer-i-spania-kan-koste-sjaforer-opp-til-e-600\/#breadcrumb\"},\"inLanguage\":\"nb-NO\",\"potentialAction\":[{\"@type\":\"ReadAction\",\"target\":[\"https:\/\/nordnesrepublikken.no\/index.php\/2025\/10\/09\/nye-fartskameraer-i-spania-kan-koste-sjaforer-opp-til-e-600\/\"]}]},{\"@type\":\"ImageObject\",\"inLanguage\":\"nb-NO\",\"@id\":\"https:\/\/nordnesrepublikken.no\/index.php\/2025\/10\/09\/nye-fartskameraer-i-spania-kan-koste-sjaforer-opp-til-e-600\/#primaryimage\",\"url\":\"https:\/\/nordnesrepublikken.no\/wp-content\/uploads\/2025\/10\/1760046709_Nye-fartskameraer-i-Spania-kan-koste-sjaforer-opp-til-E.jpg\",\"contentUrl\":\"https:\/\/nordnesrepublikken.no\/wp-content\/uploads\/2025\/10\/1760046709_Nye-fartskameraer-i-Spania-kan-koste-sjaforer-opp-til-E.jpg\",\"width\":1200,\"height\":808,\"caption\":\"Nye fartskameraer i Spania kan koste sj\u00e5f\u00f8rer opp til \u20ac 600\"},{\"@type\":\"BreadcrumbList\",\"@id\":\"https:\/\/nordnesrepublikken.no\/index.php\/2025\/10\/09\/nye-fartskameraer-i-spania-kan-koste-sjaforer-opp-til-e-600\/#breadcrumb\",\"itemListElement\":[{\"@type\":\"ListItem\",\"position\":1,\"name\":\"Home\",\"item\":\"https:\/\/nordnesrepublikken.no\/\"},{\"@type\":\"ListItem\",\"position\":2,\"name\":\"Nye fartskameraer i Spania kan koste sj\u00e5f\u00f8rer opp til \u20ac 600\"}]},{\"@type\":\"WebSite\",\"@id\":\"https:\/\/nordnesrepublikken.no\/#website\",\"url\":\"https:\/\/nordnesrepublikken.no\/\",\"name\":\"Nordnesrepublikken\",\"description\":\"Stemmer og Visjoner fra Republikkens Hjerte\",\"publisher\":{\"@id\":\"https:\/\/nordnesrepublikken.no\/#organization\"},\"potentialAction\":[{\"@type\":\"SearchAction\",\"target\":{\"@type\":\"EntryPoint\",\"urlTemplate\":\"https:\/\/nordnesrepublikken.no\/?s={search_term_string}\"},\"query-input\":{\"@type\":\"PropertyValueSpecification\",\"valueRequired\":true,\"valueName\":\"search_term_string\"}}],\"inLanguage\":\"nb-NO\"},{\"@type\":\"Organization\",\"@id\":\"https:\/\/nordnesrepublikken.no\/#organization\",\"name\":\"Nordnesrepublikken\",\"url\":\"https:\/\/nordnesrepublikken.no\/\",\"logo\":{\"@type\":\"ImageObject\",\"inLanguage\":\"nb-NO\",\"@id\":\"https:\/\/nordnesrepublikken.no\/#\/schema\/logo\/image\/\",\"url\":\"https:\/\/nordnesrepublikken.no\/wp-content\/uploads\/2025\/02\/cropped-nordnesrepublikken-2.png\",\"contentUrl\":\"https:\/\/nordnesrepublikken.no\/wp-content\/uploads\/2025\/02\/cropped-nordnesrepublikken-2.png\",\"width\":1248,\"height\":362,\"caption\":\"Nordnesrepublikken\"},\"image\":{\"@id\":\"https:\/\/nordnesrepublikken.no\/#\/schema\/logo\/image\/\"}},{\"@type\":\"Person\",\"@id\":\"https:\/\/nordnesrepublikken.no\/#\/schema\/person\/2e7e81935bab77882fffb79296240ff1\",\"name\":\"Ole Andersen\",\"image\":{\"@type\":\"ImageObject\",\"inLanguage\":\"nb-NO\",\"@id\":\"https:\/\/nordnesrepublikken.no\/#\/schema\/person\/image\/\",\"url\":\"https:\/\/nordnesrepublikken.no\/wp-content\/uploads\/2025\/02\/nordnesrepublikken-2-2-150x150.jpg\",\"contentUrl\":\"https:\/\/nordnesrepublikken.no\/wp-content\/uploads\/2025\/02\/nordnesrepublikken-2-2-150x150.jpg\",\"caption\":\"Ole Andersen\"},\"description\":\"Ettersom jeg vokste opp i Oslo, har jeg alltid v\u00e6rt fascinert av ordenes kraft og deres evne til \u00e5 skape endringer. Etter \u00e5 ha fullf\u00f8rt min utdannelse i kommunikasjon ved Universitetet i Bergen, fikk jeg muligheten til \u00e5 jobbe innen ulike medier, der jeg har s\u00f8kt \u00e5 belyse viktige samfunnssp\u00f8rsm\u00e5l. I dag, som redakt\u00f8r for Nordnesrepublikken, pr\u00f8ver jeg \u00e5 forene min kj\u00e6rlighet for journalistikk med min lidenskap for innovasjon og eventyr.\",\"sameAs\":[\"https:\/\/nordnesrepublikken.no\/\"]}]}<\/script>\n<!-- \/ Yoast SEO plugin. -->","yoast_head_json":{"title":"Nye fartskameraer i Spania kan koste sj\u00e5f\u00f8rer opp til \u20ac 600 - Nordnesrepublikken","robots":{"index":"index","follow":"follow","max-snippet":"max-snippet:-1","max-image-preview":"max-image-preview:large","max-video-preview":"max-video-preview:-1"},"canonical":"https:\/\/nordnesrepublikken.no\/index.php\/2025\/10\/09\/nye-fartskameraer-i-spania-kan-koste-sjaforer-opp-til-e-600\/","og_locale":"nb_NO","og_type":"article","og_title":"Nye fartskameraer i Spania kan koste sj\u00e5f\u00f8rer opp til \u20ac 600 - Nordnesrepublikken","og_description":"Spanias veier har en ny spiller &#8211; og sj\u00e5f\u00f8rer er ikke glade for det. DGT","og_url":"https:\/\/nordnesrepublikken.no\/index.php\/2025\/10\/09\/nye-fartskameraer-i-spania-kan-koste-sjaforer-opp-til-e-600\/","og_site_name":"Nordnesrepublikken","article_published_time":"2025-10-09T21:51:49+00:00","article_modified_time":"2025-10-09T21:51:50+00:00","og_image":[{"width":1200,"height":808,"url":"https:\/\/nordnesrepublikken.no\/wp-content\/uploads\/2025\/10\/1760046709_Nye-fartskameraer-i-Spania-kan-koste-sjaforer-opp-til-E.jpg","type":"image\/jpeg"}],"author":"Ole Andersen","twitter_card":"summary_large_image","twitter_misc":{"Skrevet av":"Ole Andersen","Ansl. lesetid":"3 minutter"},"schema":{"@context":"https:\/\/schema.org","@graph":[{"@type":"Article","@id":"https:\/\/nordnesrepublikken.no\/index.php\/2025\/10\/09\/nye-fartskameraer-i-spania-kan-koste-sjaforer-opp-til-e-600\/#article","isPartOf":{"@id":"https:\/\/nordnesrepublikken.no\/index.php\/2025\/10\/09\/nye-fartskameraer-i-spania-kan-koste-sjaforer-opp-til-e-600\/"},"author":{"name":"Ole Andersen","@id":"https:\/\/nordnesrepublikken.no\/#\/schema\/person\/2e7e81935bab77882fffb79296240ff1"},"headline":"Nye fartskameraer i Spania kan koste sj\u00e5f\u00f8rer opp til \u20ac 600","datePublished":"2025-10-09T21:51:49+00:00","dateModified":"2025-10-09T21:51:50+00:00","mainEntityOfPage":{"@id":"https:\/\/nordnesrepublikken.no\/index.php\/2025\/10\/09\/nye-fartskameraer-i-spania-kan-koste-sjaforer-opp-til-e-600\/"},"wordCount":633,"publisher":{"@id":"https:\/\/nordnesrepublikken.no\/#organization"},"image":{"@id":"https:\/\/nordnesrepublikken.no\/index.php\/2025\/10\/09\/nye-fartskameraer-i-spania-kan-koste-sjaforer-opp-til-e-600\/#primaryimage"},"thumbnailUrl":"https:\/\/nordnesrepublikken.no\/wp-content\/uploads\/2025\/10\/1760046709_Nye-fartskameraer-i-Spania-kan-koste-sjaforer-opp-til-E.jpg","keywords":["fartskameraer","kan","koste","nye","opp","sj\u00e5f\u00f8rer","Spania","til"],"articleSection":["Livsstil"],"inLanguage":"nb-NO"},{"@type":"WebPage","@id":"https:\/\/nordnesrepublikken.no\/index.php\/2025\/10\/09\/nye-fartskameraer-i-spania-kan-koste-sjaforer-opp-til-e-600\/","url":"https:\/\/nordnesrepublikken.no\/index.php\/2025\/10\/09\/nye-fartskameraer-i-spania-kan-koste-sjaforer-opp-til-e-600\/","name":"Nye fartskameraer i Spania kan koste sj\u00e5f\u00f8rer opp til \u20ac 600 - Nordnesrepublikken","isPartOf":{"@id":"https:\/\/nordnesrepublikken.no\/#website"},"primaryImageOfPage":{"@id":"https:\/\/nordnesrepublikken.no\/index.php\/2025\/10\/09\/nye-fartskameraer-i-spania-kan-koste-sjaforer-opp-til-e-600\/#primaryimage"},"image":{"@id":"https:\/\/nordnesrepublikken.no\/index.php\/2025\/10\/09\/nye-fartskameraer-i-spania-kan-koste-sjaforer-opp-til-e-600\/#primaryimage"},"thumbnailUrl":"https:\/\/nordnesrepublikken.no\/wp-content\/uploads\/2025\/10\/1760046709_Nye-fartskameraer-i-Spania-kan-koste-sjaforer-opp-til-E.jpg","datePublished":"2025-10-09T21:51:49+00:00","dateModified":"2025-10-09T21:51:50+00:00","breadcrumb":{"@id":"https:\/\/nordnesrepublikken.no\/index.php\/2025\/10\/09\/nye-fartskameraer-i-spania-kan-koste-sjaforer-opp-til-e-600\/#breadcrumb"},"inLanguage":"nb-NO","potentialAction":[{"@type":"ReadAction","target":["https:\/\/nordnesrepublikken.no\/index.php\/2025\/10\/09\/nye-fartskameraer-i-spania-kan-koste-sjaforer-opp-til-e-600\/"]}]},{"@type":"ImageObject","inLanguage":"nb-NO","@id":"https:\/\/nordnesrepublikken.no\/index.php\/2025\/10\/09\/nye-fartskameraer-i-spania-kan-koste-sjaforer-opp-til-e-600\/#primaryimage","url":"https:\/\/nordnesrepublikken.no\/wp-content\/uploads\/2025\/10\/1760046709_Nye-fartskameraer-i-Spania-kan-koste-sjaforer-opp-til-E.jpg","contentUrl":"https:\/\/nordnesrepublikken.no\/wp-content\/uploads\/2025\/10\/1760046709_Nye-fartskameraer-i-Spania-kan-koste-sjaforer-opp-til-E.jpg","width":1200,"height":808,"caption":"Nye fartskameraer i Spania kan koste sj\u00e5f\u00f8rer opp til \u20ac 600"},{"@type":"BreadcrumbList","@id":"https:\/\/nordnesrepublikken.no\/index.php\/2025\/10\/09\/nye-fartskameraer-i-spania-kan-koste-sjaforer-opp-til-e-600\/#breadcrumb","itemListElement":[{"@type":"ListItem","position":1,"name":"Home","item":"https:\/\/nordnesrepublikken.no\/"},{"@type":"ListItem","position":2,"name":"Nye fartskameraer i Spania kan koste sj\u00e5f\u00f8rer opp til \u20ac 600"}]},{"@type":"WebSite","@id":"https:\/\/nordnesrepublikken.no\/#website","url":"https:\/\/nordnesrepublikken.no\/","name":"Nordnesrepublikken","description":"Stemmer og Visjoner fra Republikkens Hjerte","publisher":{"@id":"https:\/\/nordnesrepublikken.no\/#organization"},"potentialAction":[{"@type":"SearchAction","target":{"@type":"EntryPoint","urlTemplate":"https:\/\/nordnesrepublikken.no\/?s={search_term_string}"},"query-input":{"@type":"PropertyValueSpecification","valueRequired":true,"valueName":"search_term_string"}}],"inLanguage":"nb-NO"},{"@type":"Organization","@id":"https:\/\/nordnesrepublikken.no\/#organization","name":"Nordnesrepublikken","url":"https:\/\/nordnesrepublikken.no\/","logo":{"@type":"ImageObject","inLanguage":"nb-NO","@id":"https:\/\/nordnesrepublikken.no\/#\/schema\/logo\/image\/","url":"https:\/\/nordnesrepublikken.no\/wp-content\/uploads\/2025\/02\/cropped-nordnesrepublikken-2.png","contentUrl":"https:\/\/nordnesrepublikken.no\/wp-content\/uploads\/2025\/02\/cropped-nordnesrepublikken-2.png","width":1248,"height":362,"caption":"Nordnesrepublikken"},"image":{"@id":"https:\/\/nordnesrepublikken.no\/#\/schema\/logo\/image\/"}},{"@type":"Person","@id":"https:\/\/nordnesrepublikken.no\/#\/schema\/person\/2e7e81935bab77882fffb79296240ff1","name":"Ole Andersen","image":{"@type":"ImageObject","inLanguage":"nb-NO","@id":"https:\/\/nordnesrepublikken.no\/#\/schema\/person\/image\/","url":"https:\/\/nordnesrepublikken.no\/wp-content\/uploads\/2025\/02\/nordnesrepublikken-2-2-150x150.jpg","contentUrl":"https:\/\/nordnesrepublikken.no\/wp-content\/uploads\/2025\/02\/nordnesrepublikken-2-2-150x150.jpg","caption":"Ole Andersen"},"description":"Ettersom jeg vokste opp i Oslo, har jeg alltid v\u00e6rt fascinert av ordenes kraft og deres evne til \u00e5 skape endringer. Etter \u00e5 ha fullf\u00f8rt min utdannelse i kommunikasjon ved Universitetet i Bergen, fikk jeg muligheten til \u00e5 jobbe innen ulike medier, der jeg har s\u00f8kt \u00e5 belyse viktige samfunnssp\u00f8rsm\u00e5l. I dag, som redakt\u00f8r for Nordnesrepublikken, pr\u00f8ver jeg \u00e5 forene min kj\u00e6rlighet for journalistikk med min lidenskap for innovasjon og eventyr.","sameAs":["https:\/\/nordnesrepublikken.no\/"]}]}},"_links":{"self":[{"href":"https:\/\/nordnesrepublikken.no\/index.php\/wp-json\/wp\/v2\/posts\/10413","targetHints":{"allow":["GET"]}}],"collection":[{"href":"https:\/\/nordnesrepublikken.no\/index.php\/wp-json\/wp\/v2\/posts"}],"about":[{"href":"https:\/\/nordnesrepublikken.no\/index.php\/wp-json\/wp\/v2\/types\/post"}],"author":[{"embeddable":true,"href":"https:\/\/nordnesrepublikken.no\/index.php\/wp-json\/wp\/v2\/users\/1"}],"replies":[{"embeddable":true,"href":"https:\/\/nordnesrepublikken.no\/index.php\/wp-json\/wp\/v2\/comments?post=10413"}],"version-history":[{"count":1,"href":"https:\/\/nordnesrepublikken.no\/index.php\/wp-json\/wp\/v2\/posts\/10413\/revisions"}],"predecessor-version":[{"id":10415,"href":"https:\/\/nordnesrepublikken.no\/index.php\/wp-json\/wp\/v2\/posts\/10413\/revisions\/10415"}],"wp:featuredmedia":[{"embeddable":true,"href":"https:\/\/nordnesrepublikken.no\/index.php\/wp-json\/wp\/v2\/media\/10414"}],"wp:attachment":[{"href":"https:\/\/nordnesrepublikken.no\/index.php\/wp-json\/wp\/v2\/media?parent=10413"}],"wp:term":[{"taxonomy":"category","embeddable":true,"href":"https:\/\/nordnesrepublikken.no\/index.php\/wp-json\/wp\/v2\/categories?post=10413"},{"taxonomy":"post_tag","embeddable":true,"href":"https:\/\/nordnesrepublikken.no\/index.php\/wp-json\/wp\/v2\/tags?post=10413"}],"curies":[{"name":"wp","href":"https:\/\/api.w.org\/{rel}","templated":true}]}}