{"id":10407,"date":"2025-10-09T19:50:21","date_gmt":"2025-10-09T17:50:21","guid":{"rendered":"https:\/\/nordnesrepublikken.no\/index.php\/2025\/10\/09\/hva-fredsplanen-ser-for-seg-og-mulige-fremtidige-scenarier\/"},"modified":"2025-10-09T19:50:23","modified_gmt":"2025-10-09T17:50:23","slug":"hva-fredsplanen-ser-for-seg-og-mulige-fremtidige-scenarier","status":"publish","type":"post","link":"https:\/\/nordnesrepublikken.no\/index.php\/2025\/10\/09\/hva-fredsplanen-ser-for-seg-og-mulige-fremtidige-scenarier\/","title":{"rendered":"Hva fredsplanen ser for seg og mulige fremtidige scenarier"},"content":{"rendered":"<div>\n<div class=\"cp_wrapper cp_wrapper--fw mb-30 mb-20@tablet\">\n<figure class=\"mm\"><picture class=\"img\" style=\"padding-top:56.25%\"><source  media=\"(min-width: 1024px)\"><source  media=\"(min-width: 768px)\"><\/source><\/source><\/picture><\/figure>\n<\/p><\/div>\n<p>To \u00e5r etter angrepene av <strong>7. oktober 2023<\/strong>der 1200 israelske sivile ble drept, i dag 9. oktober 2025 ble det inng\u00e5tt en avtale <strong>v\u00e5penhvileavtale mellom Israel og Hamas<\/strong> og aksept av en<strong> F\u00f8rste fase<\/strong> av fredsavtalen. Forhandlingene fant sted i Sharm El-Sheik, Egypt, og s\u00e5 meklerne <strong>USA<\/strong> av Donald Trump, <strong>Egypt, T\u00fcrkiye og Qatar<\/strong>et land som har v\u00e6rt i sentrum av det i \u00e5revis<strong> mekling<\/strong> mellom Hamas, Israel og USA. Avtalen, som spesifisert av den israelske presidenten Benjamin Netanyahu, ble godkjent med<strong> ratifisering av den israelske regjeringen<\/strong>.<\/p>\n<h2><b>Hva inneb\u00e6rer den f\u00f8rste fasen av avtalen mellom Israel og Hamas?<\/b><\/h2>\n<p>Av <strong>20 poeng<\/strong> som danner hele teksten til avtalen, er forst\u00e5elsen n\u00e5dd i <strong>F\u00f8rste fase<\/strong> Det ang\u00e5r fire grunnleggende:<\/p>\n<ul>\n<li><strong>Utgivelse av israelske gisler<\/strong> Fortsatt i live &#8211; rundt 20 &#8211; og kroppene til de drepte, hvorav mange enn\u00e5 ikke har v\u00e6rt lokalisert. Totalt er rundt 48 israelske gisler som forventes \u00e5 bli l\u00f8slatt i l\u00f8pet av de neste 72 timene, innen mandag.<\/li>\n<li><strong>Utgivelse av palestinske fanger<\/strong> til stede i israelske fengsler: den avtalte totalen er <strong>1950 Fanger<\/strong>inkludert<strong> 250 livsfanger<\/strong> og utover <strong>1700 fanger<\/strong>arrestert etter 7. oktober, og aldri stilt p\u00e5 pr\u00f8ve. For hver avd\u00f8de israelsk gissel som ble utgitt, vil 15 avd\u00f8de palestinske gisler bli utgitt.<\/li>\n<li><strong>Inntreden av humanit\u00e6r hjelp til Gazastripen<\/strong> &#8211; Rundt 400 lastebiler &#8211; over 5 pasninger. Spesielt, i henhold til avtalens tekster, vil hjelpen v\u00e6re i samsvar med bestemmelsene i avtalen av 19. januar 2025, senere krenket av Israel med gjenopptakelse av luftangrep. Ogs\u00e5 inkludert i dette punktet er <strong>Infrastrukturrehabilitering <\/strong>(Vann, str\u00f8m, avl\u00f8p), gjen\u00e5pning av sykehus og sending av n\u00f8dvendig utstyr for \u00e5 fjerne steinsprut og \u00e5pne veier.<\/li>\n<\/ul>\n<div class=\"cp_wrapper cp_wrapper--fw mb-50\">\n<figure class=\"mm\"><picture class=\"img\" style=\"padding-top:122.75%\"><source  media=\"(min-width: 1024px)\"><source  media=\"(min-width: 768px)\"><img decoding=\"async\" loading=\"lazy\" src=\"https:\/\/nordnesrepublikken.no\/wp-content\/uploads\/2025\/10\/1760032221_162_Hva-fredsplanen-ser-for-seg-og-mulige-fremtidige-scenarier.jpg\" alt=\"Bilde\" width=\"800\" height=\"982\"\/><\/source><\/source><\/picture><\/figure>\n<\/p><\/div>\n<ul>\n<li>EN <strong>varig og permanent v\u00e5penhvile<\/strong>: Den israelske regjeringen har kunngjort at v\u00e5penhvilen i Gaza trer i kraft innen 24 timer etter at Ministers r\u00e5d.<\/li>\n<li>De<strong> Nesten total tilbaketrekning av israelske tropper<\/strong> Fra 70% av territoriet til Gazastripen. P\u00e5 dette aspektet er det viktig \u00e5 spesifisere at de n\u00f8yaktige detaljene om tilbaketrekking av israelske tropper enn\u00e5 ikke har blitt detaljert. Plasseringen av den israelske h\u00e6ren p\u00e5 visse linjer er planlagt <strong>sikkerhetslinjer<\/strong> avtalt, som vil v\u00e6re nedenfor <strong><strong>Internasjonalt tilsyn.<\/strong><\/strong><\/li>\n<\/ul>\n<h2><b>Rafah -krysset og Philadelphia -korridoren<\/b><\/h2>\n<p>Tilbaketrekking av israelske milit\u00e6re styrker ser ikke ut til \u00e5 involvere <strong>Rafah kryssing<\/strong> Med Egypt, et avgj\u00f8rende knutepunkt b\u00e5de for inntreden av humanit\u00e6r hjelp og for kontroll av mennesker som kommer inn og forlater Gazastripen. For eksempel tusenvis av <strong>fordrevne palestinere<\/strong> som ble evakuert og tvunget til \u00e5 flykte, hovedsakelig til Egypt, vil n\u00e5 tilbake til hjemmene sine.<\/p>\n<p>I henhold til teksten i avtalen, vil \u00e5pningen av Rafah -krysset i begge retninger v\u00e6re underlagt den samme mekanismen som er implementert i avtalen 19. januar 2025, if\u00f8lge som Israel vil tillate skadde palestinere \u00e5<strong> La Gazastripen ligge<\/strong> for \u00e5 motta behandling og vil \u00e5pne Rafah -krysset med Egypt <strong>Syv dager etter starten av implementeringen av den f\u00f8rste fasen.<\/strong><\/p>\n<p>Videre, i grenseomr\u00e5det mellom Gaza og Egypt, den s\u00e5kalte <strong>Philadelphia Corridor,<\/strong> Den israelske h\u00e6ren vil redusere sin tilstedev\u00e6relse og deretter trekke seg helt senest den 50. dagen etter at avtalen ble gitt i kraft.<\/p>\n<h2><b>De andre punktene i fredsplanen for Gaza<\/b><\/h2>\n<p>Den fullstendige teksten til <strong>Fredsplan<\/strong>presentert av Donald Trump i Det hvite hus i fjor <strong>29. september<\/strong>sp\u00e5r han <strong>20 poeng<\/strong> totalt, hvis implementering vil bli adressert gradvis etter signeringen av den f\u00f8rste fasen av avtalen.<\/p>\n<p>De torneteste punktene i avtalen gjelder veien til <strong>Anerkjennelse av tilstanden til Palestina<\/strong> gjennom en regjering av teknokrater og den palestinske nasjonale myndigheten, med presidentskapet i <strong>Ma\u1e25m\u016bd \u02bfAbb\u0101s<\/strong>ogs\u00e5 kjent som <strong>Ab\u016b M\u0101zen<\/strong>regjering der ingen talsperson for <strong>Hamas<\/strong> kan v\u00e6re involvert.<\/p>\n<p>Det andre aspektet ang\u00e5r <strong>Totalt slutt p\u00e5 yrkesregimet<\/strong> For tiden til stede i Gaza og ford\u00f8mt av en rekke internasjonale organer, inkludert Den internasjonale domstolen i kjennelsen 19. juli 2024. Et annet viktig poeng ang\u00e5r<strong> demontering av Hamas<\/strong>.<\/p>\n<p>Teksten til avtalen gir faktisk den \u00ab<em>Gaza vil v\u00e6re en terrorismefri og deradikalisert sone som ikke vil utgj\u00f8re en trussel for naboene<\/em>\u00bbOg i et annet punkt i teksten spesifiserer den\u00ab<em>Hamas -medlemmer som forplikter seg til fredelig sameksistens og demonterer v\u00e5pnene sine, vil bli gitt amnesti mens de som \u00f8nsker \u00e5 forlate Gaza, vil f\u00e5 sikker passering til vertslandene sine<\/em>\u00bb.<\/p>\n<h2>Hva kan v\u00e6re fremtiden til Gaza og Palestina: Mulige scenarier<\/h2>\n<p>Det vi lurer p\u00e5 etter kunngj\u00f8ringen om v\u00e5penhvilen er: hva blir det<strong> Future of Gaza og Palestina<\/strong> Etter den israelske tilbaketrekningen? En slags vil bli opprettet <strong>Internasjonal fredsbevarende styrke<\/strong> i Gaza? Hvordan blir det administrert? En vil eksistere <strong>Uavhengig og fri stat<\/strong> av Palestina?<\/p>\n<p>Scenariene kan v\u00e6re f\u00f8lgende:<\/p>\n<ul>\n<li>Som allerede skjedde etter kunngj\u00f8ringen om avtalen 19. januar 2025, <strong>v\u00e5penhvilen<\/strong> <strong>kunne v\u00e6re<\/strong> <strong>ikke bli respektert av Israel<\/strong>avbryter implementeringen av avtalen. I l\u00f8pet av g\u00e5rsdagens forhandlinger ba Hamas i denne forbindelse om garantier om at Israel ikke vil fortsette \u00e5 sl\u00e5ss etter utgivelsen av gislene, slik det allerede har skjedd tidligere. V\u00e5penet kan derfor bare v\u00e6re midlertidig. Innen v\u00e5penhvileavtalen m\u00e5 Donald Trumps rolle og hans sterke engasjement i \u00e5 legge press ikke bare p\u00e5 Hamas, men ogs\u00e5 p\u00e5 Israel, kanskje med tanke p\u00e5 tildelingen av Nobels fredspris som han sikter, understrekes.<\/li>\n<li>I henhold til den f\u00f8rste fredsplanen, presentert av den amerikanske presidenten, <strong>Gaza vil bli styrt av en<\/strong> <strong>Teknokratisk og palestinsk komit\u00e9<\/strong> som vil v\u00e6re ansvarlig for \u00e5 styre offentlige tjenester og kommunale administrasjoner i Gaza. Komiteen vil v\u00e6re sammensatt av internasjonale og palestinske eksperter, med tilsyn av Peace Council, et internasjonalt overgangsorgan som vil omfatte statssjefer og regjering, inkludert president Trump selv og tidligere britisk statsminister Tony Blair. Det vil v\u00e6re dette r\u00e5det som vil h\u00e5ndtere finansiering og investeringer for gjenoppbygging av Gaza, i det minste inntil den politiske reformen av den palestinske nasjonale myndigheten. Scenariet som ligger foran oss og at noen frykt er det for en partisjon og en fortsettelse av den utenlandske okkupasjonen av de palestinske territoriene, om enn under internasjonal veiledning.<\/li>\n<li>De<strong> Internasjonal anerkjennelse<\/strong> <strong>av<\/strong> <strong>Palestinsk stat<\/strong> <strong>Og<\/strong> <strong>der<\/strong> <strong>Slutten av yrkesregimet<\/strong>. Et scenario som absolutt er det fjerneste for \u00f8yeblikket, gjelder slutten av okkupasjonsregimet der den palestinske befolkningen lever med anerkjennelse og opprettelse av staten Palestina, basert p\u00e5 prinsippet om selvbestemmelse av folk &#8211; som nedfelt i FNs charter og Atlanterhavet &#8211; i full respekt for internasjonal lov og menneskerettigheter. Fra et politisk synspunkt vil det v\u00e6re n\u00f8dvendig \u00e5 forst\u00e5 hvordan de politiske kreftene til Hamas- og Fatah -partiene vil dialog med hverandre med veiledning av den palestinske nasjonale myndigheten, med tanke p\u00e5 \u00e5 skape en fri og uavhengig palestinsk stat. Men som folkeretten sier: \u00ab<em>Hver stat har rett til utelukkende \u00e5 ut\u00f8ve statlig makt over det territorielle samfunnet, dvs. over individene p\u00e5 dets territorium. Derfor er det gratis i formene og m\u00e5tene \u00e5 trene<\/em>\u00bb.<\/li>\n<\/ul><\/div>\n","protected":false},"excerpt":{"rendered":"<p>To \u00e5r etter angrepene av 7. oktober 2023der 1200 israelske sivile ble drept, i dag<\/p>\n","protected":false},"author":1,"featured_media":10408,"comment_status":"closed","ping_status":"open","sticky":false,"template":"","format":"standard","meta":{"footnotes":""},"categories":[23],"tags":[6827,254,144,253,6466,96,294],"class_list":["post-10407","post","type-post","status-publish","format-standard","has-post-thumbnail","hentry","category-politikk","tag-fredsplanen","tag-fremtidige","tag-hva","tag-mulige","tag-scenarier","tag-seg","tag-ser","generate-columns","tablet-grid-50","mobile-grid-100","grid-parent","grid-33","resize-featured-image"],"yoast_head":"<!-- This site is optimized with the Yoast SEO plugin v24.4 - https:\/\/yoast.com\/wordpress\/plugins\/seo\/ -->\n<title>Hva fredsplanen ser for seg og mulige fremtidige scenarier - Nordnesrepublikken<\/title>\n<meta name=\"robots\" content=\"index, follow, max-snippet:-1, max-image-preview:large, max-video-preview:-1\" \/>\n<link rel=\"canonical\" href=\"https:\/\/nordnesrepublikken.no\/index.php\/2025\/10\/09\/hva-fredsplanen-ser-for-seg-og-mulige-fremtidige-scenarier\/\" \/>\n<meta property=\"og:locale\" content=\"nb_NO\" \/>\n<meta property=\"og:type\" content=\"article\" \/>\n<meta property=\"og:title\" content=\"Hva fredsplanen ser for seg og mulige fremtidige scenarier - Nordnesrepublikken\" \/>\n<meta property=\"og:description\" content=\"To \u00e5r etter angrepene av 7. oktober 2023der 1200 israelske sivile ble drept, i dag\" \/>\n<meta property=\"og:url\" content=\"https:\/\/nordnesrepublikken.no\/index.php\/2025\/10\/09\/hva-fredsplanen-ser-for-seg-og-mulige-fremtidige-scenarier\/\" \/>\n<meta property=\"og:site_name\" content=\"Nordnesrepublikken\" \/>\n<meta property=\"article:published_time\" content=\"2025-10-09T17:50:21+00:00\" \/>\n<meta property=\"article:modified_time\" content=\"2025-10-09T17:50:23+00:00\" \/>\n<meta property=\"og:image\" content=\"https:\/\/nordnesrepublikken.no\/wp-content\/uploads\/2025\/10\/1760032221_Hva-fredsplanen-ser-for-seg-og-mulige-fremtidige-scenarier.jpg\" \/>\n\t<meta property=\"og:image:width\" content=\"1878\" \/>\n\t<meta property=\"og:image:height\" content=\"1234\" \/>\n\t<meta property=\"og:image:type\" content=\"image\/jpeg\" \/>\n<meta name=\"author\" content=\"Ole Andersen\" \/>\n<meta name=\"twitter:card\" content=\"summary_large_image\" \/>\n<meta name=\"twitter:label1\" content=\"Skrevet av\" \/>\n\t<meta name=\"twitter:data1\" content=\"Ole Andersen\" \/>\n\t<meta name=\"twitter:label2\" content=\"Ansl. lesetid\" \/>\n\t<meta name=\"twitter:data2\" content=\"6 minutter\" \/>\n<script type=\"application\/ld+json\" class=\"yoast-schema-graph\">{\"@context\":\"https:\/\/schema.org\",\"@graph\":[{\"@type\":\"Article\",\"@id\":\"https:\/\/nordnesrepublikken.no\/index.php\/2025\/10\/09\/hva-fredsplanen-ser-for-seg-og-mulige-fremtidige-scenarier\/#article\",\"isPartOf\":{\"@id\":\"https:\/\/nordnesrepublikken.no\/index.php\/2025\/10\/09\/hva-fredsplanen-ser-for-seg-og-mulige-fremtidige-scenarier\/\"},\"author\":{\"name\":\"Ole Andersen\",\"@id\":\"https:\/\/nordnesrepublikken.no\/#\/schema\/person\/2e7e81935bab77882fffb79296240ff1\"},\"headline\":\"Hva fredsplanen ser for seg og mulige fremtidige scenarier\",\"datePublished\":\"2025-10-09T17:50:21+00:00\",\"dateModified\":\"2025-10-09T17:50:23+00:00\",\"mainEntityOfPage\":{\"@id\":\"https:\/\/nordnesrepublikken.no\/index.php\/2025\/10\/09\/hva-fredsplanen-ser-for-seg-og-mulige-fremtidige-scenarier\/\"},\"wordCount\":1135,\"publisher\":{\"@id\":\"https:\/\/nordnesrepublikken.no\/#organization\"},\"image\":{\"@id\":\"https:\/\/nordnesrepublikken.no\/index.php\/2025\/10\/09\/hva-fredsplanen-ser-for-seg-og-mulige-fremtidige-scenarier\/#primaryimage\"},\"thumbnailUrl\":\"https:\/\/nordnesrepublikken.no\/wp-content\/uploads\/2025\/10\/1760032221_Hva-fredsplanen-ser-for-seg-og-mulige-fremtidige-scenarier.jpg\",\"keywords\":[\"fredsplanen\",\"fremtidige\",\"Hva\",\"mulige\",\"scenarier\",\"seg\",\"ser\"],\"articleSection\":[\"Politikk\"],\"inLanguage\":\"nb-NO\"},{\"@type\":\"WebPage\",\"@id\":\"https:\/\/nordnesrepublikken.no\/index.php\/2025\/10\/09\/hva-fredsplanen-ser-for-seg-og-mulige-fremtidige-scenarier\/\",\"url\":\"https:\/\/nordnesrepublikken.no\/index.php\/2025\/10\/09\/hva-fredsplanen-ser-for-seg-og-mulige-fremtidige-scenarier\/\",\"name\":\"Hva fredsplanen ser for seg og mulige fremtidige scenarier - Nordnesrepublikken\",\"isPartOf\":{\"@id\":\"https:\/\/nordnesrepublikken.no\/#website\"},\"primaryImageOfPage\":{\"@id\":\"https:\/\/nordnesrepublikken.no\/index.php\/2025\/10\/09\/hva-fredsplanen-ser-for-seg-og-mulige-fremtidige-scenarier\/#primaryimage\"},\"image\":{\"@id\":\"https:\/\/nordnesrepublikken.no\/index.php\/2025\/10\/09\/hva-fredsplanen-ser-for-seg-og-mulige-fremtidige-scenarier\/#primaryimage\"},\"thumbnailUrl\":\"https:\/\/nordnesrepublikken.no\/wp-content\/uploads\/2025\/10\/1760032221_Hva-fredsplanen-ser-for-seg-og-mulige-fremtidige-scenarier.jpg\",\"datePublished\":\"2025-10-09T17:50:21+00:00\",\"dateModified\":\"2025-10-09T17:50:23+00:00\",\"breadcrumb\":{\"@id\":\"https:\/\/nordnesrepublikken.no\/index.php\/2025\/10\/09\/hva-fredsplanen-ser-for-seg-og-mulige-fremtidige-scenarier\/#breadcrumb\"},\"inLanguage\":\"nb-NO\",\"potentialAction\":[{\"@type\":\"ReadAction\",\"target\":[\"https:\/\/nordnesrepublikken.no\/index.php\/2025\/10\/09\/hva-fredsplanen-ser-for-seg-og-mulige-fremtidige-scenarier\/\"]}]},{\"@type\":\"ImageObject\",\"inLanguage\":\"nb-NO\",\"@id\":\"https:\/\/nordnesrepublikken.no\/index.php\/2025\/10\/09\/hva-fredsplanen-ser-for-seg-og-mulige-fremtidige-scenarier\/#primaryimage\",\"url\":\"https:\/\/nordnesrepublikken.no\/wp-content\/uploads\/2025\/10\/1760032221_Hva-fredsplanen-ser-for-seg-og-mulige-fremtidige-scenarier.jpg\",\"contentUrl\":\"https:\/\/nordnesrepublikken.no\/wp-content\/uploads\/2025\/10\/1760032221_Hva-fredsplanen-ser-for-seg-og-mulige-fremtidige-scenarier.jpg\",\"width\":1878,\"height\":1234,\"caption\":\"Hva fredsplanen ser for seg og mulige fremtidige scenarier\"},{\"@type\":\"BreadcrumbList\",\"@id\":\"https:\/\/nordnesrepublikken.no\/index.php\/2025\/10\/09\/hva-fredsplanen-ser-for-seg-og-mulige-fremtidige-scenarier\/#breadcrumb\",\"itemListElement\":[{\"@type\":\"ListItem\",\"position\":1,\"name\":\"Home\",\"item\":\"https:\/\/nordnesrepublikken.no\/\"},{\"@type\":\"ListItem\",\"position\":2,\"name\":\"Hva fredsplanen ser for seg og mulige fremtidige scenarier\"}]},{\"@type\":\"WebSite\",\"@id\":\"https:\/\/nordnesrepublikken.no\/#website\",\"url\":\"https:\/\/nordnesrepublikken.no\/\",\"name\":\"Nordnesrepublikken\",\"description\":\"Stemmer og Visjoner fra Republikkens Hjerte\",\"publisher\":{\"@id\":\"https:\/\/nordnesrepublikken.no\/#organization\"},\"potentialAction\":[{\"@type\":\"SearchAction\",\"target\":{\"@type\":\"EntryPoint\",\"urlTemplate\":\"https:\/\/nordnesrepublikken.no\/?s={search_term_string}\"},\"query-input\":{\"@type\":\"PropertyValueSpecification\",\"valueRequired\":true,\"valueName\":\"search_term_string\"}}],\"inLanguage\":\"nb-NO\"},{\"@type\":\"Organization\",\"@id\":\"https:\/\/nordnesrepublikken.no\/#organization\",\"name\":\"Nordnesrepublikken\",\"url\":\"https:\/\/nordnesrepublikken.no\/\",\"logo\":{\"@type\":\"ImageObject\",\"inLanguage\":\"nb-NO\",\"@id\":\"https:\/\/nordnesrepublikken.no\/#\/schema\/logo\/image\/\",\"url\":\"https:\/\/nordnesrepublikken.no\/wp-content\/uploads\/2025\/02\/cropped-nordnesrepublikken-2.png\",\"contentUrl\":\"https:\/\/nordnesrepublikken.no\/wp-content\/uploads\/2025\/02\/cropped-nordnesrepublikken-2.png\",\"width\":1248,\"height\":362,\"caption\":\"Nordnesrepublikken\"},\"image\":{\"@id\":\"https:\/\/nordnesrepublikken.no\/#\/schema\/logo\/image\/\"}},{\"@type\":\"Person\",\"@id\":\"https:\/\/nordnesrepublikken.no\/#\/schema\/person\/2e7e81935bab77882fffb79296240ff1\",\"name\":\"Ole Andersen\",\"image\":{\"@type\":\"ImageObject\",\"inLanguage\":\"nb-NO\",\"@id\":\"https:\/\/nordnesrepublikken.no\/#\/schema\/person\/image\/\",\"url\":\"https:\/\/nordnesrepublikken.no\/wp-content\/uploads\/2025\/02\/nordnesrepublikken-2-2-150x150.jpg\",\"contentUrl\":\"https:\/\/nordnesrepublikken.no\/wp-content\/uploads\/2025\/02\/nordnesrepublikken-2-2-150x150.jpg\",\"caption\":\"Ole Andersen\"},\"description\":\"Ettersom jeg vokste opp i Oslo, har jeg alltid v\u00e6rt fascinert av ordenes kraft og deres evne til \u00e5 skape endringer. Etter \u00e5 ha fullf\u00f8rt min utdannelse i kommunikasjon ved Universitetet i Bergen, fikk jeg muligheten til \u00e5 jobbe innen ulike medier, der jeg har s\u00f8kt \u00e5 belyse viktige samfunnssp\u00f8rsm\u00e5l. I dag, som redakt\u00f8r for Nordnesrepublikken, pr\u00f8ver jeg \u00e5 forene min kj\u00e6rlighet for journalistikk med min lidenskap for innovasjon og eventyr.\",\"sameAs\":[\"https:\/\/nordnesrepublikken.no\/\"]}]}<\/script>\n<!-- \/ Yoast SEO plugin. -->","yoast_head_json":{"title":"Hva fredsplanen ser for seg og mulige fremtidige scenarier - Nordnesrepublikken","robots":{"index":"index","follow":"follow","max-snippet":"max-snippet:-1","max-image-preview":"max-image-preview:large","max-video-preview":"max-video-preview:-1"},"canonical":"https:\/\/nordnesrepublikken.no\/index.php\/2025\/10\/09\/hva-fredsplanen-ser-for-seg-og-mulige-fremtidige-scenarier\/","og_locale":"nb_NO","og_type":"article","og_title":"Hva fredsplanen ser for seg og mulige fremtidige scenarier - Nordnesrepublikken","og_description":"To \u00e5r etter angrepene av 7. oktober 2023der 1200 israelske sivile ble drept, i dag","og_url":"https:\/\/nordnesrepublikken.no\/index.php\/2025\/10\/09\/hva-fredsplanen-ser-for-seg-og-mulige-fremtidige-scenarier\/","og_site_name":"Nordnesrepublikken","article_published_time":"2025-10-09T17:50:21+00:00","article_modified_time":"2025-10-09T17:50:23+00:00","og_image":[{"width":1878,"height":1234,"url":"https:\/\/nordnesrepublikken.no\/wp-content\/uploads\/2025\/10\/1760032221_Hva-fredsplanen-ser-for-seg-og-mulige-fremtidige-scenarier.jpg","type":"image\/jpeg"}],"author":"Ole Andersen","twitter_card":"summary_large_image","twitter_misc":{"Skrevet av":"Ole Andersen","Ansl. lesetid":"6 minutter"},"schema":{"@context":"https:\/\/schema.org","@graph":[{"@type":"Article","@id":"https:\/\/nordnesrepublikken.no\/index.php\/2025\/10\/09\/hva-fredsplanen-ser-for-seg-og-mulige-fremtidige-scenarier\/#article","isPartOf":{"@id":"https:\/\/nordnesrepublikken.no\/index.php\/2025\/10\/09\/hva-fredsplanen-ser-for-seg-og-mulige-fremtidige-scenarier\/"},"author":{"name":"Ole Andersen","@id":"https:\/\/nordnesrepublikken.no\/#\/schema\/person\/2e7e81935bab77882fffb79296240ff1"},"headline":"Hva fredsplanen ser for seg og mulige fremtidige scenarier","datePublished":"2025-10-09T17:50:21+00:00","dateModified":"2025-10-09T17:50:23+00:00","mainEntityOfPage":{"@id":"https:\/\/nordnesrepublikken.no\/index.php\/2025\/10\/09\/hva-fredsplanen-ser-for-seg-og-mulige-fremtidige-scenarier\/"},"wordCount":1135,"publisher":{"@id":"https:\/\/nordnesrepublikken.no\/#organization"},"image":{"@id":"https:\/\/nordnesrepublikken.no\/index.php\/2025\/10\/09\/hva-fredsplanen-ser-for-seg-og-mulige-fremtidige-scenarier\/#primaryimage"},"thumbnailUrl":"https:\/\/nordnesrepublikken.no\/wp-content\/uploads\/2025\/10\/1760032221_Hva-fredsplanen-ser-for-seg-og-mulige-fremtidige-scenarier.jpg","keywords":["fredsplanen","fremtidige","Hva","mulige","scenarier","seg","ser"],"articleSection":["Politikk"],"inLanguage":"nb-NO"},{"@type":"WebPage","@id":"https:\/\/nordnesrepublikken.no\/index.php\/2025\/10\/09\/hva-fredsplanen-ser-for-seg-og-mulige-fremtidige-scenarier\/","url":"https:\/\/nordnesrepublikken.no\/index.php\/2025\/10\/09\/hva-fredsplanen-ser-for-seg-og-mulige-fremtidige-scenarier\/","name":"Hva fredsplanen ser for seg og mulige fremtidige scenarier - Nordnesrepublikken","isPartOf":{"@id":"https:\/\/nordnesrepublikken.no\/#website"},"primaryImageOfPage":{"@id":"https:\/\/nordnesrepublikken.no\/index.php\/2025\/10\/09\/hva-fredsplanen-ser-for-seg-og-mulige-fremtidige-scenarier\/#primaryimage"},"image":{"@id":"https:\/\/nordnesrepublikken.no\/index.php\/2025\/10\/09\/hva-fredsplanen-ser-for-seg-og-mulige-fremtidige-scenarier\/#primaryimage"},"thumbnailUrl":"https:\/\/nordnesrepublikken.no\/wp-content\/uploads\/2025\/10\/1760032221_Hva-fredsplanen-ser-for-seg-og-mulige-fremtidige-scenarier.jpg","datePublished":"2025-10-09T17:50:21+00:00","dateModified":"2025-10-09T17:50:23+00:00","breadcrumb":{"@id":"https:\/\/nordnesrepublikken.no\/index.php\/2025\/10\/09\/hva-fredsplanen-ser-for-seg-og-mulige-fremtidige-scenarier\/#breadcrumb"},"inLanguage":"nb-NO","potentialAction":[{"@type":"ReadAction","target":["https:\/\/nordnesrepublikken.no\/index.php\/2025\/10\/09\/hva-fredsplanen-ser-for-seg-og-mulige-fremtidige-scenarier\/"]}]},{"@type":"ImageObject","inLanguage":"nb-NO","@id":"https:\/\/nordnesrepublikken.no\/index.php\/2025\/10\/09\/hva-fredsplanen-ser-for-seg-og-mulige-fremtidige-scenarier\/#primaryimage","url":"https:\/\/nordnesrepublikken.no\/wp-content\/uploads\/2025\/10\/1760032221_Hva-fredsplanen-ser-for-seg-og-mulige-fremtidige-scenarier.jpg","contentUrl":"https:\/\/nordnesrepublikken.no\/wp-content\/uploads\/2025\/10\/1760032221_Hva-fredsplanen-ser-for-seg-og-mulige-fremtidige-scenarier.jpg","width":1878,"height":1234,"caption":"Hva fredsplanen ser for seg og mulige fremtidige scenarier"},{"@type":"BreadcrumbList","@id":"https:\/\/nordnesrepublikken.no\/index.php\/2025\/10\/09\/hva-fredsplanen-ser-for-seg-og-mulige-fremtidige-scenarier\/#breadcrumb","itemListElement":[{"@type":"ListItem","position":1,"name":"Home","item":"https:\/\/nordnesrepublikken.no\/"},{"@type":"ListItem","position":2,"name":"Hva fredsplanen ser for seg og mulige fremtidige scenarier"}]},{"@type":"WebSite","@id":"https:\/\/nordnesrepublikken.no\/#website","url":"https:\/\/nordnesrepublikken.no\/","name":"Nordnesrepublikken","description":"Stemmer og Visjoner fra Republikkens Hjerte","publisher":{"@id":"https:\/\/nordnesrepublikken.no\/#organization"},"potentialAction":[{"@type":"SearchAction","target":{"@type":"EntryPoint","urlTemplate":"https:\/\/nordnesrepublikken.no\/?s={search_term_string}"},"query-input":{"@type":"PropertyValueSpecification","valueRequired":true,"valueName":"search_term_string"}}],"inLanguage":"nb-NO"},{"@type":"Organization","@id":"https:\/\/nordnesrepublikken.no\/#organization","name":"Nordnesrepublikken","url":"https:\/\/nordnesrepublikken.no\/","logo":{"@type":"ImageObject","inLanguage":"nb-NO","@id":"https:\/\/nordnesrepublikken.no\/#\/schema\/logo\/image\/","url":"https:\/\/nordnesrepublikken.no\/wp-content\/uploads\/2025\/02\/cropped-nordnesrepublikken-2.png","contentUrl":"https:\/\/nordnesrepublikken.no\/wp-content\/uploads\/2025\/02\/cropped-nordnesrepublikken-2.png","width":1248,"height":362,"caption":"Nordnesrepublikken"},"image":{"@id":"https:\/\/nordnesrepublikken.no\/#\/schema\/logo\/image\/"}},{"@type":"Person","@id":"https:\/\/nordnesrepublikken.no\/#\/schema\/person\/2e7e81935bab77882fffb79296240ff1","name":"Ole Andersen","image":{"@type":"ImageObject","inLanguage":"nb-NO","@id":"https:\/\/nordnesrepublikken.no\/#\/schema\/person\/image\/","url":"https:\/\/nordnesrepublikken.no\/wp-content\/uploads\/2025\/02\/nordnesrepublikken-2-2-150x150.jpg","contentUrl":"https:\/\/nordnesrepublikken.no\/wp-content\/uploads\/2025\/02\/nordnesrepublikken-2-2-150x150.jpg","caption":"Ole Andersen"},"description":"Ettersom jeg vokste opp i Oslo, har jeg alltid v\u00e6rt fascinert av ordenes kraft og deres evne til \u00e5 skape endringer. Etter \u00e5 ha fullf\u00f8rt min utdannelse i kommunikasjon ved Universitetet i Bergen, fikk jeg muligheten til \u00e5 jobbe innen ulike medier, der jeg har s\u00f8kt \u00e5 belyse viktige samfunnssp\u00f8rsm\u00e5l. I dag, som redakt\u00f8r for Nordnesrepublikken, pr\u00f8ver jeg \u00e5 forene min kj\u00e6rlighet for journalistikk med min lidenskap for innovasjon og eventyr.","sameAs":["https:\/\/nordnesrepublikken.no\/"]}]}},"_links":{"self":[{"href":"https:\/\/nordnesrepublikken.no\/index.php\/wp-json\/wp\/v2\/posts\/10407","targetHints":{"allow":["GET"]}}],"collection":[{"href":"https:\/\/nordnesrepublikken.no\/index.php\/wp-json\/wp\/v2\/posts"}],"about":[{"href":"https:\/\/nordnesrepublikken.no\/index.php\/wp-json\/wp\/v2\/types\/post"}],"author":[{"embeddable":true,"href":"https:\/\/nordnesrepublikken.no\/index.php\/wp-json\/wp\/v2\/users\/1"}],"replies":[{"embeddable":true,"href":"https:\/\/nordnesrepublikken.no\/index.php\/wp-json\/wp\/v2\/comments?post=10407"}],"version-history":[{"count":1,"href":"https:\/\/nordnesrepublikken.no\/index.php\/wp-json\/wp\/v2\/posts\/10407\/revisions"}],"predecessor-version":[{"id":10409,"href":"https:\/\/nordnesrepublikken.no\/index.php\/wp-json\/wp\/v2\/posts\/10407\/revisions\/10409"}],"wp:featuredmedia":[{"embeddable":true,"href":"https:\/\/nordnesrepublikken.no\/index.php\/wp-json\/wp\/v2\/media\/10408"}],"wp:attachment":[{"href":"https:\/\/nordnesrepublikken.no\/index.php\/wp-json\/wp\/v2\/media?parent=10407"}],"wp:term":[{"taxonomy":"category","embeddable":true,"href":"https:\/\/nordnesrepublikken.no\/index.php\/wp-json\/wp\/v2\/categories?post=10407"},{"taxonomy":"post_tag","embeddable":true,"href":"https:\/\/nordnesrepublikken.no\/index.php\/wp-json\/wp\/v2\/tags?post=10407"}],"curies":[{"name":"wp","href":"https:\/\/api.w.org\/{rel}","templated":true}]}}