{"id":10207,"date":"2025-10-03T06:50:16","date_gmt":"2025-10-03T04:50:16","guid":{"rendered":"https:\/\/nordnesrepublikken.no\/index.php\/2025\/10\/03\/new-kia-ev4-avslort\/"},"modified":"2025-10-03T06:50:29","modified_gmt":"2025-10-03T04:50:29","slug":"new-kia-ev4-avslort","status":"publish","type":"post","link":"https:\/\/nordnesrepublikken.no\/index.php\/2025\/10\/03\/new-kia-ev4-avslort\/","title":{"rendered":"New Kia Ev4 avsl\u00f8rt"},"content":{"rendered":"<p><\/p>\n<div class=\"wordpress-content\">\n                    <!-- Article Start --><\/p>\n<p><strong>Kia EV4 er det koreanske merkets f\u00f8rste allelektriske C-segment-hatchback, produsert i Slovakia. Den langdistanseversjonen drives av et 81,4 kWh-batteri som har opptil 391 mil med rekkevidde (WLTP) p\u00e5 en enkelt lading, avhengig av selvf\u00f8lgelig kj\u00f8restil og forhold.<\/strong><\/p>\n<p><span id=\"more-545893\"><\/span><\/p>\n<p>Det er et standardbatteri p\u00e5 58,3 kWh, og begge batterialternativene str\u00f8m en frontmontert 150 kW motor, slik at EV4 kan akselerere fra 0-62 mph p\u00e5 7,7 sekunder (7,4 sekunder for standardbatteriet) og n\u00e5 en toppfart p\u00e5 105 mph.<\/p>\n<div class=\"sra_unit\"><link rel=\"stylesheet\" id=\"block-sra\" href=\"https:\/\/euroweeklynews.com\/wp-content\/plugins\/snack-related-articles\/dist\/css\/snack-related.min.css?250312-193541\" type=\"text\/css\" media=\"all\">\n<\/div>\n<p>En fastback -modell slutter seg til lukebacken og har st\u00f8rre av de to batterialternativene, men deler den samme motoren som Hatchback, og gir et maksimalt omr\u00e5de p\u00e5 opptil 380 miles. Fastbacken har en bagasjekapasitet p\u00e5 490 liter. Begge variantene har kj\u00f8ret\u00f8y-til-last (V2L) evne til \u00e5 drive eksterne enheter og kj\u00f8ret\u00f8y-til-nett (V2G) -teknologi for energideling.<\/p>\n<p>Som med alle nye biler, uavhengig av produsent, er EV4 utstyrt med et omfattende Advanced Driver Assistance System (ADAS), eller Driver -irritasjonssystemer hvis du er i en viss alder og grettenhet! Ved hjelp av et nettverk av kameraer og radarer overv\u00e5ker det stadig omgivelsene for \u00e5 oppdage potensielle farer.<\/p>\n<p>Viktige funksjoner inkluderer KIA -appen som l\u00e5ser opp EV4 inkluderer tilgang til ekstern kj\u00f8ret\u00f8y, drivende innsikt og vedlikeholdsverkt\u00f8y. I tillegg legger Over-the-Air (OTA) oppdateringer til funksjonaliteten.  Et visst tilgangsniv\u00e5 er permanent inkludert, noen funksjoner er gratis i en periode, men n\u00e5r de er utl\u00f8pt er en del av betalte abonnementsniv\u00e5er.<\/p>\n<p>Drivere kan finne ladestasjoner, overv\u00e5ke lade\u00f8ktene sine og planlegge ruter med utpekte ladestopp ved \u00e5 bruke KIA -appen. Den siste oppdateringen til EV Route Planner gj\u00f8r det mulig for brukere \u00e5 spesifisere et m\u00e5lladningsniv\u00e5 direkte fra kartvisningen, for b\u00e5de deres endelige destinasjon og hvert valgt ladestopp gjennom reisen. For \u00f8yeblikket har KIA -sj\u00e5f\u00f8rer tilgang til mer enn 1 000 000 offentlige ladepunkter over hele Europa. Denne kontinentede dekningen st\u00f8ttes av partnerskap med ledende ladepunktoperat\u00f8rer, inkludert ionitet for lading av h\u00f8y effekt.<\/p>\n<p>De integrerte Google -stedene gir navigasjonsdata ang\u00e5ende parkeringstilgjengelighet, driftstimer, priser og brukeranmeldelser. Videre er EV4 KIAs f\u00f8rste kj\u00f8ret\u00f8y utstyrt med fabrikkinstallert online navigasjon, slik at kundene kan navigere med det nyeste kartet.<\/p>\n<p>EV4 inkluderer ogs\u00e5 Digital Key 2, som lar eiere l\u00e5se opp kj\u00f8ret\u00f8yet med en kompatibel smarttelefon eller smartklokke i stedet for konvensjonelle n\u00f8kler. KIA Digital Key st\u00f8tter ogs\u00e5 deling av fjerntilgang med andre, for eksempel familiemedlemmer eller venner.<\/p>\n<p>                    <!-- This article has been originally published at https:\/\/euroweeklynews.com\/2025\/10\/02\/new-kia-ev4-revealed\/ on 02 Oct 2025 at 11:00 by Mark Slack --><br \/>\n                    <!-- Article End -->\n                <\/div>\n","protected":false},"excerpt":{"rendered":"<p>Kia EV4 er det koreanske merkets f\u00f8rste allelektriske C-segment-hatchback, produsert i Slovakia. Den langdistanseversjonen drives<\/p>\n","protected":false},"author":1,"featured_media":10208,"comment_status":"closed","ping_status":"open","sticky":false,"template":"","format":"standard","meta":{"footnotes":""},"categories":[105],"tags":[3884,6710,6308],"class_list":["post-10207","post","type-post","status-publish","format-standard","has-post-thumbnail","hentry","category-livsstil","tag-avslort","tag-ev4","tag-kia","generate-columns","tablet-grid-50","mobile-grid-100","grid-parent","grid-33","resize-featured-image"],"yoast_head":"<!-- This site is optimized with the Yoast SEO plugin v24.4 - https:\/\/yoast.com\/wordpress\/plugins\/seo\/ -->\n<title>New Kia Ev4 avsl\u00f8rt - Nordnesrepublikken<\/title>\n<meta name=\"robots\" content=\"index, follow, max-snippet:-1, max-image-preview:large, max-video-preview:-1\" \/>\n<link rel=\"canonical\" href=\"https:\/\/nordnesrepublikken.no\/index.php\/2025\/10\/03\/new-kia-ev4-avslort\/\" \/>\n<meta property=\"og:locale\" content=\"nb_NO\" \/>\n<meta property=\"og:type\" content=\"article\" \/>\n<meta property=\"og:title\" content=\"New Kia Ev4 avsl\u00f8rt - Nordnesrepublikken\" \/>\n<meta property=\"og:description\" content=\"Kia EV4 er det koreanske merkets f\u00f8rste allelektriske C-segment-hatchback, produsert i Slovakia. Den langdistanseversjonen drives\" \/>\n<meta property=\"og:url\" content=\"https:\/\/nordnesrepublikken.no\/index.php\/2025\/10\/03\/new-kia-ev4-avslort\/\" \/>\n<meta property=\"og:site_name\" content=\"Nordnesrepublikken\" \/>\n<meta property=\"article:published_time\" content=\"2025-10-03T04:50:16+00:00\" \/>\n<meta property=\"article:modified_time\" content=\"2025-10-03T04:50:29+00:00\" \/>\n<meta property=\"og:image\" content=\"https:\/\/nordnesrepublikken.no\/wp-content\/uploads\/2025\/10\/1759467017_New-Kia-Ev4-avslort.png\" \/>\n\t<meta property=\"og:image:width\" content=\"1200\" \/>\n\t<meta property=\"og:image:height\" content=\"798\" \/>\n\t<meta property=\"og:image:type\" content=\"image\/png\" \/>\n<meta name=\"author\" content=\"Ole Andersen\" \/>\n<meta name=\"twitter:card\" content=\"summary_large_image\" \/>\n<meta name=\"twitter:label1\" content=\"Skrevet av\" \/>\n\t<meta name=\"twitter:data1\" content=\"Ole Andersen\" \/>\n\t<meta name=\"twitter:label2\" content=\"Ansl. lesetid\" \/>\n\t<meta name=\"twitter:data2\" content=\"2 minutter\" \/>\n<script type=\"application\/ld+json\" class=\"yoast-schema-graph\">{\"@context\":\"https:\/\/schema.org\",\"@graph\":[{\"@type\":\"Article\",\"@id\":\"https:\/\/nordnesrepublikken.no\/index.php\/2025\/10\/03\/new-kia-ev4-avslort\/#article\",\"isPartOf\":{\"@id\":\"https:\/\/nordnesrepublikken.no\/index.php\/2025\/10\/03\/new-kia-ev4-avslort\/\"},\"author\":{\"name\":\"Ole Andersen\",\"@id\":\"https:\/\/nordnesrepublikken.no\/#\/schema\/person\/2e7e81935bab77882fffb79296240ff1\"},\"headline\":\"New Kia Ev4 avsl\u00f8rt\",\"datePublished\":\"2025-10-03T04:50:16+00:00\",\"dateModified\":\"2025-10-03T04:50:29+00:00\",\"mainEntityOfPage\":{\"@id\":\"https:\/\/nordnesrepublikken.no\/index.php\/2025\/10\/03\/new-kia-ev4-avslort\/\"},\"wordCount\":406,\"publisher\":{\"@id\":\"https:\/\/nordnesrepublikken.no\/#organization\"},\"image\":{\"@id\":\"https:\/\/nordnesrepublikken.no\/index.php\/2025\/10\/03\/new-kia-ev4-avslort\/#primaryimage\"},\"thumbnailUrl\":\"https:\/\/nordnesrepublikken.no\/wp-content\/uploads\/2025\/10\/1759467017_New-Kia-Ev4-avslort.png\",\"keywords\":[\"avsl\u00f8rt\",\"Ev4\",\"Kia\"],\"articleSection\":[\"Livsstil\"],\"inLanguage\":\"nb-NO\"},{\"@type\":\"WebPage\",\"@id\":\"https:\/\/nordnesrepublikken.no\/index.php\/2025\/10\/03\/new-kia-ev4-avslort\/\",\"url\":\"https:\/\/nordnesrepublikken.no\/index.php\/2025\/10\/03\/new-kia-ev4-avslort\/\",\"name\":\"New Kia Ev4 avsl\u00f8rt - Nordnesrepublikken\",\"isPartOf\":{\"@id\":\"https:\/\/nordnesrepublikken.no\/#website\"},\"primaryImageOfPage\":{\"@id\":\"https:\/\/nordnesrepublikken.no\/index.php\/2025\/10\/03\/new-kia-ev4-avslort\/#primaryimage\"},\"image\":{\"@id\":\"https:\/\/nordnesrepublikken.no\/index.php\/2025\/10\/03\/new-kia-ev4-avslort\/#primaryimage\"},\"thumbnailUrl\":\"https:\/\/nordnesrepublikken.no\/wp-content\/uploads\/2025\/10\/1759467017_New-Kia-Ev4-avslort.png\",\"datePublished\":\"2025-10-03T04:50:16+00:00\",\"dateModified\":\"2025-10-03T04:50:29+00:00\",\"breadcrumb\":{\"@id\":\"https:\/\/nordnesrepublikken.no\/index.php\/2025\/10\/03\/new-kia-ev4-avslort\/#breadcrumb\"},\"inLanguage\":\"nb-NO\",\"potentialAction\":[{\"@type\":\"ReadAction\",\"target\":[\"https:\/\/nordnesrepublikken.no\/index.php\/2025\/10\/03\/new-kia-ev4-avslort\/\"]}]},{\"@type\":\"ImageObject\",\"inLanguage\":\"nb-NO\",\"@id\":\"https:\/\/nordnesrepublikken.no\/index.php\/2025\/10\/03\/new-kia-ev4-avslort\/#primaryimage\",\"url\":\"https:\/\/nordnesrepublikken.no\/wp-content\/uploads\/2025\/10\/1759467017_New-Kia-Ev4-avslort.png\",\"contentUrl\":\"https:\/\/nordnesrepublikken.no\/wp-content\/uploads\/2025\/10\/1759467017_New-Kia-Ev4-avslort.png\",\"width\":1200,\"height\":798,\"caption\":\"New Kia Ev4 avsl\u00f8rt\"},{\"@type\":\"BreadcrumbList\",\"@id\":\"https:\/\/nordnesrepublikken.no\/index.php\/2025\/10\/03\/new-kia-ev4-avslort\/#breadcrumb\",\"itemListElement\":[{\"@type\":\"ListItem\",\"position\":1,\"name\":\"Home\",\"item\":\"https:\/\/nordnesrepublikken.no\/\"},{\"@type\":\"ListItem\",\"position\":2,\"name\":\"New Kia Ev4 avsl\u00f8rt\"}]},{\"@type\":\"WebSite\",\"@id\":\"https:\/\/nordnesrepublikken.no\/#website\",\"url\":\"https:\/\/nordnesrepublikken.no\/\",\"name\":\"Nordnesrepublikken\",\"description\":\"Stemmer og Visjoner fra Republikkens Hjerte\",\"publisher\":{\"@id\":\"https:\/\/nordnesrepublikken.no\/#organization\"},\"potentialAction\":[{\"@type\":\"SearchAction\",\"target\":{\"@type\":\"EntryPoint\",\"urlTemplate\":\"https:\/\/nordnesrepublikken.no\/?s={search_term_string}\"},\"query-input\":{\"@type\":\"PropertyValueSpecification\",\"valueRequired\":true,\"valueName\":\"search_term_string\"}}],\"inLanguage\":\"nb-NO\"},{\"@type\":\"Organization\",\"@id\":\"https:\/\/nordnesrepublikken.no\/#organization\",\"name\":\"Nordnesrepublikken\",\"url\":\"https:\/\/nordnesrepublikken.no\/\",\"logo\":{\"@type\":\"ImageObject\",\"inLanguage\":\"nb-NO\",\"@id\":\"https:\/\/nordnesrepublikken.no\/#\/schema\/logo\/image\/\",\"url\":\"https:\/\/nordnesrepublikken.no\/wp-content\/uploads\/2025\/02\/cropped-nordnesrepublikken-2.png\",\"contentUrl\":\"https:\/\/nordnesrepublikken.no\/wp-content\/uploads\/2025\/02\/cropped-nordnesrepublikken-2.png\",\"width\":1248,\"height\":362,\"caption\":\"Nordnesrepublikken\"},\"image\":{\"@id\":\"https:\/\/nordnesrepublikken.no\/#\/schema\/logo\/image\/\"}},{\"@type\":\"Person\",\"@id\":\"https:\/\/nordnesrepublikken.no\/#\/schema\/person\/2e7e81935bab77882fffb79296240ff1\",\"name\":\"Ole Andersen\",\"image\":{\"@type\":\"ImageObject\",\"inLanguage\":\"nb-NO\",\"@id\":\"https:\/\/nordnesrepublikken.no\/#\/schema\/person\/image\/\",\"url\":\"https:\/\/nordnesrepublikken.no\/wp-content\/uploads\/2025\/02\/nordnesrepublikken-2-2-150x150.jpg\",\"contentUrl\":\"https:\/\/nordnesrepublikken.no\/wp-content\/uploads\/2025\/02\/nordnesrepublikken-2-2-150x150.jpg\",\"caption\":\"Ole Andersen\"},\"description\":\"Ettersom jeg vokste opp i Oslo, har jeg alltid v\u00e6rt fascinert av ordenes kraft og deres evne til \u00e5 skape endringer. Etter \u00e5 ha fullf\u00f8rt min utdannelse i kommunikasjon ved Universitetet i Bergen, fikk jeg muligheten til \u00e5 jobbe innen ulike medier, der jeg har s\u00f8kt \u00e5 belyse viktige samfunnssp\u00f8rsm\u00e5l. I dag, som redakt\u00f8r for Nordnesrepublikken, pr\u00f8ver jeg \u00e5 forene min kj\u00e6rlighet for journalistikk med min lidenskap for innovasjon og eventyr.\",\"sameAs\":[\"https:\/\/nordnesrepublikken.no\/\"]}]}<\/script>\n<!-- \/ Yoast SEO plugin. -->","yoast_head_json":{"title":"New Kia Ev4 avsl\u00f8rt - Nordnesrepublikken","robots":{"index":"index","follow":"follow","max-snippet":"max-snippet:-1","max-image-preview":"max-image-preview:large","max-video-preview":"max-video-preview:-1"},"canonical":"https:\/\/nordnesrepublikken.no\/index.php\/2025\/10\/03\/new-kia-ev4-avslort\/","og_locale":"nb_NO","og_type":"article","og_title":"New Kia Ev4 avsl\u00f8rt - Nordnesrepublikken","og_description":"Kia EV4 er det koreanske merkets f\u00f8rste allelektriske C-segment-hatchback, produsert i Slovakia. Den langdistanseversjonen drives","og_url":"https:\/\/nordnesrepublikken.no\/index.php\/2025\/10\/03\/new-kia-ev4-avslort\/","og_site_name":"Nordnesrepublikken","article_published_time":"2025-10-03T04:50:16+00:00","article_modified_time":"2025-10-03T04:50:29+00:00","og_image":[{"width":1200,"height":798,"url":"https:\/\/nordnesrepublikken.no\/wp-content\/uploads\/2025\/10\/1759467017_New-Kia-Ev4-avslort.png","type":"image\/png"}],"author":"Ole Andersen","twitter_card":"summary_large_image","twitter_misc":{"Skrevet av":"Ole Andersen","Ansl. lesetid":"2 minutter"},"schema":{"@context":"https:\/\/schema.org","@graph":[{"@type":"Article","@id":"https:\/\/nordnesrepublikken.no\/index.php\/2025\/10\/03\/new-kia-ev4-avslort\/#article","isPartOf":{"@id":"https:\/\/nordnesrepublikken.no\/index.php\/2025\/10\/03\/new-kia-ev4-avslort\/"},"author":{"name":"Ole Andersen","@id":"https:\/\/nordnesrepublikken.no\/#\/schema\/person\/2e7e81935bab77882fffb79296240ff1"},"headline":"New Kia Ev4 avsl\u00f8rt","datePublished":"2025-10-03T04:50:16+00:00","dateModified":"2025-10-03T04:50:29+00:00","mainEntityOfPage":{"@id":"https:\/\/nordnesrepublikken.no\/index.php\/2025\/10\/03\/new-kia-ev4-avslort\/"},"wordCount":406,"publisher":{"@id":"https:\/\/nordnesrepublikken.no\/#organization"},"image":{"@id":"https:\/\/nordnesrepublikken.no\/index.php\/2025\/10\/03\/new-kia-ev4-avslort\/#primaryimage"},"thumbnailUrl":"https:\/\/nordnesrepublikken.no\/wp-content\/uploads\/2025\/10\/1759467017_New-Kia-Ev4-avslort.png","keywords":["avsl\u00f8rt","Ev4","Kia"],"articleSection":["Livsstil"],"inLanguage":"nb-NO"},{"@type":"WebPage","@id":"https:\/\/nordnesrepublikken.no\/index.php\/2025\/10\/03\/new-kia-ev4-avslort\/","url":"https:\/\/nordnesrepublikken.no\/index.php\/2025\/10\/03\/new-kia-ev4-avslort\/","name":"New Kia Ev4 avsl\u00f8rt - Nordnesrepublikken","isPartOf":{"@id":"https:\/\/nordnesrepublikken.no\/#website"},"primaryImageOfPage":{"@id":"https:\/\/nordnesrepublikken.no\/index.php\/2025\/10\/03\/new-kia-ev4-avslort\/#primaryimage"},"image":{"@id":"https:\/\/nordnesrepublikken.no\/index.php\/2025\/10\/03\/new-kia-ev4-avslort\/#primaryimage"},"thumbnailUrl":"https:\/\/nordnesrepublikken.no\/wp-content\/uploads\/2025\/10\/1759467017_New-Kia-Ev4-avslort.png","datePublished":"2025-10-03T04:50:16+00:00","dateModified":"2025-10-03T04:50:29+00:00","breadcrumb":{"@id":"https:\/\/nordnesrepublikken.no\/index.php\/2025\/10\/03\/new-kia-ev4-avslort\/#breadcrumb"},"inLanguage":"nb-NO","potentialAction":[{"@type":"ReadAction","target":["https:\/\/nordnesrepublikken.no\/index.php\/2025\/10\/03\/new-kia-ev4-avslort\/"]}]},{"@type":"ImageObject","inLanguage":"nb-NO","@id":"https:\/\/nordnesrepublikken.no\/index.php\/2025\/10\/03\/new-kia-ev4-avslort\/#primaryimage","url":"https:\/\/nordnesrepublikken.no\/wp-content\/uploads\/2025\/10\/1759467017_New-Kia-Ev4-avslort.png","contentUrl":"https:\/\/nordnesrepublikken.no\/wp-content\/uploads\/2025\/10\/1759467017_New-Kia-Ev4-avslort.png","width":1200,"height":798,"caption":"New Kia Ev4 avsl\u00f8rt"},{"@type":"BreadcrumbList","@id":"https:\/\/nordnesrepublikken.no\/index.php\/2025\/10\/03\/new-kia-ev4-avslort\/#breadcrumb","itemListElement":[{"@type":"ListItem","position":1,"name":"Home","item":"https:\/\/nordnesrepublikken.no\/"},{"@type":"ListItem","position":2,"name":"New Kia Ev4 avsl\u00f8rt"}]},{"@type":"WebSite","@id":"https:\/\/nordnesrepublikken.no\/#website","url":"https:\/\/nordnesrepublikken.no\/","name":"Nordnesrepublikken","description":"Stemmer og Visjoner fra Republikkens Hjerte","publisher":{"@id":"https:\/\/nordnesrepublikken.no\/#organization"},"potentialAction":[{"@type":"SearchAction","target":{"@type":"EntryPoint","urlTemplate":"https:\/\/nordnesrepublikken.no\/?s={search_term_string}"},"query-input":{"@type":"PropertyValueSpecification","valueRequired":true,"valueName":"search_term_string"}}],"inLanguage":"nb-NO"},{"@type":"Organization","@id":"https:\/\/nordnesrepublikken.no\/#organization","name":"Nordnesrepublikken","url":"https:\/\/nordnesrepublikken.no\/","logo":{"@type":"ImageObject","inLanguage":"nb-NO","@id":"https:\/\/nordnesrepublikken.no\/#\/schema\/logo\/image\/","url":"https:\/\/nordnesrepublikken.no\/wp-content\/uploads\/2025\/02\/cropped-nordnesrepublikken-2.png","contentUrl":"https:\/\/nordnesrepublikken.no\/wp-content\/uploads\/2025\/02\/cropped-nordnesrepublikken-2.png","width":1248,"height":362,"caption":"Nordnesrepublikken"},"image":{"@id":"https:\/\/nordnesrepublikken.no\/#\/schema\/logo\/image\/"}},{"@type":"Person","@id":"https:\/\/nordnesrepublikken.no\/#\/schema\/person\/2e7e81935bab77882fffb79296240ff1","name":"Ole Andersen","image":{"@type":"ImageObject","inLanguage":"nb-NO","@id":"https:\/\/nordnesrepublikken.no\/#\/schema\/person\/image\/","url":"https:\/\/nordnesrepublikken.no\/wp-content\/uploads\/2025\/02\/nordnesrepublikken-2-2-150x150.jpg","contentUrl":"https:\/\/nordnesrepublikken.no\/wp-content\/uploads\/2025\/02\/nordnesrepublikken-2-2-150x150.jpg","caption":"Ole Andersen"},"description":"Ettersom jeg vokste opp i Oslo, har jeg alltid v\u00e6rt fascinert av ordenes kraft og deres evne til \u00e5 skape endringer. Etter \u00e5 ha fullf\u00f8rt min utdannelse i kommunikasjon ved Universitetet i Bergen, fikk jeg muligheten til \u00e5 jobbe innen ulike medier, der jeg har s\u00f8kt \u00e5 belyse viktige samfunnssp\u00f8rsm\u00e5l. I dag, som redakt\u00f8r for Nordnesrepublikken, pr\u00f8ver jeg \u00e5 forene min kj\u00e6rlighet for journalistikk med min lidenskap for innovasjon og eventyr.","sameAs":["https:\/\/nordnesrepublikken.no\/"]}]}},"_links":{"self":[{"href":"https:\/\/nordnesrepublikken.no\/index.php\/wp-json\/wp\/v2\/posts\/10207","targetHints":{"allow":["GET"]}}],"collection":[{"href":"https:\/\/nordnesrepublikken.no\/index.php\/wp-json\/wp\/v2\/posts"}],"about":[{"href":"https:\/\/nordnesrepublikken.no\/index.php\/wp-json\/wp\/v2\/types\/post"}],"author":[{"embeddable":true,"href":"https:\/\/nordnesrepublikken.no\/index.php\/wp-json\/wp\/v2\/users\/1"}],"replies":[{"embeddable":true,"href":"https:\/\/nordnesrepublikken.no\/index.php\/wp-json\/wp\/v2\/comments?post=10207"}],"version-history":[{"count":1,"href":"https:\/\/nordnesrepublikken.no\/index.php\/wp-json\/wp\/v2\/posts\/10207\/revisions"}],"predecessor-version":[{"id":10209,"href":"https:\/\/nordnesrepublikken.no\/index.php\/wp-json\/wp\/v2\/posts\/10207\/revisions\/10209"}],"wp:featuredmedia":[{"embeddable":true,"href":"https:\/\/nordnesrepublikken.no\/index.php\/wp-json\/wp\/v2\/media\/10208"}],"wp:attachment":[{"href":"https:\/\/nordnesrepublikken.no\/index.php\/wp-json\/wp\/v2\/media?parent=10207"}],"wp:term":[{"taxonomy":"category","embeddable":true,"href":"https:\/\/nordnesrepublikken.no\/index.php\/wp-json\/wp\/v2\/categories?post=10207"},{"taxonomy":"post_tag","embeddable":true,"href":"https:\/\/nordnesrepublikken.no\/index.php\/wp-json\/wp\/v2\/tags?post=10207"}],"curies":[{"name":"wp","href":"https:\/\/api.w.org\/{rel}","templated":true}]}}